{"id":4211,"date":"2022-06-29T15:35:48","date_gmt":"2022-06-29T13:35:48","guid":{"rendered":"https:\/\/casal.puntzero.cat\/noticies\/es-cronifica-el-risc-de-pobresa-i-exclusio-social-en-els-infants-catalunya\/"},"modified":"2023-10-26T15:53:42","modified_gmt":"2023-10-26T13:53:42","slug":"es-cronifica-el-risc-de-pobresa-i-exclusio-social-en-els-infants-catalunya","status":"publish","type":"post","link":"https:\/\/www.casaldelsinfants.org\/es\/actualidad\/riesgo-de-pobreza-exclusion-social-ninos-cataluna\/","title":{"rendered":"Se cronifica el riesgo de pobreza y exclusi\u00f3n social de la infancia en Catalunya"},"content":{"rendered":"<p><span style=\"color: #000000;\">En Catalunya, cerca de<strong> 450.000 ni\u00f1os y ni\u00f1as (casi uno de cada tres) sufrieron riesgo de pobreza o exclusi\u00f3n social en 2021<\/strong>, seg\u00fan datos de la <\/span><u><strong><a href=\"https:\/\/www.idescat.cat\/pub\/?id=ecv&amp;n=14916&amp;t=202100&amp;lang=es\">Encuesta de Condiciones de Vida<\/a><\/strong><\/u><span style=\"color: #000000;\"> publicadas este mi\u00e9rcoles por el Instituto de Estad\u00edstica de Catalunya (Idescat). Estas cifras mejoran las de 2022 (las peores registradas), un a\u00f1o en el que medio mill\u00f3n de ni\u00f1os y ni\u00f1as se encontraron en esta situaci\u00f3n. A\u00fan y as\u00ed, la evoluci\u00f3n en el tiempo demuestra que el problema es grave y estructural.<\/span><\/p>\n<p><span style=\"color: #000000;\">Desde 2015, cada a\u00f1o ha habido m\u00e1s de 420.000 menores en riesgo de pobreza o exclusi\u00f3n social en Catalunya, excepto en 2016, cuando hubo 370.000. Las cifras, pues, no se pueden atribuir s\u00f3lo al golpe de la crisis social a ra\u00edz de la pandemia de la Covid-19: los derechos de muchos ni\u00f1os y ni\u00f1as se ven vulnerados a\u00f1o tras a\u00f1o.<\/span><\/p>\n<p><span style=\"color: #000000;\">Si nos fijamos en la composici\u00f3n de los hogares, un a\u00f1o m\u00e1s constatamos que tener hjos multiplica el riesgo de pobreza. M\u00e1s de la mitad de las familias monoparentales (el 51,9%) viv\u00edan el a\u00f1o pasado por debajo del umbral de pobreza, el doble respecto al total de las que tienen hijos a cargo (24,3%) y m\u00e1s del triple en relaci\u00f3n a las que no tienen hijos (15,4%).<\/span><\/p>\n<p><span style=\"color: #000000;\">Finalmente, la infancia es la franja de edad en la que las transferencias sociales redujeron menos el riesgo de pobreza en 2021 (un 31%). La cifra implica una mejora, al doblar la de 2020 (16%), pero sigue muy por debajo de la del conjunto de la poblaci\u00f3n, donde las transferencias reducen en un 56,2% el riego de pobreza.<\/span><\/p>\n<p><span style=\"color: #000000;\">En el conjunto de la poblaci\u00f3n, cerca de dos millones de personas en Catalunya (el 25,9%) viv\u00edan en riesgo de pobreza o exclusi\u00f3n social el a\u00f1o pasado, con muy poca variaci\u00f3n respecto a 2020 (26,7%). Todo ello en un contexto social que sigue marcado por las desigualdades: la renta del 20% de la poblaci\u00f3n con m\u00e1s nivel econ\u00f3mico es 5.4 veces superior a la renta del 20% con menos nivel econ\u00f3mico.<\/span><\/p>\n<blockquote><p><span style=\"color: #000000;\">Ay\u00fadanos a seguir acompa\u00f1ando a 6.000 ni\u00f1os, ni\u00f1as, j\u00f3venes y familias en situaci\u00f3n de vulnerabilidad cada a\u00f1o, y a defender sus derechos ante las administraciones p\u00fablicas.\u00a0<\/span><\/p>\n<p><span style=\"color: #000000;\">Haz un donativo: <a href=\"https:\/\/www.casaldelsinfants.org\/es\/dona-ahora\/\">https:\/\/www.casaldelsinfants.org\/es\/dona-ahora\/<\/a><\/span><\/p>\n<p><span style=\"color: #000000;\">Haz voluntariado: <a href=\"https:\/\/www.casaldelsinfants.org\/es\/que-puedes-hacer-tu\/voluntariado\/\">https:\/\/www.casaldelsinfants.org\/es\/que-puedes-hacer-tu\/voluntariado\/<\/a><\/span><\/p><\/blockquote>\n","protected":false},"excerpt":{"rendered":"<p>En Catalunya, cerca de 450.000 ni\u00f1os y ni\u00f1as (casi uno de cada tres) sufrieron riesgo de pobreza o exclusi\u00f3n social en 2021, seg\u00fan datos de la Encuesta de Condiciones de Vida publicadas este mi\u00e9rcoles por el Instituto de Estad\u00edstica de Catalunya (Idescat). Estas cifras mejoran las de 2022 (las peores registradas), un a\u00f1o en el [&hellip;]<\/p>\n","protected":false},"author":1,"featured_media":2916,"comment_status":"open","ping_status":"open","sticky":false,"template":"","format":"standard","meta":{"_acf_changed":false,"_et_pb_use_builder":"","_et_pb_old_content":"","_et_gb_content_width":"","inline_featured_image":false,"footnotes":""},"categories":[125],"tags":[],"seus":[],"eixos":[99],"class_list":["post-4211","post","type-post","status-publish","format-standard","has-post-thumbnail","hentry","category-noticias","eixos-infancia-y-adolescencia"],"acf":[],"yoast_head":"<!-- This site is optimized with the Yoast SEO plugin v27.4 - https:\/\/yoast.com\/product\/yoast-seo-wordpress\/ -->\n<title>Se cronifica el riesgo de pobreza y exclusi\u00f3n social de la infancia en Catalunya<\/title>\n<meta name=\"description\" content=\"En Catalunya, cerca de 450.000 ni\u00f1os y ni\u00f1as (casi uno de cada tres) sufrieron riesgo de pobreza o exclusi\u00f3n social en 2021\" \/>\n<meta name=\"robots\" content=\"index, follow, max-snippet:-1, max-image-preview:large, max-video-preview:-1\" \/>\n<link rel=\"canonical\" href=\"https:\/\/www.casaldelsinfants.org\/es\/actualidad\/riesgo-de-pobreza-exclusion-social-ninos-cataluna\/\" \/>\n<meta property=\"og:locale\" content=\"es_ES\" \/>\n<meta property=\"og:type\" content=\"article\" \/>\n<meta property=\"og:title\" content=\"Se cronifica el riesgo de pobreza y exclusi\u00f3n social de la infancia en Catalunya\" \/>\n<meta property=\"og:description\" content=\"En Catalunya, cerca de 450.000 ni\u00f1os y ni\u00f1as (casi uno de cada tres) sufrieron riesgo de pobreza o exclusi\u00f3n social en 2021\" \/>\n<meta property=\"og:url\" content=\"https:\/\/www.casaldelsinfants.org\/es\/actualidad\/riesgo-de-pobreza-exclusion-social-ninos-cataluna\/\" \/>\n<meta property=\"og:site_name\" content=\"Casal dels Infants\" \/>\n<meta property=\"article:publisher\" content=\"https:\/\/www.facebook.com\/casalinfants\" \/>\n<meta property=\"article:published_time\" content=\"2022-06-29T13:35:48+00:00\" \/>\n<meta property=\"article:modified_time\" content=\"2023-10-26T13:53:42+00:00\" \/>\n<meta property=\"og:image\" content=\"https:\/\/www.casaldelsinfants.org\/wp-content\/uploads\/img_1695_ae17slt.jpg\" \/>\n\t<meta property=\"og:image:width\" content=\"1555\" \/>\n\t<meta property=\"og:image:height\" content=\"1037\" \/>\n\t<meta property=\"og:image:type\" content=\"image\/jpeg\" \/>\n<meta name=\"author\" content=\"cdiAdmin\" \/>\n<meta name=\"twitter:card\" content=\"summary_large_image\" \/>\n<meta name=\"twitter:creator\" content=\"@casalinfants\" \/>\n<meta name=\"twitter:site\" content=\"@casalinfants\" \/>\n<meta name=\"twitter:label1\" content=\"Escrito por\" \/>\n\t<meta name=\"twitter:data1\" content=\"cdiAdmin\" \/>\n\t<meta name=\"twitter:label2\" content=\"Tiempo de lectura\" \/>\n\t<meta name=\"twitter:data2\" content=\"2 minutos\" \/>\n<script type=\"application\/ld+json\" class=\"yoast-schema-graph\">{\"@context\":\"https:\\\/\\\/schema.org\",\"@graph\":[{\"@type\":\"Article\",\"@id\":\"https:\\\/\\\/www.casaldelsinfants.org\\\/es\\\/actualidad\\\/riesgo-de-pobreza-exclusion-social-ninos-cataluna\\\/#article\",\"isPartOf\":{\"@id\":\"https:\\\/\\\/www.casaldelsinfants.org\\\/es\\\/actualidad\\\/riesgo-de-pobreza-exclusion-social-ninos-cataluna\\\/\"},\"author\":{\"name\":\"cdiAdmin\",\"@id\":\"https:\\\/\\\/www.casaldelsinfants.org\\\/es\\\/#\\\/schema\\\/person\\\/97707fc8c64900cf36891127dbf9fba8\"},\"headline\":\"Se cronifica el riesgo de pobreza y exclusi\u00f3n social de la infancia en Catalunya\",\"datePublished\":\"2022-06-29T13:35:48+00:00\",\"dateModified\":\"2023-10-26T13:53:42+00:00\",\"mainEntityOfPage\":{\"@id\":\"https:\\\/\\\/www.casaldelsinfants.org\\\/es\\\/actualidad\\\/riesgo-de-pobreza-exclusion-social-ninos-cataluna\\\/\"},\"wordCount\":424,\"commentCount\":0,\"publisher\":{\"@id\":\"https:\\\/\\\/www.casaldelsinfants.org\\\/es\\\/#organization\"},\"image\":{\"@id\":\"https:\\\/\\\/www.casaldelsinfants.org\\\/es\\\/actualidad\\\/riesgo-de-pobreza-exclusion-social-ninos-cataluna\\\/#primaryimage\"},\"thumbnailUrl\":\"https:\\\/\\\/www.casaldelsinfants.org\\\/wp-content\\\/uploads\\\/img_1695_ae17slt.jpg\",\"articleSection\":[\"Noticia\"],\"inLanguage\":\"es\",\"potentialAction\":[{\"@type\":\"CommentAction\",\"name\":\"Comment\",\"target\":[\"https:\\\/\\\/www.casaldelsinfants.org\\\/es\\\/actualidad\\\/riesgo-de-pobreza-exclusion-social-ninos-cataluna\\\/#respond\"]}]},{\"@type\":\"WebPage\",\"@id\":\"https:\\\/\\\/www.casaldelsinfants.org\\\/es\\\/actualidad\\\/riesgo-de-pobreza-exclusion-social-ninos-cataluna\\\/\",\"url\":\"https:\\\/\\\/www.casaldelsinfants.org\\\/es\\\/actualidad\\\/riesgo-de-pobreza-exclusion-social-ninos-cataluna\\\/\",\"name\":\"Se cronifica el riesgo de pobreza y exclusi\u00f3n social de la infancia en Catalunya\",\"isPartOf\":{\"@id\":\"https:\\\/\\\/www.casaldelsinfants.org\\\/es\\\/#website\"},\"primaryImageOfPage\":{\"@id\":\"https:\\\/\\\/www.casaldelsinfants.org\\\/es\\\/actualidad\\\/riesgo-de-pobreza-exclusion-social-ninos-cataluna\\\/#primaryimage\"},\"image\":{\"@id\":\"https:\\\/\\\/www.casaldelsinfants.org\\\/es\\\/actualidad\\\/riesgo-de-pobreza-exclusion-social-ninos-cataluna\\\/#primaryimage\"},\"thumbnailUrl\":\"https:\\\/\\\/www.casaldelsinfants.org\\\/wp-content\\\/uploads\\\/img_1695_ae17slt.jpg\",\"datePublished\":\"2022-06-29T13:35:48+00:00\",\"dateModified\":\"2023-10-26T13:53:42+00:00\",\"description\":\"En Catalunya, cerca de 450.000 ni\u00f1os y ni\u00f1as (casi uno de cada tres) sufrieron riesgo de pobreza o exclusi\u00f3n social en 2021\",\"breadcrumb\":{\"@id\":\"https:\\\/\\\/www.casaldelsinfants.org\\\/es\\\/actualidad\\\/riesgo-de-pobreza-exclusion-social-ninos-cataluna\\\/#breadcrumb\"},\"inLanguage\":\"es\",\"potentialAction\":[{\"@type\":\"ReadAction\",\"target\":[\"https:\\\/\\\/www.casaldelsinfants.org\\\/es\\\/actualidad\\\/riesgo-de-pobreza-exclusion-social-ninos-cataluna\\\/\"]}]},{\"@type\":\"ImageObject\",\"inLanguage\":\"es\",\"@id\":\"https:\\\/\\\/www.casaldelsinfants.org\\\/es\\\/actualidad\\\/riesgo-de-pobreza-exclusion-social-ninos-cataluna\\\/#primaryimage\",\"url\":\"https:\\\/\\\/www.casaldelsinfants.org\\\/wp-content\\\/uploads\\\/img_1695_ae17slt.jpg\",\"contentUrl\":\"https:\\\/\\\/www.casaldelsinfants.org\\\/wp-content\\\/uploads\\\/img_1695_ae17slt.jpg\",\"width\":1555,\"height\":1037,\"caption\":\"Infant fent mots encreuats\"},{\"@type\":\"BreadcrumbList\",\"@id\":\"https:\\\/\\\/www.casaldelsinfants.org\\\/es\\\/actualidad\\\/riesgo-de-pobreza-exclusion-social-ninos-cataluna\\\/#breadcrumb\",\"itemListElement\":[{\"@type\":\"ListItem\",\"position\":1,\"name\":\"Inici\",\"item\":\"https:\\\/\\\/www.casaldelsinfants.org\\\/es\\\/\"},{\"@type\":\"ListItem\",\"position\":2,\"name\":\"Se cronifica el riesgo de pobreza y exclusi\u00f3n social de la infancia en Catalunya\"}]},{\"@type\":\"WebSite\",\"@id\":\"https:\\\/\\\/www.casaldelsinfants.org\\\/es\\\/#website\",\"url\":\"https:\\\/\\\/www.casaldelsinfants.org\\\/es\\\/\",\"name\":\"Casal dels Infants\",\"description\":\"\",\"publisher\":{\"@id\":\"https:\\\/\\\/www.casaldelsinfants.org\\\/es\\\/#organization\"},\"potentialAction\":[{\"@type\":\"SearchAction\",\"target\":{\"@type\":\"EntryPoint\",\"urlTemplate\":\"https:\\\/\\\/www.casaldelsinfants.org\\\/es\\\/?s={search_term_string}\"},\"query-input\":{\"@type\":\"PropertyValueSpecification\",\"valueRequired\":true,\"valueName\":\"search_term_string\"}}],\"inLanguage\":\"es\"},{\"@type\":\"Organization\",\"@id\":\"https:\\\/\\\/www.casaldelsinfants.org\\\/es\\\/#organization\",\"name\":\"Casal dels Infants\",\"url\":\"https:\\\/\\\/www.casaldelsinfants.org\\\/es\\\/\",\"logo\":{\"@type\":\"ImageObject\",\"inLanguage\":\"es\",\"@id\":\"https:\\\/\\\/www.casaldelsinfants.org\\\/es\\\/#\\\/schema\\\/logo\\\/image\\\/\",\"url\":\"https:\\\/\\\/www.casaldelsinfants.org\\\/wp-content\\\/uploads\\\/logo-mail.png\",\"contentUrl\":\"https:\\\/\\\/www.casaldelsinfants.org\\\/wp-content\\\/uploads\\\/logo-mail.png\",\"width\":380,\"height\":158,\"caption\":\"Casal dels Infants\"},\"image\":{\"@id\":\"https:\\\/\\\/www.casaldelsinfants.org\\\/es\\\/#\\\/schema\\\/logo\\\/image\\\/\"},\"sameAs\":[\"https:\\\/\\\/www.facebook.com\\\/casalinfants\",\"https:\\\/\\\/x.com\\\/casalinfants\",\"https:\\\/\\\/www.youtube.com\\\/user\\\/CasaldelsInfants1\",\"https:\\\/\\\/www.instagram.com\\\/casalinfants\\\/\",\"https:\\\/\\\/www.linkedin.com\\\/company\\\/casaldelsinfants?trk=organization-update_share-update_actor-text\"]},{\"@type\":\"Person\",\"@id\":\"https:\\\/\\\/www.casaldelsinfants.org\\\/es\\\/#\\\/schema\\\/person\\\/97707fc8c64900cf36891127dbf9fba8\",\"name\":\"cdiAdmin\",\"sameAs\":[\"https:\\\/\\\/casaldelsinfants.org\"]}]}<\/script>\n<!-- \/ Yoast SEO plugin. -->","yoast_head_json":{"title":"Se cronifica el riesgo de pobreza y exclusi\u00f3n social de la infancia en Catalunya","description":"En Catalunya, cerca de 450.000 ni\u00f1os y ni\u00f1as (casi uno de cada tres) sufrieron riesgo de pobreza o exclusi\u00f3n social en 2021","robots":{"index":"index","follow":"follow","max-snippet":"max-snippet:-1","max-image-preview":"max-image-preview:large","max-video-preview":"max-video-preview:-1"},"canonical":"https:\/\/www.casaldelsinfants.org\/es\/actualidad\/riesgo-de-pobreza-exclusion-social-ninos-cataluna\/","og_locale":"es_ES","og_type":"article","og_title":"Se cronifica el riesgo de pobreza y exclusi\u00f3n social de la infancia en Catalunya","og_description":"En Catalunya, cerca de 450.000 ni\u00f1os y ni\u00f1as (casi uno de cada tres) sufrieron riesgo de pobreza o exclusi\u00f3n social en 2021","og_url":"https:\/\/www.casaldelsinfants.org\/es\/actualidad\/riesgo-de-pobreza-exclusion-social-ninos-cataluna\/","og_site_name":"Casal dels Infants","article_publisher":"https:\/\/www.facebook.com\/casalinfants","article_published_time":"2022-06-29T13:35:48+00:00","article_modified_time":"2023-10-26T13:53:42+00:00","og_image":[{"width":1555,"height":1037,"url":"https:\/\/www.casaldelsinfants.org\/wp-content\/uploads\/img_1695_ae17slt.jpg","type":"image\/jpeg"}],"author":"cdiAdmin","twitter_card":"summary_large_image","twitter_creator":"@casalinfants","twitter_site":"@casalinfants","twitter_misc":{"Escrito por":"cdiAdmin","Tiempo de lectura":"2 minutos"},"schema":{"@context":"https:\/\/schema.org","@graph":[{"@type":"Article","@id":"https:\/\/www.casaldelsinfants.org\/es\/actualidad\/riesgo-de-pobreza-exclusion-social-ninos-cataluna\/#article","isPartOf":{"@id":"https:\/\/www.casaldelsinfants.org\/es\/actualidad\/riesgo-de-pobreza-exclusion-social-ninos-cataluna\/"},"author":{"name":"cdiAdmin","@id":"https:\/\/www.casaldelsinfants.org\/es\/#\/schema\/person\/97707fc8c64900cf36891127dbf9fba8"},"headline":"Se cronifica el riesgo de pobreza y exclusi\u00f3n social de la infancia en Catalunya","datePublished":"2022-06-29T13:35:48+00:00","dateModified":"2023-10-26T13:53:42+00:00","mainEntityOfPage":{"@id":"https:\/\/www.casaldelsinfants.org\/es\/actualidad\/riesgo-de-pobreza-exclusion-social-ninos-cataluna\/"},"wordCount":424,"commentCount":0,"publisher":{"@id":"https:\/\/www.casaldelsinfants.org\/es\/#organization"},"image":{"@id":"https:\/\/www.casaldelsinfants.org\/es\/actualidad\/riesgo-de-pobreza-exclusion-social-ninos-cataluna\/#primaryimage"},"thumbnailUrl":"https:\/\/www.casaldelsinfants.org\/wp-content\/uploads\/img_1695_ae17slt.jpg","articleSection":["Noticia"],"inLanguage":"es","potentialAction":[{"@type":"CommentAction","name":"Comment","target":["https:\/\/www.casaldelsinfants.org\/es\/actualidad\/riesgo-de-pobreza-exclusion-social-ninos-cataluna\/#respond"]}]},{"@type":"WebPage","@id":"https:\/\/www.casaldelsinfants.org\/es\/actualidad\/riesgo-de-pobreza-exclusion-social-ninos-cataluna\/","url":"https:\/\/www.casaldelsinfants.org\/es\/actualidad\/riesgo-de-pobreza-exclusion-social-ninos-cataluna\/","name":"Se cronifica el riesgo de pobreza y exclusi\u00f3n social de la infancia en Catalunya","isPartOf":{"@id":"https:\/\/www.casaldelsinfants.org\/es\/#website"},"primaryImageOfPage":{"@id":"https:\/\/www.casaldelsinfants.org\/es\/actualidad\/riesgo-de-pobreza-exclusion-social-ninos-cataluna\/#primaryimage"},"image":{"@id":"https:\/\/www.casaldelsinfants.org\/es\/actualidad\/riesgo-de-pobreza-exclusion-social-ninos-cataluna\/#primaryimage"},"thumbnailUrl":"https:\/\/www.casaldelsinfants.org\/wp-content\/uploads\/img_1695_ae17slt.jpg","datePublished":"2022-06-29T13:35:48+00:00","dateModified":"2023-10-26T13:53:42+00:00","description":"En Catalunya, cerca de 450.000 ni\u00f1os y ni\u00f1as (casi uno de cada tres) sufrieron riesgo de pobreza o exclusi\u00f3n social en 2021","breadcrumb":{"@id":"https:\/\/www.casaldelsinfants.org\/es\/actualidad\/riesgo-de-pobreza-exclusion-social-ninos-cataluna\/#breadcrumb"},"inLanguage":"es","potentialAction":[{"@type":"ReadAction","target":["https:\/\/www.casaldelsinfants.org\/es\/actualidad\/riesgo-de-pobreza-exclusion-social-ninos-cataluna\/"]}]},{"@type":"ImageObject","inLanguage":"es","@id":"https:\/\/www.casaldelsinfants.org\/es\/actualidad\/riesgo-de-pobreza-exclusion-social-ninos-cataluna\/#primaryimage","url":"https:\/\/www.casaldelsinfants.org\/wp-content\/uploads\/img_1695_ae17slt.jpg","contentUrl":"https:\/\/www.casaldelsinfants.org\/wp-content\/uploads\/img_1695_ae17slt.jpg","width":1555,"height":1037,"caption":"Infant fent mots encreuats"},{"@type":"BreadcrumbList","@id":"https:\/\/www.casaldelsinfants.org\/es\/actualidad\/riesgo-de-pobreza-exclusion-social-ninos-cataluna\/#breadcrumb","itemListElement":[{"@type":"ListItem","position":1,"name":"Inici","item":"https:\/\/www.casaldelsinfants.org\/es\/"},{"@type":"ListItem","position":2,"name":"Se cronifica el riesgo de pobreza y exclusi\u00f3n social de la infancia en Catalunya"}]},{"@type":"WebSite","@id":"https:\/\/www.casaldelsinfants.org\/es\/#website","url":"https:\/\/www.casaldelsinfants.org\/es\/","name":"Casal dels Infants","description":"","publisher":{"@id":"https:\/\/www.casaldelsinfants.org\/es\/#organization"},"potentialAction":[{"@type":"SearchAction","target":{"@type":"EntryPoint","urlTemplate":"https:\/\/www.casaldelsinfants.org\/es\/?s={search_term_string}"},"query-input":{"@type":"PropertyValueSpecification","valueRequired":true,"valueName":"search_term_string"}}],"inLanguage":"es"},{"@type":"Organization","@id":"https:\/\/www.casaldelsinfants.org\/es\/#organization","name":"Casal dels Infants","url":"https:\/\/www.casaldelsinfants.org\/es\/","logo":{"@type":"ImageObject","inLanguage":"es","@id":"https:\/\/www.casaldelsinfants.org\/es\/#\/schema\/logo\/image\/","url":"https:\/\/www.casaldelsinfants.org\/wp-content\/uploads\/logo-mail.png","contentUrl":"https:\/\/www.casaldelsinfants.org\/wp-content\/uploads\/logo-mail.png","width":380,"height":158,"caption":"Casal dels Infants"},"image":{"@id":"https:\/\/www.casaldelsinfants.org\/es\/#\/schema\/logo\/image\/"},"sameAs":["https:\/\/www.facebook.com\/casalinfants","https:\/\/x.com\/casalinfants","https:\/\/www.youtube.com\/user\/CasaldelsInfants1","https:\/\/www.instagram.com\/casalinfants\/","https:\/\/www.linkedin.com\/company\/casaldelsinfants?trk=organization-update_share-update_actor-text"]},{"@type":"Person","@id":"https:\/\/www.casaldelsinfants.org\/es\/#\/schema\/person\/97707fc8c64900cf36891127dbf9fba8","name":"cdiAdmin","sameAs":["https:\/\/casaldelsinfants.org"]}]}},"publishpress_future_action":{"enabled":false,"date":"2026-05-08 14:39:10","action":"change-status","newStatus":"draft","terms":[],"taxonomy":"category","extraData":[]},"publishpress_future_workflow_manual_trigger":{"enabledWorkflows":[]},"_links":{"self":[{"href":"https:\/\/www.casaldelsinfants.org\/es\/wp-json\/wp\/v2\/posts\/4211","targetHints":{"allow":["GET"]}}],"collection":[{"href":"https:\/\/www.casaldelsinfants.org\/es\/wp-json\/wp\/v2\/posts"}],"about":[{"href":"https:\/\/www.casaldelsinfants.org\/es\/wp-json\/wp\/v2\/types\/post"}],"author":[{"embeddable":true,"href":"https:\/\/www.casaldelsinfants.org\/es\/wp-json\/wp\/v2\/users\/1"}],"replies":[{"embeddable":true,"href":"https:\/\/www.casaldelsinfants.org\/es\/wp-json\/wp\/v2\/comments?post=4211"}],"version-history":[{"count":2,"href":"https:\/\/www.casaldelsinfants.org\/es\/wp-json\/wp\/v2\/posts\/4211\/revisions"}],"predecessor-version":[{"id":14973,"href":"https:\/\/www.casaldelsinfants.org\/es\/wp-json\/wp\/v2\/posts\/4211\/revisions\/14973"}],"wp:featuredmedia":[{"embeddable":true,"href":"https:\/\/www.casaldelsinfants.org\/es\/wp-json\/wp\/v2\/media\/2916"}],"wp:attachment":[{"href":"https:\/\/www.casaldelsinfants.org\/es\/wp-json\/wp\/v2\/media?parent=4211"}],"wp:term":[{"taxonomy":"category","embeddable":true,"href":"https:\/\/www.casaldelsinfants.org\/es\/wp-json\/wp\/v2\/categories?post=4211"},{"taxonomy":"post_tag","embeddable":true,"href":"https:\/\/www.casaldelsinfants.org\/es\/wp-json\/wp\/v2\/tags?post=4211"},{"taxonomy":"seus","embeddable":true,"href":"https:\/\/www.casaldelsinfants.org\/es\/wp-json\/wp\/v2\/seus?post=4211"},{"taxonomy":"eixos","embeddable":true,"href":"https:\/\/www.casaldelsinfants.org\/es\/wp-json\/wp\/v2\/eixos?post=4211"}],"curies":[{"name":"wp","href":"https:\/\/api.w.org\/{rel}","templated":true}]}}