{"id":4212,"date":"2022-06-28T12:22:28","date_gmt":"2022-06-28T10:22:28","guid":{"rendered":"https:\/\/casal.puntzero.cat\/noticies\/obrim-lescola-destiu-llefia-amb-formacio-lleure-en-familia-i-xerrades-al-veinat\/"},"modified":"2023-11-22T18:09:27","modified_gmt":"2023-11-22T16:09:27","slug":"obrim-lescola-destiu-llefia-amb-formacio-lleure-en-familia-i-xerrades-al-veinat","status":"publish","type":"post","link":"https:\/\/www.casaldelsinfants.org\/es\/actualidad\/obrim-lescola-destiu-llefia-amb-formacio-lleure-en-familia-i-xerrades-al-veinat\/","title":{"rendered":"Abrimos la Escola d\u2019Estiu en Llefi\u00e0 con formaci\u00f3n, ocio en fam\u00edlia y charlas para el vecindario"},"content":{"rendered":"<p><span style=\"color: #000000;\">Este a\u00f1o estrenamos en el Casal dels Infants de Badalona la <strong>Escola d\u2019Estiu (Escuela de Verano), una apuesta de actividades, cursos competenciales, charlas y c\u00e1psulas laborales<\/strong> para j\u00f3venes, adultos y familias del barrio de Llefi\u00e0 y otros barrios lim\u00edtrofes, que tendr\u00e1 lugar del 4 al 29 de julio en la <\/span><u><a href=\"https:\/\/www.casaldelsinfants.org\/es\/donde-trabajamos\/badalona\/\" target=\"_blank\" rel=\"noopener\">sede badalonina de la entidad<\/a><\/u><span style=\"color: #000000;\">.\u00a0<\/span><\/p>\n<p>&nbsp;<\/p>\n<p dir=\"ltr\"><span style=\"color: #000000;\">La <\/span><u><a href=\"https:\/\/mcusercontent.com\/5a86124d0d68cfd1982da12ce\/images\/892ead29-5884-2646-1e87-19570749b6fa.jpeg\" target=\"_blank\" rel=\"noopener\">Escola d\u2019Estiu<\/a><\/u><span style=\"color: #000000;\"> surge del deseo de <strong>volverse a abrir al barrio y favorecer la participaci\u00f3n comunitaria<\/strong>, debilitada a ra\u00edz de la pandemia. Se quiere fomentar la interacci\u00f3n con los vecinos y vecinas y el intercambio de actividades y experiencias. Por eso, la Escola d\u2019Estiu est\u00e1 dirigida a todo el barrio, tengan o no una relaci\u00f3n previa con el Casal.\u00a0<\/span><\/p>\n<p dir=\"ltr\"><span style=\"color: #000000;\">\u201cQueremos abrirnos a otras personas del barrio, que quiz\u00e1s nos conocen poco, o conocen el Casal como un espacio para ni\u00f1os y ni\u00f1as y como centro abierto, pero queremos que el espacio de La Betsaida \u2013la sede de la asociaci\u00f3n en Badalona\u2013\u00a0 est\u00e9 abierta a todo el mundo, y que esta gente conozca otra realidad del barrio\u201d, explica la directora del Casal dels Infants en Badalona, Eva Ledesma.\u00a0<\/span><\/p>\n<p dir=\"ltr\"><span style=\"color: #000000;\">Mientras se desarrollan las actividades y colonias del <\/span><u><a href=\"https:\/\/www.casaldelsinfants.org\/es\/actualidad\/garantizamos-un-gran-verano-1600-ninos-ninas-y-jovenes-en-situacion-de-vulnerabilidad\/\" target=\"_blank\" rel=\"noopener\">Casal de verano<\/a><\/u>\u00a0<span style=\"color: #000000;\">para ni\u00f1os, ni\u00f1as, adolescentes y j\u00f3venes, l\u2019Escola d\u2019Estiu pone el foco en <strong>actividades de ocio y aprendizaje para personas j\u00f3venes, adultas y familias<\/strong>. Entre las propuestas, se pueden encontrar actividades tan variadas como salidas ling\u00fc\u00edsticas para conocer la ciudad y practicar el catal\u00e1n, actividades l\u00fadicas con ni\u00f1os, ni\u00f1as y familias como el Cuentacuentos o Ciencia en familia, cursos para reforzar las competencias digitales y c\u00e1psulas para preparar procesos de selecci\u00f3n laboral.<\/span><\/p>\n<p dir=\"ltr\"><span style=\"color: #000000;\">\u00a0<\/span><\/p>\n<p>&nbsp;<\/p>\n<p><img decoding=\"async\" class=\"align-center\" src=\"\/wp-content\/uploads\/inline-images\/escola%20d%27estiu%20bdn_0.jpeg\" alt=\"Cartell d'activitats de l'Escola d'Estiu\" width=\"339\" height=\"480\" data-entity-type=\"file\" data-entity-uuid=\"ca9b1d44-b9a0-4f50-9733-263e210c4852\" data-image-style=\"large\" \/><\/p>\n<p dir=\"ltr\"><span style=\"color: #000000;\">La <strong>b\u00fasqueda de empleo<\/strong> es otro de los ejes de la Escola d\u2019Estiu, en un municipio donde la tasa de desempleo llega al 12,07%, <\/span><u><a href=\"https:\/\/www.diba.cat\/hg2\/presentacio.asp?prId=845&amp;idioma=cat&amp;codi_any=2022&amp;atur_reg_periode=5&amp;format=pantalla\" target=\"_blank\" rel=\"noopener\">seg\u00fan datos de mayo de 2022 de la Diputaci\u00f3n de Barcelona<\/a><\/u><span style=\"color: #000000;\">. Durante el a\u00f1o, en el Casal dels Infants de Badalona contamos con <\/span><u><a href=\"https:\/\/www.casaldelsinfants.org\/actualitat\/acompanyament-suport-i-noves-oportunitats-rumb-la-feina\/\" target=\"_blank\" rel=\"noopener\">dos servicios de b\u00fasqueda de trabajo<\/a><\/u><span style=\"color: #000000;\">, en horario de ma\u00f1anas, cuando los ni\u00f1os y las ni\u00f1as est\u00e1n en el colegio y sus padres y madres pueden venir al Casal. En verano, pero, con las escuelas cerradas, la conciliaci\u00f3n familiar es m\u00e1s complicada. Por eso hemos querido abrir un espacio donde las familias con ni\u00f1os y ni\u00f1as a cargo puedan venir con sus hijos e hijas, mientras los padres y madres participan en la b\u00fasqueda de empleo y mejoran sus competencias en la actividad Club de empleo con ni\u00f1os y ni\u00f1as.\u00a0<\/span><\/p>\n<p dir=\"ltr\"><span style=\"color: #000000;\">Tambi\u00e9n se ofrecer\u00e1n <strong>charlas con entidades del territorio<\/strong> para abordar temas de inter\u00e9s como los derechos de las mujeres, el derecho a la vivienda en Badalona, la salud infantil y c\u00f3mo actuar ante situaciones de emergencia en la calle.\u00a0<\/span><\/p>\n<p dir=\"ltr\"><span style=\"color: #000000;\">Las actividades, charlas y c\u00e1psulas laborales son abiertas, puedes reservar tu plaza por tel\u00e9fono o correo electr\u00f3nico. En el caso de venir sin reserva, la entrada queda sujeta a la disponibilidad de plazas. En los cursos, hace falta inscripci\u00f3n previa, que se tiene que formalizar llamando al 931 990 390 o enviando un correo a <\/span><a href=\"mailto:badalona@casaldelsinfants.org\">badalona@casaldelsinfants.org<\/a><span style=\"color: #000000;\">.<\/span><\/p>\n<p dir=\"ltr\"><span style=\"color: #000000;\">\u00a1No lo dudes y ap\u00fantate a las actividades!<\/span><\/p>\n<blockquote><p><strong>Haz\u00a0posible que continuemos\u00a0apoyando a ni\u00f1os, ni\u00f1as y familias en situaci\u00f3n de vulnerabilidad.\u00a0<\/strong><\/p>\n<p>Haz\u00a0<strong>voluntariado<\/strong>. Inf\u00f3rmate\u00a0<a href=\"https:\/\/www.casaldelsinfants.org\/es\/que-puedes-hacer-tu\/voluntariado\/\" target=\"_blank\" rel=\"noopener\"><u>aqu\u00ed<\/u><\/a>.<\/p>\n<p>Haz un\u00a0<strong>donativo<\/strong>\u00a0<a href=\"https:\/\/www.casaldelsinfants.org\/es\/dona-ahora-verano\/\" target=\"_blank\" rel=\"noopener\"><u>aqu\u00ed<\/u><\/a>.<\/p><\/blockquote>\n","protected":false},"excerpt":{"rendered":"<p>Este a\u00f1o estrenamos en el Casal dels Infants de Badalona la Escola d\u2019Estiu (Escuela de Verano), una apuesta de actividades, cursos competenciales, charlas y c\u00e1psulas laborales para j\u00f3venes, adultos y familias del barrio de Llefi\u00e0 y otros barrios lim\u00edtrofes, que tendr\u00e1 lugar del 4 al 29 de julio en la sede badalonina de la entidad.\u00a0 [&hellip;]<\/p>\n","protected":false},"author":1,"featured_media":2919,"comment_status":"open","ping_status":"open","sticky":false,"template":"","format":"standard","meta":{"_acf_changed":false,"_et_pb_use_builder":"","_et_pb_old_content":"","_et_gb_content_width":"","inline_featured_image":false,"footnotes":""},"categories":[125],"tags":[],"seus":[155],"eixos":[110],"class_list":["post-4212","post","type-post","status-publish","format-standard","has-post-thumbnail","hentry","category-noticias","seus-badalona","eixos-comunidad-casal-dels-infants"],"acf":[],"yoast_head":"<!-- This site is optimized with the Yoast SEO plugin v27.4 - https:\/\/yoast.com\/product\/yoast-seo-wordpress\/ -->\n<title>Abrimos la Escola d\u2019Estiu en Llefi\u00e0 con formaci\u00f3n, ocio en fam\u00edlia y charlas para el vecindario - Casal dels Infants<\/title>\n<meta name=\"robots\" content=\"index, follow, max-snippet:-1, max-image-preview:large, max-video-preview:-1\" \/>\n<link rel=\"canonical\" href=\"https:\/\/www.casaldelsinfants.org\/es\/actualidad\/obrim-lescola-destiu-llefia-amb-formacio-lleure-en-familia-i-xerrades-al-veinat\/\" \/>\n<meta property=\"og:locale\" content=\"es_ES\" \/>\n<meta property=\"og:type\" content=\"article\" \/>\n<meta property=\"og:title\" content=\"Abrimos la Escola d\u2019Estiu en Llefi\u00e0 con formaci\u00f3n, ocio en fam\u00edlia y charlas para el vecindario - Casal dels Infants\" \/>\n<meta property=\"og:description\" content=\"Este a\u00f1o estrenamos en el Casal dels Infants de Badalona la Escola d\u2019Estiu (Escuela de Verano), una apuesta de actividades, cursos competenciales, charlas y c\u00e1psulas laborales para j\u00f3venes, adultos y familias del barrio de Llefi\u00e0 y otros barrios lim\u00edtrofes, que tendr\u00e1 lugar del 4 al 29 de julio en la sede badalonina de la entidad.\u00a0 [&hellip;]\" \/>\n<meta property=\"og:url\" content=\"https:\/\/www.casaldelsinfants.org\/es\/actualidad\/obrim-lescola-destiu-llefia-amb-formacio-lleure-en-familia-i-xerrades-al-veinat\/\" \/>\n<meta property=\"og:site_name\" content=\"Casal dels Infants\" \/>\n<meta property=\"article:publisher\" content=\"https:\/\/www.facebook.com\/casalinfants\" \/>\n<meta property=\"article:published_time\" content=\"2022-06-28T10:22:28+00:00\" \/>\n<meta property=\"article:modified_time\" content=\"2023-11-22T16:09:27+00:00\" \/>\n<meta property=\"og:image\" content=\"https:\/\/www.casaldelsinfants.org\/wp-content\/uploads\/campanya-escola-estiu-2022.webp\" \/>\n\t<meta property=\"og:image:width\" content=\"2245\" \/>\n\t<meta property=\"og:image:height\" content=\"1587\" \/>\n\t<meta property=\"og:image:type\" content=\"image\/png\" \/>\n<meta name=\"author\" content=\"cdiAdmin\" \/>\n<meta name=\"twitter:card\" content=\"summary_large_image\" \/>\n<meta name=\"twitter:creator\" content=\"@casalinfants\" \/>\n<meta name=\"twitter:site\" content=\"@casalinfants\" \/>\n<meta name=\"twitter:label1\" content=\"Escrito por\" \/>\n\t<meta name=\"twitter:data1\" content=\"cdiAdmin\" \/>\n\t<meta name=\"twitter:label2\" content=\"Tiempo de lectura\" \/>\n\t<meta name=\"twitter:data2\" content=\"3 minutos\" \/>\n<script type=\"application\/ld+json\" class=\"yoast-schema-graph\">{\"@context\":\"https:\\\/\\\/schema.org\",\"@graph\":[{\"@type\":\"Article\",\"@id\":\"https:\\\/\\\/www.casaldelsinfants.org\\\/es\\\/actualidad\\\/obrim-lescola-destiu-llefia-amb-formacio-lleure-en-familia-i-xerrades-al-veinat\\\/#article\",\"isPartOf\":{\"@id\":\"https:\\\/\\\/www.casaldelsinfants.org\\\/es\\\/actualidad\\\/obrim-lescola-destiu-llefia-amb-formacio-lleure-en-familia-i-xerrades-al-veinat\\\/\"},\"author\":{\"name\":\"cdiAdmin\",\"@id\":\"https:\\\/\\\/www.casaldelsinfants.org\\\/es\\\/#\\\/schema\\\/person\\\/97707fc8c64900cf36891127dbf9fba8\"},\"headline\":\"Abrimos la Escola d\u2019Estiu en Llefi\u00e0 con formaci\u00f3n, ocio en fam\u00edlia y charlas para el vecindario\",\"datePublished\":\"2022-06-28T10:22:28+00:00\",\"dateModified\":\"2023-11-22T16:09:27+00:00\",\"mainEntityOfPage\":{\"@id\":\"https:\\\/\\\/www.casaldelsinfants.org\\\/es\\\/actualidad\\\/obrim-lescola-destiu-llefia-amb-formacio-lleure-en-familia-i-xerrades-al-veinat\\\/\"},\"wordCount\":601,\"commentCount\":0,\"publisher\":{\"@id\":\"https:\\\/\\\/www.casaldelsinfants.org\\\/es\\\/#organization\"},\"image\":{\"@id\":\"https:\\\/\\\/www.casaldelsinfants.org\\\/es\\\/actualidad\\\/obrim-lescola-destiu-llefia-amb-formacio-lleure-en-familia-i-xerrades-al-veinat\\\/#primaryimage\"},\"thumbnailUrl\":\"https:\\\/\\\/www.casaldelsinfants.org\\\/wp-content\\\/uploads\\\/campanya-escola-estiu-2022.webp\",\"articleSection\":[\"Noticia\"],\"inLanguage\":\"es\",\"potentialAction\":[{\"@type\":\"CommentAction\",\"name\":\"Comment\",\"target\":[\"https:\\\/\\\/www.casaldelsinfants.org\\\/es\\\/actualidad\\\/obrim-lescola-destiu-llefia-amb-formacio-lleure-en-familia-i-xerrades-al-veinat\\\/#respond\"]}]},{\"@type\":\"WebPage\",\"@id\":\"https:\\\/\\\/www.casaldelsinfants.org\\\/es\\\/actualidad\\\/obrim-lescola-destiu-llefia-amb-formacio-lleure-en-familia-i-xerrades-al-veinat\\\/\",\"url\":\"https:\\\/\\\/www.casaldelsinfants.org\\\/es\\\/actualidad\\\/obrim-lescola-destiu-llefia-amb-formacio-lleure-en-familia-i-xerrades-al-veinat\\\/\",\"name\":\"Abrimos la Escola d\u2019Estiu en Llefi\u00e0 con formaci\u00f3n, ocio en fam\u00edlia y charlas para el vecindario - Casal dels Infants\",\"isPartOf\":{\"@id\":\"https:\\\/\\\/www.casaldelsinfants.org\\\/es\\\/#website\"},\"primaryImageOfPage\":{\"@id\":\"https:\\\/\\\/www.casaldelsinfants.org\\\/es\\\/actualidad\\\/obrim-lescola-destiu-llefia-amb-formacio-lleure-en-familia-i-xerrades-al-veinat\\\/#primaryimage\"},\"image\":{\"@id\":\"https:\\\/\\\/www.casaldelsinfants.org\\\/es\\\/actualidad\\\/obrim-lescola-destiu-llefia-amb-formacio-lleure-en-familia-i-xerrades-al-veinat\\\/#primaryimage\"},\"thumbnailUrl\":\"https:\\\/\\\/www.casaldelsinfants.org\\\/wp-content\\\/uploads\\\/campanya-escola-estiu-2022.webp\",\"datePublished\":\"2022-06-28T10:22:28+00:00\",\"dateModified\":\"2023-11-22T16:09:27+00:00\",\"breadcrumb\":{\"@id\":\"https:\\\/\\\/www.casaldelsinfants.org\\\/es\\\/actualidad\\\/obrim-lescola-destiu-llefia-amb-formacio-lleure-en-familia-i-xerrades-al-veinat\\\/#breadcrumb\"},\"inLanguage\":\"es\",\"potentialAction\":[{\"@type\":\"ReadAction\",\"target\":[\"https:\\\/\\\/www.casaldelsinfants.org\\\/es\\\/actualidad\\\/obrim-lescola-destiu-llefia-amb-formacio-lleure-en-familia-i-xerrades-al-veinat\\\/\"]}]},{\"@type\":\"ImageObject\",\"inLanguage\":\"es\",\"@id\":\"https:\\\/\\\/www.casaldelsinfants.org\\\/es\\\/actualidad\\\/obrim-lescola-destiu-llefia-amb-formacio-lleure-en-familia-i-xerrades-al-veinat\\\/#primaryimage\",\"url\":\"https:\\\/\\\/www.casaldelsinfants.org\\\/wp-content\\\/uploads\\\/campanya-escola-estiu-2022.webp\",\"contentUrl\":\"https:\\\/\\\/www.casaldelsinfants.org\\\/wp-content\\\/uploads\\\/campanya-escola-estiu-2022.webp\",\"width\":2245,\"height\":1587,\"caption\":\"Escola d'estiu del 4 al 29 de juliol de 2022\"},{\"@type\":\"BreadcrumbList\",\"@id\":\"https:\\\/\\\/www.casaldelsinfants.org\\\/es\\\/actualidad\\\/obrim-lescola-destiu-llefia-amb-formacio-lleure-en-familia-i-xerrades-al-veinat\\\/#breadcrumb\",\"itemListElement\":[{\"@type\":\"ListItem\",\"position\":1,\"name\":\"Inici\",\"item\":\"https:\\\/\\\/www.casaldelsinfants.org\\\/es\\\/\"},{\"@type\":\"ListItem\",\"position\":2,\"name\":\"Abrimos la Escola d\u2019Estiu en Llefi\u00e0 con formaci\u00f3n, ocio en fam\u00edlia y charlas para el vecindario\"}]},{\"@type\":\"WebSite\",\"@id\":\"https:\\\/\\\/www.casaldelsinfants.org\\\/es\\\/#website\",\"url\":\"https:\\\/\\\/www.casaldelsinfants.org\\\/es\\\/\",\"name\":\"Casal dels Infants\",\"description\":\"\",\"publisher\":{\"@id\":\"https:\\\/\\\/www.casaldelsinfants.org\\\/es\\\/#organization\"},\"potentialAction\":[{\"@type\":\"SearchAction\",\"target\":{\"@type\":\"EntryPoint\",\"urlTemplate\":\"https:\\\/\\\/www.casaldelsinfants.org\\\/es\\\/?s={search_term_string}\"},\"query-input\":{\"@type\":\"PropertyValueSpecification\",\"valueRequired\":true,\"valueName\":\"search_term_string\"}}],\"inLanguage\":\"es\"},{\"@type\":\"Organization\",\"@id\":\"https:\\\/\\\/www.casaldelsinfants.org\\\/es\\\/#organization\",\"name\":\"Casal dels Infants\",\"url\":\"https:\\\/\\\/www.casaldelsinfants.org\\\/es\\\/\",\"logo\":{\"@type\":\"ImageObject\",\"inLanguage\":\"es\",\"@id\":\"https:\\\/\\\/www.casaldelsinfants.org\\\/es\\\/#\\\/schema\\\/logo\\\/image\\\/\",\"url\":\"https:\\\/\\\/www.casaldelsinfants.org\\\/wp-content\\\/uploads\\\/logo-mail.png\",\"contentUrl\":\"https:\\\/\\\/www.casaldelsinfants.org\\\/wp-content\\\/uploads\\\/logo-mail.png\",\"width\":380,\"height\":158,\"caption\":\"Casal dels Infants\"},\"image\":{\"@id\":\"https:\\\/\\\/www.casaldelsinfants.org\\\/es\\\/#\\\/schema\\\/logo\\\/image\\\/\"},\"sameAs\":[\"https:\\\/\\\/www.facebook.com\\\/casalinfants\",\"https:\\\/\\\/x.com\\\/casalinfants\",\"https:\\\/\\\/www.youtube.com\\\/user\\\/CasaldelsInfants1\",\"https:\\\/\\\/www.instagram.com\\\/casalinfants\\\/\",\"https:\\\/\\\/www.linkedin.com\\\/company\\\/casaldelsinfants?trk=organization-update_share-update_actor-text\"]},{\"@type\":\"Person\",\"@id\":\"https:\\\/\\\/www.casaldelsinfants.org\\\/es\\\/#\\\/schema\\\/person\\\/97707fc8c64900cf36891127dbf9fba8\",\"name\":\"cdiAdmin\",\"sameAs\":[\"https:\\\/\\\/casaldelsinfants.org\"]}]}<\/script>\n<!-- \/ Yoast SEO plugin. -->","yoast_head_json":{"title":"Abrimos la Escola d\u2019Estiu en Llefi\u00e0 con formaci\u00f3n, ocio en fam\u00edlia y charlas para el vecindario - Casal dels Infants","robots":{"index":"index","follow":"follow","max-snippet":"max-snippet:-1","max-image-preview":"max-image-preview:large","max-video-preview":"max-video-preview:-1"},"canonical":"https:\/\/www.casaldelsinfants.org\/es\/actualidad\/obrim-lescola-destiu-llefia-amb-formacio-lleure-en-familia-i-xerrades-al-veinat\/","og_locale":"es_ES","og_type":"article","og_title":"Abrimos la Escola d\u2019Estiu en Llefi\u00e0 con formaci\u00f3n, ocio en fam\u00edlia y charlas para el vecindario - Casal dels Infants","og_description":"Este a\u00f1o estrenamos en el Casal dels Infants de Badalona la Escola d\u2019Estiu (Escuela de Verano), una apuesta de actividades, cursos competenciales, charlas y c\u00e1psulas laborales para j\u00f3venes, adultos y familias del barrio de Llefi\u00e0 y otros barrios lim\u00edtrofes, que tendr\u00e1 lugar del 4 al 29 de julio en la sede badalonina de la entidad.\u00a0 [&hellip;]","og_url":"https:\/\/www.casaldelsinfants.org\/es\/actualidad\/obrim-lescola-destiu-llefia-amb-formacio-lleure-en-familia-i-xerrades-al-veinat\/","og_site_name":"Casal dels Infants","article_publisher":"https:\/\/www.facebook.com\/casalinfants","article_published_time":"2022-06-28T10:22:28+00:00","article_modified_time":"2023-11-22T16:09:27+00:00","og_image":[{"width":2245,"height":1587,"url":"https:\/\/www.casaldelsinfants.org\/wp-content\/uploads\/campanya-escola-estiu-2022.webp","type":"image\/png"}],"author":"cdiAdmin","twitter_card":"summary_large_image","twitter_creator":"@casalinfants","twitter_site":"@casalinfants","twitter_misc":{"Escrito por":"cdiAdmin","Tiempo de lectura":"3 minutos"},"schema":{"@context":"https:\/\/schema.org","@graph":[{"@type":"Article","@id":"https:\/\/www.casaldelsinfants.org\/es\/actualidad\/obrim-lescola-destiu-llefia-amb-formacio-lleure-en-familia-i-xerrades-al-veinat\/#article","isPartOf":{"@id":"https:\/\/www.casaldelsinfants.org\/es\/actualidad\/obrim-lescola-destiu-llefia-amb-formacio-lleure-en-familia-i-xerrades-al-veinat\/"},"author":{"name":"cdiAdmin","@id":"https:\/\/www.casaldelsinfants.org\/es\/#\/schema\/person\/97707fc8c64900cf36891127dbf9fba8"},"headline":"Abrimos la Escola d\u2019Estiu en Llefi\u00e0 con formaci\u00f3n, ocio en fam\u00edlia y charlas para el vecindario","datePublished":"2022-06-28T10:22:28+00:00","dateModified":"2023-11-22T16:09:27+00:00","mainEntityOfPage":{"@id":"https:\/\/www.casaldelsinfants.org\/es\/actualidad\/obrim-lescola-destiu-llefia-amb-formacio-lleure-en-familia-i-xerrades-al-veinat\/"},"wordCount":601,"commentCount":0,"publisher":{"@id":"https:\/\/www.casaldelsinfants.org\/es\/#organization"},"image":{"@id":"https:\/\/www.casaldelsinfants.org\/es\/actualidad\/obrim-lescola-destiu-llefia-amb-formacio-lleure-en-familia-i-xerrades-al-veinat\/#primaryimage"},"thumbnailUrl":"https:\/\/www.casaldelsinfants.org\/wp-content\/uploads\/campanya-escola-estiu-2022.webp","articleSection":["Noticia"],"inLanguage":"es","potentialAction":[{"@type":"CommentAction","name":"Comment","target":["https:\/\/www.casaldelsinfants.org\/es\/actualidad\/obrim-lescola-destiu-llefia-amb-formacio-lleure-en-familia-i-xerrades-al-veinat\/#respond"]}]},{"@type":"WebPage","@id":"https:\/\/www.casaldelsinfants.org\/es\/actualidad\/obrim-lescola-destiu-llefia-amb-formacio-lleure-en-familia-i-xerrades-al-veinat\/","url":"https:\/\/www.casaldelsinfants.org\/es\/actualidad\/obrim-lescola-destiu-llefia-amb-formacio-lleure-en-familia-i-xerrades-al-veinat\/","name":"Abrimos la Escola d\u2019Estiu en Llefi\u00e0 con formaci\u00f3n, ocio en fam\u00edlia y charlas para el vecindario - Casal dels Infants","isPartOf":{"@id":"https:\/\/www.casaldelsinfants.org\/es\/#website"},"primaryImageOfPage":{"@id":"https:\/\/www.casaldelsinfants.org\/es\/actualidad\/obrim-lescola-destiu-llefia-amb-formacio-lleure-en-familia-i-xerrades-al-veinat\/#primaryimage"},"image":{"@id":"https:\/\/www.casaldelsinfants.org\/es\/actualidad\/obrim-lescola-destiu-llefia-amb-formacio-lleure-en-familia-i-xerrades-al-veinat\/#primaryimage"},"thumbnailUrl":"https:\/\/www.casaldelsinfants.org\/wp-content\/uploads\/campanya-escola-estiu-2022.webp","datePublished":"2022-06-28T10:22:28+00:00","dateModified":"2023-11-22T16:09:27+00:00","breadcrumb":{"@id":"https:\/\/www.casaldelsinfants.org\/es\/actualidad\/obrim-lescola-destiu-llefia-amb-formacio-lleure-en-familia-i-xerrades-al-veinat\/#breadcrumb"},"inLanguage":"es","potentialAction":[{"@type":"ReadAction","target":["https:\/\/www.casaldelsinfants.org\/es\/actualidad\/obrim-lescola-destiu-llefia-amb-formacio-lleure-en-familia-i-xerrades-al-veinat\/"]}]},{"@type":"ImageObject","inLanguage":"es","@id":"https:\/\/www.casaldelsinfants.org\/es\/actualidad\/obrim-lescola-destiu-llefia-amb-formacio-lleure-en-familia-i-xerrades-al-veinat\/#primaryimage","url":"https:\/\/www.casaldelsinfants.org\/wp-content\/uploads\/campanya-escola-estiu-2022.webp","contentUrl":"https:\/\/www.casaldelsinfants.org\/wp-content\/uploads\/campanya-escola-estiu-2022.webp","width":2245,"height":1587,"caption":"Escola d'estiu del 4 al 29 de juliol de 2022"},{"@type":"BreadcrumbList","@id":"https:\/\/www.casaldelsinfants.org\/es\/actualidad\/obrim-lescola-destiu-llefia-amb-formacio-lleure-en-familia-i-xerrades-al-veinat\/#breadcrumb","itemListElement":[{"@type":"ListItem","position":1,"name":"Inici","item":"https:\/\/www.casaldelsinfants.org\/es\/"},{"@type":"ListItem","position":2,"name":"Abrimos la Escola d\u2019Estiu en Llefi\u00e0 con formaci\u00f3n, ocio en fam\u00edlia y charlas para el vecindario"}]},{"@type":"WebSite","@id":"https:\/\/www.casaldelsinfants.org\/es\/#website","url":"https:\/\/www.casaldelsinfants.org\/es\/","name":"Casal dels Infants","description":"","publisher":{"@id":"https:\/\/www.casaldelsinfants.org\/es\/#organization"},"potentialAction":[{"@type":"SearchAction","target":{"@type":"EntryPoint","urlTemplate":"https:\/\/www.casaldelsinfants.org\/es\/?s={search_term_string}"},"query-input":{"@type":"PropertyValueSpecification","valueRequired":true,"valueName":"search_term_string"}}],"inLanguage":"es"},{"@type":"Organization","@id":"https:\/\/www.casaldelsinfants.org\/es\/#organization","name":"Casal dels Infants","url":"https:\/\/www.casaldelsinfants.org\/es\/","logo":{"@type":"ImageObject","inLanguage":"es","@id":"https:\/\/www.casaldelsinfants.org\/es\/#\/schema\/logo\/image\/","url":"https:\/\/www.casaldelsinfants.org\/wp-content\/uploads\/logo-mail.png","contentUrl":"https:\/\/www.casaldelsinfants.org\/wp-content\/uploads\/logo-mail.png","width":380,"height":158,"caption":"Casal dels Infants"},"image":{"@id":"https:\/\/www.casaldelsinfants.org\/es\/#\/schema\/logo\/image\/"},"sameAs":["https:\/\/www.facebook.com\/casalinfants","https:\/\/x.com\/casalinfants","https:\/\/www.youtube.com\/user\/CasaldelsInfants1","https:\/\/www.instagram.com\/casalinfants\/","https:\/\/www.linkedin.com\/company\/casaldelsinfants?trk=organization-update_share-update_actor-text"]},{"@type":"Person","@id":"https:\/\/www.casaldelsinfants.org\/es\/#\/schema\/person\/97707fc8c64900cf36891127dbf9fba8","name":"cdiAdmin","sameAs":["https:\/\/casaldelsinfants.org"]}]}},"publishpress_future_action":{"enabled":false,"date":"2026-05-07 00:02:22","action":"change-status","newStatus":"draft","terms":[],"taxonomy":"category","extraData":[]},"publishpress_future_workflow_manual_trigger":{"enabledWorkflows":[]},"_links":{"self":[{"href":"https:\/\/www.casaldelsinfants.org\/es\/wp-json\/wp\/v2\/posts\/4212","targetHints":{"allow":["GET"]}}],"collection":[{"href":"https:\/\/www.casaldelsinfants.org\/es\/wp-json\/wp\/v2\/posts"}],"about":[{"href":"https:\/\/www.casaldelsinfants.org\/es\/wp-json\/wp\/v2\/types\/post"}],"author":[{"embeddable":true,"href":"https:\/\/www.casaldelsinfants.org\/es\/wp-json\/wp\/v2\/users\/1"}],"replies":[{"embeddable":true,"href":"https:\/\/www.casaldelsinfants.org\/es\/wp-json\/wp\/v2\/comments?post=4212"}],"version-history":[{"count":6,"href":"https:\/\/www.casaldelsinfants.org\/es\/wp-json\/wp\/v2\/posts\/4212\/revisions"}],"predecessor-version":[{"id":15999,"href":"https:\/\/www.casaldelsinfants.org\/es\/wp-json\/wp\/v2\/posts\/4212\/revisions\/15999"}],"wp:featuredmedia":[{"embeddable":true,"href":"https:\/\/www.casaldelsinfants.org\/es\/wp-json\/wp\/v2\/media\/2919"}],"wp:attachment":[{"href":"https:\/\/www.casaldelsinfants.org\/es\/wp-json\/wp\/v2\/media?parent=4212"}],"wp:term":[{"taxonomy":"category","embeddable":true,"href":"https:\/\/www.casaldelsinfants.org\/es\/wp-json\/wp\/v2\/categories?post=4212"},{"taxonomy":"post_tag","embeddable":true,"href":"https:\/\/www.casaldelsinfants.org\/es\/wp-json\/wp\/v2\/tags?post=4212"},{"taxonomy":"seus","embeddable":true,"href":"https:\/\/www.casaldelsinfants.org\/es\/wp-json\/wp\/v2\/seus?post=4212"},{"taxonomy":"eixos","embeddable":true,"href":"https:\/\/www.casaldelsinfants.org\/es\/wp-json\/wp\/v2\/eixos?post=4212"}],"curies":[{"name":"wp","href":"https:\/\/api.w.org\/{rel}","templated":true}]}}