{"id":4213,"date":"2022-06-27T12:50:28","date_gmt":"2022-06-27T10:50:28","guid":{"rendered":"https:\/\/casal.puntzero.cat\/noticies\/com-es-garanteixen-els-drets-dels-infants-santa-coloma-de-gramenet\/"},"modified":"2023-09-05T10:52:21","modified_gmt":"2023-09-05T08:52:21","slug":"com-es-garanteixen-els-drets-dels-infants-santa-coloma-de-gramenet","status":"publish","type":"post","link":"https:\/\/www.casaldelsinfants.org\/es\/actualidad\/com-es-garanteixen-els-drets-dels-infants-santa-coloma-de-gramenet\/","title":{"rendered":"\u00bfC\u00f3mo se garantizan los derechos de los ni\u00f1os y ni\u00f1as en Santa Coloma de Gramenet?"},"content":{"rendered":"<div class=\"video-embed-field-responsive-video form-group\"><iframe loading=\"lazy\" src=\"https:\/\/www.youtube.com\/embed\/E9HknFQYQf4?autoplay=0&amp;start=0&amp;rel=0\" width=\"854\" height=\"480\" frameborder=\"0\" allowfullscreen=\"allowfullscreen\"><\/iframe><\/div>\n<p>&nbsp;<\/p>\n<p dir=\"ltr\">\n<p dir=\"ltr\"><span style=\"color: #000000;\">Los chicos y chicas del servicio Dinem Junts, del Casal dels Infants de Santa Coloma de Gramenet, han estado trabajando a lo largo de este curso para <strong>investigar sobre c\u00f3mo su barrio garantiza, o no, el cumplimiento de los derechos de los ni\u00f1os y ni\u00f1as<\/strong>, como el derecho a la educaci\u00f3n, al bienestar o la libertad de expresi\u00f3n. El resultado de sus descubrimientos ha sido un proyecto audiovisual hecho por los participantes y el equipo educativo.<\/span><\/p>\n<p dir=\"ltr\"><span style=\"color: #000000;\">La idea de hacer un v\u00eddeo sobre este tema arranc\u00f3 a partir de la celebraci\u00f3n del <\/span><u>D\u00eda Universal del Ni\u00f1o<\/u><span style=\"color: #000000;\">, el 20 de noviembre, y de la reflexi\u00f3n sobre c\u00f3mo el barrio y el entorno de los chicos y chicas o bien facilitaba o bien limitaba aquellos derechos m\u00e1s cercanos y f\u00e1ciles de trabajar desde una mirada socioeducativa.<\/span><\/p>\n<p dir=\"ltr\"><span style=\"color: #000000;\">\u201cNuestro objetivo era crear un impacto, denunciando que hay cosas que no funcionan bien y que <strong>los chicos y chicas tienen mucho que decir sobre esto<\/strong>\u201d, explica Yurena Garcia, educadora Responsable del servicio RAI ESO Santa Coloma de Gramenet.\u00a0<\/span><\/p>\n<p dir=\"ltr\"><span style=\"color: #000000;\">Primero, <strong>los 25 chicos y chicas de Dinem Junts<\/strong> se dividieron en dos grupos y salieron a la calle con los educadores para hacer el trabajo de campo: observaron, de manera cr\u00edtica, aspectos positivos y aspectos a mejorar, y hablaron con la gente del barrio sobre sus experiencias en la ciudad. En la segunda fase del proyecto, los dos grupos se juntaron para compartir la informaci\u00f3n y las impresiones que recogieron, y reflexionaron conjuntamente sobre lo que hab\u00edan visto. La tercera fase fue volver a salir a la calle, alrededor del Institut Terra Roja, esta vez para fotografiar, grabar y documentar el entorno para denunciar que aspectos limitaban los derechos de los ni\u00f1os y ni\u00f1as y destacar aquellos que los facilitaban.<\/span><\/p>\n<p dir=\"ltr\"><span style=\"color: #000000;\">Se centraron en el derecho a la educaci\u00f3n, a la libertad de religi\u00f3n, al bienestar, a la salud, al juego y el recreo, a la protecci\u00f3n contra el uso y el tr\u00e1fico de drogas y el derecho a la libertad de expresi\u00f3n. Vieron como <strong>el barrio, en general, facilita el cumplimiento de derechos<\/strong>, como el de la educaci\u00f3n con muchas escuelas e institutos, o el de la libertad de religi\u00f3n. Pero, tambi\u00e9n encontraron que hab\u00eda aspectos donde se limitaba este cumplimiento, y sobre los cuales <strong>los chicos y chicas pensaron en propuestas de mejora<\/strong>: escribir un dec\u00e1logo para una buena utilizaci\u00f3n de los parques, abrir las pistas para que puedan jugar ni\u00f1os y ni\u00f1as, hacer una instalaci\u00f3n art\u00edstica para concienciar sobre las consecuencias de las drogas y poner un buz\u00f3n en las escuelas para recibir propuestas de los j\u00f3venes.<\/span><\/p>\n<p dir=\"ltr\"><span style=\"color: #000000;\">A pesar de saber, previamente a la observaci\u00f3n y el an\u00e1lisis, que no se cumplen todos los derechos de los ni\u00f1os, chicos, chicas y equipo educativo quedaron impactados por algunos descubrimientos. \u201cNos quedamos sorprendidas por algunos de los derechos que se limitaban. El parque estaba sucio, con cacas de perro y basura, y tambi\u00e9n encontramos bolsitas que conten\u00edan ciertas sustancias. Todo el mundo sabe que en el parque hay tr\u00e1fico, pero eso lo evidenci\u00f3 a\u00fan m\u00e1s\u201d, detalla Yurena.<\/span><\/p>\n<p dir=\"ltr\"><span style=\"color: #000000;\">Despu\u00e9s de un curso de recogida de informaci\u00f3n, reflexiones y pensar en propuestas de mejora, \u00e9stas se han compartido con el instituto. El pr\u00f3ximo paso ser\u00e1 hacer un llamamiento a la acci\u00f3n y <strong>continuar trabaj\u00e1ndolo durante el pr\u00f3ximo curso<\/strong>.<\/span><\/p>\n<blockquote><p><strong>Haz\u00a0posible que continuemos\u00a0apoyando a ni\u00f1os, ni\u00f1as y familias en situaci\u00f3n de vulnerabilidad.\u00a0<\/strong><\/p>\n<p>Haz\u00a0<strong>voluntariado<\/strong>. Inf\u00f3rmate\u00a0<a href=\"https:\/\/www.casaldelsinfants.org\/es\/que-puedes-hacer-tu\/voluntariado\/\" target=\"_blank\" rel=\"noopener\"><u>aqu\u00ed<\/u><\/a>.<\/p>\n<p>Haz un\u00a0<strong>donativo<\/strong>\u00a0<a href=\"https:\/\/www.casaldelsinfants.org\/es\/dona-ahora-verano\/\" target=\"_blank\" rel=\"noopener\"><u>aqu\u00ed<\/u><\/a>.<\/p><\/blockquote>\n","protected":false},"excerpt":{"rendered":"<p>&nbsp; Los chicos y chicas del servicio Dinem Junts, del Casal dels Infants de Santa Coloma de Gramenet, han estado trabajando a lo largo de este curso para investigar sobre c\u00f3mo su barrio garantiza, o no, el cumplimiento de los derechos de los ni\u00f1os y ni\u00f1as, como el derecho a la educaci\u00f3n, al bienestar o [&hellip;]<\/p>\n","protected":false},"author":1,"featured_media":0,"comment_status":"open","ping_status":"open","sticky":false,"template":"","format":"standard","meta":{"_acf_changed":false,"_et_pb_use_builder":"","_et_pb_old_content":"","_et_gb_content_width":"","inline_featured_image":false,"footnotes":""},"categories":[125],"tags":[],"seus":[160],"eixos":[99,203,207],"class_list":["post-4213","post","type-post","status-publish","format-standard","hentry","category-noticias","seus-santa-coloma-de-gramenet","eixos-infancia-y-adolescencia","eixos-infancia-i-adolescencia-es","eixos-infancia-i-adolescencia-es-2"],"acf":[],"yoast_head":"<!-- This site is optimized with the Yoast SEO plugin v27.4 - https:\/\/yoast.com\/product\/yoast-seo-wordpress\/ -->\n<title>\u00bfC\u00f3mo se garantizan los derechos de los ni\u00f1os y ni\u00f1as en Santa Coloma de Gramenet?<\/title>\n<meta name=\"description\" content=\"Los chicos y chicas del RAI-ESO Dinem Junts, del Casal dels Infants de Santa Coloma de Gramenet, han estado todo el curso invetigando sobre como su barrio facilita o limita del cumplimiento de los derechos de los ni\u00f1o sy ni\u00f1as, como la educaci\u00f3n o la libertad de expresi\u00f3n. Tambi\u00e9n han hecho propuestas de mejora.\" \/>\n<meta name=\"robots\" content=\"index, follow, max-snippet:-1, max-image-preview:large, max-video-preview:-1\" \/>\n<link rel=\"canonical\" href=\"https:\/\/www.casaldelsinfants.org\/es\/actualidad\/com-es-garanteixen-els-drets-dels-infants-santa-coloma-de-gramenet\/\" \/>\n<meta property=\"og:locale\" content=\"es_ES\" \/>\n<meta property=\"og:type\" content=\"article\" \/>\n<meta property=\"og:title\" content=\"\u00bfC\u00f3mo se garantizan los derechos de los ni\u00f1os y ni\u00f1as en Santa Coloma de Gramenet?\" \/>\n<meta property=\"og:description\" content=\"Los chicos y chicas del RAI-ESO Dinem Junts, del Casal dels Infants de Santa Coloma de Gramenet, han estado todo el curso invetigando sobre como su barrio facilita o limita del cumplimiento de los derechos de los ni\u00f1o sy ni\u00f1as, como la educaci\u00f3n o la libertad de expresi\u00f3n. Tambi\u00e9n han hecho propuestas de mejora.\" \/>\n<meta property=\"og:url\" content=\"https:\/\/www.casaldelsinfants.org\/es\/actualidad\/com-es-garanteixen-els-drets-dels-infants-santa-coloma-de-gramenet\/\" \/>\n<meta property=\"og:site_name\" content=\"Casal dels Infants\" \/>\n<meta property=\"article:publisher\" content=\"https:\/\/www.facebook.com\/casalinfants\" \/>\n<meta property=\"article:published_time\" content=\"2022-06-27T10:50:28+00:00\" \/>\n<meta property=\"article:modified_time\" content=\"2023-09-05T08:52:21+00:00\" \/>\n<meta name=\"author\" content=\"cdiAdmin\" \/>\n<meta name=\"twitter:card\" content=\"summary_large_image\" \/>\n<meta name=\"twitter:creator\" content=\"@casalinfants\" \/>\n<meta name=\"twitter:site\" content=\"@casalinfants\" \/>\n<meta name=\"twitter:label1\" content=\"Escrito por\" \/>\n\t<meta name=\"twitter:data1\" content=\"cdiAdmin\" \/>\n\t<meta name=\"twitter:label2\" content=\"Tiempo de lectura\" \/>\n\t<meta name=\"twitter:data2\" content=\"4 minutos\" \/>\n<script type=\"application\/ld+json\" class=\"yoast-schema-graph\">{\"@context\":\"https:\\\/\\\/schema.org\",\"@graph\":[{\"@type\":\"Article\",\"@id\":\"https:\\\/\\\/www.casaldelsinfants.org\\\/es\\\/actualidad\\\/com-es-garanteixen-els-drets-dels-infants-santa-coloma-de-gramenet\\\/#article\",\"isPartOf\":{\"@id\":\"https:\\\/\\\/www.casaldelsinfants.org\\\/es\\\/actualidad\\\/com-es-garanteixen-els-drets-dels-infants-santa-coloma-de-gramenet\\\/\"},\"author\":{\"name\":\"cdiAdmin\",\"@id\":\"https:\\\/\\\/www.casaldelsinfants.org\\\/es\\\/#\\\/schema\\\/person\\\/97707fc8c64900cf36891127dbf9fba8\"},\"headline\":\"\u00bfC\u00f3mo se garantizan los derechos de los ni\u00f1os y ni\u00f1as en Santa Coloma de Gramenet?\",\"datePublished\":\"2022-06-27T10:50:28+00:00\",\"dateModified\":\"2023-09-05T08:52:21+00:00\",\"mainEntityOfPage\":{\"@id\":\"https:\\\/\\\/www.casaldelsinfants.org\\\/es\\\/actualidad\\\/com-es-garanteixen-els-drets-dels-infants-santa-coloma-de-gramenet\\\/\"},\"wordCount\":642,\"commentCount\":0,\"publisher\":{\"@id\":\"https:\\\/\\\/www.casaldelsinfants.org\\\/es\\\/#organization\"},\"articleSection\":[\"Noticia\"],\"inLanguage\":\"es\",\"potentialAction\":[{\"@type\":\"CommentAction\",\"name\":\"Comment\",\"target\":[\"https:\\\/\\\/www.casaldelsinfants.org\\\/es\\\/actualidad\\\/com-es-garanteixen-els-drets-dels-infants-santa-coloma-de-gramenet\\\/#respond\"]}]},{\"@type\":\"WebPage\",\"@id\":\"https:\\\/\\\/www.casaldelsinfants.org\\\/es\\\/actualidad\\\/com-es-garanteixen-els-drets-dels-infants-santa-coloma-de-gramenet\\\/\",\"url\":\"https:\\\/\\\/www.casaldelsinfants.org\\\/es\\\/actualidad\\\/com-es-garanteixen-els-drets-dels-infants-santa-coloma-de-gramenet\\\/\",\"name\":\"\u00bfC\u00f3mo se garantizan los derechos de los ni\u00f1os y ni\u00f1as en Santa Coloma de Gramenet?\",\"isPartOf\":{\"@id\":\"https:\\\/\\\/www.casaldelsinfants.org\\\/es\\\/#website\"},\"datePublished\":\"2022-06-27T10:50:28+00:00\",\"dateModified\":\"2023-09-05T08:52:21+00:00\",\"description\":\"Los chicos y chicas del RAI-ESO Dinem Junts, del Casal dels Infants de Santa Coloma de Gramenet, han estado todo el curso invetigando sobre como su barrio facilita o limita del cumplimiento de los derechos de los ni\u00f1o sy ni\u00f1as, como la educaci\u00f3n o la libertad de expresi\u00f3n. Tambi\u00e9n han hecho propuestas de mejora.\",\"breadcrumb\":{\"@id\":\"https:\\\/\\\/www.casaldelsinfants.org\\\/es\\\/actualidad\\\/com-es-garanteixen-els-drets-dels-infants-santa-coloma-de-gramenet\\\/#breadcrumb\"},\"inLanguage\":\"es\",\"potentialAction\":[{\"@type\":\"ReadAction\",\"target\":[\"https:\\\/\\\/www.casaldelsinfants.org\\\/es\\\/actualidad\\\/com-es-garanteixen-els-drets-dels-infants-santa-coloma-de-gramenet\\\/\"]}]},{\"@type\":\"BreadcrumbList\",\"@id\":\"https:\\\/\\\/www.casaldelsinfants.org\\\/es\\\/actualidad\\\/com-es-garanteixen-els-drets-dels-infants-santa-coloma-de-gramenet\\\/#breadcrumb\",\"itemListElement\":[{\"@type\":\"ListItem\",\"position\":1,\"name\":\"Inici\",\"item\":\"https:\\\/\\\/www.casaldelsinfants.org\\\/es\\\/\"},{\"@type\":\"ListItem\",\"position\":2,\"name\":\"\u00bfC\u00f3mo se garantizan los derechos de los ni\u00f1os y ni\u00f1as en Santa Coloma de Gramenet?\"}]},{\"@type\":\"WebSite\",\"@id\":\"https:\\\/\\\/www.casaldelsinfants.org\\\/es\\\/#website\",\"url\":\"https:\\\/\\\/www.casaldelsinfants.org\\\/es\\\/\",\"name\":\"Casal dels Infants\",\"description\":\"\",\"publisher\":{\"@id\":\"https:\\\/\\\/www.casaldelsinfants.org\\\/es\\\/#organization\"},\"potentialAction\":[{\"@type\":\"SearchAction\",\"target\":{\"@type\":\"EntryPoint\",\"urlTemplate\":\"https:\\\/\\\/www.casaldelsinfants.org\\\/es\\\/?s={search_term_string}\"},\"query-input\":{\"@type\":\"PropertyValueSpecification\",\"valueRequired\":true,\"valueName\":\"search_term_string\"}}],\"inLanguage\":\"es\"},{\"@type\":\"Organization\",\"@id\":\"https:\\\/\\\/www.casaldelsinfants.org\\\/es\\\/#organization\",\"name\":\"Casal dels Infants\",\"url\":\"https:\\\/\\\/www.casaldelsinfants.org\\\/es\\\/\",\"logo\":{\"@type\":\"ImageObject\",\"inLanguage\":\"es\",\"@id\":\"https:\\\/\\\/www.casaldelsinfants.org\\\/es\\\/#\\\/schema\\\/logo\\\/image\\\/\",\"url\":\"https:\\\/\\\/www.casaldelsinfants.org\\\/wp-content\\\/uploads\\\/logo-mail.png\",\"contentUrl\":\"https:\\\/\\\/www.casaldelsinfants.org\\\/wp-content\\\/uploads\\\/logo-mail.png\",\"width\":380,\"height\":158,\"caption\":\"Casal dels Infants\"},\"image\":{\"@id\":\"https:\\\/\\\/www.casaldelsinfants.org\\\/es\\\/#\\\/schema\\\/logo\\\/image\\\/\"},\"sameAs\":[\"https:\\\/\\\/www.facebook.com\\\/casalinfants\",\"https:\\\/\\\/x.com\\\/casalinfants\",\"https:\\\/\\\/www.youtube.com\\\/user\\\/CasaldelsInfants1\",\"https:\\\/\\\/www.instagram.com\\\/casalinfants\\\/\",\"https:\\\/\\\/www.linkedin.com\\\/company\\\/casaldelsinfants?trk=organization-update_share-update_actor-text\"]},{\"@type\":\"Person\",\"@id\":\"https:\\\/\\\/www.casaldelsinfants.org\\\/es\\\/#\\\/schema\\\/person\\\/97707fc8c64900cf36891127dbf9fba8\",\"name\":\"cdiAdmin\",\"sameAs\":[\"https:\\\/\\\/casaldelsinfants.org\"]}]}<\/script>\n<!-- \/ Yoast SEO plugin. -->","yoast_head_json":{"title":"\u00bfC\u00f3mo se garantizan los derechos de los ni\u00f1os y ni\u00f1as en Santa Coloma de Gramenet?","description":"Los chicos y chicas del RAI-ESO Dinem Junts, del Casal dels Infants de Santa Coloma de Gramenet, han estado todo el curso invetigando sobre como su barrio facilita o limita del cumplimiento de los derechos de los ni\u00f1o sy ni\u00f1as, como la educaci\u00f3n o la libertad de expresi\u00f3n. Tambi\u00e9n han hecho propuestas de mejora.","robots":{"index":"index","follow":"follow","max-snippet":"max-snippet:-1","max-image-preview":"max-image-preview:large","max-video-preview":"max-video-preview:-1"},"canonical":"https:\/\/www.casaldelsinfants.org\/es\/actualidad\/com-es-garanteixen-els-drets-dels-infants-santa-coloma-de-gramenet\/","og_locale":"es_ES","og_type":"article","og_title":"\u00bfC\u00f3mo se garantizan los derechos de los ni\u00f1os y ni\u00f1as en Santa Coloma de Gramenet?","og_description":"Los chicos y chicas del RAI-ESO Dinem Junts, del Casal dels Infants de Santa Coloma de Gramenet, han estado todo el curso invetigando sobre como su barrio facilita o limita del cumplimiento de los derechos de los ni\u00f1o sy ni\u00f1as, como la educaci\u00f3n o la libertad de expresi\u00f3n. Tambi\u00e9n han hecho propuestas de mejora.","og_url":"https:\/\/www.casaldelsinfants.org\/es\/actualidad\/com-es-garanteixen-els-drets-dels-infants-santa-coloma-de-gramenet\/","og_site_name":"Casal dels Infants","article_publisher":"https:\/\/www.facebook.com\/casalinfants","article_published_time":"2022-06-27T10:50:28+00:00","article_modified_time":"2023-09-05T08:52:21+00:00","author":"cdiAdmin","twitter_card":"summary_large_image","twitter_creator":"@casalinfants","twitter_site":"@casalinfants","twitter_misc":{"Escrito por":"cdiAdmin","Tiempo de lectura":"4 minutos"},"schema":{"@context":"https:\/\/schema.org","@graph":[{"@type":"Article","@id":"https:\/\/www.casaldelsinfants.org\/es\/actualidad\/com-es-garanteixen-els-drets-dels-infants-santa-coloma-de-gramenet\/#article","isPartOf":{"@id":"https:\/\/www.casaldelsinfants.org\/es\/actualidad\/com-es-garanteixen-els-drets-dels-infants-santa-coloma-de-gramenet\/"},"author":{"name":"cdiAdmin","@id":"https:\/\/www.casaldelsinfants.org\/es\/#\/schema\/person\/97707fc8c64900cf36891127dbf9fba8"},"headline":"\u00bfC\u00f3mo se garantizan los derechos de los ni\u00f1os y ni\u00f1as en Santa Coloma de Gramenet?","datePublished":"2022-06-27T10:50:28+00:00","dateModified":"2023-09-05T08:52:21+00:00","mainEntityOfPage":{"@id":"https:\/\/www.casaldelsinfants.org\/es\/actualidad\/com-es-garanteixen-els-drets-dels-infants-santa-coloma-de-gramenet\/"},"wordCount":642,"commentCount":0,"publisher":{"@id":"https:\/\/www.casaldelsinfants.org\/es\/#organization"},"articleSection":["Noticia"],"inLanguage":"es","potentialAction":[{"@type":"CommentAction","name":"Comment","target":["https:\/\/www.casaldelsinfants.org\/es\/actualidad\/com-es-garanteixen-els-drets-dels-infants-santa-coloma-de-gramenet\/#respond"]}]},{"@type":"WebPage","@id":"https:\/\/www.casaldelsinfants.org\/es\/actualidad\/com-es-garanteixen-els-drets-dels-infants-santa-coloma-de-gramenet\/","url":"https:\/\/www.casaldelsinfants.org\/es\/actualidad\/com-es-garanteixen-els-drets-dels-infants-santa-coloma-de-gramenet\/","name":"\u00bfC\u00f3mo se garantizan los derechos de los ni\u00f1os y ni\u00f1as en Santa Coloma de Gramenet?","isPartOf":{"@id":"https:\/\/www.casaldelsinfants.org\/es\/#website"},"datePublished":"2022-06-27T10:50:28+00:00","dateModified":"2023-09-05T08:52:21+00:00","description":"Los chicos y chicas del RAI-ESO Dinem Junts, del Casal dels Infants de Santa Coloma de Gramenet, han estado todo el curso invetigando sobre como su barrio facilita o limita del cumplimiento de los derechos de los ni\u00f1o sy ni\u00f1as, como la educaci\u00f3n o la libertad de expresi\u00f3n. Tambi\u00e9n han hecho propuestas de mejora.","breadcrumb":{"@id":"https:\/\/www.casaldelsinfants.org\/es\/actualidad\/com-es-garanteixen-els-drets-dels-infants-santa-coloma-de-gramenet\/#breadcrumb"},"inLanguage":"es","potentialAction":[{"@type":"ReadAction","target":["https:\/\/www.casaldelsinfants.org\/es\/actualidad\/com-es-garanteixen-els-drets-dels-infants-santa-coloma-de-gramenet\/"]}]},{"@type":"BreadcrumbList","@id":"https:\/\/www.casaldelsinfants.org\/es\/actualidad\/com-es-garanteixen-els-drets-dels-infants-santa-coloma-de-gramenet\/#breadcrumb","itemListElement":[{"@type":"ListItem","position":1,"name":"Inici","item":"https:\/\/www.casaldelsinfants.org\/es\/"},{"@type":"ListItem","position":2,"name":"\u00bfC\u00f3mo se garantizan los derechos de los ni\u00f1os y ni\u00f1as en Santa Coloma de Gramenet?"}]},{"@type":"WebSite","@id":"https:\/\/www.casaldelsinfants.org\/es\/#website","url":"https:\/\/www.casaldelsinfants.org\/es\/","name":"Casal dels Infants","description":"","publisher":{"@id":"https:\/\/www.casaldelsinfants.org\/es\/#organization"},"potentialAction":[{"@type":"SearchAction","target":{"@type":"EntryPoint","urlTemplate":"https:\/\/www.casaldelsinfants.org\/es\/?s={search_term_string}"},"query-input":{"@type":"PropertyValueSpecification","valueRequired":true,"valueName":"search_term_string"}}],"inLanguage":"es"},{"@type":"Organization","@id":"https:\/\/www.casaldelsinfants.org\/es\/#organization","name":"Casal dels Infants","url":"https:\/\/www.casaldelsinfants.org\/es\/","logo":{"@type":"ImageObject","inLanguage":"es","@id":"https:\/\/www.casaldelsinfants.org\/es\/#\/schema\/logo\/image\/","url":"https:\/\/www.casaldelsinfants.org\/wp-content\/uploads\/logo-mail.png","contentUrl":"https:\/\/www.casaldelsinfants.org\/wp-content\/uploads\/logo-mail.png","width":380,"height":158,"caption":"Casal dels Infants"},"image":{"@id":"https:\/\/www.casaldelsinfants.org\/es\/#\/schema\/logo\/image\/"},"sameAs":["https:\/\/www.facebook.com\/casalinfants","https:\/\/x.com\/casalinfants","https:\/\/www.youtube.com\/user\/CasaldelsInfants1","https:\/\/www.instagram.com\/casalinfants\/","https:\/\/www.linkedin.com\/company\/casaldelsinfants?trk=organization-update_share-update_actor-text"]},{"@type":"Person","@id":"https:\/\/www.casaldelsinfants.org\/es\/#\/schema\/person\/97707fc8c64900cf36891127dbf9fba8","name":"cdiAdmin","sameAs":["https:\/\/casaldelsinfants.org"]}]}},"publishpress_future_action":{"enabled":false,"date":"2026-05-08 14:38:41","action":"change-status","newStatus":"draft","terms":[],"taxonomy":"category","extraData":[]},"publishpress_future_workflow_manual_trigger":{"enabledWorkflows":[]},"_links":{"self":[{"href":"https:\/\/www.casaldelsinfants.org\/es\/wp-json\/wp\/v2\/posts\/4213","targetHints":{"allow":["GET"]}}],"collection":[{"href":"https:\/\/www.casaldelsinfants.org\/es\/wp-json\/wp\/v2\/posts"}],"about":[{"href":"https:\/\/www.casaldelsinfants.org\/es\/wp-json\/wp\/v2\/types\/post"}],"author":[{"embeddable":true,"href":"https:\/\/www.casaldelsinfants.org\/es\/wp-json\/wp\/v2\/users\/1"}],"replies":[{"embeddable":true,"href":"https:\/\/www.casaldelsinfants.org\/es\/wp-json\/wp\/v2\/comments?post=4213"}],"version-history":[{"count":2,"href":"https:\/\/www.casaldelsinfants.org\/es\/wp-json\/wp\/v2\/posts\/4213\/revisions"}],"predecessor-version":[{"id":13712,"href":"https:\/\/www.casaldelsinfants.org\/es\/wp-json\/wp\/v2\/posts\/4213\/revisions\/13712"}],"wp:attachment":[{"href":"https:\/\/www.casaldelsinfants.org\/es\/wp-json\/wp\/v2\/media?parent=4213"}],"wp:term":[{"taxonomy":"category","embeddable":true,"href":"https:\/\/www.casaldelsinfants.org\/es\/wp-json\/wp\/v2\/categories?post=4213"},{"taxonomy":"post_tag","embeddable":true,"href":"https:\/\/www.casaldelsinfants.org\/es\/wp-json\/wp\/v2\/tags?post=4213"},{"taxonomy":"seus","embeddable":true,"href":"https:\/\/www.casaldelsinfants.org\/es\/wp-json\/wp\/v2\/seus?post=4213"},{"taxonomy":"eixos","embeddable":true,"href":"https:\/\/www.casaldelsinfants.org\/es\/wp-json\/wp\/v2\/eixos?post=4213"}],"curies":[{"name":"wp","href":"https:\/\/api.w.org\/{rel}","templated":true}]}}