{"id":4215,"date":"2022-06-20T11:25:06","date_gmt":"2022-06-20T09:25:06","guid":{"rendered":"https:\/\/casal.puntzero.cat\/noticies\/tancar-una-etapa-i-comencar-ne-una-de-nova-la-graduacio-dels-nois-i-noies-del-coa-raval\/"},"modified":"2023-05-01T17:39:44","modified_gmt":"2023-05-01T15:39:44","slug":"tancar-una-etapa-i-comencar-ne-una-de-nova-la-graduacio-dels-nois-i-noies-del-coa-raval","status":"publish","type":"post","link":"https:\/\/www.casaldelsinfants.org\/es\/actualidad\/cerrar-etapa-y-empezar-nueva-graduacion-chicos-chicas-raval\/","title":{"rendered":"Cerrar una etapa y empezar una nueva: la graduaci\u00f3n de los chicos y chicas del COA Raval"},"content":{"rendered":"<div class=\"video-embed-field-responsive-video form-group\"><iframe loading=\"lazy\" width=\"854\" height=\"480\" frameborder=\"0\" allowfullscreen=\"allowfullscreen\" src=\"https:\/\/www.youtube.com\/embed\/Xfr2hHy_JVo?autoplay=0&amp;start=0&amp;rel=0\"><\/iframe>\n<\/div>\n<p><meta charset=\"utf-8\" \/><\/p>\n<p dir=\"ltr\">\u00a0<\/p>\n<p dir=\"ltr\"><span style=\"color:#000000;\">Con el fin de curso, empieza la \u00e9poca de las graduaciones, tambi\u00e9n en el Casal dels Infants. El 10 de junio, antes que empiece el Casal de verano,<strong> los chicos y chicas del Centro Abierto Adolescente (COA) del Casal dels Infants en el Raval celebraron la graduaci\u00f3n<\/strong> de aquellos y aquellas que han acabado su etapa en el servicio socioeducativo.\u00a0<\/span><\/p>\n<p dir=\"ltr\"><meta charset=\"utf-8\" \/><\/p>\n<p dir=\"ltr\"><span style=\"color:#000000;\">Con la graduaci\u00f3n, <strong>quince chicos y chicas culminan los cuatro a\u00f1os que han pasado en el COA<\/strong> durante toda la educaci\u00f3n secundaria. Algunos y algunas, incluso ya eran participantes del Casal antes, en el Centro Abierto Infantil (COI). Aquellos y aquellas que lo quieran, podr\u00e1n continuar vinculados al Casal, con la oportunidad de nuevas experiencias en el Casal Jove Atles.\u00a0<\/span><\/p>\n<p dir=\"ltr\"><span style=\"color:#000000;\">A la ceremonia estaban invitados e invitadas todos los participantes del COA, tambi\u00e9n aquellos y aquellas que no se graduaban y algunos antiguos participantes de a\u00f1os anteriores. El acto empez\u00f3 con un pica-pica de ambiente festivo para merendar. Seguidamente, se prepar\u00f3 la sala para celebrar apropiadamente la graduaci\u00f3n, con filas de sillas llenas de graduados y graduadas en las primeras filas, y compa\u00f1eros y compa\u00f1eras del COA en las dem\u00e1s.\u00a0<\/span><\/p>\n<p dir=\"ltr\">\u00a0<\/p>\n<p><img decoding=\"async\" alt=\"Foto de grup, al carrer, amb nois, noies i dos educadors.\" data-entity-type=\"file\" data-entity-uuid=\"b5bcd916-5d74-4217-96e2-99a9ae79eb84\" data-image-style=\"large\" src=\"\/wp-content\/uploads\/inline-images\/_1270106.JPG\" width=\"480\" height=\"360\" typeof=\"foaf:Image\" class=\"align-center\" \/><\/p>\n<p dir=\"ltr\"><meta charset=\"utf-8\" \/><\/p>\n<p dir=\"ltr\">\u00a0<\/p>\n<p dir=\"ltr\"><span style=\"color:#000000;\">Uno por uno, llamados por su nombre, <strong>los chicos y chicas iban saliendo para recoger el diploma, la orla, una bolsa de chuches de regalo, y muchos besos y abrazos<\/strong>, por parte de todo el equipo que les ha acompa\u00f1ado durante estos a\u00f1os: Esther Mas, educadora del COA, Anna Solanas, responsable de Infancia en el Raval, y Laia Ribas, responsable de J\u00f3venes en el Raval. Idoia de Frutos y \u00c0ngel Rodr\u00edguez, referentes de este \u00faltimo curso, los esperaban para hacerse una fotograf\u00eda con una c\u00e1mara Polaroid, para tener un recuerdo instant\u00e1neo y atemporal de la graduaci\u00f3n y su paso por el COA Raval.\u00a0<\/span><\/p>\n<p dir=\"ltr\"><span style=\"color:#000000;\">Con algunas bolsas de chuches ya abiertas, lleg\u00f3 el momento de visionar el video montaje que hab\u00edan grabado y editado Idoia y \u00c0ngel, una compilaci\u00f3n de fotograf\u00edas, v\u00eddeos, recuerdos y experiencias vividas a lo largo del \u00faltimo a\u00f1o, as\u00ed como<strong> los pensamientos y agradecimientos de los chicos y chicas sobre sus a\u00f1os en el COA.<\/strong> Con la verg\u00fcenza de tener que escucharse en voz alta, los chicos y chicas miraban el v\u00eddeo entre risas nerviosas, pero ya nost\u00e1lgicas.\u00a0<\/span><\/p>\n<p dir=\"ltr\"><span style=\"color:#000000;\">Uno de los chicos, aprovechando los \u00faltimos momentos que le quedaban en el COA, hizo un peque\u00f1o discurso para despedirse. \u201c<strong>Muchas gracias a los monitores, que me han aguantado los cuatro a\u00f1os, y han sido los mejores<\/strong>. A los que os qued\u00e1is en el COA, venid y aprovechadlo\u201d, aconsej\u00f3 Jhampool, \u201cyo estuve una \u00e9poca sin venir porque no sal\u00eda de casa, y ahora que es el \u00faltimo a\u00f1o, me da pena marchar\u201d.\u00a0<\/span><\/p>\n<p dir=\"ltr\"><span style=\"color:#000000;\">Para cerrar la ceremonia, Esther agradeci\u00f3 el trabajo de Idoia y \u00c1ngel, entre los aplausos de chicos y chicas, a quienes record\u00f3 como el Casal siempre tendr\u00e1 la puerta abierta para todos ellos y ellas. \u201c<strong>Esto es vuestra casa<\/strong>. Todo lo que hab\u00e9is dicho de nosotras es rec\u00edproco. Igual que os hacemos crecer, y que es un placer, vosotros tambi\u00e9n nos hab\u00e9is hecho crecer. No somos las mismas personas que hace cuatro a\u00f1os, vamos cambiando con vosotros igual\u201d.\u00a0<\/span><\/p>\n<p dir=\"ltr\"><span style=\"color:#000000;\">Antes de marchar, los chicos y chicas aprovecharon para darse m\u00e1s abrazos y m\u00e1s besos y despedirse, pero hasta pronto, ya que <strong>tienen por delante <\/strong><\/span><strong><u><a href=\"https:\/\/www.casaldelsinfants.org\/es\/dona-ahora-verano\/\" target=\"_blank\" rel=\"noopener\">un gran verano<\/a><\/u><\/strong><span style=\"color:#000000;\"><strong> <\/strong>donde ir de colonias y campamentos, disfrutar de la naturaleza y compartir m\u00e1s recuerdos y experiencias.\u00a0<\/span><\/p>\n<p dir=\"ltr\">\u00a0<\/p>\n<blockquote>\n<p><strong>Haz\u00a0posible que continuemos\u00a0apoyando a ni\u00f1os, ni\u00f1as y familias en situaci\u00f3n de vulnerabilidad.\u00a0<\/strong><\/p>\n<p>Haz\u00a0<strong>voluntariado<\/strong>. Inf\u00f3rmate\u00a0<a href=\"https:\/\/www.casaldelsinfants.org\/es\/que-puedes-hacer-tu\/voluntariado\/\" target=\"_blank\" rel=\"noopener\"><u>aqu\u00ed<\/u><\/a>.<\/p>\n<p>Haz un\u00a0<strong>donativo<\/strong>\u00a0<a href=\"https:\/\/www.casaldelsinfants.org\/es\/dona-ahora-verano\/\" target=\"_blank\" rel=\"noopener\"><u>aqu\u00ed<\/u><\/a>.<\/p>\n<\/blockquote>\n","protected":false},"excerpt":{"rendered":"<p>\u00a0 Con el fin de curso, empieza la \u00e9poca de las graduaciones, tambi\u00e9n en el Casal dels Infants. El 10 de junio, antes que empiece el Casal de verano, los chicos y chicas del Centro Abierto Adolescente (COA) del Casal dels Infants en el Raval celebraron la graduaci\u00f3n de aquellos y aquellas que han acabado [&hellip;]<\/p>\n","protected":false},"author":1,"featured_media":0,"comment_status":"open","ping_status":"open","sticky":false,"template":"","format":"standard","meta":{"_acf_changed":false,"_et_pb_use_builder":"","_et_pb_old_content":"","_et_gb_content_width":"","inline_featured_image":false,"footnotes":""},"categories":[125],"tags":[],"seus":[16,157],"eixos":[102],"class_list":{"0":"post-4215","1":"post","2":"type-post","3":"status-publish","4":"format-standard","5":"hentry","6":"category-noticias","7":"seus-el-raval","9":"eixos-jovenes"},"acf":[],"yoast_head":"<!-- This site is optimized with the Yoast SEO plugin v27.4 - https:\/\/yoast.com\/product\/yoast-seo-wordpress\/ -->\n<title>Cerrar una etapa y empezar una de nueva: la graduaci\u00f3n de los chicos y chicas del COA Raval<\/title>\n<meta name=\"description\" content=\"Los chicos y chicas del Centro Abierto Adolescente (COA) del Casal dels Infants en el Raval que terminan su etapa de cuatro a\u00f1os en el COA celebraron la graduaci\u00f3n a a final de curso con el equipo educativo. Quince chicos y chicas del COA 2 se graduaron, y pueden continuar en el Casal en el Casal Jove Atles.\" \/>\n<meta name=\"robots\" content=\"index, follow, max-snippet:-1, max-image-preview:large, max-video-preview:-1\" \/>\n<link rel=\"canonical\" href=\"https:\/\/www.casaldelsinfants.org\/es\/actualidad\/cerrar-etapa-y-empezar-nueva-graduacion-chicos-chicas-raval\/\" \/>\n<meta property=\"og:locale\" content=\"es_ES\" \/>\n<meta property=\"og:type\" content=\"article\" \/>\n<meta property=\"og:title\" content=\"Cerrar una etapa y empezar una de nueva: la graduaci\u00f3n de los chicos y chicas del COA Raval\" \/>\n<meta property=\"og:description\" content=\"Los chicos y chicas del Centro Abierto Adolescente (COA) del Casal dels Infants en el Raval que terminan su etapa de cuatro a\u00f1os en el COA celebraron la graduaci\u00f3n a a final de curso con el equipo educativo. Quince chicos y chicas del COA 2 se graduaron, y pueden continuar en el Casal en el Casal Jove Atles.\" \/>\n<meta property=\"og:url\" content=\"https:\/\/www.casaldelsinfants.org\/es\/actualidad\/cerrar-etapa-y-empezar-nueva-graduacion-chicos-chicas-raval\/\" \/>\n<meta property=\"og:site_name\" content=\"Casal dels Infants\" \/>\n<meta property=\"article:publisher\" content=\"https:\/\/www.facebook.com\/casalinfants\" \/>\n<meta property=\"article:published_time\" content=\"2022-06-20T09:25:06+00:00\" \/>\n<meta property=\"article:modified_time\" content=\"2023-05-01T15:39:44+00:00\" \/>\n<meta name=\"author\" content=\"cdiAdmin\" \/>\n<meta name=\"twitter:card\" content=\"summary_large_image\" \/>\n<meta name=\"twitter:creator\" content=\"@casalinfants\" \/>\n<meta name=\"twitter:site\" content=\"@casalinfants\" \/>\n<meta name=\"twitter:label1\" content=\"Escrito por\" \/>\n\t<meta name=\"twitter:data1\" content=\"cdiAdmin\" \/>\n\t<meta name=\"twitter:label2\" content=\"Tiempo de lectura\" \/>\n\t<meta name=\"twitter:data2\" content=\"3 minutos\" \/>\n<script type=\"application\/ld+json\" class=\"yoast-schema-graph\">{\"@context\":\"https:\\\/\\\/schema.org\",\"@graph\":[{\"@type\":\"Article\",\"@id\":\"https:\\\/\\\/www.casaldelsinfants.org\\\/es\\\/actualidad\\\/cerrar-etapa-y-empezar-nueva-graduacion-chicos-chicas-raval\\\/#article\",\"isPartOf\":{\"@id\":\"https:\\\/\\\/www.casaldelsinfants.org\\\/es\\\/actualidad\\\/cerrar-etapa-y-empezar-nueva-graduacion-chicos-chicas-raval\\\/\"},\"author\":{\"name\":\"cdiAdmin\",\"@id\":\"https:\\\/\\\/www.casaldelsinfants.org\\\/es\\\/#\\\/schema\\\/person\\\/97707fc8c64900cf36891127dbf9fba8\"},\"headline\":\"Cerrar una etapa y empezar una nueva: la graduaci\u00f3n de los chicos y chicas del COA Raval\",\"datePublished\":\"2022-06-20T09:25:06+00:00\",\"dateModified\":\"2023-05-01T15:39:44+00:00\",\"mainEntityOfPage\":{\"@id\":\"https:\\\/\\\/www.casaldelsinfants.org\\\/es\\\/actualidad\\\/cerrar-etapa-y-empezar-nueva-graduacion-chicos-chicas-raval\\\/\"},\"wordCount\":650,\"commentCount\":0,\"publisher\":{\"@id\":\"https:\\\/\\\/www.casaldelsinfants.org\\\/es\\\/#organization\"},\"articleSection\":[\"Noticia\"],\"inLanguage\":\"es\",\"potentialAction\":[{\"@type\":\"CommentAction\",\"name\":\"Comment\",\"target\":[\"https:\\\/\\\/www.casaldelsinfants.org\\\/es\\\/actualidad\\\/cerrar-etapa-y-empezar-nueva-graduacion-chicos-chicas-raval\\\/#respond\"]}]},{\"@type\":\"WebPage\",\"@id\":\"https:\\\/\\\/www.casaldelsinfants.org\\\/es\\\/actualidad\\\/cerrar-etapa-y-empezar-nueva-graduacion-chicos-chicas-raval\\\/\",\"url\":\"https:\\\/\\\/www.casaldelsinfants.org\\\/es\\\/actualidad\\\/cerrar-etapa-y-empezar-nueva-graduacion-chicos-chicas-raval\\\/\",\"name\":\"Cerrar una etapa y empezar una de nueva: la graduaci\u00f3n de los chicos y chicas del COA Raval\",\"isPartOf\":{\"@id\":\"https:\\\/\\\/www.casaldelsinfants.org\\\/es\\\/#website\"},\"datePublished\":\"2022-06-20T09:25:06+00:00\",\"dateModified\":\"2023-05-01T15:39:44+00:00\",\"description\":\"Los chicos y chicas del Centro Abierto Adolescente (COA) del Casal dels Infants en el Raval que terminan su etapa de cuatro a\u00f1os en el COA celebraron la graduaci\u00f3n a a final de curso con el equipo educativo. Quince chicos y chicas del COA 2 se graduaron, y pueden continuar en el Casal en el Casal Jove Atles.\",\"breadcrumb\":{\"@id\":\"https:\\\/\\\/www.casaldelsinfants.org\\\/es\\\/actualidad\\\/cerrar-etapa-y-empezar-nueva-graduacion-chicos-chicas-raval\\\/#breadcrumb\"},\"inLanguage\":\"es\",\"potentialAction\":[{\"@type\":\"ReadAction\",\"target\":[\"https:\\\/\\\/www.casaldelsinfants.org\\\/es\\\/actualidad\\\/cerrar-etapa-y-empezar-nueva-graduacion-chicos-chicas-raval\\\/\"]}]},{\"@type\":\"BreadcrumbList\",\"@id\":\"https:\\\/\\\/www.casaldelsinfants.org\\\/es\\\/actualidad\\\/cerrar-etapa-y-empezar-nueva-graduacion-chicos-chicas-raval\\\/#breadcrumb\",\"itemListElement\":[{\"@type\":\"ListItem\",\"position\":1,\"name\":\"Inici\",\"item\":\"https:\\\/\\\/www.casaldelsinfants.org\\\/es\\\/\"},{\"@type\":\"ListItem\",\"position\":2,\"name\":\"Cerrar una etapa y empezar una nueva: la graduaci\u00f3n de los chicos y chicas del COA Raval\"}]},{\"@type\":\"WebSite\",\"@id\":\"https:\\\/\\\/www.casaldelsinfants.org\\\/es\\\/#website\",\"url\":\"https:\\\/\\\/www.casaldelsinfants.org\\\/es\\\/\",\"name\":\"Casal dels Infants\",\"description\":\"\",\"publisher\":{\"@id\":\"https:\\\/\\\/www.casaldelsinfants.org\\\/es\\\/#organization\"},\"potentialAction\":[{\"@type\":\"SearchAction\",\"target\":{\"@type\":\"EntryPoint\",\"urlTemplate\":\"https:\\\/\\\/www.casaldelsinfants.org\\\/es\\\/?s={search_term_string}\"},\"query-input\":{\"@type\":\"PropertyValueSpecification\",\"valueRequired\":true,\"valueName\":\"search_term_string\"}}],\"inLanguage\":\"es\"},{\"@type\":\"Organization\",\"@id\":\"https:\\\/\\\/www.casaldelsinfants.org\\\/es\\\/#organization\",\"name\":\"Casal dels Infants\",\"url\":\"https:\\\/\\\/www.casaldelsinfants.org\\\/es\\\/\",\"logo\":{\"@type\":\"ImageObject\",\"inLanguage\":\"es\",\"@id\":\"https:\\\/\\\/www.casaldelsinfants.org\\\/es\\\/#\\\/schema\\\/logo\\\/image\\\/\",\"url\":\"https:\\\/\\\/www.casaldelsinfants.org\\\/wp-content\\\/uploads\\\/logo-mail.png\",\"contentUrl\":\"https:\\\/\\\/www.casaldelsinfants.org\\\/wp-content\\\/uploads\\\/logo-mail.png\",\"width\":380,\"height\":158,\"caption\":\"Casal dels Infants\"},\"image\":{\"@id\":\"https:\\\/\\\/www.casaldelsinfants.org\\\/es\\\/#\\\/schema\\\/logo\\\/image\\\/\"},\"sameAs\":[\"https:\\\/\\\/www.facebook.com\\\/casalinfants\",\"https:\\\/\\\/x.com\\\/casalinfants\",\"https:\\\/\\\/www.youtube.com\\\/user\\\/CasaldelsInfants1\",\"https:\\\/\\\/www.instagram.com\\\/casalinfants\\\/\",\"https:\\\/\\\/www.linkedin.com\\\/company\\\/casaldelsinfants?trk=organization-update_share-update_actor-text\"]},{\"@type\":\"Person\",\"@id\":\"https:\\\/\\\/www.casaldelsinfants.org\\\/es\\\/#\\\/schema\\\/person\\\/97707fc8c64900cf36891127dbf9fba8\",\"name\":\"cdiAdmin\",\"sameAs\":[\"https:\\\/\\\/casaldelsinfants.org\"]}]}<\/script>\n<!-- \/ Yoast SEO plugin. -->","yoast_head_json":{"title":"Cerrar una etapa y empezar una de nueva: la graduaci\u00f3n de los chicos y chicas del COA Raval","description":"Los chicos y chicas del Centro Abierto Adolescente (COA) del Casal dels Infants en el Raval que terminan su etapa de cuatro a\u00f1os en el COA celebraron la graduaci\u00f3n a a final de curso con el equipo educativo. Quince chicos y chicas del COA 2 se graduaron, y pueden continuar en el Casal en el Casal Jove Atles.","robots":{"index":"index","follow":"follow","max-snippet":"max-snippet:-1","max-image-preview":"max-image-preview:large","max-video-preview":"max-video-preview:-1"},"canonical":"https:\/\/www.casaldelsinfants.org\/es\/actualidad\/cerrar-etapa-y-empezar-nueva-graduacion-chicos-chicas-raval\/","og_locale":"es_ES","og_type":"article","og_title":"Cerrar una etapa y empezar una de nueva: la graduaci\u00f3n de los chicos y chicas del COA Raval","og_description":"Los chicos y chicas del Centro Abierto Adolescente (COA) del Casal dels Infants en el Raval que terminan su etapa de cuatro a\u00f1os en el COA celebraron la graduaci\u00f3n a a final de curso con el equipo educativo. Quince chicos y chicas del COA 2 se graduaron, y pueden continuar en el Casal en el Casal Jove Atles.","og_url":"https:\/\/www.casaldelsinfants.org\/es\/actualidad\/cerrar-etapa-y-empezar-nueva-graduacion-chicos-chicas-raval\/","og_site_name":"Casal dels Infants","article_publisher":"https:\/\/www.facebook.com\/casalinfants","article_published_time":"2022-06-20T09:25:06+00:00","article_modified_time":"2023-05-01T15:39:44+00:00","author":"cdiAdmin","twitter_card":"summary_large_image","twitter_creator":"@casalinfants","twitter_site":"@casalinfants","twitter_misc":{"Escrito por":"cdiAdmin","Tiempo de lectura":"3 minutos"},"schema":{"@context":"https:\/\/schema.org","@graph":[{"@type":"Article","@id":"https:\/\/www.casaldelsinfants.org\/es\/actualidad\/cerrar-etapa-y-empezar-nueva-graduacion-chicos-chicas-raval\/#article","isPartOf":{"@id":"https:\/\/www.casaldelsinfants.org\/es\/actualidad\/cerrar-etapa-y-empezar-nueva-graduacion-chicos-chicas-raval\/"},"author":{"name":"cdiAdmin","@id":"https:\/\/www.casaldelsinfants.org\/es\/#\/schema\/person\/97707fc8c64900cf36891127dbf9fba8"},"headline":"Cerrar una etapa y empezar una nueva: la graduaci\u00f3n de los chicos y chicas del COA Raval","datePublished":"2022-06-20T09:25:06+00:00","dateModified":"2023-05-01T15:39:44+00:00","mainEntityOfPage":{"@id":"https:\/\/www.casaldelsinfants.org\/es\/actualidad\/cerrar-etapa-y-empezar-nueva-graduacion-chicos-chicas-raval\/"},"wordCount":650,"commentCount":0,"publisher":{"@id":"https:\/\/www.casaldelsinfants.org\/es\/#organization"},"articleSection":["Noticia"],"inLanguage":"es","potentialAction":[{"@type":"CommentAction","name":"Comment","target":["https:\/\/www.casaldelsinfants.org\/es\/actualidad\/cerrar-etapa-y-empezar-nueva-graduacion-chicos-chicas-raval\/#respond"]}]},{"@type":"WebPage","@id":"https:\/\/www.casaldelsinfants.org\/es\/actualidad\/cerrar-etapa-y-empezar-nueva-graduacion-chicos-chicas-raval\/","url":"https:\/\/www.casaldelsinfants.org\/es\/actualidad\/cerrar-etapa-y-empezar-nueva-graduacion-chicos-chicas-raval\/","name":"Cerrar una etapa y empezar una de nueva: la graduaci\u00f3n de los chicos y chicas del COA Raval","isPartOf":{"@id":"https:\/\/www.casaldelsinfants.org\/es\/#website"},"datePublished":"2022-06-20T09:25:06+00:00","dateModified":"2023-05-01T15:39:44+00:00","description":"Los chicos y chicas del Centro Abierto Adolescente (COA) del Casal dels Infants en el Raval que terminan su etapa de cuatro a\u00f1os en el COA celebraron la graduaci\u00f3n a a final de curso con el equipo educativo. Quince chicos y chicas del COA 2 se graduaron, y pueden continuar en el Casal en el Casal Jove Atles.","breadcrumb":{"@id":"https:\/\/www.casaldelsinfants.org\/es\/actualidad\/cerrar-etapa-y-empezar-nueva-graduacion-chicos-chicas-raval\/#breadcrumb"},"inLanguage":"es","potentialAction":[{"@type":"ReadAction","target":["https:\/\/www.casaldelsinfants.org\/es\/actualidad\/cerrar-etapa-y-empezar-nueva-graduacion-chicos-chicas-raval\/"]}]},{"@type":"BreadcrumbList","@id":"https:\/\/www.casaldelsinfants.org\/es\/actualidad\/cerrar-etapa-y-empezar-nueva-graduacion-chicos-chicas-raval\/#breadcrumb","itemListElement":[{"@type":"ListItem","position":1,"name":"Inici","item":"https:\/\/www.casaldelsinfants.org\/es\/"},{"@type":"ListItem","position":2,"name":"Cerrar una etapa y empezar una nueva: la graduaci\u00f3n de los chicos y chicas del COA Raval"}]},{"@type":"WebSite","@id":"https:\/\/www.casaldelsinfants.org\/es\/#website","url":"https:\/\/www.casaldelsinfants.org\/es\/","name":"Casal dels Infants","description":"","publisher":{"@id":"https:\/\/www.casaldelsinfants.org\/es\/#organization"},"potentialAction":[{"@type":"SearchAction","target":{"@type":"EntryPoint","urlTemplate":"https:\/\/www.casaldelsinfants.org\/es\/?s={search_term_string}"},"query-input":{"@type":"PropertyValueSpecification","valueRequired":true,"valueName":"search_term_string"}}],"inLanguage":"es"},{"@type":"Organization","@id":"https:\/\/www.casaldelsinfants.org\/es\/#organization","name":"Casal dels Infants","url":"https:\/\/www.casaldelsinfants.org\/es\/","logo":{"@type":"ImageObject","inLanguage":"es","@id":"https:\/\/www.casaldelsinfants.org\/es\/#\/schema\/logo\/image\/","url":"https:\/\/www.casaldelsinfants.org\/wp-content\/uploads\/logo-mail.png","contentUrl":"https:\/\/www.casaldelsinfants.org\/wp-content\/uploads\/logo-mail.png","width":380,"height":158,"caption":"Casal dels Infants"},"image":{"@id":"https:\/\/www.casaldelsinfants.org\/es\/#\/schema\/logo\/image\/"},"sameAs":["https:\/\/www.facebook.com\/casalinfants","https:\/\/x.com\/casalinfants","https:\/\/www.youtube.com\/user\/CasaldelsInfants1","https:\/\/www.instagram.com\/casalinfants\/","https:\/\/www.linkedin.com\/company\/casaldelsinfants?trk=organization-update_share-update_actor-text"]},{"@type":"Person","@id":"https:\/\/www.casaldelsinfants.org\/es\/#\/schema\/person\/97707fc8c64900cf36891127dbf9fba8","name":"cdiAdmin","sameAs":["https:\/\/casaldelsinfants.org"]}]}},"publishpress_future_action":{"enabled":false,"date":"2026-05-09 03:04:56","action":"change-status","newStatus":"draft","terms":[],"taxonomy":"category","extraData":[]},"publishpress_future_workflow_manual_trigger":{"enabledWorkflows":[]},"_links":{"self":[{"href":"https:\/\/www.casaldelsinfants.org\/es\/wp-json\/wp\/v2\/posts\/4215","targetHints":{"allow":["GET"]}}],"collection":[{"href":"https:\/\/www.casaldelsinfants.org\/es\/wp-json\/wp\/v2\/posts"}],"about":[{"href":"https:\/\/www.casaldelsinfants.org\/es\/wp-json\/wp\/v2\/types\/post"}],"author":[{"embeddable":true,"href":"https:\/\/www.casaldelsinfants.org\/es\/wp-json\/wp\/v2\/users\/1"}],"replies":[{"embeddable":true,"href":"https:\/\/www.casaldelsinfants.org\/es\/wp-json\/wp\/v2\/comments?post=4215"}],"version-history":[{"count":1,"href":"https:\/\/www.casaldelsinfants.org\/es\/wp-json\/wp\/v2\/posts\/4215\/revisions"}],"predecessor-version":[{"id":6208,"href":"https:\/\/www.casaldelsinfants.org\/es\/wp-json\/wp\/v2\/posts\/4215\/revisions\/6208"}],"wp:attachment":[{"href":"https:\/\/www.casaldelsinfants.org\/es\/wp-json\/wp\/v2\/media?parent=4215"}],"wp:term":[{"taxonomy":"category","embeddable":true,"href":"https:\/\/www.casaldelsinfants.org\/es\/wp-json\/wp\/v2\/categories?post=4215"},{"taxonomy":"post_tag","embeddable":true,"href":"https:\/\/www.casaldelsinfants.org\/es\/wp-json\/wp\/v2\/tags?post=4215"},{"taxonomy":"seus","embeddable":true,"href":"https:\/\/www.casaldelsinfants.org\/es\/wp-json\/wp\/v2\/seus?post=4215"},{"taxonomy":"eixos","embeddable":true,"href":"https:\/\/www.casaldelsinfants.org\/es\/wp-json\/wp\/v2\/eixos?post=4215"}],"curies":[{"name":"wp","href":"https:\/\/api.w.org\/{rel}","templated":true}]}}