{"id":4219,"date":"2022-06-09T09:43:34","date_gmt":"2022-06-09T07:43:34","guid":{"rendered":"https:\/\/casal.puntzero.cat\/noticies\/el-final-de-curs-als-serveis-i-espais-de-reforc-educatiu-del-casal\/"},"modified":"2023-10-26T15:52:35","modified_gmt":"2023-10-26T13:52:35","slug":"el-final-de-curs-als-serveis-i-espais-de-reforc-educatiu-del-casal","status":"publish","type":"post","link":"https:\/\/www.casaldelsinfants.org\/es\/actualidad\/el-final-de-curs-als-serveis-i-espais-de-reforc-educatiu-del-casal\/","title":{"rendered":"El fin de curso en los servicios y espacios de refuerzo educativo del Casal"},"content":{"rendered":"<p><span style=\"display: none;\">\u00a0<\/span><span style=\"display: none;\">\u00a0<\/span><span style=\"color: #000000;\">En las puertas de final de curso, con trabajos y ex\u00e1menes finales, con cr\u00e9ditos de s\u00edntesis y trabajo de investigaci\u00f3n para concluir,<strong> los espacios de refuerzo educativo del Casal dels Infants<\/strong> son un ir y venir de chicos y chicas. Aqu\u00ed reciben apoyo y ayuda de educadores y educadoras, y el equipo de personas voluntarias. Hacen los deberes y tareas de la escuela e instituto, repasan esas asignaturas que m\u00e1s les cuestan, y encuentran personas que les escuchan y les gu\u00edan en un momento donde les toca tomar decisiones para comenzar a encaminar su futuro.\u00a0<\/span><\/p>\n<p><span style=\"color: #000000;\">En el Raval, Badalona, Santa Coloma, Bes\u00f2s i La Mina y Salt, tenemos repartidos un total de <strong>22 servicios donde m\u00e1s de 2.000 ni\u00f1os, adolescentes y j\u00f3venes reciben refuerzo educativo y acompa\u00f1amiento<\/strong> en sus habilidades personales, sociales y de aprendizaje.\u00a0<\/span><\/p>\n<p dir=\"ltr\"><span style=\"color: #000000;\"><strong>Emily<\/strong> tiene 18 a\u00f1os y es participante en el <strong>Casal Jove<\/strong> del Casal dels Infants de Santa Coloma. El Casal Jove es un espacio de ocio educativo para j\u00f3venes de m\u00e1s de 16 a\u00f1os, donde son acogidos y escuchados, pueden hacer amigos y red, y encontrar apoyo en su recorrido acad\u00e9mico e itinerario formativo. \u201cEs un espacio para hacer trabajo, pero tambi\u00e9n para desconectar de las tareas del instituto\u201d. Emily est\u00e1 a punto de terminar segundo de bachillerato. Ha llegado hasta aqu\u00ed gracias a su esfuerzo y determinaci\u00f3n, y al apoyo de los educadores, educadoras y personas voluntarias.\u00a0<\/span><\/p>\n<p dir=\"ltr\"><span style=\"display: none;\">\u00a0<\/span><\/p>\n<div class=\"video-embed-field-responsive-video form-group\"><iframe loading=\"lazy\" src=\"https:\/\/www.youtube.com\/embed\/eQHR7_PUHH8?autoplay=0&amp;start=0&amp;rel=0\" width=\"854\" height=\"480\" frameborder=\"0\" allowfullscreen=\"allowfullscreen\"><\/iframe><\/div>\n<p dir=\"ltr\"><span style=\"color: #000000;\">Hay un voluntario que ha ayudado a Emily particularmente.<strong> Josep Maria es voluntario en el Casal desde hace un a\u00f1o<\/strong>, y apoya a los j\u00f3venes con los estudios dos tardes a la semana, sobre todo, de la asignatura de matem\u00e1ticas . \u201cEmily necesitaba apoyo con las matem\u00e1ticas, y pr\u00e1cticamente no hab\u00eda nadie m\u00e1s que hiciera refuerzo con esta asignatura, as\u00ed que fue con quien m\u00e1s trabaj\u00e9. A m\u00ed me encanta ense\u00f1ar matem\u00e1ticas y ella es muy aplicada\u201d, explica Josep Maria. Uno de los aprendizajes que Emily saca de un recorrido duro por bachillerato, aparte de una gran mejora en las matem\u00e1ticas, es marcarse metas cortas, y su objetivo ahora es aprobarlo. Despu\u00e9s, a pesar que su idea inicial era ir a la selectividad, ha escogido el camino de la formaci\u00f3n profesional. Emily <strong>continuar\u00e1 teniendo el apoyo y acompa\u00f1amiento del Casal en esta nueva etapa<\/strong>, donde se volver\u00e1 a encontrar a Josep Maria.<\/span><\/p>\n<p dir=\"ltr\"><span style=\"color: #000000;\">Por otro lado, los <strong>Centres Oberts d\u2019Adolescents (COA)<\/strong> es otro servicio para chicos y chicas de 12 a 16 a\u00f1os, para el refuerzo acad\u00e9mico y el acompa\u00f1amiento emocional en una <strong>etapa vital compleja y llena de cambios<\/strong>. Tranquilas por no tener ex\u00e1menes finales, Chatila y Judith, del COA del Casal dels Infants de Santa Coloma, de 2\u00ba y 4\u00ba de ESO, respectivamente, reflexionan sobre su crecimiento a lo largo del curso. \u201cAl principio de curso estaba un poco nerviosa, porque primero de ESO me fue regular, pero ahora me he acostumbrado y estoy muy bien\u201d, relata Chatila.<\/span><\/p>\n<div class=\"video-embed-field-responsive-video form-group\"><iframe loading=\"lazy\" src=\"https:\/\/www.youtube.com\/embed\/bl8Q08TGoqI?autoplay=0&amp;start=0&amp;rel=0\" width=\"854\" height=\"480\" frameborder=\"0\" allowfullscreen=\"allowfullscreen\"><\/iframe><\/div>\n<p dir=\"ltr\"><span style=\"color: #000000;\">Para Judith, este es su \u00faltimo a\u00f1o de ESO, que valora de forma muy positiva. \u201cHe tenido la suerte de tener unos buenos profesores y <strong>una ayuda aqu\u00ed en el Casal que tambi\u00e9n me va muy bien para continuar<\/strong>\u201d, explica. Y as\u00ed ser\u00e1 una vez haya aprobado el curso, ya que Judith quiere seguir su itinerario acad\u00e9mico en las formaciones profesionales, puede que en Hosteler\u00eda y Turismo, Comercio y Marketing, o Videojuegos y Sonido.\u00a0<\/span><\/p>\n<p dir=\"ltr\"><span style=\"color: #000000;\">A todas ellas les quedan los d\u00edas de m\u00e1s nervios, de resultados y notas finales y de saber si han aprobado todas las asignaturas, o si se sacan el t\u00edtulo de ESO o de bachillerato. Por delante, tienen un verano donde descansar y desconectar, e irse de colonias y campamentos con el Casal.<\/span><\/p>\n<blockquote><p><strong>Fes possible que continuem acompanyant i fent costat a infants, joves i fam\u00edlies en situaci\u00f3 de vulnerabilitat.\u00a0<\/strong><\/p>\n<p>Fes\u00a0<strong>voluntariat<\/strong>. Informa&#8217;t\u00a0<a href=\"https:\/\/www.casaldelsinfants.org\/es\/que-puedes-hacer-tu\/voluntariado\/\" target=\"_blank\" rel=\"noopener\"><u>aqu\u00ed<\/u><\/a>.<\/p>\n<p>Fes un\u00a0<strong>donatiu<\/strong>\u00a0<a href=\"https:\/\/www.casaldelsinfants.org\/es\/dona-ahora\/\" target=\"_blank\" rel=\"noopener\"><u>aqu\u00ed<\/u><\/a>.<\/p><\/blockquote>\n","protected":false},"excerpt":{"rendered":"<p>\u00a0\u00a0En las puertas de final de curso, con trabajos y ex\u00e1menes finales, con cr\u00e9ditos de s\u00edntesis y trabajo de investigaci\u00f3n para concluir, los espacios de refuerzo educativo del Casal dels Infants son un ir y venir de chicos y chicas. Aqu\u00ed reciben apoyo y ayuda de educadores y educadoras, y el equipo de personas voluntarias. [&hellip;]<\/p>\n","protected":false},"author":1,"featured_media":2925,"comment_status":"open","ping_status":"open","sticky":false,"template":"","format":"standard","meta":{"_acf_changed":false,"_et_pb_use_builder":"","_et_pb_old_content":"","_et_gb_content_width":"","inline_featured_image":false,"footnotes":""},"categories":[125],"tags":[],"seus":[],"eixos":[99],"class_list":["post-4219","post","type-post","status-publish","format-standard","has-post-thumbnail","hentry","category-noticias","eixos-infancia-y-adolescencia"],"acf":[],"yoast_head":"<!-- This site is optimized with the Yoast SEO plugin v27.4 - https:\/\/yoast.com\/product\/yoast-seo-wordpress\/ -->\n<title>El fin de curso en los servicios y espacios de refuerzo educativo del Casal<\/title>\n<meta name=\"description\" content=\"Llegando a fin de curso, los chicos y chicas participantes en el Casal dels Infants se preparan para cerrar el a\u00f1o acad\u00e9mico en los espacios y centros socioeducativos, en los Centres Oberts Adolescents y en los Casal Jove, donde encuentran un espacio de refuerzo educativo y acompa\u00f1amiento emocional en las etapas vitales complejas para adolescentes.\" \/>\n<meta name=\"robots\" content=\"index, follow, max-snippet:-1, max-image-preview:large, max-video-preview:-1\" \/>\n<link rel=\"canonical\" href=\"https:\/\/www.casaldelsinfants.org\/es\/actualidad\/el-final-de-curs-als-serveis-i-espais-de-reforc-educatiu-del-casal\/\" \/>\n<meta property=\"og:locale\" content=\"es_ES\" \/>\n<meta property=\"og:type\" content=\"article\" \/>\n<meta property=\"og:title\" content=\"El fin de curso en los servicios y espacios de refuerzo educativo del Casal\" \/>\n<meta property=\"og:description\" content=\"Llegando a fin de curso, los chicos y chicas participantes en el Casal dels Infants se preparan para cerrar el a\u00f1o acad\u00e9mico en los espacios y centros socioeducativos, en los Centres Oberts Adolescents y en los Casal Jove, donde encuentran un espacio de refuerzo educativo y acompa\u00f1amiento emocional en las etapas vitales complejas para adolescentes.\" \/>\n<meta property=\"og:url\" content=\"https:\/\/www.casaldelsinfants.org\/es\/actualidad\/el-final-de-curs-als-serveis-i-espais-de-reforc-educatiu-del-casal\/\" \/>\n<meta property=\"og:site_name\" content=\"Casal dels Infants\" \/>\n<meta property=\"article:publisher\" content=\"https:\/\/www.facebook.com\/casalinfants\" \/>\n<meta property=\"article:published_time\" content=\"2022-06-09T07:43:34+00:00\" \/>\n<meta property=\"article:modified_time\" content=\"2023-10-26T13:52:35+00:00\" \/>\n<meta property=\"og:image\" content=\"https:\/\/www.casaldelsinfants.org\/wp-content\/uploads\/foto_2.jpg\" \/>\n\t<meta property=\"og:image:width\" content=\"1920\" \/>\n\t<meta property=\"og:image:height\" content=\"1080\" \/>\n\t<meta property=\"og:image:type\" content=\"image\/jpeg\" \/>\n<meta name=\"author\" content=\"cdiAdmin\" \/>\n<meta name=\"twitter:card\" content=\"summary_large_image\" \/>\n<meta name=\"twitter:creator\" content=\"@casalinfants\" \/>\n<meta name=\"twitter:site\" content=\"@casalinfants\" \/>\n<meta name=\"twitter:label1\" content=\"Escrito por\" \/>\n\t<meta name=\"twitter:data1\" content=\"cdiAdmin\" \/>\n\t<meta name=\"twitter:label2\" content=\"Tiempo de lectura\" \/>\n\t<meta name=\"twitter:data2\" content=\"4 minutos\" \/>\n<script type=\"application\/ld+json\" class=\"yoast-schema-graph\">{\"@context\":\"https:\\\/\\\/schema.org\",\"@graph\":[{\"@type\":\"Article\",\"@id\":\"https:\\\/\\\/www.casaldelsinfants.org\\\/es\\\/actualidad\\\/el-final-de-curs-als-serveis-i-espais-de-reforc-educatiu-del-casal\\\/#article\",\"isPartOf\":{\"@id\":\"https:\\\/\\\/www.casaldelsinfants.org\\\/es\\\/actualidad\\\/el-final-de-curs-als-serveis-i-espais-de-reforc-educatiu-del-casal\\\/\"},\"author\":{\"name\":\"cdiAdmin\",\"@id\":\"https:\\\/\\\/www.casaldelsinfants.org\\\/es\\\/#\\\/schema\\\/person\\\/97707fc8c64900cf36891127dbf9fba8\"},\"headline\":\"El fin de curso en los servicios y espacios de refuerzo educativo del Casal\",\"datePublished\":\"2022-06-09T07:43:34+00:00\",\"dateModified\":\"2023-10-26T13:52:35+00:00\",\"mainEntityOfPage\":{\"@id\":\"https:\\\/\\\/www.casaldelsinfants.org\\\/es\\\/actualidad\\\/el-final-de-curs-als-serveis-i-espais-de-reforc-educatiu-del-casal\\\/\"},\"wordCount\":685,\"commentCount\":0,\"publisher\":{\"@id\":\"https:\\\/\\\/www.casaldelsinfants.org\\\/es\\\/#organization\"},\"image\":{\"@id\":\"https:\\\/\\\/www.casaldelsinfants.org\\\/es\\\/actualidad\\\/el-final-de-curs-als-serveis-i-espais-de-reforc-educatiu-del-casal\\\/#primaryimage\"},\"thumbnailUrl\":\"https:\\\/\\\/www.casaldelsinfants.org\\\/wp-content\\\/uploads\\\/foto_2.jpg\",\"articleSection\":[\"Noticia\"],\"inLanguage\":\"es\",\"potentialAction\":[{\"@type\":\"CommentAction\",\"name\":\"Comment\",\"target\":[\"https:\\\/\\\/www.casaldelsinfants.org\\\/es\\\/actualidad\\\/el-final-de-curs-als-serveis-i-espais-de-reforc-educatiu-del-casal\\\/#respond\"]}]},{\"@type\":\"WebPage\",\"@id\":\"https:\\\/\\\/www.casaldelsinfants.org\\\/es\\\/actualidad\\\/el-final-de-curs-als-serveis-i-espais-de-reforc-educatiu-del-casal\\\/\",\"url\":\"https:\\\/\\\/www.casaldelsinfants.org\\\/es\\\/actualidad\\\/el-final-de-curs-als-serveis-i-espais-de-reforc-educatiu-del-casal\\\/\",\"name\":\"El fin de curso en los servicios y espacios de refuerzo educativo del Casal\",\"isPartOf\":{\"@id\":\"https:\\\/\\\/www.casaldelsinfants.org\\\/es\\\/#website\"},\"primaryImageOfPage\":{\"@id\":\"https:\\\/\\\/www.casaldelsinfants.org\\\/es\\\/actualidad\\\/el-final-de-curs-als-serveis-i-espais-de-reforc-educatiu-del-casal\\\/#primaryimage\"},\"image\":{\"@id\":\"https:\\\/\\\/www.casaldelsinfants.org\\\/es\\\/actualidad\\\/el-final-de-curs-als-serveis-i-espais-de-reforc-educatiu-del-casal\\\/#primaryimage\"},\"thumbnailUrl\":\"https:\\\/\\\/www.casaldelsinfants.org\\\/wp-content\\\/uploads\\\/foto_2.jpg\",\"datePublished\":\"2022-06-09T07:43:34+00:00\",\"dateModified\":\"2023-10-26T13:52:35+00:00\",\"description\":\"Llegando a fin de curso, los chicos y chicas participantes en el Casal dels Infants se preparan para cerrar el a\u00f1o acad\u00e9mico en los espacios y centros socioeducativos, en los Centres Oberts Adolescents y en los Casal Jove, donde encuentran un espacio de refuerzo educativo y acompa\u00f1amiento emocional en las etapas vitales complejas para adolescentes.\",\"breadcrumb\":{\"@id\":\"https:\\\/\\\/www.casaldelsinfants.org\\\/es\\\/actualidad\\\/el-final-de-curs-als-serveis-i-espais-de-reforc-educatiu-del-casal\\\/#breadcrumb\"},\"inLanguage\":\"es\",\"potentialAction\":[{\"@type\":\"ReadAction\",\"target\":[\"https:\\\/\\\/www.casaldelsinfants.org\\\/es\\\/actualidad\\\/el-final-de-curs-als-serveis-i-espais-de-reforc-educatiu-del-casal\\\/\"]}]},{\"@type\":\"ImageObject\",\"inLanguage\":\"es\",\"@id\":\"https:\\\/\\\/www.casaldelsinfants.org\\\/es\\\/actualidad\\\/el-final-de-curs-als-serveis-i-espais-de-reforc-educatiu-del-casal\\\/#primaryimage\",\"url\":\"https:\\\/\\\/www.casaldelsinfants.org\\\/wp-content\\\/uploads\\\/foto_2.jpg\",\"contentUrl\":\"https:\\\/\\\/www.casaldelsinfants.org\\\/wp-content\\\/uploads\\\/foto_2.jpg\",\"width\":1920,\"height\":1080,\"caption\":\"Nois i noies asseguts en cadires en rotllana parlant de final de cursos.\"},{\"@type\":\"BreadcrumbList\",\"@id\":\"https:\\\/\\\/www.casaldelsinfants.org\\\/es\\\/actualidad\\\/el-final-de-curs-als-serveis-i-espais-de-reforc-educatiu-del-casal\\\/#breadcrumb\",\"itemListElement\":[{\"@type\":\"ListItem\",\"position\":1,\"name\":\"Inici\",\"item\":\"https:\\\/\\\/www.casaldelsinfants.org\\\/es\\\/\"},{\"@type\":\"ListItem\",\"position\":2,\"name\":\"El fin de curso en los servicios y espacios de refuerzo educativo del Casal\"}]},{\"@type\":\"WebSite\",\"@id\":\"https:\\\/\\\/www.casaldelsinfants.org\\\/es\\\/#website\",\"url\":\"https:\\\/\\\/www.casaldelsinfants.org\\\/es\\\/\",\"name\":\"Casal dels Infants\",\"description\":\"\",\"publisher\":{\"@id\":\"https:\\\/\\\/www.casaldelsinfants.org\\\/es\\\/#organization\"},\"potentialAction\":[{\"@type\":\"SearchAction\",\"target\":{\"@type\":\"EntryPoint\",\"urlTemplate\":\"https:\\\/\\\/www.casaldelsinfants.org\\\/es\\\/?s={search_term_string}\"},\"query-input\":{\"@type\":\"PropertyValueSpecification\",\"valueRequired\":true,\"valueName\":\"search_term_string\"}}],\"inLanguage\":\"es\"},{\"@type\":\"Organization\",\"@id\":\"https:\\\/\\\/www.casaldelsinfants.org\\\/es\\\/#organization\",\"name\":\"Casal dels Infants\",\"url\":\"https:\\\/\\\/www.casaldelsinfants.org\\\/es\\\/\",\"logo\":{\"@type\":\"ImageObject\",\"inLanguage\":\"es\",\"@id\":\"https:\\\/\\\/www.casaldelsinfants.org\\\/es\\\/#\\\/schema\\\/logo\\\/image\\\/\",\"url\":\"https:\\\/\\\/www.casaldelsinfants.org\\\/wp-content\\\/uploads\\\/logo-mail.png\",\"contentUrl\":\"https:\\\/\\\/www.casaldelsinfants.org\\\/wp-content\\\/uploads\\\/logo-mail.png\",\"width\":380,\"height\":158,\"caption\":\"Casal dels Infants\"},\"image\":{\"@id\":\"https:\\\/\\\/www.casaldelsinfants.org\\\/es\\\/#\\\/schema\\\/logo\\\/image\\\/\"},\"sameAs\":[\"https:\\\/\\\/www.facebook.com\\\/casalinfants\",\"https:\\\/\\\/x.com\\\/casalinfants\",\"https:\\\/\\\/www.youtube.com\\\/user\\\/CasaldelsInfants1\",\"https:\\\/\\\/www.instagram.com\\\/casalinfants\\\/\",\"https:\\\/\\\/www.linkedin.com\\\/company\\\/casaldelsinfants?trk=organization-update_share-update_actor-text\"]},{\"@type\":\"Person\",\"@id\":\"https:\\\/\\\/www.casaldelsinfants.org\\\/es\\\/#\\\/schema\\\/person\\\/97707fc8c64900cf36891127dbf9fba8\",\"name\":\"cdiAdmin\",\"sameAs\":[\"https:\\\/\\\/casaldelsinfants.org\"]}]}<\/script>\n<!-- \/ Yoast SEO plugin. -->","yoast_head_json":{"title":"El fin de curso en los servicios y espacios de refuerzo educativo del Casal","description":"Llegando a fin de curso, los chicos y chicas participantes en el Casal dels Infants se preparan para cerrar el a\u00f1o acad\u00e9mico en los espacios y centros socioeducativos, en los Centres Oberts Adolescents y en los Casal Jove, donde encuentran un espacio de refuerzo educativo y acompa\u00f1amiento emocional en las etapas vitales complejas para adolescentes.","robots":{"index":"index","follow":"follow","max-snippet":"max-snippet:-1","max-image-preview":"max-image-preview:large","max-video-preview":"max-video-preview:-1"},"canonical":"https:\/\/www.casaldelsinfants.org\/es\/actualidad\/el-final-de-curs-als-serveis-i-espais-de-reforc-educatiu-del-casal\/","og_locale":"es_ES","og_type":"article","og_title":"El fin de curso en los servicios y espacios de refuerzo educativo del Casal","og_description":"Llegando a fin de curso, los chicos y chicas participantes en el Casal dels Infants se preparan para cerrar el a\u00f1o acad\u00e9mico en los espacios y centros socioeducativos, en los Centres Oberts Adolescents y en los Casal Jove, donde encuentran un espacio de refuerzo educativo y acompa\u00f1amiento emocional en las etapas vitales complejas para adolescentes.","og_url":"https:\/\/www.casaldelsinfants.org\/es\/actualidad\/el-final-de-curs-als-serveis-i-espais-de-reforc-educatiu-del-casal\/","og_site_name":"Casal dels Infants","article_publisher":"https:\/\/www.facebook.com\/casalinfants","article_published_time":"2022-06-09T07:43:34+00:00","article_modified_time":"2023-10-26T13:52:35+00:00","og_image":[{"width":1920,"height":1080,"url":"https:\/\/www.casaldelsinfants.org\/wp-content\/uploads\/foto_2.jpg","type":"image\/jpeg"}],"author":"cdiAdmin","twitter_card":"summary_large_image","twitter_creator":"@casalinfants","twitter_site":"@casalinfants","twitter_misc":{"Escrito por":"cdiAdmin","Tiempo de lectura":"4 minutos"},"schema":{"@context":"https:\/\/schema.org","@graph":[{"@type":"Article","@id":"https:\/\/www.casaldelsinfants.org\/es\/actualidad\/el-final-de-curs-als-serveis-i-espais-de-reforc-educatiu-del-casal\/#article","isPartOf":{"@id":"https:\/\/www.casaldelsinfants.org\/es\/actualidad\/el-final-de-curs-als-serveis-i-espais-de-reforc-educatiu-del-casal\/"},"author":{"name":"cdiAdmin","@id":"https:\/\/www.casaldelsinfants.org\/es\/#\/schema\/person\/97707fc8c64900cf36891127dbf9fba8"},"headline":"El fin de curso en los servicios y espacios de refuerzo educativo del Casal","datePublished":"2022-06-09T07:43:34+00:00","dateModified":"2023-10-26T13:52:35+00:00","mainEntityOfPage":{"@id":"https:\/\/www.casaldelsinfants.org\/es\/actualidad\/el-final-de-curs-als-serveis-i-espais-de-reforc-educatiu-del-casal\/"},"wordCount":685,"commentCount":0,"publisher":{"@id":"https:\/\/www.casaldelsinfants.org\/es\/#organization"},"image":{"@id":"https:\/\/www.casaldelsinfants.org\/es\/actualidad\/el-final-de-curs-als-serveis-i-espais-de-reforc-educatiu-del-casal\/#primaryimage"},"thumbnailUrl":"https:\/\/www.casaldelsinfants.org\/wp-content\/uploads\/foto_2.jpg","articleSection":["Noticia"],"inLanguage":"es","potentialAction":[{"@type":"CommentAction","name":"Comment","target":["https:\/\/www.casaldelsinfants.org\/es\/actualidad\/el-final-de-curs-als-serveis-i-espais-de-reforc-educatiu-del-casal\/#respond"]}]},{"@type":"WebPage","@id":"https:\/\/www.casaldelsinfants.org\/es\/actualidad\/el-final-de-curs-als-serveis-i-espais-de-reforc-educatiu-del-casal\/","url":"https:\/\/www.casaldelsinfants.org\/es\/actualidad\/el-final-de-curs-als-serveis-i-espais-de-reforc-educatiu-del-casal\/","name":"El fin de curso en los servicios y espacios de refuerzo educativo del Casal","isPartOf":{"@id":"https:\/\/www.casaldelsinfants.org\/es\/#website"},"primaryImageOfPage":{"@id":"https:\/\/www.casaldelsinfants.org\/es\/actualidad\/el-final-de-curs-als-serveis-i-espais-de-reforc-educatiu-del-casal\/#primaryimage"},"image":{"@id":"https:\/\/www.casaldelsinfants.org\/es\/actualidad\/el-final-de-curs-als-serveis-i-espais-de-reforc-educatiu-del-casal\/#primaryimage"},"thumbnailUrl":"https:\/\/www.casaldelsinfants.org\/wp-content\/uploads\/foto_2.jpg","datePublished":"2022-06-09T07:43:34+00:00","dateModified":"2023-10-26T13:52:35+00:00","description":"Llegando a fin de curso, los chicos y chicas participantes en el Casal dels Infants se preparan para cerrar el a\u00f1o acad\u00e9mico en los espacios y centros socioeducativos, en los Centres Oberts Adolescents y en los Casal Jove, donde encuentran un espacio de refuerzo educativo y acompa\u00f1amiento emocional en las etapas vitales complejas para adolescentes.","breadcrumb":{"@id":"https:\/\/www.casaldelsinfants.org\/es\/actualidad\/el-final-de-curs-als-serveis-i-espais-de-reforc-educatiu-del-casal\/#breadcrumb"},"inLanguage":"es","potentialAction":[{"@type":"ReadAction","target":["https:\/\/www.casaldelsinfants.org\/es\/actualidad\/el-final-de-curs-als-serveis-i-espais-de-reforc-educatiu-del-casal\/"]}]},{"@type":"ImageObject","inLanguage":"es","@id":"https:\/\/www.casaldelsinfants.org\/es\/actualidad\/el-final-de-curs-als-serveis-i-espais-de-reforc-educatiu-del-casal\/#primaryimage","url":"https:\/\/www.casaldelsinfants.org\/wp-content\/uploads\/foto_2.jpg","contentUrl":"https:\/\/www.casaldelsinfants.org\/wp-content\/uploads\/foto_2.jpg","width":1920,"height":1080,"caption":"Nois i noies asseguts en cadires en rotllana parlant de final de cursos."},{"@type":"BreadcrumbList","@id":"https:\/\/www.casaldelsinfants.org\/es\/actualidad\/el-final-de-curs-als-serveis-i-espais-de-reforc-educatiu-del-casal\/#breadcrumb","itemListElement":[{"@type":"ListItem","position":1,"name":"Inici","item":"https:\/\/www.casaldelsinfants.org\/es\/"},{"@type":"ListItem","position":2,"name":"El fin de curso en los servicios y espacios de refuerzo educativo del Casal"}]},{"@type":"WebSite","@id":"https:\/\/www.casaldelsinfants.org\/es\/#website","url":"https:\/\/www.casaldelsinfants.org\/es\/","name":"Casal dels Infants","description":"","publisher":{"@id":"https:\/\/www.casaldelsinfants.org\/es\/#organization"},"potentialAction":[{"@type":"SearchAction","target":{"@type":"EntryPoint","urlTemplate":"https:\/\/www.casaldelsinfants.org\/es\/?s={search_term_string}"},"query-input":{"@type":"PropertyValueSpecification","valueRequired":true,"valueName":"search_term_string"}}],"inLanguage":"es"},{"@type":"Organization","@id":"https:\/\/www.casaldelsinfants.org\/es\/#organization","name":"Casal dels Infants","url":"https:\/\/www.casaldelsinfants.org\/es\/","logo":{"@type":"ImageObject","inLanguage":"es","@id":"https:\/\/www.casaldelsinfants.org\/es\/#\/schema\/logo\/image\/","url":"https:\/\/www.casaldelsinfants.org\/wp-content\/uploads\/logo-mail.png","contentUrl":"https:\/\/www.casaldelsinfants.org\/wp-content\/uploads\/logo-mail.png","width":380,"height":158,"caption":"Casal dels Infants"},"image":{"@id":"https:\/\/www.casaldelsinfants.org\/es\/#\/schema\/logo\/image\/"},"sameAs":["https:\/\/www.facebook.com\/casalinfants","https:\/\/x.com\/casalinfants","https:\/\/www.youtube.com\/user\/CasaldelsInfants1","https:\/\/www.instagram.com\/casalinfants\/","https:\/\/www.linkedin.com\/company\/casaldelsinfants?trk=organization-update_share-update_actor-text"]},{"@type":"Person","@id":"https:\/\/www.casaldelsinfants.org\/es\/#\/schema\/person\/97707fc8c64900cf36891127dbf9fba8","name":"cdiAdmin","sameAs":["https:\/\/casaldelsinfants.org"]}]}},"publishpress_future_action":{"enabled":false,"date":"2026-05-08 14:39:09","action":"change-status","newStatus":"draft","terms":[],"taxonomy":"category","extraData":[]},"publishpress_future_workflow_manual_trigger":{"enabledWorkflows":[]},"_links":{"self":[{"href":"https:\/\/www.casaldelsinfants.org\/es\/wp-json\/wp\/v2\/posts\/4219","targetHints":{"allow":["GET"]}}],"collection":[{"href":"https:\/\/www.casaldelsinfants.org\/es\/wp-json\/wp\/v2\/posts"}],"about":[{"href":"https:\/\/www.casaldelsinfants.org\/es\/wp-json\/wp\/v2\/types\/post"}],"author":[{"embeddable":true,"href":"https:\/\/www.casaldelsinfants.org\/es\/wp-json\/wp\/v2\/users\/1"}],"replies":[{"embeddable":true,"href":"https:\/\/www.casaldelsinfants.org\/es\/wp-json\/wp\/v2\/comments?post=4219"}],"version-history":[{"count":4,"href":"https:\/\/www.casaldelsinfants.org\/es\/wp-json\/wp\/v2\/posts\/4219\/revisions"}],"predecessor-version":[{"id":14971,"href":"https:\/\/www.casaldelsinfants.org\/es\/wp-json\/wp\/v2\/posts\/4219\/revisions\/14971"}],"wp:featuredmedia":[{"embeddable":true,"href":"https:\/\/www.casaldelsinfants.org\/es\/wp-json\/wp\/v2\/media\/2925"}],"wp:attachment":[{"href":"https:\/\/www.casaldelsinfants.org\/es\/wp-json\/wp\/v2\/media?parent=4219"}],"wp:term":[{"taxonomy":"category","embeddable":true,"href":"https:\/\/www.casaldelsinfants.org\/es\/wp-json\/wp\/v2\/categories?post=4219"},{"taxonomy":"post_tag","embeddable":true,"href":"https:\/\/www.casaldelsinfants.org\/es\/wp-json\/wp\/v2\/tags?post=4219"},{"taxonomy":"seus","embeddable":true,"href":"https:\/\/www.casaldelsinfants.org\/es\/wp-json\/wp\/v2\/seus?post=4219"},{"taxonomy":"eixos","embeddable":true,"href":"https:\/\/www.casaldelsinfants.org\/es\/wp-json\/wp\/v2\/eixos?post=4219"}],"curies":[{"name":"wp","href":"https:\/\/api.w.org\/{rel}","templated":true}]}}