{"id":4221,"date":"2022-05-26T10:36:58","date_gmt":"2022-05-26T08:36:58","guid":{"rendered":"https:\/\/casal.puntzero.cat\/noticies\/les-oportunitats-educatives-del-casal-continuar-estudiant-gracies-la-fundacio-sandra\/"},"modified":"2023-11-06T15:02:42","modified_gmt":"2023-11-06T13:02:42","slug":"les-oportunitats-educatives-del-casal-continuar-estudiant-gracies-la-fundacio-sandra","status":"publish","type":"post","link":"https:\/\/www.casaldelsinfants.org\/es\/actualidad\/les-oportunitats-educatives-del-casal-continuar-estudiant-gracies-la-fundacio-sandra\/","title":{"rendered":"Las oportunidades educativas del Casal: continuar estudiando gracias a la Fundaci\u00f3 Sandra Salgado Montells y la Fundaci\u00f3 Nous Cims"},"content":{"rendered":"<p>&nbsp;<\/p>\n<p>&nbsp;<\/p>\n<p dir=\"ltr\"><span style=\"color: #000000;\">El programa de becas del Casal dels Infants se desarrolla transversalmente en todos los barrios donde actuamos y est\u00e1 abierto a chicos y chicas a partir de 15 a\u00f1os, cuando empiezan a decidir qu\u00e9 hacer despu\u00e9s de la ESO. Las becas se basan en <strong>ayudas econ\u00f3micas<\/strong> para que los y las j\u00f3venes puedan ampliar su itinerario acad\u00e9mico y formativo en<strong> estudios postobligatorios<\/strong>, es decir, grados universitarios, formaciones profesionales de grado medio y superior, bachillerato, ense\u00f1amientos art\u00edsticos, ense\u00f1amientos deportivos, cursos de acceso para pruebas a formaciones profesionales y formaci\u00f3n profesional b\u00e1sica (PFI). Estas ayudas cubren el coste de la matr\u00edcula, el transporte, los libros y el material necesario para el curso. Los y las j\u00f3venes reciben orientaci\u00f3n para decidir qu\u00e9 estudiar, apoyo en tr\u00e1mites y gestiones acad\u00e9micas y, sobre todo, acompa\u00f1amiento de refuerzo en espacios de estudio para garantizar un buen itinerario, de la mano de voluntarios\/as que les apoyan en lo que necesitan.<\/span><\/p>\n<p dir=\"ltr\"><span style=\"color: #000000;\">Uno de los j\u00f3venes beneficiados por el programa de becas es Pau. Tiene 20 a\u00f1os, es participante en el <strong>Casal dels Infants del Bes\u00f2s i la Mina<\/strong>, y actualmente est\u00e1 estudiando el grado superior en Acondicionamiento F\u00edsico, gracias a la <\/span><u><a href=\"https:\/\/www.nouscims.com\/proyecto\/zing-entidades\/\" target=\"_blank\" rel=\"noopener\">beca del programa ZING de la <strong>Fundaci\u00f3 Nous Cims<\/strong><\/a><\/u><span style=\"color: #000000;\">. Previamente, estudi\u00f3 un grado medio en Actividades en el Medio Natural, y su plan es estudiar otro, en Nutrici\u00f3n Deportiva. Y no para aqu\u00ed: en un futuro, le gustar\u00eda prepararse para las oposiciones de bombero o para hacer un grado universitario de Fisioterapia. El mundo de los deportes es su vocaci\u00f3n, pero desgraciadamente los estudios relacionados son muy caros. \u201cEs un privilegio, y s\u00e9 que mucha gente no se lo puede permitir. Cuando pregunto a mis compa\u00f1eros de clase y me dicen que ellos pagan una cierta cantidad de dinero, pienso que yo no lo hubiera podido hacer sin este apoyo\u201d.<\/span><\/p>\n<div class=\"video-embed-field-responsive-video form-group\"><iframe loading=\"lazy\" src=\"https:\/\/www.youtube.com\/embed\/5M5pEvY9mAw?autoplay=0&amp;start=0&amp;rel=0\" width=\"854\" height=\"480\" frameborder=\"0\" allowfullscreen=\"allowfullscreen\"><\/iframe><\/div>\n<p dir=\"ltr\"><span style=\"color: #000000;\">Kim, tambi\u00e9n de 20 a\u00f1os, participa en Casal Jove en el <strong>Casal dels Infants del Raval<\/strong>, y actualmente est\u00e1 estudiando el grado superior en Educaci\u00f3n Infantil, gracias a la <\/span><a href=\"https:\/\/fundaciosandra.org\/es\/inicio\/\" target=\"_blank\" rel=\"noopener\"><u>Fundaci\u00f3 Sandra\u00a0Salgado Montells<\/u><\/a><span style=\"color: #000000;\">. Hace una d\u00e9cada que participa en el Casal, pasando del Centre Obert Infantil y Adolescent y, por \u00faltimo, en el Casal Jove. En un principio, Kim quer\u00eda ir directamente a la universidad a estudiar Psicolog\u00eda, pero no ten\u00eda suficiente nota. A pesar de que no ten\u00eda pensado hacer Educaci\u00f3n Infantil, este peque\u00f1o desviamiento en su itinerario le ha hecho descubrir su vocaci\u00f3n: la psicolog\u00eda infantil.<\/span><\/p>\n<div class=\"video-embed-field-responsive-video form-group\"><iframe loading=\"lazy\" src=\"https:\/\/www.youtube.com\/embed\/TpgvJKV4wU8?autoplay=0&amp;start=0&amp;rel=0\" width=\"854\" height=\"480\" frameborder=\"0\" allowfullscreen=\"allowfullscreen\"><\/iframe><\/div>\n<p dir=\"ltr\"><span style=\"color: #000000;\">Desde 2019, <strong>48 j\u00f3venes participantes en el Casal han podido beneficiarse de una beca para continuar estudiando<\/strong>. Para el curso que viene 2022-2023, se calcula que 26 j\u00f3venes nuevos podr\u00e1n ser becados, seg\u00fan explica la responsable del servicio de becas del Casal, Raquel Alc\u00e1ntara. Son j\u00f3venes que tienen una opci\u00f3n antes de decidir abandonar los estudios prematuramente &#8211; <\/span><u><a href=\"https:\/\/educacio.gencat.cat\/ca\/departament\/estadistiques\/indicadors\/europeus\/abandonament-prematur\/\" target=\"_blank\" rel=\"noopener\">la cifra en Catalu\u00f1a es del 14,8%, un 13,3% en Espa\u00f1a y un 9,7% en la Uni\u00f3n Europea<\/a><\/u><span style=\"color: #000000;\">&#8211; ya sea por falta de recursos, por los altos precios de las matr\u00edculas, o porque quieren empezar a contribuir econ\u00f3micamente en la familia. \u201cLas familias del Casal son luchadoras, e intentan que sus hijos e hijas contin\u00faen estudiando\u201d, se\u00f1ala Raquel.<\/span><\/p>\n<blockquote>\n<p dir=\"ltr\"><span style=\"font-size: 22px;\"><span style=\"color: #f1c40f;\"><strong>Raquel Alc\u00e1ntara, responsable del servicio de becas del Casal:<\/strong><\/span><span style=\"color: #000000;\"><strong> \u00abLas familias del Casal son luchadoras, e intentan que sus hijos e hijas contin\u00faen estudiando\u00bb<\/strong><\/span><\/span><\/p>\n<\/blockquote>\n<p dir=\"ltr\"><strong>J\u00f3venes comprometidos\u00a0<\/strong><\/p>\n<p dir=\"ltr\"><span style=\"color: #000000;\">Los y las j\u00f3venes que tengan entre 15 y 21 a\u00f1os y lleven un m\u00ednimo de 6 meses vinculados a algunos servicios del Casal pueden solicitar la beca y presentar su candidatura para que sean considerados, primero, por los equipos del Casal, y despu\u00e9s hacer una entrevista con una de las dos fundaciones. Ser responsable, tener compromiso y una vocaci\u00f3n clara son factores que se valoran muy positivamente para otorgar estas becas. \u201cTodo en el Casal gira alrededor del compromiso. Si no asistes, entonces no puedes optar a la beca. Ten\u00edamos que asistir, participar, dar ideas y, sobre todo, ayudar a los dem\u00e1s\u201d, recuerda Pau. Una vez becados, los y las j\u00f3venes han de continuar vinculados en el Casal, han de tener un m\u00ednimo de asistencia del 80% en las clases del curso, sacar buenas notas, y en el caso de la Fundaci\u00f3 Nou Cims, formar parte de la Xarxa Zing, una red de apoyo y de orientaci\u00f3n entre j\u00f3venes.<\/span><\/p>\n<p dir=\"ltr\"><span style=\"color: #000000;\">\u00a0<\/span><\/p>\n<blockquote><p><span style=\"font-size: 22px;\"><span style=\"color: #f1c40f;\"><strong>Pau, del Casal dels Infants del Bes\u00f2s i La Mina:<\/strong><\/span><span style=\"color: #000000;\"><strong> \u00abTodo en el Casal gira alrededor del compromiso. Para optar a la beca, ten\u00edamos que asistir, participar y sobre todo, ayudar a los otros\u00bb<\/strong><\/span><\/span><\/p><\/blockquote>\n<p dir=\"ltr\"><strong>Acompa\u00f1amiento del Casal<\/strong><\/p>\n<p dir=\"ltr\"><span style=\"color: #000000;\">Mientras las fundaciones cubren los costes econ\u00f3micos, el Casal contin\u00faa acompa\u00f1ando a los j\u00f3venes, con seguimiento en los Espacios de Estudio y mediante tutor\u00edas mensuales con sus educadores referentes. Hay un seguimiento acad\u00e9mico, comparten las notas de los trabajos y los ex\u00e1menes, y un seguimiento econ\u00f3mico, actualizan los gastos relacionados con los estudios, y se informa a las fundaciones de la evoluci\u00f3n de cada joven. En estas tutor\u00edas tambi\u00e9n hay un espacio de <strong>acompa\u00f1amiento emocional<\/strong>, para hablar de dudas e inquietudes.\u00a0<\/span><\/p>\n<p dir=\"ltr\"><span style=\"color: #000000;\">Kim explica que el primer a\u00f1o del ciclo de Educaci\u00f3n Infantil se le hizo un poco dif\u00edcil. Ten\u00eda ganas de salir del barrio y escogi\u00f3 un instituto de Nou Barris, lo que requiri\u00f3 un proceso de adaptaci\u00f3n que se vio reflejado en sus notas. \u201cNunca hab\u00eda salido de mi espacio de confort, y lo hice sola, y supuso un cambio muy grande para m\u00ed. Algunas notas del primer a\u00f1o no me gustaban, pero este a\u00f1o me siento m\u00e1s yo misma y estoy sacando las notas que yo quiero\u201d, relata Kim.<\/span><\/p>\n<p dir=\"ltr\"><span style=\"color: #000000;\"><strong>Tanto Kim como Pau, continuar\u00e1n con sus estudios<\/strong> gracias a la Fundaci\u00f3n Sandra y la Fundaci\u00f3n Nou Cims, respectivamente. Kim se quiere preparar para la selectividad para entrar en Psicolog\u00eda, y Pau quiere hacer su segundo ciclo superior. \u00a1Estaremos aqu\u00ed para acompa\u00f1arlos!<\/span><\/p>\n<blockquote><p><strong>Haz posible que continuemos acompa\u00f1ando y dando apoyo a ni\u00f1os, ni\u00f1as, j\u00f3venes y familias en situaci\u00f3n de vulnerabilidad.\u00a0\u00a0<\/strong><\/p>\n<p>Haz\u00a0<strong>voluntariado<\/strong>. Inf\u00f3rmate\u00a0<a href=\"https:\/\/www.casaldelsinfants.org\/es\/que-puedes-hacer-tu\/voluntariado\/\" target=\"_blank\" rel=\"noopener\"><u>aqu\u00ed<\/u><\/a>.<\/p>\n<p>Haz un\u00a0<strong>donativo<\/strong>\u00a0<a href=\"https:\/\/www.casaldelsinfants.org\/dona-ara\/\" target=\"_blank\" rel=\"noopener\"><u>aqu\u00ed<\/u>.<\/a><\/p><\/blockquote>\n","protected":false},"excerpt":{"rendered":"<p class=\"text-align-center\">\u00a0<\/p>\n<p class=\"text-align-center\"><span style=\"font-size:22px;\"><meta charset=\"utf-8\" \/><\/span><\/p>\n<p class=\"text-align-center\"><meta charset=\"utf-8\" \/><\/p>\n<p class=\"text-align-center\" dir=\"ltr\"><span style=\"font-size:22px;\"><b id=\"docs-internal-guid-ecfe9a45-7fff-d92f-fd06-e9cb48ebb938\">En el Casal dels Infants, entendemos la educaci\u00f3n como herramienta principal para reducir las desigualdades sociales, y la formaci\u00f3n como un motor de cambio individual y social. Uno de nuestros objetivos es que nuestros chicos y chicas reconozcan la importancia de estudiar y formarse para abrirse a nuevas oportunidades. Gracias a la Fundaci\u00f3 Nous Cims y la Fundaci\u00f3 Sandra Salgado Montells, j\u00f3venes del Casal cuentan con becas formativas para acceder a estudios postobligatorios y, as\u00ed, acercarse a estas oportunidades.<\/b><\/span><\/p>\n","protected":false},"author":1,"featured_media":2931,"comment_status":"open","ping_status":"open","sticky":false,"template":"","format":"standard","meta":{"_acf_changed":false,"_et_pb_use_builder":"","_et_pb_old_content":"","_et_gb_content_width":"","inline_featured_image":false,"footnotes":""},"categories":[105],"tags":[],"seus":[],"eixos":[],"class_list":["post-4221","post","type-post","status-publish","format-standard","has-post-thumbnail","hentry","category-reportaje"],"acf":[],"yoast_head":"<!-- This site is optimized with the Yoast SEO plugin v27.4 - https:\/\/yoast.com\/product\/yoast-seo-wordpress\/ -->\n<title>Les oportunitats educatives del Casal: continuar estudiant gr\u00e0cies a la Fundaci\u00f3 Sandra i la Fundaci\u00f3 Nou Cims<\/title>\n<meta name=\"description\" content=\"El programa de beques del Casal dels Infants d\u00f3na oportunitats als nostres joves perqu\u00e8 puguin continuar estudiant m\u00e9s enll\u00e0 dels estudis obligatoris, perqu\u00e8 la seva situaci\u00f3 econ\u00f2mica no sigui un condicionant determinant. El programa \u00e9s possible al programa ZING de la Fundaci\u00f3 Nou Cims i la Fundaci\u00f3 Sandra.\" \/>\n<meta name=\"robots\" content=\"index, follow, max-snippet:-1, max-image-preview:large, max-video-preview:-1\" \/>\n<link rel=\"canonical\" href=\"https:\/\/www.casaldelsinfants.org\/es\/actualidad\/les-oportunitats-educatives-del-casal-continuar-estudiant-gracies-la-fundacio-sandra\/\" \/>\n<meta property=\"og:locale\" content=\"es_ES\" \/>\n<meta property=\"og:type\" content=\"article\" \/>\n<meta property=\"og:title\" content=\"Les oportunitats educatives del Casal: continuar estudiant gr\u00e0cies a la Fundaci\u00f3 Sandra i la Fundaci\u00f3 Nou Cims\" \/>\n<meta property=\"og:description\" content=\"El programa de beques del Casal dels Infants d\u00f3na oportunitats als nostres joves perqu\u00e8 puguin continuar estudiant m\u00e9s enll\u00e0 dels estudis obligatoris, perqu\u00e8 la seva situaci\u00f3 econ\u00f2mica no sigui un condicionant determinant. El programa \u00e9s possible al programa ZING de la Fundaci\u00f3 Nou Cims i la Fundaci\u00f3 Sandra.\" \/>\n<meta property=\"og:url\" content=\"https:\/\/www.casaldelsinfants.org\/es\/actualidad\/les-oportunitats-educatives-del-casal-continuar-estudiant-gracies-la-fundacio-sandra\/\" \/>\n<meta property=\"og:site_name\" content=\"Casal dels Infants\" \/>\n<meta property=\"article:publisher\" content=\"https:\/\/www.facebook.com\/casalinfants\" \/>\n<meta property=\"article:published_time\" content=\"2022-05-26T08:36:58+00:00\" \/>\n<meta property=\"article:modified_time\" content=\"2023-11-06T13:02:42+00:00\" \/>\n<meta property=\"og:image\" content=\"https:\/\/www.casaldelsinfants.org\/wp-content\/uploads\/diseno_sin_titulo_3.png\" \/>\n\t<meta property=\"og:image:width\" content=\"1982\" \/>\n\t<meta property=\"og:image:height\" content=\"902\" \/>\n\t<meta property=\"og:image:type\" content=\"image\/png\" \/>\n<meta name=\"author\" content=\"cdiAdmin\" \/>\n<meta name=\"twitter:card\" content=\"summary_large_image\" \/>\n<meta name=\"twitter:creator\" content=\"@casalinfants\" \/>\n<meta name=\"twitter:site\" content=\"@casalinfants\" \/>\n<meta name=\"twitter:label1\" content=\"Escrito por\" \/>\n\t<meta name=\"twitter:data1\" content=\"cdiAdmin\" \/>\n\t<meta name=\"twitter:label2\" content=\"Tiempo de lectura\" \/>\n\t<meta name=\"twitter:data2\" content=\"5 minutos\" \/>\n<script type=\"application\/ld+json\" class=\"yoast-schema-graph\">{\"@context\":\"https:\\\/\\\/schema.org\",\"@graph\":[{\"@type\":\"Article\",\"@id\":\"https:\\\/\\\/www.casaldelsinfants.org\\\/es\\\/actualidad\\\/les-oportunitats-educatives-del-casal-continuar-estudiant-gracies-la-fundacio-sandra\\\/#article\",\"isPartOf\":{\"@id\":\"https:\\\/\\\/www.casaldelsinfants.org\\\/es\\\/actualidad\\\/les-oportunitats-educatives-del-casal-continuar-estudiant-gracies-la-fundacio-sandra\\\/\"},\"author\":{\"name\":\"cdiAdmin\",\"@id\":\"https:\\\/\\\/www.casaldelsinfants.org\\\/es\\\/#\\\/schema\\\/person\\\/97707fc8c64900cf36891127dbf9fba8\"},\"headline\":\"Las oportunidades educativas del Casal: continuar estudiando gracias a la Fundaci\u00f3 Sandra Salgado Montells y la Fundaci\u00f3 Nous Cims\",\"datePublished\":\"2022-05-26T08:36:58+00:00\",\"dateModified\":\"2023-11-06T13:02:42+00:00\",\"mainEntityOfPage\":{\"@id\":\"https:\\\/\\\/www.casaldelsinfants.org\\\/es\\\/actualidad\\\/les-oportunitats-educatives-del-casal-continuar-estudiant-gracies-la-fundacio-sandra\\\/\"},\"wordCount\":1088,\"commentCount\":0,\"publisher\":{\"@id\":\"https:\\\/\\\/www.casaldelsinfants.org\\\/es\\\/#organization\"},\"image\":{\"@id\":\"https:\\\/\\\/www.casaldelsinfants.org\\\/es\\\/actualidad\\\/les-oportunitats-educatives-del-casal-continuar-estudiant-gracies-la-fundacio-sandra\\\/#primaryimage\"},\"thumbnailUrl\":\"https:\\\/\\\/www.casaldelsinfants.org\\\/wp-content\\\/uploads\\\/diseno_sin_titulo_3.png\",\"articleSection\":[\"Reportaje\"],\"inLanguage\":\"es\",\"potentialAction\":[{\"@type\":\"CommentAction\",\"name\":\"Comment\",\"target\":[\"https:\\\/\\\/www.casaldelsinfants.org\\\/es\\\/actualidad\\\/les-oportunitats-educatives-del-casal-continuar-estudiant-gracies-la-fundacio-sandra\\\/#respond\"]}]},{\"@type\":\"WebPage\",\"@id\":\"https:\\\/\\\/www.casaldelsinfants.org\\\/es\\\/actualidad\\\/les-oportunitats-educatives-del-casal-continuar-estudiant-gracies-la-fundacio-sandra\\\/\",\"url\":\"https:\\\/\\\/www.casaldelsinfants.org\\\/es\\\/actualidad\\\/les-oportunitats-educatives-del-casal-continuar-estudiant-gracies-la-fundacio-sandra\\\/\",\"name\":\"Les oportunitats educatives del Casal: continuar estudiant gr\u00e0cies a la Fundaci\u00f3 Sandra i la Fundaci\u00f3 Nou Cims\",\"isPartOf\":{\"@id\":\"https:\\\/\\\/www.casaldelsinfants.org\\\/es\\\/#website\"},\"primaryImageOfPage\":{\"@id\":\"https:\\\/\\\/www.casaldelsinfants.org\\\/es\\\/actualidad\\\/les-oportunitats-educatives-del-casal-continuar-estudiant-gracies-la-fundacio-sandra\\\/#primaryimage\"},\"image\":{\"@id\":\"https:\\\/\\\/www.casaldelsinfants.org\\\/es\\\/actualidad\\\/les-oportunitats-educatives-del-casal-continuar-estudiant-gracies-la-fundacio-sandra\\\/#primaryimage\"},\"thumbnailUrl\":\"https:\\\/\\\/www.casaldelsinfants.org\\\/wp-content\\\/uploads\\\/diseno_sin_titulo_3.png\",\"datePublished\":\"2022-05-26T08:36:58+00:00\",\"dateModified\":\"2023-11-06T13:02:42+00:00\",\"description\":\"El programa de beques del Casal dels Infants d\u00f3na oportunitats als nostres joves perqu\u00e8 puguin continuar estudiant m\u00e9s enll\u00e0 dels estudis obligatoris, perqu\u00e8 la seva situaci\u00f3 econ\u00f2mica no sigui un condicionant determinant. El programa \u00e9s possible al programa ZING de la Fundaci\u00f3 Nou Cims i la Fundaci\u00f3 Sandra.\",\"breadcrumb\":{\"@id\":\"https:\\\/\\\/www.casaldelsinfants.org\\\/es\\\/actualidad\\\/les-oportunitats-educatives-del-casal-continuar-estudiant-gracies-la-fundacio-sandra\\\/#breadcrumb\"},\"inLanguage\":\"es\",\"potentialAction\":[{\"@type\":\"ReadAction\",\"target\":[\"https:\\\/\\\/www.casaldelsinfants.org\\\/es\\\/actualidad\\\/les-oportunitats-educatives-del-casal-continuar-estudiant-gracies-la-fundacio-sandra\\\/\"]}]},{\"@type\":\"ImageObject\",\"inLanguage\":\"es\",\"@id\":\"https:\\\/\\\/www.casaldelsinfants.org\\\/es\\\/actualidad\\\/les-oportunitats-educatives-del-casal-continuar-estudiant-gracies-la-fundacio-sandra\\\/#primaryimage\",\"url\":\"https:\\\/\\\/www.casaldelsinfants.org\\\/wp-content\\\/uploads\\\/diseno_sin_titulo_3.png\",\"contentUrl\":\"https:\\\/\\\/www.casaldelsinfants.org\\\/wp-content\\\/uploads\\\/diseno_sin_titulo_3.png\",\"width\":1982,\"height\":902,\"caption\":\"Participants joves del Casal; continuar estudiant gr\u00e0cies a la Fundaci\u00f3 Sandra salgado Montells i la Fundaci\u00f3 Nous Cims.\"},{\"@type\":\"BreadcrumbList\",\"@id\":\"https:\\\/\\\/www.casaldelsinfants.org\\\/es\\\/actualidad\\\/les-oportunitats-educatives-del-casal-continuar-estudiant-gracies-la-fundacio-sandra\\\/#breadcrumb\",\"itemListElement\":[{\"@type\":\"ListItem\",\"position\":1,\"name\":\"Inici\",\"item\":\"https:\\\/\\\/www.casaldelsinfants.org\\\/es\\\/\"},{\"@type\":\"ListItem\",\"position\":2,\"name\":\"Las oportunidades educativas del Casal: continuar estudiando gracias a la Fundaci\u00f3 Sandra Salgado Montells y la Fundaci\u00f3 Nous Cims\"}]},{\"@type\":\"WebSite\",\"@id\":\"https:\\\/\\\/www.casaldelsinfants.org\\\/es\\\/#website\",\"url\":\"https:\\\/\\\/www.casaldelsinfants.org\\\/es\\\/\",\"name\":\"Casal dels Infants\",\"description\":\"\",\"publisher\":{\"@id\":\"https:\\\/\\\/www.casaldelsinfants.org\\\/es\\\/#organization\"},\"potentialAction\":[{\"@type\":\"SearchAction\",\"target\":{\"@type\":\"EntryPoint\",\"urlTemplate\":\"https:\\\/\\\/www.casaldelsinfants.org\\\/es\\\/?s={search_term_string}\"},\"query-input\":{\"@type\":\"PropertyValueSpecification\",\"valueRequired\":true,\"valueName\":\"search_term_string\"}}],\"inLanguage\":\"es\"},{\"@type\":\"Organization\",\"@id\":\"https:\\\/\\\/www.casaldelsinfants.org\\\/es\\\/#organization\",\"name\":\"Casal dels Infants\",\"url\":\"https:\\\/\\\/www.casaldelsinfants.org\\\/es\\\/\",\"logo\":{\"@type\":\"ImageObject\",\"inLanguage\":\"es\",\"@id\":\"https:\\\/\\\/www.casaldelsinfants.org\\\/es\\\/#\\\/schema\\\/logo\\\/image\\\/\",\"url\":\"https:\\\/\\\/www.casaldelsinfants.org\\\/wp-content\\\/uploads\\\/logo-mail.png\",\"contentUrl\":\"https:\\\/\\\/www.casaldelsinfants.org\\\/wp-content\\\/uploads\\\/logo-mail.png\",\"width\":380,\"height\":158,\"caption\":\"Casal dels Infants\"},\"image\":{\"@id\":\"https:\\\/\\\/www.casaldelsinfants.org\\\/es\\\/#\\\/schema\\\/logo\\\/image\\\/\"},\"sameAs\":[\"https:\\\/\\\/www.facebook.com\\\/casalinfants\",\"https:\\\/\\\/x.com\\\/casalinfants\",\"https:\\\/\\\/www.youtube.com\\\/user\\\/CasaldelsInfants1\",\"https:\\\/\\\/www.instagram.com\\\/casalinfants\\\/\",\"https:\\\/\\\/www.linkedin.com\\\/company\\\/casaldelsinfants?trk=organization-update_share-update_actor-text\"]},{\"@type\":\"Person\",\"@id\":\"https:\\\/\\\/www.casaldelsinfants.org\\\/es\\\/#\\\/schema\\\/person\\\/97707fc8c64900cf36891127dbf9fba8\",\"name\":\"cdiAdmin\",\"sameAs\":[\"https:\\\/\\\/casaldelsinfants.org\"]}]}<\/script>\n<!-- \/ Yoast SEO plugin. -->","yoast_head_json":{"title":"Les oportunitats educatives del Casal: continuar estudiant gr\u00e0cies a la Fundaci\u00f3 Sandra i la Fundaci\u00f3 Nou Cims","description":"El programa de beques del Casal dels Infants d\u00f3na oportunitats als nostres joves perqu\u00e8 puguin continuar estudiant m\u00e9s enll\u00e0 dels estudis obligatoris, perqu\u00e8 la seva situaci\u00f3 econ\u00f2mica no sigui un condicionant determinant. El programa \u00e9s possible al programa ZING de la Fundaci\u00f3 Nou Cims i la Fundaci\u00f3 Sandra.","robots":{"index":"index","follow":"follow","max-snippet":"max-snippet:-1","max-image-preview":"max-image-preview:large","max-video-preview":"max-video-preview:-1"},"canonical":"https:\/\/www.casaldelsinfants.org\/es\/actualidad\/les-oportunitats-educatives-del-casal-continuar-estudiant-gracies-la-fundacio-sandra\/","og_locale":"es_ES","og_type":"article","og_title":"Les oportunitats educatives del Casal: continuar estudiant gr\u00e0cies a la Fundaci\u00f3 Sandra i la Fundaci\u00f3 Nou Cims","og_description":"El programa de beques del Casal dels Infants d\u00f3na oportunitats als nostres joves perqu\u00e8 puguin continuar estudiant m\u00e9s enll\u00e0 dels estudis obligatoris, perqu\u00e8 la seva situaci\u00f3 econ\u00f2mica no sigui un condicionant determinant. El programa \u00e9s possible al programa ZING de la Fundaci\u00f3 Nou Cims i la Fundaci\u00f3 Sandra.","og_url":"https:\/\/www.casaldelsinfants.org\/es\/actualidad\/les-oportunitats-educatives-del-casal-continuar-estudiant-gracies-la-fundacio-sandra\/","og_site_name":"Casal dels Infants","article_publisher":"https:\/\/www.facebook.com\/casalinfants","article_published_time":"2022-05-26T08:36:58+00:00","article_modified_time":"2023-11-06T13:02:42+00:00","og_image":[{"width":1982,"height":902,"url":"https:\/\/www.casaldelsinfants.org\/wp-content\/uploads\/diseno_sin_titulo_3.png","type":"image\/png"}],"author":"cdiAdmin","twitter_card":"summary_large_image","twitter_creator":"@casalinfants","twitter_site":"@casalinfants","twitter_misc":{"Escrito por":"cdiAdmin","Tiempo de lectura":"5 minutos"},"schema":{"@context":"https:\/\/schema.org","@graph":[{"@type":"Article","@id":"https:\/\/www.casaldelsinfants.org\/es\/actualidad\/les-oportunitats-educatives-del-casal-continuar-estudiant-gracies-la-fundacio-sandra\/#article","isPartOf":{"@id":"https:\/\/www.casaldelsinfants.org\/es\/actualidad\/les-oportunitats-educatives-del-casal-continuar-estudiant-gracies-la-fundacio-sandra\/"},"author":{"name":"cdiAdmin","@id":"https:\/\/www.casaldelsinfants.org\/es\/#\/schema\/person\/97707fc8c64900cf36891127dbf9fba8"},"headline":"Las oportunidades educativas del Casal: continuar estudiando gracias a la Fundaci\u00f3 Sandra Salgado Montells y la Fundaci\u00f3 Nous Cims","datePublished":"2022-05-26T08:36:58+00:00","dateModified":"2023-11-06T13:02:42+00:00","mainEntityOfPage":{"@id":"https:\/\/www.casaldelsinfants.org\/es\/actualidad\/les-oportunitats-educatives-del-casal-continuar-estudiant-gracies-la-fundacio-sandra\/"},"wordCount":1088,"commentCount":0,"publisher":{"@id":"https:\/\/www.casaldelsinfants.org\/es\/#organization"},"image":{"@id":"https:\/\/www.casaldelsinfants.org\/es\/actualidad\/les-oportunitats-educatives-del-casal-continuar-estudiant-gracies-la-fundacio-sandra\/#primaryimage"},"thumbnailUrl":"https:\/\/www.casaldelsinfants.org\/wp-content\/uploads\/diseno_sin_titulo_3.png","articleSection":["Reportaje"],"inLanguage":"es","potentialAction":[{"@type":"CommentAction","name":"Comment","target":["https:\/\/www.casaldelsinfants.org\/es\/actualidad\/les-oportunitats-educatives-del-casal-continuar-estudiant-gracies-la-fundacio-sandra\/#respond"]}]},{"@type":"WebPage","@id":"https:\/\/www.casaldelsinfants.org\/es\/actualidad\/les-oportunitats-educatives-del-casal-continuar-estudiant-gracies-la-fundacio-sandra\/","url":"https:\/\/www.casaldelsinfants.org\/es\/actualidad\/les-oportunitats-educatives-del-casal-continuar-estudiant-gracies-la-fundacio-sandra\/","name":"Les oportunitats educatives del Casal: continuar estudiant gr\u00e0cies a la Fundaci\u00f3 Sandra i la Fundaci\u00f3 Nou Cims","isPartOf":{"@id":"https:\/\/www.casaldelsinfants.org\/es\/#website"},"primaryImageOfPage":{"@id":"https:\/\/www.casaldelsinfants.org\/es\/actualidad\/les-oportunitats-educatives-del-casal-continuar-estudiant-gracies-la-fundacio-sandra\/#primaryimage"},"image":{"@id":"https:\/\/www.casaldelsinfants.org\/es\/actualidad\/les-oportunitats-educatives-del-casal-continuar-estudiant-gracies-la-fundacio-sandra\/#primaryimage"},"thumbnailUrl":"https:\/\/www.casaldelsinfants.org\/wp-content\/uploads\/diseno_sin_titulo_3.png","datePublished":"2022-05-26T08:36:58+00:00","dateModified":"2023-11-06T13:02:42+00:00","description":"El programa de beques del Casal dels Infants d\u00f3na oportunitats als nostres joves perqu\u00e8 puguin continuar estudiant m\u00e9s enll\u00e0 dels estudis obligatoris, perqu\u00e8 la seva situaci\u00f3 econ\u00f2mica no sigui un condicionant determinant. El programa \u00e9s possible al programa ZING de la Fundaci\u00f3 Nou Cims i la Fundaci\u00f3 Sandra.","breadcrumb":{"@id":"https:\/\/www.casaldelsinfants.org\/es\/actualidad\/les-oportunitats-educatives-del-casal-continuar-estudiant-gracies-la-fundacio-sandra\/#breadcrumb"},"inLanguage":"es","potentialAction":[{"@type":"ReadAction","target":["https:\/\/www.casaldelsinfants.org\/es\/actualidad\/les-oportunitats-educatives-del-casal-continuar-estudiant-gracies-la-fundacio-sandra\/"]}]},{"@type":"ImageObject","inLanguage":"es","@id":"https:\/\/www.casaldelsinfants.org\/es\/actualidad\/les-oportunitats-educatives-del-casal-continuar-estudiant-gracies-la-fundacio-sandra\/#primaryimage","url":"https:\/\/www.casaldelsinfants.org\/wp-content\/uploads\/diseno_sin_titulo_3.png","contentUrl":"https:\/\/www.casaldelsinfants.org\/wp-content\/uploads\/diseno_sin_titulo_3.png","width":1982,"height":902,"caption":"Participants joves del Casal; continuar estudiant gr\u00e0cies a la Fundaci\u00f3 Sandra salgado Montells i la Fundaci\u00f3 Nous Cims."},{"@type":"BreadcrumbList","@id":"https:\/\/www.casaldelsinfants.org\/es\/actualidad\/les-oportunitats-educatives-del-casal-continuar-estudiant-gracies-la-fundacio-sandra\/#breadcrumb","itemListElement":[{"@type":"ListItem","position":1,"name":"Inici","item":"https:\/\/www.casaldelsinfants.org\/es\/"},{"@type":"ListItem","position":2,"name":"Las oportunidades educativas del Casal: continuar estudiando gracias a la Fundaci\u00f3 Sandra Salgado Montells y la Fundaci\u00f3 Nous Cims"}]},{"@type":"WebSite","@id":"https:\/\/www.casaldelsinfants.org\/es\/#website","url":"https:\/\/www.casaldelsinfants.org\/es\/","name":"Casal dels Infants","description":"","publisher":{"@id":"https:\/\/www.casaldelsinfants.org\/es\/#organization"},"potentialAction":[{"@type":"SearchAction","target":{"@type":"EntryPoint","urlTemplate":"https:\/\/www.casaldelsinfants.org\/es\/?s={search_term_string}"},"query-input":{"@type":"PropertyValueSpecification","valueRequired":true,"valueName":"search_term_string"}}],"inLanguage":"es"},{"@type":"Organization","@id":"https:\/\/www.casaldelsinfants.org\/es\/#organization","name":"Casal dels Infants","url":"https:\/\/www.casaldelsinfants.org\/es\/","logo":{"@type":"ImageObject","inLanguage":"es","@id":"https:\/\/www.casaldelsinfants.org\/es\/#\/schema\/logo\/image\/","url":"https:\/\/www.casaldelsinfants.org\/wp-content\/uploads\/logo-mail.png","contentUrl":"https:\/\/www.casaldelsinfants.org\/wp-content\/uploads\/logo-mail.png","width":380,"height":158,"caption":"Casal dels Infants"},"image":{"@id":"https:\/\/www.casaldelsinfants.org\/es\/#\/schema\/logo\/image\/"},"sameAs":["https:\/\/www.facebook.com\/casalinfants","https:\/\/x.com\/casalinfants","https:\/\/www.youtube.com\/user\/CasaldelsInfants1","https:\/\/www.instagram.com\/casalinfants\/","https:\/\/www.linkedin.com\/company\/casaldelsinfants?trk=organization-update_share-update_actor-text"]},{"@type":"Person","@id":"https:\/\/www.casaldelsinfants.org\/es\/#\/schema\/person\/97707fc8c64900cf36891127dbf9fba8","name":"cdiAdmin","sameAs":["https:\/\/casaldelsinfants.org"]}]}},"publishpress_future_action":{"enabled":false,"date":"2026-05-07 15:21:04","action":"change-status","newStatus":"draft","terms":[],"taxonomy":"category","extraData":[]},"publishpress_future_workflow_manual_trigger":{"enabledWorkflows":[]},"_links":{"self":[{"href":"https:\/\/www.casaldelsinfants.org\/es\/wp-json\/wp\/v2\/posts\/4221","targetHints":{"allow":["GET"]}}],"collection":[{"href":"https:\/\/www.casaldelsinfants.org\/es\/wp-json\/wp\/v2\/posts"}],"about":[{"href":"https:\/\/www.casaldelsinfants.org\/es\/wp-json\/wp\/v2\/types\/post"}],"author":[{"embeddable":true,"href":"https:\/\/www.casaldelsinfants.org\/es\/wp-json\/wp\/v2\/users\/1"}],"replies":[{"embeddable":true,"href":"https:\/\/www.casaldelsinfants.org\/es\/wp-json\/wp\/v2\/comments?post=4221"}],"version-history":[{"count":3,"href":"https:\/\/www.casaldelsinfants.org\/es\/wp-json\/wp\/v2\/posts\/4221\/revisions"}],"predecessor-version":[{"id":15390,"href":"https:\/\/www.casaldelsinfants.org\/es\/wp-json\/wp\/v2\/posts\/4221\/revisions\/15390"}],"wp:featuredmedia":[{"embeddable":true,"href":"https:\/\/www.casaldelsinfants.org\/es\/wp-json\/wp\/v2\/media\/2931"}],"wp:attachment":[{"href":"https:\/\/www.casaldelsinfants.org\/es\/wp-json\/wp\/v2\/media?parent=4221"}],"wp:term":[{"taxonomy":"category","embeddable":true,"href":"https:\/\/www.casaldelsinfants.org\/es\/wp-json\/wp\/v2\/categories?post=4221"},{"taxonomy":"post_tag","embeddable":true,"href":"https:\/\/www.casaldelsinfants.org\/es\/wp-json\/wp\/v2\/tags?post=4221"},{"taxonomy":"seus","embeddable":true,"href":"https:\/\/www.casaldelsinfants.org\/es\/wp-json\/wp\/v2\/seus?post=4221"},{"taxonomy":"eixos","embeddable":true,"href":"https:\/\/www.casaldelsinfants.org\/es\/wp-json\/wp\/v2\/eixos?post=4221"}],"curies":[{"name":"wp","href":"https:\/\/api.w.org\/{rel}","templated":true}]}}