{"id":4222,"date":"2022-05-24T10:57:09","date_gmt":"2022-05-24T08:57:09","guid":{"rendered":"https:\/\/casal.puntzero.cat\/noticies\/el-casal-dels-infants-treballa-en-xarxa-millorar-la-proteccio-transnacional-dels-drets\/"},"modified":"2023-11-06T14:44:33","modified_gmt":"2023-11-06T12:44:33","slug":"el-casal-dels-infants-treballa-en-xarxa-millorar-la-proteccio-transnacional-dels-drets","status":"publish","type":"post","link":"https:\/\/www.casaldelsinfants.org\/es\/actualidad\/proteccion-derechos-casal-infants\/","title":{"rendered":"El Casal dels Infants trabaja en red para mejorar la protecci\u00f3n transnacional de los derechos de los ni\u00f1os y j\u00f3venes que migran solos desde Marruecos"},"content":{"rendered":"<p>&nbsp;<\/p>\n<p dir=\"ltr\"><span style=\"color: #000000;\">El Casal dels Infants ha presentado esta semana, en Barcelona y Santa Coloma de Gramenet, su<strong> proyecto Rassif, que impulsa desde T\u00e1nger y Casablanca para mejorar el trabajo en red en la defensa de los derechos de ni\u00f1os y j\u00f3venes que migran solos desde Marruecos<\/strong>, desde un enfoque transnacional y basado en los derechos humanos.<\/span><\/p>\n<p dir=\"ltr\"><span style=\"color: #000000;\">Rassif naci\u00f3 en el a\u00f1o 2018 realizando un diagn\u00f3stico inicial de la situaci\u00f3n de los j\u00f3venes en proceso migratorio en T\u00e1nger y de los que hab\u00edan llegado a Barcelona. Este diagn\u00f3stico permite definir un modelo de intervenci\u00f3n que actualmente el Casal dels Infants desarrolla con la Asociaci\u00f3n AIDA y las entidades locales AICEED (T\u00e1nger) y Bayti (Casablanca).<\/span><\/p>\n<p dir=\"ltr\"><span style=\"color: #000000;\">El primer eje de actuaci\u00f3n de Rassif en Marruecos es el <strong>acompa\u00f1amiento a ni\u00f1os en situaci\u00f3n de calle en Casablanca y T\u00e1nger<\/strong>, trabajando para garantizar su acceso a los derechos b\u00e1sicos y para reducir su exposici\u00f3n a situaciones de grave vulnerabilidad. En los \u00faltimos a\u00f1os, ha detallado Claire Trichot, directora del Casal dels Infants en Marruecos-, y en m\u00e1s de un 60% de los casos se ha conseguido conectarlos con recursos de cobertura de las necesidades b\u00e1sicas (alimentaci\u00f3n, higiene, alojamiento y atenci\u00f3n sanitaria). Un 30% han estado reagrupados con su familia o bien han conseguido salir de la situaci\u00f3n de calle a medio plazo.<\/span><\/p>\n<figure class=\"align-center\" role=\"group\"><img decoding=\"async\" src=\"\/wp-content\/uploads\/inline-images\/_1260474.JPG\" alt=\"Claire Trichot parla durant la presentaci\u00f3.\" width=\"480\" height=\"360\" data-entity-type=\"file\" data-entity-uuid=\"46893cec-3ba1-4bf6-b610-1073b9343121\" data-image-style=\"large\" \/><\/figure>\n<p dir=\"ltr\">Claire Trichot, directora del Casal dels Infants en Marruecos, habla durante la presentaci\u00f3n del proyecto Rassif en la Universidad Pompeu Fabra.<\/p>\n<p dir=\"ltr\"><span style=\"color: #000000;\">En segundo lugar, <strong>reforzar las competencias e intercambio de buenas pr\u00e1cticas entre entidades sociales de T\u00e1nger, Casablanca y Barcelona<\/strong> para mejorar el acompa\u00f1amiento de chicos y chicas. En el \u00faltimo a\u00f1o, esta vertiente se ha trabajado en colaboraci\u00f3n con el grupo de investigaci\u00f3n de la Universidad Pompeu Fabra Transgang, especializados en el abordaje de la situaci\u00f3n de grupos juveniles de calle desde un enfoque centrado en la mediaci\u00f3n. Profesionales del acompa\u00f1amiento a ni\u00f1os y j\u00f3venes en proceso migratorio, de Barcelona, T\u00e1nger y Casablanca, han compartido mensualmente espacios de reflexi\u00f3n para abordar c\u00f3mo garantizar los derechos de los ni\u00f1os y ni\u00f1as, tanto en origen, como en tr\u00e1nsito y en destino.<\/span><\/p>\n<p dir=\"ltr\"><span style=\"color: #000000;\">Los dos j\u00f3venes, testimonios de un proceso migratorio que han participado en la presentaci\u00f3n han expresado la <strong>urgencia de cambiar la Ley de Extranjer\u00eda<\/strong> y de dar oportunidad a los j\u00f3venes, tanto en Marruecos como en Catalu\u00f1a. \u201cAqu\u00ed, si estudias, tienes trabajo. En Marruecos, por mucho que estudies, te quedas en casa igualmente sin trabajar\u201d, relat\u00f3 Houssaine Ben Azza, uno de los j\u00f3venes y participantes de Casal dels Infants, en la prestaci\u00f3n en la Universidad Pompeu Fabra.<\/span><\/p>\n<figure class=\"align-center\" role=\"group\"><img decoding=\"async\" src=\"\/wp-content\/uploads\/inline-images\/houssaine%20i%20chaymae.jpg\" alt=\"Dos joves darrere d'un micr\u00f2fon durant la presentaci\u00f3.\" width=\"480\" height=\"177\" data-entity-type=\"file\" data-entity-uuid=\"e6c17af2-653e-407d-9c99-0720835994ae\" data-image-style=\"large\" \/><\/figure>\n<p dir=\"ltr\">Houssaine y Chaymae cuentan su historia en la presentaci\u00f3n del proyecto Rassif.<\/p>\n<p dir=\"ltr\"><span style=\"color: #000000;\">Finalmente, Rassif tambi\u00e9n promueve una<strong> estrategia de sensibilizaci\u00f3n<\/strong> sobre la situaci\u00f3n de ni\u00f1os y j\u00f3venes migrantes solos, as\u00ed como <strong>incidencia pol\u00edtica delante las administraciones p\u00fablicas<\/strong> de los tres territorios, con el objetivo que garanticen un sistema de protecci\u00f3n de sus derechos desde una perspectiva transnacional.\u00a0<\/span><\/p>\n<p dir=\"ltr\"><span style=\"color: #000000;\">Esta estrategia es concreta en las siguientes <strong>propuestas de trabajo<\/strong>:<\/span><\/p>\n<ol>\n<li dir=\"ltr\" aria-level=\"1\">\n<p dir=\"ltr\" role=\"presentation\"><span style=\"color: #000000;\">Recordar a los Estados que el inter\u00e9s superior del infante es una consideraci\u00f3n primordial y que ha estado integrado y aplicado en todos los procedimientos legislativos, administrativos, judiciales, as\u00ed como en la totalidad de las pol\u00edticas, programas y proyectos relativos con ni\u00f1os y ni\u00f1as, tambi\u00e9n los que tengan un impacto sobre los y las menores migrantes solos\/as.<\/span><\/p>\n<\/li>\n<li dir=\"ltr\" aria-level=\"1\">\n<p dir=\"ltr\" role=\"presentation\"><span style=\"color: #000000;\">Exigir el respeto de los mecanismos del seguimiento de la aplicaci\u00f3n de la Convenci\u00f3n sobre los Derechos de los Ni\u00f1os y sus protocolos facultativos, cumplir con las resoluciones del Comit\u00e9 de Derechos del Ni\u00f1o en relaci\u00f3n con la situaci\u00f3n de los y las menores migrantes solos\/as e integrarlos los informes de cada Estado sobre la aplicaci\u00f3n de la Convenci\u00f3n.<\/span><\/p>\n<\/li>\n<li dir=\"ltr\" aria-level=\"1\">\n<p dir=\"ltr\" role=\"presentation\"><span style=\"color: #000000;\">Crear una red de acogida para los menores migrantes solos\/as que faciliten el acceso en los centros de protecci\u00f3n, mediante un modelo de dispositivos de proximidad, como centros de d\u00eda y otros servicios asistenciales, en colaboraci\u00f3n con la sociedad civil. Esta red ha de proveer las necesidades b\u00e1sicas a los ni\u00f1os, ni\u00f1as y j\u00f3venes en situaci\u00f3n de calle, orientaci\u00f3n a centros de protecci\u00f3n y facilitar el tr\u00e1nsito hacia la emancipaci\u00f3n y la cobertura de las necesidades b\u00e1sicas de la juventud. Tambi\u00e9n se ha de implementar mecanismos y estrategias para garantizar sus derechos a la salud f\u00edsica y mental, el acceso a la vivienda y la formaci\u00f3n e inserci\u00f3n laboral.\u00a0<\/span><\/p>\n<\/li>\n<li dir=\"ltr\" aria-level=\"1\">\n<p dir=\"ltr\" role=\"presentation\"><span style=\"color: #000000;\">Promover una red comunitaria entre entidades y profesionales de Marruecos y Catalu\u00f1a de intercambio de informaci\u00f3n, buenas pr\u00e1cticas, conocimiento, sensibilizaci\u00f3n e incidencia pol\u00edtica.\u00a0<\/span><\/p>\n<\/li>\n<li dir=\"ltr\" aria-level=\"1\">\n<p dir=\"ltr\" role=\"presentation\"><span style=\"color: #000000;\">La red tendr\u00e1 en cuenta la perspectiva de g\u00e9nero y pondr\u00eda el acento en dar a conocer la situaci\u00f3n de las ni\u00f1as y j\u00f3venes migradas solas, que afrontan mayores situaciones de violencia y discriminaci\u00f3n por el hecho de ser mujeres y migradas. La realidad de los ni\u00f1os y ni\u00f1as j\u00f3venes se ve invisibilizada por el hecho de que las migraciones les llevan a cabo, mayoritariamente, ni\u00f1os y chicos j\u00f3venes, as\u00ed como por la misma discriminaci\u00f3n de g\u00e9nero. Se promover\u00e1 tambi\u00e9n el trabajo sobre otros modelos de masculinidad con los j\u00f3venes.\u00a0<\/span><\/p>\n<\/li>\n<li dir=\"ltr\" aria-level=\"1\">\n<p dir=\"ltr\" role=\"presentation\"><span style=\"color: #000000;\">Promover la participaci\u00f3n de menores y j\u00f3venes migrantes solos, y la de sus familias, en espacios transnacionales que favorezcan su empoderamiento y visibilidad. Estos espacios han de darles voz propia y hacer part\u00edcipe a los ni\u00f1os y ni\u00f1as en las estrategias de incidencia y sensibilizaci\u00f3n de la red transnacional que defiende sus derechos.\u00a0<\/span><\/p>\n<\/li>\n<li dir=\"ltr\" aria-level=\"1\">\n<p dir=\"ltr\" role=\"presentation\"><span style=\"color: #000000;\">Favorecer la difusi\u00f3n del relato propio de los ni\u00f1os, ni\u00f1as y j\u00f3venes, as\u00ed como el de sus familias, sobre su situaci\u00f3n, experiencias y trayectorias, para que puedan reivindicar sus derechos y luchar contra la estigmatizaci\u00f3n y discriminaci\u00f3n.<\/span><\/p>\n<\/li>\n<\/ol>\n<blockquote><p><strong>Haz posible que sigamos acompa\u00f1ando y apoyando a ni\u00f1os, j\u00f3venes y familias en situaci\u00f3n de vulnerabilidad.\u00a0<\/strong><\/p>\n<p>Haz <strong>voluntariado<\/strong>. Inf\u00f3rmate\u00a0<a href=\"https:\/\/www.casaldelsinfants.org\/es\/que-puedes-hacer-tu\/voluntariado\/\" target=\"_blank\" rel=\"noopener\"><u>aqu\u00ed<\/u><\/a>.<\/p>\n<p>Haz un<strong> donativo<\/strong>\u00a0<a href=\"https:\/\/www.casaldelsinfants.org\/es\/dona-ahora\/\" target=\"_blank\" rel=\"noopener\"><u>aqu\u00ed<\/u><\/a>.<\/p><\/blockquote>\n","protected":false},"excerpt":{"rendered":"<p>&nbsp; El Casal dels Infants ha presentado esta semana, en Barcelona y Santa Coloma de Gramenet, su proyecto Rassif, que impulsa desde T\u00e1nger y Casablanca para mejorar el trabajo en red en la defensa de los derechos de ni\u00f1os y j\u00f3venes que migran solos desde Marruecos, desde un enfoque transnacional y basado en los derechos [&hellip;]<\/p>\n","protected":false},"author":1,"featured_media":2934,"comment_status":"open","ping_status":"open","sticky":false,"template":"","format":"standard","meta":{"_acf_changed":false,"_et_pb_use_builder":"","_et_pb_old_content":"","_et_gb_content_width":"","inline_featured_image":false,"footnotes":""},"categories":[125],"tags":[],"seus":[158],"eixos":[110],"class_list":["post-4222","post","type-post","status-publish","format-standard","has-post-thumbnail","hentry","category-noticias","seus-marruecos","eixos-comunidad-casal-dels-infants"],"acf":[],"yoast_head":"<!-- This site is optimized with the Yoast SEO plugin v27.4 - https:\/\/yoast.com\/product\/yoast-seo-wordpress\/ -->\n<title>El Casal dels Infants treballa en xarxa per millorar la protecci\u00f3 transnacional dels drets dels infants i joves que migren sols des del Marroc<\/title>\n<meta name=\"description\" content=\"El Casal dels Infants va presentar la setmana passada el projecte Rassif, que desenvolupem des del Marroc fins a Catalunya, per acompanyar, protegir i garantir els drets dels infants i joves que migren sols, amb una mirada transnacional centrada en els drets humans.\" \/>\n<meta name=\"robots\" content=\"index, follow, max-snippet:-1, max-image-preview:large, max-video-preview:-1\" \/>\n<link rel=\"canonical\" href=\"https:\/\/www.casaldelsinfants.org\/es\/actualidad\/proteccion-derechos-casal-infants\/\" \/>\n<meta property=\"og:locale\" content=\"es_ES\" \/>\n<meta property=\"og:type\" content=\"article\" \/>\n<meta property=\"og:title\" content=\"El Casal dels Infants treballa en xarxa per millorar la protecci\u00f3 transnacional dels drets dels infants i joves que migren sols des del Marroc\" \/>\n<meta property=\"og:description\" content=\"El Casal dels Infants va presentar la setmana passada el projecte Rassif, que desenvolupem des del Marroc fins a Catalunya, per acompanyar, protegir i garantir els drets dels infants i joves que migren sols, amb una mirada transnacional centrada en els drets humans.\" \/>\n<meta property=\"og:url\" content=\"https:\/\/www.casaldelsinfants.org\/es\/actualidad\/proteccion-derechos-casal-infants\/\" \/>\n<meta property=\"og:site_name\" content=\"Casal dels Infants\" \/>\n<meta property=\"article:publisher\" content=\"https:\/\/www.facebook.com\/casalinfants\" \/>\n<meta property=\"article:published_time\" content=\"2022-05-24T08:57:09+00:00\" \/>\n<meta property=\"article:modified_time\" content=\"2023-11-06T12:44:33+00:00\" \/>\n<meta property=\"og:image\" content=\"https:\/\/www.casaldelsinfants.org\/wp-content\/uploads\/1260629-scaled.jpg\" \/>\n\t<meta property=\"og:image:width\" content=\"2560\" \/>\n\t<meta property=\"og:image:height\" content=\"1922\" \/>\n\t<meta property=\"og:image:type\" content=\"image\/jpeg\" \/>\n<meta name=\"author\" content=\"cdiAdmin\" \/>\n<meta name=\"twitter:card\" content=\"summary_large_image\" \/>\n<meta name=\"twitter:creator\" content=\"@casalinfants\" \/>\n<meta name=\"twitter:site\" content=\"@casalinfants\" \/>\n<meta name=\"twitter:label1\" content=\"Escrito por\" \/>\n\t<meta name=\"twitter:data1\" content=\"cdiAdmin\" \/>\n\t<meta name=\"twitter:label2\" content=\"Tiempo de lectura\" \/>\n\t<meta name=\"twitter:data2\" content=\"6 minutos\" \/>\n<script type=\"application\/ld+json\" class=\"yoast-schema-graph\">{\"@context\":\"https:\\\/\\\/schema.org\",\"@graph\":[{\"@type\":\"Article\",\"@id\":\"https:\\\/\\\/www.casaldelsinfants.org\\\/es\\\/actualidad\\\/proteccion-derechos-casal-infants\\\/#article\",\"isPartOf\":{\"@id\":\"https:\\\/\\\/www.casaldelsinfants.org\\\/es\\\/actualidad\\\/proteccion-derechos-casal-infants\\\/\"},\"author\":{\"name\":\"cdiAdmin\",\"@id\":\"https:\\\/\\\/www.casaldelsinfants.org\\\/es\\\/#\\\/schema\\\/person\\\/97707fc8c64900cf36891127dbf9fba8\"},\"headline\":\"El Casal dels Infants trabaja en red para mejorar la protecci\u00f3n transnacional de los derechos de los ni\u00f1os y j\u00f3venes que migran solos desde Marruecos\",\"datePublished\":\"2022-05-24T08:57:09+00:00\",\"dateModified\":\"2023-11-06T12:44:33+00:00\",\"mainEntityOfPage\":{\"@id\":\"https:\\\/\\\/www.casaldelsinfants.org\\\/es\\\/actualidad\\\/proteccion-derechos-casal-infants\\\/\"},\"wordCount\":1100,\"commentCount\":0,\"publisher\":{\"@id\":\"https:\\\/\\\/www.casaldelsinfants.org\\\/es\\\/#organization\"},\"image\":{\"@id\":\"https:\\\/\\\/www.casaldelsinfants.org\\\/es\\\/actualidad\\\/proteccion-derechos-casal-infants\\\/#primaryimage\"},\"thumbnailUrl\":\"https:\\\/\\\/www.casaldelsinfants.org\\\/wp-content\\\/uploads\\\/1260629-scaled.jpg\",\"articleSection\":[\"Noticia\"],\"inLanguage\":\"es\",\"potentialAction\":[{\"@type\":\"CommentAction\",\"name\":\"Comment\",\"target\":[\"https:\\\/\\\/www.casaldelsinfants.org\\\/es\\\/actualidad\\\/proteccion-derechos-casal-infants\\\/#respond\"]}]},{\"@type\":\"WebPage\",\"@id\":\"https:\\\/\\\/www.casaldelsinfants.org\\\/es\\\/actualidad\\\/proteccion-derechos-casal-infants\\\/\",\"url\":\"https:\\\/\\\/www.casaldelsinfants.org\\\/es\\\/actualidad\\\/proteccion-derechos-casal-infants\\\/\",\"name\":\"El Casal dels Infants treballa en xarxa per millorar la protecci\u00f3 transnacional dels drets dels infants i joves que migren sols des del Marroc\",\"isPartOf\":{\"@id\":\"https:\\\/\\\/www.casaldelsinfants.org\\\/es\\\/#website\"},\"primaryImageOfPage\":{\"@id\":\"https:\\\/\\\/www.casaldelsinfants.org\\\/es\\\/actualidad\\\/proteccion-derechos-casal-infants\\\/#primaryimage\"},\"image\":{\"@id\":\"https:\\\/\\\/www.casaldelsinfants.org\\\/es\\\/actualidad\\\/proteccion-derechos-casal-infants\\\/#primaryimage\"},\"thumbnailUrl\":\"https:\\\/\\\/www.casaldelsinfants.org\\\/wp-content\\\/uploads\\\/1260629-scaled.jpg\",\"datePublished\":\"2022-05-24T08:57:09+00:00\",\"dateModified\":\"2023-11-06T12:44:33+00:00\",\"description\":\"El Casal dels Infants va presentar la setmana passada el projecte Rassif, que desenvolupem des del Marroc fins a Catalunya, per acompanyar, protegir i garantir els drets dels infants i joves que migren sols, amb una mirada transnacional centrada en els drets humans.\",\"breadcrumb\":{\"@id\":\"https:\\\/\\\/www.casaldelsinfants.org\\\/es\\\/actualidad\\\/proteccion-derechos-casal-infants\\\/#breadcrumb\"},\"inLanguage\":\"es\",\"potentialAction\":[{\"@type\":\"ReadAction\",\"target\":[\"https:\\\/\\\/www.casaldelsinfants.org\\\/es\\\/actualidad\\\/proteccion-derechos-casal-infants\\\/\"]}]},{\"@type\":\"ImageObject\",\"inLanguage\":\"es\",\"@id\":\"https:\\\/\\\/www.casaldelsinfants.org\\\/es\\\/actualidad\\\/proteccion-derechos-casal-infants\\\/#primaryimage\",\"url\":\"https:\\\/\\\/www.casaldelsinfants.org\\\/wp-content\\\/uploads\\\/1260629-scaled.jpg\",\"contentUrl\":\"https:\\\/\\\/www.casaldelsinfants.org\\\/wp-content\\\/uploads\\\/1260629-scaled.jpg\",\"width\":2560,\"height\":1922,\"caption\":\"Presentaci\u00f3 del projecte Rassif\"},{\"@type\":\"BreadcrumbList\",\"@id\":\"https:\\\/\\\/www.casaldelsinfants.org\\\/es\\\/actualidad\\\/proteccion-derechos-casal-infants\\\/#breadcrumb\",\"itemListElement\":[{\"@type\":\"ListItem\",\"position\":1,\"name\":\"Inici\",\"item\":\"https:\\\/\\\/www.casaldelsinfants.org\\\/es\\\/\"},{\"@type\":\"ListItem\",\"position\":2,\"name\":\"El Casal dels Infants trabaja en red para mejorar la protecci\u00f3n transnacional de los derechos de los ni\u00f1os y j\u00f3venes que migran solos desde Marruecos\"}]},{\"@type\":\"WebSite\",\"@id\":\"https:\\\/\\\/www.casaldelsinfants.org\\\/es\\\/#website\",\"url\":\"https:\\\/\\\/www.casaldelsinfants.org\\\/es\\\/\",\"name\":\"Casal dels Infants\",\"description\":\"\",\"publisher\":{\"@id\":\"https:\\\/\\\/www.casaldelsinfants.org\\\/es\\\/#organization\"},\"potentialAction\":[{\"@type\":\"SearchAction\",\"target\":{\"@type\":\"EntryPoint\",\"urlTemplate\":\"https:\\\/\\\/www.casaldelsinfants.org\\\/es\\\/?s={search_term_string}\"},\"query-input\":{\"@type\":\"PropertyValueSpecification\",\"valueRequired\":true,\"valueName\":\"search_term_string\"}}],\"inLanguage\":\"es\"},{\"@type\":\"Organization\",\"@id\":\"https:\\\/\\\/www.casaldelsinfants.org\\\/es\\\/#organization\",\"name\":\"Casal dels Infants\",\"url\":\"https:\\\/\\\/www.casaldelsinfants.org\\\/es\\\/\",\"logo\":{\"@type\":\"ImageObject\",\"inLanguage\":\"es\",\"@id\":\"https:\\\/\\\/www.casaldelsinfants.org\\\/es\\\/#\\\/schema\\\/logo\\\/image\\\/\",\"url\":\"https:\\\/\\\/www.casaldelsinfants.org\\\/wp-content\\\/uploads\\\/logo-mail.png\",\"contentUrl\":\"https:\\\/\\\/www.casaldelsinfants.org\\\/wp-content\\\/uploads\\\/logo-mail.png\",\"width\":380,\"height\":158,\"caption\":\"Casal dels Infants\"},\"image\":{\"@id\":\"https:\\\/\\\/www.casaldelsinfants.org\\\/es\\\/#\\\/schema\\\/logo\\\/image\\\/\"},\"sameAs\":[\"https:\\\/\\\/www.facebook.com\\\/casalinfants\",\"https:\\\/\\\/x.com\\\/casalinfants\",\"https:\\\/\\\/www.youtube.com\\\/user\\\/CasaldelsInfants1\",\"https:\\\/\\\/www.instagram.com\\\/casalinfants\\\/\",\"https:\\\/\\\/www.linkedin.com\\\/company\\\/casaldelsinfants?trk=organization-update_share-update_actor-text\"]},{\"@type\":\"Person\",\"@id\":\"https:\\\/\\\/www.casaldelsinfants.org\\\/es\\\/#\\\/schema\\\/person\\\/97707fc8c64900cf36891127dbf9fba8\",\"name\":\"cdiAdmin\",\"sameAs\":[\"https:\\\/\\\/casaldelsinfants.org\"]}]}<\/script>\n<!-- \/ Yoast SEO plugin. -->","yoast_head_json":{"title":"El Casal dels Infants treballa en xarxa per millorar la protecci\u00f3 transnacional dels drets dels infants i joves que migren sols des del Marroc","description":"El Casal dels Infants va presentar la setmana passada el projecte Rassif, que desenvolupem des del Marroc fins a Catalunya, per acompanyar, protegir i garantir els drets dels infants i joves que migren sols, amb una mirada transnacional centrada en els drets humans.","robots":{"index":"index","follow":"follow","max-snippet":"max-snippet:-1","max-image-preview":"max-image-preview:large","max-video-preview":"max-video-preview:-1"},"canonical":"https:\/\/www.casaldelsinfants.org\/es\/actualidad\/proteccion-derechos-casal-infants\/","og_locale":"es_ES","og_type":"article","og_title":"El Casal dels Infants treballa en xarxa per millorar la protecci\u00f3 transnacional dels drets dels infants i joves que migren sols des del Marroc","og_description":"El Casal dels Infants va presentar la setmana passada el projecte Rassif, que desenvolupem des del Marroc fins a Catalunya, per acompanyar, protegir i garantir els drets dels infants i joves que migren sols, amb una mirada transnacional centrada en els drets humans.","og_url":"https:\/\/www.casaldelsinfants.org\/es\/actualidad\/proteccion-derechos-casal-infants\/","og_site_name":"Casal dels Infants","article_publisher":"https:\/\/www.facebook.com\/casalinfants","article_published_time":"2022-05-24T08:57:09+00:00","article_modified_time":"2023-11-06T12:44:33+00:00","og_image":[{"width":2560,"height":1922,"url":"https:\/\/www.casaldelsinfants.org\/wp-content\/uploads\/1260629-scaled.jpg","type":"image\/jpeg"}],"author":"cdiAdmin","twitter_card":"summary_large_image","twitter_creator":"@casalinfants","twitter_site":"@casalinfants","twitter_misc":{"Escrito por":"cdiAdmin","Tiempo de lectura":"6 minutos"},"schema":{"@context":"https:\/\/schema.org","@graph":[{"@type":"Article","@id":"https:\/\/www.casaldelsinfants.org\/es\/actualidad\/proteccion-derechos-casal-infants\/#article","isPartOf":{"@id":"https:\/\/www.casaldelsinfants.org\/es\/actualidad\/proteccion-derechos-casal-infants\/"},"author":{"name":"cdiAdmin","@id":"https:\/\/www.casaldelsinfants.org\/es\/#\/schema\/person\/97707fc8c64900cf36891127dbf9fba8"},"headline":"El Casal dels Infants trabaja en red para mejorar la protecci\u00f3n transnacional de los derechos de los ni\u00f1os y j\u00f3venes que migran solos desde Marruecos","datePublished":"2022-05-24T08:57:09+00:00","dateModified":"2023-11-06T12:44:33+00:00","mainEntityOfPage":{"@id":"https:\/\/www.casaldelsinfants.org\/es\/actualidad\/proteccion-derechos-casal-infants\/"},"wordCount":1100,"commentCount":0,"publisher":{"@id":"https:\/\/www.casaldelsinfants.org\/es\/#organization"},"image":{"@id":"https:\/\/www.casaldelsinfants.org\/es\/actualidad\/proteccion-derechos-casal-infants\/#primaryimage"},"thumbnailUrl":"https:\/\/www.casaldelsinfants.org\/wp-content\/uploads\/1260629-scaled.jpg","articleSection":["Noticia"],"inLanguage":"es","potentialAction":[{"@type":"CommentAction","name":"Comment","target":["https:\/\/www.casaldelsinfants.org\/es\/actualidad\/proteccion-derechos-casal-infants\/#respond"]}]},{"@type":"WebPage","@id":"https:\/\/www.casaldelsinfants.org\/es\/actualidad\/proteccion-derechos-casal-infants\/","url":"https:\/\/www.casaldelsinfants.org\/es\/actualidad\/proteccion-derechos-casal-infants\/","name":"El Casal dels Infants treballa en xarxa per millorar la protecci\u00f3 transnacional dels drets dels infants i joves que migren sols des del Marroc","isPartOf":{"@id":"https:\/\/www.casaldelsinfants.org\/es\/#website"},"primaryImageOfPage":{"@id":"https:\/\/www.casaldelsinfants.org\/es\/actualidad\/proteccion-derechos-casal-infants\/#primaryimage"},"image":{"@id":"https:\/\/www.casaldelsinfants.org\/es\/actualidad\/proteccion-derechos-casal-infants\/#primaryimage"},"thumbnailUrl":"https:\/\/www.casaldelsinfants.org\/wp-content\/uploads\/1260629-scaled.jpg","datePublished":"2022-05-24T08:57:09+00:00","dateModified":"2023-11-06T12:44:33+00:00","description":"El Casal dels Infants va presentar la setmana passada el projecte Rassif, que desenvolupem des del Marroc fins a Catalunya, per acompanyar, protegir i garantir els drets dels infants i joves que migren sols, amb una mirada transnacional centrada en els drets humans.","breadcrumb":{"@id":"https:\/\/www.casaldelsinfants.org\/es\/actualidad\/proteccion-derechos-casal-infants\/#breadcrumb"},"inLanguage":"es","potentialAction":[{"@type":"ReadAction","target":["https:\/\/www.casaldelsinfants.org\/es\/actualidad\/proteccion-derechos-casal-infants\/"]}]},{"@type":"ImageObject","inLanguage":"es","@id":"https:\/\/www.casaldelsinfants.org\/es\/actualidad\/proteccion-derechos-casal-infants\/#primaryimage","url":"https:\/\/www.casaldelsinfants.org\/wp-content\/uploads\/1260629-scaled.jpg","contentUrl":"https:\/\/www.casaldelsinfants.org\/wp-content\/uploads\/1260629-scaled.jpg","width":2560,"height":1922,"caption":"Presentaci\u00f3 del projecte Rassif"},{"@type":"BreadcrumbList","@id":"https:\/\/www.casaldelsinfants.org\/es\/actualidad\/proteccion-derechos-casal-infants\/#breadcrumb","itemListElement":[{"@type":"ListItem","position":1,"name":"Inici","item":"https:\/\/www.casaldelsinfants.org\/es\/"},{"@type":"ListItem","position":2,"name":"El Casal dels Infants trabaja en red para mejorar la protecci\u00f3n transnacional de los derechos de los ni\u00f1os y j\u00f3venes que migran solos desde Marruecos"}]},{"@type":"WebSite","@id":"https:\/\/www.casaldelsinfants.org\/es\/#website","url":"https:\/\/www.casaldelsinfants.org\/es\/","name":"Casal dels Infants","description":"","publisher":{"@id":"https:\/\/www.casaldelsinfants.org\/es\/#organization"},"potentialAction":[{"@type":"SearchAction","target":{"@type":"EntryPoint","urlTemplate":"https:\/\/www.casaldelsinfants.org\/es\/?s={search_term_string}"},"query-input":{"@type":"PropertyValueSpecification","valueRequired":true,"valueName":"search_term_string"}}],"inLanguage":"es"},{"@type":"Organization","@id":"https:\/\/www.casaldelsinfants.org\/es\/#organization","name":"Casal dels Infants","url":"https:\/\/www.casaldelsinfants.org\/es\/","logo":{"@type":"ImageObject","inLanguage":"es","@id":"https:\/\/www.casaldelsinfants.org\/es\/#\/schema\/logo\/image\/","url":"https:\/\/www.casaldelsinfants.org\/wp-content\/uploads\/logo-mail.png","contentUrl":"https:\/\/www.casaldelsinfants.org\/wp-content\/uploads\/logo-mail.png","width":380,"height":158,"caption":"Casal dels Infants"},"image":{"@id":"https:\/\/www.casaldelsinfants.org\/es\/#\/schema\/logo\/image\/"},"sameAs":["https:\/\/www.facebook.com\/casalinfants","https:\/\/x.com\/casalinfants","https:\/\/www.youtube.com\/user\/CasaldelsInfants1","https:\/\/www.instagram.com\/casalinfants\/","https:\/\/www.linkedin.com\/company\/casaldelsinfants?trk=organization-update_share-update_actor-text"]},{"@type":"Person","@id":"https:\/\/www.casaldelsinfants.org\/es\/#\/schema\/person\/97707fc8c64900cf36891127dbf9fba8","name":"cdiAdmin","sameAs":["https:\/\/casaldelsinfants.org"]}]}},"publishpress_future_action":{"enabled":false,"date":"2026-05-07 08:59:07","action":"change-status","newStatus":"draft","terms":[],"taxonomy":"category","extraData":[]},"publishpress_future_workflow_manual_trigger":{"enabledWorkflows":[]},"_links":{"self":[{"href":"https:\/\/www.casaldelsinfants.org\/es\/wp-json\/wp\/v2\/posts\/4222","targetHints":{"allow":["GET"]}}],"collection":[{"href":"https:\/\/www.casaldelsinfants.org\/es\/wp-json\/wp\/v2\/posts"}],"about":[{"href":"https:\/\/www.casaldelsinfants.org\/es\/wp-json\/wp\/v2\/types\/post"}],"author":[{"embeddable":true,"href":"https:\/\/www.casaldelsinfants.org\/es\/wp-json\/wp\/v2\/users\/1"}],"replies":[{"embeddable":true,"href":"https:\/\/www.casaldelsinfants.org\/es\/wp-json\/wp\/v2\/comments?post=4222"}],"version-history":[{"count":4,"href":"https:\/\/www.casaldelsinfants.org\/es\/wp-json\/wp\/v2\/posts\/4222\/revisions"}],"predecessor-version":[{"id":15364,"href":"https:\/\/www.casaldelsinfants.org\/es\/wp-json\/wp\/v2\/posts\/4222\/revisions\/15364"}],"wp:featuredmedia":[{"embeddable":true,"href":"https:\/\/www.casaldelsinfants.org\/es\/wp-json\/wp\/v2\/media\/2934"}],"wp:attachment":[{"href":"https:\/\/www.casaldelsinfants.org\/es\/wp-json\/wp\/v2\/media?parent=4222"}],"wp:term":[{"taxonomy":"category","embeddable":true,"href":"https:\/\/www.casaldelsinfants.org\/es\/wp-json\/wp\/v2\/categories?post=4222"},{"taxonomy":"post_tag","embeddable":true,"href":"https:\/\/www.casaldelsinfants.org\/es\/wp-json\/wp\/v2\/tags?post=4222"},{"taxonomy":"seus","embeddable":true,"href":"https:\/\/www.casaldelsinfants.org\/es\/wp-json\/wp\/v2\/seus?post=4222"},{"taxonomy":"eixos","embeddable":true,"href":"https:\/\/www.casaldelsinfants.org\/es\/wp-json\/wp\/v2\/eixos?post=4222"}],"curies":[{"name":"wp","href":"https:\/\/api.w.org\/{rel}","templated":true}]}}