{"id":4223,"date":"2022-05-10T09:09:27","date_gmt":"2022-05-10T07:09:27","guid":{"rendered":"https:\/\/casal.puntzero.cat\/noticies\/el-festival-dart-jove-de-ciutat-vella-torna-reunir-el-talent-del-jovent-del-barri\/"},"modified":"2023-11-06T14:55:10","modified_gmt":"2023-11-06T12:55:10","slug":"el-festival-dart-jove-de-ciutat-vella-torna-reunir-el-talent-del-jovent-del-barri","status":"publish","type":"post","link":"https:\/\/www.casaldelsinfants.org\/es\/actualidad\/el-festival-dart-jove-de-ciutat-vella-torna-reunir-el-talent-del-jovent-del-barri\/","title":{"rendered":"El Festival d\u2019Art Jove de Ciutat Vella vuelve a reunir el talento de la juventud del barrio"},"content":{"rendered":"<p>&nbsp;<\/p>\n<p dir=\"ltr\"><span style=\"color: #000000;\">El pasado viernes 6 de mayo, tuvo lugar la \u00faltima edici\u00f3n del <strong>Festival d\u2019Art Jove de Ciutat Vella (FAJ)<\/strong>, un evento que se celebra anualmente y que constituye un <strong>espacio de apoyo a la creaci\u00f3n desde diferentes disciplinas art\u00edsticas<\/strong>, como la m\u00fasica y la danza, para los y las j\u00f3venes del barrio. Estos participan actuando, ayudando en la organizaci\u00f3n del festival o dando apoyo como p\u00fablico.\u00a0\u00a0<\/span><\/p>\n<p dir=\"ltr\"><span style=\"color: #000000;\">Durante la tarde del viernes, unas 60 personas, entre las cuales se encontraban j\u00f3venes y gente del barrio, amigos y conocidos de los j\u00f3venes artistas, disfrutaron del espect\u00e1culo, del talento y de los dotes art\u00edsticos de chicos y chicas que salieron encima del escenario del Convent de Sant Agust\u00ed. El p\u00fablico tambi\u00e9n pudo merendar gracias al pica-pica prove\u00eddo por la <\/span><u><a href=\"http:\/\/www.impulsem.org\/\" target=\"_blank\" rel=\"noopener\">cooperativa Impulsem<\/a><\/u><span style=\"color: #000000;\">.\u00a0<\/span><\/p>\n<p dir=\"ltr\"><span style=\"color: #000000;\">Previamente, los y las <strong>j\u00f3venes de entre 12 y 22 a\u00f1os residentes en Ciutat Vella<\/strong> pudieron inscribirse para participar en el concurso, organizado por el Casal dels Infants, el <\/span><u><a href=\"https:\/\/www.barcelona.cat\/palaualos\/es\/\" target=\"_blank\" rel=\"noopener\">Palau Al\u00f3s<\/a><\/u><span style=\"color: #000000;\"> y el <\/span><u><a href=\"https:\/\/conventagusti.com\/\" target=\"_blank\" rel=\"noopener\">Convent de Sant Agust\u00ed<\/a><\/u><span style=\"color: #000000;\">. En total, participaron en el FAJ <strong>17 chicos y chicas en 8 actuaciones diferentes<\/strong>. Estas inclu\u00edan actos tan variados como la proyecci\u00f3n de un cortometraje, el recital de un poema, la interpretaci\u00f3n de canciones de composici\u00f3n propia, canciones de rap, exhibici\u00f3n de un baile pop, y una actuaci\u00f3n solista de canto y trompeta.<\/span><b> <\/b><\/p>\n<p><img decoding=\"async\" class=\"align-center\" src=\"\/wp-content\/uploads\/inline-images\/WhatsApp%20Image%202022-05-09%20at%204.21.25%20PM.jpeg\" alt=\"Joves i educadores del Casal dels Infants somriuen a c\u00e0mera.\" width=\"480\" height=\"359\" data-entity-type=\"file\" data-entity-uuid=\"3d60b328-a79f-46f2-a6ae-7ad5783ec776\" data-image-style=\"large\" \/><\/p>\n<p dir=\"ltr\"><span style=\"color: #000000;\">Desde el Casal dels Infants, se anim\u00f3 a formar parte del FAJ <strong>Joana Julia, participante del Centro Abierto Adolescente (COA) del Raval<\/strong>, con actuaci\u00f3n de canto y trompeta. El resto de compa\u00f1eros y compa\u00f1eras del Casal hicieron difusi\u00f3n del evento, asistieron para dar apoyo a Joana Julia y disfrutar de las actuaciones y el ambiente festivo.\u00a0<\/span><\/p>\n<p dir=\"ltr\"><span style=\"color: #000000;\">Otra manera que ten\u00edan los y las j\u00f3venes de participar en FAJ era el dise\u00f1o del cartel. Por parejas, los chicos y chicas del COA y el Casal Joven elaboraron diferentes carteles para anunciar y difundir la celebraci\u00f3n del festival. A trav\u00e9s de un formulario, j\u00f3venes del Casal y otras entidades del barrio votaron el cartel ganador.<\/span><\/p>\n<p><img decoding=\"async\" class=\"align-center\" src=\"\/wp-content\/uploads\/inline-images\/cartell%20faj.jpg\" alt=\"Cartell del Festival d'Art Jove 2022.\" width=\"398\" height=\"480\" data-entity-type=\"file\" data-entity-uuid=\"3cb579d1-5817-4916-8ea5-047a6ef7b87a\" data-image-style=\"large\" \/><\/p>\n<p dir=\"ltr\"><span style=\"color: #000000;\">Los que se animaron a participar con una actuaci\u00f3n pudieron optar a uno de los <strong>tres premios valorados en 100 \u20ac<\/strong>. El primer premio, un vale de 100 \u20ac, fue para Arlet, una joven cantautora. El segundo premio fue para el rapero Pika, que gan\u00f3 la oportunidad de grabar la maqueta de una canci\u00f3n en un estudio, y el tercero lo ganaron los y las j\u00f3venes de la <\/span><u><a href=\"https:\/\/comtal.org\/\" target=\"_blank\" rel=\"noopener\">Fundaci\u00f3n Comtal<\/a><\/u><span style=\"color: #000000;\">, con la producci\u00f3n del cortometraje, y que destinar\u00e1n a recibir asesoramiento profesional audiovisual. Los ganadores y ganadoras fueron escogidos por 3 miembros del jurado, provenientes de diferentes disciplinas art\u00edsticas.\u00a0<\/span><\/p>\n<blockquote><p><strong>Haz posible que sigamos ofreciendo espacios de apoyo a ni\u00f1os, j\u00f3venes y familias en situaci\u00f3n de vulnerabilidad.<\/strong><\/p>\n<p>Haz\u00a0<strong>voluntariado<\/strong>. Inf\u00f3rmate\u00a0<a href=\"https:\/\/www.casaldelsinfants.org\/es\/que-puedes-hacer-tu\/voluntariado\/\" target=\"_blank\" rel=\"noopener\"><u>aqu\u00ed<\/u><\/a>.<\/p>\n<p>Haz un\u00a0<strong>donativo<\/strong>\u00a0<a href=\"https:\/\/www.casaldelsinfants.org\/es\/dona-ahora\/\" target=\"_blank\" rel=\"noopener\"><u>aqu\u00ed<\/u><\/a>.<\/p><\/blockquote>\n","protected":false},"excerpt":{"rendered":"<p>&nbsp; El pasado viernes 6 de mayo, tuvo lugar la \u00faltima edici\u00f3n del Festival d\u2019Art Jove de Ciutat Vella (FAJ), un evento que se celebra anualmente y que constituye un espacio de apoyo a la creaci\u00f3n desde diferentes disciplinas art\u00edsticas, como la m\u00fasica y la danza, para los y las j\u00f3venes del barrio. Estos participan [&hellip;]<\/p>\n","protected":false},"author":1,"featured_media":2937,"comment_status":"open","ping_status":"open","sticky":false,"template":"","format":"standard","meta":{"_acf_changed":false,"_et_pb_use_builder":"","_et_pb_old_content":"","_et_gb_content_width":"","inline_featured_image":false,"footnotes":""},"categories":[125],"tags":[],"seus":[157],"eixos":[99],"class_list":["post-4223","post","type-post","status-publish","format-standard","has-post-thumbnail","hentry","category-noticias","seus-el-raval","eixos-infancia-y-adolescencia"],"acf":[],"yoast_head":"<!-- This site is optimized with the Yoast SEO plugin v27.4 - https:\/\/yoast.com\/product\/yoast-seo-wordpress\/ -->\n<title>El Festival d\u2019Art Jove de Ciutat Vella torna a reunir el talent del jovent del barri<\/title>\n<meta name=\"description\" content=\"El 6 de maig es va celebrar el Festival d\u2019Art Jove de Ciutat Vella, organitzat pel Casal dels Infants, el Palau Al\u00f3s i el Convent de Sant Agust\u00ed. \u00c9s un espai de suport a la creaci\u00f3 des de diferents disciplines art\u00edstiques, com la m\u00fasica i la dansa, per als i les joves del barri.\" \/>\n<meta name=\"robots\" content=\"index, follow, max-snippet:-1, max-image-preview:large, max-video-preview:-1\" \/>\n<link rel=\"canonical\" href=\"https:\/\/www.casaldelsinfants.org\/es\/actualidad\/el-festival-dart-jove-de-ciutat-vella-torna-reunir-el-talent-del-jovent-del-barri\/\" \/>\n<meta property=\"og:locale\" content=\"es_ES\" \/>\n<meta property=\"og:type\" content=\"article\" \/>\n<meta property=\"og:title\" content=\"El Festival d\u2019Art Jove de Ciutat Vella torna a reunir el talent del jovent del barri\" \/>\n<meta property=\"og:description\" content=\"El 6 de maig es va celebrar el Festival d\u2019Art Jove de Ciutat Vella, organitzat pel Casal dels Infants, el Palau Al\u00f3s i el Convent de Sant Agust\u00ed. \u00c9s un espai de suport a la creaci\u00f3 des de diferents disciplines art\u00edstiques, com la m\u00fasica i la dansa, per als i les joves del barri.\" \/>\n<meta property=\"og:url\" content=\"https:\/\/www.casaldelsinfants.org\/es\/actualidad\/el-festival-dart-jove-de-ciutat-vella-torna-reunir-el-talent-del-jovent-del-barri\/\" \/>\n<meta property=\"og:site_name\" content=\"Casal dels Infants\" \/>\n<meta property=\"article:publisher\" content=\"https:\/\/www.facebook.com\/casalinfants\" \/>\n<meta property=\"article:published_time\" content=\"2022-05-10T07:09:27+00:00\" \/>\n<meta property=\"article:modified_time\" content=\"2023-11-06T12:55:10+00:00\" \/>\n<meta property=\"og:image\" content=\"https:\/\/www.casaldelsinfants.org\/wp-content\/uploads\/img_7775-1_0.jpg\" \/>\n\t<meta property=\"og:image:width\" content=\"1024\" \/>\n\t<meta property=\"og:image:height\" content=\"683\" \/>\n\t<meta property=\"og:image:type\" content=\"image\/jpeg\" \/>\n<meta name=\"author\" content=\"cdiAdmin\" \/>\n<meta name=\"twitter:card\" content=\"summary_large_image\" \/>\n<meta name=\"twitter:creator\" content=\"@casalinfants\" \/>\n<meta name=\"twitter:site\" content=\"@casalinfants\" \/>\n<meta name=\"twitter:label1\" content=\"Escrito por\" \/>\n\t<meta name=\"twitter:data1\" content=\"cdiAdmin\" \/>\n\t<meta name=\"twitter:label2\" content=\"Tiempo de lectura\" \/>\n\t<meta name=\"twitter:data2\" content=\"3 minutos\" \/>\n<script type=\"application\/ld+json\" class=\"yoast-schema-graph\">{\"@context\":\"https:\\\/\\\/schema.org\",\"@graph\":[{\"@type\":\"Article\",\"@id\":\"https:\\\/\\\/www.casaldelsinfants.org\\\/es\\\/actualidad\\\/el-festival-dart-jove-de-ciutat-vella-torna-reunir-el-talent-del-jovent-del-barri\\\/#article\",\"isPartOf\":{\"@id\":\"https:\\\/\\\/www.casaldelsinfants.org\\\/es\\\/actualidad\\\/el-festival-dart-jove-de-ciutat-vella-torna-reunir-el-talent-del-jovent-del-barri\\\/\"},\"author\":{\"name\":\"cdiAdmin\",\"@id\":\"https:\\\/\\\/www.casaldelsinfants.org\\\/es\\\/#\\\/schema\\\/person\\\/97707fc8c64900cf36891127dbf9fba8\"},\"headline\":\"El Festival d\u2019Art Jove de Ciutat Vella vuelve a reunir el talento de la juventud del barrio\",\"datePublished\":\"2022-05-10T07:09:27+00:00\",\"dateModified\":\"2023-11-06T12:55:10+00:00\",\"mainEntityOfPage\":{\"@id\":\"https:\\\/\\\/www.casaldelsinfants.org\\\/es\\\/actualidad\\\/el-festival-dart-jove-de-ciutat-vella-torna-reunir-el-talent-del-jovent-del-barri\\\/\"},\"wordCount\":508,\"commentCount\":0,\"publisher\":{\"@id\":\"https:\\\/\\\/www.casaldelsinfants.org\\\/es\\\/#organization\"},\"image\":{\"@id\":\"https:\\\/\\\/www.casaldelsinfants.org\\\/es\\\/actualidad\\\/el-festival-dart-jove-de-ciutat-vella-torna-reunir-el-talent-del-jovent-del-barri\\\/#primaryimage\"},\"thumbnailUrl\":\"https:\\\/\\\/www.casaldelsinfants.org\\\/wp-content\\\/uploads\\\/img_7775-1_0.jpg\",\"articleSection\":[\"Noticia\"],\"inLanguage\":\"es\",\"potentialAction\":[{\"@type\":\"CommentAction\",\"name\":\"Comment\",\"target\":[\"https:\\\/\\\/www.casaldelsinfants.org\\\/es\\\/actualidad\\\/el-festival-dart-jove-de-ciutat-vella-torna-reunir-el-talent-del-jovent-del-barri\\\/#respond\"]}]},{\"@type\":\"WebPage\",\"@id\":\"https:\\\/\\\/www.casaldelsinfants.org\\\/es\\\/actualidad\\\/el-festival-dart-jove-de-ciutat-vella-torna-reunir-el-talent-del-jovent-del-barri\\\/\",\"url\":\"https:\\\/\\\/www.casaldelsinfants.org\\\/es\\\/actualidad\\\/el-festival-dart-jove-de-ciutat-vella-torna-reunir-el-talent-del-jovent-del-barri\\\/\",\"name\":\"El Festival d\u2019Art Jove de Ciutat Vella torna a reunir el talent del jovent del barri\",\"isPartOf\":{\"@id\":\"https:\\\/\\\/www.casaldelsinfants.org\\\/es\\\/#website\"},\"primaryImageOfPage\":{\"@id\":\"https:\\\/\\\/www.casaldelsinfants.org\\\/es\\\/actualidad\\\/el-festival-dart-jove-de-ciutat-vella-torna-reunir-el-talent-del-jovent-del-barri\\\/#primaryimage\"},\"image\":{\"@id\":\"https:\\\/\\\/www.casaldelsinfants.org\\\/es\\\/actualidad\\\/el-festival-dart-jove-de-ciutat-vella-torna-reunir-el-talent-del-jovent-del-barri\\\/#primaryimage\"},\"thumbnailUrl\":\"https:\\\/\\\/www.casaldelsinfants.org\\\/wp-content\\\/uploads\\\/img_7775-1_0.jpg\",\"datePublished\":\"2022-05-10T07:09:27+00:00\",\"dateModified\":\"2023-11-06T12:55:10+00:00\",\"description\":\"El 6 de maig es va celebrar el Festival d\u2019Art Jove de Ciutat Vella, organitzat pel Casal dels Infants, el Palau Al\u00f3s i el Convent de Sant Agust\u00ed. \u00c9s un espai de suport a la creaci\u00f3 des de diferents disciplines art\u00edstiques, com la m\u00fasica i la dansa, per als i les joves del barri.\",\"breadcrumb\":{\"@id\":\"https:\\\/\\\/www.casaldelsinfants.org\\\/es\\\/actualidad\\\/el-festival-dart-jove-de-ciutat-vella-torna-reunir-el-talent-del-jovent-del-barri\\\/#breadcrumb\"},\"inLanguage\":\"es\",\"potentialAction\":[{\"@type\":\"ReadAction\",\"target\":[\"https:\\\/\\\/www.casaldelsinfants.org\\\/es\\\/actualidad\\\/el-festival-dart-jove-de-ciutat-vella-torna-reunir-el-talent-del-jovent-del-barri\\\/\"]}]},{\"@type\":\"ImageObject\",\"inLanguage\":\"es\",\"@id\":\"https:\\\/\\\/www.casaldelsinfants.org\\\/es\\\/actualidad\\\/el-festival-dart-jove-de-ciutat-vella-torna-reunir-el-talent-del-jovent-del-barri\\\/#primaryimage\",\"url\":\"https:\\\/\\\/www.casaldelsinfants.org\\\/wp-content\\\/uploads\\\/img_7775-1_0.jpg\",\"contentUrl\":\"https:\\\/\\\/www.casaldelsinfants.org\\\/wp-content\\\/uploads\\\/img_7775-1_0.jpg\",\"width\":1024,\"height\":683,\"caption\":\"Dues persones ballant en el festival d'Art Jove de ciutat Vella\"},{\"@type\":\"BreadcrumbList\",\"@id\":\"https:\\\/\\\/www.casaldelsinfants.org\\\/es\\\/actualidad\\\/el-festival-dart-jove-de-ciutat-vella-torna-reunir-el-talent-del-jovent-del-barri\\\/#breadcrumb\",\"itemListElement\":[{\"@type\":\"ListItem\",\"position\":1,\"name\":\"Inici\",\"item\":\"https:\\\/\\\/www.casaldelsinfants.org\\\/es\\\/\"},{\"@type\":\"ListItem\",\"position\":2,\"name\":\"El Festival d\u2019Art Jove de Ciutat Vella vuelve a reunir el talento de la juventud del barrio\"}]},{\"@type\":\"WebSite\",\"@id\":\"https:\\\/\\\/www.casaldelsinfants.org\\\/es\\\/#website\",\"url\":\"https:\\\/\\\/www.casaldelsinfants.org\\\/es\\\/\",\"name\":\"Casal dels Infants\",\"description\":\"\",\"publisher\":{\"@id\":\"https:\\\/\\\/www.casaldelsinfants.org\\\/es\\\/#organization\"},\"potentialAction\":[{\"@type\":\"SearchAction\",\"target\":{\"@type\":\"EntryPoint\",\"urlTemplate\":\"https:\\\/\\\/www.casaldelsinfants.org\\\/es\\\/?s={search_term_string}\"},\"query-input\":{\"@type\":\"PropertyValueSpecification\",\"valueRequired\":true,\"valueName\":\"search_term_string\"}}],\"inLanguage\":\"es\"},{\"@type\":\"Organization\",\"@id\":\"https:\\\/\\\/www.casaldelsinfants.org\\\/es\\\/#organization\",\"name\":\"Casal dels Infants\",\"url\":\"https:\\\/\\\/www.casaldelsinfants.org\\\/es\\\/\",\"logo\":{\"@type\":\"ImageObject\",\"inLanguage\":\"es\",\"@id\":\"https:\\\/\\\/www.casaldelsinfants.org\\\/es\\\/#\\\/schema\\\/logo\\\/image\\\/\",\"url\":\"https:\\\/\\\/www.casaldelsinfants.org\\\/wp-content\\\/uploads\\\/logo-mail.png\",\"contentUrl\":\"https:\\\/\\\/www.casaldelsinfants.org\\\/wp-content\\\/uploads\\\/logo-mail.png\",\"width\":380,\"height\":158,\"caption\":\"Casal dels Infants\"},\"image\":{\"@id\":\"https:\\\/\\\/www.casaldelsinfants.org\\\/es\\\/#\\\/schema\\\/logo\\\/image\\\/\"},\"sameAs\":[\"https:\\\/\\\/www.facebook.com\\\/casalinfants\",\"https:\\\/\\\/x.com\\\/casalinfants\",\"https:\\\/\\\/www.youtube.com\\\/user\\\/CasaldelsInfants1\",\"https:\\\/\\\/www.instagram.com\\\/casalinfants\\\/\",\"https:\\\/\\\/www.linkedin.com\\\/company\\\/casaldelsinfants?trk=organization-update_share-update_actor-text\"]},{\"@type\":\"Person\",\"@id\":\"https:\\\/\\\/www.casaldelsinfants.org\\\/es\\\/#\\\/schema\\\/person\\\/97707fc8c64900cf36891127dbf9fba8\",\"name\":\"cdiAdmin\",\"sameAs\":[\"https:\\\/\\\/casaldelsinfants.org\"]}]}<\/script>\n<!-- \/ Yoast SEO plugin. -->","yoast_head_json":{"title":"El Festival d\u2019Art Jove de Ciutat Vella torna a reunir el talent del jovent del barri","description":"El 6 de maig es va celebrar el Festival d\u2019Art Jove de Ciutat Vella, organitzat pel Casal dels Infants, el Palau Al\u00f3s i el Convent de Sant Agust\u00ed. \u00c9s un espai de suport a la creaci\u00f3 des de diferents disciplines art\u00edstiques, com la m\u00fasica i la dansa, per als i les joves del barri.","robots":{"index":"index","follow":"follow","max-snippet":"max-snippet:-1","max-image-preview":"max-image-preview:large","max-video-preview":"max-video-preview:-1"},"canonical":"https:\/\/www.casaldelsinfants.org\/es\/actualidad\/el-festival-dart-jove-de-ciutat-vella-torna-reunir-el-talent-del-jovent-del-barri\/","og_locale":"es_ES","og_type":"article","og_title":"El Festival d\u2019Art Jove de Ciutat Vella torna a reunir el talent del jovent del barri","og_description":"El 6 de maig es va celebrar el Festival d\u2019Art Jove de Ciutat Vella, organitzat pel Casal dels Infants, el Palau Al\u00f3s i el Convent de Sant Agust\u00ed. \u00c9s un espai de suport a la creaci\u00f3 des de diferents disciplines art\u00edstiques, com la m\u00fasica i la dansa, per als i les joves del barri.","og_url":"https:\/\/www.casaldelsinfants.org\/es\/actualidad\/el-festival-dart-jove-de-ciutat-vella-torna-reunir-el-talent-del-jovent-del-barri\/","og_site_name":"Casal dels Infants","article_publisher":"https:\/\/www.facebook.com\/casalinfants","article_published_time":"2022-05-10T07:09:27+00:00","article_modified_time":"2023-11-06T12:55:10+00:00","og_image":[{"width":1024,"height":683,"url":"https:\/\/www.casaldelsinfants.org\/wp-content\/uploads\/img_7775-1_0.jpg","type":"image\/jpeg"}],"author":"cdiAdmin","twitter_card":"summary_large_image","twitter_creator":"@casalinfants","twitter_site":"@casalinfants","twitter_misc":{"Escrito por":"cdiAdmin","Tiempo de lectura":"3 minutos"},"schema":{"@context":"https:\/\/schema.org","@graph":[{"@type":"Article","@id":"https:\/\/www.casaldelsinfants.org\/es\/actualidad\/el-festival-dart-jove-de-ciutat-vella-torna-reunir-el-talent-del-jovent-del-barri\/#article","isPartOf":{"@id":"https:\/\/www.casaldelsinfants.org\/es\/actualidad\/el-festival-dart-jove-de-ciutat-vella-torna-reunir-el-talent-del-jovent-del-barri\/"},"author":{"name":"cdiAdmin","@id":"https:\/\/www.casaldelsinfants.org\/es\/#\/schema\/person\/97707fc8c64900cf36891127dbf9fba8"},"headline":"El Festival d\u2019Art Jove de Ciutat Vella vuelve a reunir el talento de la juventud del barrio","datePublished":"2022-05-10T07:09:27+00:00","dateModified":"2023-11-06T12:55:10+00:00","mainEntityOfPage":{"@id":"https:\/\/www.casaldelsinfants.org\/es\/actualidad\/el-festival-dart-jove-de-ciutat-vella-torna-reunir-el-talent-del-jovent-del-barri\/"},"wordCount":508,"commentCount":0,"publisher":{"@id":"https:\/\/www.casaldelsinfants.org\/es\/#organization"},"image":{"@id":"https:\/\/www.casaldelsinfants.org\/es\/actualidad\/el-festival-dart-jove-de-ciutat-vella-torna-reunir-el-talent-del-jovent-del-barri\/#primaryimage"},"thumbnailUrl":"https:\/\/www.casaldelsinfants.org\/wp-content\/uploads\/img_7775-1_0.jpg","articleSection":["Noticia"],"inLanguage":"es","potentialAction":[{"@type":"CommentAction","name":"Comment","target":["https:\/\/www.casaldelsinfants.org\/es\/actualidad\/el-festival-dart-jove-de-ciutat-vella-torna-reunir-el-talent-del-jovent-del-barri\/#respond"]}]},{"@type":"WebPage","@id":"https:\/\/www.casaldelsinfants.org\/es\/actualidad\/el-festival-dart-jove-de-ciutat-vella-torna-reunir-el-talent-del-jovent-del-barri\/","url":"https:\/\/www.casaldelsinfants.org\/es\/actualidad\/el-festival-dart-jove-de-ciutat-vella-torna-reunir-el-talent-del-jovent-del-barri\/","name":"El Festival d\u2019Art Jove de Ciutat Vella torna a reunir el talent del jovent del barri","isPartOf":{"@id":"https:\/\/www.casaldelsinfants.org\/es\/#website"},"primaryImageOfPage":{"@id":"https:\/\/www.casaldelsinfants.org\/es\/actualidad\/el-festival-dart-jove-de-ciutat-vella-torna-reunir-el-talent-del-jovent-del-barri\/#primaryimage"},"image":{"@id":"https:\/\/www.casaldelsinfants.org\/es\/actualidad\/el-festival-dart-jove-de-ciutat-vella-torna-reunir-el-talent-del-jovent-del-barri\/#primaryimage"},"thumbnailUrl":"https:\/\/www.casaldelsinfants.org\/wp-content\/uploads\/img_7775-1_0.jpg","datePublished":"2022-05-10T07:09:27+00:00","dateModified":"2023-11-06T12:55:10+00:00","description":"El 6 de maig es va celebrar el Festival d\u2019Art Jove de Ciutat Vella, organitzat pel Casal dels Infants, el Palau Al\u00f3s i el Convent de Sant Agust\u00ed. \u00c9s un espai de suport a la creaci\u00f3 des de diferents disciplines art\u00edstiques, com la m\u00fasica i la dansa, per als i les joves del barri.","breadcrumb":{"@id":"https:\/\/www.casaldelsinfants.org\/es\/actualidad\/el-festival-dart-jove-de-ciutat-vella-torna-reunir-el-talent-del-jovent-del-barri\/#breadcrumb"},"inLanguage":"es","potentialAction":[{"@type":"ReadAction","target":["https:\/\/www.casaldelsinfants.org\/es\/actualidad\/el-festival-dart-jove-de-ciutat-vella-torna-reunir-el-talent-del-jovent-del-barri\/"]}]},{"@type":"ImageObject","inLanguage":"es","@id":"https:\/\/www.casaldelsinfants.org\/es\/actualidad\/el-festival-dart-jove-de-ciutat-vella-torna-reunir-el-talent-del-jovent-del-barri\/#primaryimage","url":"https:\/\/www.casaldelsinfants.org\/wp-content\/uploads\/img_7775-1_0.jpg","contentUrl":"https:\/\/www.casaldelsinfants.org\/wp-content\/uploads\/img_7775-1_0.jpg","width":1024,"height":683,"caption":"Dues persones ballant en el festival d'Art Jove de ciutat Vella"},{"@type":"BreadcrumbList","@id":"https:\/\/www.casaldelsinfants.org\/es\/actualidad\/el-festival-dart-jove-de-ciutat-vella-torna-reunir-el-talent-del-jovent-del-barri\/#breadcrumb","itemListElement":[{"@type":"ListItem","position":1,"name":"Inici","item":"https:\/\/www.casaldelsinfants.org\/es\/"},{"@type":"ListItem","position":2,"name":"El Festival d\u2019Art Jove de Ciutat Vella vuelve a reunir el talento de la juventud del barrio"}]},{"@type":"WebSite","@id":"https:\/\/www.casaldelsinfants.org\/es\/#website","url":"https:\/\/www.casaldelsinfants.org\/es\/","name":"Casal dels Infants","description":"","publisher":{"@id":"https:\/\/www.casaldelsinfants.org\/es\/#organization"},"potentialAction":[{"@type":"SearchAction","target":{"@type":"EntryPoint","urlTemplate":"https:\/\/www.casaldelsinfants.org\/es\/?s={search_term_string}"},"query-input":{"@type":"PropertyValueSpecification","valueRequired":true,"valueName":"search_term_string"}}],"inLanguage":"es"},{"@type":"Organization","@id":"https:\/\/www.casaldelsinfants.org\/es\/#organization","name":"Casal dels Infants","url":"https:\/\/www.casaldelsinfants.org\/es\/","logo":{"@type":"ImageObject","inLanguage":"es","@id":"https:\/\/www.casaldelsinfants.org\/es\/#\/schema\/logo\/image\/","url":"https:\/\/www.casaldelsinfants.org\/wp-content\/uploads\/logo-mail.png","contentUrl":"https:\/\/www.casaldelsinfants.org\/wp-content\/uploads\/logo-mail.png","width":380,"height":158,"caption":"Casal dels Infants"},"image":{"@id":"https:\/\/www.casaldelsinfants.org\/es\/#\/schema\/logo\/image\/"},"sameAs":["https:\/\/www.facebook.com\/casalinfants","https:\/\/x.com\/casalinfants","https:\/\/www.youtube.com\/user\/CasaldelsInfants1","https:\/\/www.instagram.com\/casalinfants\/","https:\/\/www.linkedin.com\/company\/casaldelsinfants?trk=organization-update_share-update_actor-text"]},{"@type":"Person","@id":"https:\/\/www.casaldelsinfants.org\/es\/#\/schema\/person\/97707fc8c64900cf36891127dbf9fba8","name":"cdiAdmin","sameAs":["https:\/\/casaldelsinfants.org"]}]}},"publishpress_future_action":{"enabled":false,"date":"2026-05-08 15:42:11","action":"change-status","newStatus":"draft","terms":[],"taxonomy":"category","extraData":[]},"publishpress_future_workflow_manual_trigger":{"enabledWorkflows":[]},"_links":{"self":[{"href":"https:\/\/www.casaldelsinfants.org\/es\/wp-json\/wp\/v2\/posts\/4223","targetHints":{"allow":["GET"]}}],"collection":[{"href":"https:\/\/www.casaldelsinfants.org\/es\/wp-json\/wp\/v2\/posts"}],"about":[{"href":"https:\/\/www.casaldelsinfants.org\/es\/wp-json\/wp\/v2\/types\/post"}],"author":[{"embeddable":true,"href":"https:\/\/www.casaldelsinfants.org\/es\/wp-json\/wp\/v2\/users\/1"}],"replies":[{"embeddable":true,"href":"https:\/\/www.casaldelsinfants.org\/es\/wp-json\/wp\/v2\/comments?post=4223"}],"version-history":[{"count":3,"href":"https:\/\/www.casaldelsinfants.org\/es\/wp-json\/wp\/v2\/posts\/4223\/revisions"}],"predecessor-version":[{"id":15376,"href":"https:\/\/www.casaldelsinfants.org\/es\/wp-json\/wp\/v2\/posts\/4223\/revisions\/15376"}],"wp:featuredmedia":[{"embeddable":true,"href":"https:\/\/www.casaldelsinfants.org\/es\/wp-json\/wp\/v2\/media\/2937"}],"wp:attachment":[{"href":"https:\/\/www.casaldelsinfants.org\/es\/wp-json\/wp\/v2\/media?parent=4223"}],"wp:term":[{"taxonomy":"category","embeddable":true,"href":"https:\/\/www.casaldelsinfants.org\/es\/wp-json\/wp\/v2\/categories?post=4223"},{"taxonomy":"post_tag","embeddable":true,"href":"https:\/\/www.casaldelsinfants.org\/es\/wp-json\/wp\/v2\/tags?post=4223"},{"taxonomy":"seus","embeddable":true,"href":"https:\/\/www.casaldelsinfants.org\/es\/wp-json\/wp\/v2\/seus?post=4223"},{"taxonomy":"eixos","embeddable":true,"href":"https:\/\/www.casaldelsinfants.org\/es\/wp-json\/wp\/v2\/eixos?post=4223"}],"curies":[{"name":"wp","href":"https:\/\/api.w.org\/{rel}","templated":true}]}}