{"id":4224,"date":"2022-05-02T10:19:24","date_gmt":"2022-05-02T08:19:24","guid":{"rendered":"https:\/\/casal.puntzero.cat\/noticies\/acompanyament-suport-i-noves-oportunitats-rumb-la-feina\/"},"modified":"2023-11-06T14:56:40","modified_gmt":"2023-11-06T12:56:40","slug":"acompanyament-suport-i-noves-oportunitats-rumb-la-feina","status":"publish","type":"post","link":"https:\/\/www.casaldelsinfants.org\/es\/actualidad\/acompanyament-suport-i-noves-oportunitats-rumb-la-feina\/","title":{"rendered":"Acompa\u00f1amiento, apoyo y nuevas oportunidades en Rumb a la feina"},"content":{"rendered":"<p>&nbsp;<\/p>\n<p dir=\"ltr\"><span style=\"color: #000000;\"><strong>Rumb a la feina <\/strong>es uno de los servicios del <\/span><u><a href=\"https:\/\/www.casaldelsinfants.org\/es\/que-hacemos\/ayudar-a-los-jovenes\/\" target=\"_blank\" rel=\"nofollow noopener\">programa de Formaci\u00f3n e Inserci\u00f3n Laboral<\/a><\/u><span style=\"color: #000000;\">, que se lleva a cabo en el Casal dels Infants de Badalona. El servicio ofrece itinerarios de inserci\u00f3n sociolaboral individualizados para aquellos j\u00f3venes y personas en edad laboral y que residen en Badalona, Santa Coloma o Sant Adri\u00e0 del Bes\u00f2s, <strong>as\u00ed como a padres y madres de ni\u00f1os y adolescentes participantes en el Casal<\/strong>.<\/span><\/p>\n<p dir=\"ltr\"><span style=\"color: #000000;\">En Rumb a la feina, los participantes encuentran, por un lado, <strong>dos formaciones t\u00e9cnicas<\/strong>: carretillas elevadoras (frontal y retr\u00e1ctil) y manipulaci\u00f3n de alimentos. La primera es impartida por el centro de formaci\u00f3n, y en dos d\u00edas de curso obtienen el certificado. El segundo, que les permite conseguir los primeros trabajos en el sector de la restauraci\u00f3n -ayudante de cocina o camarero-, consiste en una actividad formativa donde se explica el temario, hacen un examen y, si lo aprueban, consiguen la certificaci\u00f3n.<\/span><\/p>\n<p><img decoding=\"async\" class=\"align-center\" src=\"\/wp-content\/uploads\/inline-images\/_1250198.JPG\" alt=\"Classe de formaci\u00f3 t\u00e8cnica en una aula.\" width=\"480\" height=\"360\" data-entity-type=\"file\" data-entity-uuid=\"84e949a8-b987-4a14-8ecc-4c1575599dd2\" data-image-style=\"large\" \/><\/p>\n<p dir=\"ltr\"><span style=\"color: #000000;\">Por otro lado, est\u00e1n a su disposici\u00f3n <strong>los\u00a0espacios de b\u00fasqueda de trabajo <\/strong>donde los y las participantes reciben apoyo y acompa\u00f1amiento en la b\u00fasqueda de empleo. En \u201c<strong>Comencem<\/strong>\u201d, los participantes establecen el primer contacto con el equipo educativo, se hace una tutor\u00eda individualizada donde se les explica como funciona el mercado laboral y se preparan los documentos necesarios para empezar en la b\u00fasqueda de empleo, documento de identidad, curr\u00edculum vitae, n\u00famero de la seguridad social, cuenta bancaria, etc.<\/span><\/p>\n<p dir=\"ltr\"><span style=\"color: #000000;\">Dos o tres d\u00edas despu\u00e9s, los participantes se incorporan a \u201c<strong>Inicia&#8217;t<\/strong>\u201d, donde se centran en el uso del ordenador e internet como herramienta principal para la b\u00fasqueda de empleo y navegan por diferentes portales de ofertas laborales. Est\u00e1n acompa\u00f1ados por el equipo de educadores y educadoras, para ayudarles a \u201cperder el miedo a la m\u00e1quina\u201d, como explica Jordi Cruz, educador del servicio. \u00abEn general, hay bastante analfabetismo digital, pero tambi\u00e9n hay gente que no sabe leer o escribir\u00bb, continua. El objetivo es que consigan la suficiente autonom\u00eda para entrar en el <strong>Espai de Recerca Activa de Feina\u00a0(ERAF)<\/strong>. Los y las participantes de los tres grupos pueden ir una hora y media de lunes a viernes, coincidiendo con personas de otros grupos para que se ayuden entre s\u00ed.<\/span><\/p>\n<p dir=\"ltr\"><b>Familias enteras participantes en el Casal dels Infants\u00a0<\/b><\/p>\n<p dir=\"ltr\"><span style=\"color: #000000;\">Una de las participantes en Rumb a la feina es\u00a0<strong>Habiba Karim<\/strong>. Dos de sus tres hijos participan en el Centre Obert Infantil (COI) y en el Centre Obert Adolescent (COA) de Llefi\u00e0. Hasta enero de 2022, Habiba trabajaba como cuidadora del hogar atendiendo a un se\u00f1or mayor, pero este muri\u00f3 y ella se qued\u00f3 sin trabajo. <strong>A pesar de haber sido contratada durante 11 a\u00f1os, Habiba no tiene derecho a cobrar el paro<\/strong>, porque las empleadas del hogar no cotizan por esta prestaci\u00f3n.<\/span><\/p>\n<p dir=\"ltr\"><span style=\"color: #000000;\">Actualmente, Habiba lleva tres d\u00edas asistiendo a Rumb a la feina, donde recibe la ayuda de Gina Calaf y otras educadoras. \u201cGina y todas las dem\u00e1s chicas son muy amables y ya me han ayudado mucho estos tres d\u00edas\u201d, explica Habiba. En el programa le han ayudado a escribir su curr\u00edculum, a realizar tr\u00e1mites, a aprender utilizar Google Drive para guardar documentos importantes, y ya se ha podido apuntar a algunas ofertas de trabajo relacionadas con servicios de limpieza. \u00abEstoy abierta a hacer alg\u00fan curso, pero si puedo encontrar trabajo antes mejor\u00bb, afirma con esperanza Habiba.<\/span><\/p>\n<p dir=\"ltr\"><span style=\"color: #000000;\"><strong>Muhammad Shakir Butt<\/strong> empez\u00f3 a participar en Rumb a la feina en octubre de 2021. Entr\u00f3 en contacto con el servicio porque dos de sus hijos, de 15 y 17 a\u00f1os, son participantes de COA del Casal dels Infants de Badalona. En 2013, Muhammad empez\u00f3 a trabajar como aut\u00f3nomo en una tienda de electrodom\u00e9sticos de segunda mano, pero en 2020, con el estallido de la pandemia del\u00a0Covid-19, tuvo que cerrarla. Participar en Rumb a la feina le ha ayudado en la b\u00fasqueda de empleo, a realizar tr\u00e1mites, escribir su curr\u00edculum, buscar trabajo por Internet, y prepararse y conseguir entrevistas. Ahora, est\u00e1 estudiando para ser taxista en la Escola del Taxi de Badalona. Por la ma\u00f1ana estudia, y por la tarde acude a clase, cada d\u00eda.<\/span><\/p>\n<p dir=\"ltr\"><span style=\"color: #000000;\">Como con Habiba y Muhammad, desde el programa de <strong>Formaci\u00f3n e Inserci\u00f3n Laboral del Casal dels Infants<\/strong>, acompa\u00f1amos a j\u00f3venes y adultos, desde un entorno motivante y de apoyo, en la b\u00fasqueda de nuevas v\u00edas de formaci\u00f3n y oportunidades laborales. Este a\u00f1o 2021, hemos acompa\u00f1ado en su itinerario formativo a unas 670 personas.<\/span><\/p>\n<blockquote><p><strong>Haz posible que sigamos ofreciendo espacios de apoyo a ni\u00f1os, j\u00f3venes y familias en situaci\u00f3n de vulnerabilidad.<\/strong><\/p>\n<p>Haz\u00a0<strong>voluntariado<\/strong>. Inf\u00f3rmate\u00a0<a href=\"https:\/\/www.casaldelsinfants.org\/es\/que-puedes-hacer-tu\/voluntariado\/\" target=\"_blank\" rel=\"noopener\"><u>aqu\u00ed<\/u><\/a>.<\/p>\n<p>Haz un\u00a0<strong>donativo<\/strong>\u00a0<a href=\"https:\/\/www.casaldelsinfants.org\/es\/dona-ahora\/\" target=\"_blank\" rel=\"noopener\"><u>aqu\u00ed<\/u><\/a>.<\/p><\/blockquote>\n<p dir=\"ltr\">\n","protected":false},"excerpt":{"rendered":"<p>&nbsp; Rumb a la feina es uno de los servicios del programa de Formaci\u00f3n e Inserci\u00f3n Laboral, que se lleva a cabo en el Casal dels Infants de Badalona. El servicio ofrece itinerarios de inserci\u00f3n sociolaboral individualizados para aquellos j\u00f3venes y personas en edad laboral y que residen en Badalona, Santa Coloma o Sant Adri\u00e0 [&hellip;]<\/p>\n","protected":false},"author":1,"featured_media":2940,"comment_status":"open","ping_status":"open","sticky":false,"template":"","format":"standard","meta":{"_acf_changed":false,"_et_pb_use_builder":"","_et_pb_old_content":"","_et_gb_content_width":"","inline_featured_image":false,"footnotes":""},"categories":[125],"tags":[],"seus":[155],"eixos":[102],"class_list":["post-4224","post","type-post","status-publish","format-standard","has-post-thumbnail","hentry","category-noticias","seus-badalona","eixos-jovenes"],"acf":[],"yoast_head":"<!-- This site is optimized with the Yoast SEO plugin v27.4 - https:\/\/yoast.com\/product\/yoast-seo-wordpress\/ -->\n<title>Acompanyament, suport i noves oportunitats a Rumb a la feina<\/title>\n<meta name=\"description\" content=\"Rumb a la feina \u00e9s un dels serveis del programa de Formaci\u00f3 i Inserci\u00f3 Laboral del Casal dels Infants, situat a Badalona. Acompanyem a persones en edat laboral i pares i mares d\u2019infants participants al Casal en la recerca de feina.\" \/>\n<meta name=\"robots\" content=\"index, follow, max-snippet:-1, max-image-preview:large, max-video-preview:-1\" \/>\n<link rel=\"canonical\" href=\"https:\/\/www.casaldelsinfants.org\/es\/actualidad\/acompanyament-suport-i-noves-oportunitats-rumb-la-feina\/\" \/>\n<meta property=\"og:locale\" content=\"es_ES\" \/>\n<meta property=\"og:type\" content=\"article\" \/>\n<meta property=\"og:title\" content=\"Acompanyament, suport i noves oportunitats a Rumb a la feina\" \/>\n<meta property=\"og:description\" content=\"Rumb a la feina \u00e9s un dels serveis del programa de Formaci\u00f3 i Inserci\u00f3 Laboral del Casal dels Infants, situat a Badalona. Acompanyem a persones en edat laboral i pares i mares d\u2019infants participants al Casal en la recerca de feina.\" \/>\n<meta property=\"og:url\" content=\"https:\/\/www.casaldelsinfants.org\/es\/actualidad\/acompanyament-suport-i-noves-oportunitats-rumb-la-feina\/\" \/>\n<meta property=\"og:site_name\" content=\"Casal dels Infants\" \/>\n<meta property=\"article:publisher\" content=\"https:\/\/www.facebook.com\/casalinfants\" \/>\n<meta property=\"article:published_time\" content=\"2022-05-02T08:19:24+00:00\" \/>\n<meta property=\"article:modified_time\" content=\"2023-11-06T12:56:40+00:00\" \/>\n<meta property=\"og:image\" content=\"https:\/\/www.casaldelsinfants.org\/wp-content\/uploads\/1250194-scaled.jpg\" \/>\n\t<meta property=\"og:image:width\" content=\"2560\" \/>\n\t<meta property=\"og:image:height\" content=\"1922\" \/>\n\t<meta property=\"og:image:type\" content=\"image\/jpeg\" \/>\n<meta name=\"author\" content=\"cdiAdmin\" \/>\n<meta name=\"twitter:card\" content=\"summary_large_image\" \/>\n<meta name=\"twitter:creator\" content=\"@casalinfants\" \/>\n<meta name=\"twitter:site\" content=\"@casalinfants\" \/>\n<meta name=\"twitter:label1\" content=\"Escrito por\" \/>\n\t<meta name=\"twitter:data1\" content=\"cdiAdmin\" \/>\n\t<meta name=\"twitter:label2\" content=\"Tiempo de lectura\" \/>\n\t<meta name=\"twitter:data2\" content=\"5 minutos\" \/>\n<script type=\"application\/ld+json\" class=\"yoast-schema-graph\">{\"@context\":\"https:\\\/\\\/schema.org\",\"@graph\":[{\"@type\":\"Article\",\"@id\":\"https:\\\/\\\/www.casaldelsinfants.org\\\/es\\\/actualidad\\\/acompanyament-suport-i-noves-oportunitats-rumb-la-feina\\\/#article\",\"isPartOf\":{\"@id\":\"https:\\\/\\\/www.casaldelsinfants.org\\\/es\\\/actualidad\\\/acompanyament-suport-i-noves-oportunitats-rumb-la-feina\\\/\"},\"author\":{\"name\":\"cdiAdmin\",\"@id\":\"https:\\\/\\\/www.casaldelsinfants.org\\\/es\\\/#\\\/schema\\\/person\\\/97707fc8c64900cf36891127dbf9fba8\"},\"headline\":\"Acompa\u00f1amiento, apoyo y nuevas oportunidades en Rumb a la feina\",\"datePublished\":\"2022-05-02T08:19:24+00:00\",\"dateModified\":\"2023-11-06T12:56:40+00:00\",\"mainEntityOfPage\":{\"@id\":\"https:\\\/\\\/www.casaldelsinfants.org\\\/es\\\/actualidad\\\/acompanyament-suport-i-noves-oportunitats-rumb-la-feina\\\/\"},\"wordCount\":814,\"commentCount\":0,\"publisher\":{\"@id\":\"https:\\\/\\\/www.casaldelsinfants.org\\\/es\\\/#organization\"},\"image\":{\"@id\":\"https:\\\/\\\/www.casaldelsinfants.org\\\/es\\\/actualidad\\\/acompanyament-suport-i-noves-oportunitats-rumb-la-feina\\\/#primaryimage\"},\"thumbnailUrl\":\"https:\\\/\\\/www.casaldelsinfants.org\\\/wp-content\\\/uploads\\\/1250194-scaled.jpg\",\"articleSection\":[\"Noticia\"],\"inLanguage\":\"es\",\"potentialAction\":[{\"@type\":\"CommentAction\",\"name\":\"Comment\",\"target\":[\"https:\\\/\\\/www.casaldelsinfants.org\\\/es\\\/actualidad\\\/acompanyament-suport-i-noves-oportunitats-rumb-la-feina\\\/#respond\"]}]},{\"@type\":\"WebPage\",\"@id\":\"https:\\\/\\\/www.casaldelsinfants.org\\\/es\\\/actualidad\\\/acompanyament-suport-i-noves-oportunitats-rumb-la-feina\\\/\",\"url\":\"https:\\\/\\\/www.casaldelsinfants.org\\\/es\\\/actualidad\\\/acompanyament-suport-i-noves-oportunitats-rumb-la-feina\\\/\",\"name\":\"Acompanyament, suport i noves oportunitats a Rumb a la feina\",\"isPartOf\":{\"@id\":\"https:\\\/\\\/www.casaldelsinfants.org\\\/es\\\/#website\"},\"primaryImageOfPage\":{\"@id\":\"https:\\\/\\\/www.casaldelsinfants.org\\\/es\\\/actualidad\\\/acompanyament-suport-i-noves-oportunitats-rumb-la-feina\\\/#primaryimage\"},\"image\":{\"@id\":\"https:\\\/\\\/www.casaldelsinfants.org\\\/es\\\/actualidad\\\/acompanyament-suport-i-noves-oportunitats-rumb-la-feina\\\/#primaryimage\"},\"thumbnailUrl\":\"https:\\\/\\\/www.casaldelsinfants.org\\\/wp-content\\\/uploads\\\/1250194-scaled.jpg\",\"datePublished\":\"2022-05-02T08:19:24+00:00\",\"dateModified\":\"2023-11-06T12:56:40+00:00\",\"description\":\"Rumb a la feina \u00e9s un dels serveis del programa de Formaci\u00f3 i Inserci\u00f3 Laboral del Casal dels Infants, situat a Badalona. Acompanyem a persones en edat laboral i pares i mares d\u2019infants participants al Casal en la recerca de feina.\",\"breadcrumb\":{\"@id\":\"https:\\\/\\\/www.casaldelsinfants.org\\\/es\\\/actualidad\\\/acompanyament-suport-i-noves-oportunitats-rumb-la-feina\\\/#breadcrumb\"},\"inLanguage\":\"es\",\"potentialAction\":[{\"@type\":\"ReadAction\",\"target\":[\"https:\\\/\\\/www.casaldelsinfants.org\\\/es\\\/actualidad\\\/acompanyament-suport-i-noves-oportunitats-rumb-la-feina\\\/\"]}]},{\"@type\":\"ImageObject\",\"inLanguage\":\"es\",\"@id\":\"https:\\\/\\\/www.casaldelsinfants.org\\\/es\\\/actualidad\\\/acompanyament-suport-i-noves-oportunitats-rumb-la-feina\\\/#primaryimage\",\"url\":\"https:\\\/\\\/www.casaldelsinfants.org\\\/wp-content\\\/uploads\\\/1250194-scaled.jpg\",\"contentUrl\":\"https:\\\/\\\/www.casaldelsinfants.org\\\/wp-content\\\/uploads\\\/1250194-scaled.jpg\",\"width\":2560,\"height\":1922,\"caption\":\"Joves amb mascareta al servei Rumb a la feina\"},{\"@type\":\"BreadcrumbList\",\"@id\":\"https:\\\/\\\/www.casaldelsinfants.org\\\/es\\\/actualidad\\\/acompanyament-suport-i-noves-oportunitats-rumb-la-feina\\\/#breadcrumb\",\"itemListElement\":[{\"@type\":\"ListItem\",\"position\":1,\"name\":\"Inici\",\"item\":\"https:\\\/\\\/www.casaldelsinfants.org\\\/es\\\/\"},{\"@type\":\"ListItem\",\"position\":2,\"name\":\"Acompa\u00f1amiento, apoyo y nuevas oportunidades en Rumb a la feina\"}]},{\"@type\":\"WebSite\",\"@id\":\"https:\\\/\\\/www.casaldelsinfants.org\\\/es\\\/#website\",\"url\":\"https:\\\/\\\/www.casaldelsinfants.org\\\/es\\\/\",\"name\":\"Casal dels Infants\",\"description\":\"\",\"publisher\":{\"@id\":\"https:\\\/\\\/www.casaldelsinfants.org\\\/es\\\/#organization\"},\"potentialAction\":[{\"@type\":\"SearchAction\",\"target\":{\"@type\":\"EntryPoint\",\"urlTemplate\":\"https:\\\/\\\/www.casaldelsinfants.org\\\/es\\\/?s={search_term_string}\"},\"query-input\":{\"@type\":\"PropertyValueSpecification\",\"valueRequired\":true,\"valueName\":\"search_term_string\"}}],\"inLanguage\":\"es\"},{\"@type\":\"Organization\",\"@id\":\"https:\\\/\\\/www.casaldelsinfants.org\\\/es\\\/#organization\",\"name\":\"Casal dels Infants\",\"url\":\"https:\\\/\\\/www.casaldelsinfants.org\\\/es\\\/\",\"logo\":{\"@type\":\"ImageObject\",\"inLanguage\":\"es\",\"@id\":\"https:\\\/\\\/www.casaldelsinfants.org\\\/es\\\/#\\\/schema\\\/logo\\\/image\\\/\",\"url\":\"https:\\\/\\\/www.casaldelsinfants.org\\\/wp-content\\\/uploads\\\/logo-mail.png\",\"contentUrl\":\"https:\\\/\\\/www.casaldelsinfants.org\\\/wp-content\\\/uploads\\\/logo-mail.png\",\"width\":380,\"height\":158,\"caption\":\"Casal dels Infants\"},\"image\":{\"@id\":\"https:\\\/\\\/www.casaldelsinfants.org\\\/es\\\/#\\\/schema\\\/logo\\\/image\\\/\"},\"sameAs\":[\"https:\\\/\\\/www.facebook.com\\\/casalinfants\",\"https:\\\/\\\/x.com\\\/casalinfants\",\"https:\\\/\\\/www.youtube.com\\\/user\\\/CasaldelsInfants1\",\"https:\\\/\\\/www.instagram.com\\\/casalinfants\\\/\",\"https:\\\/\\\/www.linkedin.com\\\/company\\\/casaldelsinfants?trk=organization-update_share-update_actor-text\"]},{\"@type\":\"Person\",\"@id\":\"https:\\\/\\\/www.casaldelsinfants.org\\\/es\\\/#\\\/schema\\\/person\\\/97707fc8c64900cf36891127dbf9fba8\",\"name\":\"cdiAdmin\",\"sameAs\":[\"https:\\\/\\\/casaldelsinfants.org\"]}]}<\/script>\n<!-- \/ Yoast SEO plugin. -->","yoast_head_json":{"title":"Acompanyament, suport i noves oportunitats a Rumb a la feina","description":"Rumb a la feina \u00e9s un dels serveis del programa de Formaci\u00f3 i Inserci\u00f3 Laboral del Casal dels Infants, situat a Badalona. Acompanyem a persones en edat laboral i pares i mares d\u2019infants participants al Casal en la recerca de feina.","robots":{"index":"index","follow":"follow","max-snippet":"max-snippet:-1","max-image-preview":"max-image-preview:large","max-video-preview":"max-video-preview:-1"},"canonical":"https:\/\/www.casaldelsinfants.org\/es\/actualidad\/acompanyament-suport-i-noves-oportunitats-rumb-la-feina\/","og_locale":"es_ES","og_type":"article","og_title":"Acompanyament, suport i noves oportunitats a Rumb a la feina","og_description":"Rumb a la feina \u00e9s un dels serveis del programa de Formaci\u00f3 i Inserci\u00f3 Laboral del Casal dels Infants, situat a Badalona. Acompanyem a persones en edat laboral i pares i mares d\u2019infants participants al Casal en la recerca de feina.","og_url":"https:\/\/www.casaldelsinfants.org\/es\/actualidad\/acompanyament-suport-i-noves-oportunitats-rumb-la-feina\/","og_site_name":"Casal dels Infants","article_publisher":"https:\/\/www.facebook.com\/casalinfants","article_published_time":"2022-05-02T08:19:24+00:00","article_modified_time":"2023-11-06T12:56:40+00:00","og_image":[{"width":2560,"height":1922,"url":"https:\/\/www.casaldelsinfants.org\/wp-content\/uploads\/1250194-scaled.jpg","type":"image\/jpeg"}],"author":"cdiAdmin","twitter_card":"summary_large_image","twitter_creator":"@casalinfants","twitter_site":"@casalinfants","twitter_misc":{"Escrito por":"cdiAdmin","Tiempo de lectura":"5 minutos"},"schema":{"@context":"https:\/\/schema.org","@graph":[{"@type":"Article","@id":"https:\/\/www.casaldelsinfants.org\/es\/actualidad\/acompanyament-suport-i-noves-oportunitats-rumb-la-feina\/#article","isPartOf":{"@id":"https:\/\/www.casaldelsinfants.org\/es\/actualidad\/acompanyament-suport-i-noves-oportunitats-rumb-la-feina\/"},"author":{"name":"cdiAdmin","@id":"https:\/\/www.casaldelsinfants.org\/es\/#\/schema\/person\/97707fc8c64900cf36891127dbf9fba8"},"headline":"Acompa\u00f1amiento, apoyo y nuevas oportunidades en Rumb a la feina","datePublished":"2022-05-02T08:19:24+00:00","dateModified":"2023-11-06T12:56:40+00:00","mainEntityOfPage":{"@id":"https:\/\/www.casaldelsinfants.org\/es\/actualidad\/acompanyament-suport-i-noves-oportunitats-rumb-la-feina\/"},"wordCount":814,"commentCount":0,"publisher":{"@id":"https:\/\/www.casaldelsinfants.org\/es\/#organization"},"image":{"@id":"https:\/\/www.casaldelsinfants.org\/es\/actualidad\/acompanyament-suport-i-noves-oportunitats-rumb-la-feina\/#primaryimage"},"thumbnailUrl":"https:\/\/www.casaldelsinfants.org\/wp-content\/uploads\/1250194-scaled.jpg","articleSection":["Noticia"],"inLanguage":"es","potentialAction":[{"@type":"CommentAction","name":"Comment","target":["https:\/\/www.casaldelsinfants.org\/es\/actualidad\/acompanyament-suport-i-noves-oportunitats-rumb-la-feina\/#respond"]}]},{"@type":"WebPage","@id":"https:\/\/www.casaldelsinfants.org\/es\/actualidad\/acompanyament-suport-i-noves-oportunitats-rumb-la-feina\/","url":"https:\/\/www.casaldelsinfants.org\/es\/actualidad\/acompanyament-suport-i-noves-oportunitats-rumb-la-feina\/","name":"Acompanyament, suport i noves oportunitats a Rumb a la feina","isPartOf":{"@id":"https:\/\/www.casaldelsinfants.org\/es\/#website"},"primaryImageOfPage":{"@id":"https:\/\/www.casaldelsinfants.org\/es\/actualidad\/acompanyament-suport-i-noves-oportunitats-rumb-la-feina\/#primaryimage"},"image":{"@id":"https:\/\/www.casaldelsinfants.org\/es\/actualidad\/acompanyament-suport-i-noves-oportunitats-rumb-la-feina\/#primaryimage"},"thumbnailUrl":"https:\/\/www.casaldelsinfants.org\/wp-content\/uploads\/1250194-scaled.jpg","datePublished":"2022-05-02T08:19:24+00:00","dateModified":"2023-11-06T12:56:40+00:00","description":"Rumb a la feina \u00e9s un dels serveis del programa de Formaci\u00f3 i Inserci\u00f3 Laboral del Casal dels Infants, situat a Badalona. Acompanyem a persones en edat laboral i pares i mares d\u2019infants participants al Casal en la recerca de feina.","breadcrumb":{"@id":"https:\/\/www.casaldelsinfants.org\/es\/actualidad\/acompanyament-suport-i-noves-oportunitats-rumb-la-feina\/#breadcrumb"},"inLanguage":"es","potentialAction":[{"@type":"ReadAction","target":["https:\/\/www.casaldelsinfants.org\/es\/actualidad\/acompanyament-suport-i-noves-oportunitats-rumb-la-feina\/"]}]},{"@type":"ImageObject","inLanguage":"es","@id":"https:\/\/www.casaldelsinfants.org\/es\/actualidad\/acompanyament-suport-i-noves-oportunitats-rumb-la-feina\/#primaryimage","url":"https:\/\/www.casaldelsinfants.org\/wp-content\/uploads\/1250194-scaled.jpg","contentUrl":"https:\/\/www.casaldelsinfants.org\/wp-content\/uploads\/1250194-scaled.jpg","width":2560,"height":1922,"caption":"Joves amb mascareta al servei Rumb a la feina"},{"@type":"BreadcrumbList","@id":"https:\/\/www.casaldelsinfants.org\/es\/actualidad\/acompanyament-suport-i-noves-oportunitats-rumb-la-feina\/#breadcrumb","itemListElement":[{"@type":"ListItem","position":1,"name":"Inici","item":"https:\/\/www.casaldelsinfants.org\/es\/"},{"@type":"ListItem","position":2,"name":"Acompa\u00f1amiento, apoyo y nuevas oportunidades en Rumb a la feina"}]},{"@type":"WebSite","@id":"https:\/\/www.casaldelsinfants.org\/es\/#website","url":"https:\/\/www.casaldelsinfants.org\/es\/","name":"Casal dels Infants","description":"","publisher":{"@id":"https:\/\/www.casaldelsinfants.org\/es\/#organization"},"potentialAction":[{"@type":"SearchAction","target":{"@type":"EntryPoint","urlTemplate":"https:\/\/www.casaldelsinfants.org\/es\/?s={search_term_string}"},"query-input":{"@type":"PropertyValueSpecification","valueRequired":true,"valueName":"search_term_string"}}],"inLanguage":"es"},{"@type":"Organization","@id":"https:\/\/www.casaldelsinfants.org\/es\/#organization","name":"Casal dels Infants","url":"https:\/\/www.casaldelsinfants.org\/es\/","logo":{"@type":"ImageObject","inLanguage":"es","@id":"https:\/\/www.casaldelsinfants.org\/es\/#\/schema\/logo\/image\/","url":"https:\/\/www.casaldelsinfants.org\/wp-content\/uploads\/logo-mail.png","contentUrl":"https:\/\/www.casaldelsinfants.org\/wp-content\/uploads\/logo-mail.png","width":380,"height":158,"caption":"Casal dels Infants"},"image":{"@id":"https:\/\/www.casaldelsinfants.org\/es\/#\/schema\/logo\/image\/"},"sameAs":["https:\/\/www.facebook.com\/casalinfants","https:\/\/x.com\/casalinfants","https:\/\/www.youtube.com\/user\/CasaldelsInfants1","https:\/\/www.instagram.com\/casalinfants\/","https:\/\/www.linkedin.com\/company\/casaldelsinfants?trk=organization-update_share-update_actor-text"]},{"@type":"Person","@id":"https:\/\/www.casaldelsinfants.org\/es\/#\/schema\/person\/97707fc8c64900cf36891127dbf9fba8","name":"cdiAdmin","sameAs":["https:\/\/casaldelsinfants.org"]}]}},"publishpress_future_action":{"enabled":false,"date":"2026-05-07 01:01:16","action":"change-status","newStatus":"draft","terms":[],"taxonomy":"category","extraData":[]},"publishpress_future_workflow_manual_trigger":{"enabledWorkflows":[]},"_links":{"self":[{"href":"https:\/\/www.casaldelsinfants.org\/es\/wp-json\/wp\/v2\/posts\/4224","targetHints":{"allow":["GET"]}}],"collection":[{"href":"https:\/\/www.casaldelsinfants.org\/es\/wp-json\/wp\/v2\/posts"}],"about":[{"href":"https:\/\/www.casaldelsinfants.org\/es\/wp-json\/wp\/v2\/types\/post"}],"author":[{"embeddable":true,"href":"https:\/\/www.casaldelsinfants.org\/es\/wp-json\/wp\/v2\/users\/1"}],"replies":[{"embeddable":true,"href":"https:\/\/www.casaldelsinfants.org\/es\/wp-json\/wp\/v2\/comments?post=4224"}],"version-history":[{"count":3,"href":"https:\/\/www.casaldelsinfants.org\/es\/wp-json\/wp\/v2\/posts\/4224\/revisions"}],"predecessor-version":[{"id":15380,"href":"https:\/\/www.casaldelsinfants.org\/es\/wp-json\/wp\/v2\/posts\/4224\/revisions\/15380"}],"wp:featuredmedia":[{"embeddable":true,"href":"https:\/\/www.casaldelsinfants.org\/es\/wp-json\/wp\/v2\/media\/2940"}],"wp:attachment":[{"href":"https:\/\/www.casaldelsinfants.org\/es\/wp-json\/wp\/v2\/media?parent=4224"}],"wp:term":[{"taxonomy":"category","embeddable":true,"href":"https:\/\/www.casaldelsinfants.org\/es\/wp-json\/wp\/v2\/categories?post=4224"},{"taxonomy":"post_tag","embeddable":true,"href":"https:\/\/www.casaldelsinfants.org\/es\/wp-json\/wp\/v2\/tags?post=4224"},{"taxonomy":"seus","embeddable":true,"href":"https:\/\/www.casaldelsinfants.org\/es\/wp-json\/wp\/v2\/seus?post=4224"},{"taxonomy":"eixos","embeddable":true,"href":"https:\/\/www.casaldelsinfants.org\/es\/wp-json\/wp\/v2\/eixos?post=4224"}],"curies":[{"name":"wp","href":"https:\/\/api.w.org\/{rel}","templated":true}]}}