{"id":4225,"date":"2022-05-02T09:46:20","date_gmt":"2022-05-02T07:46:20","guid":{"rendered":"https:\/\/casal.puntzero.cat\/noticies\/el-casal-dels-infants-participa-en-el-programa-dacollida-families-ducraina\/"},"modified":"2023-05-01T17:40:35","modified_gmt":"2023-05-01T15:40:35","slug":"el-casal-dels-infants-participa-en-el-programa-dacollida-families-ducraina","status":"publish","type":"post","link":"https:\/\/www.casaldelsinfants.org\/es\/actualidad\/casal-dels-infants-participa-programa-acogida-familias-ucrania\/","title":{"rendered":"El Casal dels Infants participa en el programa de acogida a familias de Ucrania"},"content":{"rendered":"<p>\u00a0<\/p>\n<p><span style=\"color:#000000;\">A ra\u00edz de la situaci\u00f3n de emergencia humanitaria provocada por la guerra en Ucrania, la Fundaci\u00f3n \u201cla Caixa\u201d, en colaboraci\u00f3n con el Ministerio de Inclusi\u00f3n, Seguridad Social y Migraciones (MISSMI), ha puesto en marcha un<strong> <a href=\"https:\/\/fundacionlacaixa.org\/ca\/acull-familia-ucraina\">servicio para conectar a familias acogedoras con familias refugiadas<\/a>,<\/strong> con el objetivo de facilitar la integraci\u00f3n y acompa\u00f1amiento de estas \u00faltimas.<\/span><\/p>\n<p><span style=\"color:#000000;\">En la provincia de Barcelona, el <strong>Casal dels Infants<\/strong> somos una de las seis entidades que participamos en el programa como <strong>Oficina T\u00e9cnica de Acogida (OTA)<\/strong>. Cada una de estas oficinas nos encargamos de<strong> valorar la idoneidad de las familias interesadas en acoger, su selecci\u00f3n y el seguimiento del proceso de acogida<\/strong> una vez se las vincule a una familia refugiada. Hay un total de seis oficinas territoriales de acogida en la provincia de Barcelona, seis en Madrid, tres en Murcia y tres en M\u00e1laga.<\/p>\n<p>Las familias que quieran participar en el proceso como acogedoras durante un m\u00ednimo de seis meses deben <strong>llamar al tel\u00e9fono gratuito 900 670 909<\/strong> (de lunes a domingo, de 9 h a 22 h) o<strong> registrarse en este <a href=\"https:\/\/cloud.news.fundacionlacaixa.org\/form01?idf=acoUKR2022&amp;lang=es\">formulario<\/a><\/strong>. Una vez hayan facilitado esta primera informaci\u00f3n, las Oficinas T\u00e9cnicas de Acogida nos pondremos en contacto para empezar el proceso de valoraci\u00f3n de su idoneidad, que constar\u00e1 de una primera sesi\u00f3n informativa telem\u00e1tica, una entrevista individual y, finalmente, una visita al su domicilio.<\/p>\n<p>Finalizado este proceso de valoraci\u00f3n, a cada familia candidata se le comunicar\u00e1 el resultado del informe de idoneidad. En caso de haber sido seleccionadas, el Ministerio de Inclusi\u00f3n, Seguridad Social y Migraciones (MISSMI) se encargar\u00e1 de conectar a las familias acogedoras con las refugiadas, teniendo en cuenta las preferencias que cada una haya especificado sobre el perfil de unidad familiar con el que quiera convivir.<\/p>\n<p>El equipo de la Oficina T\u00e9cnica de Acogida del Casal dels Infants est\u00e1 integrado por <strong>una trabajadora social, una psic\u00f3loga y una educadora social<\/strong>. M\u00e1s all\u00e1 de evaluar la idoneidad de las familias acogedoras, se encargar\u00e1 de realizar un seguimiento del proceso de acogida desde el primer encuentro entre las familias hasta el cierre del proceso.<\/span><\/p>\n<p><span style=\"color:#000000;\">Desde el Casal dels Infants nos sumamos al programa de acogida a familias de Ucrania con el mismo objetivo por el que trabajamos desde que nacimos como asociaci\u00f3n hace casi 40 a\u00f1os:<strong> defender los derechos de aquellos ni\u00f1os y familias que afrontan situaciones de vulnerabilidad para que superen el riesgo de exclusi\u00f3n social<\/strong>.<\/span><\/p>\n<p>\u00a0<\/p>\n","protected":false},"excerpt":{"rendered":"<p>\u00a0 A ra\u00edz de la situaci\u00f3n de emergencia humanitaria provocada por la guerra en Ucrania, la Fundaci\u00f3n \u201cla Caixa\u201d, en colaboraci\u00f3n con el Ministerio de Inclusi\u00f3n, Seguridad Social y Migraciones (MISSMI), ha puesto en marcha un servicio para conectar a familias acogedoras con familias refugiadas, con el objetivo de facilitar la integraci\u00f3n y acompa\u00f1amiento de [&hellip;]<\/p>\n","protected":false},"author":1,"featured_media":2943,"comment_status":"open","ping_status":"open","sticky":false,"template":"","format":"standard","meta":{"_acf_changed":false,"_et_pb_use_builder":"","_et_pb_old_content":"","_et_gb_content_width":"","inline_featured_image":false,"footnotes":""},"categories":[125],"tags":[],"seus":[],"eixos":[110],"class_list":["post-4225","post","type-post","status-publish","format-standard","has-post-thumbnail","hentry","category-noticias","eixos-comunidad-casal-dels-infants"],"acf":[],"yoast_head":"<!-- This site is optimized with the Yoast SEO plugin v27.4 - https:\/\/yoast.com\/product\/yoast-seo-wordpress\/ -->\n<title>El Casal dels Infants participa en el programa de acogida a familias de Ucrania - Casal dels Infants<\/title>\n<meta name=\"robots\" content=\"index, follow, max-snippet:-1, max-image-preview:large, max-video-preview:-1\" \/>\n<link rel=\"canonical\" href=\"https:\/\/www.casaldelsinfants.org\/es\/actualidad\/casal-dels-infants-participa-programa-acogida-familias-ucrania\/\" \/>\n<meta property=\"og:locale\" content=\"es_ES\" \/>\n<meta property=\"og:type\" content=\"article\" \/>\n<meta property=\"og:title\" content=\"El Casal dels Infants participa en el programa de acogida a familias de Ucrania - Casal dels Infants\" \/>\n<meta property=\"og:description\" content=\"\u00a0 A ra\u00edz de la situaci\u00f3n de emergencia humanitaria provocada por la guerra en Ucrania, la Fundaci\u00f3n \u201cla Caixa\u201d, en colaboraci\u00f3n con el Ministerio de Inclusi\u00f3n, Seguridad Social y Migraciones (MISSMI), ha puesto en marcha un servicio para conectar a familias acogedoras con familias refugiadas, con el objetivo de facilitar la integraci\u00f3n y acompa\u00f1amiento de [&hellip;]\" \/>\n<meta property=\"og:url\" content=\"https:\/\/www.casaldelsinfants.org\/es\/actualidad\/casal-dels-infants-participa-programa-acogida-familias-ucrania\/\" \/>\n<meta property=\"og:site_name\" content=\"Casal dels Infants\" \/>\n<meta property=\"article:publisher\" content=\"https:\/\/www.facebook.com\/casalinfants\" \/>\n<meta property=\"article:published_time\" content=\"2022-05-02T07:46:20+00:00\" \/>\n<meta property=\"article:modified_time\" content=\"2023-05-01T15:40:35+00:00\" \/>\n<meta property=\"og:image\" content=\"https:\/\/www.casaldelsinfants.org\/wp-content\/uploads\/programa-acollida-families-refugiades.jpg\" \/>\n\t<meta property=\"og:image:width\" content=\"601\" \/>\n\t<meta property=\"og:image:height\" content=\"301\" \/>\n\t<meta property=\"og:image:type\" content=\"image\/jpeg\" \/>\n<meta name=\"author\" content=\"cdiAdmin\" \/>\n<meta name=\"twitter:card\" content=\"summary_large_image\" \/>\n<meta name=\"twitter:creator\" content=\"@casalinfants\" \/>\n<meta name=\"twitter:site\" content=\"@casalinfants\" \/>\n<meta name=\"twitter:label1\" content=\"Escrito por\" \/>\n\t<meta name=\"twitter:data1\" content=\"cdiAdmin\" \/>\n\t<meta name=\"twitter:label2\" content=\"Tiempo de lectura\" \/>\n\t<meta name=\"twitter:data2\" content=\"2 minutos\" \/>\n<script type=\"application\/ld+json\" class=\"yoast-schema-graph\">{\"@context\":\"https:\\\/\\\/schema.org\",\"@graph\":[{\"@type\":\"Article\",\"@id\":\"https:\\\/\\\/www.casaldelsinfants.org\\\/es\\\/actualidad\\\/casal-dels-infants-participa-programa-acogida-familias-ucrania\\\/#article\",\"isPartOf\":{\"@id\":\"https:\\\/\\\/www.casaldelsinfants.org\\\/es\\\/actualidad\\\/casal-dels-infants-participa-programa-acogida-familias-ucrania\\\/\"},\"author\":{\"name\":\"cdiAdmin\",\"@id\":\"https:\\\/\\\/www.casaldelsinfants.org\\\/es\\\/#\\\/schema\\\/person\\\/97707fc8c64900cf36891127dbf9fba8\"},\"headline\":\"El Casal dels Infants participa en el programa de acogida a familias de Ucrania\",\"datePublished\":\"2022-05-02T07:46:20+00:00\",\"dateModified\":\"2023-05-01T15:40:35+00:00\",\"mainEntityOfPage\":{\"@id\":\"https:\\\/\\\/www.casaldelsinfants.org\\\/es\\\/actualidad\\\/casal-dels-infants-participa-programa-acogida-familias-ucrania\\\/\"},\"wordCount\":431,\"commentCount\":0,\"publisher\":{\"@id\":\"https:\\\/\\\/www.casaldelsinfants.org\\\/es\\\/#organization\"},\"image\":{\"@id\":\"https:\\\/\\\/www.casaldelsinfants.org\\\/es\\\/actualidad\\\/casal-dels-infants-participa-programa-acogida-familias-ucrania\\\/#primaryimage\"},\"thumbnailUrl\":\"https:\\\/\\\/www.casaldelsinfants.org\\\/wp-content\\\/uploads\\\/programa-acollida-families-refugiades.jpg\",\"articleSection\":[\"Noticia\"],\"inLanguage\":\"es\",\"potentialAction\":[{\"@type\":\"CommentAction\",\"name\":\"Comment\",\"target\":[\"https:\\\/\\\/www.casaldelsinfants.org\\\/es\\\/actualidad\\\/casal-dels-infants-participa-programa-acogida-familias-ucrania\\\/#respond\"]}]},{\"@type\":\"WebPage\",\"@id\":\"https:\\\/\\\/www.casaldelsinfants.org\\\/es\\\/actualidad\\\/casal-dels-infants-participa-programa-acogida-familias-ucrania\\\/\",\"url\":\"https:\\\/\\\/www.casaldelsinfants.org\\\/es\\\/actualidad\\\/casal-dels-infants-participa-programa-acogida-familias-ucrania\\\/\",\"name\":\"El Casal dels Infants participa en el programa de acogida a familias de Ucrania - Casal dels Infants\",\"isPartOf\":{\"@id\":\"https:\\\/\\\/www.casaldelsinfants.org\\\/es\\\/#website\"},\"primaryImageOfPage\":{\"@id\":\"https:\\\/\\\/www.casaldelsinfants.org\\\/es\\\/actualidad\\\/casal-dels-infants-participa-programa-acogida-familias-ucrania\\\/#primaryimage\"},\"image\":{\"@id\":\"https:\\\/\\\/www.casaldelsinfants.org\\\/es\\\/actualidad\\\/casal-dels-infants-participa-programa-acogida-familias-ucrania\\\/#primaryimage\"},\"thumbnailUrl\":\"https:\\\/\\\/www.casaldelsinfants.org\\\/wp-content\\\/uploads\\\/programa-acollida-families-refugiades.jpg\",\"datePublished\":\"2022-05-02T07:46:20+00:00\",\"dateModified\":\"2023-05-01T15:40:35+00:00\",\"breadcrumb\":{\"@id\":\"https:\\\/\\\/www.casaldelsinfants.org\\\/es\\\/actualidad\\\/casal-dels-infants-participa-programa-acogida-familias-ucrania\\\/#breadcrumb\"},\"inLanguage\":\"es\",\"potentialAction\":[{\"@type\":\"ReadAction\",\"target\":[\"https:\\\/\\\/www.casaldelsinfants.org\\\/es\\\/actualidad\\\/casal-dels-infants-participa-programa-acogida-familias-ucrania\\\/\"]}]},{\"@type\":\"ImageObject\",\"inLanguage\":\"es\",\"@id\":\"https:\\\/\\\/www.casaldelsinfants.org\\\/es\\\/actualidad\\\/casal-dels-infants-participa-programa-acogida-familias-ucrania\\\/#primaryimage\",\"url\":\"https:\\\/\\\/www.casaldelsinfants.org\\\/wp-content\\\/uploads\\\/programa-acollida-families-refugiades.jpg\",\"contentUrl\":\"https:\\\/\\\/www.casaldelsinfants.org\\\/wp-content\\\/uploads\\\/programa-acollida-families-refugiades.jpg\",\"width\":601,\"height\":301,\"caption\":\"El Casal dels Infants participa en el programa d\u2019acollida a fam\u00edlies d\u2019Ucra\u00efna\"},{\"@type\":\"BreadcrumbList\",\"@id\":\"https:\\\/\\\/www.casaldelsinfants.org\\\/es\\\/actualidad\\\/casal-dels-infants-participa-programa-acogida-familias-ucrania\\\/#breadcrumb\",\"itemListElement\":[{\"@type\":\"ListItem\",\"position\":1,\"name\":\"Inici\",\"item\":\"https:\\\/\\\/www.casaldelsinfants.org\\\/es\\\/\"},{\"@type\":\"ListItem\",\"position\":2,\"name\":\"El Casal dels Infants participa en el programa de acogida a familias de Ucrania\"}]},{\"@type\":\"WebSite\",\"@id\":\"https:\\\/\\\/www.casaldelsinfants.org\\\/es\\\/#website\",\"url\":\"https:\\\/\\\/www.casaldelsinfants.org\\\/es\\\/\",\"name\":\"Casal dels Infants\",\"description\":\"\",\"publisher\":{\"@id\":\"https:\\\/\\\/www.casaldelsinfants.org\\\/es\\\/#organization\"},\"potentialAction\":[{\"@type\":\"SearchAction\",\"target\":{\"@type\":\"EntryPoint\",\"urlTemplate\":\"https:\\\/\\\/www.casaldelsinfants.org\\\/es\\\/?s={search_term_string}\"},\"query-input\":{\"@type\":\"PropertyValueSpecification\",\"valueRequired\":true,\"valueName\":\"search_term_string\"}}],\"inLanguage\":\"es\"},{\"@type\":\"Organization\",\"@id\":\"https:\\\/\\\/www.casaldelsinfants.org\\\/es\\\/#organization\",\"name\":\"Casal dels Infants\",\"url\":\"https:\\\/\\\/www.casaldelsinfants.org\\\/es\\\/\",\"logo\":{\"@type\":\"ImageObject\",\"inLanguage\":\"es\",\"@id\":\"https:\\\/\\\/www.casaldelsinfants.org\\\/es\\\/#\\\/schema\\\/logo\\\/image\\\/\",\"url\":\"https:\\\/\\\/www.casaldelsinfants.org\\\/wp-content\\\/uploads\\\/logo-mail.png\",\"contentUrl\":\"https:\\\/\\\/www.casaldelsinfants.org\\\/wp-content\\\/uploads\\\/logo-mail.png\",\"width\":380,\"height\":158,\"caption\":\"Casal dels Infants\"},\"image\":{\"@id\":\"https:\\\/\\\/www.casaldelsinfants.org\\\/es\\\/#\\\/schema\\\/logo\\\/image\\\/\"},\"sameAs\":[\"https:\\\/\\\/www.facebook.com\\\/casalinfants\",\"https:\\\/\\\/x.com\\\/casalinfants\",\"https:\\\/\\\/www.youtube.com\\\/user\\\/CasaldelsInfants1\",\"https:\\\/\\\/www.instagram.com\\\/casalinfants\\\/\",\"https:\\\/\\\/www.linkedin.com\\\/company\\\/casaldelsinfants?trk=organization-update_share-update_actor-text\"]},{\"@type\":\"Person\",\"@id\":\"https:\\\/\\\/www.casaldelsinfants.org\\\/es\\\/#\\\/schema\\\/person\\\/97707fc8c64900cf36891127dbf9fba8\",\"name\":\"cdiAdmin\",\"sameAs\":[\"https:\\\/\\\/casaldelsinfants.org\"]}]}<\/script>\n<!-- \/ Yoast SEO plugin. -->","yoast_head_json":{"title":"El Casal dels Infants participa en el programa de acogida a familias de Ucrania - Casal dels Infants","robots":{"index":"index","follow":"follow","max-snippet":"max-snippet:-1","max-image-preview":"max-image-preview:large","max-video-preview":"max-video-preview:-1"},"canonical":"https:\/\/www.casaldelsinfants.org\/es\/actualidad\/casal-dels-infants-participa-programa-acogida-familias-ucrania\/","og_locale":"es_ES","og_type":"article","og_title":"El Casal dels Infants participa en el programa de acogida a familias de Ucrania - Casal dels Infants","og_description":"\u00a0 A ra\u00edz de la situaci\u00f3n de emergencia humanitaria provocada por la guerra en Ucrania, la Fundaci\u00f3n \u201cla Caixa\u201d, en colaboraci\u00f3n con el Ministerio de Inclusi\u00f3n, Seguridad Social y Migraciones (MISSMI), ha puesto en marcha un servicio para conectar a familias acogedoras con familias refugiadas, con el objetivo de facilitar la integraci\u00f3n y acompa\u00f1amiento de [&hellip;]","og_url":"https:\/\/www.casaldelsinfants.org\/es\/actualidad\/casal-dels-infants-participa-programa-acogida-familias-ucrania\/","og_site_name":"Casal dels Infants","article_publisher":"https:\/\/www.facebook.com\/casalinfants","article_published_time":"2022-05-02T07:46:20+00:00","article_modified_time":"2023-05-01T15:40:35+00:00","og_image":[{"width":601,"height":301,"url":"https:\/\/www.casaldelsinfants.org\/wp-content\/uploads\/programa-acollida-families-refugiades.jpg","type":"image\/jpeg"}],"author":"cdiAdmin","twitter_card":"summary_large_image","twitter_creator":"@casalinfants","twitter_site":"@casalinfants","twitter_misc":{"Escrito por":"cdiAdmin","Tiempo de lectura":"2 minutos"},"schema":{"@context":"https:\/\/schema.org","@graph":[{"@type":"Article","@id":"https:\/\/www.casaldelsinfants.org\/es\/actualidad\/casal-dels-infants-participa-programa-acogida-familias-ucrania\/#article","isPartOf":{"@id":"https:\/\/www.casaldelsinfants.org\/es\/actualidad\/casal-dels-infants-participa-programa-acogida-familias-ucrania\/"},"author":{"name":"cdiAdmin","@id":"https:\/\/www.casaldelsinfants.org\/es\/#\/schema\/person\/97707fc8c64900cf36891127dbf9fba8"},"headline":"El Casal dels Infants participa en el programa de acogida a familias de Ucrania","datePublished":"2022-05-02T07:46:20+00:00","dateModified":"2023-05-01T15:40:35+00:00","mainEntityOfPage":{"@id":"https:\/\/www.casaldelsinfants.org\/es\/actualidad\/casal-dels-infants-participa-programa-acogida-familias-ucrania\/"},"wordCount":431,"commentCount":0,"publisher":{"@id":"https:\/\/www.casaldelsinfants.org\/es\/#organization"},"image":{"@id":"https:\/\/www.casaldelsinfants.org\/es\/actualidad\/casal-dels-infants-participa-programa-acogida-familias-ucrania\/#primaryimage"},"thumbnailUrl":"https:\/\/www.casaldelsinfants.org\/wp-content\/uploads\/programa-acollida-families-refugiades.jpg","articleSection":["Noticia"],"inLanguage":"es","potentialAction":[{"@type":"CommentAction","name":"Comment","target":["https:\/\/www.casaldelsinfants.org\/es\/actualidad\/casal-dels-infants-participa-programa-acogida-familias-ucrania\/#respond"]}]},{"@type":"WebPage","@id":"https:\/\/www.casaldelsinfants.org\/es\/actualidad\/casal-dels-infants-participa-programa-acogida-familias-ucrania\/","url":"https:\/\/www.casaldelsinfants.org\/es\/actualidad\/casal-dels-infants-participa-programa-acogida-familias-ucrania\/","name":"El Casal dels Infants participa en el programa de acogida a familias de Ucrania - Casal dels Infants","isPartOf":{"@id":"https:\/\/www.casaldelsinfants.org\/es\/#website"},"primaryImageOfPage":{"@id":"https:\/\/www.casaldelsinfants.org\/es\/actualidad\/casal-dels-infants-participa-programa-acogida-familias-ucrania\/#primaryimage"},"image":{"@id":"https:\/\/www.casaldelsinfants.org\/es\/actualidad\/casal-dels-infants-participa-programa-acogida-familias-ucrania\/#primaryimage"},"thumbnailUrl":"https:\/\/www.casaldelsinfants.org\/wp-content\/uploads\/programa-acollida-families-refugiades.jpg","datePublished":"2022-05-02T07:46:20+00:00","dateModified":"2023-05-01T15:40:35+00:00","breadcrumb":{"@id":"https:\/\/www.casaldelsinfants.org\/es\/actualidad\/casal-dels-infants-participa-programa-acogida-familias-ucrania\/#breadcrumb"},"inLanguage":"es","potentialAction":[{"@type":"ReadAction","target":["https:\/\/www.casaldelsinfants.org\/es\/actualidad\/casal-dels-infants-participa-programa-acogida-familias-ucrania\/"]}]},{"@type":"ImageObject","inLanguage":"es","@id":"https:\/\/www.casaldelsinfants.org\/es\/actualidad\/casal-dels-infants-participa-programa-acogida-familias-ucrania\/#primaryimage","url":"https:\/\/www.casaldelsinfants.org\/wp-content\/uploads\/programa-acollida-families-refugiades.jpg","contentUrl":"https:\/\/www.casaldelsinfants.org\/wp-content\/uploads\/programa-acollida-families-refugiades.jpg","width":601,"height":301,"caption":"El Casal dels Infants participa en el programa d\u2019acollida a fam\u00edlies d\u2019Ucra\u00efna"},{"@type":"BreadcrumbList","@id":"https:\/\/www.casaldelsinfants.org\/es\/actualidad\/casal-dels-infants-participa-programa-acogida-familias-ucrania\/#breadcrumb","itemListElement":[{"@type":"ListItem","position":1,"name":"Inici","item":"https:\/\/www.casaldelsinfants.org\/es\/"},{"@type":"ListItem","position":2,"name":"El Casal dels Infants participa en el programa de acogida a familias de Ucrania"}]},{"@type":"WebSite","@id":"https:\/\/www.casaldelsinfants.org\/es\/#website","url":"https:\/\/www.casaldelsinfants.org\/es\/","name":"Casal dels Infants","description":"","publisher":{"@id":"https:\/\/www.casaldelsinfants.org\/es\/#organization"},"potentialAction":[{"@type":"SearchAction","target":{"@type":"EntryPoint","urlTemplate":"https:\/\/www.casaldelsinfants.org\/es\/?s={search_term_string}"},"query-input":{"@type":"PropertyValueSpecification","valueRequired":true,"valueName":"search_term_string"}}],"inLanguage":"es"},{"@type":"Organization","@id":"https:\/\/www.casaldelsinfants.org\/es\/#organization","name":"Casal dels Infants","url":"https:\/\/www.casaldelsinfants.org\/es\/","logo":{"@type":"ImageObject","inLanguage":"es","@id":"https:\/\/www.casaldelsinfants.org\/es\/#\/schema\/logo\/image\/","url":"https:\/\/www.casaldelsinfants.org\/wp-content\/uploads\/logo-mail.png","contentUrl":"https:\/\/www.casaldelsinfants.org\/wp-content\/uploads\/logo-mail.png","width":380,"height":158,"caption":"Casal dels Infants"},"image":{"@id":"https:\/\/www.casaldelsinfants.org\/es\/#\/schema\/logo\/image\/"},"sameAs":["https:\/\/www.facebook.com\/casalinfants","https:\/\/x.com\/casalinfants","https:\/\/www.youtube.com\/user\/CasaldelsInfants1","https:\/\/www.instagram.com\/casalinfants\/","https:\/\/www.linkedin.com\/company\/casaldelsinfants?trk=organization-update_share-update_actor-text"]},{"@type":"Person","@id":"https:\/\/www.casaldelsinfants.org\/es\/#\/schema\/person\/97707fc8c64900cf36891127dbf9fba8","name":"cdiAdmin","sameAs":["https:\/\/casaldelsinfants.org"]}]}},"publishpress_future_action":{"enabled":false,"date":"2026-05-08 16:25:43","action":"change-status","newStatus":"draft","terms":[],"taxonomy":"category","extraData":[]},"publishpress_future_workflow_manual_trigger":{"enabledWorkflows":[]},"_links":{"self":[{"href":"https:\/\/www.casaldelsinfants.org\/es\/wp-json\/wp\/v2\/posts\/4225","targetHints":{"allow":["GET"]}}],"collection":[{"href":"https:\/\/www.casaldelsinfants.org\/es\/wp-json\/wp\/v2\/posts"}],"about":[{"href":"https:\/\/www.casaldelsinfants.org\/es\/wp-json\/wp\/v2\/types\/post"}],"author":[{"embeddable":true,"href":"https:\/\/www.casaldelsinfants.org\/es\/wp-json\/wp\/v2\/users\/1"}],"replies":[{"embeddable":true,"href":"https:\/\/www.casaldelsinfants.org\/es\/wp-json\/wp\/v2\/comments?post=4225"}],"version-history":[{"count":1,"href":"https:\/\/www.casaldelsinfants.org\/es\/wp-json\/wp\/v2\/posts\/4225\/revisions"}],"predecessor-version":[{"id":6216,"href":"https:\/\/www.casaldelsinfants.org\/es\/wp-json\/wp\/v2\/posts\/4225\/revisions\/6216"}],"wp:featuredmedia":[{"embeddable":true,"href":"https:\/\/www.casaldelsinfants.org\/es\/wp-json\/wp\/v2\/media\/2943"}],"wp:attachment":[{"href":"https:\/\/www.casaldelsinfants.org\/es\/wp-json\/wp\/v2\/media?parent=4225"}],"wp:term":[{"taxonomy":"category","embeddable":true,"href":"https:\/\/www.casaldelsinfants.org\/es\/wp-json\/wp\/v2\/categories?post=4225"},{"taxonomy":"post_tag","embeddable":true,"href":"https:\/\/www.casaldelsinfants.org\/es\/wp-json\/wp\/v2\/tags?post=4225"},{"taxonomy":"seus","embeddable":true,"href":"https:\/\/www.casaldelsinfants.org\/es\/wp-json\/wp\/v2\/seus?post=4225"},{"taxonomy":"eixos","embeddable":true,"href":"https:\/\/www.casaldelsinfants.org\/es\/wp-json\/wp\/v2\/eixos?post=4225"}],"curies":[{"name":"wp","href":"https:\/\/api.w.org\/{rel}","templated":true}]}}