{"id":4228,"date":"2022-04-20T09:28:12","date_gmt":"2022-04-20T07:28:12","guid":{"rendered":"https:\/\/casal.puntzero.cat\/noticies\/cultura-tradicio-roses-i-llibres-la-diada-de-sant-jordi-al-casal-dels-infants-0\/"},"modified":"2023-11-23T12:26:38","modified_gmt":"2023-11-23T10:26:38","slug":"cultura-tradicio-roses-i-llibres-la-diada-de-sant-jordi-al-casal-dels-infants-0","status":"publish","type":"post","link":"https:\/\/www.casaldelsinfants.org\/es\/actualidad\/cultura-tradicio-roses-i-llibres-la-diada-de-sant-jordi-al-casal-dels-infants-0\/","title":{"rendered":"Cultura, tradici\u00f3n, rosas y libros: la Diada de Sant Jordi en el Casal dels Infants"},"content":{"rendered":"<p><span style=\"display: none;\">\u00a0<\/span><span style=\"color: #000000;\">Este s\u00e1bado 23 de abril se celebra en Catalunya la <strong>Diada de Sant Jordi<\/strong>, una de las tradiciones m\u00e1s seguidas en la cultura catalana. Los pueblos y ciudades se llenan de tenderetes, se regalan libros y rosas, y la gente sale a la calle para disfrutar del ambiente festivo, de amor y de cultura. En el <\/span><u><a href=\"https:\/\/www.casaldelsinfants.org\/actualitat\/collabora-amb-el-casal-dels-infants-aquest-sant-jordi\/\" target=\"_blank\" rel=\"nofollow noopener\">Casal dels Infants<\/a><\/u><span style=\"color: #000000;\"> reivindicamos durante todo el a\u00f1o que la lectura y la escritura son claves en la educaci\u00f3n y la inclusi\u00f3n social de todos los ni\u00f1os, ni\u00f1as y j\u00f3venes, y fomentamos el h\u00e1bito de lectura entre ni\u00f1os y adolescentes en riesgo de exclusi\u00f3n.\u00a0<\/span><\/p>\n<p>&nbsp;<\/p>\n<p dir=\"ltr\"><span style=\"color: #000000;\">Para esta diada, los participantes del Casal han estado preparando material y manualidades para los <strong>diferentes tenderetes que montar\u00e1n el s\u00e1bado 23 de abril<\/strong>. Los donativos que consigan servir\u00e1n para organizar actividades y salidas con los compa\u00f1eros y compa\u00f1eras de su grupo del Casal. La solidaridad se ha extendido tambi\u00e9n entre los alumnos de 2\u00ba de Integraci\u00f3n Social del centro <u><a href=\"https:\/\/ceir-arco.com\/\" target=\"_blank\" rel=\"noopener\">CEIR ARCO Villaroel<\/a><\/u>, que el d\u00eda 23 estar\u00e1n a la puerta de su centro vendiendo rosas y puntos de libro hechos con material reciclado, para recaudar dinero para el Casal.\u00a0<\/span><\/p>\n<p dir=\"ltr\"><span style=\"color: #000000;\">A continuaci\u00f3n, detallamos en un <u><a href=\"https:\/\/www.google.com\/maps\/d\/u\/0\/edit?mid=1M497CDhvt5Da844W8EglRJIAgj1E1t5L&amp;usp=sharing\" target=\"_blank\" rel=\"noopener\">mapa<\/a><\/u> en <strong>qu\u00e9 puntos habr\u00e1 tenderetes del Casal dels Infants<\/strong> durante la diada de Sant Jordi:\u00a0<\/span><\/p>\n<p dir=\"ltr\"><span style=\"display: none;\">\u00a0<\/span><\/p>\n<p class=\"text-align-center\"><iframe loading=\"lazy\" src=\"https:\/\/www.google.com\/maps\/d\/embed?mid=1M497CDhvt5Da844W8EglRJIAgj1E1t5L&amp;ehbc=2E312F\" width=\"640\" height=\"480\"><\/iframe><\/p>\n<p dir=\"ltr\"><span style=\"color: #000000;\">A parte de organizar los tenderetes, ni\u00f1os, j\u00f3venes y familias de los diferentes barrios donde act\u00faa el Casal participan a lo largo de la semana en <strong>actividades para aprender sobre la leyenda y la celebraci\u00f3n<\/strong> del d\u00eda de Sant Jordi en la cultura catalana. En el barrio del Raval, en Barcelona, los ni\u00f1os y ni\u00f1as de Casalet trabajaran la leyenda pero con un giro de actualidad: el drag\u00f3n es cocinero, la princesa toma sus propias decisiones, y Jordi es un miedoso que se ve obligado a salvar la princesa por presi\u00f3n social. Los ni\u00f1os tambi\u00e9n disfrutar\u00e1n de la representaci\u00f3n teatral por parte del equipo de voluntarias y educadoras, har\u00e1n puntos de libro y recibir\u00e1n un libro como regalo.\u00a0<\/span><\/p>\n<p dir=\"ltr\"><span style=\"color: #000000;\">En <strong>Santa Coloma<\/strong>, el d\u00eda previo a la diada, los ni\u00f1os participaran en un taller de puntos de libro en el barrio de Fondo, junto con otras entidades del barrio. Las mujeres de El hilo del Casal han estado preparando material con tela y ganchillo de todo tipo para el tenderete del 23 de abril en la plaza de la Vila: bolos, coleteros, fundas para llevar el tel\u00e9fono m\u00f3vil, mochilas, etc. Adem\u00e1s, han confeccionado rosas de ganchillo rojas unidas a un l\u00e1piz.\u00a0<\/span><\/p>\n<figure class=\"align-center\" role=\"group\"><img decoding=\"async\" src=\"\/wp-content\/uploads\/inline-images\/WhatsApp%20Image%202022-04-08%20at%2012.22.54%20PM%20%281%29.jpeg\" alt=\"Dones fent roses vermelles de ganxet.\" width=\"480\" height=\"270\" data-entity-type=\"file\" data-entity-uuid=\"59a7ba10-b0c7-4995-8456-0dca44f7b914\" data-image-style=\"large\" \/><\/figure>\n<p dir=\"ltr\">Las mujetes de El Hilo del Casal confeccionan rosas rojas de ganchillo.<\/p>\n<p dir=\"ltr\"><span style=\"color: #000000;\">En <strong>Badalona<\/strong>, peque\u00f1os, medianos y grandes participar\u00e1n en una actividad conjunta, dinamizada por los adolescentes y los j\u00f3venes, con diferentes talleres: confecci\u00f3n de rosas, cuentacuentos, punter\u00eda al drag\u00f3n y pintura facial. Tambi\u00e9n habr\u00e1 en el patio una feria de libros, donde podr\u00e1n escoger un libro para llevarse a casa. La tarde del viernes 22 de abril a las 17h, ni\u00f1os, j\u00f3venes y familias celebrar\u00e1n <\/span><u><a href=\"http:\/\/badalona.cat\/portalWeb\/getfile?dID=123203&amp;rendition=web\" target=\"_blank\" rel=\"noopener\">Sant Jordi en la plaza Sant Elies<\/a><\/u><span style=\"color: #000000;\"> junto con otras entidades del barrio.\u00a0<\/span><\/p>\n<p dir=\"ltr\"><span style=\"color: #000000;\">En <strong>Bes\u00f2s i La Mina<\/strong>, la celebraci\u00f3n de Sant Jordi empez\u00f3 al principio de la semana. Los ni\u00f1os y ni\u00f1as del Centre Socioeducatiu Cascavell participaron el martes en una actividad de contar cuentos sobre Sant Jordi en la <\/span><u><a href=\"https:\/\/bibliotecavirtual.diba.cat\/es\/sant-adria-de-besos-biblioteca-font-de-la-mina\" target=\"_blank\" rel=\"noopener\">Biblioteca Font de la Mina<\/a><\/u><span style=\"color: #000000;\">. Durante la semana, ni\u00f1os y adolescentes de los diferentes centros har\u00e1n talleres de flores de papel y actividades para conocer la tradici\u00f3n, mientras que los participantes de Fem Fam\u00edlia participaran en un concurso literario, organizado por la <\/span><u><a href=\"https:\/\/www.fundaciopereclosa.org\/\" target=\"_blank\" rel=\"noopener\">Fundaci\u00f3 Pere Closa<\/a><\/u><span style=\"color: #000000;\">.\u00a0<\/span><\/p>\n<p dir=\"ltr\"><span style=\"color: #000000;\">En <strong>Salt<\/strong>, los m\u00e1s peque\u00f1os aprender\u00e1n sobre la tradici\u00f3n por rincones: un o creativo donde har\u00e1n puntos de libro, otro con un juego de mesa creado por el equipo de educadores y educadoras con una mirada de g\u00e9nero a la leyenda de Sant Jordi, y un \u00faltimo donde los ni\u00f1os y ni\u00f1as podr\u00e1n inventar un final alternativo a la historia. Tambi\u00e9n habr\u00e1 un espacio de lectura donde los m\u00e1s grandes leer\u00e1n cuentos de Sant Jordi. Los adolescentes participar\u00e1n en un taller de m\u00e1scaras, mientras que los ni\u00f1os y madres de Vincles construir\u00e1n t\u00edteres de dedos con todos los personajes de la leyenda.<\/span><\/p>\n<blockquote><p><strong>Haz posible que sigamos apoyando a ni\u00f1os, j\u00f3venes y familias en situaci\u00f3n de vulnerabilidad.\u00a0<\/strong><\/p>\n<p>Haz\u00a0<strong>voluntariado<\/strong>. Inf\u00f3rmate\u00a0<a href=\"https:\/\/www.casaldelsinfants.org\/que-pots-fer-tu\/voluntariat\/\" target=\"_blank\" rel=\"noopener\"><u>aqu\u00ed<\/u><\/a>.<\/p>\n<p>Haz un\u00a0<strong>donativo<\/strong>\u00a0<a href=\"https:\/\/www.casaldelsinfants.org\/dona-ara\/\" target=\"_blank\" rel=\"noopener\"><u>aqu\u00ed<\/u>.<\/a><\/p><\/blockquote>\n","protected":false},"excerpt":{"rendered":"<p>\u00a0Este s\u00e1bado 23 de abril se celebra en Catalunya la Diada de Sant Jordi, una de las tradiciones m\u00e1s seguidas en la cultura catalana. Los pueblos y ciudades se llenan de tenderetes, se regalan libros y rosas, y la gente sale a la calle para disfrutar del ambiente festivo, de amor y de cultura. En [&hellip;]<\/p>\n","protected":false},"author":1,"featured_media":2947,"comment_status":"open","ping_status":"open","sticky":false,"template":"","format":"standard","meta":{"_acf_changed":false,"_et_pb_use_builder":"","_et_pb_old_content":"","_et_gb_content_width":"","inline_featured_image":false,"footnotes":""},"categories":[125],"tags":[],"seus":[],"eixos":[],"class_list":["post-4228","post","type-post","status-publish","format-standard","has-post-thumbnail","hentry","category-noticias"],"acf":[],"yoast_head":"<!-- This site is optimized with the Yoast SEO plugin v27.4 - https:\/\/yoast.com\/product\/yoast-seo-wordpress\/ -->\n<title>La Diada de Sant Jordi en el Casal dels Infants<\/title>\n<meta name=\"description\" content=\"En los diferentes barrios donde act\u00faa el Casal dels Infants, ni\u00f1os, adolescentes, j\u00f3venes y familias se preparan para celebrar la Diada de Sant Jordi el 23 de abril, con actividades para aprender sobre la leyenda de la tradici\u00f3n catalana y preparar material, como rosas y puntos de libro para los tenderetes.\" \/>\n<meta name=\"robots\" content=\"index, follow, max-snippet:-1, max-image-preview:large, max-video-preview:-1\" \/>\n<link rel=\"canonical\" href=\"https:\/\/www.casaldelsinfants.org\/es\/actualidad\/cultura-tradicio-roses-i-llibres-la-diada-de-sant-jordi-al-casal-dels-infants-0\/\" \/>\n<meta property=\"og:locale\" content=\"es_ES\" \/>\n<meta property=\"og:type\" content=\"article\" \/>\n<meta property=\"og:title\" content=\"La Diada de Sant Jordi en el Casal dels Infants\" \/>\n<meta property=\"og:description\" content=\"En los diferentes barrios donde act\u00faa el Casal dels Infants, ni\u00f1os, adolescentes, j\u00f3venes y familias se preparan para celebrar la Diada de Sant Jordi el 23 de abril, con actividades para aprender sobre la leyenda de la tradici\u00f3n catalana y preparar material, como rosas y puntos de libro para los tenderetes.\" \/>\n<meta property=\"og:url\" content=\"https:\/\/www.casaldelsinfants.org\/es\/actualidad\/cultura-tradicio-roses-i-llibres-la-diada-de-sant-jordi-al-casal-dels-infants-0\/\" \/>\n<meta property=\"og:site_name\" content=\"Casal dels Infants\" \/>\n<meta property=\"article:publisher\" content=\"https:\/\/www.facebook.com\/casalinfants\" \/>\n<meta property=\"article:published_time\" content=\"2022-04-20T07:28:12+00:00\" \/>\n<meta property=\"article:modified_time\" content=\"2023-11-23T10:26:38+00:00\" \/>\n<meta property=\"og:image\" content=\"https:\/\/www.casaldelsinfants.org\/wp-content\/uploads\/dsc09175-scaled.jpg\" \/>\n\t<meta property=\"og:image:width\" content=\"2560\" \/>\n\t<meta property=\"og:image:height\" content=\"2519\" \/>\n\t<meta property=\"og:image:type\" content=\"image\/jpeg\" \/>\n<meta name=\"author\" content=\"cdiAdmin\" \/>\n<meta name=\"twitter:card\" content=\"summary_large_image\" \/>\n<meta name=\"twitter:creator\" content=\"@casalinfants\" \/>\n<meta name=\"twitter:site\" content=\"@casalinfants\" \/>\n<meta name=\"twitter:label1\" content=\"Escrito por\" \/>\n\t<meta name=\"twitter:data1\" content=\"cdiAdmin\" \/>\n\t<meta name=\"twitter:label2\" content=\"Tiempo de lectura\" \/>\n\t<meta name=\"twitter:data2\" content=\"4 minutos\" \/>\n<script type=\"application\/ld+json\" class=\"yoast-schema-graph\">{\"@context\":\"https:\\\/\\\/schema.org\",\"@graph\":[{\"@type\":\"Article\",\"@id\":\"https:\\\/\\\/www.casaldelsinfants.org\\\/es\\\/actualidad\\\/cultura-tradicio-roses-i-llibres-la-diada-de-sant-jordi-al-casal-dels-infants-0\\\/#article\",\"isPartOf\":{\"@id\":\"https:\\\/\\\/www.casaldelsinfants.org\\\/es\\\/actualidad\\\/cultura-tradicio-roses-i-llibres-la-diada-de-sant-jordi-al-casal-dels-infants-0\\\/\"},\"author\":{\"name\":\"cdiAdmin\",\"@id\":\"https:\\\/\\\/www.casaldelsinfants.org\\\/es\\\/#\\\/schema\\\/person\\\/97707fc8c64900cf36891127dbf9fba8\"},\"headline\":\"Cultura, tradici\u00f3n, rosas y libros: la Diada de Sant Jordi en el Casal dels Infants\",\"datePublished\":\"2022-04-20T07:28:12+00:00\",\"dateModified\":\"2023-11-23T10:26:38+00:00\",\"mainEntityOfPage\":{\"@id\":\"https:\\\/\\\/www.casaldelsinfants.org\\\/es\\\/actualidad\\\/cultura-tradicio-roses-i-llibres-la-diada-de-sant-jordi-al-casal-dels-infants-0\\\/\"},\"wordCount\":800,\"commentCount\":0,\"publisher\":{\"@id\":\"https:\\\/\\\/www.casaldelsinfants.org\\\/es\\\/#organization\"},\"image\":{\"@id\":\"https:\\\/\\\/www.casaldelsinfants.org\\\/es\\\/actualidad\\\/cultura-tradicio-roses-i-llibres-la-diada-de-sant-jordi-al-casal-dels-infants-0\\\/#primaryimage\"},\"thumbnailUrl\":\"https:\\\/\\\/www.casaldelsinfants.org\\\/wp-content\\\/uploads\\\/dsc09175-scaled.jpg\",\"articleSection\":[\"Noticia\"],\"inLanguage\":\"es\",\"potentialAction\":[{\"@type\":\"CommentAction\",\"name\":\"Comment\",\"target\":[\"https:\\\/\\\/www.casaldelsinfants.org\\\/es\\\/actualidad\\\/cultura-tradicio-roses-i-llibres-la-diada-de-sant-jordi-al-casal-dels-infants-0\\\/#respond\"]}]},{\"@type\":\"WebPage\",\"@id\":\"https:\\\/\\\/www.casaldelsinfants.org\\\/es\\\/actualidad\\\/cultura-tradicio-roses-i-llibres-la-diada-de-sant-jordi-al-casal-dels-infants-0\\\/\",\"url\":\"https:\\\/\\\/www.casaldelsinfants.org\\\/es\\\/actualidad\\\/cultura-tradicio-roses-i-llibres-la-diada-de-sant-jordi-al-casal-dels-infants-0\\\/\",\"name\":\"La Diada de Sant Jordi en el Casal dels Infants\",\"isPartOf\":{\"@id\":\"https:\\\/\\\/www.casaldelsinfants.org\\\/es\\\/#website\"},\"primaryImageOfPage\":{\"@id\":\"https:\\\/\\\/www.casaldelsinfants.org\\\/es\\\/actualidad\\\/cultura-tradicio-roses-i-llibres-la-diada-de-sant-jordi-al-casal-dels-infants-0\\\/#primaryimage\"},\"image\":{\"@id\":\"https:\\\/\\\/www.casaldelsinfants.org\\\/es\\\/actualidad\\\/cultura-tradicio-roses-i-llibres-la-diada-de-sant-jordi-al-casal-dels-infants-0\\\/#primaryimage\"},\"thumbnailUrl\":\"https:\\\/\\\/www.casaldelsinfants.org\\\/wp-content\\\/uploads\\\/dsc09175-scaled.jpg\",\"datePublished\":\"2022-04-20T07:28:12+00:00\",\"dateModified\":\"2023-11-23T10:26:38+00:00\",\"description\":\"En los diferentes barrios donde act\u00faa el Casal dels Infants, ni\u00f1os, adolescentes, j\u00f3venes y familias se preparan para celebrar la Diada de Sant Jordi el 23 de abril, con actividades para aprender sobre la leyenda de la tradici\u00f3n catalana y preparar material, como rosas y puntos de libro para los tenderetes.\",\"breadcrumb\":{\"@id\":\"https:\\\/\\\/www.casaldelsinfants.org\\\/es\\\/actualidad\\\/cultura-tradicio-roses-i-llibres-la-diada-de-sant-jordi-al-casal-dels-infants-0\\\/#breadcrumb\"},\"inLanguage\":\"es\",\"potentialAction\":[{\"@type\":\"ReadAction\",\"target\":[\"https:\\\/\\\/www.casaldelsinfants.org\\\/es\\\/actualidad\\\/cultura-tradicio-roses-i-llibres-la-diada-de-sant-jordi-al-casal-dels-infants-0\\\/\"]}]},{\"@type\":\"ImageObject\",\"inLanguage\":\"es\",\"@id\":\"https:\\\/\\\/www.casaldelsinfants.org\\\/es\\\/actualidad\\\/cultura-tradicio-roses-i-llibres-la-diada-de-sant-jordi-al-casal-dels-infants-0\\\/#primaryimage\",\"url\":\"https:\\\/\\\/www.casaldelsinfants.org\\\/wp-content\\\/uploads\\\/dsc09175-scaled.jpg\",\"contentUrl\":\"https:\\\/\\\/www.casaldelsinfants.org\\\/wp-content\\\/uploads\\\/dsc09175-scaled.jpg\",\"width\":2560,\"height\":2519,\"caption\":\"Nen llegint 'On \u00e9s Wally?'\"},{\"@type\":\"BreadcrumbList\",\"@id\":\"https:\\\/\\\/www.casaldelsinfants.org\\\/es\\\/actualidad\\\/cultura-tradicio-roses-i-llibres-la-diada-de-sant-jordi-al-casal-dels-infants-0\\\/#breadcrumb\",\"itemListElement\":[{\"@type\":\"ListItem\",\"position\":1,\"name\":\"Inici\",\"item\":\"https:\\\/\\\/www.casaldelsinfants.org\\\/es\\\/\"},{\"@type\":\"ListItem\",\"position\":2,\"name\":\"Cultura, tradici\u00f3n, rosas y libros: la Diada de Sant Jordi en el Casal dels Infants\"}]},{\"@type\":\"WebSite\",\"@id\":\"https:\\\/\\\/www.casaldelsinfants.org\\\/es\\\/#website\",\"url\":\"https:\\\/\\\/www.casaldelsinfants.org\\\/es\\\/\",\"name\":\"Casal dels Infants\",\"description\":\"\",\"publisher\":{\"@id\":\"https:\\\/\\\/www.casaldelsinfants.org\\\/es\\\/#organization\"},\"potentialAction\":[{\"@type\":\"SearchAction\",\"target\":{\"@type\":\"EntryPoint\",\"urlTemplate\":\"https:\\\/\\\/www.casaldelsinfants.org\\\/es\\\/?s={search_term_string}\"},\"query-input\":{\"@type\":\"PropertyValueSpecification\",\"valueRequired\":true,\"valueName\":\"search_term_string\"}}],\"inLanguage\":\"es\"},{\"@type\":\"Organization\",\"@id\":\"https:\\\/\\\/www.casaldelsinfants.org\\\/es\\\/#organization\",\"name\":\"Casal dels Infants\",\"url\":\"https:\\\/\\\/www.casaldelsinfants.org\\\/es\\\/\",\"logo\":{\"@type\":\"ImageObject\",\"inLanguage\":\"es\",\"@id\":\"https:\\\/\\\/www.casaldelsinfants.org\\\/es\\\/#\\\/schema\\\/logo\\\/image\\\/\",\"url\":\"https:\\\/\\\/www.casaldelsinfants.org\\\/wp-content\\\/uploads\\\/logo-mail.png\",\"contentUrl\":\"https:\\\/\\\/www.casaldelsinfants.org\\\/wp-content\\\/uploads\\\/logo-mail.png\",\"width\":380,\"height\":158,\"caption\":\"Casal dels Infants\"},\"image\":{\"@id\":\"https:\\\/\\\/www.casaldelsinfants.org\\\/es\\\/#\\\/schema\\\/logo\\\/image\\\/\"},\"sameAs\":[\"https:\\\/\\\/www.facebook.com\\\/casalinfants\",\"https:\\\/\\\/x.com\\\/casalinfants\",\"https:\\\/\\\/www.youtube.com\\\/user\\\/CasaldelsInfants1\",\"https:\\\/\\\/www.instagram.com\\\/casalinfants\\\/\",\"https:\\\/\\\/www.linkedin.com\\\/company\\\/casaldelsinfants?trk=organization-update_share-update_actor-text\"]},{\"@type\":\"Person\",\"@id\":\"https:\\\/\\\/www.casaldelsinfants.org\\\/es\\\/#\\\/schema\\\/person\\\/97707fc8c64900cf36891127dbf9fba8\",\"name\":\"cdiAdmin\",\"sameAs\":[\"https:\\\/\\\/casaldelsinfants.org\"]}]}<\/script>\n<!-- \/ Yoast SEO plugin. -->","yoast_head_json":{"title":"La Diada de Sant Jordi en el Casal dels Infants","description":"En los diferentes barrios donde act\u00faa el Casal dels Infants, ni\u00f1os, adolescentes, j\u00f3venes y familias se preparan para celebrar la Diada de Sant Jordi el 23 de abril, con actividades para aprender sobre la leyenda de la tradici\u00f3n catalana y preparar material, como rosas y puntos de libro para los tenderetes.","robots":{"index":"index","follow":"follow","max-snippet":"max-snippet:-1","max-image-preview":"max-image-preview:large","max-video-preview":"max-video-preview:-1"},"canonical":"https:\/\/www.casaldelsinfants.org\/es\/actualidad\/cultura-tradicio-roses-i-llibres-la-diada-de-sant-jordi-al-casal-dels-infants-0\/","og_locale":"es_ES","og_type":"article","og_title":"La Diada de Sant Jordi en el Casal dels Infants","og_description":"En los diferentes barrios donde act\u00faa el Casal dels Infants, ni\u00f1os, adolescentes, j\u00f3venes y familias se preparan para celebrar la Diada de Sant Jordi el 23 de abril, con actividades para aprender sobre la leyenda de la tradici\u00f3n catalana y preparar material, como rosas y puntos de libro para los tenderetes.","og_url":"https:\/\/www.casaldelsinfants.org\/es\/actualidad\/cultura-tradicio-roses-i-llibres-la-diada-de-sant-jordi-al-casal-dels-infants-0\/","og_site_name":"Casal dels Infants","article_publisher":"https:\/\/www.facebook.com\/casalinfants","article_published_time":"2022-04-20T07:28:12+00:00","article_modified_time":"2023-11-23T10:26:38+00:00","og_image":[{"width":2560,"height":2519,"url":"https:\/\/www.casaldelsinfants.org\/wp-content\/uploads\/dsc09175-scaled.jpg","type":"image\/jpeg"}],"author":"cdiAdmin","twitter_card":"summary_large_image","twitter_creator":"@casalinfants","twitter_site":"@casalinfants","twitter_misc":{"Escrito por":"cdiAdmin","Tiempo de lectura":"4 minutos"},"schema":{"@context":"https:\/\/schema.org","@graph":[{"@type":"Article","@id":"https:\/\/www.casaldelsinfants.org\/es\/actualidad\/cultura-tradicio-roses-i-llibres-la-diada-de-sant-jordi-al-casal-dels-infants-0\/#article","isPartOf":{"@id":"https:\/\/www.casaldelsinfants.org\/es\/actualidad\/cultura-tradicio-roses-i-llibres-la-diada-de-sant-jordi-al-casal-dels-infants-0\/"},"author":{"name":"cdiAdmin","@id":"https:\/\/www.casaldelsinfants.org\/es\/#\/schema\/person\/97707fc8c64900cf36891127dbf9fba8"},"headline":"Cultura, tradici\u00f3n, rosas y libros: la Diada de Sant Jordi en el Casal dels Infants","datePublished":"2022-04-20T07:28:12+00:00","dateModified":"2023-11-23T10:26:38+00:00","mainEntityOfPage":{"@id":"https:\/\/www.casaldelsinfants.org\/es\/actualidad\/cultura-tradicio-roses-i-llibres-la-diada-de-sant-jordi-al-casal-dels-infants-0\/"},"wordCount":800,"commentCount":0,"publisher":{"@id":"https:\/\/www.casaldelsinfants.org\/es\/#organization"},"image":{"@id":"https:\/\/www.casaldelsinfants.org\/es\/actualidad\/cultura-tradicio-roses-i-llibres-la-diada-de-sant-jordi-al-casal-dels-infants-0\/#primaryimage"},"thumbnailUrl":"https:\/\/www.casaldelsinfants.org\/wp-content\/uploads\/dsc09175-scaled.jpg","articleSection":["Noticia"],"inLanguage":"es","potentialAction":[{"@type":"CommentAction","name":"Comment","target":["https:\/\/www.casaldelsinfants.org\/es\/actualidad\/cultura-tradicio-roses-i-llibres-la-diada-de-sant-jordi-al-casal-dels-infants-0\/#respond"]}]},{"@type":"WebPage","@id":"https:\/\/www.casaldelsinfants.org\/es\/actualidad\/cultura-tradicio-roses-i-llibres-la-diada-de-sant-jordi-al-casal-dels-infants-0\/","url":"https:\/\/www.casaldelsinfants.org\/es\/actualidad\/cultura-tradicio-roses-i-llibres-la-diada-de-sant-jordi-al-casal-dels-infants-0\/","name":"La Diada de Sant Jordi en el Casal dels Infants","isPartOf":{"@id":"https:\/\/www.casaldelsinfants.org\/es\/#website"},"primaryImageOfPage":{"@id":"https:\/\/www.casaldelsinfants.org\/es\/actualidad\/cultura-tradicio-roses-i-llibres-la-diada-de-sant-jordi-al-casal-dels-infants-0\/#primaryimage"},"image":{"@id":"https:\/\/www.casaldelsinfants.org\/es\/actualidad\/cultura-tradicio-roses-i-llibres-la-diada-de-sant-jordi-al-casal-dels-infants-0\/#primaryimage"},"thumbnailUrl":"https:\/\/www.casaldelsinfants.org\/wp-content\/uploads\/dsc09175-scaled.jpg","datePublished":"2022-04-20T07:28:12+00:00","dateModified":"2023-11-23T10:26:38+00:00","description":"En los diferentes barrios donde act\u00faa el Casal dels Infants, ni\u00f1os, adolescentes, j\u00f3venes y familias se preparan para celebrar la Diada de Sant Jordi el 23 de abril, con actividades para aprender sobre la leyenda de la tradici\u00f3n catalana y preparar material, como rosas y puntos de libro para los tenderetes.","breadcrumb":{"@id":"https:\/\/www.casaldelsinfants.org\/es\/actualidad\/cultura-tradicio-roses-i-llibres-la-diada-de-sant-jordi-al-casal-dels-infants-0\/#breadcrumb"},"inLanguage":"es","potentialAction":[{"@type":"ReadAction","target":["https:\/\/www.casaldelsinfants.org\/es\/actualidad\/cultura-tradicio-roses-i-llibres-la-diada-de-sant-jordi-al-casal-dels-infants-0\/"]}]},{"@type":"ImageObject","inLanguage":"es","@id":"https:\/\/www.casaldelsinfants.org\/es\/actualidad\/cultura-tradicio-roses-i-llibres-la-diada-de-sant-jordi-al-casal-dels-infants-0\/#primaryimage","url":"https:\/\/www.casaldelsinfants.org\/wp-content\/uploads\/dsc09175-scaled.jpg","contentUrl":"https:\/\/www.casaldelsinfants.org\/wp-content\/uploads\/dsc09175-scaled.jpg","width":2560,"height":2519,"caption":"Nen llegint 'On \u00e9s Wally?'"},{"@type":"BreadcrumbList","@id":"https:\/\/www.casaldelsinfants.org\/es\/actualidad\/cultura-tradicio-roses-i-llibres-la-diada-de-sant-jordi-al-casal-dels-infants-0\/#breadcrumb","itemListElement":[{"@type":"ListItem","position":1,"name":"Inici","item":"https:\/\/www.casaldelsinfants.org\/es\/"},{"@type":"ListItem","position":2,"name":"Cultura, tradici\u00f3n, rosas y libros: la Diada de Sant Jordi en el Casal dels Infants"}]},{"@type":"WebSite","@id":"https:\/\/www.casaldelsinfants.org\/es\/#website","url":"https:\/\/www.casaldelsinfants.org\/es\/","name":"Casal dels Infants","description":"","publisher":{"@id":"https:\/\/www.casaldelsinfants.org\/es\/#organization"},"potentialAction":[{"@type":"SearchAction","target":{"@type":"EntryPoint","urlTemplate":"https:\/\/www.casaldelsinfants.org\/es\/?s={search_term_string}"},"query-input":{"@type":"PropertyValueSpecification","valueRequired":true,"valueName":"search_term_string"}}],"inLanguage":"es"},{"@type":"Organization","@id":"https:\/\/www.casaldelsinfants.org\/es\/#organization","name":"Casal dels Infants","url":"https:\/\/www.casaldelsinfants.org\/es\/","logo":{"@type":"ImageObject","inLanguage":"es","@id":"https:\/\/www.casaldelsinfants.org\/es\/#\/schema\/logo\/image\/","url":"https:\/\/www.casaldelsinfants.org\/wp-content\/uploads\/logo-mail.png","contentUrl":"https:\/\/www.casaldelsinfants.org\/wp-content\/uploads\/logo-mail.png","width":380,"height":158,"caption":"Casal dels Infants"},"image":{"@id":"https:\/\/www.casaldelsinfants.org\/es\/#\/schema\/logo\/image\/"},"sameAs":["https:\/\/www.facebook.com\/casalinfants","https:\/\/x.com\/casalinfants","https:\/\/www.youtube.com\/user\/CasaldelsInfants1","https:\/\/www.instagram.com\/casalinfants\/","https:\/\/www.linkedin.com\/company\/casaldelsinfants?trk=organization-update_share-update_actor-text"]},{"@type":"Person","@id":"https:\/\/www.casaldelsinfants.org\/es\/#\/schema\/person\/97707fc8c64900cf36891127dbf9fba8","name":"cdiAdmin","sameAs":["https:\/\/casaldelsinfants.org"]}]}},"publishpress_future_action":{"enabled":false,"date":"2026-05-09 06:02:59","action":"change-status","newStatus":"draft","terms":[],"taxonomy":"category","extraData":[]},"publishpress_future_workflow_manual_trigger":{"enabledWorkflows":[]},"_links":{"self":[{"href":"https:\/\/www.casaldelsinfants.org\/es\/wp-json\/wp\/v2\/posts\/4228","targetHints":{"allow":["GET"]}}],"collection":[{"href":"https:\/\/www.casaldelsinfants.org\/es\/wp-json\/wp\/v2\/posts"}],"about":[{"href":"https:\/\/www.casaldelsinfants.org\/es\/wp-json\/wp\/v2\/types\/post"}],"author":[{"embeddable":true,"href":"https:\/\/www.casaldelsinfants.org\/es\/wp-json\/wp\/v2\/users\/1"}],"replies":[{"embeddable":true,"href":"https:\/\/www.casaldelsinfants.org\/es\/wp-json\/wp\/v2\/comments?post=4228"}],"version-history":[{"count":4,"href":"https:\/\/www.casaldelsinfants.org\/es\/wp-json\/wp\/v2\/posts\/4228\/revisions"}],"predecessor-version":[{"id":16101,"href":"https:\/\/www.casaldelsinfants.org\/es\/wp-json\/wp\/v2\/posts\/4228\/revisions\/16101"}],"wp:featuredmedia":[{"embeddable":true,"href":"https:\/\/www.casaldelsinfants.org\/es\/wp-json\/wp\/v2\/media\/2947"}],"wp:attachment":[{"href":"https:\/\/www.casaldelsinfants.org\/es\/wp-json\/wp\/v2\/media?parent=4228"}],"wp:term":[{"taxonomy":"category","embeddable":true,"href":"https:\/\/www.casaldelsinfants.org\/es\/wp-json\/wp\/v2\/categories?post=4228"},{"taxonomy":"post_tag","embeddable":true,"href":"https:\/\/www.casaldelsinfants.org\/es\/wp-json\/wp\/v2\/tags?post=4228"},{"taxonomy":"seus","embeddable":true,"href":"https:\/\/www.casaldelsinfants.org\/es\/wp-json\/wp\/v2\/seus?post=4228"},{"taxonomy":"eixos","embeddable":true,"href":"https:\/\/www.casaldelsinfants.org\/es\/wp-json\/wp\/v2\/eixos?post=4228"}],"curies":[{"name":"wp","href":"https:\/\/api.w.org\/{rel}","templated":true}]}}