{"id":4230,"date":"2022-04-05T09:07:49","date_gmt":"2022-04-05T07:07:49","guid":{"rendered":"https:\/\/casal.puntzero.cat\/noticies\/aliances-que-sumen-virospack-i-casal-dels-infants\/"},"modified":"2023-05-01T17:41:04","modified_gmt":"2023-05-01T15:41:04","slug":"aliances-que-sumen-virospack-i-casal-dels-infants","status":"publish","type":"post","link":"https:\/\/www.casaldelsinfants.org\/es\/actualidad\/aliances-que-sumen-virospack-i-casal-dels-infants\/","title":{"rendered":"Aliances que sumen: Virospack i Casal dels Infants"},"content":{"rendered":"<p><span style=\"display: none;\">\u00a0<\/span><span style=\"color:#000000;\"><strong>Al Casal dels infants continuem de manera incansable la nostra tasca de lluita en contra les desigualtats<\/strong> a trav\u00e9s de l&#8217;educaci\u00f3 com a eina generadora d&#8217;oportunitats per als infants, joves i fam\u00edlies en situaci\u00f3 de vulnerabilitat. Les circumst\u00e0ncies que ens ha tocat viure des de fa 2 anys han empitjorat les situacions de risc que ja arrosseg\u00e0vem, i per tant, ara m\u00e9s que mai, necessitem el <strong>suport i la implicaci\u00f3 de tots els agents de la nostra societat.<\/strong> Un d&#8217;ells i de <strong>gran import\u00e0ncia s\u00f3n les empreses<\/strong> del territori com \u00e9s el cas de Virospack.<\/span><\/p>\n<p><span style=\"color:#000000;\"><meta charset=\"utf-8\" \/><\/span><\/p>\n<p dir=\"ltr\"><span style=\"color:#000000;\"><meta charset=\"utf-8\" \/><\/span><\/p>\n<p dir=\"ltr\"><span style=\"color:#000000;\">En aquest sentit, les companyies cada vegada teniu una <strong>mirada m\u00e9s social,<\/strong> voleu <strong>crear impacte i implicar-vos<\/strong> en<strong> els reptes m\u00e9s importants que com a societat <\/strong>tenim per davant. Al Casal volem animar-vos a fer-ho ideant <strong>propostes que encaixin els reptes<\/strong> i les necessitats que ambdues organitzacions afrontem.<\/span><\/p>\n<p dir=\"ltr\"><span style=\"display: none;\">\u00a0<\/span>\u00a0<\/p>\n<h1 dir=\"ltr\">En aquest punt de trobada \u00e9s on a finals del darrer any vam aconseguir comen\u00e7ar una alian\u00e7a de gran valor entre Virospack i el Casal dels Infants que continua aquest 2022.<\/h1>\n<p><span style=\"display: none;\">\u00a0<\/span><\/p>\n<p>\u00a0<\/p>\n<p><span style=\"color:#000000;\"><strong>Virospack <\/strong>\u00e9s el fabricant <strong>l\u00edder mundial en la fabricaci\u00f3 d&#8217;envasos comptagotes per a cosm\u00e8tics<\/strong>, cura de la pell, cabell, ungles i maquillatge l\u00edquid. Les seves oficines centrals i f\u00e0brica es troben a Badalona generant feina a 450 treballadors\/es amb l&#8217;impacte al territori que aix\u00f2 significa, sumant-hi des del darrer any la <strong>vinculaci\u00f3 amb els projectes del Casal dels Infants<\/strong> del territori de <strong>Badalona.<\/strong><\/span><\/p>\n<p><span style=\"color:#000000;\"><meta charset=\"utf-8\" \/><\/span><\/p>\n<p dir=\"ltr\"><span style=\"color:#000000;\"><meta charset=\"utf-8\" \/><\/span><\/p>\n<p dir=\"ltr\"><span style=\"color:#000000;\">L&#8217;Alian\u00e7a Virospack &#8211; Casal est\u00e0 dissenyada per<strong> donar resposta als joves i fam\u00edlies en situaci\u00f3 de risc <\/strong>del Casal del barri de Badalona a trav\u00e9s de diferents accions que ja hem comen\u00e7at a treballar:\u00a0<\/span><\/p>\n<ul>\n<li aria-level=\"1\" dir=\"ltr\">\n<p dir=\"ltr\" role=\"presentation\"><span style=\"color:#000000;\">Col\u00b7laboraci\u00f3 formativa per a la<strong> inserci\u00f3 laboral<\/strong> contemplant tallers de compet\u00e8ncies transversals i laborals aix\u00ed com entrevistes role-playing in situ a les instal\u00b7lacions de Virospack.<\/span><\/p>\n<\/li>\n<li aria-level=\"1\" dir=\"ltr\">\n<p dir=\"ltr\" role=\"presentation\"><span style=\"color:#000000;\"><strong>Borsa de treball<\/strong> realitzada conjuntament per encaixar perfils demandats de Virospack amb perfils professionals dels participants del Casal.<\/span><\/p>\n<\/li>\n<li aria-level=\"1\" dir=\"ltr\">\n<p dir=\"ltr\" role=\"presentation\"><span style=\"color:#000000;\"><strong>Aportaci\u00f3 econ\u00f2mica<\/strong> dirigida a assegurar el <strong>finan\u00e7ament dels projectes <\/strong>del Casal dels Infants del territori de Badalona.<\/span><\/p>\n<\/li>\n<\/ul>\n<p dir=\"ltr\" role=\"presentation\">\u00a0<\/p>\n<p><img decoding=\"async\" alt=\"Xerrada empresa virospack a joves del Casal dels Infants\" data-entity-type=\"file\" data-entity-uuid=\"531b1d71-bc12-423c-ab78-cf95d1b6d815\" data-image-style=\"large\" src=\"\/wp-content\/uploads\/inline-images\/IMG-9094%20%281%29.jpg\" width=\"480\" height=\"360\" typeof=\"foaf:Image\" class=\"align-center\" \/><\/p>\n<p dir=\"ltr\" role=\"presentation\"><meta charset=\"utf-8\" \/><\/p>\n<p dir=\"ltr\">\u00a0<\/p>\n<p dir=\"ltr\"><span style=\"color:#000000;\">Sens dubte, cadascuna d&#8217;aquestes accions ens \u00e9s de gran valor, doncs <strong>d\u00f3na eines als joves i fam\u00edlies <\/strong>del Casal per obrir-se a noves oportunitats en formaci\u00f3 i inserci\u00f3 laboral, al mateix temps que ens ajuda a sostenir econ\u00f2micament els projectes dels serveis de Badalona fent possible seguir acompanyant a infants, joves i fam\u00edlies que es troben en situaci\u00f3 de risc.<\/span><\/p>\n<p dir=\"ltr\"><span style=\"color:#000000;\">Per altra banda, <strong>Virospack<\/strong> valora molt poder <strong>implicar-se en generar noves oportunitats<\/strong> per a les persones que m\u00e9s ho necessiten, al mateix temps que realitzen una tasca sensibilitzadora\u00a0 cap als seus treballadors mostrant-los les diferents realitats que es viuen al territori i<strong> donant-los l&#8217;oportunitat <\/strong>de tamb\u00e9 ser generadors de canvi.<\/span><\/p>\n<p><span style=\"color:#000000;\"><meta charset=\"utf-8\" \/><\/span><\/p>\n<p dir=\"ltr\"><span style=\"color:#000000;\"><em>\u201cA\u00a0Virospack\u00a0el nostre major actiu \u00e9s sens dubte el nostre equip hum\u00e0. I \u00e9s que a\u00a0Virospack\u00a0les persones conten. Conscients de les necessitats que a la nostra\u00a0propia\u00a0ciutat algunes persones pateixen, emprenem aquesta col\u00b7laboraci\u00f3 amb el Casal, tant com a companyia com\u00a0a nivell individual\u00a0de molts dels nostres empleats.\u201d<\/em><\/span><\/p>\n<p>\u00a0<\/p>\n<p dir=\"ltr\"><span style=\"color:#000000;\"><em>Cristina P\u00e9rez &#8211; Departament de RRHH<\/em><\/span><\/p>\n<p>\u00a0<\/p>\n<p dir=\"ltr\"><b id=\"docs-internal-guid-e3f74bdf-7fff-5956-ac54-b5a6729763d7\">Pensem fermament que la col\u00b7laboraci\u00f3 amb empreses, la possibilitat d&#8217;establir xarxes i el treball conjunt \u00e9s el que ens permetr\u00e0 encarar les noves realitats que tant les companyies com les entitats socials ens anem trobant el cam\u00ed.<\/b><\/p>\n","protected":false},"excerpt":{"rendered":"<p>\u00a0Al Casal dels infants continuem de manera incansable la nostra tasca de lluita en contra les desigualtats a trav\u00e9s de l&#8217;educaci\u00f3 com a eina generadora d&#8217;oportunitats per als infants, joves i fam\u00edlies en situaci\u00f3 de vulnerabilitat. Les circumst\u00e0ncies que ens ha tocat viure des de fa 2 anys han empitjorat les situacions de risc que [&hellip;]<\/p>\n","protected":false},"author":1,"featured_media":2953,"comment_status":"open","ping_status":"open","sticky":false,"template":"","format":"standard","meta":{"_acf_changed":false,"_et_pb_use_builder":"","_et_pb_old_content":"","_et_gb_content_width":"","inline_featured_image":false,"footnotes":""},"categories":[125],"tags":[],"seus":[],"eixos":[],"class_list":["post-4230","post","type-post","status-publish","format-standard","has-post-thumbnail","hentry","category-noticias"],"acf":[],"yoast_head":"<!-- This site is optimized with the Yoast SEO plugin v27.4 - https:\/\/yoast.com\/product\/yoast-seo-wordpress\/ -->\n<title>Aliances que sumen: Virospack i Casal dels Infants - Casal dels Infants<\/title>\n<meta name=\"robots\" content=\"index, follow, max-snippet:-1, max-image-preview:large, max-video-preview:-1\" \/>\n<link rel=\"canonical\" href=\"https:\/\/www.casaldelsinfants.org\/es\/actualidad\/aliances-que-sumen-virospack-i-casal-dels-infants\/\" \/>\n<meta property=\"og:locale\" content=\"es_ES\" \/>\n<meta property=\"og:type\" content=\"article\" \/>\n<meta property=\"og:title\" content=\"Aliances que sumen: Virospack i Casal dels Infants - Casal dels Infants\" \/>\n<meta property=\"og:description\" content=\"\u00a0Al Casal dels infants continuem de manera incansable la nostra tasca de lluita en contra les desigualtats a trav\u00e9s de l&#8217;educaci\u00f3 com a eina generadora d&#8217;oportunitats per als infants, joves i fam\u00edlies en situaci\u00f3 de vulnerabilitat. Les circumst\u00e0ncies que ens ha tocat viure des de fa 2 anys han empitjorat les situacions de risc que [&hellip;]\" \/>\n<meta property=\"og:url\" content=\"https:\/\/www.casaldelsinfants.org\/es\/actualidad\/aliances-que-sumen-virospack-i-casal-dels-infants\/\" \/>\n<meta property=\"og:site_name\" content=\"Casal dels Infants\" \/>\n<meta property=\"article:publisher\" content=\"https:\/\/www.facebook.com\/casalinfants\" \/>\n<meta property=\"article:published_time\" content=\"2022-04-05T07:07:49+00:00\" \/>\n<meta property=\"article:modified_time\" content=\"2023-05-01T15:41:04+00:00\" \/>\n<meta property=\"og:image\" content=\"https:\/\/www.casaldelsinfants.org\/wp-content\/uploads\/dsc09140-scaled.jpg\" \/>\n\t<meta property=\"og:image:width\" content=\"2560\" \/>\n\t<meta property=\"og:image:height\" content=\"1707\" \/>\n\t<meta property=\"og:image:type\" content=\"image\/jpeg\" \/>\n<meta name=\"author\" content=\"cdiAdmin\" \/>\n<meta name=\"twitter:card\" content=\"summary_large_image\" \/>\n<meta name=\"twitter:creator\" content=\"@casalinfants\" \/>\n<meta name=\"twitter:site\" content=\"@casalinfants\" \/>\n<meta name=\"twitter:label1\" content=\"Escrito por\" \/>\n\t<meta name=\"twitter:data1\" content=\"cdiAdmin\" \/>\n\t<meta name=\"twitter:label2\" content=\"Tiempo de lectura\" \/>\n\t<meta name=\"twitter:data2\" content=\"3 minutos\" \/>\n<script type=\"application\/ld+json\" class=\"yoast-schema-graph\">{\"@context\":\"https:\\\/\\\/schema.org\",\"@graph\":[{\"@type\":\"Article\",\"@id\":\"https:\\\/\\\/www.casaldelsinfants.org\\\/es\\\/actualidad\\\/aliances-que-sumen-virospack-i-casal-dels-infants\\\/#article\",\"isPartOf\":{\"@id\":\"https:\\\/\\\/www.casaldelsinfants.org\\\/es\\\/actualidad\\\/aliances-que-sumen-virospack-i-casal-dels-infants\\\/\"},\"author\":{\"name\":\"cdiAdmin\",\"@id\":\"https:\\\/\\\/www.casaldelsinfants.org\\\/es\\\/#\\\/schema\\\/person\\\/97707fc8c64900cf36891127dbf9fba8\"},\"headline\":\"Aliances que sumen: Virospack i Casal dels Infants\",\"datePublished\":\"2022-04-05T07:07:49+00:00\",\"dateModified\":\"2023-05-01T15:41:04+00:00\",\"mainEntityOfPage\":{\"@id\":\"https:\\\/\\\/www.casaldelsinfants.org\\\/es\\\/actualidad\\\/aliances-que-sumen-virospack-i-casal-dels-infants\\\/\"},\"wordCount\":584,\"commentCount\":0,\"publisher\":{\"@id\":\"https:\\\/\\\/www.casaldelsinfants.org\\\/es\\\/#organization\"},\"image\":{\"@id\":\"https:\\\/\\\/www.casaldelsinfants.org\\\/es\\\/actualidad\\\/aliances-que-sumen-virospack-i-casal-dels-infants\\\/#primaryimage\"},\"thumbnailUrl\":\"https:\\\/\\\/www.casaldelsinfants.org\\\/wp-content\\\/uploads\\\/dsc09140-scaled.jpg\",\"articleSection\":[\"Noticia\"],\"inLanguage\":\"es\",\"potentialAction\":[{\"@type\":\"CommentAction\",\"name\":\"Comment\",\"target\":[\"https:\\\/\\\/www.casaldelsinfants.org\\\/es\\\/actualidad\\\/aliances-que-sumen-virospack-i-casal-dels-infants\\\/#respond\"]}]},{\"@type\":\"WebPage\",\"@id\":\"https:\\\/\\\/www.casaldelsinfants.org\\\/es\\\/actualidad\\\/aliances-que-sumen-virospack-i-casal-dels-infants\\\/\",\"url\":\"https:\\\/\\\/www.casaldelsinfants.org\\\/es\\\/actualidad\\\/aliances-que-sumen-virospack-i-casal-dels-infants\\\/\",\"name\":\"Aliances que sumen: Virospack i Casal dels Infants - Casal dels Infants\",\"isPartOf\":{\"@id\":\"https:\\\/\\\/www.casaldelsinfants.org\\\/es\\\/#website\"},\"primaryImageOfPage\":{\"@id\":\"https:\\\/\\\/www.casaldelsinfants.org\\\/es\\\/actualidad\\\/aliances-que-sumen-virospack-i-casal-dels-infants\\\/#primaryimage\"},\"image\":{\"@id\":\"https:\\\/\\\/www.casaldelsinfants.org\\\/es\\\/actualidad\\\/aliances-que-sumen-virospack-i-casal-dels-infants\\\/#primaryimage\"},\"thumbnailUrl\":\"https:\\\/\\\/www.casaldelsinfants.org\\\/wp-content\\\/uploads\\\/dsc09140-scaled.jpg\",\"datePublished\":\"2022-04-05T07:07:49+00:00\",\"dateModified\":\"2023-05-01T15:41:04+00:00\",\"breadcrumb\":{\"@id\":\"https:\\\/\\\/www.casaldelsinfants.org\\\/es\\\/actualidad\\\/aliances-que-sumen-virospack-i-casal-dels-infants\\\/#breadcrumb\"},\"inLanguage\":\"es\",\"potentialAction\":[{\"@type\":\"ReadAction\",\"target\":[\"https:\\\/\\\/www.casaldelsinfants.org\\\/es\\\/actualidad\\\/aliances-que-sumen-virospack-i-casal-dels-infants\\\/\"]}]},{\"@type\":\"ImageObject\",\"inLanguage\":\"es\",\"@id\":\"https:\\\/\\\/www.casaldelsinfants.org\\\/es\\\/actualidad\\\/aliances-que-sumen-virospack-i-casal-dels-infants\\\/#primaryimage\",\"url\":\"https:\\\/\\\/www.casaldelsinfants.org\\\/wp-content\\\/uploads\\\/dsc09140-scaled.jpg\",\"contentUrl\":\"https:\\\/\\\/www.casaldelsinfants.org\\\/wp-content\\\/uploads\\\/dsc09140-scaled.jpg\",\"width\":2560,\"height\":1707,\"caption\":\"Infants i col\u00b7laboradors de Virospack.\"},{\"@type\":\"BreadcrumbList\",\"@id\":\"https:\\\/\\\/www.casaldelsinfants.org\\\/es\\\/actualidad\\\/aliances-que-sumen-virospack-i-casal-dels-infants\\\/#breadcrumb\",\"itemListElement\":[{\"@type\":\"ListItem\",\"position\":1,\"name\":\"Inici\",\"item\":\"https:\\\/\\\/www.casaldelsinfants.org\\\/es\\\/\"},{\"@type\":\"ListItem\",\"position\":2,\"name\":\"Aliances que sumen: Virospack i Casal dels Infants\"}]},{\"@type\":\"WebSite\",\"@id\":\"https:\\\/\\\/www.casaldelsinfants.org\\\/es\\\/#website\",\"url\":\"https:\\\/\\\/www.casaldelsinfants.org\\\/es\\\/\",\"name\":\"Casal dels Infants\",\"description\":\"\",\"publisher\":{\"@id\":\"https:\\\/\\\/www.casaldelsinfants.org\\\/es\\\/#organization\"},\"potentialAction\":[{\"@type\":\"SearchAction\",\"target\":{\"@type\":\"EntryPoint\",\"urlTemplate\":\"https:\\\/\\\/www.casaldelsinfants.org\\\/es\\\/?s={search_term_string}\"},\"query-input\":{\"@type\":\"PropertyValueSpecification\",\"valueRequired\":true,\"valueName\":\"search_term_string\"}}],\"inLanguage\":\"es\"},{\"@type\":\"Organization\",\"@id\":\"https:\\\/\\\/www.casaldelsinfants.org\\\/es\\\/#organization\",\"name\":\"Casal dels Infants\",\"url\":\"https:\\\/\\\/www.casaldelsinfants.org\\\/es\\\/\",\"logo\":{\"@type\":\"ImageObject\",\"inLanguage\":\"es\",\"@id\":\"https:\\\/\\\/www.casaldelsinfants.org\\\/es\\\/#\\\/schema\\\/logo\\\/image\\\/\",\"url\":\"https:\\\/\\\/www.casaldelsinfants.org\\\/wp-content\\\/uploads\\\/logo-mail.png\",\"contentUrl\":\"https:\\\/\\\/www.casaldelsinfants.org\\\/wp-content\\\/uploads\\\/logo-mail.png\",\"width\":380,\"height\":158,\"caption\":\"Casal dels Infants\"},\"image\":{\"@id\":\"https:\\\/\\\/www.casaldelsinfants.org\\\/es\\\/#\\\/schema\\\/logo\\\/image\\\/\"},\"sameAs\":[\"https:\\\/\\\/www.facebook.com\\\/casalinfants\",\"https:\\\/\\\/x.com\\\/casalinfants\",\"https:\\\/\\\/www.youtube.com\\\/user\\\/CasaldelsInfants1\",\"https:\\\/\\\/www.instagram.com\\\/casalinfants\\\/\",\"https:\\\/\\\/www.linkedin.com\\\/company\\\/casaldelsinfants?trk=organization-update_share-update_actor-text\"]},{\"@type\":\"Person\",\"@id\":\"https:\\\/\\\/www.casaldelsinfants.org\\\/es\\\/#\\\/schema\\\/person\\\/97707fc8c64900cf36891127dbf9fba8\",\"name\":\"cdiAdmin\",\"sameAs\":[\"https:\\\/\\\/casaldelsinfants.org\"]}]}<\/script>\n<!-- \/ Yoast SEO plugin. -->","yoast_head_json":{"title":"Aliances que sumen: Virospack i Casal dels Infants - Casal dels Infants","robots":{"index":"index","follow":"follow","max-snippet":"max-snippet:-1","max-image-preview":"max-image-preview:large","max-video-preview":"max-video-preview:-1"},"canonical":"https:\/\/www.casaldelsinfants.org\/es\/actualidad\/aliances-que-sumen-virospack-i-casal-dels-infants\/","og_locale":"es_ES","og_type":"article","og_title":"Aliances que sumen: Virospack i Casal dels Infants - Casal dels Infants","og_description":"\u00a0Al Casal dels infants continuem de manera incansable la nostra tasca de lluita en contra les desigualtats a trav\u00e9s de l&#8217;educaci\u00f3 com a eina generadora d&#8217;oportunitats per als infants, joves i fam\u00edlies en situaci\u00f3 de vulnerabilitat. Les circumst\u00e0ncies que ens ha tocat viure des de fa 2 anys han empitjorat les situacions de risc que [&hellip;]","og_url":"https:\/\/www.casaldelsinfants.org\/es\/actualidad\/aliances-que-sumen-virospack-i-casal-dels-infants\/","og_site_name":"Casal dels Infants","article_publisher":"https:\/\/www.facebook.com\/casalinfants","article_published_time":"2022-04-05T07:07:49+00:00","article_modified_time":"2023-05-01T15:41:04+00:00","og_image":[{"width":2560,"height":1707,"url":"https:\/\/www.casaldelsinfants.org\/wp-content\/uploads\/dsc09140-scaled.jpg","type":"image\/jpeg"}],"author":"cdiAdmin","twitter_card":"summary_large_image","twitter_creator":"@casalinfants","twitter_site":"@casalinfants","twitter_misc":{"Escrito por":"cdiAdmin","Tiempo de lectura":"3 minutos"},"schema":{"@context":"https:\/\/schema.org","@graph":[{"@type":"Article","@id":"https:\/\/www.casaldelsinfants.org\/es\/actualidad\/aliances-que-sumen-virospack-i-casal-dels-infants\/#article","isPartOf":{"@id":"https:\/\/www.casaldelsinfants.org\/es\/actualidad\/aliances-que-sumen-virospack-i-casal-dels-infants\/"},"author":{"name":"cdiAdmin","@id":"https:\/\/www.casaldelsinfants.org\/es\/#\/schema\/person\/97707fc8c64900cf36891127dbf9fba8"},"headline":"Aliances que sumen: Virospack i Casal dels Infants","datePublished":"2022-04-05T07:07:49+00:00","dateModified":"2023-05-01T15:41:04+00:00","mainEntityOfPage":{"@id":"https:\/\/www.casaldelsinfants.org\/es\/actualidad\/aliances-que-sumen-virospack-i-casal-dels-infants\/"},"wordCount":584,"commentCount":0,"publisher":{"@id":"https:\/\/www.casaldelsinfants.org\/es\/#organization"},"image":{"@id":"https:\/\/www.casaldelsinfants.org\/es\/actualidad\/aliances-que-sumen-virospack-i-casal-dels-infants\/#primaryimage"},"thumbnailUrl":"https:\/\/www.casaldelsinfants.org\/wp-content\/uploads\/dsc09140-scaled.jpg","articleSection":["Noticia"],"inLanguage":"es","potentialAction":[{"@type":"CommentAction","name":"Comment","target":["https:\/\/www.casaldelsinfants.org\/es\/actualidad\/aliances-que-sumen-virospack-i-casal-dels-infants\/#respond"]}]},{"@type":"WebPage","@id":"https:\/\/www.casaldelsinfants.org\/es\/actualidad\/aliances-que-sumen-virospack-i-casal-dels-infants\/","url":"https:\/\/www.casaldelsinfants.org\/es\/actualidad\/aliances-que-sumen-virospack-i-casal-dels-infants\/","name":"Aliances que sumen: Virospack i Casal dels Infants - Casal dels Infants","isPartOf":{"@id":"https:\/\/www.casaldelsinfants.org\/es\/#website"},"primaryImageOfPage":{"@id":"https:\/\/www.casaldelsinfants.org\/es\/actualidad\/aliances-que-sumen-virospack-i-casal-dels-infants\/#primaryimage"},"image":{"@id":"https:\/\/www.casaldelsinfants.org\/es\/actualidad\/aliances-que-sumen-virospack-i-casal-dels-infants\/#primaryimage"},"thumbnailUrl":"https:\/\/www.casaldelsinfants.org\/wp-content\/uploads\/dsc09140-scaled.jpg","datePublished":"2022-04-05T07:07:49+00:00","dateModified":"2023-05-01T15:41:04+00:00","breadcrumb":{"@id":"https:\/\/www.casaldelsinfants.org\/es\/actualidad\/aliances-que-sumen-virospack-i-casal-dels-infants\/#breadcrumb"},"inLanguage":"es","potentialAction":[{"@type":"ReadAction","target":["https:\/\/www.casaldelsinfants.org\/es\/actualidad\/aliances-que-sumen-virospack-i-casal-dels-infants\/"]}]},{"@type":"ImageObject","inLanguage":"es","@id":"https:\/\/www.casaldelsinfants.org\/es\/actualidad\/aliances-que-sumen-virospack-i-casal-dels-infants\/#primaryimage","url":"https:\/\/www.casaldelsinfants.org\/wp-content\/uploads\/dsc09140-scaled.jpg","contentUrl":"https:\/\/www.casaldelsinfants.org\/wp-content\/uploads\/dsc09140-scaled.jpg","width":2560,"height":1707,"caption":"Infants i col\u00b7laboradors de Virospack."},{"@type":"BreadcrumbList","@id":"https:\/\/www.casaldelsinfants.org\/es\/actualidad\/aliances-que-sumen-virospack-i-casal-dels-infants\/#breadcrumb","itemListElement":[{"@type":"ListItem","position":1,"name":"Inici","item":"https:\/\/www.casaldelsinfants.org\/es\/"},{"@type":"ListItem","position":2,"name":"Aliances que sumen: Virospack i Casal dels Infants"}]},{"@type":"WebSite","@id":"https:\/\/www.casaldelsinfants.org\/es\/#website","url":"https:\/\/www.casaldelsinfants.org\/es\/","name":"Casal dels Infants","description":"","publisher":{"@id":"https:\/\/www.casaldelsinfants.org\/es\/#organization"},"potentialAction":[{"@type":"SearchAction","target":{"@type":"EntryPoint","urlTemplate":"https:\/\/www.casaldelsinfants.org\/es\/?s={search_term_string}"},"query-input":{"@type":"PropertyValueSpecification","valueRequired":true,"valueName":"search_term_string"}}],"inLanguage":"es"},{"@type":"Organization","@id":"https:\/\/www.casaldelsinfants.org\/es\/#organization","name":"Casal dels Infants","url":"https:\/\/www.casaldelsinfants.org\/es\/","logo":{"@type":"ImageObject","inLanguage":"es","@id":"https:\/\/www.casaldelsinfants.org\/es\/#\/schema\/logo\/image\/","url":"https:\/\/www.casaldelsinfants.org\/wp-content\/uploads\/logo-mail.png","contentUrl":"https:\/\/www.casaldelsinfants.org\/wp-content\/uploads\/logo-mail.png","width":380,"height":158,"caption":"Casal dels Infants"},"image":{"@id":"https:\/\/www.casaldelsinfants.org\/es\/#\/schema\/logo\/image\/"},"sameAs":["https:\/\/www.facebook.com\/casalinfants","https:\/\/x.com\/casalinfants","https:\/\/www.youtube.com\/user\/CasaldelsInfants1","https:\/\/www.instagram.com\/casalinfants\/","https:\/\/www.linkedin.com\/company\/casaldelsinfants?trk=organization-update_share-update_actor-text"]},{"@type":"Person","@id":"https:\/\/www.casaldelsinfants.org\/es\/#\/schema\/person\/97707fc8c64900cf36891127dbf9fba8","name":"cdiAdmin","sameAs":["https:\/\/casaldelsinfants.org"]}]}},"publishpress_future_action":{"enabled":false,"date":"2026-05-09 06:03:16","action":"change-status","newStatus":"draft","terms":[],"taxonomy":"category","extraData":[]},"publishpress_future_workflow_manual_trigger":{"enabledWorkflows":[]},"_links":{"self":[{"href":"https:\/\/www.casaldelsinfants.org\/es\/wp-json\/wp\/v2\/posts\/4230","targetHints":{"allow":["GET"]}}],"collection":[{"href":"https:\/\/www.casaldelsinfants.org\/es\/wp-json\/wp\/v2\/posts"}],"about":[{"href":"https:\/\/www.casaldelsinfants.org\/es\/wp-json\/wp\/v2\/types\/post"}],"author":[{"embeddable":true,"href":"https:\/\/www.casaldelsinfants.org\/es\/wp-json\/wp\/v2\/users\/1"}],"replies":[{"embeddable":true,"href":"https:\/\/www.casaldelsinfants.org\/es\/wp-json\/wp\/v2\/comments?post=4230"}],"version-history":[{"count":1,"href":"https:\/\/www.casaldelsinfants.org\/es\/wp-json\/wp\/v2\/posts\/4230\/revisions"}],"predecessor-version":[{"id":9920,"href":"https:\/\/www.casaldelsinfants.org\/es\/wp-json\/wp\/v2\/posts\/4230\/revisions\/9920"}],"wp:featuredmedia":[{"embeddable":true,"href":"https:\/\/www.casaldelsinfants.org\/es\/wp-json\/wp\/v2\/media\/2953"}],"wp:attachment":[{"href":"https:\/\/www.casaldelsinfants.org\/es\/wp-json\/wp\/v2\/media?parent=4230"}],"wp:term":[{"taxonomy":"category","embeddable":true,"href":"https:\/\/www.casaldelsinfants.org\/es\/wp-json\/wp\/v2\/categories?post=4230"},{"taxonomy":"post_tag","embeddable":true,"href":"https:\/\/www.casaldelsinfants.org\/es\/wp-json\/wp\/v2\/tags?post=4230"},{"taxonomy":"seus","embeddable":true,"href":"https:\/\/www.casaldelsinfants.org\/es\/wp-json\/wp\/v2\/seus?post=4230"},{"taxonomy":"eixos","embeddable":true,"href":"https:\/\/www.casaldelsinfants.org\/es\/wp-json\/wp\/v2\/eixos?post=4230"}],"curies":[{"name":"wp","href":"https:\/\/api.w.org\/{rel}","templated":true}]}}