{"id":4231,"date":"2022-03-30T13:29:46","date_gmt":"2022-03-30T11:29:46","guid":{"rendered":"https:\/\/casal.puntzero.cat\/noticies\/collabora-amb-el-casal-dels-infants-aquest-sant-jordi\/"},"modified":"2023-11-23T12:30:52","modified_gmt":"2023-11-23T10:30:52","slug":"collabora-amb-el-casal-dels-infants-aquest-sant-jordi","status":"publish","type":"post","link":"https:\/\/www.casaldelsinfants.org\/es\/actualidad\/collabora-amb-el-casal-dels-infants-aquest-sant-jordi\/","title":{"rendered":"Colabora con el Casal dels Infants este Sant Jordi"},"content":{"rendered":"<p><span style=\"color: #000000;\">El pr\u00f3ximo\u00a0<\/span><span style=\"color: #000000;\"><strong>23 de abril se\u00a0celebra la Diada de Sant Jordi,<\/strong> un d\u00eda especial para todos los catalanes y catalanas en el que las ciudades se llenan de libros y rosas y que, este a\u00f1o, podremos volver a disfrutar como m\u00e1s nos gusta, saliendo a pasear por las calles.\u00a0\u00a0<\/span><\/p>\n<p>&nbsp;<\/p>\n<p dir=\"ltr\"><span style=\"color: #000000;\">En este art\u00edculo te explicamos el origen de esta calebraci\u00f3n, qu\u00e9 acciones llevamos a cabo en el Casal dels Infants para fomentar la lectura, y\u00a0<\/span><span style=\"color: #000000;\"><strong>de qu\u00e9 maneras puedes colaborar con el Casal dels Infants y hacer de este Sant Jordi un d\u00eda m\u00e1s solidario. <\/strong>\u00a0<\/span><\/p>\n<p dir=\"ltr\"><strong>La leyenda de Sant Jordi\u00a0<\/strong><\/p>\n<p><span style=\"color: #000000;\">Dice <\/span><a title=\"leyenda de Sant Jordi \" href=\"https:\/\/barcelonacolours.com\/la-leyenda-de-sant-jordi-y-un-descargable-para-vuestros-hijos\/\" rel=\"nofollow\"><u>la leyenda\u00a0<\/u><\/a><span style=\"color: #000000;\">que un drag\u00f3n atemorizaba a los habitantes de un pueblecito de Catalu\u00f1a y devoraba a los animales. Desesperados, los habitantes decidieron que cada d\u00eda sacrificar\u00edan una persona, escogida por sorteo, y se la ofrecer\u00edan al drag\u00f3n.\u00a0<\/span><\/p>\n<p dir=\"ltr\"><span style=\"color: #000000;\">Un d\u00eda, le toc\u00f3 a la hija del rey ser el sacrificio. Cuando el drag\u00f3n iba a engullirla, apareci\u00f3 un caballero para enfrentarse a la bestia.\u00a0Era Sant Jordi, que le clav\u00f3 su lanza, y de la sangre del drag\u00f3n surgi\u00f3 un rosal de rosas rojas.\u00a0Sant Jordi cogi\u00f3 una y se la ofreci\u00f3 a la princesa.\u00a0<\/span><\/p>\n<p dir=\"ltr\"><span style=\"color: #000000;\">Por esto en Catalu\u00f1a es costumbre\u00a0regalar una rosa a la persona amada. <strong>Sant Jordi, patr\u00f3n de Catalu\u00f1a desde el siglo\u00a0XIX<\/strong>, se convirti\u00f3 en s\u00edmbolo del territorio catal\u00e1n con\u00a0<em>la Renaixen\u00e7a<\/em>, movimiento\u00a0pol\u00edtico y\u00a0cultural que recuper\u00f3 los signos de identidad catalanes.\u00a0<\/span><\/p>\n<p dir=\"ltr\"><strong>El libro y la rosa<\/strong><\/p>\n<p dir=\"ltr\"><span style=\"color: #000000;\">La tradici\u00f3n de regalar libros naci\u00f3 a principios del siglo XX, cuando el Gremio de Libreros y la C\u00e1mara Oficial del Libro establecieron esta fecha para conmemorar que el 23 de abril murieron los escritores\u00a0William Shakespeare, Miguel de Cervantes i Garcilaso de la Vega.\u00a0<\/span><\/p>\n<p dir=\"ltr\"><span style=\"color: #000000;\">Desde 1996, la UNESCO ha declarado esta tradici\u00f3n, ha pasado a ser mundial y se ha convertido en el\u00a0<\/span><span style=\"color: #000000;\"><strong>D\u00eda Internacional del Libro y de los Derechos de\u00a0Autor<\/strong>.<\/span><\/p>\n<p><img decoding=\"async\" class=\"align-center\" src=\"\/wp-content\/uploads\/inline-images\/casal_dels_infants_rosa_vermella_sant_jordi.jpg\" alt=\"sant jordi solidari rosa vermella\" width=\"480\" height=\"320\" data-entity-type=\"file\" data-entity-uuid=\"5857b803-ae00-4ee2-9cb2-b9013956d3a4\" data-image-style=\"large\" \/><\/p>\n<p>&nbsp;<\/p>\n<p dir=\"ltr\"><span style=\"color: #000000;\">La rosa responde al desenlace de la leyenda y hay <\/span><a title=\"significados de las rosas seg\u00fan su color\" href=\"https:\/\/www.significados.com\/rosas-significado-color\/\" rel=\"nofollow\"><u>de todos los colores, que simbolizan diferentes estados de \u00e1nimo y sentimientos<\/u><\/a><span style=\"color: #000000;\"> hacia las personas.\u00a0La roja es se\u00f1al de amor y pasi\u00f3n, y es<strong>\u00a0la rosa m\u00e1s regalada el d\u00eda de Sant Jordi<\/strong>.\u00a0<\/span><\/p>\n<p dir=\"ltr\"><strong>La importancia de la lectura, cada d\u00eda, en el Casal dels Infants\u00a0<\/strong><\/p>\n<p dir=\"ltr\"><span style=\"color: #000000;\">En el\u00a0<strong>Casal dels Infants<\/strong> entendemos que leer nos ayuda a aprender, vivir intensamente, descubrir quienes somos y entender un poquito en qu\u00e9 mundo vivimos. Por lo que se refiere a la escritura, es una buena manera de digerirlo todo y expresarnos. Por esto\u00a0<\/span><span style=\"color: #000000;\"><strong>reivindicamos que la lectura y la escritura son claves en la educaci\u00f3n y la inclusi\u00f3n social de todos los ni\u00f1os, ni\u00f1as y j\u00f3venes, y deben estar al alcance de todos y todas.\u00a0<\/strong><\/span><\/p>\n<p><img decoding=\"async\" class=\"align-center\" src=\"\/wp-content\/uploads\/inline-images\/casal_dels_infants_lectura_sant_jordi.jpg\" alt=\"lectura i sant jordi solidari\" width=\"480\" height=\"270\" data-entity-type=\"file\" data-entity-uuid=\"b5a4ab3b-32f2-40a6-b074-2f2ef345d8b8\" data-image-style=\"large\" \/><\/p>\n<p>&nbsp;<\/p>\n<p dir=\"ltr\"><span style=\"color: #000000;\">En <\/span><u>este art\u00edculo<\/u><span style=\"color: #000000;\"> que public\u00e1bamos hace unos meses, te d\u00e1bamos algunos consejos para fomentar el h\u00e1bito de la lectura en tus hijos e hijas.\u00a0<\/span><\/p>\n<p dir=\"ltr\"><span style=\"color: #000000;\">\u00bfY c\u00f3mo lo trabajamos todo esto en el Casal? Estas\u00a0son algunas de las<strong> actividades con las que los ni\u00f1os y ni\u00f1as\u00a0del Casal dels Infants disfrutan de la lectura y la escritura:\u00a0<\/strong>\u00a0<\/span><\/p>\n<ul dir=\"ltr\">\n<li role=\"presentation\"><span style=\"color: #000000;\"><strong>L\u00e8cxit, mejorar la comprensi\u00f3n\u00a0lectora de los ni\u00f1os y ni\u00f1as en riesgo de exclusi\u00f3n<\/strong>: un espacio para zambullirse en un mar de imaginaci\u00f3n y letras. Ni\u00f1os y ni\u00f1as de Casal dels Infants se encuentran cada semana con una persona voluntaria con la que comparten un rato de lectura. Una buena manera de mejorar la comprensi\u00f3n lectora, reforzar muchas otras competencias en el aprendizaje y, sobre todo, pasar un buen rato. En <\/span><a title=\"Carmen y Ayesha nos cuentan L\u00e8cxit en el Casal dels Infants\" href=\"https:\/\/youtu.be\/SBGs-uCshNA\"><u>este v\u00eddeo<\/u><\/a><span style=\"color: #000000;\"> Carmen y Ayesha nos contaron qu\u00e9 hacen en L\u00e8cxit.<\/span><\/li>\n<li role=\"presentation\"><span style=\"color: #000000;\"><strong>Fomento de la lectura para ni\u00f1os y ni\u00f1as en situaci\u00f3n de vulnerabilidad:<\/strong>\u00a0\u00bfOs imagin\u00e1is poder compartir lectura con las personas que crean los libros? En e<\/span><span style=\"color: #000000;\">l Casal dels Infants tenemos la suerte de recibir cada semana la visita de autores y autoras de la <em>Associaci\u00f3 d\u2019Escriptors en Llengua Catalana <\/em>(AELC), gracias al proyecto <em>Foment de la lectura<\/em>. Con ellos y ellas descubrimos un mont\u00f3n de historias, como\u00a0<\/span><a title=\"Montse cuenta historias a los ni\u00f1os y ni\u00f1as del Casal dels Infants\" href=\"https:\/\/youtu.be\/NsOHIBrkAIY\" rel=\"nofollow\"><u>\u00e9stas<\/u><\/a><span style=\"color: #000000;\">\u00a0que nos cont\u00f3<\/span><span style=\"color: #000000;\">\u00a0Montse Morera.<\/span><\/li>\n<li role=\"presentation\"><span style=\"color: #000000;\"><strong>Taller con la Editorial Stenella y los ni\u00f1os y ni\u00f1as del Centro Abierto\u00a0del Raval:<\/strong> Aguas Rodr\u00edguez es una de las escritoras de la AELC con quien compartimos la lectura, y en su caso ha querido ir m\u00e1s all\u00e1. Con la\u00a0<\/span><span style=\"color: #000000;\">Editorial Stenella, de la\u00a0 que es creadora, y junto a Fer Catal\u00e1n, han impulsado un proyecto muy estimulante: editar y publicar una recopilaci\u00f3n de cuentos creados e ilustrados por los ni\u00f1os y ni\u00f1as del grupo de medianos de nuestro Centro Abierto del Raval. La\u00a0<\/span><span style=\"color: #000000;\">Editorial Stenella organiz\u00f3 una colecta para poder tirar adelante la edici\u00f3n y publicaci\u00f3n, y la Diputaci\u00f3n de Barcelona colabor\u00f3 con la distribuci\u00f3n para que cada una de las 40 bibliotecas de Barcelona tenga un ejemplar. <\/span><a title=\"Un cuento creado por los ni\u00f1os y ni\u00f1as del Casal dels Infants \" href=\"https:\/\/www.casaldelsinfants.org\/actualitat\/conte-illusio-cinc-histories-nens-i-nenes-casal-dels-infants-i\/\" rel=\"nofollow\"><u>Aqu\u00ed<\/u><\/a><span style=\"color: #000000;\"> te explicamos el resultado de \u00abUn cuento, una il\u00b7lusi\u00f3n\u00bb\u00a0<\/span><\/li>\n<\/ul>\n<p dir=\"ltr\"><strong>Un Sant Jordi m\u00e1s solidario<\/strong><\/p>\n<p><span style=\"color: #000000;\">En el Casal dels Infants trabajamos cada d\u00eda para garantizar el acceso a la cultura de los ni\u00f1os, ni\u00f1as y j\u00f3venes en riesgo de exclusi\u00f3n social\u00a0y ofrecerles el apoyo necesario para tirar adelante y superar la desigualdad.\u00a0<\/span><\/p>\n<p dir=\"ltr\"><strong><span style=\"color: #000000;\">T\u00fa tambi\u00e9n puedes colaborar con\u00a0el Casal dels Infants y hacer de este Sant Jordi un d\u00eda m\u00e1s solidario.\u00a0\u00a0<\/span><\/strong><\/p>\n<p><span style=\"color: #000000;\"><strong>Si eres\u00a0una empresa, puedes regalar rosas solidarias a tu equipo y convertir cada rosa en oportunidades\u00a0educativas y sociales para los ni\u00f1os y ni\u00f1as de m\u00e1s riesgo.\u00a0\u00a0<\/strong><\/span><u><a title=\"Colabora con el Casal dels Infants y regala rosas solidarias este Sant Jordi \" href=\"https:\/\/www.casaldelsinfants.org\/es\/que-puedes-hacer-tu\/haz-un-donativo\/sant-jordi-empresas\/\">Aqu\u00ed<\/a><\/u><span style=\"color: #000000;\">\u00a0encontrar\u00e1s toda la informaci\u00f3n para realizar tu pedido de rosas solidarias.\u00a0<\/span><\/p>\n<p><img decoding=\"async\" class=\"align-center\" src=\"\/wp-content\/uploads\/inline-images\/casal_dels_infants_nen_sant_jordi.JPG\" alt=\"casal dels infants sant jordi solidari\" width=\"480\" height=\"321\" data-entity-type=\"file\" data-entity-uuid=\"52a57fe7-fb62-4a60-a360-41cfbcc00bf9\" data-image-style=\"large\" \/><\/p>\n<p>&nbsp;<\/p>\n<p dir=\"ltr\"><span style=\"color: #000000;\">Gracias a tu apoyo hacemos posible el acompa\u00f1amiento diario a m\u00e1s de 6.000 ni\u00f1os, ni\u00f1as, j\u00f3venes y familias en riesgo de exclusi\u00f3n social.\u00a0<\/span><\/p>\n<blockquote><p>&nbsp;<\/p>\n<p dir=\"ltr\"><b id=\"docs-internal-guid-50b709f8-7fff-c742-a4ae-fd53ce7e907a\">Ay\u00fadanos a continuar ofreciendo oportunidades para los ni\u00f1os, ni\u00f1as, j\u00f3venes y familias que m\u00e1s lo necesitan.\u00a0<\/b><\/p>\n<p dir=\"ltr\">Haz un <strong>donativo<\/strong>\u00a0<a title=\"haz un donativo \" href=\"https:\/\/www.casaldelsinfants.org\/es\/que-puedes-hacer-tu\/haz-un-donativo\/\" rel=\"nofollow\"><u>aqu\u00ed.<\/u><\/a><a title=\"haz un donativo \" href=\"https:\/\/www.casaldelsinfants.org\/es\/que-puedes-hacer-tu\/haz-un-donativo\/\">\u00a0<\/a><\/p>\n<p dir=\"ltr\">Haz\u00a0<strong>voluntariado<\/strong>. Inf\u00f3rmate\u00a0<a title=\"Haz voluntariado en el Casal dels Infants\" href=\"https:\/\/www.casaldelsinfants.org\/es\/que-puedes-hacer-tu\/voluntariado\/\"><u>aqu\u00ed<\/u><\/a><a title=\"Haz voluntariado en el Casal dels Infants\" href=\"https:\/\/www.casaldelsinfants.org\/es\/que-puedes-hacer-tu\/voluntariado\/\">.<\/a><\/p>\n<\/blockquote>\n","protected":false},"excerpt":{"rendered":"<p>El pr\u00f3ximo\u00a023 de abril se\u00a0celebra la Diada de Sant Jordi, un d\u00eda especial para todos los catalanes y catalanas en el que las ciudades se llenan de libros y rosas y que, este a\u00f1o, podremos volver a disfrutar como m\u00e1s nos gusta, saliendo a pasear por las calles.\u00a0\u00a0 &nbsp; En este art\u00edculo te explicamos el [&hellip;]<\/p>\n","protected":false},"author":1,"featured_media":2956,"comment_status":"open","ping_status":"open","sticky":false,"template":"","format":"standard","meta":{"_acf_changed":false,"_et_pb_use_builder":"","_et_pb_old_content":"","_et_gb_content_width":"","inline_featured_image":false,"footnotes":""},"categories":[125],"tags":[],"seus":[],"eixos":[],"class_list":["post-4231","post","type-post","status-publish","format-standard","has-post-thumbnail","hentry","category-noticias"],"acf":[],"yoast_head":"<!-- This site is optimized with the Yoast SEO plugin v27.4 - https:\/\/yoast.com\/product\/yoast-seo-wordpress\/ -->\n<title>Noticias | Colabora con el Casal dels Infants este Sant Jordi<\/title>\n<meta name=\"description\" content=\"En este art\u00edculo te explicamos el origen de la celebraci\u00f3n de Sant Jordi, qu\u00e9 hacemos en el Casal dels Infants para fomentar la lectura y c\u00f3mo puedes colaborar con nosotros y hacer de este Sant Jordi un d\u00eda solidario. Si eres una empresa, compra rosas solidarias y reg\u00e1lalas a tu equipo. Convertir\u00e1s cada rosa en oportunidades educativas y sociales para la infancia en riesgo. O si lo prefieres, tambi\u00e9n puedes colaborar haciendo un donativo. Ay\u00fadanos a continuar dando apoyo a los ni\u00f1os y ni\u00f1as que m\u00e1s lo necesitan.\" \/>\n<meta name=\"robots\" content=\"index, follow, max-snippet:-1, max-image-preview:large, max-video-preview:-1\" \/>\n<link rel=\"canonical\" href=\"https:\/\/www.casaldelsinfants.org\/es\/actualidad\/collabora-amb-el-casal-dels-infants-aquest-sant-jordi\/\" \/>\n<meta property=\"og:locale\" content=\"es_ES\" \/>\n<meta property=\"og:type\" content=\"article\" \/>\n<meta property=\"og:title\" content=\"Noticias | Colabora con el Casal dels Infants este Sant Jordi\" \/>\n<meta property=\"og:description\" content=\"En este art\u00edculo te explicamos el origen de la celebraci\u00f3n de Sant Jordi, qu\u00e9 hacemos en el Casal dels Infants para fomentar la lectura y c\u00f3mo puedes colaborar con nosotros y hacer de este Sant Jordi un d\u00eda solidario. Si eres una empresa, compra rosas solidarias y reg\u00e1lalas a tu equipo. Convertir\u00e1s cada rosa en oportunidades educativas y sociales para la infancia en riesgo. O si lo prefieres, tambi\u00e9n puedes colaborar haciendo un donativo. Ay\u00fadanos a continuar dando apoyo a los ni\u00f1os y ni\u00f1as que m\u00e1s lo necesitan.\" \/>\n<meta property=\"og:url\" content=\"https:\/\/www.casaldelsinfants.org\/es\/actualidad\/collabora-amb-el-casal-dels-infants-aquest-sant-jordi\/\" \/>\n<meta property=\"og:site_name\" content=\"Casal dels Infants\" \/>\n<meta property=\"article:publisher\" content=\"https:\/\/www.facebook.com\/casalinfants\" \/>\n<meta property=\"article:published_time\" content=\"2022-03-30T11:29:46+00:00\" \/>\n<meta property=\"article:modified_time\" content=\"2023-11-23T10:30:52+00:00\" \/>\n<meta property=\"og:image\" content=\"https:\/\/www.casaldelsinfants.org\/wp-content\/uploads\/casal_dels_infants_lectura_sant_jordi_nens.jpg\" \/>\n\t<meta property=\"og:image:width\" content=\"640\" \/>\n\t<meta property=\"og:image:height\" content=\"428\" \/>\n\t<meta property=\"og:image:type\" content=\"image\/jpeg\" \/>\n<meta name=\"author\" content=\"cdiAdmin\" \/>\n<meta name=\"twitter:card\" content=\"summary_large_image\" \/>\n<meta name=\"twitter:creator\" content=\"@casalinfants\" \/>\n<meta name=\"twitter:site\" content=\"@casalinfants\" \/>\n<meta name=\"twitter:label1\" content=\"Escrito por\" \/>\n\t<meta name=\"twitter:data1\" content=\"cdiAdmin\" \/>\n\t<meta name=\"twitter:label2\" content=\"Tiempo de lectura\" \/>\n\t<meta name=\"twitter:data2\" content=\"6 minutos\" \/>\n<script type=\"application\/ld+json\" class=\"yoast-schema-graph\">{\"@context\":\"https:\\\/\\\/schema.org\",\"@graph\":[{\"@type\":\"Article\",\"@id\":\"https:\\\/\\\/www.casaldelsinfants.org\\\/es\\\/actualidad\\\/collabora-amb-el-casal-dels-infants-aquest-sant-jordi\\\/#article\",\"isPartOf\":{\"@id\":\"https:\\\/\\\/www.casaldelsinfants.org\\\/es\\\/actualidad\\\/collabora-amb-el-casal-dels-infants-aquest-sant-jordi\\\/\"},\"author\":{\"name\":\"cdiAdmin\",\"@id\":\"https:\\\/\\\/www.casaldelsinfants.org\\\/es\\\/#\\\/schema\\\/person\\\/97707fc8c64900cf36891127dbf9fba8\"},\"headline\":\"Colabora con el Casal dels Infants este Sant Jordi\",\"datePublished\":\"2022-03-30T11:29:46+00:00\",\"dateModified\":\"2023-11-23T10:30:52+00:00\",\"mainEntityOfPage\":{\"@id\":\"https:\\\/\\\/www.casaldelsinfants.org\\\/es\\\/actualidad\\\/collabora-amb-el-casal-dels-infants-aquest-sant-jordi\\\/\"},\"wordCount\":1053,\"commentCount\":0,\"publisher\":{\"@id\":\"https:\\\/\\\/www.casaldelsinfants.org\\\/es\\\/#organization\"},\"image\":{\"@id\":\"https:\\\/\\\/www.casaldelsinfants.org\\\/es\\\/actualidad\\\/collabora-amb-el-casal-dels-infants-aquest-sant-jordi\\\/#primaryimage\"},\"thumbnailUrl\":\"https:\\\/\\\/www.casaldelsinfants.org\\\/wp-content\\\/uploads\\\/casal_dels_infants_lectura_sant_jordi_nens.jpg\",\"articleSection\":[\"Noticia\"],\"inLanguage\":\"es\",\"potentialAction\":[{\"@type\":\"CommentAction\",\"name\":\"Comment\",\"target\":[\"https:\\\/\\\/www.casaldelsinfants.org\\\/es\\\/actualidad\\\/collabora-amb-el-casal-dels-infants-aquest-sant-jordi\\\/#respond\"]}]},{\"@type\":\"WebPage\",\"@id\":\"https:\\\/\\\/www.casaldelsinfants.org\\\/es\\\/actualidad\\\/collabora-amb-el-casal-dels-infants-aquest-sant-jordi\\\/\",\"url\":\"https:\\\/\\\/www.casaldelsinfants.org\\\/es\\\/actualidad\\\/collabora-amb-el-casal-dels-infants-aquest-sant-jordi\\\/\",\"name\":\"Noticias | Colabora con el Casal dels Infants este Sant Jordi\",\"isPartOf\":{\"@id\":\"https:\\\/\\\/www.casaldelsinfants.org\\\/es\\\/#website\"},\"primaryImageOfPage\":{\"@id\":\"https:\\\/\\\/www.casaldelsinfants.org\\\/es\\\/actualidad\\\/collabora-amb-el-casal-dels-infants-aquest-sant-jordi\\\/#primaryimage\"},\"image\":{\"@id\":\"https:\\\/\\\/www.casaldelsinfants.org\\\/es\\\/actualidad\\\/collabora-amb-el-casal-dels-infants-aquest-sant-jordi\\\/#primaryimage\"},\"thumbnailUrl\":\"https:\\\/\\\/www.casaldelsinfants.org\\\/wp-content\\\/uploads\\\/casal_dels_infants_lectura_sant_jordi_nens.jpg\",\"datePublished\":\"2022-03-30T11:29:46+00:00\",\"dateModified\":\"2023-11-23T10:30:52+00:00\",\"description\":\"En este art\u00edculo te explicamos el origen de la celebraci\u00f3n de Sant Jordi, qu\u00e9 hacemos en el Casal dels Infants para fomentar la lectura y c\u00f3mo puedes colaborar con nosotros y hacer de este Sant Jordi un d\u00eda solidario. Si eres una empresa, compra rosas solidarias y reg\u00e1lalas a tu equipo. Convertir\u00e1s cada rosa en oportunidades educativas y sociales para la infancia en riesgo. O si lo prefieres, tambi\u00e9n puedes colaborar haciendo un donativo. Ay\u00fadanos a continuar dando apoyo a los ni\u00f1os y ni\u00f1as que m\u00e1s lo necesitan.\",\"breadcrumb\":{\"@id\":\"https:\\\/\\\/www.casaldelsinfants.org\\\/es\\\/actualidad\\\/collabora-amb-el-casal-dels-infants-aquest-sant-jordi\\\/#breadcrumb\"},\"inLanguage\":\"es\",\"potentialAction\":[{\"@type\":\"ReadAction\",\"target\":[\"https:\\\/\\\/www.casaldelsinfants.org\\\/es\\\/actualidad\\\/collabora-amb-el-casal-dels-infants-aquest-sant-jordi\\\/\"]}]},{\"@type\":\"ImageObject\",\"inLanguage\":\"es\",\"@id\":\"https:\\\/\\\/www.casaldelsinfants.org\\\/es\\\/actualidad\\\/collabora-amb-el-casal-dels-infants-aquest-sant-jordi\\\/#primaryimage\",\"url\":\"https:\\\/\\\/www.casaldelsinfants.org\\\/wp-content\\\/uploads\\\/casal_dels_infants_lectura_sant_jordi_nens.jpg\",\"contentUrl\":\"https:\\\/\\\/www.casaldelsinfants.org\\\/wp-content\\\/uploads\\\/casal_dels_infants_lectura_sant_jordi_nens.jpg\",\"width\":640,\"height\":428,\"caption\":\"infants amb mascareta llegint un llibre.\"},{\"@type\":\"BreadcrumbList\",\"@id\":\"https:\\\/\\\/www.casaldelsinfants.org\\\/es\\\/actualidad\\\/collabora-amb-el-casal-dels-infants-aquest-sant-jordi\\\/#breadcrumb\",\"itemListElement\":[{\"@type\":\"ListItem\",\"position\":1,\"name\":\"Inici\",\"item\":\"https:\\\/\\\/www.casaldelsinfants.org\\\/es\\\/\"},{\"@type\":\"ListItem\",\"position\":2,\"name\":\"Colabora con el Casal dels Infants este Sant Jordi\"}]},{\"@type\":\"WebSite\",\"@id\":\"https:\\\/\\\/www.casaldelsinfants.org\\\/es\\\/#website\",\"url\":\"https:\\\/\\\/www.casaldelsinfants.org\\\/es\\\/\",\"name\":\"Casal dels Infants\",\"description\":\"\",\"publisher\":{\"@id\":\"https:\\\/\\\/www.casaldelsinfants.org\\\/es\\\/#organization\"},\"potentialAction\":[{\"@type\":\"SearchAction\",\"target\":{\"@type\":\"EntryPoint\",\"urlTemplate\":\"https:\\\/\\\/www.casaldelsinfants.org\\\/es\\\/?s={search_term_string}\"},\"query-input\":{\"@type\":\"PropertyValueSpecification\",\"valueRequired\":true,\"valueName\":\"search_term_string\"}}],\"inLanguage\":\"es\"},{\"@type\":\"Organization\",\"@id\":\"https:\\\/\\\/www.casaldelsinfants.org\\\/es\\\/#organization\",\"name\":\"Casal dels Infants\",\"url\":\"https:\\\/\\\/www.casaldelsinfants.org\\\/es\\\/\",\"logo\":{\"@type\":\"ImageObject\",\"inLanguage\":\"es\",\"@id\":\"https:\\\/\\\/www.casaldelsinfants.org\\\/es\\\/#\\\/schema\\\/logo\\\/image\\\/\",\"url\":\"https:\\\/\\\/www.casaldelsinfants.org\\\/wp-content\\\/uploads\\\/logo-mail.png\",\"contentUrl\":\"https:\\\/\\\/www.casaldelsinfants.org\\\/wp-content\\\/uploads\\\/logo-mail.png\",\"width\":380,\"height\":158,\"caption\":\"Casal dels Infants\"},\"image\":{\"@id\":\"https:\\\/\\\/www.casaldelsinfants.org\\\/es\\\/#\\\/schema\\\/logo\\\/image\\\/\"},\"sameAs\":[\"https:\\\/\\\/www.facebook.com\\\/casalinfants\",\"https:\\\/\\\/x.com\\\/casalinfants\",\"https:\\\/\\\/www.youtube.com\\\/user\\\/CasaldelsInfants1\",\"https:\\\/\\\/www.instagram.com\\\/casalinfants\\\/\",\"https:\\\/\\\/www.linkedin.com\\\/company\\\/casaldelsinfants?trk=organization-update_share-update_actor-text\"]},{\"@type\":\"Person\",\"@id\":\"https:\\\/\\\/www.casaldelsinfants.org\\\/es\\\/#\\\/schema\\\/person\\\/97707fc8c64900cf36891127dbf9fba8\",\"name\":\"cdiAdmin\",\"sameAs\":[\"https:\\\/\\\/casaldelsinfants.org\"]}]}<\/script>\n<!-- \/ Yoast SEO plugin. -->","yoast_head_json":{"title":"Noticias | Colabora con el Casal dels Infants este Sant Jordi","description":"En este art\u00edculo te explicamos el origen de la celebraci\u00f3n de Sant Jordi, qu\u00e9 hacemos en el Casal dels Infants para fomentar la lectura y c\u00f3mo puedes colaborar con nosotros y hacer de este Sant Jordi un d\u00eda solidario. Si eres una empresa, compra rosas solidarias y reg\u00e1lalas a tu equipo. Convertir\u00e1s cada rosa en oportunidades educativas y sociales para la infancia en riesgo. O si lo prefieres, tambi\u00e9n puedes colaborar haciendo un donativo. Ay\u00fadanos a continuar dando apoyo a los ni\u00f1os y ni\u00f1as que m\u00e1s lo necesitan.","robots":{"index":"index","follow":"follow","max-snippet":"max-snippet:-1","max-image-preview":"max-image-preview:large","max-video-preview":"max-video-preview:-1"},"canonical":"https:\/\/www.casaldelsinfants.org\/es\/actualidad\/collabora-amb-el-casal-dels-infants-aquest-sant-jordi\/","og_locale":"es_ES","og_type":"article","og_title":"Noticias | Colabora con el Casal dels Infants este Sant Jordi","og_description":"En este art\u00edculo te explicamos el origen de la celebraci\u00f3n de Sant Jordi, qu\u00e9 hacemos en el Casal dels Infants para fomentar la lectura y c\u00f3mo puedes colaborar con nosotros y hacer de este Sant Jordi un d\u00eda solidario. Si eres una empresa, compra rosas solidarias y reg\u00e1lalas a tu equipo. Convertir\u00e1s cada rosa en oportunidades educativas y sociales para la infancia en riesgo. O si lo prefieres, tambi\u00e9n puedes colaborar haciendo un donativo. Ay\u00fadanos a continuar dando apoyo a los ni\u00f1os y ni\u00f1as que m\u00e1s lo necesitan.","og_url":"https:\/\/www.casaldelsinfants.org\/es\/actualidad\/collabora-amb-el-casal-dels-infants-aquest-sant-jordi\/","og_site_name":"Casal dels Infants","article_publisher":"https:\/\/www.facebook.com\/casalinfants","article_published_time":"2022-03-30T11:29:46+00:00","article_modified_time":"2023-11-23T10:30:52+00:00","og_image":[{"width":640,"height":428,"url":"https:\/\/www.casaldelsinfants.org\/wp-content\/uploads\/casal_dels_infants_lectura_sant_jordi_nens.jpg","type":"image\/jpeg"}],"author":"cdiAdmin","twitter_card":"summary_large_image","twitter_creator":"@casalinfants","twitter_site":"@casalinfants","twitter_misc":{"Escrito por":"cdiAdmin","Tiempo de lectura":"6 minutos"},"schema":{"@context":"https:\/\/schema.org","@graph":[{"@type":"Article","@id":"https:\/\/www.casaldelsinfants.org\/es\/actualidad\/collabora-amb-el-casal-dels-infants-aquest-sant-jordi\/#article","isPartOf":{"@id":"https:\/\/www.casaldelsinfants.org\/es\/actualidad\/collabora-amb-el-casal-dels-infants-aquest-sant-jordi\/"},"author":{"name":"cdiAdmin","@id":"https:\/\/www.casaldelsinfants.org\/es\/#\/schema\/person\/97707fc8c64900cf36891127dbf9fba8"},"headline":"Colabora con el Casal dels Infants este Sant Jordi","datePublished":"2022-03-30T11:29:46+00:00","dateModified":"2023-11-23T10:30:52+00:00","mainEntityOfPage":{"@id":"https:\/\/www.casaldelsinfants.org\/es\/actualidad\/collabora-amb-el-casal-dels-infants-aquest-sant-jordi\/"},"wordCount":1053,"commentCount":0,"publisher":{"@id":"https:\/\/www.casaldelsinfants.org\/es\/#organization"},"image":{"@id":"https:\/\/www.casaldelsinfants.org\/es\/actualidad\/collabora-amb-el-casal-dels-infants-aquest-sant-jordi\/#primaryimage"},"thumbnailUrl":"https:\/\/www.casaldelsinfants.org\/wp-content\/uploads\/casal_dels_infants_lectura_sant_jordi_nens.jpg","articleSection":["Noticia"],"inLanguage":"es","potentialAction":[{"@type":"CommentAction","name":"Comment","target":["https:\/\/www.casaldelsinfants.org\/es\/actualidad\/collabora-amb-el-casal-dels-infants-aquest-sant-jordi\/#respond"]}]},{"@type":"WebPage","@id":"https:\/\/www.casaldelsinfants.org\/es\/actualidad\/collabora-amb-el-casal-dels-infants-aquest-sant-jordi\/","url":"https:\/\/www.casaldelsinfants.org\/es\/actualidad\/collabora-amb-el-casal-dels-infants-aquest-sant-jordi\/","name":"Noticias | Colabora con el Casal dels Infants este Sant Jordi","isPartOf":{"@id":"https:\/\/www.casaldelsinfants.org\/es\/#website"},"primaryImageOfPage":{"@id":"https:\/\/www.casaldelsinfants.org\/es\/actualidad\/collabora-amb-el-casal-dels-infants-aquest-sant-jordi\/#primaryimage"},"image":{"@id":"https:\/\/www.casaldelsinfants.org\/es\/actualidad\/collabora-amb-el-casal-dels-infants-aquest-sant-jordi\/#primaryimage"},"thumbnailUrl":"https:\/\/www.casaldelsinfants.org\/wp-content\/uploads\/casal_dels_infants_lectura_sant_jordi_nens.jpg","datePublished":"2022-03-30T11:29:46+00:00","dateModified":"2023-11-23T10:30:52+00:00","description":"En este art\u00edculo te explicamos el origen de la celebraci\u00f3n de Sant Jordi, qu\u00e9 hacemos en el Casal dels Infants para fomentar la lectura y c\u00f3mo puedes colaborar con nosotros y hacer de este Sant Jordi un d\u00eda solidario. Si eres una empresa, compra rosas solidarias y reg\u00e1lalas a tu equipo. Convertir\u00e1s cada rosa en oportunidades educativas y sociales para la infancia en riesgo. O si lo prefieres, tambi\u00e9n puedes colaborar haciendo un donativo. Ay\u00fadanos a continuar dando apoyo a los ni\u00f1os y ni\u00f1as que m\u00e1s lo necesitan.","breadcrumb":{"@id":"https:\/\/www.casaldelsinfants.org\/es\/actualidad\/collabora-amb-el-casal-dels-infants-aquest-sant-jordi\/#breadcrumb"},"inLanguage":"es","potentialAction":[{"@type":"ReadAction","target":["https:\/\/www.casaldelsinfants.org\/es\/actualidad\/collabora-amb-el-casal-dels-infants-aquest-sant-jordi\/"]}]},{"@type":"ImageObject","inLanguage":"es","@id":"https:\/\/www.casaldelsinfants.org\/es\/actualidad\/collabora-amb-el-casal-dels-infants-aquest-sant-jordi\/#primaryimage","url":"https:\/\/www.casaldelsinfants.org\/wp-content\/uploads\/casal_dels_infants_lectura_sant_jordi_nens.jpg","contentUrl":"https:\/\/www.casaldelsinfants.org\/wp-content\/uploads\/casal_dels_infants_lectura_sant_jordi_nens.jpg","width":640,"height":428,"caption":"infants amb mascareta llegint un llibre."},{"@type":"BreadcrumbList","@id":"https:\/\/www.casaldelsinfants.org\/es\/actualidad\/collabora-amb-el-casal-dels-infants-aquest-sant-jordi\/#breadcrumb","itemListElement":[{"@type":"ListItem","position":1,"name":"Inici","item":"https:\/\/www.casaldelsinfants.org\/es\/"},{"@type":"ListItem","position":2,"name":"Colabora con el Casal dels Infants este Sant Jordi"}]},{"@type":"WebSite","@id":"https:\/\/www.casaldelsinfants.org\/es\/#website","url":"https:\/\/www.casaldelsinfants.org\/es\/","name":"Casal dels Infants","description":"","publisher":{"@id":"https:\/\/www.casaldelsinfants.org\/es\/#organization"},"potentialAction":[{"@type":"SearchAction","target":{"@type":"EntryPoint","urlTemplate":"https:\/\/www.casaldelsinfants.org\/es\/?s={search_term_string}"},"query-input":{"@type":"PropertyValueSpecification","valueRequired":true,"valueName":"search_term_string"}}],"inLanguage":"es"},{"@type":"Organization","@id":"https:\/\/www.casaldelsinfants.org\/es\/#organization","name":"Casal dels Infants","url":"https:\/\/www.casaldelsinfants.org\/es\/","logo":{"@type":"ImageObject","inLanguage":"es","@id":"https:\/\/www.casaldelsinfants.org\/es\/#\/schema\/logo\/image\/","url":"https:\/\/www.casaldelsinfants.org\/wp-content\/uploads\/logo-mail.png","contentUrl":"https:\/\/www.casaldelsinfants.org\/wp-content\/uploads\/logo-mail.png","width":380,"height":158,"caption":"Casal dels Infants"},"image":{"@id":"https:\/\/www.casaldelsinfants.org\/es\/#\/schema\/logo\/image\/"},"sameAs":["https:\/\/www.facebook.com\/casalinfants","https:\/\/x.com\/casalinfants","https:\/\/www.youtube.com\/user\/CasaldelsInfants1","https:\/\/www.instagram.com\/casalinfants\/","https:\/\/www.linkedin.com\/company\/casaldelsinfants?trk=organization-update_share-update_actor-text"]},{"@type":"Person","@id":"https:\/\/www.casaldelsinfants.org\/es\/#\/schema\/person\/97707fc8c64900cf36891127dbf9fba8","name":"cdiAdmin","sameAs":["https:\/\/casaldelsinfants.org"]}]}},"publishpress_future_action":{"enabled":false,"date":"2026-05-08 15:11:01","action":"change-status","newStatus":"draft","terms":[],"taxonomy":"category","extraData":[]},"publishpress_future_workflow_manual_trigger":{"enabledWorkflows":[]},"_links":{"self":[{"href":"https:\/\/www.casaldelsinfants.org\/es\/wp-json\/wp\/v2\/posts\/4231","targetHints":{"allow":["GET"]}}],"collection":[{"href":"https:\/\/www.casaldelsinfants.org\/es\/wp-json\/wp\/v2\/posts"}],"about":[{"href":"https:\/\/www.casaldelsinfants.org\/es\/wp-json\/wp\/v2\/types\/post"}],"author":[{"embeddable":true,"href":"https:\/\/www.casaldelsinfants.org\/es\/wp-json\/wp\/v2\/users\/1"}],"replies":[{"embeddable":true,"href":"https:\/\/www.casaldelsinfants.org\/es\/wp-json\/wp\/v2\/comments?post=4231"}],"version-history":[{"count":5,"href":"https:\/\/www.casaldelsinfants.org\/es\/wp-json\/wp\/v2\/posts\/4231\/revisions"}],"predecessor-version":[{"id":16109,"href":"https:\/\/www.casaldelsinfants.org\/es\/wp-json\/wp\/v2\/posts\/4231\/revisions\/16109"}],"wp:featuredmedia":[{"embeddable":true,"href":"https:\/\/www.casaldelsinfants.org\/es\/wp-json\/wp\/v2\/media\/2956"}],"wp:attachment":[{"href":"https:\/\/www.casaldelsinfants.org\/es\/wp-json\/wp\/v2\/media?parent=4231"}],"wp:term":[{"taxonomy":"category","embeddable":true,"href":"https:\/\/www.casaldelsinfants.org\/es\/wp-json\/wp\/v2\/categories?post=4231"},{"taxonomy":"post_tag","embeddable":true,"href":"https:\/\/www.casaldelsinfants.org\/es\/wp-json\/wp\/v2\/tags?post=4231"},{"taxonomy":"seus","embeddable":true,"href":"https:\/\/www.casaldelsinfants.org\/es\/wp-json\/wp\/v2\/seus?post=4231"},{"taxonomy":"eixos","embeddable":true,"href":"https:\/\/www.casaldelsinfants.org\/es\/wp-json\/wp\/v2\/eixos?post=4231"}],"curies":[{"name":"wp","href":"https:\/\/api.w.org\/{rel}","templated":true}]}}