{"id":4232,"date":"2022-03-30T10:08:20","date_gmt":"2022-03-30T08:08:20","guid":{"rendered":"https:\/\/casal.puntzero.cat\/noticies\/teixint-somnis-la-desfilada-de-les-dones-del-hilo-del-casal-de-santa-coloma\/"},"modified":"2023-11-23T12:04:21","modified_gmt":"2023-11-23T10:04:21","slug":"teixint-somnis-la-desfilada-de-les-dones-del-hilo-del-casal-de-santa-coloma","status":"publish","type":"post","link":"https:\/\/www.casaldelsinfants.org\/es\/actualidad\/teixint-somnis-la-desfilada-de-les-dones-del-hilo-del-casal-de-santa-coloma\/","title":{"rendered":"Teixint somnis: la desfilada de las mujeres de El Hilo del Casal de Santa Coloma"},"content":{"rendered":"<p><span style=\"color: #000000;\">Las mujeres que forman el grupo El hilo del Casal del Casal dels Infants de Santa Coloma pudieron ver uno de sus sue\u00f1os cumplidos y representados en el evento \u2018Teixint somnis\u2019: <strong>desfilaron encima de una pasarela los vestidos que ellas mismas hab\u00edan dise\u00f1ado y confeccionado<\/strong>, inspirados en los sue\u00f1os de cada una, este domingo en el local de <\/span><u><a href=\"https:\/\/laciba.gramenet.cat\/es\/\" target=\"_blank\" rel=\"noopener\">La CIBA<\/a><\/u><a href=\"https:\/\/laciba.gramenet.cat\/es\/\" target=\"_blank\" rel=\"noopener\"><span style=\"color: #000000;\"><u>.<\/u><\/span><\/a><span style=\"color: #000000;\">\u00a0<\/span><\/p>\n<p>&nbsp;<\/p>\n<p dir=\"ltr\"><span style=\"color: #000000;\">\u2018Teixint somnis\u2019 es el resultado de un a\u00f1o de aprendizajes, retos, esfuerzos y procesos de creaci\u00f3n colaborativos. El domingo fue el momento para ense\u00f1ar, ante un centenar de asistentes, entre los que se encontraban compa\u00f1eras del Casal, amigas, maridos e hijos e hijas, la culminaci\u00f3n de estos esfuerzos. Las siete mujeres desfilaron los vestidos de sus sue\u00f1os y, a la vez, pudieron cumplir otro. \u201c<strong>El sue\u00f1o tambi\u00e9n es ser visibilizadas y poder mostrar las creaciones hechas con esfuerzo<\/strong>, motivaci\u00f3n, de momentos compartidos, de ilusi\u00f3n, poder mostrar el resultado de todas estas emociones\u201d, explica Bea Hern\u00e1n, educadora del grupo y del Casal Familiar.\u00a0<\/span><\/p>\n<p><img decoding=\"async\" class=\"align-center\" src=\"\/wp-content\/uploads\/inline-images\/teixint%20somnis_0.png\" alt=\"Retrats de les set participants en la desfilada. \" width=\"480\" height=\"355\" data-entity-type=\"file\" data-entity-uuid=\"1ba1cb38-d9be-4642-850a-41502189c853\" data-image-style=\"large\" \/><\/p>\n<p class=\"text-align-center\"><span style=\"font-size: 12px;\"><span style=\"color: #000000;\">Fotos: Maria Lorenzo Real<\/span><\/span><\/p>\n<p>&nbsp;<\/p>\n<p dir=\"ltr\"><span style=\"color: #000000;\">Encima de la pasarela, a pesar de los nervios, las mujeres desfilaron luciendo sus creaciones, acompa\u00f1adas de un montaje de im\u00e1genes y una voz en off que explicaba los sue\u00f1os que cada vestido representaba: amistad, elegancia, reflejo, encuentro, florecimiento, vida y gratitud. \u201cEstaban muy nerviosas, pero encima de la pasarela se crecieron, estaban seguras y orgullosas de ellas mismas, fue muy emocionante\u201d, recuerda Bea.\u00a0<\/span><\/p>\n<p dir=\"ltr\"><span style=\"color: #000000;\">Hace un a\u00f1o, el grupo empez\u00f3 a recibir <strong>clases de patronaje<\/strong> de la mano de Mari Carmen, voluntaria al Casal que trabaja en Mango como patronista, que las visitaba los s\u00e1bados cada dos semanas para ense\u00f1arles t\u00e9cnicas de patronaje. Este proceso comenz\u00f3 con las mujeres aprendiendo las bases del patronaje, y continuaron con la creaci\u00f3n de sus patrones con las medidas de cada una de ellas. Tambi\u00e9n aprendieron sobre los diferentes tipos de telas y sus propiedades para saber cuales escoger a la hora de elaborar y coser los vestidos como ellas quer\u00edan, gracias a las donaciones de telas y material de Mango.<\/span><\/p>\n<p><img decoding=\"async\" class=\"align-center\" src=\"\/wp-content\/uploads\/inline-images\/WhatsApp%20Image%202022-03-30%20at%2009.33.20.jpeg\" alt=\"Dues dones desfilen els seus dissenys damunt de la passarel\u00b7la.\" width=\"480\" height=\"320\" data-entity-type=\"file\" data-entity-uuid=\"5b98f688-c7dd-4a7a-a116-8ccbcdcaaa21\" data-image-style=\"large\" \/><\/p>\n<p class=\"text-align-center\"><span style=\"font-size: 12px;\"><span style=\"color: #000000;\">Foto: Maria Lorenzo Real<\/span><\/span><\/p>\n<p dir=\"ltr\"><span style=\"color: #000000;\">Con un poco m\u00e1s de dominio sobre las t\u00e9cnicas de patronaje, las mujeres se aventuraron a dise\u00f1ar y confeccionar los vestidos de sus sue\u00f1os. Las siete participantes tuvieron conversaciones individualizadas con Bea para hablar del concepto que cada una quer\u00eda representar con el vestido, en qu\u00e9 ocasiones se lo pondr\u00eda y en qu\u00e9 vestidos se quer\u00eda inspirar para crear su dise\u00f1o. A partir de la idea, las mujeres se pusieron manos a la obra para empezar a construir sus vestidos de manera colectiva, ayud\u00e1ndose, aprendiendo y aportando ideas entre ellas.\u00a0<\/span><\/p>\n<p dir=\"ltr\"><span style=\"color: #000000;\">Durante el proceso, el grupo ha contado con la ayuda de una voluntaria del Casal dels Infants de Santa Coloma que estudia moda y patronaje, y de dos modelos profesionales, madre e hija, en una clase magistral para aprender a desfilar sobre la pasarela. Tambi\u00e9n fueron a <\/span><u><a href=\"https:\/\/www.instagram.com\/p\/CVN_3gnsdjj\/\" target=\"_blank\" rel=\"noopener\">visitar la exposici\u00f3n de los modelos y vestidos de Pedro Rovira<\/a><\/u><span style=\"color: #000000;\">, en el Museu de Badalona, para documentarse y coger nuevas inspiraciones.\u00a0<\/span><\/p>\n<p dir=\"ltr\"><span style=\"color: #000000;\">El Hilo del Casal naci\u00f3 el 2015 del deseo de las madres participantes del Casal Familiar del Casal dels Infants de Santa Coloma de emprender un proyecto conjunto. La costura les ha servido para tejer un espacio de encuentro, confianza, cuidado y autoconocimiento, donde poder compartir, ser escuchadas y sostenidas. Desde entonces, las mujeres del Hilo del Casal han participado en diferentes ferias, como la <\/span><u><a href=\"https:\/\/www.casaldelsinfants.org\/actualitat\/costura-alliberadora\/\" target=\"_blank\" rel=\"noopener\">Fira de Nadal del barrio de Fondo<\/a><\/u><span style=\"color: #000000;\">, y han creado <\/span><u><a href=\"https:\/\/www.casaldelsinfants.org\/actualitat\/pretty-tired-faces-cccb-histories-de-vida-dones-casal-dels-infants\/\" target=\"_blank\" rel=\"noopener\">una exposici\u00f3n con sus trabajos, Pretty Tired Faces<\/a><\/u><span style=\"color: #000000;\">, que se expuso en el CCCB a finales de 2019. De ahora en adelante, el grupo planea crear nuevos espacios conjuntos con otros grupos de mujeres de la ciudad que tambi\u00e9n cosen, y seguir aprendiendo t\u00e9cnicas de patronaje para crear otras piezas de ropa.\u00a0<\/span><\/p>\n<blockquote><p><strong>Haz posible que sigamos reforzando v\u00ednculos y ofreciendo espacios de apoyo a ni\u00f1os, j\u00f3venes, madres y familias en situaci\u00f3n de vulnerabilidad.<\/strong><\/p>\n<p>Haz\u00a0<strong>voluntariado<\/strong>. Inf\u00f3rmate\u00a0<a href=\"https:\/\/www.casaldelsinfants.org\/es\/que-puedes-hacer-tu\/voluntariado\/\" target=\"_blank\" rel=\"noopener\"><u>aqu\u00ed<\/u><\/a>.<\/p>\n<p>Haz un\u00a0<strong>donativo<\/strong>\u00a0<a href=\"https:\/\/www.casaldelsinfants.org\/es\/dona-ahora\/\" target=\"_blank\" rel=\"noopener\"><u>aqu\u00ed<\/u><\/a>.<\/p><\/blockquote>\n","protected":false},"excerpt":{"rendered":"<p>Las mujeres que forman el grupo El hilo del Casal del Casal dels Infants de Santa Coloma pudieron ver uno de sus sue\u00f1os cumplidos y representados en el evento \u2018Teixint somnis\u2019: desfilaron encima de una pasarela los vestidos que ellas mismas hab\u00edan dise\u00f1ado y confeccionado, inspirados en los sue\u00f1os de cada una, este domingo en [&hellip;]<\/p>\n","protected":false},"author":1,"featured_media":2959,"comment_status":"open","ping_status":"open","sticky":false,"template":"","format":"standard","meta":{"_acf_changed":false,"_et_pb_use_builder":"","_et_pb_old_content":"","_et_gb_content_width":"","inline_featured_image":false,"footnotes":""},"categories":[125],"tags":[],"seus":[160],"eixos":[107],"class_list":["post-4232","post","type-post","status-publish","format-standard","has-post-thumbnail","hentry","category-noticias","seus-santa-coloma-de-gramenet","eixos-pequena-infancia"],"acf":[],"yoast_head":"<!-- This site is optimized with the Yoast SEO plugin v27.4 - https:\/\/yoast.com\/product\/yoast-seo-wordpress\/ -->\n<title>Teixint somnis: la desfilada de las mujeres de El Hilo del Casal de Santa Coloma<\/title>\n<meta name=\"description\" content=\"Las mujeres de El Hilo del Casal del Casal dels Infants de Santa Coloma desfilaron en una pasarela los vestidos de sus sue\u00f1os, que ellas mismas dise\u00f1aron y crearon, en \u201cTeixint somnis\u201d, fruto de un a\u00f1o de esfuerzos, aprendizajes en t\u00e9cnicas de patronaje y trabajo personal.\" \/>\n<meta name=\"robots\" content=\"index, follow, max-snippet:-1, max-image-preview:large, max-video-preview:-1\" \/>\n<link rel=\"canonical\" href=\"https:\/\/www.casaldelsinfants.org\/es\/actualidad\/teixint-somnis-la-desfilada-de-les-dones-del-hilo-del-casal-de-santa-coloma\/\" \/>\n<meta property=\"og:locale\" content=\"es_ES\" \/>\n<meta property=\"og:type\" content=\"article\" \/>\n<meta property=\"og:title\" content=\"Teixint somnis: la desfilada de las mujeres de El Hilo del Casal de Santa Coloma\" \/>\n<meta property=\"og:description\" content=\"Las mujeres de El Hilo del Casal del Casal dels Infants de Santa Coloma desfilaron en una pasarela los vestidos de sus sue\u00f1os, que ellas mismas dise\u00f1aron y crearon, en \u201cTeixint somnis\u201d, fruto de un a\u00f1o de esfuerzos, aprendizajes en t\u00e9cnicas de patronaje y trabajo personal.\" \/>\n<meta property=\"og:url\" content=\"https:\/\/www.casaldelsinfants.org\/es\/actualidad\/teixint-somnis-la-desfilada-de-les-dones-del-hilo-del-casal-de-santa-coloma\/\" \/>\n<meta property=\"og:site_name\" content=\"Casal dels Infants\" \/>\n<meta property=\"article:publisher\" content=\"https:\/\/www.facebook.com\/casalinfants\" \/>\n<meta property=\"article:published_time\" content=\"2022-03-30T08:08:20+00:00\" \/>\n<meta property=\"article:modified_time\" content=\"2023-11-23T10:04:21+00:00\" \/>\n<meta property=\"og:image\" content=\"https:\/\/www.casaldelsinfants.org\/wp-content\/uploads\/whatsapp_image_2022-03-30_at_09.35.47.jpeg\" \/>\n\t<meta property=\"og:image:width\" content=\"1600\" \/>\n\t<meta property=\"og:image:height\" content=\"1066\" \/>\n\t<meta property=\"og:image:type\" content=\"image\/jpeg\" \/>\n<meta name=\"author\" content=\"cdiAdmin\" \/>\n<meta name=\"twitter:card\" content=\"summary_large_image\" \/>\n<meta name=\"twitter:creator\" content=\"@casalinfants\" \/>\n<meta name=\"twitter:site\" content=\"@casalinfants\" \/>\n<meta name=\"twitter:label1\" content=\"Escrito por\" \/>\n\t<meta name=\"twitter:data1\" content=\"cdiAdmin\" \/>\n\t<meta name=\"twitter:label2\" content=\"Tiempo de lectura\" \/>\n\t<meta name=\"twitter:data2\" content=\"4 minutos\" \/>\n<script type=\"application\/ld+json\" class=\"yoast-schema-graph\">{\"@context\":\"https:\\\/\\\/schema.org\",\"@graph\":[{\"@type\":\"Article\",\"@id\":\"https:\\\/\\\/www.casaldelsinfants.org\\\/es\\\/actualidad\\\/teixint-somnis-la-desfilada-de-les-dones-del-hilo-del-casal-de-santa-coloma\\\/#article\",\"isPartOf\":{\"@id\":\"https:\\\/\\\/www.casaldelsinfants.org\\\/es\\\/actualidad\\\/teixint-somnis-la-desfilada-de-les-dones-del-hilo-del-casal-de-santa-coloma\\\/\"},\"author\":{\"name\":\"cdiAdmin\",\"@id\":\"https:\\\/\\\/www.casaldelsinfants.org\\\/es\\\/#\\\/schema\\\/person\\\/97707fc8c64900cf36891127dbf9fba8\"},\"headline\":\"Teixint somnis: la desfilada de las mujeres de El Hilo del Casal de Santa Coloma\",\"datePublished\":\"2022-03-30T08:08:20+00:00\",\"dateModified\":\"2023-11-23T10:04:21+00:00\",\"mainEntityOfPage\":{\"@id\":\"https:\\\/\\\/www.casaldelsinfants.org\\\/es\\\/actualidad\\\/teixint-somnis-la-desfilada-de-les-dones-del-hilo-del-casal-de-santa-coloma\\\/\"},\"wordCount\":711,\"commentCount\":0,\"publisher\":{\"@id\":\"https:\\\/\\\/www.casaldelsinfants.org\\\/es\\\/#organization\"},\"image\":{\"@id\":\"https:\\\/\\\/www.casaldelsinfants.org\\\/es\\\/actualidad\\\/teixint-somnis-la-desfilada-de-les-dones-del-hilo-del-casal-de-santa-coloma\\\/#primaryimage\"},\"thumbnailUrl\":\"https:\\\/\\\/www.casaldelsinfants.org\\\/wp-content\\\/uploads\\\/whatsapp_image_2022-03-30_at_09.35.47.jpeg\",\"articleSection\":[\"Noticia\"],\"inLanguage\":\"es\",\"potentialAction\":[{\"@type\":\"CommentAction\",\"name\":\"Comment\",\"target\":[\"https:\\\/\\\/www.casaldelsinfants.org\\\/es\\\/actualidad\\\/teixint-somnis-la-desfilada-de-les-dones-del-hilo-del-casal-de-santa-coloma\\\/#respond\"]}]},{\"@type\":\"WebPage\",\"@id\":\"https:\\\/\\\/www.casaldelsinfants.org\\\/es\\\/actualidad\\\/teixint-somnis-la-desfilada-de-les-dones-del-hilo-del-casal-de-santa-coloma\\\/\",\"url\":\"https:\\\/\\\/www.casaldelsinfants.org\\\/es\\\/actualidad\\\/teixint-somnis-la-desfilada-de-les-dones-del-hilo-del-casal-de-santa-coloma\\\/\",\"name\":\"Teixint somnis: la desfilada de las mujeres de El Hilo del Casal de Santa Coloma\",\"isPartOf\":{\"@id\":\"https:\\\/\\\/www.casaldelsinfants.org\\\/es\\\/#website\"},\"primaryImageOfPage\":{\"@id\":\"https:\\\/\\\/www.casaldelsinfants.org\\\/es\\\/actualidad\\\/teixint-somnis-la-desfilada-de-les-dones-del-hilo-del-casal-de-santa-coloma\\\/#primaryimage\"},\"image\":{\"@id\":\"https:\\\/\\\/www.casaldelsinfants.org\\\/es\\\/actualidad\\\/teixint-somnis-la-desfilada-de-les-dones-del-hilo-del-casal-de-santa-coloma\\\/#primaryimage\"},\"thumbnailUrl\":\"https:\\\/\\\/www.casaldelsinfants.org\\\/wp-content\\\/uploads\\\/whatsapp_image_2022-03-30_at_09.35.47.jpeg\",\"datePublished\":\"2022-03-30T08:08:20+00:00\",\"dateModified\":\"2023-11-23T10:04:21+00:00\",\"description\":\"Las mujeres de El Hilo del Casal del Casal dels Infants de Santa Coloma desfilaron en una pasarela los vestidos de sus sue\u00f1os, que ellas mismas dise\u00f1aron y crearon, en \u201cTeixint somnis\u201d, fruto de un a\u00f1o de esfuerzos, aprendizajes en t\u00e9cnicas de patronaje y trabajo personal.\",\"breadcrumb\":{\"@id\":\"https:\\\/\\\/www.casaldelsinfants.org\\\/es\\\/actualidad\\\/teixint-somnis-la-desfilada-de-les-dones-del-hilo-del-casal-de-santa-coloma\\\/#breadcrumb\"},\"inLanguage\":\"es\",\"potentialAction\":[{\"@type\":\"ReadAction\",\"target\":[\"https:\\\/\\\/www.casaldelsinfants.org\\\/es\\\/actualidad\\\/teixint-somnis-la-desfilada-de-les-dones-del-hilo-del-casal-de-santa-coloma\\\/\"]}]},{\"@type\":\"ImageObject\",\"inLanguage\":\"es\",\"@id\":\"https:\\\/\\\/www.casaldelsinfants.org\\\/es\\\/actualidad\\\/teixint-somnis-la-desfilada-de-les-dones-del-hilo-del-casal-de-santa-coloma\\\/#primaryimage\",\"url\":\"https:\\\/\\\/www.casaldelsinfants.org\\\/wp-content\\\/uploads\\\/whatsapp_image_2022-03-30_at_09.35.47.jpeg\",\"contentUrl\":\"https:\\\/\\\/www.casaldelsinfants.org\\\/wp-content\\\/uploads\\\/whatsapp_image_2022-03-30_at_09.35.47.jpeg\",\"width\":1600,\"height\":1066,\"caption\":\"La desfilada de les dones d\u2019El Hilo del Casal de Santa Coloma\"},{\"@type\":\"BreadcrumbList\",\"@id\":\"https:\\\/\\\/www.casaldelsinfants.org\\\/es\\\/actualidad\\\/teixint-somnis-la-desfilada-de-les-dones-del-hilo-del-casal-de-santa-coloma\\\/#breadcrumb\",\"itemListElement\":[{\"@type\":\"ListItem\",\"position\":1,\"name\":\"Inici\",\"item\":\"https:\\\/\\\/www.casaldelsinfants.org\\\/es\\\/\"},{\"@type\":\"ListItem\",\"position\":2,\"name\":\"Teixint somnis: la desfilada de las mujeres de El Hilo del Casal de Santa Coloma\"}]},{\"@type\":\"WebSite\",\"@id\":\"https:\\\/\\\/www.casaldelsinfants.org\\\/es\\\/#website\",\"url\":\"https:\\\/\\\/www.casaldelsinfants.org\\\/es\\\/\",\"name\":\"Casal dels Infants\",\"description\":\"\",\"publisher\":{\"@id\":\"https:\\\/\\\/www.casaldelsinfants.org\\\/es\\\/#organization\"},\"potentialAction\":[{\"@type\":\"SearchAction\",\"target\":{\"@type\":\"EntryPoint\",\"urlTemplate\":\"https:\\\/\\\/www.casaldelsinfants.org\\\/es\\\/?s={search_term_string}\"},\"query-input\":{\"@type\":\"PropertyValueSpecification\",\"valueRequired\":true,\"valueName\":\"search_term_string\"}}],\"inLanguage\":\"es\"},{\"@type\":\"Organization\",\"@id\":\"https:\\\/\\\/www.casaldelsinfants.org\\\/es\\\/#organization\",\"name\":\"Casal dels Infants\",\"url\":\"https:\\\/\\\/www.casaldelsinfants.org\\\/es\\\/\",\"logo\":{\"@type\":\"ImageObject\",\"inLanguage\":\"es\",\"@id\":\"https:\\\/\\\/www.casaldelsinfants.org\\\/es\\\/#\\\/schema\\\/logo\\\/image\\\/\",\"url\":\"https:\\\/\\\/www.casaldelsinfants.org\\\/wp-content\\\/uploads\\\/logo-mail.png\",\"contentUrl\":\"https:\\\/\\\/www.casaldelsinfants.org\\\/wp-content\\\/uploads\\\/logo-mail.png\",\"width\":380,\"height\":158,\"caption\":\"Casal dels Infants\"},\"image\":{\"@id\":\"https:\\\/\\\/www.casaldelsinfants.org\\\/es\\\/#\\\/schema\\\/logo\\\/image\\\/\"},\"sameAs\":[\"https:\\\/\\\/www.facebook.com\\\/casalinfants\",\"https:\\\/\\\/x.com\\\/casalinfants\",\"https:\\\/\\\/www.youtube.com\\\/user\\\/CasaldelsInfants1\",\"https:\\\/\\\/www.instagram.com\\\/casalinfants\\\/\",\"https:\\\/\\\/www.linkedin.com\\\/company\\\/casaldelsinfants?trk=organization-update_share-update_actor-text\"]},{\"@type\":\"Person\",\"@id\":\"https:\\\/\\\/www.casaldelsinfants.org\\\/es\\\/#\\\/schema\\\/person\\\/97707fc8c64900cf36891127dbf9fba8\",\"name\":\"cdiAdmin\",\"sameAs\":[\"https:\\\/\\\/casaldelsinfants.org\"]}]}<\/script>\n<!-- \/ Yoast SEO plugin. -->","yoast_head_json":{"title":"Teixint somnis: la desfilada de las mujeres de El Hilo del Casal de Santa Coloma","description":"Las mujeres de El Hilo del Casal del Casal dels Infants de Santa Coloma desfilaron en una pasarela los vestidos de sus sue\u00f1os, que ellas mismas dise\u00f1aron y crearon, en \u201cTeixint somnis\u201d, fruto de un a\u00f1o de esfuerzos, aprendizajes en t\u00e9cnicas de patronaje y trabajo personal.","robots":{"index":"index","follow":"follow","max-snippet":"max-snippet:-1","max-image-preview":"max-image-preview:large","max-video-preview":"max-video-preview:-1"},"canonical":"https:\/\/www.casaldelsinfants.org\/es\/actualidad\/teixint-somnis-la-desfilada-de-les-dones-del-hilo-del-casal-de-santa-coloma\/","og_locale":"es_ES","og_type":"article","og_title":"Teixint somnis: la desfilada de las mujeres de El Hilo del Casal de Santa Coloma","og_description":"Las mujeres de El Hilo del Casal del Casal dels Infants de Santa Coloma desfilaron en una pasarela los vestidos de sus sue\u00f1os, que ellas mismas dise\u00f1aron y crearon, en \u201cTeixint somnis\u201d, fruto de un a\u00f1o de esfuerzos, aprendizajes en t\u00e9cnicas de patronaje y trabajo personal.","og_url":"https:\/\/www.casaldelsinfants.org\/es\/actualidad\/teixint-somnis-la-desfilada-de-les-dones-del-hilo-del-casal-de-santa-coloma\/","og_site_name":"Casal dels Infants","article_publisher":"https:\/\/www.facebook.com\/casalinfants","article_published_time":"2022-03-30T08:08:20+00:00","article_modified_time":"2023-11-23T10:04:21+00:00","og_image":[{"width":1600,"height":1066,"url":"https:\/\/www.casaldelsinfants.org\/wp-content\/uploads\/whatsapp_image_2022-03-30_at_09.35.47.jpeg","type":"image\/jpeg"}],"author":"cdiAdmin","twitter_card":"summary_large_image","twitter_creator":"@casalinfants","twitter_site":"@casalinfants","twitter_misc":{"Escrito por":"cdiAdmin","Tiempo de lectura":"4 minutos"},"schema":{"@context":"https:\/\/schema.org","@graph":[{"@type":"Article","@id":"https:\/\/www.casaldelsinfants.org\/es\/actualidad\/teixint-somnis-la-desfilada-de-les-dones-del-hilo-del-casal-de-santa-coloma\/#article","isPartOf":{"@id":"https:\/\/www.casaldelsinfants.org\/es\/actualidad\/teixint-somnis-la-desfilada-de-les-dones-del-hilo-del-casal-de-santa-coloma\/"},"author":{"name":"cdiAdmin","@id":"https:\/\/www.casaldelsinfants.org\/es\/#\/schema\/person\/97707fc8c64900cf36891127dbf9fba8"},"headline":"Teixint somnis: la desfilada de las mujeres de El Hilo del Casal de Santa Coloma","datePublished":"2022-03-30T08:08:20+00:00","dateModified":"2023-11-23T10:04:21+00:00","mainEntityOfPage":{"@id":"https:\/\/www.casaldelsinfants.org\/es\/actualidad\/teixint-somnis-la-desfilada-de-les-dones-del-hilo-del-casal-de-santa-coloma\/"},"wordCount":711,"commentCount":0,"publisher":{"@id":"https:\/\/www.casaldelsinfants.org\/es\/#organization"},"image":{"@id":"https:\/\/www.casaldelsinfants.org\/es\/actualidad\/teixint-somnis-la-desfilada-de-les-dones-del-hilo-del-casal-de-santa-coloma\/#primaryimage"},"thumbnailUrl":"https:\/\/www.casaldelsinfants.org\/wp-content\/uploads\/whatsapp_image_2022-03-30_at_09.35.47.jpeg","articleSection":["Noticia"],"inLanguage":"es","potentialAction":[{"@type":"CommentAction","name":"Comment","target":["https:\/\/www.casaldelsinfants.org\/es\/actualidad\/teixint-somnis-la-desfilada-de-les-dones-del-hilo-del-casal-de-santa-coloma\/#respond"]}]},{"@type":"WebPage","@id":"https:\/\/www.casaldelsinfants.org\/es\/actualidad\/teixint-somnis-la-desfilada-de-les-dones-del-hilo-del-casal-de-santa-coloma\/","url":"https:\/\/www.casaldelsinfants.org\/es\/actualidad\/teixint-somnis-la-desfilada-de-les-dones-del-hilo-del-casal-de-santa-coloma\/","name":"Teixint somnis: la desfilada de las mujeres de El Hilo del Casal de Santa Coloma","isPartOf":{"@id":"https:\/\/www.casaldelsinfants.org\/es\/#website"},"primaryImageOfPage":{"@id":"https:\/\/www.casaldelsinfants.org\/es\/actualidad\/teixint-somnis-la-desfilada-de-les-dones-del-hilo-del-casal-de-santa-coloma\/#primaryimage"},"image":{"@id":"https:\/\/www.casaldelsinfants.org\/es\/actualidad\/teixint-somnis-la-desfilada-de-les-dones-del-hilo-del-casal-de-santa-coloma\/#primaryimage"},"thumbnailUrl":"https:\/\/www.casaldelsinfants.org\/wp-content\/uploads\/whatsapp_image_2022-03-30_at_09.35.47.jpeg","datePublished":"2022-03-30T08:08:20+00:00","dateModified":"2023-11-23T10:04:21+00:00","description":"Las mujeres de El Hilo del Casal del Casal dels Infants de Santa Coloma desfilaron en una pasarela los vestidos de sus sue\u00f1os, que ellas mismas dise\u00f1aron y crearon, en \u201cTeixint somnis\u201d, fruto de un a\u00f1o de esfuerzos, aprendizajes en t\u00e9cnicas de patronaje y trabajo personal.","breadcrumb":{"@id":"https:\/\/www.casaldelsinfants.org\/es\/actualidad\/teixint-somnis-la-desfilada-de-les-dones-del-hilo-del-casal-de-santa-coloma\/#breadcrumb"},"inLanguage":"es","potentialAction":[{"@type":"ReadAction","target":["https:\/\/www.casaldelsinfants.org\/es\/actualidad\/teixint-somnis-la-desfilada-de-les-dones-del-hilo-del-casal-de-santa-coloma\/"]}]},{"@type":"ImageObject","inLanguage":"es","@id":"https:\/\/www.casaldelsinfants.org\/es\/actualidad\/teixint-somnis-la-desfilada-de-les-dones-del-hilo-del-casal-de-santa-coloma\/#primaryimage","url":"https:\/\/www.casaldelsinfants.org\/wp-content\/uploads\/whatsapp_image_2022-03-30_at_09.35.47.jpeg","contentUrl":"https:\/\/www.casaldelsinfants.org\/wp-content\/uploads\/whatsapp_image_2022-03-30_at_09.35.47.jpeg","width":1600,"height":1066,"caption":"La desfilada de les dones d\u2019El Hilo del Casal de Santa Coloma"},{"@type":"BreadcrumbList","@id":"https:\/\/www.casaldelsinfants.org\/es\/actualidad\/teixint-somnis-la-desfilada-de-les-dones-del-hilo-del-casal-de-santa-coloma\/#breadcrumb","itemListElement":[{"@type":"ListItem","position":1,"name":"Inici","item":"https:\/\/www.casaldelsinfants.org\/es\/"},{"@type":"ListItem","position":2,"name":"Teixint somnis: la desfilada de las mujeres de El Hilo del Casal de Santa Coloma"}]},{"@type":"WebSite","@id":"https:\/\/www.casaldelsinfants.org\/es\/#website","url":"https:\/\/www.casaldelsinfants.org\/es\/","name":"Casal dels Infants","description":"","publisher":{"@id":"https:\/\/www.casaldelsinfants.org\/es\/#organization"},"potentialAction":[{"@type":"SearchAction","target":{"@type":"EntryPoint","urlTemplate":"https:\/\/www.casaldelsinfants.org\/es\/?s={search_term_string}"},"query-input":{"@type":"PropertyValueSpecification","valueRequired":true,"valueName":"search_term_string"}}],"inLanguage":"es"},{"@type":"Organization","@id":"https:\/\/www.casaldelsinfants.org\/es\/#organization","name":"Casal dels Infants","url":"https:\/\/www.casaldelsinfants.org\/es\/","logo":{"@type":"ImageObject","inLanguage":"es","@id":"https:\/\/www.casaldelsinfants.org\/es\/#\/schema\/logo\/image\/","url":"https:\/\/www.casaldelsinfants.org\/wp-content\/uploads\/logo-mail.png","contentUrl":"https:\/\/www.casaldelsinfants.org\/wp-content\/uploads\/logo-mail.png","width":380,"height":158,"caption":"Casal dels Infants"},"image":{"@id":"https:\/\/www.casaldelsinfants.org\/es\/#\/schema\/logo\/image\/"},"sameAs":["https:\/\/www.facebook.com\/casalinfants","https:\/\/x.com\/casalinfants","https:\/\/www.youtube.com\/user\/CasaldelsInfants1","https:\/\/www.instagram.com\/casalinfants\/","https:\/\/www.linkedin.com\/company\/casaldelsinfants?trk=organization-update_share-update_actor-text"]},{"@type":"Person","@id":"https:\/\/www.casaldelsinfants.org\/es\/#\/schema\/person\/97707fc8c64900cf36891127dbf9fba8","name":"cdiAdmin","sameAs":["https:\/\/casaldelsinfants.org"]}]}},"publishpress_future_action":{"enabled":false,"date":"2026-05-08 14:38:29","action":"change-status","newStatus":"draft","terms":[],"taxonomy":"category","extraData":[]},"publishpress_future_workflow_manual_trigger":{"enabledWorkflows":[]},"_links":{"self":[{"href":"https:\/\/www.casaldelsinfants.org\/es\/wp-json\/wp\/v2\/posts\/4232","targetHints":{"allow":["GET"]}}],"collection":[{"href":"https:\/\/www.casaldelsinfants.org\/es\/wp-json\/wp\/v2\/posts"}],"about":[{"href":"https:\/\/www.casaldelsinfants.org\/es\/wp-json\/wp\/v2\/types\/post"}],"author":[{"embeddable":true,"href":"https:\/\/www.casaldelsinfants.org\/es\/wp-json\/wp\/v2\/users\/1"}],"replies":[{"embeddable":true,"href":"https:\/\/www.casaldelsinfants.org\/es\/wp-json\/wp\/v2\/comments?post=4232"}],"version-history":[{"count":4,"href":"https:\/\/www.casaldelsinfants.org\/es\/wp-json\/wp\/v2\/posts\/4232\/revisions"}],"predecessor-version":[{"id":16056,"href":"https:\/\/www.casaldelsinfants.org\/es\/wp-json\/wp\/v2\/posts\/4232\/revisions\/16056"}],"wp:featuredmedia":[{"embeddable":true,"href":"https:\/\/www.casaldelsinfants.org\/es\/wp-json\/wp\/v2\/media\/2959"}],"wp:attachment":[{"href":"https:\/\/www.casaldelsinfants.org\/es\/wp-json\/wp\/v2\/media?parent=4232"}],"wp:term":[{"taxonomy":"category","embeddable":true,"href":"https:\/\/www.casaldelsinfants.org\/es\/wp-json\/wp\/v2\/categories?post=4232"},{"taxonomy":"post_tag","embeddable":true,"href":"https:\/\/www.casaldelsinfants.org\/es\/wp-json\/wp\/v2\/tags?post=4232"},{"taxonomy":"seus","embeddable":true,"href":"https:\/\/www.casaldelsinfants.org\/es\/wp-json\/wp\/v2\/seus?post=4232"},{"taxonomy":"eixos","embeddable":true,"href":"https:\/\/www.casaldelsinfants.org\/es\/wp-json\/wp\/v2\/eixos?post=4232"}],"curies":[{"name":"wp","href":"https:\/\/api.w.org\/{rel}","templated":true}]}}