{"id":4233,"date":"2022-03-22T11:44:39","date_gmt":"2022-03-22T09:44:39","guid":{"rendered":"https:\/\/casal.puntzero.cat\/noticies\/quan-ajudar-els-altres-suposa-motivar-se-fer-nous-vincles-i-ser-reconeguts\/"},"modified":"2023-05-01T17:41:37","modified_gmt":"2023-05-01T15:41:37","slug":"quan-ajudar-els-altres-suposa-motivar-se-fer-nous-vincles-i-ser-reconeguts","status":"publish","type":"post","link":"https:\/\/www.casaldelsinfants.org\/es\/actualidad\/ayudar-supone-motivar-hacer-nuevos-vinculos\/","title":{"rendered":"Quan ajudar els altres suposa motivar-se, fer nous vincles i ser reconeguts"},"content":{"rendered":"<p>\u00a0<\/p>\n<p><meta charset=\"utf-8\" \/><\/p>\n<p dir=\"ltr\"><span style=\"color:#000000;\">La UEC \u00e9s un servei socioeducatiu que tirem endavant al barri del Raval per acompanyar nois i noies amb dificultats per adaptar-se a l\u2019entorn escolar i poca motivaci\u00f3 envers els estudis. En coordinaci\u00f3 amb els instituts, reforcem les seves compet\u00e8ncies i la seva predisposici\u00f3 a continuar el seu itinerari formatiu. Ho fem amb activitats complement\u00e0ries a les del curr\u00edculum acad\u00e8mic, com \u00e9s el cas d\u2019aquesta iniciativa de la Taula de Salut Comunit\u00e0ria, que dinamitza la fundaci\u00f3 Tot Raval i on participem una quarantena d\u2019entitats i recursos del barri.\u201cAquestes activitats m\u2019aporten sentir-me millor amb mi mateix, ajudant la gent que necesita el suport dels altres. Les persones grans a vegades se senten soles. A mi m\u2019agrada estar amb elles\u201d, comenta en Youssef Bellounes, un dels participants de la UEC.<\/span><\/p>\n<p class=\"destacat-noticia\" dir=\"ltr\"><span style=\"color:#000000;\">Youssef Bellounes, participant de la UEC: \u00abLes persones grans a vegades se senten soles. A mi m\u2019agrada estar amb elles\u201d<\/span><\/p>\n<p dir=\"ltr\"><span style=\"color:#000000;\">La setmana passada, doncs, en Youssef i els seus companys de la UEC van treballar bra\u00e7 a bra\u00e7 amb persones grans i professionals de l\u2019educaci\u00f3 prim\u00e0ria per deixar les jardineres a punt. Van vernissar-ne l\u2019estructura i hi van col\u00b7locar una malla que refor\u00e7a la base i la tela que facilita un drenatge adequat. En acabat, hi van afegir el substrat, a base de fibra de coco, humus de cuc i terra. Tot va quedar a punt per als cultius de l\u2019estiu, que es comencen a plantar en aquesta \u00e8poca de l\u2019any. L&#8217;hort comunitari s&#8217;ubicar\u00e0 al pati del Centre C\u00edvic Folch i Torres, a l&#8217;interior d&#8217;illa entre els carrers Reina Am\u00e0lia, Lleieltat i Carretes.<\/span><\/p>\n<p dir=\"ltr\"><strong>Altres experi\u00e8ncies<\/strong><\/p>\n<p dir=\"ltr\"><span style=\"color:#000000;\">Aquesta no \u00e9s la primera iniciativa de la Comissi\u00f3 de Salut Comunit\u00e0ria en la qual s\u2019involucren els joves de la UEC. De fet, tamb\u00e9 s\u2019han encarregat de reparar jardineres que faran servir persones amb discapacitat intel\u00b7lectual que participen en la Fundaci\u00f3 Sant Jordi (tamb\u00e9 part de la Comissi\u00f3).<\/span><\/p>\n<p dir=\"ltr\"><span style=\"color:#000000;\">D\u2019altra banda, el curs passat alumnes de la UEC van construir una rampa-calaix per a gatejar\u00a0de fusta i un m\u00f2dul sensorial perqu\u00e8 en fessin \u00fas els infants menors de tres anys del nostre servei maternoinfantil Vincles. Aquesta experi\u00e8ncia va ser una activitat d\u2019aprenentatge i servei dels joves que van realitzar el taller de tecnologia i iniciaci\u00f3 a la fusteria. Fruit del seu esfor\u00e7 i aprenentatge, els m\u00e9s petits i petites del Casal gaudeixen ara d\u2019aquestes estructures, que estimulen el desenvolupament psicomotriu i l\u2019experimentaci\u00f3 sensorial.<\/span><\/p>\n<figure role=\"group\" class=\"align-center\">\n<img decoding=\"async\" alt=\"Infants de Vincles amb la rampa-calaix creada per joves de la UEC\" data-entity-type=\"file\" data-entity-uuid=\"d145635e-8360-4479-9399-5a1799aed6f6\" data-image-style=\"large\" height=\"360\" src=\"\/wp-content\/uploads\/inline-images\/Fitxer_000%20%282%29.jpeg\" typeof=\"foaf:Image\" width=\"480\" \/><figcaption>Infants de Vincles amb la rampa-calaix creada per joves de la UEC<\/figcaption><\/figure>\n<p dir=\"ltr\">\u00a0<\/p>\n<p dir=\"ltr\"><strong>Espais de relaci\u00f3 i socialitzaci\u00f3<\/strong><\/p>\n<p dir=\"ltr\"><span style=\"color:#000000;\">Una altra de les apostes de la UEC \u00e9s promoure espais de relaci\u00f3 i socialitzaci\u00f3 dels joves amb altres col\u00b7lectius en risc d\u2019exclusi\u00f3 social. Es tracta d\u2019experi\u00e8ncies en qu\u00e8 els joves empatitzen amb altres persones, se senten \u00fatils fent-los costat i veuen com aquesta implicaci\u00f3 \u00e9s valorada per la comunitat.<\/span><\/p>\n<p dir=\"ltr\"><span style=\"color:#000000;\">En les properes setmanes, per exemple, comen\u00e7aran a fer jocs de taula un dia a la setmana amb persones que viuen en els habitatges municipals per a gent gran del carrer Reina Am\u00e0lia, al costat del local de la UEC. \u201cJugarem a escacs amb ells i compartirem moments. Ells es posen al nivell d\u2019una criatura, i aix\u00f2 \u00e9s bo per a ells\u201d, valora en Youssef.<\/span><\/p>\n","protected":false},"excerpt":{"rendered":"<div class=\"video-embed-field-responsive-video form-group\"><iframe loading=\"lazy\" width=\"854\" height=\"480\" frameborder=\"0\" allowfullscreen=\"allowfullscreen\" src=\"https:\/\/www.youtube.com\/embed\/3m-KdT3uXjw?autoplay=0&amp;start=0&amp;rel=0\"><\/iframe>\n<\/div>\n<p class=\"text-align-center\">\u00a0<\/p>\n<p class=\"text-align-center\"><meta charset=\"utf-8\" \/>Adolescents participants de la nostra Unitat\u00a0d\u2019Escolaritzaci\u00f3 Compartida (UEC) al Raval van treballar la setmana passada en la reparaci\u00f3 de jardineres que faran servir persones grans del barri en un hort comunitari. Es tracta d\u2019una iniciativa de la Comissi\u00f3 de Salut Comunit\u00e0ria per promoure h\u00e0bits saludables a trav\u00e9s de l\u2019horticultura, aix\u00ed com la inclusi\u00f3 social de tots dos col\u00b7lectius, tant adolescents com gent gran, a trav\u00e9s d\u2019espais de socialitzaci\u00f3 i suport mutu.<\/p>\n","protected":false},"author":1,"featured_media":0,"comment_status":"open","ping_status":"open","sticky":false,"template":"","format":"standard","meta":{"_acf_changed":false,"_et_pb_use_builder":"","_et_pb_old_content":"","_et_gb_content_width":"","inline_featured_image":false,"footnotes":""},"categories":[105],"tags":[],"seus":[16],"eixos":[102,23],"class_list":["post-4233","post","type-post","status-publish","format-standard","hentry","category-reportaje","seus-el-raval","eixos-jovenes","eixos-joves"],"acf":[],"yoast_head":"<!-- This site is optimized with the Yoast SEO plugin v27.4 - https:\/\/yoast.com\/product\/yoast-seo-wordpress\/ -->\n<title>Quan ajudar els altres suposa motivar-se, fer nous vincles i ser reconeguts - Casal dels Infants<\/title>\n<meta name=\"robots\" content=\"index, follow, max-snippet:-1, max-image-preview:large, max-video-preview:-1\" \/>\n<link rel=\"canonical\" href=\"https:\/\/www.casaldelsinfants.org\/es\/actualidad\/ayudar-supone-motivar-hacer-nuevos-vinculos\/\" \/>\n<meta property=\"og:locale\" content=\"es_ES\" \/>\n<meta property=\"og:type\" content=\"article\" \/>\n<meta property=\"og:title\" content=\"Quan ajudar els altres suposa motivar-se, fer nous vincles i ser reconeguts - Casal dels Infants\" \/>\n<meta property=\"og:description\" content=\"\u00a0 Adolescents participants de la nostra Unitat\u00a0d\u2019Escolaritzaci\u00f3 Compartida (UEC) al Raval van treballar la setmana passada en la reparaci\u00f3 de jardineres que faran servir persones grans del barri en un hort comunitari. Es tracta d\u2019una iniciativa de la Comissi\u00f3 de Salut Comunit\u00e0ria per promoure h\u00e0bits saludables a trav\u00e9s de l\u2019horticultura, aix\u00ed com la inclusi\u00f3 social de tots dos col\u00b7lectius, tant adolescents com gent gran, a trav\u00e9s d\u2019espais de socialitzaci\u00f3 i suport mutu.\" \/>\n<meta property=\"og:url\" content=\"https:\/\/www.casaldelsinfants.org\/es\/actualidad\/ayudar-supone-motivar-hacer-nuevos-vinculos\/\" \/>\n<meta property=\"og:site_name\" content=\"Casal dels Infants\" \/>\n<meta property=\"article:publisher\" content=\"https:\/\/www.facebook.com\/casalinfants\" \/>\n<meta property=\"article:published_time\" content=\"2022-03-22T09:44:39+00:00\" \/>\n<meta property=\"article:modified_time\" content=\"2023-05-01T15:41:37+00:00\" \/>\n<meta name=\"author\" content=\"cdiAdmin\" \/>\n<meta name=\"twitter:card\" content=\"summary_large_image\" \/>\n<meta name=\"twitter:creator\" content=\"@casalinfants\" \/>\n<meta name=\"twitter:site\" content=\"@casalinfants\" \/>\n<meta name=\"twitter:label1\" content=\"Escrito por\" \/>\n\t<meta name=\"twitter:data1\" content=\"cdiAdmin\" \/>\n\t<meta name=\"twitter:label2\" content=\"Tiempo de lectura\" \/>\n\t<meta name=\"twitter:data2\" content=\"3 minutos\" \/>\n<script type=\"application\/ld+json\" class=\"yoast-schema-graph\">{\"@context\":\"https:\\\/\\\/schema.org\",\"@graph\":[{\"@type\":\"Article\",\"@id\":\"https:\\\/\\\/www.casaldelsinfants.org\\\/es\\\/actualidad\\\/ayudar-supone-motivar-hacer-nuevos-vinculos\\\/#article\",\"isPartOf\":{\"@id\":\"https:\\\/\\\/www.casaldelsinfants.org\\\/es\\\/actualidad\\\/ayudar-supone-motivar-hacer-nuevos-vinculos\\\/\"},\"author\":{\"name\":\"cdiAdmin\",\"@id\":\"https:\\\/\\\/www.casaldelsinfants.org\\\/es\\\/#\\\/schema\\\/person\\\/97707fc8c64900cf36891127dbf9fba8\"},\"headline\":\"Quan ajudar els altres suposa motivar-se, fer nous vincles i ser reconeguts\",\"datePublished\":\"2022-03-22T09:44:39+00:00\",\"dateModified\":\"2023-05-01T15:41:37+00:00\",\"mainEntityOfPage\":{\"@id\":\"https:\\\/\\\/www.casaldelsinfants.org\\\/es\\\/actualidad\\\/ayudar-supone-motivar-hacer-nuevos-vinculos\\\/\"},\"wordCount\":584,\"commentCount\":0,\"publisher\":{\"@id\":\"https:\\\/\\\/www.casaldelsinfants.org\\\/es\\\/#organization\"},\"articleSection\":[\"Reportaje\"],\"inLanguage\":\"es\",\"potentialAction\":[{\"@type\":\"CommentAction\",\"name\":\"Comment\",\"target\":[\"https:\\\/\\\/www.casaldelsinfants.org\\\/es\\\/actualidad\\\/ayudar-supone-motivar-hacer-nuevos-vinculos\\\/#respond\"]}]},{\"@type\":\"WebPage\",\"@id\":\"https:\\\/\\\/www.casaldelsinfants.org\\\/es\\\/actualidad\\\/ayudar-supone-motivar-hacer-nuevos-vinculos\\\/\",\"url\":\"https:\\\/\\\/www.casaldelsinfants.org\\\/es\\\/actualidad\\\/ayudar-supone-motivar-hacer-nuevos-vinculos\\\/\",\"name\":\"Quan ajudar els altres suposa motivar-se, fer nous vincles i ser reconeguts - Casal dels Infants\",\"isPartOf\":{\"@id\":\"https:\\\/\\\/www.casaldelsinfants.org\\\/es\\\/#website\"},\"datePublished\":\"2022-03-22T09:44:39+00:00\",\"dateModified\":\"2023-05-01T15:41:37+00:00\",\"breadcrumb\":{\"@id\":\"https:\\\/\\\/www.casaldelsinfants.org\\\/es\\\/actualidad\\\/ayudar-supone-motivar-hacer-nuevos-vinculos\\\/#breadcrumb\"},\"inLanguage\":\"es\",\"potentialAction\":[{\"@type\":\"ReadAction\",\"target\":[\"https:\\\/\\\/www.casaldelsinfants.org\\\/es\\\/actualidad\\\/ayudar-supone-motivar-hacer-nuevos-vinculos\\\/\"]}]},{\"@type\":\"BreadcrumbList\",\"@id\":\"https:\\\/\\\/www.casaldelsinfants.org\\\/es\\\/actualidad\\\/ayudar-supone-motivar-hacer-nuevos-vinculos\\\/#breadcrumb\",\"itemListElement\":[{\"@type\":\"ListItem\",\"position\":1,\"name\":\"Inici\",\"item\":\"https:\\\/\\\/www.casaldelsinfants.org\\\/es\\\/\"},{\"@type\":\"ListItem\",\"position\":2,\"name\":\"Quan ajudar els altres suposa motivar-se, fer nous vincles i ser reconeguts\"}]},{\"@type\":\"WebSite\",\"@id\":\"https:\\\/\\\/www.casaldelsinfants.org\\\/es\\\/#website\",\"url\":\"https:\\\/\\\/www.casaldelsinfants.org\\\/es\\\/\",\"name\":\"Casal dels Infants\",\"description\":\"\",\"publisher\":{\"@id\":\"https:\\\/\\\/www.casaldelsinfants.org\\\/es\\\/#organization\"},\"potentialAction\":[{\"@type\":\"SearchAction\",\"target\":{\"@type\":\"EntryPoint\",\"urlTemplate\":\"https:\\\/\\\/www.casaldelsinfants.org\\\/es\\\/?s={search_term_string}\"},\"query-input\":{\"@type\":\"PropertyValueSpecification\",\"valueRequired\":true,\"valueName\":\"search_term_string\"}}],\"inLanguage\":\"es\"},{\"@type\":\"Organization\",\"@id\":\"https:\\\/\\\/www.casaldelsinfants.org\\\/es\\\/#organization\",\"name\":\"Casal dels Infants\",\"url\":\"https:\\\/\\\/www.casaldelsinfants.org\\\/es\\\/\",\"logo\":{\"@type\":\"ImageObject\",\"inLanguage\":\"es\",\"@id\":\"https:\\\/\\\/www.casaldelsinfants.org\\\/es\\\/#\\\/schema\\\/logo\\\/image\\\/\",\"url\":\"https:\\\/\\\/www.casaldelsinfants.org\\\/wp-content\\\/uploads\\\/logo-mail.png\",\"contentUrl\":\"https:\\\/\\\/www.casaldelsinfants.org\\\/wp-content\\\/uploads\\\/logo-mail.png\",\"width\":380,\"height\":158,\"caption\":\"Casal dels Infants\"},\"image\":{\"@id\":\"https:\\\/\\\/www.casaldelsinfants.org\\\/es\\\/#\\\/schema\\\/logo\\\/image\\\/\"},\"sameAs\":[\"https:\\\/\\\/www.facebook.com\\\/casalinfants\",\"https:\\\/\\\/x.com\\\/casalinfants\",\"https:\\\/\\\/www.youtube.com\\\/user\\\/CasaldelsInfants1\",\"https:\\\/\\\/www.instagram.com\\\/casalinfants\\\/\",\"https:\\\/\\\/www.linkedin.com\\\/company\\\/casaldelsinfants?trk=organization-update_share-update_actor-text\"]},{\"@type\":\"Person\",\"@id\":\"https:\\\/\\\/www.casaldelsinfants.org\\\/es\\\/#\\\/schema\\\/person\\\/97707fc8c64900cf36891127dbf9fba8\",\"name\":\"cdiAdmin\",\"sameAs\":[\"https:\\\/\\\/casaldelsinfants.org\"]}]}<\/script>\n<!-- \/ Yoast SEO plugin. -->","yoast_head_json":{"title":"Quan ajudar els altres suposa motivar-se, fer nous vincles i ser reconeguts - Casal dels Infants","robots":{"index":"index","follow":"follow","max-snippet":"max-snippet:-1","max-image-preview":"max-image-preview:large","max-video-preview":"max-video-preview:-1"},"canonical":"https:\/\/www.casaldelsinfants.org\/es\/actualidad\/ayudar-supone-motivar-hacer-nuevos-vinculos\/","og_locale":"es_ES","og_type":"article","og_title":"Quan ajudar els altres suposa motivar-se, fer nous vincles i ser reconeguts - Casal dels Infants","og_description":"\u00a0 Adolescents participants de la nostra Unitat\u00a0d\u2019Escolaritzaci\u00f3 Compartida (UEC) al Raval van treballar la setmana passada en la reparaci\u00f3 de jardineres que faran servir persones grans del barri en un hort comunitari. Es tracta d\u2019una iniciativa de la Comissi\u00f3 de Salut Comunit\u00e0ria per promoure h\u00e0bits saludables a trav\u00e9s de l\u2019horticultura, aix\u00ed com la inclusi\u00f3 social de tots dos col\u00b7lectius, tant adolescents com gent gran, a trav\u00e9s d\u2019espais de socialitzaci\u00f3 i suport mutu.","og_url":"https:\/\/www.casaldelsinfants.org\/es\/actualidad\/ayudar-supone-motivar-hacer-nuevos-vinculos\/","og_site_name":"Casal dels Infants","article_publisher":"https:\/\/www.facebook.com\/casalinfants","article_published_time":"2022-03-22T09:44:39+00:00","article_modified_time":"2023-05-01T15:41:37+00:00","author":"cdiAdmin","twitter_card":"summary_large_image","twitter_creator":"@casalinfants","twitter_site":"@casalinfants","twitter_misc":{"Escrito por":"cdiAdmin","Tiempo de lectura":"3 minutos"},"schema":{"@context":"https:\/\/schema.org","@graph":[{"@type":"Article","@id":"https:\/\/www.casaldelsinfants.org\/es\/actualidad\/ayudar-supone-motivar-hacer-nuevos-vinculos\/#article","isPartOf":{"@id":"https:\/\/www.casaldelsinfants.org\/es\/actualidad\/ayudar-supone-motivar-hacer-nuevos-vinculos\/"},"author":{"name":"cdiAdmin","@id":"https:\/\/www.casaldelsinfants.org\/es\/#\/schema\/person\/97707fc8c64900cf36891127dbf9fba8"},"headline":"Quan ajudar els altres suposa motivar-se, fer nous vincles i ser reconeguts","datePublished":"2022-03-22T09:44:39+00:00","dateModified":"2023-05-01T15:41:37+00:00","mainEntityOfPage":{"@id":"https:\/\/www.casaldelsinfants.org\/es\/actualidad\/ayudar-supone-motivar-hacer-nuevos-vinculos\/"},"wordCount":584,"commentCount":0,"publisher":{"@id":"https:\/\/www.casaldelsinfants.org\/es\/#organization"},"articleSection":["Reportaje"],"inLanguage":"es","potentialAction":[{"@type":"CommentAction","name":"Comment","target":["https:\/\/www.casaldelsinfants.org\/es\/actualidad\/ayudar-supone-motivar-hacer-nuevos-vinculos\/#respond"]}]},{"@type":"WebPage","@id":"https:\/\/www.casaldelsinfants.org\/es\/actualidad\/ayudar-supone-motivar-hacer-nuevos-vinculos\/","url":"https:\/\/www.casaldelsinfants.org\/es\/actualidad\/ayudar-supone-motivar-hacer-nuevos-vinculos\/","name":"Quan ajudar els altres suposa motivar-se, fer nous vincles i ser reconeguts - Casal dels Infants","isPartOf":{"@id":"https:\/\/www.casaldelsinfants.org\/es\/#website"},"datePublished":"2022-03-22T09:44:39+00:00","dateModified":"2023-05-01T15:41:37+00:00","breadcrumb":{"@id":"https:\/\/www.casaldelsinfants.org\/es\/actualidad\/ayudar-supone-motivar-hacer-nuevos-vinculos\/#breadcrumb"},"inLanguage":"es","potentialAction":[{"@type":"ReadAction","target":["https:\/\/www.casaldelsinfants.org\/es\/actualidad\/ayudar-supone-motivar-hacer-nuevos-vinculos\/"]}]},{"@type":"BreadcrumbList","@id":"https:\/\/www.casaldelsinfants.org\/es\/actualidad\/ayudar-supone-motivar-hacer-nuevos-vinculos\/#breadcrumb","itemListElement":[{"@type":"ListItem","position":1,"name":"Inici","item":"https:\/\/www.casaldelsinfants.org\/es\/"},{"@type":"ListItem","position":2,"name":"Quan ajudar els altres suposa motivar-se, fer nous vincles i ser reconeguts"}]},{"@type":"WebSite","@id":"https:\/\/www.casaldelsinfants.org\/es\/#website","url":"https:\/\/www.casaldelsinfants.org\/es\/","name":"Casal dels Infants","description":"","publisher":{"@id":"https:\/\/www.casaldelsinfants.org\/es\/#organization"},"potentialAction":[{"@type":"SearchAction","target":{"@type":"EntryPoint","urlTemplate":"https:\/\/www.casaldelsinfants.org\/es\/?s={search_term_string}"},"query-input":{"@type":"PropertyValueSpecification","valueRequired":true,"valueName":"search_term_string"}}],"inLanguage":"es"},{"@type":"Organization","@id":"https:\/\/www.casaldelsinfants.org\/es\/#organization","name":"Casal dels Infants","url":"https:\/\/www.casaldelsinfants.org\/es\/","logo":{"@type":"ImageObject","inLanguage":"es","@id":"https:\/\/www.casaldelsinfants.org\/es\/#\/schema\/logo\/image\/","url":"https:\/\/www.casaldelsinfants.org\/wp-content\/uploads\/logo-mail.png","contentUrl":"https:\/\/www.casaldelsinfants.org\/wp-content\/uploads\/logo-mail.png","width":380,"height":158,"caption":"Casal dels Infants"},"image":{"@id":"https:\/\/www.casaldelsinfants.org\/es\/#\/schema\/logo\/image\/"},"sameAs":["https:\/\/www.facebook.com\/casalinfants","https:\/\/x.com\/casalinfants","https:\/\/www.youtube.com\/user\/CasaldelsInfants1","https:\/\/www.instagram.com\/casalinfants\/","https:\/\/www.linkedin.com\/company\/casaldelsinfants?trk=organization-update_share-update_actor-text"]},{"@type":"Person","@id":"https:\/\/www.casaldelsinfants.org\/es\/#\/schema\/person\/97707fc8c64900cf36891127dbf9fba8","name":"cdiAdmin","sameAs":["https:\/\/casaldelsinfants.org"]}]}},"publishpress_future_action":{"enabled":false,"date":"2026-05-08 00:07:59","action":"change-status","newStatus":"draft","terms":[],"taxonomy":"category","extraData":[]},"publishpress_future_workflow_manual_trigger":{"enabledWorkflows":[]},"_links":{"self":[{"href":"https:\/\/www.casaldelsinfants.org\/es\/wp-json\/wp\/v2\/posts\/4233","targetHints":{"allow":["GET"]}}],"collection":[{"href":"https:\/\/www.casaldelsinfants.org\/es\/wp-json\/wp\/v2\/posts"}],"about":[{"href":"https:\/\/www.casaldelsinfants.org\/es\/wp-json\/wp\/v2\/types\/post"}],"author":[{"embeddable":true,"href":"https:\/\/www.casaldelsinfants.org\/es\/wp-json\/wp\/v2\/users\/1"}],"replies":[{"embeddable":true,"href":"https:\/\/www.casaldelsinfants.org\/es\/wp-json\/wp\/v2\/comments?post=4233"}],"version-history":[{"count":1,"href":"https:\/\/www.casaldelsinfants.org\/es\/wp-json\/wp\/v2\/posts\/4233\/revisions"}],"predecessor-version":[{"id":9921,"href":"https:\/\/www.casaldelsinfants.org\/es\/wp-json\/wp\/v2\/posts\/4233\/revisions\/9921"}],"wp:attachment":[{"href":"https:\/\/www.casaldelsinfants.org\/es\/wp-json\/wp\/v2\/media?parent=4233"}],"wp:term":[{"taxonomy":"category","embeddable":true,"href":"https:\/\/www.casaldelsinfants.org\/es\/wp-json\/wp\/v2\/categories?post=4233"},{"taxonomy":"post_tag","embeddable":true,"href":"https:\/\/www.casaldelsinfants.org\/es\/wp-json\/wp\/v2\/tags?post=4233"},{"taxonomy":"seus","embeddable":true,"href":"https:\/\/www.casaldelsinfants.org\/es\/wp-json\/wp\/v2\/seus?post=4233"},{"taxonomy":"eixos","embeddable":true,"href":"https:\/\/www.casaldelsinfants.org\/es\/wp-json\/wp\/v2\/eixos?post=4233"}],"curies":[{"name":"wp","href":"https:\/\/api.w.org\/{rel}","templated":true}]}}