{"id":4235,"date":"2022-03-15T15:02:41","date_gmt":"2022-03-15T13:02:41","guid":{"rendered":"https:\/\/casal.puntzero.cat\/noticies\/fotografies-explicar-el-present-i-el-passat-de-barcelona-i-de-les-seves-ciutadanes\/"},"modified":"2023-05-01T17:41:44","modified_gmt":"2023-05-01T15:41:44","slug":"fotografies-explicar-el-present-i-el-passat-de-barcelona-i-de-les-seves-ciutadanes","status":"publish","type":"post","link":"https:\/\/www.casaldelsinfants.org\/es\/actualidad\/fotografias-explicar-presente-passado-barcelona-ciudadanas\/","title":{"rendered":"Fotograf\u00edas para explicar el presente y el pasado de Barcelona y sus ciudadanas"},"content":{"rendered":"<p><meta charset=\"utf-8\" \/><\/p>\n<div class=\"video-embed-field-responsive-video form-group\"><iframe loading=\"lazy\" width=\"854\" height=\"480\" frameborder=\"0\" allowfullscreen=\"allowfullscreen\" src=\"https:\/\/www.youtube.com\/embed\/UranVcE3KMs?autoplay=0&amp;start=0&amp;rel=0\"><\/iframe>\n<\/div>\n<p dir=\"ltr\"><meta charset=\"utf-8\" \/><\/p>\n<p dir=\"ltr\">\u00a0<\/p>\n<p dir=\"ltr\"><span style=\"color:#000000;\">Las participantes del Casal Familiar y Vincles del Casal dels Infants en el barrio del Raval han empezado el taller <strong><em>AMB veu de dona<\/em><\/strong>, en colaboraci\u00f3n con el <\/span><u><a href=\"https:\/\/ajuntament.barcelona.cat\/arxiumunicipal\/ca\" target=\"_blank\" rel=\"noopener\">Arxiu Municipal de Barcelona<\/a><\/u><span style=\"color:#000000;\">. Se trata de una propuesta que busca introducir a estas mujeres a la memoria fotogr\u00e1fica de la ciudad, ense\u00f1arles un pasado reciente de Barcelona y sus din\u00e1micas sociales y, a trav\u00e9s de las im\u00e1genes, animarlas a compartir sus experiencias y vivencias.\u00a0<\/span><\/p>\n<p dir=\"ltr\"><span style=\"color:#000000;\"><em>AMB veu de dona<\/em> surge, tambi\u00e9n, de la intenci\u00f3n del Arxiu Municipal de Barcelona de actualizar el fondo e incluir el testimonio de personas migradas, que forman parte de la historia y actualidad de la ciudad. \u201cEl proyecto busca el intercambio cultural para enriquecer\u00a0la memoria de la ciudad y poner en com\u00fan vivencias de aqu\u00ed y del pa\u00eds de origen\u201d, explica Montserrat Casas, tallerista de <u><a href=\"http:\/\/clicme.es\/es\" target=\"_blank\" rel=\"noopener\">CliCme<\/a><\/u>, espacio dedicado a la experimentaci\u00f3n\u00a0y la educaci\u00f3n fotogr\u00e1fica encargado de impartir el taller.<\/span><\/p>\n<p dir=\"ltr\">\u00a0<\/p>\n<p><img decoding=\"async\" alt=\"Tres dones estan sentades seguint el taller.\" data-entity-type=\"file\" data-entity-uuid=\"75636956-394d-4c61-85a3-1f52472905db\" data-image-style=\"large\" src=\"\/wp-content\/uploads\/inline-images\/_1250346.JPG\" width=\"480\" height=\"360\" typeof=\"foaf:Image\" class=\"align-center\" \/><\/p>\n<p>\u00a0<\/p>\n<p><span style=\"color:#000000;\"><meta charset=\"utf-8\" \/><\/span><\/p>\n<p><meta charset=\"utf-8\" \/><\/p>\n<p dir=\"ltr\"><span style=\"color:#000000;\">El taller se compone de un total de 6 sesiones, donde tratan <strong>la figura de la mujer y su papel activo en la transformaci\u00f3n social<\/strong> de la ciudad en diferentes \u00e1mbitos: la familia, el trabajo, el entretenimiento y la cultura. Mediante las fotograf\u00edas del Arxiu Municipal de Barcelona\u00a0-conservadas en centros como el Arxiu del Districte de Ciutat Vella y el Arxiu Fotogr\u00e0fic de Barcelona-, las mujeres comparten su testimonio y, tambi\u00e9n, sus propias fotos, de su familia y su pa\u00eds de origen.\u00a0<\/span><\/p>\n<p dir=\"ltr\"><span style=\"color:#000000;\">En la sesi\u00f3n de la mujer y el trabajo, del 3 de marzo, revisaron y comentaron fotograf\u00edas de mujeres trabajando en diferentes oficios: artista, fot\u00f3grafa, carnicera, administrativa, cocinera, peluquera. A medida que iba avanzando la sesi\u00f3n, las participantes apuntaban todas aquellas palabras que les eran nuevas, ya que <strong>la actividad fomenta tambi\u00e9n el aprendizaje y el uso de la lengua<\/strong> para dar apoyo en la integraci\u00f3n social de estas mujeres. \u201cCada d\u00eda aprendemos una palabra nueva. Aprendemos escuchando y escribiendo\u201d, explica Eila Rahman, participante del Casal Familiar.\u00a0<\/span><\/p>\n<p dir=\"ltr\">\u00a0<\/p>\n<p><img decoding=\"async\" alt=\"Tres noies riuen mentre una altra fotografia el que una ensenya en el seu m\u00f2bil.\" data-entity-type=\"file\" data-entity-uuid=\"840041ca-0ef9-435d-ad81-c46bbd38bc6e\" data-image-style=\"large\" src=\"\/wp-content\/uploads\/inline-images\/_1250478.JPG\" width=\"480\" height=\"360\" typeof=\"foaf:Image\" class=\"align-center\" \/><\/p>\n<p>\u00a0<\/p>\n<p><meta charset=\"utf-8\" \/><\/p>\n<p dir=\"ltr\"><span style=\"color:#000000;\">Este tambi\u00e9n es un espacio donde <strong>las mujeres pueden hablar y compartir, donde son escuchadas y acompa\u00f1adas<\/strong>. \u201cAntes solo estaba en casa con el m\u00f3vil, ahora venimos aqu\u00ed en el Casal y hablamos\u201d, afirma Hafeza Yeusmin, participante del Casal Familiar. \u201cSon mujeres que tienen curiosidad, opiniones y experiencias, y que quiz\u00e1s no las comparten demasiado con nadie. Tienen mucho a decir y mucho a aportar, y es importante su aportaci\u00f3n en la sociedad porque est\u00e1n aqu\u00ed y son muchas\u201d, insiste Monserrat.<\/span><\/p>\n<p dir=\"ltr\"><span style=\"color:#000000;\">En las dos \u00faltimas sesiones, las mujeres tendr\u00e1n el reto de salir a la calle con c\u00e1maras para capturar lo que ahora es casa suya. Acabar\u00e1n el taller con una visita en uno de los Arxius de la ciudad, donde podr\u00e1n ver las fotograf\u00edas f\u00edsicamente, aprender sobre c\u00f3mo las archivan y la funci\u00f3n que lleva a cabo el Arxiu.<\/span><\/p>\n<p>\u00a0<\/p>\n<blockquote>\n<p dir=\"ltr\"><strong>Haz posible que sigamos acompa\u00f1ando ni\u00f1os, ni\u00f1as, j\u00f3venes y sus familias.<\/strong><\/p>\n<p>Haz\u00a0<strong>voluntariado<\/strong>. Inf\u00f3rmate\u00a0<a href=\"https:\/\/www.casaldelsinfants.org\/es\/que-puedes-hacer-tu\/voluntariado\/\" target=\"_blank\" rel=\"noopener\"><u>aqu\u00ed<\/u><\/a>.<\/p>\n<p>Haz un\u00a0<strong>donativo<\/strong>\u00a0<a href=\"https:\/\/www.casaldelsinfants.org\/es\/que-puedes-hacer-tu\/haz-un-donativo\/\" target=\"_blank\" rel=\"noopener\"><u>aqu\u00ed<\/u><\/a>.<\/p>\n<\/blockquote>\n","protected":false},"excerpt":{"rendered":"<p>\u00a0 Las participantes del Casal Familiar y Vincles del Casal dels Infants en el barrio del Raval han empezado el taller AMB veu de dona, en colaboraci\u00f3n con el Arxiu Municipal de Barcelona. Se trata de una propuesta que busca introducir a estas mujeres a la memoria fotogr\u00e1fica de la ciudad, ense\u00f1arles un pasado reciente [&hellip;]<\/p>\n","protected":false},"author":1,"featured_media":0,"comment_status":"open","ping_status":"open","sticky":false,"template":"","format":"standard","meta":{"_acf_changed":false,"_et_pb_use_builder":"","_et_pb_old_content":"","_et_gb_content_width":"","inline_featured_image":false,"footnotes":""},"categories":[125],"tags":[],"seus":[16,157],"eixos":[110],"class_list":{"0":"post-4235","1":"post","2":"type-post","3":"status-publish","4":"format-standard","5":"hentry","6":"category-noticias","7":"seus-el-raval","9":"eixos-comunidad-casal-dels-infants"},"acf":[],"yoast_head":"<!-- This site is optimized with the Yoast SEO plugin v27.4 - https:\/\/yoast.com\/product\/yoast-seo-wordpress\/ -->\n<title>Taller AMB veu de dona en el Casal dels Infants al Raval<\/title>\n<meta name=\"description\" content=\"Mujeres participantes del Casal dels Infants en el barrio del Raval (Casal Familiar y Vincles) participan en un taller organizado por el Arxiu Municipal de Barcelona que les introduce a la memoria fotogr\u00e1fica de la ciudad, el pasado reciente de Barcelona centrado en la mujer y las anima a compartir sus vivencias.\" \/>\n<meta name=\"robots\" content=\"index, follow, max-snippet:-1, max-image-preview:large, max-video-preview:-1\" \/>\n<link rel=\"canonical\" href=\"https:\/\/www.casaldelsinfants.org\/es\/actualidad\/fotografias-explicar-presente-passado-barcelona-ciudadanas\/\" \/>\n<meta property=\"og:locale\" content=\"es_ES\" \/>\n<meta property=\"og:type\" content=\"article\" \/>\n<meta property=\"og:title\" content=\"Taller AMB veu de dona en el Casal dels Infants al Raval\" \/>\n<meta property=\"og:description\" content=\"Mujeres participantes del Casal dels Infants en el barrio del Raval (Casal Familiar y Vincles) participan en un taller organizado por el Arxiu Municipal de Barcelona que les introduce a la memoria fotogr\u00e1fica de la ciudad, el pasado reciente de Barcelona centrado en la mujer y las anima a compartir sus vivencias.\" \/>\n<meta property=\"og:url\" content=\"https:\/\/www.casaldelsinfants.org\/es\/actualidad\/fotografias-explicar-presente-passado-barcelona-ciudadanas\/\" \/>\n<meta property=\"og:site_name\" content=\"Casal dels Infants\" \/>\n<meta property=\"article:publisher\" content=\"https:\/\/www.facebook.com\/casalinfants\" \/>\n<meta property=\"article:published_time\" content=\"2022-03-15T13:02:41+00:00\" \/>\n<meta property=\"article:modified_time\" content=\"2023-05-01T15:41:44+00:00\" \/>\n<meta name=\"author\" content=\"cdiAdmin\" \/>\n<meta name=\"twitter:card\" content=\"summary_large_image\" \/>\n<meta name=\"twitter:creator\" content=\"@casalinfants\" \/>\n<meta name=\"twitter:site\" content=\"@casalinfants\" \/>\n<meta name=\"twitter:label1\" content=\"Escrito por\" \/>\n\t<meta name=\"twitter:data1\" content=\"cdiAdmin\" \/>\n\t<meta name=\"twitter:label2\" content=\"Tiempo de lectura\" \/>\n\t<meta name=\"twitter:data2\" content=\"3 minutos\" \/>\n<script type=\"application\/ld+json\" class=\"yoast-schema-graph\">{\"@context\":\"https:\\\/\\\/schema.org\",\"@graph\":[{\"@type\":\"Article\",\"@id\":\"https:\\\/\\\/www.casaldelsinfants.org\\\/es\\\/actualidad\\\/fotografias-explicar-presente-passado-barcelona-ciudadanas\\\/#article\",\"isPartOf\":{\"@id\":\"https:\\\/\\\/www.casaldelsinfants.org\\\/es\\\/actualidad\\\/fotografias-explicar-presente-passado-barcelona-ciudadanas\\\/\"},\"author\":{\"name\":\"cdiAdmin\",\"@id\":\"https:\\\/\\\/www.casaldelsinfants.org\\\/es\\\/#\\\/schema\\\/person\\\/97707fc8c64900cf36891127dbf9fba8\"},\"headline\":\"Fotograf\u00edas para explicar el presente y el pasado de Barcelona y sus ciudadanas\",\"datePublished\":\"2022-03-15T13:02:41+00:00\",\"dateModified\":\"2023-05-01T15:41:44+00:00\",\"mainEntityOfPage\":{\"@id\":\"https:\\\/\\\/www.casaldelsinfants.org\\\/es\\\/actualidad\\\/fotografias-explicar-presente-passado-barcelona-ciudadanas\\\/\"},\"wordCount\":539,\"commentCount\":0,\"publisher\":{\"@id\":\"https:\\\/\\\/www.casaldelsinfants.org\\\/es\\\/#organization\"},\"articleSection\":[\"Noticia\"],\"inLanguage\":\"es\",\"potentialAction\":[{\"@type\":\"CommentAction\",\"name\":\"Comment\",\"target\":[\"https:\\\/\\\/www.casaldelsinfants.org\\\/es\\\/actualidad\\\/fotografias-explicar-presente-passado-barcelona-ciudadanas\\\/#respond\"]}]},{\"@type\":\"WebPage\",\"@id\":\"https:\\\/\\\/www.casaldelsinfants.org\\\/es\\\/actualidad\\\/fotografias-explicar-presente-passado-barcelona-ciudadanas\\\/\",\"url\":\"https:\\\/\\\/www.casaldelsinfants.org\\\/es\\\/actualidad\\\/fotografias-explicar-presente-passado-barcelona-ciudadanas\\\/\",\"name\":\"Taller AMB veu de dona en el Casal dels Infants al Raval\",\"isPartOf\":{\"@id\":\"https:\\\/\\\/www.casaldelsinfants.org\\\/es\\\/#website\"},\"datePublished\":\"2022-03-15T13:02:41+00:00\",\"dateModified\":\"2023-05-01T15:41:44+00:00\",\"description\":\"Mujeres participantes del Casal dels Infants en el barrio del Raval (Casal Familiar y Vincles) participan en un taller organizado por el Arxiu Municipal de Barcelona que les introduce a la memoria fotogr\u00e1fica de la ciudad, el pasado reciente de Barcelona centrado en la mujer y las anima a compartir sus vivencias.\",\"breadcrumb\":{\"@id\":\"https:\\\/\\\/www.casaldelsinfants.org\\\/es\\\/actualidad\\\/fotografias-explicar-presente-passado-barcelona-ciudadanas\\\/#breadcrumb\"},\"inLanguage\":\"es\",\"potentialAction\":[{\"@type\":\"ReadAction\",\"target\":[\"https:\\\/\\\/www.casaldelsinfants.org\\\/es\\\/actualidad\\\/fotografias-explicar-presente-passado-barcelona-ciudadanas\\\/\"]}]},{\"@type\":\"BreadcrumbList\",\"@id\":\"https:\\\/\\\/www.casaldelsinfants.org\\\/es\\\/actualidad\\\/fotografias-explicar-presente-passado-barcelona-ciudadanas\\\/#breadcrumb\",\"itemListElement\":[{\"@type\":\"ListItem\",\"position\":1,\"name\":\"Inici\",\"item\":\"https:\\\/\\\/www.casaldelsinfants.org\\\/es\\\/\"},{\"@type\":\"ListItem\",\"position\":2,\"name\":\"Fotograf\u00edas para explicar el presente y el pasado de Barcelona y sus ciudadanas\"}]},{\"@type\":\"WebSite\",\"@id\":\"https:\\\/\\\/www.casaldelsinfants.org\\\/es\\\/#website\",\"url\":\"https:\\\/\\\/www.casaldelsinfants.org\\\/es\\\/\",\"name\":\"Casal dels Infants\",\"description\":\"\",\"publisher\":{\"@id\":\"https:\\\/\\\/www.casaldelsinfants.org\\\/es\\\/#organization\"},\"potentialAction\":[{\"@type\":\"SearchAction\",\"target\":{\"@type\":\"EntryPoint\",\"urlTemplate\":\"https:\\\/\\\/www.casaldelsinfants.org\\\/es\\\/?s={search_term_string}\"},\"query-input\":{\"@type\":\"PropertyValueSpecification\",\"valueRequired\":true,\"valueName\":\"search_term_string\"}}],\"inLanguage\":\"es\"},{\"@type\":\"Organization\",\"@id\":\"https:\\\/\\\/www.casaldelsinfants.org\\\/es\\\/#organization\",\"name\":\"Casal dels Infants\",\"url\":\"https:\\\/\\\/www.casaldelsinfants.org\\\/es\\\/\",\"logo\":{\"@type\":\"ImageObject\",\"inLanguage\":\"es\",\"@id\":\"https:\\\/\\\/www.casaldelsinfants.org\\\/es\\\/#\\\/schema\\\/logo\\\/image\\\/\",\"url\":\"https:\\\/\\\/www.casaldelsinfants.org\\\/wp-content\\\/uploads\\\/logo-mail.png\",\"contentUrl\":\"https:\\\/\\\/www.casaldelsinfants.org\\\/wp-content\\\/uploads\\\/logo-mail.png\",\"width\":380,\"height\":158,\"caption\":\"Casal dels Infants\"},\"image\":{\"@id\":\"https:\\\/\\\/www.casaldelsinfants.org\\\/es\\\/#\\\/schema\\\/logo\\\/image\\\/\"},\"sameAs\":[\"https:\\\/\\\/www.facebook.com\\\/casalinfants\",\"https:\\\/\\\/x.com\\\/casalinfants\",\"https:\\\/\\\/www.youtube.com\\\/user\\\/CasaldelsInfants1\",\"https:\\\/\\\/www.instagram.com\\\/casalinfants\\\/\",\"https:\\\/\\\/www.linkedin.com\\\/company\\\/casaldelsinfants?trk=organization-update_share-update_actor-text\"]},{\"@type\":\"Person\",\"@id\":\"https:\\\/\\\/www.casaldelsinfants.org\\\/es\\\/#\\\/schema\\\/person\\\/97707fc8c64900cf36891127dbf9fba8\",\"name\":\"cdiAdmin\",\"sameAs\":[\"https:\\\/\\\/casaldelsinfants.org\"]}]}<\/script>\n<!-- \/ Yoast SEO plugin. -->","yoast_head_json":{"title":"Taller AMB veu de dona en el Casal dels Infants al Raval","description":"Mujeres participantes del Casal dels Infants en el barrio del Raval (Casal Familiar y Vincles) participan en un taller organizado por el Arxiu Municipal de Barcelona que les introduce a la memoria fotogr\u00e1fica de la ciudad, el pasado reciente de Barcelona centrado en la mujer y las anima a compartir sus vivencias.","robots":{"index":"index","follow":"follow","max-snippet":"max-snippet:-1","max-image-preview":"max-image-preview:large","max-video-preview":"max-video-preview:-1"},"canonical":"https:\/\/www.casaldelsinfants.org\/es\/actualidad\/fotografias-explicar-presente-passado-barcelona-ciudadanas\/","og_locale":"es_ES","og_type":"article","og_title":"Taller AMB veu de dona en el Casal dels Infants al Raval","og_description":"Mujeres participantes del Casal dels Infants en el barrio del Raval (Casal Familiar y Vincles) participan en un taller organizado por el Arxiu Municipal de Barcelona que les introduce a la memoria fotogr\u00e1fica de la ciudad, el pasado reciente de Barcelona centrado en la mujer y las anima a compartir sus vivencias.","og_url":"https:\/\/www.casaldelsinfants.org\/es\/actualidad\/fotografias-explicar-presente-passado-barcelona-ciudadanas\/","og_site_name":"Casal dels Infants","article_publisher":"https:\/\/www.facebook.com\/casalinfants","article_published_time":"2022-03-15T13:02:41+00:00","article_modified_time":"2023-05-01T15:41:44+00:00","author":"cdiAdmin","twitter_card":"summary_large_image","twitter_creator":"@casalinfants","twitter_site":"@casalinfants","twitter_misc":{"Escrito por":"cdiAdmin","Tiempo de lectura":"3 minutos"},"schema":{"@context":"https:\/\/schema.org","@graph":[{"@type":"Article","@id":"https:\/\/www.casaldelsinfants.org\/es\/actualidad\/fotografias-explicar-presente-passado-barcelona-ciudadanas\/#article","isPartOf":{"@id":"https:\/\/www.casaldelsinfants.org\/es\/actualidad\/fotografias-explicar-presente-passado-barcelona-ciudadanas\/"},"author":{"name":"cdiAdmin","@id":"https:\/\/www.casaldelsinfants.org\/es\/#\/schema\/person\/97707fc8c64900cf36891127dbf9fba8"},"headline":"Fotograf\u00edas para explicar el presente y el pasado de Barcelona y sus ciudadanas","datePublished":"2022-03-15T13:02:41+00:00","dateModified":"2023-05-01T15:41:44+00:00","mainEntityOfPage":{"@id":"https:\/\/www.casaldelsinfants.org\/es\/actualidad\/fotografias-explicar-presente-passado-barcelona-ciudadanas\/"},"wordCount":539,"commentCount":0,"publisher":{"@id":"https:\/\/www.casaldelsinfants.org\/es\/#organization"},"articleSection":["Noticia"],"inLanguage":"es","potentialAction":[{"@type":"CommentAction","name":"Comment","target":["https:\/\/www.casaldelsinfants.org\/es\/actualidad\/fotografias-explicar-presente-passado-barcelona-ciudadanas\/#respond"]}]},{"@type":"WebPage","@id":"https:\/\/www.casaldelsinfants.org\/es\/actualidad\/fotografias-explicar-presente-passado-barcelona-ciudadanas\/","url":"https:\/\/www.casaldelsinfants.org\/es\/actualidad\/fotografias-explicar-presente-passado-barcelona-ciudadanas\/","name":"Taller AMB veu de dona en el Casal dels Infants al Raval","isPartOf":{"@id":"https:\/\/www.casaldelsinfants.org\/es\/#website"},"datePublished":"2022-03-15T13:02:41+00:00","dateModified":"2023-05-01T15:41:44+00:00","description":"Mujeres participantes del Casal dels Infants en el barrio del Raval (Casal Familiar y Vincles) participan en un taller organizado por el Arxiu Municipal de Barcelona que les introduce a la memoria fotogr\u00e1fica de la ciudad, el pasado reciente de Barcelona centrado en la mujer y las anima a compartir sus vivencias.","breadcrumb":{"@id":"https:\/\/www.casaldelsinfants.org\/es\/actualidad\/fotografias-explicar-presente-passado-barcelona-ciudadanas\/#breadcrumb"},"inLanguage":"es","potentialAction":[{"@type":"ReadAction","target":["https:\/\/www.casaldelsinfants.org\/es\/actualidad\/fotografias-explicar-presente-passado-barcelona-ciudadanas\/"]}]},{"@type":"BreadcrumbList","@id":"https:\/\/www.casaldelsinfants.org\/es\/actualidad\/fotografias-explicar-presente-passado-barcelona-ciudadanas\/#breadcrumb","itemListElement":[{"@type":"ListItem","position":1,"name":"Inici","item":"https:\/\/www.casaldelsinfants.org\/es\/"},{"@type":"ListItem","position":2,"name":"Fotograf\u00edas para explicar el presente y el pasado de Barcelona y sus ciudadanas"}]},{"@type":"WebSite","@id":"https:\/\/www.casaldelsinfants.org\/es\/#website","url":"https:\/\/www.casaldelsinfants.org\/es\/","name":"Casal dels Infants","description":"","publisher":{"@id":"https:\/\/www.casaldelsinfants.org\/es\/#organization"},"potentialAction":[{"@type":"SearchAction","target":{"@type":"EntryPoint","urlTemplate":"https:\/\/www.casaldelsinfants.org\/es\/?s={search_term_string}"},"query-input":{"@type":"PropertyValueSpecification","valueRequired":true,"valueName":"search_term_string"}}],"inLanguage":"es"},{"@type":"Organization","@id":"https:\/\/www.casaldelsinfants.org\/es\/#organization","name":"Casal dels Infants","url":"https:\/\/www.casaldelsinfants.org\/es\/","logo":{"@type":"ImageObject","inLanguage":"es","@id":"https:\/\/www.casaldelsinfants.org\/es\/#\/schema\/logo\/image\/","url":"https:\/\/www.casaldelsinfants.org\/wp-content\/uploads\/logo-mail.png","contentUrl":"https:\/\/www.casaldelsinfants.org\/wp-content\/uploads\/logo-mail.png","width":380,"height":158,"caption":"Casal dels Infants"},"image":{"@id":"https:\/\/www.casaldelsinfants.org\/es\/#\/schema\/logo\/image\/"},"sameAs":["https:\/\/www.facebook.com\/casalinfants","https:\/\/x.com\/casalinfants","https:\/\/www.youtube.com\/user\/CasaldelsInfants1","https:\/\/www.instagram.com\/casalinfants\/","https:\/\/www.linkedin.com\/company\/casaldelsinfants?trk=organization-update_share-update_actor-text"]},{"@type":"Person","@id":"https:\/\/www.casaldelsinfants.org\/es\/#\/schema\/person\/97707fc8c64900cf36891127dbf9fba8","name":"cdiAdmin","sameAs":["https:\/\/casaldelsinfants.org"]}]}},"publishpress_future_action":{"enabled":false,"date":"2026-05-08 08:03:38","action":"change-status","newStatus":"draft","terms":[],"taxonomy":"category","extraData":[]},"publishpress_future_workflow_manual_trigger":{"enabledWorkflows":[]},"_links":{"self":[{"href":"https:\/\/www.casaldelsinfants.org\/es\/wp-json\/wp\/v2\/posts\/4235","targetHints":{"allow":["GET"]}}],"collection":[{"href":"https:\/\/www.casaldelsinfants.org\/es\/wp-json\/wp\/v2\/posts"}],"about":[{"href":"https:\/\/www.casaldelsinfants.org\/es\/wp-json\/wp\/v2\/types\/post"}],"author":[{"embeddable":true,"href":"https:\/\/www.casaldelsinfants.org\/es\/wp-json\/wp\/v2\/users\/1"}],"replies":[{"embeddable":true,"href":"https:\/\/www.casaldelsinfants.org\/es\/wp-json\/wp\/v2\/comments?post=4235"}],"version-history":[{"count":1,"href":"https:\/\/www.casaldelsinfants.org\/es\/wp-json\/wp\/v2\/posts\/4235\/revisions"}],"predecessor-version":[{"id":6222,"href":"https:\/\/www.casaldelsinfants.org\/es\/wp-json\/wp\/v2\/posts\/4235\/revisions\/6222"}],"wp:attachment":[{"href":"https:\/\/www.casaldelsinfants.org\/es\/wp-json\/wp\/v2\/media?parent=4235"}],"wp:term":[{"taxonomy":"category","embeddable":true,"href":"https:\/\/www.casaldelsinfants.org\/es\/wp-json\/wp\/v2\/categories?post=4235"},{"taxonomy":"post_tag","embeddable":true,"href":"https:\/\/www.casaldelsinfants.org\/es\/wp-json\/wp\/v2\/tags?post=4235"},{"taxonomy":"seus","embeddable":true,"href":"https:\/\/www.casaldelsinfants.org\/es\/wp-json\/wp\/v2\/seus?post=4235"},{"taxonomy":"eixos","embeddable":true,"href":"https:\/\/www.casaldelsinfants.org\/es\/wp-json\/wp\/v2\/eixos?post=4235"}],"curies":[{"name":"wp","href":"https:\/\/api.w.org\/{rel}","templated":true}]}}