{"id":4237,"date":"2022-03-07T16:30:50","date_gmt":"2022-03-07T14:30:50","guid":{"rendered":"https:\/\/casal.puntzero.cat\/noticies\/denunciem-les-desigualtats-i-eduquem-capgirar-les-el-dia-de-la-dona-al-casal-dels-infants\/"},"modified":"2023-11-06T15:04:59","modified_gmt":"2023-11-06T13:04:59","slug":"denunciem-les-desigualtats-i-eduquem-capgirar-les-el-dia-de-la-dona-al-casal-dels-infants","status":"publish","type":"post","link":"https:\/\/www.casaldelsinfants.org\/es\/actualidad\/denunciem-les-desigualtats-i-eduquem-capgirar-les-el-dia-de-la-dona-al-casal-dels-infants\/","title":{"rendered":"Denunciamos las desigualdades y educamos para cambiarlas: el D\u00eda de la Mujer en el Casal dels Infants"},"content":{"rendered":"<p>&nbsp;<\/p>\n<p>&nbsp;<\/p>\n<p dir=\"ltr\"><span style=\"color: #000000;\">Desde el Casal dels Infants, la perspectiva de g\u00e9nero, los valores feministas y la lucha para la igualdad de derechos y oportunidades son un eje transversal en los proyectos, servicios y programas de los diferentes barrios, donde participan ni\u00f1os, adolescentes, j\u00f3venes, madres y familias cada d\u00eda. Las desigualdades y la falta de oportunidades derivadas del sistema patriarcal que castiga y menosprecia a las mujeres perduran y, por tanto, se tienen que continuar visibilizando y denunciando. Por este motivo, nos unimos a la celebraci\u00f3n del <strong>D\u00eda Internacional de la Mujer <\/strong>este 8 de marzo con diferentes actividades y salidas en cada uno de los barrios donde act\u00faa el Casal.\u00a0<\/span><\/p>\n<p dir=\"ltr\"><span style=\"color: #000000;\">En el barrio del <strong>Raval<\/strong>, en Barcelona, los adolescentes y j\u00f3venes del Centro Abierto Adolescente (COA), del Casal Jove Atles y del Servei de Transici\u00f3 a l\u2019Autonomia (STA) se unir\u00e1n a la jornada de celebraci\u00f3n del 8M, organizada juntamente con la Taula Jove del Raval. La jornada tendr\u00e1 lugar en la <strong>Rambla del Raval el 7 de marzo, de 17h a 20h<\/strong>. La jornada incluye talleres, como la creaci\u00f3n de pancartas y el estampado de camisetas y bolsas de tela, y la muestra de artistas y m\u00fasicos. A las 18:15h se har\u00e1 la lectura del Manifest de las j\u00f3venes del Raval. Ma\u00f1ana, 8 de marzo, los j\u00f3venes ir\u00e1n a la manifestaci\u00f3n convocada a las 18h desde la Pla\u00e7a Universitat hasta Arc de Triomf. Desde el Casal Familiar, reflexionaran sobre la celebraci\u00f3n del 8 de marzo y coger\u00e1n dos cuentos donde haya desigualdad de g\u00e9nero y le dar\u00e1n la vuelta. Los ni\u00f1os y ni\u00f1as del Centro Abierto Infantil (COI) ir\u00e1n, el d\u00eda 8 y 9 de marzo, a la exposici\u00f3n <\/span><u><a href=\"https:\/\/ajuntament.barcelona.cat\/ccivics\/drassanes\/p\/45399\/exposicio-violencia-0-a-carrec-de-afocer\" target=\"_blank\" rel=\"noopener\">\u201cViol\u00e8ncia 0\u201d<\/a><\/u><span style=\"color: #000000;\"> en el Centre C\u00edvic Drassanes.\u00a0<\/span><\/p>\n<p dir=\"ltr\"><span style=\"color: #000000;\">En el Casal dels Infants del <strong>Bes\u00f2s i La Mina<\/strong> los adolescentes del COA Bes\u00f2s y los ni\u00f1os y ni\u00f1as del Centre Socioeducatiu El Rac\u00f3, del Centre Socioeducatiu Cascavell y del Centre Socioeducatiu Bes\u00f2s-Maresme har\u00e1n actividades para aprender sobre los roles de g\u00e9nero y romperlos. Compartir\u00e1n tambi\u00e9n una gimcana entre las calles que tienen nombre de mujer y un gimcana para aprender sobre diferentes referentes femeninos. El 8 de marzo, Fem Fam\u00edlia participar\u00e1 en la feria que tendr\u00e1 lugar en la pla\u00e7a Maria \u00c0ngels Rosell, y asistir\u00e1 a un cinef\u00f3rum para mirar un corte sobre la historia de Hipatia.\u00a0<\/span><\/p>\n<p dir=\"ltr\"><span style=\"color: #000000;\">En <strong>Santa Coloma<\/strong>, los j\u00f3venes de l\u2019Espai Socioeducatiu Beethoven han estado trabajando para elaborar cuadros sobre feminismo y g\u00e9nero para acabar componiendo la <strong>exposici\u00f3n FemmeArt<\/strong>, abierta al p\u00fablico con <\/span><u>inscripci\u00f3n previa<\/u><span style=\"color: #000000;\"> <strong>del 8 al 12 de marzo<\/strong> a la <\/span><u><a href=\"https:\/\/g.page\/BibFondo?share\" target=\"_blank\" rel=\"noopener\">Biblioteca de Fondo<\/a><\/u><span style=\"color: #000000;\">, y el grupo de Mitjans ir\u00e1 a ver la exposici\u00f3n de sus compa\u00f1eros. Los adolescentes de RAI-ESO y de COA elaborar\u00e1n un mural sobre la liberaci\u00f3n\u00a0de los estereotipos de g\u00e9nero y otro sobre los diferentes tipos de violencia contra las mujeres. Para los m\u00e1s peque\u00f1os, se desarrollar\u00e1n juegos sobre roles de g\u00e9nero y se leer\u00e1n libros donde las mujeres son las protagonistas. Las madres de Vincles visitar\u00e1n CIBA y CIRD, centros de informaci\u00f3n y de recursos para mujeres. El grupo Dones del Casal har\u00e1 un caf\u00e9-tertulia y asistir\u00e1n al acto del Manifest que se celebra en la Pla\u00e7a de la Vila organizado por el Consell de Dones de la Ciutat. Una mujer de \u201cEl hilo del Casal\u201d y una madre de Vincles representar\u00e1n el Casal en el acto.\u00a0\u00a0<\/span><\/p>\n<p dir=\"ltr\"><span style=\"color: #000000;\">En <strong>Badalona<\/strong>, el arte ha sido de nuevo una herramienta para trabajar la identidad de g\u00e9nero, reflexionando sobre qu\u00e9 es y c\u00f3mo es ser una mujer en la actualidad. La <strong>exposici\u00f3n Degenerart<\/strong>, abierta <strong>del 7 al 27 de marzo<\/strong> en el <\/span><u><a href=\"https:\/\/goo.gl\/maps\/BQ4E3aZcibX9qw8PA\" target=\"_blank\" rel=\"noopener\">Centre C\u00edvic Torre Mena<\/a><\/u><span style=\"color: #000000;\">, recoge retratos de mujeres pintados por adolescentes y j\u00f3venes del COA Llefi\u00e0, de COA Sant Roc y del Casal Jove la Betsaida. Desde enero, han estado aprendiendo t\u00e9cnicas b\u00e1sicas de ilustraci\u00f3n y contaron con la ayuda de dos ilustradoras profesionales, <\/span><u><a href=\"https:\/\/www.instagram.com\/honoreperrine\/?hl=es\" target=\"_blank\" rel=\"noopener\">Perrine Honor\u00e9<\/a><\/u><span style=\"color: #000000;\"> y <\/span><u><a href=\"https:\/\/www.instagram.com\/galletamaria_pinta\/?hl=es\" target=\"_blank\" rel=\"noopener\">Maria Galleta<\/a><\/u><span style=\"color: #000000;\">. Durante la ma\u00f1ana del lunes, las madres de Vincles y mujeres del Espacio Tecnol\u00f2gic Comunitari han participado en el espacio de reivindicaci\u00f3n organizado por Entitats de Badalona Sud.\u00a0<\/span><\/p>\n<p dir=\"ltr\"><span style=\"color: #000000;\">En <strong>Salt<\/strong>, los ni\u00f1os del COI y de COA han trabajado las desigualdades que viven las mujeres, han estudiado mujeres importantes a lo largo de la historia -del mundo de la ciencia, del deporte, del arte- y han creado un cuestionario con lo que han aprendido en Kahoot!. Desde Vincles, participar\u00e1n <strong>el 8 de marzo<\/strong> en el acto organizado conjuntamente con la Comissi\u00f3 8M de Salt y el Ajuntament, <strong>de 16:30h a 18:30h, en la Pla\u00e7a Llibertat<\/strong>. Diferentes entidades sociales y espacios socioeducativos, entre las que hay el Casal dels Infants, dinamizar\u00e1n este rato con actividades y talleres. El resto de participantes del Casal asistir\u00e1n tambi\u00e9n a estas actividades.\u00a0<\/span><\/p>\n<blockquote><p><strong>Haz posible que sigamos denunciando las desigualdades y educando en clave de igualdad a ni\u00f1os, ni\u00f1as, j\u00f3venes y familias.<\/strong><\/p>\n<p>Haz\u00a0<strong>voluntariado<\/strong>. Informate\u00a0<a href=\"https:\/\/www.casaldelsinfants.org\/es\/que-puedes-hacer-tu\/voluntariado\/\" target=\"_blank\" rel=\"noopener\"><u>aqu\u00ed<\/u><\/a>.<\/p>\n<p>Haz un\u00a0<strong>donativo<\/strong>\u00a0<a href=\"https:\/\/www.casaldelsinfants.org\/es\/dona-ahora\/\" target=\"_blank\" rel=\"noopener\"><u>aqu\u00ed<\/u><\/a>.<\/p><\/blockquote>\n","protected":false},"excerpt":{"rendered":"<p>&nbsp; &nbsp; Desde el Casal dels Infants, la perspectiva de g\u00e9nero, los valores feministas y la lucha para la igualdad de derechos y oportunidades son un eje transversal en los proyectos, servicios y programas de los diferentes barrios, donde participan ni\u00f1os, adolescentes, j\u00f3venes, madres y familias cada d\u00eda. Las desigualdades y la falta de oportunidades [&hellip;]<\/p>\n","protected":false},"author":1,"featured_media":2964,"comment_status":"open","ping_status":"open","sticky":false,"template":"","format":"standard","meta":{"_acf_changed":false,"_et_pb_use_builder":"","_et_pb_old_content":"","_et_gb_content_width":"","inline_featured_image":false,"footnotes":""},"categories":[125],"tags":[],"seus":[],"eixos":[],"class_list":["post-4237","post","type-post","status-publish","format-standard","has-post-thumbnail","hentry","category-noticias"],"acf":[],"yoast_head":"<!-- This site is optimized with the Yoast SEO plugin v27.4 - https:\/\/yoast.com\/product\/yoast-seo-wordpress\/ -->\n<title>El D\u00eda de la Mujer en el Casal dels Infants<\/title>\n<meta name=\"description\" content=\"Este 8 de marzo, desde el Casal dels Infants celebramos el D\u00eda Internacional de la Mujer, denunciamos las desigualdades y educamos para cambiarlas. Hay diferents actividades y salidas programas en cada barrio donde participaran ni\u00f1os, adolescentes y familias del Casal.\" \/>\n<meta name=\"robots\" content=\"index, follow, max-snippet:-1, max-image-preview:large, max-video-preview:-1\" \/>\n<link rel=\"canonical\" href=\"https:\/\/www.casaldelsinfants.org\/es\/actualidad\/denunciem-les-desigualtats-i-eduquem-capgirar-les-el-dia-de-la-dona-al-casal-dels-infants\/\" \/>\n<meta property=\"og:locale\" content=\"es_ES\" \/>\n<meta property=\"og:type\" content=\"article\" \/>\n<meta property=\"og:title\" content=\"El D\u00eda de la Mujer en el Casal dels Infants\" \/>\n<meta property=\"og:description\" content=\"Este 8 de marzo, desde el Casal dels Infants celebramos el D\u00eda Internacional de la Mujer, denunciamos las desigualdades y educamos para cambiarlas. Hay diferents actividades y salidas programas en cada barrio donde participaran ni\u00f1os, adolescentes y familias del Casal.\" \/>\n<meta property=\"og:url\" content=\"https:\/\/www.casaldelsinfants.org\/es\/actualidad\/denunciem-les-desigualtats-i-eduquem-capgirar-les-el-dia-de-la-dona-al-casal-dels-infants\/\" \/>\n<meta property=\"og:site_name\" content=\"Casal dels Infants\" \/>\n<meta property=\"article:publisher\" content=\"https:\/\/www.facebook.com\/casalinfants\" \/>\n<meta property=\"article:published_time\" content=\"2022-03-07T14:30:50+00:00\" \/>\n<meta property=\"article:modified_time\" content=\"2023-11-06T13:04:59+00:00\" \/>\n<meta property=\"og:image\" content=\"https:\/\/www.casaldelsinfants.org\/wp-content\/uploads\/img_0497_cf17stco-scaled.jpg\" \/>\n\t<meta property=\"og:image:width\" content=\"2560\" \/>\n\t<meta property=\"og:image:height\" content=\"1707\" \/>\n\t<meta property=\"og:image:type\" content=\"image\/jpeg\" \/>\n<meta name=\"author\" content=\"cdiAdmin\" \/>\n<meta name=\"twitter:card\" content=\"summary_large_image\" \/>\n<meta name=\"twitter:creator\" content=\"@casalinfants\" \/>\n<meta name=\"twitter:site\" content=\"@casalinfants\" \/>\n<meta name=\"twitter:label1\" content=\"Escrito por\" \/>\n\t<meta name=\"twitter:data1\" content=\"cdiAdmin\" \/>\n\t<meta name=\"twitter:label2\" content=\"Tiempo de lectura\" \/>\n\t<meta name=\"twitter:data2\" content=\"5 minutos\" \/>\n<script type=\"application\/ld+json\" class=\"yoast-schema-graph\">{\"@context\":\"https:\\\/\\\/schema.org\",\"@graph\":[{\"@type\":\"Article\",\"@id\":\"https:\\\/\\\/www.casaldelsinfants.org\\\/es\\\/actualidad\\\/denunciem-les-desigualtats-i-eduquem-capgirar-les-el-dia-de-la-dona-al-casal-dels-infants\\\/#article\",\"isPartOf\":{\"@id\":\"https:\\\/\\\/www.casaldelsinfants.org\\\/es\\\/actualidad\\\/denunciem-les-desigualtats-i-eduquem-capgirar-les-el-dia-de-la-dona-al-casal-dels-infants\\\/\"},\"author\":{\"name\":\"cdiAdmin\",\"@id\":\"https:\\\/\\\/www.casaldelsinfants.org\\\/es\\\/#\\\/schema\\\/person\\\/97707fc8c64900cf36891127dbf9fba8\"},\"headline\":\"Denunciamos las desigualdades y educamos para cambiarlas: el D\u00eda de la Mujer en el Casal dels Infants\",\"datePublished\":\"2022-03-07T14:30:50+00:00\",\"dateModified\":\"2023-11-06T13:04:59+00:00\",\"mainEntityOfPage\":{\"@id\":\"https:\\\/\\\/www.casaldelsinfants.org\\\/es\\\/actualidad\\\/denunciem-les-desigualtats-i-eduquem-capgirar-les-el-dia-de-la-dona-al-casal-dels-infants\\\/\"},\"wordCount\":899,\"commentCount\":0,\"publisher\":{\"@id\":\"https:\\\/\\\/www.casaldelsinfants.org\\\/es\\\/#organization\"},\"image\":{\"@id\":\"https:\\\/\\\/www.casaldelsinfants.org\\\/es\\\/actualidad\\\/denunciem-les-desigualtats-i-eduquem-capgirar-les-el-dia-de-la-dona-al-casal-dels-infants\\\/#primaryimage\"},\"thumbnailUrl\":\"https:\\\/\\\/www.casaldelsinfants.org\\\/wp-content\\\/uploads\\\/img_0497_cf17stco-scaled.jpg\",\"articleSection\":[\"Noticia\"],\"inLanguage\":\"es\",\"potentialAction\":[{\"@type\":\"CommentAction\",\"name\":\"Comment\",\"target\":[\"https:\\\/\\\/www.casaldelsinfants.org\\\/es\\\/actualidad\\\/denunciem-les-desigualtats-i-eduquem-capgirar-les-el-dia-de-la-dona-al-casal-dels-infants\\\/#respond\"]}]},{\"@type\":\"WebPage\",\"@id\":\"https:\\\/\\\/www.casaldelsinfants.org\\\/es\\\/actualidad\\\/denunciem-les-desigualtats-i-eduquem-capgirar-les-el-dia-de-la-dona-al-casal-dels-infants\\\/\",\"url\":\"https:\\\/\\\/www.casaldelsinfants.org\\\/es\\\/actualidad\\\/denunciem-les-desigualtats-i-eduquem-capgirar-les-el-dia-de-la-dona-al-casal-dels-infants\\\/\",\"name\":\"El D\u00eda de la Mujer en el Casal dels Infants\",\"isPartOf\":{\"@id\":\"https:\\\/\\\/www.casaldelsinfants.org\\\/es\\\/#website\"},\"primaryImageOfPage\":{\"@id\":\"https:\\\/\\\/www.casaldelsinfants.org\\\/es\\\/actualidad\\\/denunciem-les-desigualtats-i-eduquem-capgirar-les-el-dia-de-la-dona-al-casal-dels-infants\\\/#primaryimage\"},\"image\":{\"@id\":\"https:\\\/\\\/www.casaldelsinfants.org\\\/es\\\/actualidad\\\/denunciem-les-desigualtats-i-eduquem-capgirar-les-el-dia-de-la-dona-al-casal-dels-infants\\\/#primaryimage\"},\"thumbnailUrl\":\"https:\\\/\\\/www.casaldelsinfants.org\\\/wp-content\\\/uploads\\\/img_0497_cf17stco-scaled.jpg\",\"datePublished\":\"2022-03-07T14:30:50+00:00\",\"dateModified\":\"2023-11-06T13:04:59+00:00\",\"description\":\"Este 8 de marzo, desde el Casal dels Infants celebramos el D\u00eda Internacional de la Mujer, denunciamos las desigualdades y educamos para cambiarlas. Hay diferents actividades y salidas programas en cada barrio donde participaran ni\u00f1os, adolescentes y familias del Casal.\",\"breadcrumb\":{\"@id\":\"https:\\\/\\\/www.casaldelsinfants.org\\\/es\\\/actualidad\\\/denunciem-les-desigualtats-i-eduquem-capgirar-les-el-dia-de-la-dona-al-casal-dels-infants\\\/#breadcrumb\"},\"inLanguage\":\"es\",\"potentialAction\":[{\"@type\":\"ReadAction\",\"target\":[\"https:\\\/\\\/www.casaldelsinfants.org\\\/es\\\/actualidad\\\/denunciem-les-desigualtats-i-eduquem-capgirar-les-el-dia-de-la-dona-al-casal-dels-infants\\\/\"]}]},{\"@type\":\"ImageObject\",\"inLanguage\":\"es\",\"@id\":\"https:\\\/\\\/www.casaldelsinfants.org\\\/es\\\/actualidad\\\/denunciem-les-desigualtats-i-eduquem-capgirar-les-el-dia-de-la-dona-al-casal-dels-infants\\\/#primaryimage\",\"url\":\"https:\\\/\\\/www.casaldelsinfants.org\\\/wp-content\\\/uploads\\\/img_0497_cf17stco-scaled.jpg\",\"contentUrl\":\"https:\\\/\\\/www.casaldelsinfants.org\\\/wp-content\\\/uploads\\\/img_0497_cf17stco-scaled.jpg\",\"width\":2560,\"height\":1707,\"caption\":\"5 Nenes agafades de mans\"},{\"@type\":\"BreadcrumbList\",\"@id\":\"https:\\\/\\\/www.casaldelsinfants.org\\\/es\\\/actualidad\\\/denunciem-les-desigualtats-i-eduquem-capgirar-les-el-dia-de-la-dona-al-casal-dels-infants\\\/#breadcrumb\",\"itemListElement\":[{\"@type\":\"ListItem\",\"position\":1,\"name\":\"Inici\",\"item\":\"https:\\\/\\\/www.casaldelsinfants.org\\\/es\\\/\"},{\"@type\":\"ListItem\",\"position\":2,\"name\":\"Denunciamos las desigualdades y educamos para cambiarlas: el D\u00eda de la Mujer en el Casal dels Infants\"}]},{\"@type\":\"WebSite\",\"@id\":\"https:\\\/\\\/www.casaldelsinfants.org\\\/es\\\/#website\",\"url\":\"https:\\\/\\\/www.casaldelsinfants.org\\\/es\\\/\",\"name\":\"Casal dels Infants\",\"description\":\"\",\"publisher\":{\"@id\":\"https:\\\/\\\/www.casaldelsinfants.org\\\/es\\\/#organization\"},\"potentialAction\":[{\"@type\":\"SearchAction\",\"target\":{\"@type\":\"EntryPoint\",\"urlTemplate\":\"https:\\\/\\\/www.casaldelsinfants.org\\\/es\\\/?s={search_term_string}\"},\"query-input\":{\"@type\":\"PropertyValueSpecification\",\"valueRequired\":true,\"valueName\":\"search_term_string\"}}],\"inLanguage\":\"es\"},{\"@type\":\"Organization\",\"@id\":\"https:\\\/\\\/www.casaldelsinfants.org\\\/es\\\/#organization\",\"name\":\"Casal dels Infants\",\"url\":\"https:\\\/\\\/www.casaldelsinfants.org\\\/es\\\/\",\"logo\":{\"@type\":\"ImageObject\",\"inLanguage\":\"es\",\"@id\":\"https:\\\/\\\/www.casaldelsinfants.org\\\/es\\\/#\\\/schema\\\/logo\\\/image\\\/\",\"url\":\"https:\\\/\\\/www.casaldelsinfants.org\\\/wp-content\\\/uploads\\\/logo-mail.png\",\"contentUrl\":\"https:\\\/\\\/www.casaldelsinfants.org\\\/wp-content\\\/uploads\\\/logo-mail.png\",\"width\":380,\"height\":158,\"caption\":\"Casal dels Infants\"},\"image\":{\"@id\":\"https:\\\/\\\/www.casaldelsinfants.org\\\/es\\\/#\\\/schema\\\/logo\\\/image\\\/\"},\"sameAs\":[\"https:\\\/\\\/www.facebook.com\\\/casalinfants\",\"https:\\\/\\\/x.com\\\/casalinfants\",\"https:\\\/\\\/www.youtube.com\\\/user\\\/CasaldelsInfants1\",\"https:\\\/\\\/www.instagram.com\\\/casalinfants\\\/\",\"https:\\\/\\\/www.linkedin.com\\\/company\\\/casaldelsinfants?trk=organization-update_share-update_actor-text\"]},{\"@type\":\"Person\",\"@id\":\"https:\\\/\\\/www.casaldelsinfants.org\\\/es\\\/#\\\/schema\\\/person\\\/97707fc8c64900cf36891127dbf9fba8\",\"name\":\"cdiAdmin\",\"sameAs\":[\"https:\\\/\\\/casaldelsinfants.org\"]}]}<\/script>\n<!-- \/ Yoast SEO plugin. -->","yoast_head_json":{"title":"El D\u00eda de la Mujer en el Casal dels Infants","description":"Este 8 de marzo, desde el Casal dels Infants celebramos el D\u00eda Internacional de la Mujer, denunciamos las desigualdades y educamos para cambiarlas. Hay diferents actividades y salidas programas en cada barrio donde participaran ni\u00f1os, adolescentes y familias del Casal.","robots":{"index":"index","follow":"follow","max-snippet":"max-snippet:-1","max-image-preview":"max-image-preview:large","max-video-preview":"max-video-preview:-1"},"canonical":"https:\/\/www.casaldelsinfants.org\/es\/actualidad\/denunciem-les-desigualtats-i-eduquem-capgirar-les-el-dia-de-la-dona-al-casal-dels-infants\/","og_locale":"es_ES","og_type":"article","og_title":"El D\u00eda de la Mujer en el Casal dels Infants","og_description":"Este 8 de marzo, desde el Casal dels Infants celebramos el D\u00eda Internacional de la Mujer, denunciamos las desigualdades y educamos para cambiarlas. Hay diferents actividades y salidas programas en cada barrio donde participaran ni\u00f1os, adolescentes y familias del Casal.","og_url":"https:\/\/www.casaldelsinfants.org\/es\/actualidad\/denunciem-les-desigualtats-i-eduquem-capgirar-les-el-dia-de-la-dona-al-casal-dels-infants\/","og_site_name":"Casal dels Infants","article_publisher":"https:\/\/www.facebook.com\/casalinfants","article_published_time":"2022-03-07T14:30:50+00:00","article_modified_time":"2023-11-06T13:04:59+00:00","og_image":[{"width":2560,"height":1707,"url":"https:\/\/www.casaldelsinfants.org\/wp-content\/uploads\/img_0497_cf17stco-scaled.jpg","type":"image\/jpeg"}],"author":"cdiAdmin","twitter_card":"summary_large_image","twitter_creator":"@casalinfants","twitter_site":"@casalinfants","twitter_misc":{"Escrito por":"cdiAdmin","Tiempo de lectura":"5 minutos"},"schema":{"@context":"https:\/\/schema.org","@graph":[{"@type":"Article","@id":"https:\/\/www.casaldelsinfants.org\/es\/actualidad\/denunciem-les-desigualtats-i-eduquem-capgirar-les-el-dia-de-la-dona-al-casal-dels-infants\/#article","isPartOf":{"@id":"https:\/\/www.casaldelsinfants.org\/es\/actualidad\/denunciem-les-desigualtats-i-eduquem-capgirar-les-el-dia-de-la-dona-al-casal-dels-infants\/"},"author":{"name":"cdiAdmin","@id":"https:\/\/www.casaldelsinfants.org\/es\/#\/schema\/person\/97707fc8c64900cf36891127dbf9fba8"},"headline":"Denunciamos las desigualdades y educamos para cambiarlas: el D\u00eda de la Mujer en el Casal dels Infants","datePublished":"2022-03-07T14:30:50+00:00","dateModified":"2023-11-06T13:04:59+00:00","mainEntityOfPage":{"@id":"https:\/\/www.casaldelsinfants.org\/es\/actualidad\/denunciem-les-desigualtats-i-eduquem-capgirar-les-el-dia-de-la-dona-al-casal-dels-infants\/"},"wordCount":899,"commentCount":0,"publisher":{"@id":"https:\/\/www.casaldelsinfants.org\/es\/#organization"},"image":{"@id":"https:\/\/www.casaldelsinfants.org\/es\/actualidad\/denunciem-les-desigualtats-i-eduquem-capgirar-les-el-dia-de-la-dona-al-casal-dels-infants\/#primaryimage"},"thumbnailUrl":"https:\/\/www.casaldelsinfants.org\/wp-content\/uploads\/img_0497_cf17stco-scaled.jpg","articleSection":["Noticia"],"inLanguage":"es","potentialAction":[{"@type":"CommentAction","name":"Comment","target":["https:\/\/www.casaldelsinfants.org\/es\/actualidad\/denunciem-les-desigualtats-i-eduquem-capgirar-les-el-dia-de-la-dona-al-casal-dels-infants\/#respond"]}]},{"@type":"WebPage","@id":"https:\/\/www.casaldelsinfants.org\/es\/actualidad\/denunciem-les-desigualtats-i-eduquem-capgirar-les-el-dia-de-la-dona-al-casal-dels-infants\/","url":"https:\/\/www.casaldelsinfants.org\/es\/actualidad\/denunciem-les-desigualtats-i-eduquem-capgirar-les-el-dia-de-la-dona-al-casal-dels-infants\/","name":"El D\u00eda de la Mujer en el Casal dels Infants","isPartOf":{"@id":"https:\/\/www.casaldelsinfants.org\/es\/#website"},"primaryImageOfPage":{"@id":"https:\/\/www.casaldelsinfants.org\/es\/actualidad\/denunciem-les-desigualtats-i-eduquem-capgirar-les-el-dia-de-la-dona-al-casal-dels-infants\/#primaryimage"},"image":{"@id":"https:\/\/www.casaldelsinfants.org\/es\/actualidad\/denunciem-les-desigualtats-i-eduquem-capgirar-les-el-dia-de-la-dona-al-casal-dels-infants\/#primaryimage"},"thumbnailUrl":"https:\/\/www.casaldelsinfants.org\/wp-content\/uploads\/img_0497_cf17stco-scaled.jpg","datePublished":"2022-03-07T14:30:50+00:00","dateModified":"2023-11-06T13:04:59+00:00","description":"Este 8 de marzo, desde el Casal dels Infants celebramos el D\u00eda Internacional de la Mujer, denunciamos las desigualdades y educamos para cambiarlas. Hay diferents actividades y salidas programas en cada barrio donde participaran ni\u00f1os, adolescentes y familias del Casal.","breadcrumb":{"@id":"https:\/\/www.casaldelsinfants.org\/es\/actualidad\/denunciem-les-desigualtats-i-eduquem-capgirar-les-el-dia-de-la-dona-al-casal-dels-infants\/#breadcrumb"},"inLanguage":"es","potentialAction":[{"@type":"ReadAction","target":["https:\/\/www.casaldelsinfants.org\/es\/actualidad\/denunciem-les-desigualtats-i-eduquem-capgirar-les-el-dia-de-la-dona-al-casal-dels-infants\/"]}]},{"@type":"ImageObject","inLanguage":"es","@id":"https:\/\/www.casaldelsinfants.org\/es\/actualidad\/denunciem-les-desigualtats-i-eduquem-capgirar-les-el-dia-de-la-dona-al-casal-dels-infants\/#primaryimage","url":"https:\/\/www.casaldelsinfants.org\/wp-content\/uploads\/img_0497_cf17stco-scaled.jpg","contentUrl":"https:\/\/www.casaldelsinfants.org\/wp-content\/uploads\/img_0497_cf17stco-scaled.jpg","width":2560,"height":1707,"caption":"5 Nenes agafades de mans"},{"@type":"BreadcrumbList","@id":"https:\/\/www.casaldelsinfants.org\/es\/actualidad\/denunciem-les-desigualtats-i-eduquem-capgirar-les-el-dia-de-la-dona-al-casal-dels-infants\/#breadcrumb","itemListElement":[{"@type":"ListItem","position":1,"name":"Inici","item":"https:\/\/www.casaldelsinfants.org\/es\/"},{"@type":"ListItem","position":2,"name":"Denunciamos las desigualdades y educamos para cambiarlas: el D\u00eda de la Mujer en el Casal dels Infants"}]},{"@type":"WebSite","@id":"https:\/\/www.casaldelsinfants.org\/es\/#website","url":"https:\/\/www.casaldelsinfants.org\/es\/","name":"Casal dels Infants","description":"","publisher":{"@id":"https:\/\/www.casaldelsinfants.org\/es\/#organization"},"potentialAction":[{"@type":"SearchAction","target":{"@type":"EntryPoint","urlTemplate":"https:\/\/www.casaldelsinfants.org\/es\/?s={search_term_string}"},"query-input":{"@type":"PropertyValueSpecification","valueRequired":true,"valueName":"search_term_string"}}],"inLanguage":"es"},{"@type":"Organization","@id":"https:\/\/www.casaldelsinfants.org\/es\/#organization","name":"Casal dels Infants","url":"https:\/\/www.casaldelsinfants.org\/es\/","logo":{"@type":"ImageObject","inLanguage":"es","@id":"https:\/\/www.casaldelsinfants.org\/es\/#\/schema\/logo\/image\/","url":"https:\/\/www.casaldelsinfants.org\/wp-content\/uploads\/logo-mail.png","contentUrl":"https:\/\/www.casaldelsinfants.org\/wp-content\/uploads\/logo-mail.png","width":380,"height":158,"caption":"Casal dels Infants"},"image":{"@id":"https:\/\/www.casaldelsinfants.org\/es\/#\/schema\/logo\/image\/"},"sameAs":["https:\/\/www.facebook.com\/casalinfants","https:\/\/x.com\/casalinfants","https:\/\/www.youtube.com\/user\/CasaldelsInfants1","https:\/\/www.instagram.com\/casalinfants\/","https:\/\/www.linkedin.com\/company\/casaldelsinfants?trk=organization-update_share-update_actor-text"]},{"@type":"Person","@id":"https:\/\/www.casaldelsinfants.org\/es\/#\/schema\/person\/97707fc8c64900cf36891127dbf9fba8","name":"cdiAdmin","sameAs":["https:\/\/casaldelsinfants.org"]}]}},"publishpress_future_action":{"enabled":false,"date":"2026-05-09 06:02:44","action":"change-status","newStatus":"draft","terms":[],"taxonomy":"category","extraData":[]},"publishpress_future_workflow_manual_trigger":{"enabledWorkflows":[]},"_links":{"self":[{"href":"https:\/\/www.casaldelsinfants.org\/es\/wp-json\/wp\/v2\/posts\/4237","targetHints":{"allow":["GET"]}}],"collection":[{"href":"https:\/\/www.casaldelsinfants.org\/es\/wp-json\/wp\/v2\/posts"}],"about":[{"href":"https:\/\/www.casaldelsinfants.org\/es\/wp-json\/wp\/v2\/types\/post"}],"author":[{"embeddable":true,"href":"https:\/\/www.casaldelsinfants.org\/es\/wp-json\/wp\/v2\/users\/1"}],"replies":[{"embeddable":true,"href":"https:\/\/www.casaldelsinfants.org\/es\/wp-json\/wp\/v2\/comments?post=4237"}],"version-history":[{"count":4,"href":"https:\/\/www.casaldelsinfants.org\/es\/wp-json\/wp\/v2\/posts\/4237\/revisions"}],"predecessor-version":[{"id":15394,"href":"https:\/\/www.casaldelsinfants.org\/es\/wp-json\/wp\/v2\/posts\/4237\/revisions\/15394"}],"wp:featuredmedia":[{"embeddable":true,"href":"https:\/\/www.casaldelsinfants.org\/es\/wp-json\/wp\/v2\/media\/2964"}],"wp:attachment":[{"href":"https:\/\/www.casaldelsinfants.org\/es\/wp-json\/wp\/v2\/media?parent=4237"}],"wp:term":[{"taxonomy":"category","embeddable":true,"href":"https:\/\/www.casaldelsinfants.org\/es\/wp-json\/wp\/v2\/categories?post=4237"},{"taxonomy":"post_tag","embeddable":true,"href":"https:\/\/www.casaldelsinfants.org\/es\/wp-json\/wp\/v2\/tags?post=4237"},{"taxonomy":"seus","embeddable":true,"href":"https:\/\/www.casaldelsinfants.org\/es\/wp-json\/wp\/v2\/seus?post=4237"},{"taxonomy":"eixos","embeddable":true,"href":"https:\/\/www.casaldelsinfants.org\/es\/wp-json\/wp\/v2\/eixos?post=4237"}],"curies":[{"name":"wp","href":"https:\/\/api.w.org\/{rel}","templated":true}]}}