{"id":4238,"date":"2022-03-02T10:27:34","date_gmt":"2022-03-02T08:27:34","guid":{"rendered":"https:\/\/casal.puntzero.cat\/noticies\/dossier-petita-infancia-grans-desigualtats-lacces-leducacio-0-3-catalunya\/"},"modified":"2023-11-08T15:12:19","modified_gmt":"2023-11-08T13:12:19","slug":"dossier-petita-infancia-grans-desigualtats-lacces-leducacio-0-3-catalunya","status":"publish","type":"post","link":"https:\/\/www.casaldelsinfants.org\/es\/actualidad\/dossier-petita-infancia-grans-desigualtats-lacces-leducacio-0-3-catalunya\/","title":{"rendered":"Dosier peque\u00f1a infancia, grandes desigualdades: el acceso a la educaci\u00f3n en la etapa de los 0 a los 3 a\u00f1os en Catalunya"},"content":{"rendered":"<p style=\"text-align: center;\"><strong>El acceso a la educaci\u00f3n entre los 0 y los 3 a\u00f1os es fundamental\u00a0<\/strong>para que los ni\u00f1os y ni\u00f1as tengan un desarrollo cognitivo adecuado, y marca sus vidas. A pesar de ser un derecho reconocido de todos los ni\u00f1os y ni\u00f1as,\u00a0<strong>esta etapa educativa en Catalunya NO es gratuita ni universal y encontramos graves desigualdades<\/strong>. Actualmente los ni\u00f1os y ni\u00f1as en riesgo de exclusi\u00f3n social son los que menos acceden a la educaci\u00f3n 0-3, porque sus familias no pueden asumir el gasto o porque no hay un reserva de plazas suficiente para estos ni\u00f1os.\u00a0<strong>Desc\u00e1rgate nuestro dosier<\/strong>\u00a0y descubre toda la informaci\u00f3n de Catalunya sobre el acceso a la educaci\u00f3n de los 0 a los 3 a\u00f1os.<\/p>\n<p>&nbsp;<\/p>\n<h3 style=\"text-align: center;\"><strong><a href=\"https:\/\/www.casaldelsinfants.org\/wp-content\/uploads\/Dossier-CAT-Petita-Infancia-Grans-desigualtats-casal-dels-Infants-ASB-2022.pdf\">Desc\u00e1rgate aqu\u00ed el dossier<\/a><\/strong><\/h3>\n<p>&nbsp;<\/p>\n<h3 style=\"text-align: center;\"><\/h3>\n<blockquote><p><strong>Haz posible que sigamos ofreciendo apoyo en la crianza y educativo a familias con hijos e hijas menores de 3 a\u00f1os, y ay\u00fadanos a reclamar una educaci\u00f3n 0-3 gratuita y universal.<\/strong><\/p>\n<p>Haz <strong>voluntariado<\/strong>. Inf\u00f3rmate <a tabindex=\"-1\" href=\"https:\/\/www.casaldelsinfants.org\/es\/que-puedes-hacer-tu\/voluntariado\/\" target=\"_blank\" rel=\"noopener\"><u>aqu\u00ed<\/u><\/a>.<\/p>\n<p>Haz un <strong>donativo<\/strong> <a tabindex=\"-1\" href=\"https:\/\/www.casaldelsinfants.org\/dona-ara\/\" target=\"_blank\" rel=\"noopener\"><u>aqu\u00ed<\/u><\/a>.<\/p><\/blockquote>\n","protected":false},"excerpt":{"rendered":"<p class=\"text-align-center\">\u00a0<\/p>\n<p class=\"text-align-center\">El acceso a la educaci\u00f3n entre los 0 y los 3 a\u00f1os es fundamental para que los ni\u00f1os y ni\u00f1as tengan un desarrollo cognitivo adecuado, y marca sus vidas. Pese a ser un derecho reconocido en la infancia, esta etapa educativa en Catalunya no es gratuita ni universal, y se dan graves desigualdades. Actualmente los ni\u00f1os y ni\u00f1as en riesgo de exclusi\u00f3n social son los que menos acceden a las guarder\u00edas, porque sus familias no pueden asumir el gasto que suponen o bien porque no se les reserva suficientes plazas. Para avanzar hacia la gratuidad y la universalizaci\u00f3n de todo el primer ciclo de educaci\u00f3n infantil hace falta m\u00e1s inversi\u00f3n, incrementar la reserva de plazas para ni\u00f1os y ni\u00f1as socialmente desfavorecidos y establecer unos criterios de prioridad m\u00e1s equitativos. Lo analizamos a partir de datos del Departamento de Educaci\u00f3n, del Institut d&#8217;Estad\u00edstica de Catalunya, de Eurostat y de las familias que participan en el Casal dels Infants.<\/p>\n<p class=\"text-align-center\">\u00a0<\/p>\n<p class=\"text-align-center\"><span style=\"color:#000000;\">Leed el dosier\u00a0<\/span><a href=\"https:\/\/www.casaldelsinfants.org\/sites\/default\/files\/2022-03\/0-3-dossier-ESP-peque%C3%B1a%20infancia%20grandes%20desigualdades.pdf\"><u><span style=\"color:#000000;\"><strong>\u00abPeque\u00f1a infancia, grandes desigualdades: el acceso a la educaci\u00f3n 0-3 en Catalunya\u00bb<\/strong><\/span><\/u><\/a><\/p>\n<p class=\"text-align-center\">\u00a0<\/p>\n<p class=\"text-align-center\">\u00a0<\/p>\n","protected":false},"author":1,"featured_media":2967,"comment_status":"open","ping_status":"open","sticky":false,"template":"","format":"standard","meta":{"_acf_changed":false,"_et_pb_use_builder":"","_et_pb_old_content":"","_et_gb_content_width":"","inline_featured_image":false,"footnotes":""},"categories":[105],"tags":[],"seus":[],"eixos":[107],"class_list":["post-4238","post","type-post","status-publish","format-standard","has-post-thumbnail","hentry","category-reportaje","eixos-pequena-infancia"],"acf":[],"yoast_head":"<!-- This site is optimized with the Yoast SEO plugin v27.4 - https:\/\/yoast.com\/product\/yoast-seo-wordpress\/ -->\n<title>Dosier peque\u00f1a infancia, grandes desigualdades: el acceso a la educaci\u00f3n en la etapa de los 0 a los 3 a\u00f1os en Catalunya - Casal dels Infants<\/title>\n<meta name=\"robots\" content=\"index, follow, max-snippet:-1, max-image-preview:large, max-video-preview:-1\" \/>\n<link rel=\"canonical\" href=\"https:\/\/www.casaldelsinfants.org\/es\/actualidad\/dossier-petita-infancia-grans-desigualtats-lacces-leducacio-0-3-catalunya\/\" \/>\n<meta property=\"og:locale\" content=\"es_ES\" \/>\n<meta property=\"og:type\" content=\"article\" \/>\n<meta property=\"og:title\" content=\"Dosier peque\u00f1a infancia, grandes desigualdades: el acceso a la educaci\u00f3n en la etapa de los 0 a los 3 a\u00f1os en Catalunya - Casal dels Infants\" \/>\n<meta property=\"og:description\" content=\"\u00a0  El acceso a la educaci\u00f3n entre los 0 y los 3 a\u00f1os es fundamental para que los ni\u00f1os y ni\u00f1as tengan un desarrollo cognitivo adecuado, y marca sus vidas. Pese a ser un derecho reconocido en la infancia, esta etapa educativa en Catalunya no es gratuita ni universal, y se dan graves desigualdades. Actualmente los ni\u00f1os y ni\u00f1as en riesgo de exclusi\u00f3n social son los que menos acceden a las guarder\u00edas, porque sus familias no pueden asumir el gasto que suponen o bien porque no se les reserva suficientes plazas. Para avanzar hacia la gratuidad y la universalizaci\u00f3n de todo el primer ciclo de educaci\u00f3n infantil hace falta m\u00e1s inversi\u00f3n, incrementar la reserva de plazas para ni\u00f1os y ni\u00f1as socialmente desfavorecidos y establecer unos criterios de prioridad m\u00e1s equitativos. Lo analizamos a partir de datos del Departamento de Educaci\u00f3n, del Institut d&#039;Estad\u00edstica de Catalunya, de Eurostat y de las familias que participan en el Casal dels Infants.  \u00a0  Leed el dosier\u00a0&quot;Peque\u00f1a infancia, grandes desigualdades: el acceso a la educaci\u00f3n 0-3 en Catalunya&quot;  \u00a0  \u00a0\" \/>\n<meta property=\"og:url\" content=\"https:\/\/www.casaldelsinfants.org\/es\/actualidad\/dossier-petita-infancia-grans-desigualtats-lacces-leducacio-0-3-catalunya\/\" \/>\n<meta property=\"og:site_name\" content=\"Casal dels Infants\" \/>\n<meta property=\"article:publisher\" content=\"https:\/\/www.facebook.com\/casalinfants\" \/>\n<meta property=\"article:published_time\" content=\"2022-03-02T08:27:34+00:00\" \/>\n<meta property=\"article:modified_time\" content=\"2023-11-08T13:12:19+00:00\" \/>\n<meta property=\"og:image\" content=\"https:\/\/www.casaldelsinfants.org\/wp-content\/uploads\/1230189-scaled.jpg\" \/>\n\t<meta property=\"og:image:width\" content=\"2560\" \/>\n\t<meta property=\"og:image:height\" content=\"1922\" \/>\n\t<meta property=\"og:image:type\" content=\"image\/jpeg\" \/>\n<meta name=\"author\" content=\"cdiAdmin\" \/>\n<meta name=\"twitter:card\" content=\"summary_large_image\" \/>\n<meta name=\"twitter:creator\" content=\"@casalinfants\" \/>\n<meta name=\"twitter:site\" content=\"@casalinfants\" \/>\n<meta name=\"twitter:label1\" content=\"Escrito por\" \/>\n\t<meta name=\"twitter:data1\" content=\"cdiAdmin\" \/>\n\t<meta name=\"twitter:label2\" content=\"Tiempo de lectura\" \/>\n\t<meta name=\"twitter:data2\" content=\"1 minuto\" \/>\n<script type=\"application\/ld+json\" class=\"yoast-schema-graph\">{\"@context\":\"https:\\\/\\\/schema.org\",\"@graph\":[{\"@type\":\"Article\",\"@id\":\"https:\\\/\\\/www.casaldelsinfants.org\\\/es\\\/actualidad\\\/dossier-petita-infancia-grans-desigualtats-lacces-leducacio-0-3-catalunya\\\/#article\",\"isPartOf\":{\"@id\":\"https:\\\/\\\/www.casaldelsinfants.org\\\/es\\\/actualidad\\\/dossier-petita-infancia-grans-desigualtats-lacces-leducacio-0-3-catalunya\\\/\"},\"author\":{\"name\":\"cdiAdmin\",\"@id\":\"https:\\\/\\\/www.casaldelsinfants.org\\\/es\\\/#\\\/schema\\\/person\\\/97707fc8c64900cf36891127dbf9fba8\"},\"headline\":\"Dosier peque\u00f1a infancia, grandes desigualdades: el acceso a la educaci\u00f3n en la etapa de los 0 a los 3 a\u00f1os en Catalunya\",\"datePublished\":\"2022-03-02T08:27:34+00:00\",\"dateModified\":\"2023-11-08T13:12:19+00:00\",\"mainEntityOfPage\":{\"@id\":\"https:\\\/\\\/www.casaldelsinfants.org\\\/es\\\/actualidad\\\/dossier-petita-infancia-grans-desigualtats-lacces-leducacio-0-3-catalunya\\\/\"},\"wordCount\":201,\"commentCount\":0,\"publisher\":{\"@id\":\"https:\\\/\\\/www.casaldelsinfants.org\\\/es\\\/#organization\"},\"image\":{\"@id\":\"https:\\\/\\\/www.casaldelsinfants.org\\\/es\\\/actualidad\\\/dossier-petita-infancia-grans-desigualtats-lacces-leducacio-0-3-catalunya\\\/#primaryimage\"},\"thumbnailUrl\":\"https:\\\/\\\/www.casaldelsinfants.org\\\/wp-content\\\/uploads\\\/1230189-scaled.jpg\",\"articleSection\":[\"Reportaje\"],\"inLanguage\":\"es\",\"potentialAction\":[{\"@type\":\"CommentAction\",\"name\":\"Comment\",\"target\":[\"https:\\\/\\\/www.casaldelsinfants.org\\\/es\\\/actualidad\\\/dossier-petita-infancia-grans-desigualtats-lacces-leducacio-0-3-catalunya\\\/#respond\"]}]},{\"@type\":\"WebPage\",\"@id\":\"https:\\\/\\\/www.casaldelsinfants.org\\\/es\\\/actualidad\\\/dossier-petita-infancia-grans-desigualtats-lacces-leducacio-0-3-catalunya\\\/\",\"url\":\"https:\\\/\\\/www.casaldelsinfants.org\\\/es\\\/actualidad\\\/dossier-petita-infancia-grans-desigualtats-lacces-leducacio-0-3-catalunya\\\/\",\"name\":\"Dosier peque\u00f1a infancia, grandes desigualdades: el acceso a la educaci\u00f3n en la etapa de los 0 a los 3 a\u00f1os en Catalunya - Casal dels Infants\",\"isPartOf\":{\"@id\":\"https:\\\/\\\/www.casaldelsinfants.org\\\/es\\\/#website\"},\"primaryImageOfPage\":{\"@id\":\"https:\\\/\\\/www.casaldelsinfants.org\\\/es\\\/actualidad\\\/dossier-petita-infancia-grans-desigualtats-lacces-leducacio-0-3-catalunya\\\/#primaryimage\"},\"image\":{\"@id\":\"https:\\\/\\\/www.casaldelsinfants.org\\\/es\\\/actualidad\\\/dossier-petita-infancia-grans-desigualtats-lacces-leducacio-0-3-catalunya\\\/#primaryimage\"},\"thumbnailUrl\":\"https:\\\/\\\/www.casaldelsinfants.org\\\/wp-content\\\/uploads\\\/1230189-scaled.jpg\",\"datePublished\":\"2022-03-02T08:27:34+00:00\",\"dateModified\":\"2023-11-08T13:12:19+00:00\",\"breadcrumb\":{\"@id\":\"https:\\\/\\\/www.casaldelsinfants.org\\\/es\\\/actualidad\\\/dossier-petita-infancia-grans-desigualtats-lacces-leducacio-0-3-catalunya\\\/#breadcrumb\"},\"inLanguage\":\"es\",\"potentialAction\":[{\"@type\":\"ReadAction\",\"target\":[\"https:\\\/\\\/www.casaldelsinfants.org\\\/es\\\/actualidad\\\/dossier-petita-infancia-grans-desigualtats-lacces-leducacio-0-3-catalunya\\\/\"]}]},{\"@type\":\"ImageObject\",\"inLanguage\":\"es\",\"@id\":\"https:\\\/\\\/www.casaldelsinfants.org\\\/es\\\/actualidad\\\/dossier-petita-infancia-grans-desigualtats-lacces-leducacio-0-3-catalunya\\\/#primaryimage\",\"url\":\"https:\\\/\\\/www.casaldelsinfants.org\\\/wp-content\\\/uploads\\\/1230189-scaled.jpg\",\"contentUrl\":\"https:\\\/\\\/www.casaldelsinfants.org\\\/wp-content\\\/uploads\\\/1230189-scaled.jpg\",\"width\":2560,\"height\":1922,\"caption\":\"Nens de 0-3 anys jugant al terra al Casal dels Infants de Santa Coloma\"},{\"@type\":\"BreadcrumbList\",\"@id\":\"https:\\\/\\\/www.casaldelsinfants.org\\\/es\\\/actualidad\\\/dossier-petita-infancia-grans-desigualtats-lacces-leducacio-0-3-catalunya\\\/#breadcrumb\",\"itemListElement\":[{\"@type\":\"ListItem\",\"position\":1,\"name\":\"Inici\",\"item\":\"https:\\\/\\\/www.casaldelsinfants.org\\\/es\\\/\"},{\"@type\":\"ListItem\",\"position\":2,\"name\":\"Dosier peque\u00f1a infancia, grandes desigualdades: el acceso a la educaci\u00f3n en la etapa de los 0 a los 3 a\u00f1os en Catalunya\"}]},{\"@type\":\"WebSite\",\"@id\":\"https:\\\/\\\/www.casaldelsinfants.org\\\/es\\\/#website\",\"url\":\"https:\\\/\\\/www.casaldelsinfants.org\\\/es\\\/\",\"name\":\"Casal dels Infants\",\"description\":\"\",\"publisher\":{\"@id\":\"https:\\\/\\\/www.casaldelsinfants.org\\\/es\\\/#organization\"},\"potentialAction\":[{\"@type\":\"SearchAction\",\"target\":{\"@type\":\"EntryPoint\",\"urlTemplate\":\"https:\\\/\\\/www.casaldelsinfants.org\\\/es\\\/?s={search_term_string}\"},\"query-input\":{\"@type\":\"PropertyValueSpecification\",\"valueRequired\":true,\"valueName\":\"search_term_string\"}}],\"inLanguage\":\"es\"},{\"@type\":\"Organization\",\"@id\":\"https:\\\/\\\/www.casaldelsinfants.org\\\/es\\\/#organization\",\"name\":\"Casal dels Infants\",\"url\":\"https:\\\/\\\/www.casaldelsinfants.org\\\/es\\\/\",\"logo\":{\"@type\":\"ImageObject\",\"inLanguage\":\"es\",\"@id\":\"https:\\\/\\\/www.casaldelsinfants.org\\\/es\\\/#\\\/schema\\\/logo\\\/image\\\/\",\"url\":\"https:\\\/\\\/www.casaldelsinfants.org\\\/wp-content\\\/uploads\\\/logo-mail.png\",\"contentUrl\":\"https:\\\/\\\/www.casaldelsinfants.org\\\/wp-content\\\/uploads\\\/logo-mail.png\",\"width\":380,\"height\":158,\"caption\":\"Casal dels Infants\"},\"image\":{\"@id\":\"https:\\\/\\\/www.casaldelsinfants.org\\\/es\\\/#\\\/schema\\\/logo\\\/image\\\/\"},\"sameAs\":[\"https:\\\/\\\/www.facebook.com\\\/casalinfants\",\"https:\\\/\\\/x.com\\\/casalinfants\",\"https:\\\/\\\/www.youtube.com\\\/user\\\/CasaldelsInfants1\",\"https:\\\/\\\/www.instagram.com\\\/casalinfants\\\/\",\"https:\\\/\\\/www.linkedin.com\\\/company\\\/casaldelsinfants?trk=organization-update_share-update_actor-text\"]},{\"@type\":\"Person\",\"@id\":\"https:\\\/\\\/www.casaldelsinfants.org\\\/es\\\/#\\\/schema\\\/person\\\/97707fc8c64900cf36891127dbf9fba8\",\"name\":\"cdiAdmin\",\"sameAs\":[\"https:\\\/\\\/casaldelsinfants.org\"]}]}<\/script>\n<!-- \/ Yoast SEO plugin. -->","yoast_head_json":{"title":"Dosier peque\u00f1a infancia, grandes desigualdades: el acceso a la educaci\u00f3n en la etapa de los 0 a los 3 a\u00f1os en Catalunya - Casal dels Infants","robots":{"index":"index","follow":"follow","max-snippet":"max-snippet:-1","max-image-preview":"max-image-preview:large","max-video-preview":"max-video-preview:-1"},"canonical":"https:\/\/www.casaldelsinfants.org\/es\/actualidad\/dossier-petita-infancia-grans-desigualtats-lacces-leducacio-0-3-catalunya\/","og_locale":"es_ES","og_type":"article","og_title":"Dosier peque\u00f1a infancia, grandes desigualdades: el acceso a la educaci\u00f3n en la etapa de los 0 a los 3 a\u00f1os en Catalunya - Casal dels Infants","og_description":"\u00a0  El acceso a la educaci\u00f3n entre los 0 y los 3 a\u00f1os es fundamental para que los ni\u00f1os y ni\u00f1as tengan un desarrollo cognitivo adecuado, y marca sus vidas. Pese a ser un derecho reconocido en la infancia, esta etapa educativa en Catalunya no es gratuita ni universal, y se dan graves desigualdades. Actualmente los ni\u00f1os y ni\u00f1as en riesgo de exclusi\u00f3n social son los que menos acceden a las guarder\u00edas, porque sus familias no pueden asumir el gasto que suponen o bien porque no se les reserva suficientes plazas. Para avanzar hacia la gratuidad y la universalizaci\u00f3n de todo el primer ciclo de educaci\u00f3n infantil hace falta m\u00e1s inversi\u00f3n, incrementar la reserva de plazas para ni\u00f1os y ni\u00f1as socialmente desfavorecidos y establecer unos criterios de prioridad m\u00e1s equitativos. Lo analizamos a partir de datos del Departamento de Educaci\u00f3n, del Institut d'Estad\u00edstica de Catalunya, de Eurostat y de las familias que participan en el Casal dels Infants.  \u00a0  Leed el dosier\u00a0\"Peque\u00f1a infancia, grandes desigualdades: el acceso a la educaci\u00f3n 0-3 en Catalunya\"  \u00a0  \u00a0","og_url":"https:\/\/www.casaldelsinfants.org\/es\/actualidad\/dossier-petita-infancia-grans-desigualtats-lacces-leducacio-0-3-catalunya\/","og_site_name":"Casal dels Infants","article_publisher":"https:\/\/www.facebook.com\/casalinfants","article_published_time":"2022-03-02T08:27:34+00:00","article_modified_time":"2023-11-08T13:12:19+00:00","og_image":[{"width":2560,"height":1922,"url":"https:\/\/www.casaldelsinfants.org\/wp-content\/uploads\/1230189-scaled.jpg","type":"image\/jpeg"}],"author":"cdiAdmin","twitter_card":"summary_large_image","twitter_creator":"@casalinfants","twitter_site":"@casalinfants","twitter_misc":{"Escrito por":"cdiAdmin","Tiempo de lectura":"1 minuto"},"schema":{"@context":"https:\/\/schema.org","@graph":[{"@type":"Article","@id":"https:\/\/www.casaldelsinfants.org\/es\/actualidad\/dossier-petita-infancia-grans-desigualtats-lacces-leducacio-0-3-catalunya\/#article","isPartOf":{"@id":"https:\/\/www.casaldelsinfants.org\/es\/actualidad\/dossier-petita-infancia-grans-desigualtats-lacces-leducacio-0-3-catalunya\/"},"author":{"name":"cdiAdmin","@id":"https:\/\/www.casaldelsinfants.org\/es\/#\/schema\/person\/97707fc8c64900cf36891127dbf9fba8"},"headline":"Dosier peque\u00f1a infancia, grandes desigualdades: el acceso a la educaci\u00f3n en la etapa de los 0 a los 3 a\u00f1os en Catalunya","datePublished":"2022-03-02T08:27:34+00:00","dateModified":"2023-11-08T13:12:19+00:00","mainEntityOfPage":{"@id":"https:\/\/www.casaldelsinfants.org\/es\/actualidad\/dossier-petita-infancia-grans-desigualtats-lacces-leducacio-0-3-catalunya\/"},"wordCount":201,"commentCount":0,"publisher":{"@id":"https:\/\/www.casaldelsinfants.org\/es\/#organization"},"image":{"@id":"https:\/\/www.casaldelsinfants.org\/es\/actualidad\/dossier-petita-infancia-grans-desigualtats-lacces-leducacio-0-3-catalunya\/#primaryimage"},"thumbnailUrl":"https:\/\/www.casaldelsinfants.org\/wp-content\/uploads\/1230189-scaled.jpg","articleSection":["Reportaje"],"inLanguage":"es","potentialAction":[{"@type":"CommentAction","name":"Comment","target":["https:\/\/www.casaldelsinfants.org\/es\/actualidad\/dossier-petita-infancia-grans-desigualtats-lacces-leducacio-0-3-catalunya\/#respond"]}]},{"@type":"WebPage","@id":"https:\/\/www.casaldelsinfants.org\/es\/actualidad\/dossier-petita-infancia-grans-desigualtats-lacces-leducacio-0-3-catalunya\/","url":"https:\/\/www.casaldelsinfants.org\/es\/actualidad\/dossier-petita-infancia-grans-desigualtats-lacces-leducacio-0-3-catalunya\/","name":"Dosier peque\u00f1a infancia, grandes desigualdades: el acceso a la educaci\u00f3n en la etapa de los 0 a los 3 a\u00f1os en Catalunya - Casal dels Infants","isPartOf":{"@id":"https:\/\/www.casaldelsinfants.org\/es\/#website"},"primaryImageOfPage":{"@id":"https:\/\/www.casaldelsinfants.org\/es\/actualidad\/dossier-petita-infancia-grans-desigualtats-lacces-leducacio-0-3-catalunya\/#primaryimage"},"image":{"@id":"https:\/\/www.casaldelsinfants.org\/es\/actualidad\/dossier-petita-infancia-grans-desigualtats-lacces-leducacio-0-3-catalunya\/#primaryimage"},"thumbnailUrl":"https:\/\/www.casaldelsinfants.org\/wp-content\/uploads\/1230189-scaled.jpg","datePublished":"2022-03-02T08:27:34+00:00","dateModified":"2023-11-08T13:12:19+00:00","breadcrumb":{"@id":"https:\/\/www.casaldelsinfants.org\/es\/actualidad\/dossier-petita-infancia-grans-desigualtats-lacces-leducacio-0-3-catalunya\/#breadcrumb"},"inLanguage":"es","potentialAction":[{"@type":"ReadAction","target":["https:\/\/www.casaldelsinfants.org\/es\/actualidad\/dossier-petita-infancia-grans-desigualtats-lacces-leducacio-0-3-catalunya\/"]}]},{"@type":"ImageObject","inLanguage":"es","@id":"https:\/\/www.casaldelsinfants.org\/es\/actualidad\/dossier-petita-infancia-grans-desigualtats-lacces-leducacio-0-3-catalunya\/#primaryimage","url":"https:\/\/www.casaldelsinfants.org\/wp-content\/uploads\/1230189-scaled.jpg","contentUrl":"https:\/\/www.casaldelsinfants.org\/wp-content\/uploads\/1230189-scaled.jpg","width":2560,"height":1922,"caption":"Nens de 0-3 anys jugant al terra al Casal dels Infants de Santa Coloma"},{"@type":"BreadcrumbList","@id":"https:\/\/www.casaldelsinfants.org\/es\/actualidad\/dossier-petita-infancia-grans-desigualtats-lacces-leducacio-0-3-catalunya\/#breadcrumb","itemListElement":[{"@type":"ListItem","position":1,"name":"Inici","item":"https:\/\/www.casaldelsinfants.org\/es\/"},{"@type":"ListItem","position":2,"name":"Dosier peque\u00f1a infancia, grandes desigualdades: el acceso a la educaci\u00f3n en la etapa de los 0 a los 3 a\u00f1os en Catalunya"}]},{"@type":"WebSite","@id":"https:\/\/www.casaldelsinfants.org\/es\/#website","url":"https:\/\/www.casaldelsinfants.org\/es\/","name":"Casal dels Infants","description":"","publisher":{"@id":"https:\/\/www.casaldelsinfants.org\/es\/#organization"},"potentialAction":[{"@type":"SearchAction","target":{"@type":"EntryPoint","urlTemplate":"https:\/\/www.casaldelsinfants.org\/es\/?s={search_term_string}"},"query-input":{"@type":"PropertyValueSpecification","valueRequired":true,"valueName":"search_term_string"}}],"inLanguage":"es"},{"@type":"Organization","@id":"https:\/\/www.casaldelsinfants.org\/es\/#organization","name":"Casal dels Infants","url":"https:\/\/www.casaldelsinfants.org\/es\/","logo":{"@type":"ImageObject","inLanguage":"es","@id":"https:\/\/www.casaldelsinfants.org\/es\/#\/schema\/logo\/image\/","url":"https:\/\/www.casaldelsinfants.org\/wp-content\/uploads\/logo-mail.png","contentUrl":"https:\/\/www.casaldelsinfants.org\/wp-content\/uploads\/logo-mail.png","width":380,"height":158,"caption":"Casal dels Infants"},"image":{"@id":"https:\/\/www.casaldelsinfants.org\/es\/#\/schema\/logo\/image\/"},"sameAs":["https:\/\/www.facebook.com\/casalinfants","https:\/\/x.com\/casalinfants","https:\/\/www.youtube.com\/user\/CasaldelsInfants1","https:\/\/www.instagram.com\/casalinfants\/","https:\/\/www.linkedin.com\/company\/casaldelsinfants?trk=organization-update_share-update_actor-text"]},{"@type":"Person","@id":"https:\/\/www.casaldelsinfants.org\/es\/#\/schema\/person\/97707fc8c64900cf36891127dbf9fba8","name":"cdiAdmin","sameAs":["https:\/\/casaldelsinfants.org"]}]}},"publishpress_future_action":{"enabled":false,"date":"2026-05-07 07:12:18","action":"change-status","newStatus":"draft","terms":[],"taxonomy":"category","extraData":[]},"publishpress_future_workflow_manual_trigger":{"enabledWorkflows":[]},"_links":{"self":[{"href":"https:\/\/www.casaldelsinfants.org\/es\/wp-json\/wp\/v2\/posts\/4238","targetHints":{"allow":["GET"]}}],"collection":[{"href":"https:\/\/www.casaldelsinfants.org\/es\/wp-json\/wp\/v2\/posts"}],"about":[{"href":"https:\/\/www.casaldelsinfants.org\/es\/wp-json\/wp\/v2\/types\/post"}],"author":[{"embeddable":true,"href":"https:\/\/www.casaldelsinfants.org\/es\/wp-json\/wp\/v2\/users\/1"}],"replies":[{"embeddable":true,"href":"https:\/\/www.casaldelsinfants.org\/es\/wp-json\/wp\/v2\/comments?post=4238"}],"version-history":[{"count":7,"href":"https:\/\/www.casaldelsinfants.org\/es\/wp-json\/wp\/v2\/posts\/4238\/revisions"}],"predecessor-version":[{"id":15490,"href":"https:\/\/www.casaldelsinfants.org\/es\/wp-json\/wp\/v2\/posts\/4238\/revisions\/15490"}],"wp:featuredmedia":[{"embeddable":true,"href":"https:\/\/www.casaldelsinfants.org\/es\/wp-json\/wp\/v2\/media\/2967"}],"wp:attachment":[{"href":"https:\/\/www.casaldelsinfants.org\/es\/wp-json\/wp\/v2\/media?parent=4238"}],"wp:term":[{"taxonomy":"category","embeddable":true,"href":"https:\/\/www.casaldelsinfants.org\/es\/wp-json\/wp\/v2\/categories?post=4238"},{"taxonomy":"post_tag","embeddable":true,"href":"https:\/\/www.casaldelsinfants.org\/es\/wp-json\/wp\/v2\/tags?post=4238"},{"taxonomy":"seus","embeddable":true,"href":"https:\/\/www.casaldelsinfants.org\/es\/wp-json\/wp\/v2\/seus?post=4238"},{"taxonomy":"eixos","embeddable":true,"href":"https:\/\/www.casaldelsinfants.org\/es\/wp-json\/wp\/v2\/eixos?post=4238"}],"curies":[{"name":"wp","href":"https:\/\/api.w.org\/{rel}","templated":true}]}}