{"id":4239,"date":"2022-03-01T09:45:24","date_gmt":"2022-03-01T07:45:24","guid":{"rendered":"https:\/\/casal.puntzero.cat\/noticies\/construir-conjuntament-el-casal-el-consell-de-participacio-del-casal-dels-infants-al-raval\/"},"modified":"2023-05-01T17:42:03","modified_gmt":"2023-05-01T15:42:03","slug":"construir-conjuntament-el-casal-el-consell-de-participacio-del-casal-dels-infants-al-raval","status":"publish","type":"post","link":"https:\/\/www.casaldelsinfants.org\/es\/actualidad\/construir-participacion-casal-dels-infants-en-raval\/","title":{"rendered":"Construir conjuntamente el Casal: el Consell de Participaci\u00f3 del Casal dels Infants en el Raval"},"content":{"rendered":"<div class=\"video-embed-field-responsive-video form-group\"><iframe loading=\"lazy\" width=\"854\" height=\"480\" frameborder=\"0\" allowfullscreen=\"allowfullscreen\" src=\"https:\/\/www.youtube.com\/embed\/4nJmtMjRrMs?autoplay=0&amp;start=0&amp;rel=0\"><\/iframe>\n<\/div>\n<p><meta charset=\"utf-8\" \/><\/p>\n<p dir=\"ltr\">\u00a0<\/p>\n<p dir=\"ltr\"><meta charset=\"utf-8\" \/><\/p>\n<p dir=\"ltr\"><span style=\"color:#000000;\">\u201c\u00a1Buenas tardes!\u201d se repite a medida que los ni\u00f1os, ni\u00f1as, adolescentes y j\u00f3venes entran en la sala. Los y las participantes del Casal dels Infants del barrio del Raval son bienvenidos por Maria Jos\u00e9 Garcia, directora de la sede en el barrio, Laia Ribas, responsable de J\u00f3venes, y Anna Solanas, responsable de Infancia. Tal y como entran, se sientan en las sillas que ya est\u00e1n colocadas en un c\u00edrculo: empieza <strong>el Consell de Participaci\u00f3<\/strong>. Se trata de un espacio de encuentro donde los participantes del Casal comparten las demandas y propuestas de cada grupo de edad y se piensan mejoras de manera conjunta para las actividades y los locales del Casal, y el barrio del Raval.\u00a0<\/span><\/p>\n<p dir=\"ltr\"><span style=\"color:#000000;\">Libretas, folios y -para los m\u00e1s modernos- m\u00f3viles en mano, la reuni\u00f3n empieza con presentaciones y recordando la \u00faltima vez que se vieron en el Consell. Se re\u00fanen una vez cada dos meses para proponer nuevas iniciativas y hacer un seguimiento de aquellas que ya se hab\u00edan acordado previamente, pero la covid-19 ha afectado esta periodicidad. Esta reuni\u00f3n se tendr\u00eda que haber celebrado antes de Navidad si la sexta ola no lo hubiera impedido. La actividad en el Casal, pero, ha continuado, y tambi\u00e9n las propuestas y el esp\u00edritu cr\u00edtico y de participaci\u00f3n de los ni\u00f1os y adolescentes. \u201cPara el Casal es muy importante <strong>la participaci\u00f3n como herramienta educativa<\/strong>, para que entre todos y todas podamos construir como nos gusta el Casal, qu\u00e9 necesitamos y qu\u00e9 echamos de menos\u201d, explica Anna Solanas.\u00a0<\/span><\/p>\n<p dir=\"ltr\"><span style=\"color:#000000;\">En cinco minutos de reuni\u00f3n, ya se ha hecho una propuesta, se ha deliberado entre todas y todos qu\u00e9 prefer\u00edan y se ha tomado una decisi\u00f3n: el Consell se traslada de las sillas en c\u00edrculo a una circunferencia irregular de sof\u00e1s y colchones en el suelo. As\u00ed est\u00e1n m\u00e1s c\u00f3modos. Los chicos y chicas, que son los delegados y delegadas representantes de su grupo, tienen ganas de decir la suya y compartir las dudas, las propuestas y las iniciativas que han recogido. El Consell est\u00e1 compuesto por<strong> dos delegados y delegadas de cada grupo de edad<\/strong>, de los 6 a los 21 a\u00f1os, que son escogidos de manera asamblearia por sus compa\u00f1eros y compa\u00f1eras. Por turnos, los delegados enumeran las propuestas de mejora de sus grupos y se comenta la viabilidad de estas peticiones, mientras que Laia Ribas apunta en una cartulina grande aquellas que est\u00e1n dirigidas al barrio.\u00a0<\/span><\/p>\n<p dir=\"ltr\">\u00a0<\/p>\n<p><img decoding=\"async\" alt=\"Una de les reponsables de projectes apunta amb un retulador en una cartolina gran i verda estirada al terra el que van dient els delegats.\" data-entity-type=\"file\" data-entity-uuid=\"c8a1d235-0d67-4137-b34c-fdb8c84331f4\" data-image-style=\"large\" src=\"\/wp-content\/uploads\/inline-images\/1.jpg\" width=\"480\" height=\"270\" typeof=\"foaf:Image\" class=\"align-center\" \/><\/p>\n<p dir=\"ltr\">\u00a0<\/p>\n<p dir=\"ltr\"><span style=\"color:#000000;\"><meta charset=\"utf-8\" \/><\/span><meta charset=\"utf-8\" \/><span style=\"color:#000000;\">En las reuniones se tratan dudas que no tienen cabida en el dia a dia, temas relacionados con la organizaci\u00f3n de las actividades y la gesti\u00f3n de los espacios del Casal- como escoger el color de las paredes de salas o pedir nuevos libros a la biblioteca, m\u00e1s salidas al parque o excursiones-, a parte de incluir una mirada hacia el barrio para pensar conjuntamente maneras e iniciativas para mejorar las condiciones.\u00a0<\/span><\/p>\n<p dir=\"ltr\"><span style=\"color:#000000;\">En la \u00faltima reuni\u00f3n, los participantes del Casal mostraron su deseo e inquietud para tener <strong>un barrio m\u00e1s limpio y m\u00e1s seguro<\/strong>, con menos basura, menos drogas y m\u00e1s luz en la calle, y las ganas de cooperar para conseguirlo. \u201cEn la reuni\u00f3n hemos hablado de recaptar dinero para ayudar a la gente que tiene que dormir en la calle\u201d, explica Janrik, delegado del grupo de Grans del Centro Abierto Infantil (COI). Otro tema fue la queja colectiva por los pocos espacios de juego en el barrio. Gracias a estar en el Consell, pero, dos delegados de grupos diferentes que van a la misma escuela se pusieron de acuerdo para hablar con sus tutores para pedirles abrir el patio de la escuela despu\u00e9s de horas lectivas. De esta manera, la misma escuela tendr\u00e1 la misma demanda de dos personas diferentes. Participando y trabajando en equipo, pueden conseguir mejoras para todos los ni\u00f1os y ni\u00f1as del barrio.\u00a0<\/span><\/p>\n<p dir=\"ltr\">\u00a0<\/p>\n<p><img decoding=\"async\" alt=\"Nens, nenes i responsables de projectes parlen en una rotllana de sof\u00e0s i matalassos.\" data-entity-type=\"file\" data-entity-uuid=\"378a566f-1a61-4111-b362-f97eeef6b667\" data-image-style=\"large\" src=\"\/wp-content\/uploads\/inline-images\/5%20%281%29.jpg\" width=\"480\" height=\"270\" typeof=\"foaf:Image\" class=\"align-center\" \/><\/p>\n<p dir=\"ltr\">\u00a0<\/p>\n<p dir=\"ltr\"><meta charset=\"utf-8\" \/><\/p>\n<p dir=\"ltr\"><span style=\"color:#000000;\">El Consell de Participaci\u00f3 se cre\u00f3 para posicionar la participaci\u00f3n como herramienta de beneficio com\u00fan. \u201cLa idea es poder construir y hacer propio el Casal, porque cuando sientes que algo es tuyo, participas mucho mejor y te hace m\u00e1s ilusi\u00f3n todo\u201d, apunta Anna. Y as\u00ed es para Mark Leo, delegado del grupo 1 del Centro Abierto Adolescente (COA): \u201cme gusta mucho este espacio porque <strong>las personas adultas valoran nuestra opini\u00f3n<\/strong>. Podemos cambiar nuestro barrio y hacer cosas que mucha gente quiere pero nunca han podido hacer, y ahora nosotros tenemos la oportunidad de hacerlo\u201d.\u00a0<\/span><\/p>\n<p dir=\"ltr\"><span style=\"color:#000000;\">Al cabo de una hora de compartir propuestas y haber escuchado los delegados y delegadas, el Consell de Participaci\u00f3 concluye. Parece que todo el mundo est\u00e1 satisfecho: Anna, Maria Jos\u00e9 y Laia, con sonrisas de orgullo por sus ni\u00f1os y ni\u00f1as escondidas detr\u00e1s de las mascarillas, destacan como ha estado de productiva la reuni\u00f3n. \u201c\u00a1Hay reuniones de adultos donde cuesta mucho m\u00e1s avanzar tanto como lo hemos hecho hoy!\u201d, se\u00f1ala Anna. Los delegados y delegadas, contentos por haber tenido un espacio para decir lo que piensan y con ganas de volver con sus compa\u00f1eros y compa\u00f1eras por lo que queda de tarde, recogen las libretas, los folios y los m\u00f3viles con las nuevas anotaciones. A\u00fan con espacio en blanco, pero, para la pr\u00f3xima reuni\u00f3n.\u00a0<\/span><\/p>\n<p dir=\"ltr\">\u00a0<\/p>\n<blockquote>\n<p><strong>Haz posible que sigamos apoyando a ni\u00f1os, ni\u00f1as, adolescentes y j\u00f3venes en situaci\u00f3n de vulnerabilidad.<\/strong><\/p>\n<p>Haz\u00a0<strong>voluntariado<\/strong>. Inf\u00f3rmate\u00a0<a href=\"https:\/\/www.casaldelsinfants.org\/es\/que-puedes-hacer-tu\/voluntariado\/\" target=\"_blank\" rel=\"noopener\"><u>aqu\u00ed<\/u><\/a>.<\/p>\n<p>Haz un\u00a0<strong>donativo<\/strong>\u00a0<a href=\"https:\/\/www.casaldelsinfants.org\/es\/que-puedes-hacer-tu\/haz-un-donativo\/\" target=\"_blank\" rel=\"noopener\"><u>aqu\u00ed<\/u><\/a>.<\/p>\n<\/blockquote>\n<p dir=\"ltr\">\u00a0<\/p>\n","protected":false},"excerpt":{"rendered":"<p>\u00a0 \u201c\u00a1Buenas tardes!\u201d se repite a medida que los ni\u00f1os, ni\u00f1as, adolescentes y j\u00f3venes entran en la sala. Los y las participantes del Casal dels Infants del barrio del Raval son bienvenidos por Maria Jos\u00e9 Garcia, directora de la sede en el barrio, Laia Ribas, responsable de J\u00f3venes, y Anna Solanas, responsable de Infancia. Tal [&hellip;]<\/p>\n","protected":false},"author":1,"featured_media":0,"comment_status":"open","ping_status":"open","sticky":false,"template":"","format":"standard","meta":{"_acf_changed":false,"_et_pb_use_builder":"","_et_pb_old_content":"","_et_gb_content_width":"","inline_featured_image":false,"footnotes":""},"categories":[125],"tags":[],"seus":[16,157],"eixos":[99,207,226],"class_list":{"0":"post-4239","1":"post","2":"type-post","3":"status-publish","4":"format-standard","5":"hentry","6":"category-noticias","7":"seus-el-raval","9":"eixos-infancia-y-adolescencia","10":"eixos-infancia-i-adolescencia-es-2","11":"eixos-infancia-i-adolescencia-es-3"},"acf":[],"yoast_head":"<!-- This site is optimized with the Yoast SEO plugin v27.4 - https:\/\/yoast.com\/product\/yoast-seo-wordpress\/ -->\n<title>El Consell de Participaci\u00f3 en Casal dels Infants del Raval<\/title>\n<meta name=\"description\" content=\"El Consell de Participaci\u00f3 del Casal dels Infants en el Raval re\u00fane ni\u00f1os, adolescentes, j\u00f3venes y responsables de proyectos para poner en com\u00fan dudas, propuestas y mejoras para la construcci\u00f3n del Casal, tanto en el local como en las actividades, y el barrio.\" \/>\n<meta name=\"robots\" content=\"index, follow, max-snippet:-1, max-image-preview:large, max-video-preview:-1\" \/>\n<link rel=\"canonical\" href=\"https:\/\/www.casaldelsinfants.org\/es\/actualidad\/construir-participacion-casal-dels-infants-en-raval\/\" \/>\n<meta property=\"og:locale\" content=\"es_ES\" \/>\n<meta property=\"og:type\" content=\"article\" \/>\n<meta property=\"og:title\" content=\"El Consell de Participaci\u00f3 en Casal dels Infants del Raval\" \/>\n<meta property=\"og:description\" content=\"El Consell de Participaci\u00f3 del Casal dels Infants en el Raval re\u00fane ni\u00f1os, adolescentes, j\u00f3venes y responsables de proyectos para poner en com\u00fan dudas, propuestas y mejoras para la construcci\u00f3n del Casal, tanto en el local como en las actividades, y el barrio.\" \/>\n<meta property=\"og:url\" content=\"https:\/\/www.casaldelsinfants.org\/es\/actualidad\/construir-participacion-casal-dels-infants-en-raval\/\" \/>\n<meta property=\"og:site_name\" content=\"Casal dels Infants\" \/>\n<meta property=\"article:publisher\" content=\"https:\/\/www.facebook.com\/casalinfants\" \/>\n<meta property=\"article:published_time\" content=\"2022-03-01T07:45:24+00:00\" \/>\n<meta property=\"article:modified_time\" content=\"2023-05-01T15:42:03+00:00\" \/>\n<meta name=\"author\" content=\"cdiAdmin\" \/>\n<meta name=\"twitter:card\" content=\"summary_large_image\" \/>\n<meta name=\"twitter:creator\" content=\"@casalinfants\" \/>\n<meta name=\"twitter:site\" content=\"@casalinfants\" \/>\n<meta name=\"twitter:label1\" content=\"Escrito por\" \/>\n\t<meta name=\"twitter:data1\" content=\"cdiAdmin\" \/>\n\t<meta name=\"twitter:label2\" content=\"Tiempo de lectura\" \/>\n\t<meta name=\"twitter:data2\" content=\"5 minutos\" \/>\n<script type=\"application\/ld+json\" class=\"yoast-schema-graph\">{\"@context\":\"https:\\\/\\\/schema.org\",\"@graph\":[{\"@type\":\"Article\",\"@id\":\"https:\\\/\\\/www.casaldelsinfants.org\\\/es\\\/actualidad\\\/construir-participacion-casal-dels-infants-en-raval\\\/#article\",\"isPartOf\":{\"@id\":\"https:\\\/\\\/www.casaldelsinfants.org\\\/es\\\/actualidad\\\/construir-participacion-casal-dels-infants-en-raval\\\/\"},\"author\":{\"name\":\"cdiAdmin\",\"@id\":\"https:\\\/\\\/www.casaldelsinfants.org\\\/es\\\/#\\\/schema\\\/person\\\/97707fc8c64900cf36891127dbf9fba8\"},\"headline\":\"Construir conjuntamente el Casal: el Consell de Participaci\u00f3 del Casal dels Infants en el Raval\",\"datePublished\":\"2022-03-01T07:45:24+00:00\",\"dateModified\":\"2023-05-01T15:42:03+00:00\",\"mainEntityOfPage\":{\"@id\":\"https:\\\/\\\/www.casaldelsinfants.org\\\/es\\\/actualidad\\\/construir-participacion-casal-dels-infants-en-raval\\\/\"},\"wordCount\":942,\"commentCount\":0,\"publisher\":{\"@id\":\"https:\\\/\\\/www.casaldelsinfants.org\\\/es\\\/#organization\"},\"articleSection\":[\"Noticia\"],\"inLanguage\":\"es\",\"potentialAction\":[{\"@type\":\"CommentAction\",\"name\":\"Comment\",\"target\":[\"https:\\\/\\\/www.casaldelsinfants.org\\\/es\\\/actualidad\\\/construir-participacion-casal-dels-infants-en-raval\\\/#respond\"]}]},{\"@type\":\"WebPage\",\"@id\":\"https:\\\/\\\/www.casaldelsinfants.org\\\/es\\\/actualidad\\\/construir-participacion-casal-dels-infants-en-raval\\\/\",\"url\":\"https:\\\/\\\/www.casaldelsinfants.org\\\/es\\\/actualidad\\\/construir-participacion-casal-dels-infants-en-raval\\\/\",\"name\":\"El Consell de Participaci\u00f3 en Casal dels Infants del Raval\",\"isPartOf\":{\"@id\":\"https:\\\/\\\/www.casaldelsinfants.org\\\/es\\\/#website\"},\"datePublished\":\"2022-03-01T07:45:24+00:00\",\"dateModified\":\"2023-05-01T15:42:03+00:00\",\"description\":\"El Consell de Participaci\u00f3 del Casal dels Infants en el Raval re\u00fane ni\u00f1os, adolescentes, j\u00f3venes y responsables de proyectos para poner en com\u00fan dudas, propuestas y mejoras para la construcci\u00f3n del Casal, tanto en el local como en las actividades, y el barrio.\",\"breadcrumb\":{\"@id\":\"https:\\\/\\\/www.casaldelsinfants.org\\\/es\\\/actualidad\\\/construir-participacion-casal-dels-infants-en-raval\\\/#breadcrumb\"},\"inLanguage\":\"es\",\"potentialAction\":[{\"@type\":\"ReadAction\",\"target\":[\"https:\\\/\\\/www.casaldelsinfants.org\\\/es\\\/actualidad\\\/construir-participacion-casal-dels-infants-en-raval\\\/\"]}]},{\"@type\":\"BreadcrumbList\",\"@id\":\"https:\\\/\\\/www.casaldelsinfants.org\\\/es\\\/actualidad\\\/construir-participacion-casal-dels-infants-en-raval\\\/#breadcrumb\",\"itemListElement\":[{\"@type\":\"ListItem\",\"position\":1,\"name\":\"Inici\",\"item\":\"https:\\\/\\\/www.casaldelsinfants.org\\\/es\\\/\"},{\"@type\":\"ListItem\",\"position\":2,\"name\":\"Construir conjuntamente el Casal: el Consell de Participaci\u00f3 del Casal dels Infants en el Raval\"}]},{\"@type\":\"WebSite\",\"@id\":\"https:\\\/\\\/www.casaldelsinfants.org\\\/es\\\/#website\",\"url\":\"https:\\\/\\\/www.casaldelsinfants.org\\\/es\\\/\",\"name\":\"Casal dels Infants\",\"description\":\"\",\"publisher\":{\"@id\":\"https:\\\/\\\/www.casaldelsinfants.org\\\/es\\\/#organization\"},\"potentialAction\":[{\"@type\":\"SearchAction\",\"target\":{\"@type\":\"EntryPoint\",\"urlTemplate\":\"https:\\\/\\\/www.casaldelsinfants.org\\\/es\\\/?s={search_term_string}\"},\"query-input\":{\"@type\":\"PropertyValueSpecification\",\"valueRequired\":true,\"valueName\":\"search_term_string\"}}],\"inLanguage\":\"es\"},{\"@type\":\"Organization\",\"@id\":\"https:\\\/\\\/www.casaldelsinfants.org\\\/es\\\/#organization\",\"name\":\"Casal dels Infants\",\"url\":\"https:\\\/\\\/www.casaldelsinfants.org\\\/es\\\/\",\"logo\":{\"@type\":\"ImageObject\",\"inLanguage\":\"es\",\"@id\":\"https:\\\/\\\/www.casaldelsinfants.org\\\/es\\\/#\\\/schema\\\/logo\\\/image\\\/\",\"url\":\"https:\\\/\\\/www.casaldelsinfants.org\\\/wp-content\\\/uploads\\\/logo-mail.png\",\"contentUrl\":\"https:\\\/\\\/www.casaldelsinfants.org\\\/wp-content\\\/uploads\\\/logo-mail.png\",\"width\":380,\"height\":158,\"caption\":\"Casal dels Infants\"},\"image\":{\"@id\":\"https:\\\/\\\/www.casaldelsinfants.org\\\/es\\\/#\\\/schema\\\/logo\\\/image\\\/\"},\"sameAs\":[\"https:\\\/\\\/www.facebook.com\\\/casalinfants\",\"https:\\\/\\\/x.com\\\/casalinfants\",\"https:\\\/\\\/www.youtube.com\\\/user\\\/CasaldelsInfants1\",\"https:\\\/\\\/www.instagram.com\\\/casalinfants\\\/\",\"https:\\\/\\\/www.linkedin.com\\\/company\\\/casaldelsinfants?trk=organization-update_share-update_actor-text\"]},{\"@type\":\"Person\",\"@id\":\"https:\\\/\\\/www.casaldelsinfants.org\\\/es\\\/#\\\/schema\\\/person\\\/97707fc8c64900cf36891127dbf9fba8\",\"name\":\"cdiAdmin\",\"sameAs\":[\"https:\\\/\\\/casaldelsinfants.org\"]}]}<\/script>\n<!-- \/ Yoast SEO plugin. -->","yoast_head_json":{"title":"El Consell de Participaci\u00f3 en Casal dels Infants del Raval","description":"El Consell de Participaci\u00f3 del Casal dels Infants en el Raval re\u00fane ni\u00f1os, adolescentes, j\u00f3venes y responsables de proyectos para poner en com\u00fan dudas, propuestas y mejoras para la construcci\u00f3n del Casal, tanto en el local como en las actividades, y el barrio.","robots":{"index":"index","follow":"follow","max-snippet":"max-snippet:-1","max-image-preview":"max-image-preview:large","max-video-preview":"max-video-preview:-1"},"canonical":"https:\/\/www.casaldelsinfants.org\/es\/actualidad\/construir-participacion-casal-dels-infants-en-raval\/","og_locale":"es_ES","og_type":"article","og_title":"El Consell de Participaci\u00f3 en Casal dels Infants del Raval","og_description":"El Consell de Participaci\u00f3 del Casal dels Infants en el Raval re\u00fane ni\u00f1os, adolescentes, j\u00f3venes y responsables de proyectos para poner en com\u00fan dudas, propuestas y mejoras para la construcci\u00f3n del Casal, tanto en el local como en las actividades, y el barrio.","og_url":"https:\/\/www.casaldelsinfants.org\/es\/actualidad\/construir-participacion-casal-dels-infants-en-raval\/","og_site_name":"Casal dels Infants","article_publisher":"https:\/\/www.facebook.com\/casalinfants","article_published_time":"2022-03-01T07:45:24+00:00","article_modified_time":"2023-05-01T15:42:03+00:00","author":"cdiAdmin","twitter_card":"summary_large_image","twitter_creator":"@casalinfants","twitter_site":"@casalinfants","twitter_misc":{"Escrito por":"cdiAdmin","Tiempo de lectura":"5 minutos"},"schema":{"@context":"https:\/\/schema.org","@graph":[{"@type":"Article","@id":"https:\/\/www.casaldelsinfants.org\/es\/actualidad\/construir-participacion-casal-dels-infants-en-raval\/#article","isPartOf":{"@id":"https:\/\/www.casaldelsinfants.org\/es\/actualidad\/construir-participacion-casal-dels-infants-en-raval\/"},"author":{"name":"cdiAdmin","@id":"https:\/\/www.casaldelsinfants.org\/es\/#\/schema\/person\/97707fc8c64900cf36891127dbf9fba8"},"headline":"Construir conjuntamente el Casal: el Consell de Participaci\u00f3 del Casal dels Infants en el Raval","datePublished":"2022-03-01T07:45:24+00:00","dateModified":"2023-05-01T15:42:03+00:00","mainEntityOfPage":{"@id":"https:\/\/www.casaldelsinfants.org\/es\/actualidad\/construir-participacion-casal-dels-infants-en-raval\/"},"wordCount":942,"commentCount":0,"publisher":{"@id":"https:\/\/www.casaldelsinfants.org\/es\/#organization"},"articleSection":["Noticia"],"inLanguage":"es","potentialAction":[{"@type":"CommentAction","name":"Comment","target":["https:\/\/www.casaldelsinfants.org\/es\/actualidad\/construir-participacion-casal-dels-infants-en-raval\/#respond"]}]},{"@type":"WebPage","@id":"https:\/\/www.casaldelsinfants.org\/es\/actualidad\/construir-participacion-casal-dels-infants-en-raval\/","url":"https:\/\/www.casaldelsinfants.org\/es\/actualidad\/construir-participacion-casal-dels-infants-en-raval\/","name":"El Consell de Participaci\u00f3 en Casal dels Infants del Raval","isPartOf":{"@id":"https:\/\/www.casaldelsinfants.org\/es\/#website"},"datePublished":"2022-03-01T07:45:24+00:00","dateModified":"2023-05-01T15:42:03+00:00","description":"El Consell de Participaci\u00f3 del Casal dels Infants en el Raval re\u00fane ni\u00f1os, adolescentes, j\u00f3venes y responsables de proyectos para poner en com\u00fan dudas, propuestas y mejoras para la construcci\u00f3n del Casal, tanto en el local como en las actividades, y el barrio.","breadcrumb":{"@id":"https:\/\/www.casaldelsinfants.org\/es\/actualidad\/construir-participacion-casal-dels-infants-en-raval\/#breadcrumb"},"inLanguage":"es","potentialAction":[{"@type":"ReadAction","target":["https:\/\/www.casaldelsinfants.org\/es\/actualidad\/construir-participacion-casal-dels-infants-en-raval\/"]}]},{"@type":"BreadcrumbList","@id":"https:\/\/www.casaldelsinfants.org\/es\/actualidad\/construir-participacion-casal-dels-infants-en-raval\/#breadcrumb","itemListElement":[{"@type":"ListItem","position":1,"name":"Inici","item":"https:\/\/www.casaldelsinfants.org\/es\/"},{"@type":"ListItem","position":2,"name":"Construir conjuntamente el Casal: el Consell de Participaci\u00f3 del Casal dels Infants en el Raval"}]},{"@type":"WebSite","@id":"https:\/\/www.casaldelsinfants.org\/es\/#website","url":"https:\/\/www.casaldelsinfants.org\/es\/","name":"Casal dels Infants","description":"","publisher":{"@id":"https:\/\/www.casaldelsinfants.org\/es\/#organization"},"potentialAction":[{"@type":"SearchAction","target":{"@type":"EntryPoint","urlTemplate":"https:\/\/www.casaldelsinfants.org\/es\/?s={search_term_string}"},"query-input":{"@type":"PropertyValueSpecification","valueRequired":true,"valueName":"search_term_string"}}],"inLanguage":"es"},{"@type":"Organization","@id":"https:\/\/www.casaldelsinfants.org\/es\/#organization","name":"Casal dels Infants","url":"https:\/\/www.casaldelsinfants.org\/es\/","logo":{"@type":"ImageObject","inLanguage":"es","@id":"https:\/\/www.casaldelsinfants.org\/es\/#\/schema\/logo\/image\/","url":"https:\/\/www.casaldelsinfants.org\/wp-content\/uploads\/logo-mail.png","contentUrl":"https:\/\/www.casaldelsinfants.org\/wp-content\/uploads\/logo-mail.png","width":380,"height":158,"caption":"Casal dels Infants"},"image":{"@id":"https:\/\/www.casaldelsinfants.org\/es\/#\/schema\/logo\/image\/"},"sameAs":["https:\/\/www.facebook.com\/casalinfants","https:\/\/x.com\/casalinfants","https:\/\/www.youtube.com\/user\/CasaldelsInfants1","https:\/\/www.instagram.com\/casalinfants\/","https:\/\/www.linkedin.com\/company\/casaldelsinfants?trk=organization-update_share-update_actor-text"]},{"@type":"Person","@id":"https:\/\/www.casaldelsinfants.org\/es\/#\/schema\/person\/97707fc8c64900cf36891127dbf9fba8","name":"cdiAdmin","sameAs":["https:\/\/casaldelsinfants.org"]}]}},"publishpress_future_action":{"enabled":false,"date":"2026-05-09 12:07:11","action":"change-status","newStatus":"draft","terms":[],"taxonomy":"category","extraData":[]},"publishpress_future_workflow_manual_trigger":{"enabledWorkflows":[]},"_links":{"self":[{"href":"https:\/\/www.casaldelsinfants.org\/es\/wp-json\/wp\/v2\/posts\/4239","targetHints":{"allow":["GET"]}}],"collection":[{"href":"https:\/\/www.casaldelsinfants.org\/es\/wp-json\/wp\/v2\/posts"}],"about":[{"href":"https:\/\/www.casaldelsinfants.org\/es\/wp-json\/wp\/v2\/types\/post"}],"author":[{"embeddable":true,"href":"https:\/\/www.casaldelsinfants.org\/es\/wp-json\/wp\/v2\/users\/1"}],"replies":[{"embeddable":true,"href":"https:\/\/www.casaldelsinfants.org\/es\/wp-json\/wp\/v2\/comments?post=4239"}],"version-history":[{"count":1,"href":"https:\/\/www.casaldelsinfants.org\/es\/wp-json\/wp\/v2\/posts\/4239\/revisions"}],"predecessor-version":[{"id":6225,"href":"https:\/\/www.casaldelsinfants.org\/es\/wp-json\/wp\/v2\/posts\/4239\/revisions\/6225"}],"wp:attachment":[{"href":"https:\/\/www.casaldelsinfants.org\/es\/wp-json\/wp\/v2\/media?parent=4239"}],"wp:term":[{"taxonomy":"category","embeddable":true,"href":"https:\/\/www.casaldelsinfants.org\/es\/wp-json\/wp\/v2\/categories?post=4239"},{"taxonomy":"post_tag","embeddable":true,"href":"https:\/\/www.casaldelsinfants.org\/es\/wp-json\/wp\/v2\/tags?post=4239"},{"taxonomy":"seus","embeddable":true,"href":"https:\/\/www.casaldelsinfants.org\/es\/wp-json\/wp\/v2\/seus?post=4239"},{"taxonomy":"eixos","embeddable":true,"href":"https:\/\/www.casaldelsinfants.org\/es\/wp-json\/wp\/v2\/eixos?post=4239"}],"curies":[{"name":"wp","href":"https:\/\/api.w.org\/{rel}","templated":true}]}}