{"id":4241,"date":"2022-02-22T10:06:38","date_gmt":"2022-02-22T08:06:38","guid":{"rendered":"https:\/\/casal.puntzero.cat\/noticies\/davant-laillament-de-lexclusio-social-el-casal-dels-infants-es-una-xarxa-de-suport-molt\/"},"modified":"2022-08-17T11:16:08","modified_gmt":"2022-08-17T09:16:08","slug":"davant-laillament-de-lexclusio-social-el-casal-dels-infants-es-una-xarxa-de-suport-molt","status":"publish","type":"post","link":"https:\/\/www.casaldelsinfants.org\/es\/actualidad\/aislamiento-exclusion-social-casal-dels-infants-soporte\/","title":{"rendered":"&quot;Ante el aislamiento de la exclusi\u00f3n social, el Casal dels Infants es una red de apoyo muy importante para la salud mental&quot;"},"content":{"rendered":"<p><span style=\"color:#000000;\">En Catalunya, el 13,5% de los ni\u00f1os y ni\u00f1as de entre 4 y 14 a\u00f1os de clase social menos favorecida tienen probabilidades de sufrir un problema de salud mental, m\u00e1s del doble que los de la clase social m\u00e1s favorecida (6%), seg\u00fan la Encuesta de Salud de Catalunya de 2020. En la misma l\u00ednea, un estudio reciente de la Agencia de Salud P\u00fablica de Barcelona indica que los menores con riesgo de sufrir un deshaucio o que viven en una vivienda sin contrato legal, tienen un nivel de mala salud mental 10 veces superior al de la media de la poblaci\u00f3n. Entre las personas mayores de 15 a\u00f1os, el patr\u00f3n es similar: quien pertenece a una clase socials desfavorecida o tienen un bajo nivel de estudios tiene m\u00e1s malestar emocional, y las mujeres se ven m\u00e1s afectadas que los hombres.<\/span><\/p>\n<p><span style=\"color:#000000;\">Las desigualdades, queda claro, influyen en nuestra salud mental y en el bienestar emocional, como lo hacen en todos los \u00e1mbitos de la vida, y desde el Casal dels Infants lo observamos d\u00eda tras d\u00eda. \u00abSi est\u00e1s excluido, no perteneces. Y si no perteneces, est\u00e1s aislado. El aislamiento, para cualquier profesional, es uno de los principales factores de riesgo para la salud mental de las personas\u00bb, explica Daniela Parodi-Herz, psic\u00f3loga del programa CaixaProinf\u00e0ncia que atiende a familias del Casal dels Infants. Alba Thompson, tambi\u00e9n psicoterapeuta del programa y especializada en ni\u00f1os y ni\u00f1as, coincide: \u00abUna sociedad aislada es una sociedad fr\u00e1gil\u00bb.<\/span><\/p>\n<p><strong>Un apoyo naturalizadao, intensivo y frecuente<\/strong><\/p>\n<p><span style=\"color:#000000;\">Este apoyo psicoterap\u00e9utico dentro del programa Caixa Proinf\u00e0ncia consiste, en una preimera etapa, en la valoraci\u00f3n de la necesidad y la viabilidad de acompa\u00f1ar a los ni\u00f1os, ni\u00f1as y familias que han manifestado malestar emocional. Esta detecci\u00f3n se lleva a cabo con el apoyo del equipo educativo, y se tiene en cuenta si la situaci\u00f3n de cada persona requiere un apoyo intensivo o si es necesaria una derivaci\u00f3n a otros servicios especialidados de una duraci\u00f3n m\u00e1s larga en el tiempo. Una vez evaluado cada caso, el programa ofrece 18 sesiones con cada persona o familia, con el objetivo de trabajar una situaci\u00f3n concreta de malestar emocional. \u00abNo encontramos en el Casal \u2014tambi\u00e9n en las escuelas, en el caso de los ni\u00f1os y ni\u00f1as\u2014, sin que tengan que venir a un centro especializado, y as\u00ed naturalizamos el servicio. Las sesiones son frecuentes, algo que la red p\u00fablica de salud mental no puede ofrecer porque est\u00e1 saturada\u00bb, explica Daniela.<\/span><\/p>\n<p class=\"destacat-noticia\"><span style=\"color:#000000;\">Daniela Parodi-Herz: \u201cNos encontramos en el Casal y las sesiones son frecuentes ,cosa que la red p\u00fablica de salud mental no les puede ofrecer porque est\u00e1 saturada\u201d<\/span><\/p>\n<div class=\"video-embed-field-responsive-video form-group\"><iframe loading=\"lazy\" width=\"854\" height=\"480\" frameborder=\"0\" allowfullscreen=\"allowfullscreen\" src=\"https:\/\/www.youtube.com\/embed\/-Dut-zPf88M?autoplay=0&amp;start=0&amp;rel=0\"><\/iframe>\n<\/div>\n<p><span style=\"color:#000000;\">Las situaciones que hacen que los ni\u00f1os, ni\u00f1as y familias necesiten este acompa\u00f1amiento son distintas, pero tienen en com\u00fan el riesgo de exclusi\u00f3n social, valora Alba: \u201cNos encontramos con situaciones de total vulnerabilidad. Son personas que parten desde un escal\u00f3n m\u00e1s bajo en la vida, y esto genera miedo y dificultad para poder afrontar cualquier amenaza\u201d. Este contexto desfavorecido agrava otras situaciones que habitualmente generan malestar emocional en las familias. Por un lado, se\u00f1ala Daniela, las que afectan la organizaci\u00f3n familiar, como pueden ser las separaciones de parejas con hijos a cargo, la gesti\u00f3n del paso de la infancia a la adolescencia o los v\u00ednculos familiares despu\u00e9s de un proceso migratorio. Por otro lado, las que son reactivas a un hecho inesperado, como la muerte de un familiar o tener que afrontar una enfermedad. <\/span><\/p>\n<p class=\"destacat-noticia\"><span style=\"color:#000000;\">Alba Thompson: \u201cNos encontramos con situaciones de total vulnerabilidad. Son personas que parten desde un escal\u00f3n m\u00e1s bajo en la vida, y esto genera miedo y dificultad para poder afrontar cualquier amenaza\u201d<\/span><\/p>\n<p><span style=\"color:#000000;\">Entre este malestar causado por hechos inesperados, en los \u00faltimos meses ha irrumpido claramente la pandemia, que seg\u00fan Alba ha generado tres crisis: el miedo a la enfermedad, la incertidumbre y la alteraci\u00f3n de los v\u00ednculos. Los conflictos intrafamiliares en algunos casos se han complicado, especialmente a ra\u00edz del confinamiento, y las dem\u00e1s relaciones sociales se han debilitado con las restricciones a la movilidad, generando aislamiento: \u201cCon las familias hemos trabajado pautas de convivencia para que se sintieran seguras en esta situaci\u00f3n excepcional, y tambi\u00e9n hemos hecho mucho trabaja psicoeducativo, ayudando a entender las recomendaciones sanitarias y la importancia de seguirlas\u201d, apunta Daniela.<\/span><\/p>\n<p><strong>Una red preventiva y de v\u00ednculos seguros <\/strong><\/p>\n<p><span style=\"color:#000000;\">Volviendo al aislamiento como un factor de riesgo clave para la salud mental, ambas psicoterapeutas destacan la importancia que tienen para los ni\u00f1os, ni\u00f1as y familias contar con espacios de socializaci\u00f3n y apoyo. En este sentido, valoran muy positivamente la funci\u00f3n del Casal dels Infants: \u201cEl Casal ofrece esta red, este forma de envolverlas\u201d, comenta Daniela. \u201cEs un servicio mucho m\u00e1s cercano que cualquier otro, con el que los chicos y chicas y las familias establecen una relaci\u00f3n de confianza continuada que no encuentran en ning\u00fan otro espacio. Esto tambi\u00e9n hace que los educadores sean un enlace tremendamente importante para nosotras como psic\u00f3logas\u201d.<\/span><\/p>\n<p class=\"destacat-noticia\"><span style=\"color:#000000;\">Daniela Parodi-Herz: \u201c Los chicos y chicas y las familias establecen una relaci\u00f3n de confianza continuada que no encuentran en ning\u00fan otro espacio\u201d<\/span><\/p>\n<p><span style=\"color:#000000;\">Alba valora como ganar esta confianza dentro del \u00e1mbito del Casal ayuda a tener m\u00e1s seguridad en otras esferas: \u201cMuchas veces las familias no saben a qui\u00e9n recurrir y est\u00e1n desbordadas, y en el Casal encuentra alguien que las mira, que puede estar s\u00f3lo por ellas. Si t\u00fa sabes que puedes hablar con una persona y establecer un v\u00ednculo seguro, esto te ayuda a establecer otros v\u00ednculos seguros con el exterior\u201d.<\/span><\/p>\n<p class=\"destacat-noticia\"><span style=\"color:#000000;\">Alba Thompson: \u201cSi sabes que puedes hablar con una persona y establecer un v\u00ednculo seguro en un espacio seguro, esto te ayuda a establecer otros v\u00ednculos seguros con el exterior\u201d<\/span><\/p>\n<p><span style=\"color:#000000;\">Esta funci\u00f3n del Casal tiene un fuerte componente preventivo, ya que ayuda a detectar y atender situaciones que podr\u00edan agravarse en el tiempo. \u201cUn ni\u00f1o absorbe lo que tiene a su alrededor para construir la estructura de su personalidad, y si est\u00e1 sano es muy probablemente que sea un adulto sano. Cualquier situaci\u00f3n emocional que no se acompa\u00f1a y se trabaja con apoyo en la infancia, en cambio, despu\u00e9s tiene un efecto multiplicador en la adultez\u201d.<\/span><\/p>\n<div class=\"video-embed-field-responsive-video form-group\"><iframe loading=\"lazy\" width=\"854\" height=\"480\" frameborder=\"0\" allowfullscreen=\"allowfullscreen\" src=\"https:\/\/www.youtube.com\/embed\/I0Gohp--6DI?autoplay=0&amp;start=0&amp;rel=0\"><\/iframe>\n<\/div>\n<p>\u00a0<\/p>\n<p><strong>Actuar contra las desigualdades, requisito para la salud mental<\/strong><\/p>\n<p><span style=\"color:#000000;\">As\u00ed pues, el papel que las entidades sociales jugamos en la prevenci\u00f3n y detecci\u00f3n del malestar emocional en la infancia y las familias es principal, desde un enfoque de salud mental comunitaria. En la ra\u00edz del problema, sin embargo, volvemos a topar con las desigualdades estructurales: el 26% de la poblaci\u00f3n en Catalunya vive en riesgo de pobreza o exclusi\u00f3n social \u2014entre los ni\u00f1os y ni\u00f1as, uno de cada tres se encuentra en esta situaci\u00f3n\u2014. Cuando la salud mental se agrava a ra\u00edz de las situaciones de exclusi\u00f3n social, estamos hablando de un problema colectivo y no individual. Afrontarlo exclusivamente desde lo servicios de salud mental es insuficiente, y es necesario que las administraciones p\u00fablicas apliquen pol\u00edticas efectivas para corregir las desigualdades y garantizar los derechos sociales. En este sentido, reclamamos que el Pacte Nacional de Salut Mental que quiere impulsar el govern de la Generalitat tenga muy en cuenta esta relaci\u00f3n entre exclusi\u00f3n social y malestar emocional.<\/span><\/p>\n<p>\u00a0<\/p>\n<p>\u00a0<\/p>\n<p dir=\"ltr\"><strong>Haz posible que sigamos contribuyendo a la salud mental comunitaria a trav\u00e9s de nuestro acompa\u00f1amiento a ni\u00f1os, ni\u00f1as, j\u00f3venes y familias en situaci\u00f3n de vulnerabilidad.<\/strong><\/p>\n<p>Haz\u00a0<strong>voluntariado<\/strong>. Inf\u00f3rmate\u00a0<a href=\"https:\/\/www.casaldelsinfants.org\/es\/que-puedes-hacer-tu\/voluntariado\/\"><u>aqu\u00ed<\/u>.<\/a><\/p>\n<p>Haz un\u00a0<strong>donativo<\/strong>\u00a0<a href=\"https:\/\/www.casaldelsinfants.org\/es\/que-puedes-hacer-tu\/haz-un-donativo\/\"><u>aqu\u00ed<\/u>.<\/a><\/p>\n","protected":false},"excerpt":{"rendered":"<p class=\"text-align-center\">\u00a0<\/p>\n<p class=\"text-align-center\">En el Casal dels Infants ofrecemos acompa\u00f1amiento psicoterap\u00e9utico a ni\u00f1os, ni\u00f1as, j\u00f3venes y familias a trav\u00e9s del programa Caixa Proinf\u00e0ncia y de nuestros Servicios de Ortientaci\u00f3n y Atenci\u00f3n a las Familias (SOAF-Casal Familiar). Hablamos sobre este apoyo terap\u00e9utco con Daniel Parodi-Herz y Alba Thompson, dos de las psic\u00f3logas que atienden a participantes de la asociaci\u00f3n. M\u00e1s all\u00e1 de este servicio especializado, ambas destacan un papel clave del Casal: ser un espacio de relaci\u00f3n y apoyo b\u00e1sico para la salud mental desde una \u00f3ptica comunitaria, actuando ante el aislamiento que provoca la exclusi\u00f3n social.<\/p>\n","protected":false},"author":1,"featured_media":2971,"comment_status":"open","ping_status":"open","sticky":false,"template":"","format":"standard","meta":{"_acf_changed":false,"_et_pb_use_builder":"","_et_pb_old_content":"","_et_gb_content_width":"","inline_featured_image":false,"footnotes":""},"categories":[105],"tags":[],"seus":[],"eixos":[107],"class_list":["post-4241","post","type-post","status-publish","format-standard","has-post-thumbnail","hentry","category-reportaje","eixos-pequena-infancia"],"acf":[],"yoast_head":"<!-- This site is optimized with the Yoast SEO plugin v27.4 - https:\/\/yoast.com\/product\/yoast-seo-wordpress\/ -->\n<title>El Casal dels Infants como red de apoyo para la salud mental comunitaria<\/title>\n<meta name=\"description\" content=\"Hablamos con Daniela Parodi-Herz y Alba Thompson, psic\u00f3logas del programa Caixa Proinf\u00e0ncia, del acompa\u00f1amiento psicol\u00f3gico que ofrecemos a ni\u00f1os, ni\u00f1as y familias en situaci\u00f3n de vulnerabilidad y del papel del Casal como red de apoyo para la salud mental comunitaria.\" \/>\n<meta name=\"robots\" content=\"index, follow, max-snippet:-1, max-image-preview:large, max-video-preview:-1\" \/>\n<link rel=\"canonical\" href=\"https:\/\/www.casaldelsinfants.org\/es\/actualidad\/aislamiento-exclusion-social-casal-dels-infants-soporte\/\" \/>\n<meta property=\"og:locale\" content=\"es_ES\" \/>\n<meta property=\"og:type\" content=\"article\" \/>\n<meta property=\"og:title\" content=\"El Casal dels Infants como red de apoyo para la salud mental comunitaria\" \/>\n<meta property=\"og:description\" content=\"Hablamos con Daniela Parodi-Herz y Alba Thompson, psic\u00f3logas del programa Caixa Proinf\u00e0ncia, del acompa\u00f1amiento psicol\u00f3gico que ofrecemos a ni\u00f1os, ni\u00f1as y familias en situaci\u00f3n de vulnerabilidad y del papel del Casal como red de apoyo para la salud mental comunitaria.\" \/>\n<meta property=\"og:url\" content=\"https:\/\/www.casaldelsinfants.org\/es\/actualidad\/aislamiento-exclusion-social-casal-dels-infants-soporte\/\" \/>\n<meta property=\"og:site_name\" content=\"Casal dels Infants\" \/>\n<meta property=\"article:publisher\" content=\"https:\/\/www.facebook.com\/casalinfants\" \/>\n<meta property=\"article:published_time\" content=\"2022-02-22T08:06:38+00:00\" \/>\n<meta property=\"article:modified_time\" content=\"2022-08-17T09:16:08+00:00\" \/>\n<meta property=\"og:image\" content=\"https:\/\/www.casaldelsinfants.org\/wp-content\/uploads\/daniela_parodi-herz_i_alba_thompson_casal_dels_infants.jpg\" \/>\n\t<meta property=\"og:image:width\" content=\"1920\" \/>\n\t<meta property=\"og:image:height\" content=\"1080\" \/>\n\t<meta property=\"og:image:type\" content=\"image\/jpeg\" \/>\n<meta name=\"author\" content=\"cdiAdmin\" \/>\n<meta name=\"twitter:card\" content=\"summary_large_image\" \/>\n<meta name=\"twitter:creator\" content=\"@casalinfants\" \/>\n<meta name=\"twitter:site\" content=\"@casalinfants\" \/>\n<meta name=\"twitter:label1\" content=\"Escrito por\" \/>\n\t<meta name=\"twitter:data1\" content=\"cdiAdmin\" \/>\n\t<meta name=\"twitter:label2\" content=\"Tiempo de lectura\" \/>\n\t<meta name=\"twitter:data2\" content=\"7 minutos\" \/>\n<script type=\"application\/ld+json\" class=\"yoast-schema-graph\">{\"@context\":\"https:\\\/\\\/schema.org\",\"@graph\":[{\"@type\":\"Article\",\"@id\":\"https:\\\/\\\/www.casaldelsinfants.org\\\/es\\\/actualidad\\\/aislamiento-exclusion-social-casal-dels-infants-soporte\\\/#article\",\"isPartOf\":{\"@id\":\"https:\\\/\\\/www.casaldelsinfants.org\\\/es\\\/actualidad\\\/aislamiento-exclusion-social-casal-dels-infants-soporte\\\/\"},\"author\":{\"name\":\"cdiAdmin\",\"@id\":\"https:\\\/\\\/www.casaldelsinfants.org\\\/es\\\/#\\\/schema\\\/person\\\/97707fc8c64900cf36891127dbf9fba8\"},\"headline\":\"&quot;Ante el aislamiento de la exclusi\u00f3n social, el Casal dels Infants es una red de apoyo muy importante para la salud mental&quot;\",\"datePublished\":\"2022-02-22T08:06:38+00:00\",\"dateModified\":\"2022-08-17T09:16:08+00:00\",\"mainEntityOfPage\":{\"@id\":\"https:\\\/\\\/www.casaldelsinfants.org\\\/es\\\/actualidad\\\/aislamiento-exclusion-social-casal-dels-infants-soporte\\\/\"},\"wordCount\":1333,\"commentCount\":0,\"publisher\":{\"@id\":\"https:\\\/\\\/www.casaldelsinfants.org\\\/es\\\/#organization\"},\"image\":{\"@id\":\"https:\\\/\\\/www.casaldelsinfants.org\\\/es\\\/actualidad\\\/aislamiento-exclusion-social-casal-dels-infants-soporte\\\/#primaryimage\"},\"thumbnailUrl\":\"https:\\\/\\\/www.casaldelsinfants.org\\\/wp-content\\\/uploads\\\/daniela_parodi-herz_i_alba_thompson_casal_dels_infants.jpg\",\"articleSection\":[\"Reportaje\"],\"inLanguage\":\"es\",\"potentialAction\":[{\"@type\":\"CommentAction\",\"name\":\"Comment\",\"target\":[\"https:\\\/\\\/www.casaldelsinfants.org\\\/es\\\/actualidad\\\/aislamiento-exclusion-social-casal-dels-infants-soporte\\\/#respond\"]}]},{\"@type\":\"WebPage\",\"@id\":\"https:\\\/\\\/www.casaldelsinfants.org\\\/es\\\/actualidad\\\/aislamiento-exclusion-social-casal-dels-infants-soporte\\\/\",\"url\":\"https:\\\/\\\/www.casaldelsinfants.org\\\/es\\\/actualidad\\\/aislamiento-exclusion-social-casal-dels-infants-soporte\\\/\",\"name\":\"El Casal dels Infants como red de apoyo para la salud mental comunitaria\",\"isPartOf\":{\"@id\":\"https:\\\/\\\/www.casaldelsinfants.org\\\/es\\\/#website\"},\"primaryImageOfPage\":{\"@id\":\"https:\\\/\\\/www.casaldelsinfants.org\\\/es\\\/actualidad\\\/aislamiento-exclusion-social-casal-dels-infants-soporte\\\/#primaryimage\"},\"image\":{\"@id\":\"https:\\\/\\\/www.casaldelsinfants.org\\\/es\\\/actualidad\\\/aislamiento-exclusion-social-casal-dels-infants-soporte\\\/#primaryimage\"},\"thumbnailUrl\":\"https:\\\/\\\/www.casaldelsinfants.org\\\/wp-content\\\/uploads\\\/daniela_parodi-herz_i_alba_thompson_casal_dels_infants.jpg\",\"datePublished\":\"2022-02-22T08:06:38+00:00\",\"dateModified\":\"2022-08-17T09:16:08+00:00\",\"description\":\"Hablamos con Daniela Parodi-Herz y Alba Thompson, psic\u00f3logas del programa Caixa Proinf\u00e0ncia, del acompa\u00f1amiento psicol\u00f3gico que ofrecemos a ni\u00f1os, ni\u00f1as y familias en situaci\u00f3n de vulnerabilidad y del papel del Casal como red de apoyo para la salud mental comunitaria.\",\"breadcrumb\":{\"@id\":\"https:\\\/\\\/www.casaldelsinfants.org\\\/es\\\/actualidad\\\/aislamiento-exclusion-social-casal-dels-infants-soporte\\\/#breadcrumb\"},\"inLanguage\":\"es\",\"potentialAction\":[{\"@type\":\"ReadAction\",\"target\":[\"https:\\\/\\\/www.casaldelsinfants.org\\\/es\\\/actualidad\\\/aislamiento-exclusion-social-casal-dels-infants-soporte\\\/\"]}]},{\"@type\":\"ImageObject\",\"inLanguage\":\"es\",\"@id\":\"https:\\\/\\\/www.casaldelsinfants.org\\\/es\\\/actualidad\\\/aislamiento-exclusion-social-casal-dels-infants-soporte\\\/#primaryimage\",\"url\":\"https:\\\/\\\/www.casaldelsinfants.org\\\/wp-content\\\/uploads\\\/daniela_parodi-herz_i_alba_thompson_casal_dels_infants.jpg\",\"contentUrl\":\"https:\\\/\\\/www.casaldelsinfants.org\\\/wp-content\\\/uploads\\\/daniela_parodi-herz_i_alba_thompson_casal_dels_infants.jpg\",\"width\":1920,\"height\":1080,\"caption\":\"Daniela Parodi-herz i Alba Thompson de la CaixaProinf\u00e0ncia\"},{\"@type\":\"BreadcrumbList\",\"@id\":\"https:\\\/\\\/www.casaldelsinfants.org\\\/es\\\/actualidad\\\/aislamiento-exclusion-social-casal-dels-infants-soporte\\\/#breadcrumb\",\"itemListElement\":[{\"@type\":\"ListItem\",\"position\":1,\"name\":\"Inici\",\"item\":\"https:\\\/\\\/www.casaldelsinfants.org\\\/es\\\/\"},{\"@type\":\"ListItem\",\"position\":2,\"name\":\"&quot;Ante el aislamiento de la exclusi\u00f3n social, el Casal dels Infants es una red de apoyo muy importante para la salud mental&quot;\"}]},{\"@type\":\"WebSite\",\"@id\":\"https:\\\/\\\/www.casaldelsinfants.org\\\/es\\\/#website\",\"url\":\"https:\\\/\\\/www.casaldelsinfants.org\\\/es\\\/\",\"name\":\"Casal dels Infants\",\"description\":\"\",\"publisher\":{\"@id\":\"https:\\\/\\\/www.casaldelsinfants.org\\\/es\\\/#organization\"},\"potentialAction\":[{\"@type\":\"SearchAction\",\"target\":{\"@type\":\"EntryPoint\",\"urlTemplate\":\"https:\\\/\\\/www.casaldelsinfants.org\\\/es\\\/?s={search_term_string}\"},\"query-input\":{\"@type\":\"PropertyValueSpecification\",\"valueRequired\":true,\"valueName\":\"search_term_string\"}}],\"inLanguage\":\"es\"},{\"@type\":\"Organization\",\"@id\":\"https:\\\/\\\/www.casaldelsinfants.org\\\/es\\\/#organization\",\"name\":\"Casal dels Infants\",\"url\":\"https:\\\/\\\/www.casaldelsinfants.org\\\/es\\\/\",\"logo\":{\"@type\":\"ImageObject\",\"inLanguage\":\"es\",\"@id\":\"https:\\\/\\\/www.casaldelsinfants.org\\\/es\\\/#\\\/schema\\\/logo\\\/image\\\/\",\"url\":\"https:\\\/\\\/www.casaldelsinfants.org\\\/wp-content\\\/uploads\\\/logo-mail.png\",\"contentUrl\":\"https:\\\/\\\/www.casaldelsinfants.org\\\/wp-content\\\/uploads\\\/logo-mail.png\",\"width\":380,\"height\":158,\"caption\":\"Casal dels Infants\"},\"image\":{\"@id\":\"https:\\\/\\\/www.casaldelsinfants.org\\\/es\\\/#\\\/schema\\\/logo\\\/image\\\/\"},\"sameAs\":[\"https:\\\/\\\/www.facebook.com\\\/casalinfants\",\"https:\\\/\\\/x.com\\\/casalinfants\",\"https:\\\/\\\/www.youtube.com\\\/user\\\/CasaldelsInfants1\",\"https:\\\/\\\/www.instagram.com\\\/casalinfants\\\/\",\"https:\\\/\\\/www.linkedin.com\\\/company\\\/casaldelsinfants?trk=organization-update_share-update_actor-text\"]},{\"@type\":\"Person\",\"@id\":\"https:\\\/\\\/www.casaldelsinfants.org\\\/es\\\/#\\\/schema\\\/person\\\/97707fc8c64900cf36891127dbf9fba8\",\"name\":\"cdiAdmin\",\"sameAs\":[\"https:\\\/\\\/casaldelsinfants.org\"]}]}<\/script>\n<!-- \/ Yoast SEO plugin. -->","yoast_head_json":{"title":"El Casal dels Infants como red de apoyo para la salud mental comunitaria","description":"Hablamos con Daniela Parodi-Herz y Alba Thompson, psic\u00f3logas del programa Caixa Proinf\u00e0ncia, del acompa\u00f1amiento psicol\u00f3gico que ofrecemos a ni\u00f1os, ni\u00f1as y familias en situaci\u00f3n de vulnerabilidad y del papel del Casal como red de apoyo para la salud mental comunitaria.","robots":{"index":"index","follow":"follow","max-snippet":"max-snippet:-1","max-image-preview":"max-image-preview:large","max-video-preview":"max-video-preview:-1"},"canonical":"https:\/\/www.casaldelsinfants.org\/es\/actualidad\/aislamiento-exclusion-social-casal-dels-infants-soporte\/","og_locale":"es_ES","og_type":"article","og_title":"El Casal dels Infants como red de apoyo para la salud mental comunitaria","og_description":"Hablamos con Daniela Parodi-Herz y Alba Thompson, psic\u00f3logas del programa Caixa Proinf\u00e0ncia, del acompa\u00f1amiento psicol\u00f3gico que ofrecemos a ni\u00f1os, ni\u00f1as y familias en situaci\u00f3n de vulnerabilidad y del papel del Casal como red de apoyo para la salud mental comunitaria.","og_url":"https:\/\/www.casaldelsinfants.org\/es\/actualidad\/aislamiento-exclusion-social-casal-dels-infants-soporte\/","og_site_name":"Casal dels Infants","article_publisher":"https:\/\/www.facebook.com\/casalinfants","article_published_time":"2022-02-22T08:06:38+00:00","article_modified_time":"2022-08-17T09:16:08+00:00","og_image":[{"width":1920,"height":1080,"url":"https:\/\/www.casaldelsinfants.org\/wp-content\/uploads\/daniela_parodi-herz_i_alba_thompson_casal_dels_infants.jpg","type":"image\/jpeg"}],"author":"cdiAdmin","twitter_card":"summary_large_image","twitter_creator":"@casalinfants","twitter_site":"@casalinfants","twitter_misc":{"Escrito por":"cdiAdmin","Tiempo de lectura":"7 minutos"},"schema":{"@context":"https:\/\/schema.org","@graph":[{"@type":"Article","@id":"https:\/\/www.casaldelsinfants.org\/es\/actualidad\/aislamiento-exclusion-social-casal-dels-infants-soporte\/#article","isPartOf":{"@id":"https:\/\/www.casaldelsinfants.org\/es\/actualidad\/aislamiento-exclusion-social-casal-dels-infants-soporte\/"},"author":{"name":"cdiAdmin","@id":"https:\/\/www.casaldelsinfants.org\/es\/#\/schema\/person\/97707fc8c64900cf36891127dbf9fba8"},"headline":"&quot;Ante el aislamiento de la exclusi\u00f3n social, el Casal dels Infants es una red de apoyo muy importante para la salud mental&quot;","datePublished":"2022-02-22T08:06:38+00:00","dateModified":"2022-08-17T09:16:08+00:00","mainEntityOfPage":{"@id":"https:\/\/www.casaldelsinfants.org\/es\/actualidad\/aislamiento-exclusion-social-casal-dels-infants-soporte\/"},"wordCount":1333,"commentCount":0,"publisher":{"@id":"https:\/\/www.casaldelsinfants.org\/es\/#organization"},"image":{"@id":"https:\/\/www.casaldelsinfants.org\/es\/actualidad\/aislamiento-exclusion-social-casal-dels-infants-soporte\/#primaryimage"},"thumbnailUrl":"https:\/\/www.casaldelsinfants.org\/wp-content\/uploads\/daniela_parodi-herz_i_alba_thompson_casal_dels_infants.jpg","articleSection":["Reportaje"],"inLanguage":"es","potentialAction":[{"@type":"CommentAction","name":"Comment","target":["https:\/\/www.casaldelsinfants.org\/es\/actualidad\/aislamiento-exclusion-social-casal-dels-infants-soporte\/#respond"]}]},{"@type":"WebPage","@id":"https:\/\/www.casaldelsinfants.org\/es\/actualidad\/aislamiento-exclusion-social-casal-dels-infants-soporte\/","url":"https:\/\/www.casaldelsinfants.org\/es\/actualidad\/aislamiento-exclusion-social-casal-dels-infants-soporte\/","name":"El Casal dels Infants como red de apoyo para la salud mental comunitaria","isPartOf":{"@id":"https:\/\/www.casaldelsinfants.org\/es\/#website"},"primaryImageOfPage":{"@id":"https:\/\/www.casaldelsinfants.org\/es\/actualidad\/aislamiento-exclusion-social-casal-dels-infants-soporte\/#primaryimage"},"image":{"@id":"https:\/\/www.casaldelsinfants.org\/es\/actualidad\/aislamiento-exclusion-social-casal-dels-infants-soporte\/#primaryimage"},"thumbnailUrl":"https:\/\/www.casaldelsinfants.org\/wp-content\/uploads\/daniela_parodi-herz_i_alba_thompson_casal_dels_infants.jpg","datePublished":"2022-02-22T08:06:38+00:00","dateModified":"2022-08-17T09:16:08+00:00","description":"Hablamos con Daniela Parodi-Herz y Alba Thompson, psic\u00f3logas del programa Caixa Proinf\u00e0ncia, del acompa\u00f1amiento psicol\u00f3gico que ofrecemos a ni\u00f1os, ni\u00f1as y familias en situaci\u00f3n de vulnerabilidad y del papel del Casal como red de apoyo para la salud mental comunitaria.","breadcrumb":{"@id":"https:\/\/www.casaldelsinfants.org\/es\/actualidad\/aislamiento-exclusion-social-casal-dels-infants-soporte\/#breadcrumb"},"inLanguage":"es","potentialAction":[{"@type":"ReadAction","target":["https:\/\/www.casaldelsinfants.org\/es\/actualidad\/aislamiento-exclusion-social-casal-dels-infants-soporte\/"]}]},{"@type":"ImageObject","inLanguage":"es","@id":"https:\/\/www.casaldelsinfants.org\/es\/actualidad\/aislamiento-exclusion-social-casal-dels-infants-soporte\/#primaryimage","url":"https:\/\/www.casaldelsinfants.org\/wp-content\/uploads\/daniela_parodi-herz_i_alba_thompson_casal_dels_infants.jpg","contentUrl":"https:\/\/www.casaldelsinfants.org\/wp-content\/uploads\/daniela_parodi-herz_i_alba_thompson_casal_dels_infants.jpg","width":1920,"height":1080,"caption":"Daniela Parodi-herz i Alba Thompson de la CaixaProinf\u00e0ncia"},{"@type":"BreadcrumbList","@id":"https:\/\/www.casaldelsinfants.org\/es\/actualidad\/aislamiento-exclusion-social-casal-dels-infants-soporte\/#breadcrumb","itemListElement":[{"@type":"ListItem","position":1,"name":"Inici","item":"https:\/\/www.casaldelsinfants.org\/es\/"},{"@type":"ListItem","position":2,"name":"&quot;Ante el aislamiento de la exclusi\u00f3n social, el Casal dels Infants es una red de apoyo muy importante para la salud mental&quot;"}]},{"@type":"WebSite","@id":"https:\/\/www.casaldelsinfants.org\/es\/#website","url":"https:\/\/www.casaldelsinfants.org\/es\/","name":"Casal dels Infants","description":"","publisher":{"@id":"https:\/\/www.casaldelsinfants.org\/es\/#organization"},"potentialAction":[{"@type":"SearchAction","target":{"@type":"EntryPoint","urlTemplate":"https:\/\/www.casaldelsinfants.org\/es\/?s={search_term_string}"},"query-input":{"@type":"PropertyValueSpecification","valueRequired":true,"valueName":"search_term_string"}}],"inLanguage":"es"},{"@type":"Organization","@id":"https:\/\/www.casaldelsinfants.org\/es\/#organization","name":"Casal dels Infants","url":"https:\/\/www.casaldelsinfants.org\/es\/","logo":{"@type":"ImageObject","inLanguage":"es","@id":"https:\/\/www.casaldelsinfants.org\/es\/#\/schema\/logo\/image\/","url":"https:\/\/www.casaldelsinfants.org\/wp-content\/uploads\/logo-mail.png","contentUrl":"https:\/\/www.casaldelsinfants.org\/wp-content\/uploads\/logo-mail.png","width":380,"height":158,"caption":"Casal dels Infants"},"image":{"@id":"https:\/\/www.casaldelsinfants.org\/es\/#\/schema\/logo\/image\/"},"sameAs":["https:\/\/www.facebook.com\/casalinfants","https:\/\/x.com\/casalinfants","https:\/\/www.youtube.com\/user\/CasaldelsInfants1","https:\/\/www.instagram.com\/casalinfants\/","https:\/\/www.linkedin.com\/company\/casaldelsinfants?trk=organization-update_share-update_actor-text"]},{"@type":"Person","@id":"https:\/\/www.casaldelsinfants.org\/es\/#\/schema\/person\/97707fc8c64900cf36891127dbf9fba8","name":"cdiAdmin","sameAs":["https:\/\/casaldelsinfants.org"]}]}},"publishpress_future_action":{"enabled":false,"date":"2026-05-08 02:07:38","action":"change-status","newStatus":"draft","terms":[],"taxonomy":"category","extraData":[]},"publishpress_future_workflow_manual_trigger":{"enabledWorkflows":[]},"_links":{"self":[{"href":"https:\/\/www.casaldelsinfants.org\/es\/wp-json\/wp\/v2\/posts\/4241","targetHints":{"allow":["GET"]}}],"collection":[{"href":"https:\/\/www.casaldelsinfants.org\/es\/wp-json\/wp\/v2\/posts"}],"about":[{"href":"https:\/\/www.casaldelsinfants.org\/es\/wp-json\/wp\/v2\/types\/post"}],"author":[{"embeddable":true,"href":"https:\/\/www.casaldelsinfants.org\/es\/wp-json\/wp\/v2\/users\/1"}],"replies":[{"embeddable":true,"href":"https:\/\/www.casaldelsinfants.org\/es\/wp-json\/wp\/v2\/comments?post=4241"}],"version-history":[{"count":2,"href":"https:\/\/www.casaldelsinfants.org\/es\/wp-json\/wp\/v2\/posts\/4241\/revisions"}],"predecessor-version":[{"id":20272,"href":"https:\/\/www.casaldelsinfants.org\/es\/wp-json\/wp\/v2\/posts\/4241\/revisions\/20272"}],"wp:featuredmedia":[{"embeddable":true,"href":"https:\/\/www.casaldelsinfants.org\/es\/wp-json\/wp\/v2\/media\/2971"}],"wp:attachment":[{"href":"https:\/\/www.casaldelsinfants.org\/es\/wp-json\/wp\/v2\/media?parent=4241"}],"wp:term":[{"taxonomy":"category","embeddable":true,"href":"https:\/\/www.casaldelsinfants.org\/es\/wp-json\/wp\/v2\/categories?post=4241"},{"taxonomy":"post_tag","embeddable":true,"href":"https:\/\/www.casaldelsinfants.org\/es\/wp-json\/wp\/v2\/tags?post=4241"},{"taxonomy":"seus","embeddable":true,"href":"https:\/\/www.casaldelsinfants.org\/es\/wp-json\/wp\/v2\/seus?post=4241"},{"taxonomy":"eixos","embeddable":true,"href":"https:\/\/www.casaldelsinfants.org\/es\/wp-json\/wp\/v2\/eixos?post=4241"}],"curies":[{"name":"wp","href":"https:\/\/api.w.org\/{rel}","templated":true}]}}