{"id":4245,"date":"2022-01-27T09:19:38","date_gmt":"2022-01-27T07:19:38","guid":{"rendered":"https:\/\/casal.puntzero.cat\/noticies\/maria-del-mar-bonet-admiro-moltissim-la-feina-que-feu-al-casal-dels-infants-em-teniu-al\/"},"modified":"2023-05-01T17:42:24","modified_gmt":"2023-05-01T15:42:24","slug":"maria-del-mar-bonet-admiro-moltissim-la-feina-que-feu-al-casal-dels-infants-em-teniu-al","status":"publish","type":"post","link":"https:\/\/www.casaldelsinfants.org\/es\/actualidad\/maria-del-mar-bonet-admiro-moltissim-la-feina-que-feu-al-casal-dels-infants-em-teniu-al\/","title":{"rendered":"Maria del Mar Bonet: &quot;Admiro molt\u00edssim la feina que feu al Casal dels Infants. Em teniu al costat&quot;"},"content":{"rendered":"<p>Maria del Mar Bonet repasa en esta conversaci\u00f3n con Enric Canet, director de Relaciones Ciudadanas del Casal dels Infants, su v\u00ednculo con la asociaci\u00f3n. En 1997 la cantante interpret\u00f3 por primera vez el Cant de la Sibil\u00b7la a favor del Casal dels Infants, impulsando una recaudaci\u00f3n solidaria a favor de los ni\u00f1os, ni\u00f1as, j\u00f3venes y familias que participan en la entidad. Desde entoces, la iniciativa se ha repetido cada noche de Navidad, y estas fiestas ha cumplido 25 a\u00f1os.<\/p>\n<p>En esta \u00faltima Nochebuena el Cant de la Sibil\u00b7la a favor del Casal dels Infants ha tenido lugar en la iglesia de la Mare de D\u00e9u de la Bonanova, interpretada por\u00a0Sergi Moreno-Lassalle, con el\u00a0cor Sant Gervasi, Daniel Parache al \u00f3rgano y\u00a0bajo la direcci\u00f3n de Eul\u00e0lia Benito Ard\u00e8vol.<\/p>\n<p>En tres ediciones, el Cant de la Sibil\u00b7la a favor del Casal dels Infants ha estado interpretado por Mariona Segarra. Lo han acogido la iglesia de\u00a0Santa Madrona (1997), el monasterio\u00a0de Sant Jeroni de la Murtra (1998), la Escola Pia de Terrassa (1999) y\u00a0la parroquia\u00a0de la Mare de D\u00e9u de la Bonanova (desde el a\u00f1o 2000 hasta hoy). Hacemos llegar nuestro agradecimiento a Maria del Mar Bonet y a quienes han colaborado con el Cant de la Sibil\u00b7la a favor del Casal dels Infants.<\/p>\n<p><span style=\"color:#000000;\"><em>Esta conversaci\u00f3n con\u00a0Maria del Mar Bonet se grab\u00f3\u00a0a finales de diciembre, unos\u00a0d\u00edas antes de la Nochebuena<\/em><\/span><\/p>\n<blockquote>\n<p><strong>Haz posible la acci\u00f3n social del Casal dels Infants a favor de los ni\u00f1os, ni\u00f1as, j\u00f3venes y familias en riesgo de exclusi\u00f3n social<\/strong><\/p>\n<p>Haz un donativo\u00a0<u><a href=\"https:\/\/www.casaldelsinfants.org\/es\/que-puedes-hacer-tu\/haz-un-donativo\/\">aqu\u00ed<\/a><\/u><\/p>\n<p>Haz\u00a0voluntariado. Inf\u00f3rmate\u00a0<a href=\"https:\/\/www.casaldelsinfants.org\/es\/que-puedes-hacer-tu\/voluntariado\/\"><u>aqu\u00ed\u00a0<\/u><\/a><\/p>\n<\/blockquote>\n","protected":false},"excerpt":{"rendered":"<div class=\"video-embed-field-responsive-video form-group\"><iframe loading=\"lazy\" width=\"854\" height=\"480\" frameborder=\"0\" allowfullscreen=\"allowfullscreen\" src=\"https:\/\/www.youtube.com\/embed\/DceH9Cdog8g?autoplay=0&amp;start=0&amp;rel=0\"><\/iframe>\n<\/div>\n","protected":false},"author":1,"featured_media":0,"comment_status":"open","ping_status":"open","sticky":false,"template":"","format":"standard","meta":{"_acf_changed":false,"_et_pb_use_builder":"","_et_pb_old_content":"","_et_gb_content_width":"","inline_featured_image":false,"footnotes":""},"categories":[127],"tags":[],"seus":[],"eixos":[],"class_list":["post-4245","post","type-post","status-publish","format-standard","hentry","category-entrevista"],"acf":[],"yoast_head":"<!-- This site is optimized with the Yoast SEO plugin v27.4 - https:\/\/yoast.com\/product\/yoast-seo-wordpress\/ -->\n<title>Maria del Mar Bonet: &quot;Admiro molt\u00edssim la feina que feu al Casal dels Infants. Em teniu al costat&quot;<\/title>\n<meta name=\"description\" content=\"Maria del Mar Bonet repassa en aquesta conversa amb l&#039;Enric Canet, director de Relacions Ciutadanes del Casal dels Infants, el seu vincle amb l&#039;associaci\u00f3.\" \/>\n<meta name=\"robots\" content=\"index, follow, max-snippet:-1, max-image-preview:large, max-video-preview:-1\" \/>\n<link rel=\"canonical\" href=\"https:\/\/www.casaldelsinfants.org\/es\/actualidad\/maria-del-mar-bonet-admiro-moltissim-la-feina-que-feu-al-casal-dels-infants-em-teniu-al\/\" \/>\n<meta property=\"og:locale\" content=\"es_ES\" \/>\n<meta property=\"og:type\" content=\"article\" \/>\n<meta property=\"og:title\" content=\"Maria del Mar Bonet: &quot;Admiro molt\u00edssim la feina que feu al Casal dels Infants. Em teniu al costat&quot;\" \/>\n<meta property=\"og:description\" content=\"Maria del Mar Bonet repassa en aquesta conversa amb l&#039;Enric Canet, director de Relacions Ciutadanes del Casal dels Infants, el seu vincle amb l&#039;associaci\u00f3.\" \/>\n<meta property=\"og:url\" content=\"https:\/\/www.casaldelsinfants.org\/es\/actualidad\/maria-del-mar-bonet-admiro-moltissim-la-feina-que-feu-al-casal-dels-infants-em-teniu-al\/\" \/>\n<meta property=\"og:site_name\" content=\"Casal dels Infants\" \/>\n<meta property=\"article:publisher\" content=\"https:\/\/www.facebook.com\/casalinfants\" \/>\n<meta property=\"article:published_time\" content=\"2022-01-27T07:19:38+00:00\" \/>\n<meta property=\"article:modified_time\" content=\"2023-05-01T15:42:24+00:00\" \/>\n<meta name=\"author\" content=\"cdiAdmin\" \/>\n<meta name=\"twitter:card\" content=\"summary_large_image\" \/>\n<meta name=\"twitter:creator\" content=\"@casalinfants\" \/>\n<meta name=\"twitter:site\" content=\"@casalinfants\" \/>\n<meta name=\"twitter:label1\" content=\"Escrito por\" \/>\n\t<meta name=\"twitter:data1\" content=\"cdiAdmin\" \/>\n\t<meta name=\"twitter:label2\" content=\"Tiempo de lectura\" \/>\n\t<meta name=\"twitter:data2\" content=\"1 minuto\" \/>\n<script type=\"application\/ld+json\" class=\"yoast-schema-graph\">{\"@context\":\"https:\\\/\\\/schema.org\",\"@graph\":[{\"@type\":\"Article\",\"@id\":\"https:\\\/\\\/www.casaldelsinfants.org\\\/es\\\/actualidad\\\/maria-del-mar-bonet-admiro-moltissim-la-feina-que-feu-al-casal-dels-infants-em-teniu-al\\\/#article\",\"isPartOf\":{\"@id\":\"https:\\\/\\\/www.casaldelsinfants.org\\\/es\\\/actualidad\\\/maria-del-mar-bonet-admiro-moltissim-la-feina-que-feu-al-casal-dels-infants-em-teniu-al\\\/\"},\"author\":{\"name\":\"cdiAdmin\",\"@id\":\"https:\\\/\\\/www.casaldelsinfants.org\\\/es\\\/#\\\/schema\\\/person\\\/97707fc8c64900cf36891127dbf9fba8\"},\"headline\":\"Maria del Mar Bonet: &quot;Admiro molt\u00edssim la feina que feu al Casal dels Infants. Em teniu al costat&quot;\",\"datePublished\":\"2022-01-27T07:19:38+00:00\",\"dateModified\":\"2023-05-01T15:42:24+00:00\",\"mainEntityOfPage\":{\"@id\":\"https:\\\/\\\/www.casaldelsinfants.org\\\/es\\\/actualidad\\\/maria-del-mar-bonet-admiro-moltissim-la-feina-que-feu-al-casal-dels-infants-em-teniu-al\\\/\"},\"wordCount\":307,\"commentCount\":0,\"publisher\":{\"@id\":\"https:\\\/\\\/www.casaldelsinfants.org\\\/es\\\/#organization\"},\"articleSection\":[\"Entrevista\"],\"inLanguage\":\"es\",\"potentialAction\":[{\"@type\":\"CommentAction\",\"name\":\"Comment\",\"target\":[\"https:\\\/\\\/www.casaldelsinfants.org\\\/es\\\/actualidad\\\/maria-del-mar-bonet-admiro-moltissim-la-feina-que-feu-al-casal-dels-infants-em-teniu-al\\\/#respond\"]}]},{\"@type\":\"WebPage\",\"@id\":\"https:\\\/\\\/www.casaldelsinfants.org\\\/es\\\/actualidad\\\/maria-del-mar-bonet-admiro-moltissim-la-feina-que-feu-al-casal-dels-infants-em-teniu-al\\\/\",\"url\":\"https:\\\/\\\/www.casaldelsinfants.org\\\/es\\\/actualidad\\\/maria-del-mar-bonet-admiro-moltissim-la-feina-que-feu-al-casal-dels-infants-em-teniu-al\\\/\",\"name\":\"Maria del Mar Bonet: \\\"Admiro molt\u00edssim la feina que feu al Casal dels Infants. Em teniu al costat\\\"\",\"isPartOf\":{\"@id\":\"https:\\\/\\\/www.casaldelsinfants.org\\\/es\\\/#website\"},\"datePublished\":\"2022-01-27T07:19:38+00:00\",\"dateModified\":\"2023-05-01T15:42:24+00:00\",\"description\":\"Maria del Mar Bonet repassa en aquesta conversa amb l'Enric Canet, director de Relacions Ciutadanes del Casal dels Infants, el seu vincle amb l'associaci\u00f3.\",\"breadcrumb\":{\"@id\":\"https:\\\/\\\/www.casaldelsinfants.org\\\/es\\\/actualidad\\\/maria-del-mar-bonet-admiro-moltissim-la-feina-que-feu-al-casal-dels-infants-em-teniu-al\\\/#breadcrumb\"},\"inLanguage\":\"es\",\"potentialAction\":[{\"@type\":\"ReadAction\",\"target\":[\"https:\\\/\\\/www.casaldelsinfants.org\\\/es\\\/actualidad\\\/maria-del-mar-bonet-admiro-moltissim-la-feina-que-feu-al-casal-dels-infants-em-teniu-al\\\/\"]}]},{\"@type\":\"BreadcrumbList\",\"@id\":\"https:\\\/\\\/www.casaldelsinfants.org\\\/es\\\/actualidad\\\/maria-del-mar-bonet-admiro-moltissim-la-feina-que-feu-al-casal-dels-infants-em-teniu-al\\\/#breadcrumb\",\"itemListElement\":[{\"@type\":\"ListItem\",\"position\":1,\"name\":\"Inici\",\"item\":\"https:\\\/\\\/www.casaldelsinfants.org\\\/es\\\/\"},{\"@type\":\"ListItem\",\"position\":2,\"name\":\"Maria del Mar Bonet: &quot;Admiro molt\u00edssim la feina que feu al Casal dels Infants. Em teniu al costat&quot;\"}]},{\"@type\":\"WebSite\",\"@id\":\"https:\\\/\\\/www.casaldelsinfants.org\\\/es\\\/#website\",\"url\":\"https:\\\/\\\/www.casaldelsinfants.org\\\/es\\\/\",\"name\":\"Casal dels Infants\",\"description\":\"\",\"publisher\":{\"@id\":\"https:\\\/\\\/www.casaldelsinfants.org\\\/es\\\/#organization\"},\"potentialAction\":[{\"@type\":\"SearchAction\",\"target\":{\"@type\":\"EntryPoint\",\"urlTemplate\":\"https:\\\/\\\/www.casaldelsinfants.org\\\/es\\\/?s={search_term_string}\"},\"query-input\":{\"@type\":\"PropertyValueSpecification\",\"valueRequired\":true,\"valueName\":\"search_term_string\"}}],\"inLanguage\":\"es\"},{\"@type\":\"Organization\",\"@id\":\"https:\\\/\\\/www.casaldelsinfants.org\\\/es\\\/#organization\",\"name\":\"Casal dels Infants\",\"url\":\"https:\\\/\\\/www.casaldelsinfants.org\\\/es\\\/\",\"logo\":{\"@type\":\"ImageObject\",\"inLanguage\":\"es\",\"@id\":\"https:\\\/\\\/www.casaldelsinfants.org\\\/es\\\/#\\\/schema\\\/logo\\\/image\\\/\",\"url\":\"https:\\\/\\\/www.casaldelsinfants.org\\\/wp-content\\\/uploads\\\/logo-mail.png\",\"contentUrl\":\"https:\\\/\\\/www.casaldelsinfants.org\\\/wp-content\\\/uploads\\\/logo-mail.png\",\"width\":380,\"height\":158,\"caption\":\"Casal dels Infants\"},\"image\":{\"@id\":\"https:\\\/\\\/www.casaldelsinfants.org\\\/es\\\/#\\\/schema\\\/logo\\\/image\\\/\"},\"sameAs\":[\"https:\\\/\\\/www.facebook.com\\\/casalinfants\",\"https:\\\/\\\/x.com\\\/casalinfants\",\"https:\\\/\\\/www.youtube.com\\\/user\\\/CasaldelsInfants1\",\"https:\\\/\\\/www.instagram.com\\\/casalinfants\\\/\",\"https:\\\/\\\/www.linkedin.com\\\/company\\\/casaldelsinfants?trk=organization-update_share-update_actor-text\"]},{\"@type\":\"Person\",\"@id\":\"https:\\\/\\\/www.casaldelsinfants.org\\\/es\\\/#\\\/schema\\\/person\\\/97707fc8c64900cf36891127dbf9fba8\",\"name\":\"cdiAdmin\",\"sameAs\":[\"https:\\\/\\\/casaldelsinfants.org\"]}]}<\/script>\n<!-- \/ Yoast SEO plugin. -->","yoast_head_json":{"title":"Maria del Mar Bonet: \"Admiro molt\u00edssim la feina que feu al Casal dels Infants. Em teniu al costat\"","description":"Maria del Mar Bonet repassa en aquesta conversa amb l'Enric Canet, director de Relacions Ciutadanes del Casal dels Infants, el seu vincle amb l'associaci\u00f3.","robots":{"index":"index","follow":"follow","max-snippet":"max-snippet:-1","max-image-preview":"max-image-preview:large","max-video-preview":"max-video-preview:-1"},"canonical":"https:\/\/www.casaldelsinfants.org\/es\/actualidad\/maria-del-mar-bonet-admiro-moltissim-la-feina-que-feu-al-casal-dels-infants-em-teniu-al\/","og_locale":"es_ES","og_type":"article","og_title":"Maria del Mar Bonet: \"Admiro molt\u00edssim la feina que feu al Casal dels Infants. Em teniu al costat\"","og_description":"Maria del Mar Bonet repassa en aquesta conversa amb l'Enric Canet, director de Relacions Ciutadanes del Casal dels Infants, el seu vincle amb l'associaci\u00f3.","og_url":"https:\/\/www.casaldelsinfants.org\/es\/actualidad\/maria-del-mar-bonet-admiro-moltissim-la-feina-que-feu-al-casal-dels-infants-em-teniu-al\/","og_site_name":"Casal dels Infants","article_publisher":"https:\/\/www.facebook.com\/casalinfants","article_published_time":"2022-01-27T07:19:38+00:00","article_modified_time":"2023-05-01T15:42:24+00:00","author":"cdiAdmin","twitter_card":"summary_large_image","twitter_creator":"@casalinfants","twitter_site":"@casalinfants","twitter_misc":{"Escrito por":"cdiAdmin","Tiempo de lectura":"1 minuto"},"schema":{"@context":"https:\/\/schema.org","@graph":[{"@type":"Article","@id":"https:\/\/www.casaldelsinfants.org\/es\/actualidad\/maria-del-mar-bonet-admiro-moltissim-la-feina-que-feu-al-casal-dels-infants-em-teniu-al\/#article","isPartOf":{"@id":"https:\/\/www.casaldelsinfants.org\/es\/actualidad\/maria-del-mar-bonet-admiro-moltissim-la-feina-que-feu-al-casal-dels-infants-em-teniu-al\/"},"author":{"name":"cdiAdmin","@id":"https:\/\/www.casaldelsinfants.org\/es\/#\/schema\/person\/97707fc8c64900cf36891127dbf9fba8"},"headline":"Maria del Mar Bonet: &quot;Admiro molt\u00edssim la feina que feu al Casal dels Infants. Em teniu al costat&quot;","datePublished":"2022-01-27T07:19:38+00:00","dateModified":"2023-05-01T15:42:24+00:00","mainEntityOfPage":{"@id":"https:\/\/www.casaldelsinfants.org\/es\/actualidad\/maria-del-mar-bonet-admiro-moltissim-la-feina-que-feu-al-casal-dels-infants-em-teniu-al\/"},"wordCount":307,"commentCount":0,"publisher":{"@id":"https:\/\/www.casaldelsinfants.org\/es\/#organization"},"articleSection":["Entrevista"],"inLanguage":"es","potentialAction":[{"@type":"CommentAction","name":"Comment","target":["https:\/\/www.casaldelsinfants.org\/es\/actualidad\/maria-del-mar-bonet-admiro-moltissim-la-feina-que-feu-al-casal-dels-infants-em-teniu-al\/#respond"]}]},{"@type":"WebPage","@id":"https:\/\/www.casaldelsinfants.org\/es\/actualidad\/maria-del-mar-bonet-admiro-moltissim-la-feina-que-feu-al-casal-dels-infants-em-teniu-al\/","url":"https:\/\/www.casaldelsinfants.org\/es\/actualidad\/maria-del-mar-bonet-admiro-moltissim-la-feina-que-feu-al-casal-dels-infants-em-teniu-al\/","name":"Maria del Mar Bonet: \"Admiro molt\u00edssim la feina que feu al Casal dels Infants. Em teniu al costat\"","isPartOf":{"@id":"https:\/\/www.casaldelsinfants.org\/es\/#website"},"datePublished":"2022-01-27T07:19:38+00:00","dateModified":"2023-05-01T15:42:24+00:00","description":"Maria del Mar Bonet repassa en aquesta conversa amb l'Enric Canet, director de Relacions Ciutadanes del Casal dels Infants, el seu vincle amb l'associaci\u00f3.","breadcrumb":{"@id":"https:\/\/www.casaldelsinfants.org\/es\/actualidad\/maria-del-mar-bonet-admiro-moltissim-la-feina-que-feu-al-casal-dels-infants-em-teniu-al\/#breadcrumb"},"inLanguage":"es","potentialAction":[{"@type":"ReadAction","target":["https:\/\/www.casaldelsinfants.org\/es\/actualidad\/maria-del-mar-bonet-admiro-moltissim-la-feina-que-feu-al-casal-dels-infants-em-teniu-al\/"]}]},{"@type":"BreadcrumbList","@id":"https:\/\/www.casaldelsinfants.org\/es\/actualidad\/maria-del-mar-bonet-admiro-moltissim-la-feina-que-feu-al-casal-dels-infants-em-teniu-al\/#breadcrumb","itemListElement":[{"@type":"ListItem","position":1,"name":"Inici","item":"https:\/\/www.casaldelsinfants.org\/es\/"},{"@type":"ListItem","position":2,"name":"Maria del Mar Bonet: &quot;Admiro molt\u00edssim la feina que feu al Casal dels Infants. Em teniu al costat&quot;"}]},{"@type":"WebSite","@id":"https:\/\/www.casaldelsinfants.org\/es\/#website","url":"https:\/\/www.casaldelsinfants.org\/es\/","name":"Casal dels Infants","description":"","publisher":{"@id":"https:\/\/www.casaldelsinfants.org\/es\/#organization"},"potentialAction":[{"@type":"SearchAction","target":{"@type":"EntryPoint","urlTemplate":"https:\/\/www.casaldelsinfants.org\/es\/?s={search_term_string}"},"query-input":{"@type":"PropertyValueSpecification","valueRequired":true,"valueName":"search_term_string"}}],"inLanguage":"es"},{"@type":"Organization","@id":"https:\/\/www.casaldelsinfants.org\/es\/#organization","name":"Casal dels Infants","url":"https:\/\/www.casaldelsinfants.org\/es\/","logo":{"@type":"ImageObject","inLanguage":"es","@id":"https:\/\/www.casaldelsinfants.org\/es\/#\/schema\/logo\/image\/","url":"https:\/\/www.casaldelsinfants.org\/wp-content\/uploads\/logo-mail.png","contentUrl":"https:\/\/www.casaldelsinfants.org\/wp-content\/uploads\/logo-mail.png","width":380,"height":158,"caption":"Casal dels Infants"},"image":{"@id":"https:\/\/www.casaldelsinfants.org\/es\/#\/schema\/logo\/image\/"},"sameAs":["https:\/\/www.facebook.com\/casalinfants","https:\/\/x.com\/casalinfants","https:\/\/www.youtube.com\/user\/CasaldelsInfants1","https:\/\/www.instagram.com\/casalinfants\/","https:\/\/www.linkedin.com\/company\/casaldelsinfants?trk=organization-update_share-update_actor-text"]},{"@type":"Person","@id":"https:\/\/www.casaldelsinfants.org\/es\/#\/schema\/person\/97707fc8c64900cf36891127dbf9fba8","name":"cdiAdmin","sameAs":["https:\/\/casaldelsinfants.org"]}]}},"publishpress_future_action":{"enabled":false,"date":"2026-05-09 07:08:37","action":"change-status","newStatus":"draft","terms":[],"taxonomy":"category","extraData":[]},"publishpress_future_workflow_manual_trigger":{"enabledWorkflows":[]},"_links":{"self":[{"href":"https:\/\/www.casaldelsinfants.org\/es\/wp-json\/wp\/v2\/posts\/4245","targetHints":{"allow":["GET"]}}],"collection":[{"href":"https:\/\/www.casaldelsinfants.org\/es\/wp-json\/wp\/v2\/posts"}],"about":[{"href":"https:\/\/www.casaldelsinfants.org\/es\/wp-json\/wp\/v2\/types\/post"}],"author":[{"embeddable":true,"href":"https:\/\/www.casaldelsinfants.org\/es\/wp-json\/wp\/v2\/users\/1"}],"replies":[{"embeddable":true,"href":"https:\/\/www.casaldelsinfants.org\/es\/wp-json\/wp\/v2\/comments?post=4245"}],"version-history":[{"count":1,"href":"https:\/\/www.casaldelsinfants.org\/es\/wp-json\/wp\/v2\/posts\/4245\/revisions"}],"predecessor-version":[{"id":6229,"href":"https:\/\/www.casaldelsinfants.org\/es\/wp-json\/wp\/v2\/posts\/4245\/revisions\/6229"}],"wp:attachment":[{"href":"https:\/\/www.casaldelsinfants.org\/es\/wp-json\/wp\/v2\/media?parent=4245"}],"wp:term":[{"taxonomy":"category","embeddable":true,"href":"https:\/\/www.casaldelsinfants.org\/es\/wp-json\/wp\/v2\/categories?post=4245"},{"taxonomy":"post_tag","embeddable":true,"href":"https:\/\/www.casaldelsinfants.org\/es\/wp-json\/wp\/v2\/tags?post=4245"},{"taxonomy":"seus","embeddable":true,"href":"https:\/\/www.casaldelsinfants.org\/es\/wp-json\/wp\/v2\/seus?post=4245"},{"taxonomy":"eixos","embeddable":true,"href":"https:\/\/www.casaldelsinfants.org\/es\/wp-json\/wp\/v2\/eixos?post=4245"}],"curies":[{"name":"wp","href":"https:\/\/api.w.org\/{rel}","templated":true}]}}