{"id":4249,"date":"2022-01-17T12:20:35","date_gmt":"2022-01-17T10:20:35","guid":{"rendered":"https:\/\/casal.puntzero.cat\/noticies\/adolescents-i-joves-del-del-raval-participen-en-una-exposicio-dart-collaborativa\/"},"modified":"2023-10-26T12:15:51","modified_gmt":"2023-10-26T10:15:51","slug":"adolescents-i-joves-del-del-raval-participen-en-una-exposicio-dart-collaborativa","status":"publish","type":"post","link":"https:\/\/www.casaldelsinfants.org\/es\/actualidad\/adolescentes-jovenes-raval-exposicion-colaborativa\/","title":{"rendered":"Adolescentes y j\u00f3venes del Raval participan en una exposici\u00f3n de arte colaborativa"},"content":{"rendered":"<p><span style=\"color: #000000;\">Los chicos y chicas del Centro Abierto Adolescente y del Casal Jove Atles del Casal dels Infants en el barrio del Raval han exprimido sus capacidades art\u00edsticas y creativas para elaborar piezas de arte para formar parte de <strong>una exposici\u00f3n de arte colaborativo<\/strong>. La exposici\u00f3n <\/span><u><a href=\"https:\/\/www.casaldelraval.cat\/\" target=\"_blank\" rel=\"noopener\">Art Jove Raval<\/a><\/u><span style=\"color: #000000;\"> cuenta con la participaci\u00f3n de m\u00e1s de 100 artistas de entre 12 y 25 a\u00f1os que tienen un fuerte v\u00ednculo con el barrio.\u00a0<\/span><\/p>\n<p>&nbsp;<\/p>\n<p dir=\"ltr\"><span style=\"color: #000000;\">La muestra, organizada por el <strong>Casal de Barri del Raval<\/strong> con el apoyo del Distrito de Ciutat Vella, <strong>se inaugura este lunes 17 de enero a las 18h<\/strong> en el local de la entidad, a <u><a href=\"https:\/\/www.google.com\/maps\/place\/Carrer+de+la+Reina+Am%C3%A0lia,+31,+08001+Barcelona\/data=!4m2!3m1!1s0x12a4a25e8a526b5d:0x64156206ac71da52?sa=X&amp;ved=2ahUKEwjY2Yuo4bj1AhWIM-wKHVLVAYIQ8gF6BAgSEAE\" target=\"_blank\" rel=\"noopener\">C\/ Reina Am\u00e0lia, 31<\/a><\/u>, y estar\u00e1 abierta al p\u00fablico hasta el 10 de febrero. Aquellos que la visiten podr\u00e1n ver las obras de diferentes artistas, entre los que se encuentran los chicos y chicas del Casal.\u00a0<\/span><\/p>\n<p dir=\"ltr\"><span style=\"color: #000000;\">Los participantes del <strong>Centro Abierto Adolescente del Raval <\/strong>exponen <strong><em>Verdades del Raval<\/em><\/strong>, el resultado de un proceso de exploraci\u00f3n y autorepresentaci\u00f3n a trav\u00e9s de la fotograf\u00eda anal\u00f3gica. En un taller dinamizado por la cooperativa cultural <\/span><u><a href=\"https:\/\/lalaberinta.org\/ca\/\" target=\"_blank\" rel=\"noopener\">La Laberinta<\/a><\/u><span style=\"color: #000000;\">, los j\u00f3venes salieron a la calle, con la c\u00e1mara en la mano y acompa\u00f1ados por la fot\u00f3grafa Diana Rangel, para capturar la realidad de su barrio y de su casa, a menudo estigmatizado en los medios de comunicaci\u00f3n.\u00a0<\/span><\/p>\n<p><img decoding=\"async\" class=\"align-center\" src=\"\/wp-content\/uploads\/diseno-sin-titulo-5.webp\" alt=\"Boles amb pintura i nois i noies jugan al billar amb pintura.\" width=\"480\" height=\"177\" data-entity-type=\"file\" data-entity-uuid=\"36387e92-df70-440a-8522-561e1382d3e1\" data-image-style=\"large\" \/><\/p>\n<p dir=\"ltr\"><span style=\"color: #000000;\">Los chicos y chicas de <strong>Casal Jove Atles<\/strong> escogieron la pintura para su creaci\u00f3n art\u00edstica. Forraron la mesa de billar, el futbol\u00edn y la mesa de ping-pong con telas blancas, y pusieron pintura a las bolas de cada juego. As\u00ed, jugando al billar, al futbol\u00edn y a ping-pong, acabaron elaborando tres murales \u00fanicos y llenos de color.\u00a0<\/span><\/p>\n<p dir=\"ltr\"><span style=\"color: #000000;\">Las personas que visiten la exposici\u00f3n tambi\u00e9n podr\u00e1n ver otras disciplinas, como la m\u00fasica, proyectos audiovisuales o pintura acr\u00edlica, a trav\u00e9s de las obras de Sue\u00f1o Contigo (19 a\u00f1os), Enric Rodr\u00edguez Adell (20 a\u00f1os), Noha Miah Begum (17 a\u00f1os), Kiara Ordinario de Guzman (16 a\u00f1os), y el alumnado de 3\u00ba y 4\u00ba de la ESO del Institut Mil\u00e0 i Fontanals.\u00a0<\/span><\/p>\n<p dir=\"ltr\"><span style=\"color: #000000;\">La convocatoria de <strong>Art Jove Raval<\/strong> tiene como objetivo potenciar y visibilizar el arte creado por j\u00f3venes del barrio del Raval, conectar diferentes artistas locales y mostrar las diferentes disciplinas art\u00edsticas existentes.<\/span><b>\u00a0<\/b><\/p>\n<blockquote><p><strong>Haz posible que sigamos apoyando adolescentes y j\u00f3venes en situaci\u00f3n de vulnerabilidad\u00a0<\/strong><\/p>\n<p>Haz\u00a0<strong>voluntariado<\/strong>. Inf\u00f3rmate\u00a0<a href=\"https:\/\/www.casaldelsinfants.org\/que-pots-fer-tu\/voluntariat\/\" target=\"_blank\" rel=\"noopener\"><u>aqu\u00ed<\/u><\/a>.<\/p>\n<p>Haz un\u00a0<strong>donativo<\/strong>\u00a0<a href=\"https:\/\/www.casaldelsinfants.org\/dona-ara\/\" target=\"_blank\" rel=\"noopener\"><u>aqu\u00ed<\/u><\/a>.<\/p><\/blockquote>\n","protected":false},"excerpt":{"rendered":"<p>Los chicos y chicas del Centro Abierto Adolescente y del Casal Jove Atles del Casal dels Infants en el barrio del Raval han exprimido sus capacidades art\u00edsticas y creativas para elaborar piezas de arte para formar parte de una exposici\u00f3n de arte colaborativo. La exposici\u00f3n Art Jove Raval cuenta con la participaci\u00f3n de m\u00e1s de [&hellip;]<\/p>\n","protected":false},"author":1,"featured_media":2987,"comment_status":"open","ping_status":"open","sticky":false,"template":"","format":"standard","meta":{"_acf_changed":false,"_et_pb_use_builder":"","_et_pb_old_content":"","_et_gb_content_width":"","inline_featured_image":false,"footnotes":""},"categories":[125],"tags":[],"seus":[157],"eixos":[99],"class_list":["post-4249","post","type-post","status-publish","format-standard","has-post-thumbnail","hentry","category-noticias","seus-el-raval","eixos-infancia-y-adolescencia"],"acf":[],"yoast_head":"<!-- This site is optimized with the Yoast SEO plugin v27.4 - https:\/\/yoast.com\/product\/yoast-seo-wordpress\/ -->\n<title>Adolescentes y j\u00f3venes del Raval participan en una exposici\u00f3n de arte colaborativa<\/title>\n<meta name=\"description\" content=\"Adolescentes y j\u00f3venes del Casal dels Infants del barrio del Raval forman parte de una exposici\u00f3n de arte colaborativo, el Art Jove Raval, organizado por el Casal de Barri del Raval. Participan con fotograf\u00edas anal\u00f3gicas y con tres murales de pintura.\" \/>\n<meta name=\"robots\" content=\"index, follow, max-snippet:-1, max-image-preview:large, max-video-preview:-1\" \/>\n<link rel=\"canonical\" href=\"https:\/\/www.casaldelsinfants.org\/es\/actualidad\/adolescentes-jovenes-raval-exposicion-colaborativa\/\" \/>\n<meta property=\"og:locale\" content=\"es_ES\" \/>\n<meta property=\"og:type\" content=\"article\" \/>\n<meta property=\"og:title\" content=\"Adolescentes y j\u00f3venes del Raval participan en una exposici\u00f3n de arte colaborativa\" \/>\n<meta property=\"og:description\" content=\"Adolescentes y j\u00f3venes del Casal dels Infants del barrio del Raval forman parte de una exposici\u00f3n de arte colaborativo, el Art Jove Raval, organizado por el Casal de Barri del Raval. Participan con fotograf\u00edas anal\u00f3gicas y con tres murales de pintura.\" \/>\n<meta property=\"og:url\" content=\"https:\/\/www.casaldelsinfants.org\/es\/actualidad\/adolescentes-jovenes-raval-exposicion-colaborativa\/\" \/>\n<meta property=\"og:site_name\" content=\"Casal dels Infants\" \/>\n<meta property=\"article:publisher\" content=\"https:\/\/www.facebook.com\/casalinfants\" \/>\n<meta property=\"article:published_time\" content=\"2022-01-17T10:20:35+00:00\" \/>\n<meta property=\"article:modified_time\" content=\"2023-10-26T10:15:51+00:00\" \/>\n<meta property=\"og:image\" content=\"https:\/\/www.casaldelsinfants.org\/wp-content\/uploads\/f42bba16-2540-40d9-b4bf-998a475b1386.jpg\" \/>\n\t<meta property=\"og:image:width\" content=\"1475\" \/>\n\t<meta property=\"og:image:height\" content=\"1287\" \/>\n\t<meta property=\"og:image:type\" content=\"image\/jpeg\" \/>\n<meta name=\"author\" content=\"cdiAdmin\" \/>\n<meta name=\"twitter:card\" content=\"summary_large_image\" \/>\n<meta name=\"twitter:creator\" content=\"@casalinfants\" \/>\n<meta name=\"twitter:site\" content=\"@casalinfants\" \/>\n<meta name=\"twitter:label1\" content=\"Escrito por\" \/>\n\t<meta name=\"twitter:data1\" content=\"cdiAdmin\" \/>\n\t<meta name=\"twitter:label2\" content=\"Tiempo de lectura\" \/>\n\t<meta name=\"twitter:data2\" content=\"3 minutos\" \/>\n<script type=\"application\/ld+json\" class=\"yoast-schema-graph\">{\"@context\":\"https:\\\/\\\/schema.org\",\"@graph\":[{\"@type\":\"Article\",\"@id\":\"https:\\\/\\\/www.casaldelsinfants.org\\\/es\\\/actualidad\\\/adolescentes-jovenes-raval-exposicion-colaborativa\\\/#article\",\"isPartOf\":{\"@id\":\"https:\\\/\\\/www.casaldelsinfants.org\\\/es\\\/actualidad\\\/adolescentes-jovenes-raval-exposicion-colaborativa\\\/\"},\"author\":{\"name\":\"cdiAdmin\",\"@id\":\"https:\\\/\\\/www.casaldelsinfants.org\\\/es\\\/#\\\/schema\\\/person\\\/97707fc8c64900cf36891127dbf9fba8\"},\"headline\":\"Adolescentes y j\u00f3venes del Raval participan en una exposici\u00f3n de arte colaborativa\",\"datePublished\":\"2022-01-17T10:20:35+00:00\",\"dateModified\":\"2023-10-26T10:15:51+00:00\",\"mainEntityOfPage\":{\"@id\":\"https:\\\/\\\/www.casaldelsinfants.org\\\/es\\\/actualidad\\\/adolescentes-jovenes-raval-exposicion-colaborativa\\\/\"},\"wordCount\":430,\"commentCount\":0,\"publisher\":{\"@id\":\"https:\\\/\\\/www.casaldelsinfants.org\\\/es\\\/#organization\"},\"image\":{\"@id\":\"https:\\\/\\\/www.casaldelsinfants.org\\\/es\\\/actualidad\\\/adolescentes-jovenes-raval-exposicion-colaborativa\\\/#primaryimage\"},\"thumbnailUrl\":\"https:\\\/\\\/www.casaldelsinfants.org\\\/wp-content\\\/uploads\\\/f42bba16-2540-40d9-b4bf-998a475b1386.jpg\",\"articleSection\":[\"Noticia\"],\"inLanguage\":\"es\",\"potentialAction\":[{\"@type\":\"CommentAction\",\"name\":\"Comment\",\"target\":[\"https:\\\/\\\/www.casaldelsinfants.org\\\/es\\\/actualidad\\\/adolescentes-jovenes-raval-exposicion-colaborativa\\\/#respond\"]}]},{\"@type\":\"WebPage\",\"@id\":\"https:\\\/\\\/www.casaldelsinfants.org\\\/es\\\/actualidad\\\/adolescentes-jovenes-raval-exposicion-colaborativa\\\/\",\"url\":\"https:\\\/\\\/www.casaldelsinfants.org\\\/es\\\/actualidad\\\/adolescentes-jovenes-raval-exposicion-colaborativa\\\/\",\"name\":\"Adolescentes y j\u00f3venes del Raval participan en una exposici\u00f3n de arte colaborativa\",\"isPartOf\":{\"@id\":\"https:\\\/\\\/www.casaldelsinfants.org\\\/es\\\/#website\"},\"primaryImageOfPage\":{\"@id\":\"https:\\\/\\\/www.casaldelsinfants.org\\\/es\\\/actualidad\\\/adolescentes-jovenes-raval-exposicion-colaborativa\\\/#primaryimage\"},\"image\":{\"@id\":\"https:\\\/\\\/www.casaldelsinfants.org\\\/es\\\/actualidad\\\/adolescentes-jovenes-raval-exposicion-colaborativa\\\/#primaryimage\"},\"thumbnailUrl\":\"https:\\\/\\\/www.casaldelsinfants.org\\\/wp-content\\\/uploads\\\/f42bba16-2540-40d9-b4bf-998a475b1386.jpg\",\"datePublished\":\"2022-01-17T10:20:35+00:00\",\"dateModified\":\"2023-10-26T10:15:51+00:00\",\"description\":\"Adolescentes y j\u00f3venes del Casal dels Infants del barrio del Raval forman parte de una exposici\u00f3n de arte colaborativo, el Art Jove Raval, organizado por el Casal de Barri del Raval. Participan con fotograf\u00edas anal\u00f3gicas y con tres murales de pintura.\",\"breadcrumb\":{\"@id\":\"https:\\\/\\\/www.casaldelsinfants.org\\\/es\\\/actualidad\\\/adolescentes-jovenes-raval-exposicion-colaborativa\\\/#breadcrumb\"},\"inLanguage\":\"es\",\"potentialAction\":[{\"@type\":\"ReadAction\",\"target\":[\"https:\\\/\\\/www.casaldelsinfants.org\\\/es\\\/actualidad\\\/adolescentes-jovenes-raval-exposicion-colaborativa\\\/\"]}]},{\"@type\":\"ImageObject\",\"inLanguage\":\"es\",\"@id\":\"https:\\\/\\\/www.casaldelsinfants.org\\\/es\\\/actualidad\\\/adolescentes-jovenes-raval-exposicion-colaborativa\\\/#primaryimage\",\"url\":\"https:\\\/\\\/www.casaldelsinfants.org\\\/wp-content\\\/uploads\\\/f42bba16-2540-40d9-b4bf-998a475b1386.jpg\",\"contentUrl\":\"https:\\\/\\\/www.casaldelsinfants.org\\\/wp-content\\\/uploads\\\/f42bba16-2540-40d9-b4bf-998a475b1386.jpg\",\"width\":1475,\"height\":1287,\"caption\":\"Adolescents i joves del Raval participen en una exposici\u00f3 d'art col\u00b7laborativa.\"},{\"@type\":\"BreadcrumbList\",\"@id\":\"https:\\\/\\\/www.casaldelsinfants.org\\\/es\\\/actualidad\\\/adolescentes-jovenes-raval-exposicion-colaborativa\\\/#breadcrumb\",\"itemListElement\":[{\"@type\":\"ListItem\",\"position\":1,\"name\":\"Inici\",\"item\":\"https:\\\/\\\/www.casaldelsinfants.org\\\/es\\\/\"},{\"@type\":\"ListItem\",\"position\":2,\"name\":\"Adolescentes y j\u00f3venes del Raval participan en una exposici\u00f3n de arte colaborativa\"}]},{\"@type\":\"WebSite\",\"@id\":\"https:\\\/\\\/www.casaldelsinfants.org\\\/es\\\/#website\",\"url\":\"https:\\\/\\\/www.casaldelsinfants.org\\\/es\\\/\",\"name\":\"Casal dels Infants\",\"description\":\"\",\"publisher\":{\"@id\":\"https:\\\/\\\/www.casaldelsinfants.org\\\/es\\\/#organization\"},\"potentialAction\":[{\"@type\":\"SearchAction\",\"target\":{\"@type\":\"EntryPoint\",\"urlTemplate\":\"https:\\\/\\\/www.casaldelsinfants.org\\\/es\\\/?s={search_term_string}\"},\"query-input\":{\"@type\":\"PropertyValueSpecification\",\"valueRequired\":true,\"valueName\":\"search_term_string\"}}],\"inLanguage\":\"es\"},{\"@type\":\"Organization\",\"@id\":\"https:\\\/\\\/www.casaldelsinfants.org\\\/es\\\/#organization\",\"name\":\"Casal dels Infants\",\"url\":\"https:\\\/\\\/www.casaldelsinfants.org\\\/es\\\/\",\"logo\":{\"@type\":\"ImageObject\",\"inLanguage\":\"es\",\"@id\":\"https:\\\/\\\/www.casaldelsinfants.org\\\/es\\\/#\\\/schema\\\/logo\\\/image\\\/\",\"url\":\"https:\\\/\\\/www.casaldelsinfants.org\\\/wp-content\\\/uploads\\\/logo-mail.png\",\"contentUrl\":\"https:\\\/\\\/www.casaldelsinfants.org\\\/wp-content\\\/uploads\\\/logo-mail.png\",\"width\":380,\"height\":158,\"caption\":\"Casal dels Infants\"},\"image\":{\"@id\":\"https:\\\/\\\/www.casaldelsinfants.org\\\/es\\\/#\\\/schema\\\/logo\\\/image\\\/\"},\"sameAs\":[\"https:\\\/\\\/www.facebook.com\\\/casalinfants\",\"https:\\\/\\\/x.com\\\/casalinfants\",\"https:\\\/\\\/www.youtube.com\\\/user\\\/CasaldelsInfants1\",\"https:\\\/\\\/www.instagram.com\\\/casalinfants\\\/\",\"https:\\\/\\\/www.linkedin.com\\\/company\\\/casaldelsinfants?trk=organization-update_share-update_actor-text\"]},{\"@type\":\"Person\",\"@id\":\"https:\\\/\\\/www.casaldelsinfants.org\\\/es\\\/#\\\/schema\\\/person\\\/97707fc8c64900cf36891127dbf9fba8\",\"name\":\"cdiAdmin\",\"sameAs\":[\"https:\\\/\\\/casaldelsinfants.org\"]}]}<\/script>\n<!-- \/ Yoast SEO plugin. -->","yoast_head_json":{"title":"Adolescentes y j\u00f3venes del Raval participan en una exposici\u00f3n de arte colaborativa","description":"Adolescentes y j\u00f3venes del Casal dels Infants del barrio del Raval forman parte de una exposici\u00f3n de arte colaborativo, el Art Jove Raval, organizado por el Casal de Barri del Raval. Participan con fotograf\u00edas anal\u00f3gicas y con tres murales de pintura.","robots":{"index":"index","follow":"follow","max-snippet":"max-snippet:-1","max-image-preview":"max-image-preview:large","max-video-preview":"max-video-preview:-1"},"canonical":"https:\/\/www.casaldelsinfants.org\/es\/actualidad\/adolescentes-jovenes-raval-exposicion-colaborativa\/","og_locale":"es_ES","og_type":"article","og_title":"Adolescentes y j\u00f3venes del Raval participan en una exposici\u00f3n de arte colaborativa","og_description":"Adolescentes y j\u00f3venes del Casal dels Infants del barrio del Raval forman parte de una exposici\u00f3n de arte colaborativo, el Art Jove Raval, organizado por el Casal de Barri del Raval. Participan con fotograf\u00edas anal\u00f3gicas y con tres murales de pintura.","og_url":"https:\/\/www.casaldelsinfants.org\/es\/actualidad\/adolescentes-jovenes-raval-exposicion-colaborativa\/","og_site_name":"Casal dels Infants","article_publisher":"https:\/\/www.facebook.com\/casalinfants","article_published_time":"2022-01-17T10:20:35+00:00","article_modified_time":"2023-10-26T10:15:51+00:00","og_image":[{"width":1475,"height":1287,"url":"https:\/\/www.casaldelsinfants.org\/wp-content\/uploads\/f42bba16-2540-40d9-b4bf-998a475b1386.jpg","type":"image\/jpeg"}],"author":"cdiAdmin","twitter_card":"summary_large_image","twitter_creator":"@casalinfants","twitter_site":"@casalinfants","twitter_misc":{"Escrito por":"cdiAdmin","Tiempo de lectura":"3 minutos"},"schema":{"@context":"https:\/\/schema.org","@graph":[{"@type":"Article","@id":"https:\/\/www.casaldelsinfants.org\/es\/actualidad\/adolescentes-jovenes-raval-exposicion-colaborativa\/#article","isPartOf":{"@id":"https:\/\/www.casaldelsinfants.org\/es\/actualidad\/adolescentes-jovenes-raval-exposicion-colaborativa\/"},"author":{"name":"cdiAdmin","@id":"https:\/\/www.casaldelsinfants.org\/es\/#\/schema\/person\/97707fc8c64900cf36891127dbf9fba8"},"headline":"Adolescentes y j\u00f3venes del Raval participan en una exposici\u00f3n de arte colaborativa","datePublished":"2022-01-17T10:20:35+00:00","dateModified":"2023-10-26T10:15:51+00:00","mainEntityOfPage":{"@id":"https:\/\/www.casaldelsinfants.org\/es\/actualidad\/adolescentes-jovenes-raval-exposicion-colaborativa\/"},"wordCount":430,"commentCount":0,"publisher":{"@id":"https:\/\/www.casaldelsinfants.org\/es\/#organization"},"image":{"@id":"https:\/\/www.casaldelsinfants.org\/es\/actualidad\/adolescentes-jovenes-raval-exposicion-colaborativa\/#primaryimage"},"thumbnailUrl":"https:\/\/www.casaldelsinfants.org\/wp-content\/uploads\/f42bba16-2540-40d9-b4bf-998a475b1386.jpg","articleSection":["Noticia"],"inLanguage":"es","potentialAction":[{"@type":"CommentAction","name":"Comment","target":["https:\/\/www.casaldelsinfants.org\/es\/actualidad\/adolescentes-jovenes-raval-exposicion-colaborativa\/#respond"]}]},{"@type":"WebPage","@id":"https:\/\/www.casaldelsinfants.org\/es\/actualidad\/adolescentes-jovenes-raval-exposicion-colaborativa\/","url":"https:\/\/www.casaldelsinfants.org\/es\/actualidad\/adolescentes-jovenes-raval-exposicion-colaborativa\/","name":"Adolescentes y j\u00f3venes del Raval participan en una exposici\u00f3n de arte colaborativa","isPartOf":{"@id":"https:\/\/www.casaldelsinfants.org\/es\/#website"},"primaryImageOfPage":{"@id":"https:\/\/www.casaldelsinfants.org\/es\/actualidad\/adolescentes-jovenes-raval-exposicion-colaborativa\/#primaryimage"},"image":{"@id":"https:\/\/www.casaldelsinfants.org\/es\/actualidad\/adolescentes-jovenes-raval-exposicion-colaborativa\/#primaryimage"},"thumbnailUrl":"https:\/\/www.casaldelsinfants.org\/wp-content\/uploads\/f42bba16-2540-40d9-b4bf-998a475b1386.jpg","datePublished":"2022-01-17T10:20:35+00:00","dateModified":"2023-10-26T10:15:51+00:00","description":"Adolescentes y j\u00f3venes del Casal dels Infants del barrio del Raval forman parte de una exposici\u00f3n de arte colaborativo, el Art Jove Raval, organizado por el Casal de Barri del Raval. Participan con fotograf\u00edas anal\u00f3gicas y con tres murales de pintura.","breadcrumb":{"@id":"https:\/\/www.casaldelsinfants.org\/es\/actualidad\/adolescentes-jovenes-raval-exposicion-colaborativa\/#breadcrumb"},"inLanguage":"es","potentialAction":[{"@type":"ReadAction","target":["https:\/\/www.casaldelsinfants.org\/es\/actualidad\/adolescentes-jovenes-raval-exposicion-colaborativa\/"]}]},{"@type":"ImageObject","inLanguage":"es","@id":"https:\/\/www.casaldelsinfants.org\/es\/actualidad\/adolescentes-jovenes-raval-exposicion-colaborativa\/#primaryimage","url":"https:\/\/www.casaldelsinfants.org\/wp-content\/uploads\/f42bba16-2540-40d9-b4bf-998a475b1386.jpg","contentUrl":"https:\/\/www.casaldelsinfants.org\/wp-content\/uploads\/f42bba16-2540-40d9-b4bf-998a475b1386.jpg","width":1475,"height":1287,"caption":"Adolescents i joves del Raval participen en una exposici\u00f3 d'art col\u00b7laborativa."},{"@type":"BreadcrumbList","@id":"https:\/\/www.casaldelsinfants.org\/es\/actualidad\/adolescentes-jovenes-raval-exposicion-colaborativa\/#breadcrumb","itemListElement":[{"@type":"ListItem","position":1,"name":"Inici","item":"https:\/\/www.casaldelsinfants.org\/es\/"},{"@type":"ListItem","position":2,"name":"Adolescentes y j\u00f3venes del Raval participan en una exposici\u00f3n de arte colaborativa"}]},{"@type":"WebSite","@id":"https:\/\/www.casaldelsinfants.org\/es\/#website","url":"https:\/\/www.casaldelsinfants.org\/es\/","name":"Casal dels Infants","description":"","publisher":{"@id":"https:\/\/www.casaldelsinfants.org\/es\/#organization"},"potentialAction":[{"@type":"SearchAction","target":{"@type":"EntryPoint","urlTemplate":"https:\/\/www.casaldelsinfants.org\/es\/?s={search_term_string}"},"query-input":{"@type":"PropertyValueSpecification","valueRequired":true,"valueName":"search_term_string"}}],"inLanguage":"es"},{"@type":"Organization","@id":"https:\/\/www.casaldelsinfants.org\/es\/#organization","name":"Casal dels Infants","url":"https:\/\/www.casaldelsinfants.org\/es\/","logo":{"@type":"ImageObject","inLanguage":"es","@id":"https:\/\/www.casaldelsinfants.org\/es\/#\/schema\/logo\/image\/","url":"https:\/\/www.casaldelsinfants.org\/wp-content\/uploads\/logo-mail.png","contentUrl":"https:\/\/www.casaldelsinfants.org\/wp-content\/uploads\/logo-mail.png","width":380,"height":158,"caption":"Casal dels Infants"},"image":{"@id":"https:\/\/www.casaldelsinfants.org\/es\/#\/schema\/logo\/image\/"},"sameAs":["https:\/\/www.facebook.com\/casalinfants","https:\/\/x.com\/casalinfants","https:\/\/www.youtube.com\/user\/CasaldelsInfants1","https:\/\/www.instagram.com\/casalinfants\/","https:\/\/www.linkedin.com\/company\/casaldelsinfants?trk=organization-update_share-update_actor-text"]},{"@type":"Person","@id":"https:\/\/www.casaldelsinfants.org\/es\/#\/schema\/person\/97707fc8c64900cf36891127dbf9fba8","name":"cdiAdmin","sameAs":["https:\/\/casaldelsinfants.org"]}]}},"publishpress_future_action":{"enabled":false,"date":"2026-05-08 15:41:31","action":"change-status","newStatus":"draft","terms":[],"taxonomy":"category","extraData":[]},"publishpress_future_workflow_manual_trigger":{"enabledWorkflows":[]},"_links":{"self":[{"href":"https:\/\/www.casaldelsinfants.org\/es\/wp-json\/wp\/v2\/posts\/4249","targetHints":{"allow":["GET"]}}],"collection":[{"href":"https:\/\/www.casaldelsinfants.org\/es\/wp-json\/wp\/v2\/posts"}],"about":[{"href":"https:\/\/www.casaldelsinfants.org\/es\/wp-json\/wp\/v2\/types\/post"}],"author":[{"embeddable":true,"href":"https:\/\/www.casaldelsinfants.org\/es\/wp-json\/wp\/v2\/users\/1"}],"replies":[{"embeddable":true,"href":"https:\/\/www.casaldelsinfants.org\/es\/wp-json\/wp\/v2\/comments?post=4249"}],"version-history":[{"count":3,"href":"https:\/\/www.casaldelsinfants.org\/es\/wp-json\/wp\/v2\/posts\/4249\/revisions"}],"predecessor-version":[{"id":14937,"href":"https:\/\/www.casaldelsinfants.org\/es\/wp-json\/wp\/v2\/posts\/4249\/revisions\/14937"}],"wp:featuredmedia":[{"embeddable":true,"href":"https:\/\/www.casaldelsinfants.org\/es\/wp-json\/wp\/v2\/media\/2987"}],"wp:attachment":[{"href":"https:\/\/www.casaldelsinfants.org\/es\/wp-json\/wp\/v2\/media?parent=4249"}],"wp:term":[{"taxonomy":"category","embeddable":true,"href":"https:\/\/www.casaldelsinfants.org\/es\/wp-json\/wp\/v2\/categories?post=4249"},{"taxonomy":"post_tag","embeddable":true,"href":"https:\/\/www.casaldelsinfants.org\/es\/wp-json\/wp\/v2\/tags?post=4249"},{"taxonomy":"seus","embeddable":true,"href":"https:\/\/www.casaldelsinfants.org\/es\/wp-json\/wp\/v2\/seus?post=4249"},{"taxonomy":"eixos","embeddable":true,"href":"https:\/\/www.casaldelsinfants.org\/es\/wp-json\/wp\/v2\/eixos?post=4249"}],"curies":[{"name":"wp","href":"https:\/\/api.w.org\/{rel}","templated":true}]}}