{"id":4250,"date":"2022-01-17T09:33:15","date_gmt":"2022-01-17T07:33:15","guid":{"rendered":"https:\/\/casal.puntzero.cat\/noticies\/dones-del-casal-dels-infants-de-salt-preparen-una-exposicio-sobre-el-dol-migratori\/"},"modified":"2023-11-06T14:44:15","modified_gmt":"2023-11-06T12:44:15","slug":"dones-del-casal-dels-infants-de-salt-preparen-una-exposicio-sobre-el-dol-migratori","status":"publish","type":"post","link":"https:\/\/www.casaldelsinfants.org\/es\/actualidad\/dones-del-casal-dels-infants-de-salt-preparen-una-exposicio-sobre-el-dol-migratori\/","title":{"rendered":"Mujeres del Casal dels Infants de Salt preparan una exposici\u00f3n sobre el duelo migratorio"},"content":{"rendered":"<p dir=\"ltr\"><span style=\"color: #000000;\">Catorce participantes del Espai Dones del <u><a href=\"https:\/\/www.casaldelsinfants.org\/es\/actualidad\/soaf-casal-familiar-soporte-familias-salt-santa-coloma-gramenet\/\" target=\"_blank\" rel=\"noopener\">Casal Familiar-Servicio de Orientaci\u00f3n y Acompa\u00f1amiento a las Familias (SOAF)<\/a><\/u>, del Casal dels Infants de Salt, seran las protagonistas de <strong>una nueva exposici\u00f3n centrada en el duelo migratorio<\/strong>, un proceso muy com\u00fan entre las familias que viven en este municipio. Se trata de una experiencia cargada de emociones, recuerdos, p\u00e9rdidas y preocupaciones que afectan, de una manera u otra, a las personas que han migrado. El Casal Familiar de Salt ha querido profundizar en esta experiencia a trav\u00e9s de hablarlo y de una variante m\u00e1s art\u00edstica, la costura, que hace meses que practican en el Espai Dones.\u00a0<\/span><\/p>\n<p dir=\"ltr\"><span style=\"color: #000000;\">En la exposici\u00f3n, que estar\u00e1 instalada en el <\/span><u><a href=\"https:\/\/www.ateneucomacros.cat\/\" target=\"_blank\" rel=\"noopener\">Ateneu Popular Coma Cros de Salt <\/a><\/u><span style=\"color: #000000;\">y abierta al p\u00fablico pr\u00f3ximamente, los visitantes podr\u00e1n escuchar, de primera mano, <strong>el testimonio de las participantes que han decidido compartir su historia<\/strong> an\u00f3nimamente con una grabaci\u00f3n de voz. Estas historias, donde hablan de su casa de la infancia o del viaje en avi\u00f3n para llegar a Espanya, entre otras, ser\u00e1n accesibles a trav\u00e9s de c\u00f3digos QR. Tambi\u00e9n en la exposici\u00f3n habr\u00e1 el <strong>mural textil <\/strong>que han elaborado entre las catorce mujeres, donde han plasmado y narrado diferentes recuerdos de su proceso migratorio: recuerdos del pa\u00eds de origen y del momento en que se trasladaron a Catalunya, as\u00ed como reflexiones sobre su situaci\u00f3n actual.\u00a0<\/span><\/p>\n<p dir=\"ltr\"><span style=\"color: #000000;\">Para elaborar el mural, las mujeres representaron, <strong>a trav\u00e9s de la costura<\/strong>, diferentes momentos de su proceso migratorio. Cosieron estos dibujos en un trozo de tela de color diferente, y despu\u00e9s engancharon todos estos trozos en una manta m\u00e1s grande, para as\u00ed crear una pieza conjunta que recogiera las telas y los recuerdos de todas ellas.\u00a0<\/span><\/p>\n<blockquote>\n<p dir=\"ltr\"><span style=\"font-size: 24px;\"><strong><span style=\"color: #f1c40f;\">Paula Serrano, educadora social del Casal Familiar-SOAF<\/span>:\u00a0<\/strong><span style=\"color: #000000;\"><strong><strong>\u201cHaciendo este proyecto, han visto que hay personas que han vivido lo mismo y se sienten aliviadas y comprendidas<\/strong>\u201d<\/strong><\/span><\/span><\/p>\n<\/blockquote>\n<p dir=\"ltr\"><span style=\"color: #000000;\">Participar conjuntamente en la elaboraci\u00f3n de este mural y compartir su testimonio entre mujeres que han vivido situaciones y emociones similares ha reforzado el grupo. \u201cPara estas mujeres es tab\u00fa hablar de duelo migratorio, porque a la hora de explicarlo sienten que no las entenderemos porque no hemos vivido su situaci\u00f3n\u201d, explica Paula Serrano, educadora social del Casal Familiar-SOAF. \u201cHaciendo este proyecto han visto que hay personas que han vivido lo mismo y se sienten aliviadas y comprendidas, gracias a esto se han unido y <strong>ahora saben que tienen m\u00e1s cosas en com\u00fan de las que cre\u00edan<\/strong>\u201d, a\u00f1ade.\u00a0<\/span><\/p>\n<p dir=\"ltr\"><span style=\"color: #000000;\">El <strong>Espai Dona<\/strong> es una actividad del Casal Familiar de Salt que est\u00e1 dirigida a aquellas mujeres que tienen ganas de encontrar un espacio donde desconectar de las rutinas de la vida diaria. A trav\u00e9s de la costura, se pretende abordar diversos temas, como el empoderamiento de la mujer y sus historias de vida. Tambi\u00e9n es un espacio donde se facilita un ambiente de cura entre las participantes y de ellas mismas, a trav\u00e9s de la conversaci\u00f3n y de compartir experiencias.\u00a0<\/span><\/p>\n<p dir=\"ltr\"><strong>Parejas ling\u00fc\u00edsticas para practicar catal\u00e1n<\/strong><\/p>\n<p dir=\"ltr\"><span style=\"color: #000000;\">Las mujeres que asisten a las clases de catal\u00e1n que ofrece semanalmente el Casal Familiar-SOAF participaron el pasado 22 de diciembre en una sesi\u00f3n de parejas ling\u00fc\u00edsticas para <strong>conversar y practicar el catal\u00e1n<\/strong>. Participaron 10 mujeres y 5 personas voluntarias \u2014algunas que ya ten\u00edan un v\u00ednculo previo con el Casal, otras que quisieron colaborar puntualmente en la sesi\u00f3n. <\/span><\/p>\n<p><img decoding=\"async\" class=\"align-center\" src=\"\/wp-content\/uploads\/inline-images\/IMG_20211222_110215%20%281%29.jpg\" alt=\"Una alumna i una volunt\u00e0ria parlen i practiquen el catal\u00e0. \" width=\"480\" height=\"312\" data-entity-type=\"file\" data-entity-uuid=\"38218992-8f42-4299-ae39-ed0ca8c5b474\" data-image-style=\"large\" \/><\/p>\n<p>&nbsp;<\/p>\n<p dir=\"ltr\"><span style=\"color: #000000;\">Para poder facilitar una conversaci\u00f3n fluida, el equipo educativo prepar\u00f3 un gui\u00f3n con los temas principales que hab\u00edan trabajado en las clases de catal\u00e1n durante el trimestre y un listado de preguntas. Las conversaciones tuvieron lugar en el espacio Som Salt, donde primero los participantes formaron un c\u00edrculo para hacer la actividad de presentaci\u00f3n y practicar frases t\u00edpicas de esta interacci\u00f3n, y despu\u00e9s se pusieron por parejas y grupos de tres para charlar. Algunos de los temas preparados eran la familia, descripciones, los n\u00fameros y la cocina, entre otros.\u00a0<\/span><\/p>\n<p dir=\"ltr\"><span style=\"color: #000000;\">Es la primera vez que en Salt se lleva a cabo una actividad como esta con este grupo, y despu\u00e9s de una valoraci\u00f3n positiva, el objetivo es hacer m\u00e1s al final de cada trimestre, seg\u00fan ha explicado Paula Serrano.\u00a0<\/span><\/p>\n<blockquote><p><strong>Haz posible que sigamos acompa\u00f1ando a ni\u00f1os, adolescentes y j\u00f3venes en situaci\u00f3n de vulnerabilidad\u00a0\u00a0<\/strong><\/p>\n<p>Haz\u00a0<strong>voluntariado<\/strong>. Informate\u00a0<a href=\"https:\/\/www.casaldelsinfants.org\/es\/que-puedes-hacer-tu\/voluntariado\/\" target=\"_blank\" rel=\"noopener\"><u>aqu\u00ed<\/u><\/a>.<\/p>\n<p>Haz un\u00a0<strong>donativo<\/strong>\u00a0<a href=\"https:\/\/www.casaldelsinfants.org\/es\/dona-ahora\/\" target=\"_blank\" rel=\"noopener\"><u>aqu\u00ed<\/u><\/a>.<\/p><\/blockquote>\n","protected":false},"excerpt":{"rendered":"<p>Catorce participantes del Espai Dones del Casal Familiar-Servicio de Orientaci\u00f3n y Acompa\u00f1amiento a las Familias (SOAF), del Casal dels Infants de Salt, seran las protagonistas de una nueva exposici\u00f3n centrada en el duelo migratorio, un proceso muy com\u00fan entre las familias que viven en este municipio. Se trata de una experiencia cargada de emociones, recuerdos, [&hellip;]<\/p>\n","protected":false},"author":1,"featured_media":2990,"comment_status":"open","ping_status":"open","sticky":false,"template":"","format":"standard","meta":{"_acf_changed":false,"_et_pb_use_builder":"","_et_pb_old_content":"","_et_gb_content_width":"","inline_featured_image":false,"footnotes":""},"categories":[125],"tags":[],"seus":[159],"eixos":[110],"class_list":["post-4250","post","type-post","status-publish","format-standard","has-post-thumbnail","hentry","category-noticias","seus-salt","eixos-comunidad-casal-dels-infants"],"acf":[],"yoast_head":"<!-- This site is optimized with the Yoast SEO plugin v27.4 - https:\/\/yoast.com\/product\/yoast-seo-wordpress\/ -->\n<title>Mujeres del Casal dels Infants de Salt preparan una exposici\u00f3n sobre el duelo migratorio<\/title>\n<meta name=\"description\" content=\"Catorce mujeres del Espai Dona del Casal dels Infants de Salt protagonizan una exposici\u00f3n sobre el duelo migratorio. Los visitantes podran escuchar el testimonio de algunas de las mujeres con grabaciones de voz, y ver le mural textil que han elaborado todas a trav\u00e9s de la costura.\" \/>\n<meta name=\"robots\" content=\"index, follow, max-snippet:-1, max-image-preview:large, max-video-preview:-1\" \/>\n<link rel=\"canonical\" href=\"https:\/\/www.casaldelsinfants.org\/es\/actualidad\/dones-del-casal-dels-infants-de-salt-preparen-una-exposicio-sobre-el-dol-migratori\/\" \/>\n<meta property=\"og:locale\" content=\"es_ES\" \/>\n<meta property=\"og:type\" content=\"article\" \/>\n<meta property=\"og:title\" content=\"Mujeres del Casal dels Infants de Salt preparan una exposici\u00f3n sobre el duelo migratorio\" \/>\n<meta property=\"og:description\" content=\"Catorce mujeres del Espai Dona del Casal dels Infants de Salt protagonizan una exposici\u00f3n sobre el duelo migratorio. Los visitantes podran escuchar el testimonio de algunas de las mujeres con grabaciones de voz, y ver le mural textil que han elaborado todas a trav\u00e9s de la costura.\" \/>\n<meta property=\"og:url\" content=\"https:\/\/www.casaldelsinfants.org\/es\/actualidad\/dones-del-casal-dels-infants-de-salt-preparen-una-exposicio-sobre-el-dol-migratori\/\" \/>\n<meta property=\"og:site_name\" content=\"Casal dels Infants\" \/>\n<meta property=\"article:publisher\" content=\"https:\/\/www.facebook.com\/casalinfants\" \/>\n<meta property=\"article:published_time\" content=\"2022-01-17T07:33:15+00:00\" \/>\n<meta property=\"article:modified_time\" content=\"2023-11-06T12:44:15+00:00\" \/>\n<meta property=\"og:image\" content=\"https:\/\/www.casaldelsinfants.org\/wp-content\/uploads\/photo-1604881991720-f91add269bed.jpg\" \/>\n\t<meta property=\"og:image:width\" content=\"686\" \/>\n\t<meta property=\"og:image:height\" content=\"471\" \/>\n\t<meta property=\"og:image:type\" content=\"image\/jpeg\" \/>\n<meta name=\"author\" content=\"cdiAdmin\" \/>\n<meta name=\"twitter:card\" content=\"summary_large_image\" \/>\n<meta name=\"twitter:creator\" content=\"@casalinfants\" \/>\n<meta name=\"twitter:site\" content=\"@casalinfants\" \/>\n<meta name=\"twitter:label1\" content=\"Escrito por\" \/>\n\t<meta name=\"twitter:data1\" content=\"cdiAdmin\" \/>\n\t<meta name=\"twitter:label2\" content=\"Tiempo de lectura\" \/>\n\t<meta name=\"twitter:data2\" content=\"4 minutos\" \/>\n<script type=\"application\/ld+json\" class=\"yoast-schema-graph\">{\"@context\":\"https:\\\/\\\/schema.org\",\"@graph\":[{\"@type\":\"Article\",\"@id\":\"https:\\\/\\\/www.casaldelsinfants.org\\\/es\\\/actualidad\\\/dones-del-casal-dels-infants-de-salt-preparen-una-exposicio-sobre-el-dol-migratori\\\/#article\",\"isPartOf\":{\"@id\":\"https:\\\/\\\/www.casaldelsinfants.org\\\/es\\\/actualidad\\\/dones-del-casal-dels-infants-de-salt-preparen-una-exposicio-sobre-el-dol-migratori\\\/\"},\"author\":{\"name\":\"cdiAdmin\",\"@id\":\"https:\\\/\\\/www.casaldelsinfants.org\\\/es\\\/#\\\/schema\\\/person\\\/97707fc8c64900cf36891127dbf9fba8\"},\"headline\":\"Mujeres del Casal dels Infants de Salt preparan una exposici\u00f3n sobre el duelo migratorio\",\"datePublished\":\"2022-01-17T07:33:15+00:00\",\"dateModified\":\"2023-11-06T12:44:15+00:00\",\"mainEntityOfPage\":{\"@id\":\"https:\\\/\\\/www.casaldelsinfants.org\\\/es\\\/actualidad\\\/dones-del-casal-dels-infants-de-salt-preparen-una-exposicio-sobre-el-dol-migratori\\\/\"},\"wordCount\":770,\"commentCount\":0,\"publisher\":{\"@id\":\"https:\\\/\\\/www.casaldelsinfants.org\\\/es\\\/#organization\"},\"image\":{\"@id\":\"https:\\\/\\\/www.casaldelsinfants.org\\\/es\\\/actualidad\\\/dones-del-casal-dels-infants-de-salt-preparen-una-exposicio-sobre-el-dol-migratori\\\/#primaryimage\"},\"thumbnailUrl\":\"https:\\\/\\\/www.casaldelsinfants.org\\\/wp-content\\\/uploads\\\/photo-1604881991720-f91add269bed.jpg\",\"articleSection\":[\"Noticia\"],\"inLanguage\":\"es\",\"potentialAction\":[{\"@type\":\"CommentAction\",\"name\":\"Comment\",\"target\":[\"https:\\\/\\\/www.casaldelsinfants.org\\\/es\\\/actualidad\\\/dones-del-casal-dels-infants-de-salt-preparen-una-exposicio-sobre-el-dol-migratori\\\/#respond\"]}]},{\"@type\":\"WebPage\",\"@id\":\"https:\\\/\\\/www.casaldelsinfants.org\\\/es\\\/actualidad\\\/dones-del-casal-dels-infants-de-salt-preparen-una-exposicio-sobre-el-dol-migratori\\\/\",\"url\":\"https:\\\/\\\/www.casaldelsinfants.org\\\/es\\\/actualidad\\\/dones-del-casal-dels-infants-de-salt-preparen-una-exposicio-sobre-el-dol-migratori\\\/\",\"name\":\"Mujeres del Casal dels Infants de Salt preparan una exposici\u00f3n sobre el duelo migratorio\",\"isPartOf\":{\"@id\":\"https:\\\/\\\/www.casaldelsinfants.org\\\/es\\\/#website\"},\"primaryImageOfPage\":{\"@id\":\"https:\\\/\\\/www.casaldelsinfants.org\\\/es\\\/actualidad\\\/dones-del-casal-dels-infants-de-salt-preparen-una-exposicio-sobre-el-dol-migratori\\\/#primaryimage\"},\"image\":{\"@id\":\"https:\\\/\\\/www.casaldelsinfants.org\\\/es\\\/actualidad\\\/dones-del-casal-dels-infants-de-salt-preparen-una-exposicio-sobre-el-dol-migratori\\\/#primaryimage\"},\"thumbnailUrl\":\"https:\\\/\\\/www.casaldelsinfants.org\\\/wp-content\\\/uploads\\\/photo-1604881991720-f91add269bed.jpg\",\"datePublished\":\"2022-01-17T07:33:15+00:00\",\"dateModified\":\"2023-11-06T12:44:15+00:00\",\"description\":\"Catorce mujeres del Espai Dona del Casal dels Infants de Salt protagonizan una exposici\u00f3n sobre el duelo migratorio. Los visitantes podran escuchar el testimonio de algunas de las mujeres con grabaciones de voz, y ver le mural textil que han elaborado todas a trav\u00e9s de la costura.\",\"breadcrumb\":{\"@id\":\"https:\\\/\\\/www.casaldelsinfants.org\\\/es\\\/actualidad\\\/dones-del-casal-dels-infants-de-salt-preparen-una-exposicio-sobre-el-dol-migratori\\\/#breadcrumb\"},\"inLanguage\":\"es\",\"potentialAction\":[{\"@type\":\"ReadAction\",\"target\":[\"https:\\\/\\\/www.casaldelsinfants.org\\\/es\\\/actualidad\\\/dones-del-casal-dels-infants-de-salt-preparen-una-exposicio-sobre-el-dol-migratori\\\/\"]}]},{\"@type\":\"ImageObject\",\"inLanguage\":\"es\",\"@id\":\"https:\\\/\\\/www.casaldelsinfants.org\\\/es\\\/actualidad\\\/dones-del-casal-dels-infants-de-salt-preparen-una-exposicio-sobre-el-dol-migratori\\\/#primaryimage\",\"url\":\"https:\\\/\\\/www.casaldelsinfants.org\\\/wp-content\\\/uploads\\\/photo-1604881991720-f91add269bed.jpg\",\"contentUrl\":\"https:\\\/\\\/www.casaldelsinfants.org\\\/wp-content\\\/uploads\\\/photo-1604881991720-f91add269bed.jpg\",\"width\":686,\"height\":471,\"caption\":\"Dones del Casal dels Infants de Salt preparen una exposici\u00f3 sobre el dol migratori\"},{\"@type\":\"BreadcrumbList\",\"@id\":\"https:\\\/\\\/www.casaldelsinfants.org\\\/es\\\/actualidad\\\/dones-del-casal-dels-infants-de-salt-preparen-una-exposicio-sobre-el-dol-migratori\\\/#breadcrumb\",\"itemListElement\":[{\"@type\":\"ListItem\",\"position\":1,\"name\":\"Inici\",\"item\":\"https:\\\/\\\/www.casaldelsinfants.org\\\/es\\\/\"},{\"@type\":\"ListItem\",\"position\":2,\"name\":\"Mujeres del Casal dels Infants de Salt preparan una exposici\u00f3n sobre el duelo migratorio\"}]},{\"@type\":\"WebSite\",\"@id\":\"https:\\\/\\\/www.casaldelsinfants.org\\\/es\\\/#website\",\"url\":\"https:\\\/\\\/www.casaldelsinfants.org\\\/es\\\/\",\"name\":\"Casal dels Infants\",\"description\":\"\",\"publisher\":{\"@id\":\"https:\\\/\\\/www.casaldelsinfants.org\\\/es\\\/#organization\"},\"potentialAction\":[{\"@type\":\"SearchAction\",\"target\":{\"@type\":\"EntryPoint\",\"urlTemplate\":\"https:\\\/\\\/www.casaldelsinfants.org\\\/es\\\/?s={search_term_string}\"},\"query-input\":{\"@type\":\"PropertyValueSpecification\",\"valueRequired\":true,\"valueName\":\"search_term_string\"}}],\"inLanguage\":\"es\"},{\"@type\":\"Organization\",\"@id\":\"https:\\\/\\\/www.casaldelsinfants.org\\\/es\\\/#organization\",\"name\":\"Casal dels Infants\",\"url\":\"https:\\\/\\\/www.casaldelsinfants.org\\\/es\\\/\",\"logo\":{\"@type\":\"ImageObject\",\"inLanguage\":\"es\",\"@id\":\"https:\\\/\\\/www.casaldelsinfants.org\\\/es\\\/#\\\/schema\\\/logo\\\/image\\\/\",\"url\":\"https:\\\/\\\/www.casaldelsinfants.org\\\/wp-content\\\/uploads\\\/logo-mail.png\",\"contentUrl\":\"https:\\\/\\\/www.casaldelsinfants.org\\\/wp-content\\\/uploads\\\/logo-mail.png\",\"width\":380,\"height\":158,\"caption\":\"Casal dels Infants\"},\"image\":{\"@id\":\"https:\\\/\\\/www.casaldelsinfants.org\\\/es\\\/#\\\/schema\\\/logo\\\/image\\\/\"},\"sameAs\":[\"https:\\\/\\\/www.facebook.com\\\/casalinfants\",\"https:\\\/\\\/x.com\\\/casalinfants\",\"https:\\\/\\\/www.youtube.com\\\/user\\\/CasaldelsInfants1\",\"https:\\\/\\\/www.instagram.com\\\/casalinfants\\\/\",\"https:\\\/\\\/www.linkedin.com\\\/company\\\/casaldelsinfants?trk=organization-update_share-update_actor-text\"]},{\"@type\":\"Person\",\"@id\":\"https:\\\/\\\/www.casaldelsinfants.org\\\/es\\\/#\\\/schema\\\/person\\\/97707fc8c64900cf36891127dbf9fba8\",\"name\":\"cdiAdmin\",\"sameAs\":[\"https:\\\/\\\/casaldelsinfants.org\"]}]}<\/script>\n<!-- \/ Yoast SEO plugin. -->","yoast_head_json":{"title":"Mujeres del Casal dels Infants de Salt preparan una exposici\u00f3n sobre el duelo migratorio","description":"Catorce mujeres del Espai Dona del Casal dels Infants de Salt protagonizan una exposici\u00f3n sobre el duelo migratorio. Los visitantes podran escuchar el testimonio de algunas de las mujeres con grabaciones de voz, y ver le mural textil que han elaborado todas a trav\u00e9s de la costura.","robots":{"index":"index","follow":"follow","max-snippet":"max-snippet:-1","max-image-preview":"max-image-preview:large","max-video-preview":"max-video-preview:-1"},"canonical":"https:\/\/www.casaldelsinfants.org\/es\/actualidad\/dones-del-casal-dels-infants-de-salt-preparen-una-exposicio-sobre-el-dol-migratori\/","og_locale":"es_ES","og_type":"article","og_title":"Mujeres del Casal dels Infants de Salt preparan una exposici\u00f3n sobre el duelo migratorio","og_description":"Catorce mujeres del Espai Dona del Casal dels Infants de Salt protagonizan una exposici\u00f3n sobre el duelo migratorio. Los visitantes podran escuchar el testimonio de algunas de las mujeres con grabaciones de voz, y ver le mural textil que han elaborado todas a trav\u00e9s de la costura.","og_url":"https:\/\/www.casaldelsinfants.org\/es\/actualidad\/dones-del-casal-dels-infants-de-salt-preparen-una-exposicio-sobre-el-dol-migratori\/","og_site_name":"Casal dels Infants","article_publisher":"https:\/\/www.facebook.com\/casalinfants","article_published_time":"2022-01-17T07:33:15+00:00","article_modified_time":"2023-11-06T12:44:15+00:00","og_image":[{"width":686,"height":471,"url":"https:\/\/www.casaldelsinfants.org\/wp-content\/uploads\/photo-1604881991720-f91add269bed.jpg","type":"image\/jpeg"}],"author":"cdiAdmin","twitter_card":"summary_large_image","twitter_creator":"@casalinfants","twitter_site":"@casalinfants","twitter_misc":{"Escrito por":"cdiAdmin","Tiempo de lectura":"4 minutos"},"schema":{"@context":"https:\/\/schema.org","@graph":[{"@type":"Article","@id":"https:\/\/www.casaldelsinfants.org\/es\/actualidad\/dones-del-casal-dels-infants-de-salt-preparen-una-exposicio-sobre-el-dol-migratori\/#article","isPartOf":{"@id":"https:\/\/www.casaldelsinfants.org\/es\/actualidad\/dones-del-casal-dels-infants-de-salt-preparen-una-exposicio-sobre-el-dol-migratori\/"},"author":{"name":"cdiAdmin","@id":"https:\/\/www.casaldelsinfants.org\/es\/#\/schema\/person\/97707fc8c64900cf36891127dbf9fba8"},"headline":"Mujeres del Casal dels Infants de Salt preparan una exposici\u00f3n sobre el duelo migratorio","datePublished":"2022-01-17T07:33:15+00:00","dateModified":"2023-11-06T12:44:15+00:00","mainEntityOfPage":{"@id":"https:\/\/www.casaldelsinfants.org\/es\/actualidad\/dones-del-casal-dels-infants-de-salt-preparen-una-exposicio-sobre-el-dol-migratori\/"},"wordCount":770,"commentCount":0,"publisher":{"@id":"https:\/\/www.casaldelsinfants.org\/es\/#organization"},"image":{"@id":"https:\/\/www.casaldelsinfants.org\/es\/actualidad\/dones-del-casal-dels-infants-de-salt-preparen-una-exposicio-sobre-el-dol-migratori\/#primaryimage"},"thumbnailUrl":"https:\/\/www.casaldelsinfants.org\/wp-content\/uploads\/photo-1604881991720-f91add269bed.jpg","articleSection":["Noticia"],"inLanguage":"es","potentialAction":[{"@type":"CommentAction","name":"Comment","target":["https:\/\/www.casaldelsinfants.org\/es\/actualidad\/dones-del-casal-dels-infants-de-salt-preparen-una-exposicio-sobre-el-dol-migratori\/#respond"]}]},{"@type":"WebPage","@id":"https:\/\/www.casaldelsinfants.org\/es\/actualidad\/dones-del-casal-dels-infants-de-salt-preparen-una-exposicio-sobre-el-dol-migratori\/","url":"https:\/\/www.casaldelsinfants.org\/es\/actualidad\/dones-del-casal-dels-infants-de-salt-preparen-una-exposicio-sobre-el-dol-migratori\/","name":"Mujeres del Casal dels Infants de Salt preparan una exposici\u00f3n sobre el duelo migratorio","isPartOf":{"@id":"https:\/\/www.casaldelsinfants.org\/es\/#website"},"primaryImageOfPage":{"@id":"https:\/\/www.casaldelsinfants.org\/es\/actualidad\/dones-del-casal-dels-infants-de-salt-preparen-una-exposicio-sobre-el-dol-migratori\/#primaryimage"},"image":{"@id":"https:\/\/www.casaldelsinfants.org\/es\/actualidad\/dones-del-casal-dels-infants-de-salt-preparen-una-exposicio-sobre-el-dol-migratori\/#primaryimage"},"thumbnailUrl":"https:\/\/www.casaldelsinfants.org\/wp-content\/uploads\/photo-1604881991720-f91add269bed.jpg","datePublished":"2022-01-17T07:33:15+00:00","dateModified":"2023-11-06T12:44:15+00:00","description":"Catorce mujeres del Espai Dona del Casal dels Infants de Salt protagonizan una exposici\u00f3n sobre el duelo migratorio. Los visitantes podran escuchar el testimonio de algunas de las mujeres con grabaciones de voz, y ver le mural textil que han elaborado todas a trav\u00e9s de la costura.","breadcrumb":{"@id":"https:\/\/www.casaldelsinfants.org\/es\/actualidad\/dones-del-casal-dels-infants-de-salt-preparen-una-exposicio-sobre-el-dol-migratori\/#breadcrumb"},"inLanguage":"es","potentialAction":[{"@type":"ReadAction","target":["https:\/\/www.casaldelsinfants.org\/es\/actualidad\/dones-del-casal-dels-infants-de-salt-preparen-una-exposicio-sobre-el-dol-migratori\/"]}]},{"@type":"ImageObject","inLanguage":"es","@id":"https:\/\/www.casaldelsinfants.org\/es\/actualidad\/dones-del-casal-dels-infants-de-salt-preparen-una-exposicio-sobre-el-dol-migratori\/#primaryimage","url":"https:\/\/www.casaldelsinfants.org\/wp-content\/uploads\/photo-1604881991720-f91add269bed.jpg","contentUrl":"https:\/\/www.casaldelsinfants.org\/wp-content\/uploads\/photo-1604881991720-f91add269bed.jpg","width":686,"height":471,"caption":"Dones del Casal dels Infants de Salt preparen una exposici\u00f3 sobre el dol migratori"},{"@type":"BreadcrumbList","@id":"https:\/\/www.casaldelsinfants.org\/es\/actualidad\/dones-del-casal-dels-infants-de-salt-preparen-una-exposicio-sobre-el-dol-migratori\/#breadcrumb","itemListElement":[{"@type":"ListItem","position":1,"name":"Inici","item":"https:\/\/www.casaldelsinfants.org\/es\/"},{"@type":"ListItem","position":2,"name":"Mujeres del Casal dels Infants de Salt preparan una exposici\u00f3n sobre el duelo migratorio"}]},{"@type":"WebSite","@id":"https:\/\/www.casaldelsinfants.org\/es\/#website","url":"https:\/\/www.casaldelsinfants.org\/es\/","name":"Casal dels Infants","description":"","publisher":{"@id":"https:\/\/www.casaldelsinfants.org\/es\/#organization"},"potentialAction":[{"@type":"SearchAction","target":{"@type":"EntryPoint","urlTemplate":"https:\/\/www.casaldelsinfants.org\/es\/?s={search_term_string}"},"query-input":{"@type":"PropertyValueSpecification","valueRequired":true,"valueName":"search_term_string"}}],"inLanguage":"es"},{"@type":"Organization","@id":"https:\/\/www.casaldelsinfants.org\/es\/#organization","name":"Casal dels Infants","url":"https:\/\/www.casaldelsinfants.org\/es\/","logo":{"@type":"ImageObject","inLanguage":"es","@id":"https:\/\/www.casaldelsinfants.org\/es\/#\/schema\/logo\/image\/","url":"https:\/\/www.casaldelsinfants.org\/wp-content\/uploads\/logo-mail.png","contentUrl":"https:\/\/www.casaldelsinfants.org\/wp-content\/uploads\/logo-mail.png","width":380,"height":158,"caption":"Casal dels Infants"},"image":{"@id":"https:\/\/www.casaldelsinfants.org\/es\/#\/schema\/logo\/image\/"},"sameAs":["https:\/\/www.facebook.com\/casalinfants","https:\/\/x.com\/casalinfants","https:\/\/www.youtube.com\/user\/CasaldelsInfants1","https:\/\/www.instagram.com\/casalinfants\/","https:\/\/www.linkedin.com\/company\/casaldelsinfants?trk=organization-update_share-update_actor-text"]},{"@type":"Person","@id":"https:\/\/www.casaldelsinfants.org\/es\/#\/schema\/person\/97707fc8c64900cf36891127dbf9fba8","name":"cdiAdmin","sameAs":["https:\/\/casaldelsinfants.org"]}]}},"publishpress_future_action":{"enabled":false,"date":"2026-05-09 07:09:03","action":"change-status","newStatus":"draft","terms":[],"taxonomy":"category","extraData":[]},"publishpress_future_workflow_manual_trigger":{"enabledWorkflows":[]},"_links":{"self":[{"href":"https:\/\/www.casaldelsinfants.org\/es\/wp-json\/wp\/v2\/posts\/4250","targetHints":{"allow":["GET"]}}],"collection":[{"href":"https:\/\/www.casaldelsinfants.org\/es\/wp-json\/wp\/v2\/posts"}],"about":[{"href":"https:\/\/www.casaldelsinfants.org\/es\/wp-json\/wp\/v2\/types\/post"}],"author":[{"embeddable":true,"href":"https:\/\/www.casaldelsinfants.org\/es\/wp-json\/wp\/v2\/users\/1"}],"replies":[{"embeddable":true,"href":"https:\/\/www.casaldelsinfants.org\/es\/wp-json\/wp\/v2\/comments?post=4250"}],"version-history":[{"count":3,"href":"https:\/\/www.casaldelsinfants.org\/es\/wp-json\/wp\/v2\/posts\/4250\/revisions"}],"predecessor-version":[{"id":15363,"href":"https:\/\/www.casaldelsinfants.org\/es\/wp-json\/wp\/v2\/posts\/4250\/revisions\/15363"}],"wp:featuredmedia":[{"embeddable":true,"href":"https:\/\/www.casaldelsinfants.org\/es\/wp-json\/wp\/v2\/media\/2990"}],"wp:attachment":[{"href":"https:\/\/www.casaldelsinfants.org\/es\/wp-json\/wp\/v2\/media?parent=4250"}],"wp:term":[{"taxonomy":"category","embeddable":true,"href":"https:\/\/www.casaldelsinfants.org\/es\/wp-json\/wp\/v2\/categories?post=4250"},{"taxonomy":"post_tag","embeddable":true,"href":"https:\/\/www.casaldelsinfants.org\/es\/wp-json\/wp\/v2\/tags?post=4250"},{"taxonomy":"seus","embeddable":true,"href":"https:\/\/www.casaldelsinfants.org\/es\/wp-json\/wp\/v2\/seus?post=4250"},{"taxonomy":"eixos","embeddable":true,"href":"https:\/\/www.casaldelsinfants.org\/es\/wp-json\/wp\/v2\/eixos?post=4250"}],"curies":[{"name":"wp","href":"https:\/\/api.w.org\/{rel}","templated":true}]}}