{"id":4251,"date":"2022-01-12T16:14:53","date_gmt":"2022-01-12T14:14:53","guid":{"rendered":"https:\/\/casal.puntzero.cat\/noticies\/un-casal-dhivern-carregat-dillusio-activitats-i-sortides\/"},"modified":"2023-11-06T14:58:49","modified_gmt":"2023-11-06T12:58:49","slug":"un-casal-dhivern-carregat-dillusio-activitats-i-sortides","status":"publish","type":"post","link":"https:\/\/www.casaldelsinfants.org\/es\/actualidad\/un-casal-invierno-lleno-de-ilusion-actividades-y-salidas\/","title":{"rendered":"Un Casal d\u2019Hivern lleno de ilusi\u00f3n, actividades y salidas"},"content":{"rendered":"<p dir=\"ltr\"><span style=\"color: #000000;\">En las \u00faltimas semanas no nos hemos cansado de repetir que la mejor manera de <strong>proteger la ilusi\u00f3n<\/strong> durante las fiestas de Navidad es garantizar los derechos de los ni\u00f1os y ni\u00f1as. Cuando los centros educativos cierran por vacaciones, es fundamental seguir acompa\u00f1ando a los ni\u00f1os y ni\u00f1as con m\u00e1s obst\u00e1culos para tirar adelante. Para no quedarnos en palabras y llevarlo a los hechos, nos hemos movilizado para que 380 ni\u00f1os y ni\u00f1as disfrutaran de un acompa\u00f1amiento socioeducativo entre el 23 de diciembre y el 5 de enero, con muchas actividades de ocio educativo.\u00a0<\/span><\/p>\n<p><span style=\"color: #000000;\">En el barrio del <strong>Raval <\/strong>participaron alrededor de 180 ni\u00f1os, ni\u00f1as y adolescentes, 14 familias y 20 ni\u00f1os del Casal Familiar, y 40 ni\u00f1os y 40 madres del servicio maternoinfantil Vincles. Las actividades se repartieron entre los turnos de diciembre y enero, ambos dedicados a actividades para ni\u00f1os, ni\u00f1as y adolescentes. As\u00ed, pasaron las fiestas yendo a jugar a bolos, a la playa, a la feria de Santa Ll\u00facia, a patinar sobre hielo al Skating FCB y a visitar el <\/span><u><a href=\"https:\/\/caixaforum.org\/es\/barcelona\/p\/teamlab-arte-tecnologia-y-naturaleza_a12676834\" target=\"_blank\" rel=\"noopener\">TeamLab del Caixa F\u00f2rum<\/a><\/u><span style=\"color: #000000;\">. Los ni\u00f1os y madres de Vincles estuvieron acompa\u00f1ados de algunos hermanos y hermanas de m\u00e1s de tres a\u00f1os, con quienes fueron al Planeta M\u00e0gic, un parque de colchonetas y toboganes.\u00a0<\/span><\/p>\n<p class=\"text-align-center\"><b id=\"docs-internal-guid-73490ba9-7fff-f548-e533-c236e7d595cc\"><img decoding=\"async\" src=\"https:\/\/lh5.googleusercontent.com\/me65Ibi0vXJFfl9fZ8o6JeEZ2ZL2dnALKDSGyaGlNPFEaDOqwKJACwBE2IEoktksWqoFHDIiqd5crEquCcBg1uovnmItBfRFmFr_Hk4hoZLnM1rfjzvoznBsliI_Dftz76Fvz3-1\" width=\"490\" height=\"208\" \/><\/b><\/p>\n<p dir=\"ltr\"><span style=\"color: #000000;\">En <strong>Santa Coloma<\/strong>, ni\u00f1os, ni\u00f1as, j\u00f3venes y familias del Casal Familiar participaron en el Casal d\u2019Hivern durante las fiestas. Las actividades incluyeron talleres de decoraci\u00f3n de Navidad, una visita al <\/span><u><a href=\"https:\/\/www.gramenet.cat\/ajuntament\/arees-municipals\/medi-ambient\/ecometropoli\/\" target=\"_blank\" rel=\"noopener\">Ecometr\u00f2poli<\/a><\/u><span style=\"color: #000000;\"> -un servicio de educaci\u00f3n medioambiental-, e hicieron cagar el ti\u00f3. Con los m\u00e1s grandes, del Centro Abierto Adolescente, celebraron las precampanadas, con cotill\u00f3n incluido. El Ayuntamiento de la ciudad don\u00f3 al Casal 100 entradas al Circ Universal de Can Zam para repartir entre las familias del Centro Abierto Infantil.<\/span><\/p>\n<p dir=\"ltr\"><span style=\"color: #000000;\">En <strong>Badalona<\/strong>, aproximadamente 35 ni\u00f1os, ni\u00f1as y adolescentes, de entre 6 y 16 a\u00f1os, asistieron al Casal d\u2019Hivern. El grupo de los m\u00e1s peque\u00f1os, de 3 a 6 a\u00f1os, no pudo participar porque estaba confinado. En el Casal hicieron un taller de cocina y una salida por el barrio, y fuera, una excursi\u00f3n que hicieron a Barcelona y al Tibidabo.\u00a0<\/span><\/p>\n<p class=\"text-align-center\" dir=\"ltr\"><b id=\"docs-internal-guid-73490ba9-7fff-f548-e533-c236e7d595cc\"><img decoding=\"async\" src=\"https:\/\/lh4.googleusercontent.com\/P7uOKMMQwm8VhaVhOX7i1IN2ewD8Iu8shWtrPtLNDyq5widi36JQlAu5wMSi4JzUj3f4cXqq4_CGQdkSfs7DimfsO5CrKsmDklm0PFTtpcaE-_Zx7ifJ-SMYKeb4ej5XUOYwsCBe\" width=\"507\" height=\"216\" \/><\/b><\/p>\n<p dir=\"ltr\"><span style=\"color: #000000;\">Al Casal del <strong>Bes\u00f2s y la Mina<\/strong>, 29 ni\u00f1os, ni\u00f1as, chicos y chicas del Centro Socioeducativo Cascavell, el Centro Socioeducativo El Rac\u00f3, el Centro Socioeducativo Bes\u00f2s-Maresme y el Centro Abierto Adolescente Bes\u00f2s participaron en el Casal d\u2019Hivern. Entre otras cosas, hicieron talleres de decoraci\u00f3n de Navidad y juegos en el Casal, pudieron disfrutar de buenas vistas y aire fresco en la excursi\u00f3n a Montju\u00efc, un dia, y el otro al Tur\u00f3 de la Rovira, y aprendieron sobre cultura y memoria hist\u00f3rica en el <\/span><u><a href=\"https:\/\/www.barcelona.cat\/museuhistoria\/es\" target=\"_blank\" rel=\"noopener\">Museu d\u2019Hist\u00f2ria de Barcelona (MUHBA)<\/a><\/u><span style=\"color: #000000;\">.<\/span><\/p>\n<p class=\"text-align-center\" dir=\"ltr\"><b id=\"docs-internal-guid-73490ba9-7fff-f548-e533-c236e7d595cc\"><img decoding=\"async\" src=\"https:\/\/lh4.googleusercontent.com\/BkQSGjel3GG0JJv9w8nWyCVRupbsjO0BCNQL-y5p5Ur5-kh1PYhY7cz4NZ_vB2RSBNFxCZ_SibjM2pgZxsiVTfCIS1unqEagliPKnPQrbgdMw_zThZc6udGRBizxM0CNMwoIwHbR\" width=\"523\" height=\"221\" \/><\/b><\/p>\n<p dir=\"ltr\"><span style=\"color: #000000;\">En <strong>Salt<\/strong>, un total de 69 ni\u00f1os y ni\u00f1as, repartidos en dos d\u00edas, hicieron cagar el ti\u00f3 y este los recompens\u00f3 con una mochila con material escolar y un juego de cartas. Tambi\u00e9n hicieron una fiesta de Navidad donde llevaron a cabo un taller de construcci\u00f3n de tions y uno de postales de Navidad. En el Casal d\u2019Hivern participaron 61 ni\u00f1os, tambi\u00e9n divididos en dos grupos, que fueron a patinar sobre hielo a la pista instalada en la Fira de Girona. Los ni\u00f1os y madres de Vincles y del <\/span><u><a href=\"https:\/\/www.casaldelsinfants.org\/es\/actualidad\/soaf-casal-familiar-soporte-familias-salt-santa-coloma-gramenet\/\" target=\"_blank\" rel=\"noopener\">Casal Familiar-SOAF<\/a> <\/u><span style=\"color: #000000;\">siguieron con el servicio habitual, con actividades vinculadas a la \u00e9poca navide\u00f1a.\u00a0<\/span><\/p>\n<p><span style=\"color: #000000;\">A ra\u00edz de la celebraci\u00f3n de las fiestas, se han recogido juguetes para los ni\u00f1os y ni\u00f1as participantes en el Casal. Estos juguetes son para aquellas familias que no pueden permitirse el gasto de comprar de nuevos. En algunos centros ya han hecho cagar el ti\u00f3, como en Santa Coloma y en Salt, y en otros han esperado para hacerlo esta semana, como en el Raval, en Bes\u00f2s-La Mina y en Badalona, cuando vuelven a incorporarse todos los ni\u00f1os y ni\u00f1as. <\/span><\/p>\n<blockquote><p><strong>Haz posible que sigamos acompa\u00f1ando a ni\u00f1os, adolescentes y j\u00f3venes en situaci\u00f3n de vulnerabilidad\u00a0\u00a0<\/strong><\/p>\n<p>Haz\u00a0<strong>voluntariado<\/strong>. Informate\u00a0<a href=\"https:\/\/www.casaldelsinfants.org\/es\/que-puedes-hacer-tu\/voluntariado\/\" target=\"_blank\" rel=\"noopener\"><u>aqu\u00ed<\/u><\/a>.<\/p>\n<p>Haz un <strong>donativo<\/strong>\u00a0<a href=\"https:\/\/www.casaldelsinfants.org\/es\/dona-ahora\/\" target=\"_blank\" rel=\"noopener\"><u>aqu\u00ed<\/u><\/a>.<\/p><\/blockquote>\n","protected":false},"excerpt":{"rendered":"<p>En las \u00faltimas semanas no nos hemos cansado de repetir que la mejor manera de proteger la ilusi\u00f3n durante las fiestas de Navidad es garantizar los derechos de los ni\u00f1os y ni\u00f1as. Cuando los centros educativos cierran por vacaciones, es fundamental seguir acompa\u00f1ando a los ni\u00f1os y ni\u00f1as con m\u00e1s obst\u00e1culos para tirar adelante. Para [&hellip;]<\/p>\n","protected":false},"author":1,"featured_media":2993,"comment_status":"open","ping_status":"open","sticky":false,"template":"","format":"standard","meta":{"_acf_changed":false,"_et_pb_use_builder":"","_et_pb_old_content":"","_et_gb_content_width":"","inline_featured_image":false,"footnotes":""},"categories":[125],"tags":[],"seus":[],"eixos":[107],"class_list":["post-4251","post","type-post","status-publish","format-standard","has-post-thumbnail","hentry","category-noticias","eixos-pequena-infancia"],"acf":[],"yoast_head":"<!-- This site is optimized with the Yoast SEO plugin v27.4 - https:\/\/yoast.com\/product\/yoast-seo-wordpress\/ -->\n<title>Un Casal d\u2019Hivern carregat d\u2019il\u00b7lusi\u00f3, activitats i sortides<\/title>\n<meta name=\"description\" content=\"Durante las vacaciones de Navidad, el Casal dels Infants ha seguido ofreciendo sus servicios con el Casal d\u2019Hivern. En cada barrio (Raval, Badalona, Santa Coloma, Bes\u00f2s-La Mina y Salt) se han hecho diferentes actividades y salidas al aire libre para pasar las fiestas.\" \/>\n<meta name=\"robots\" content=\"index, follow, max-snippet:-1, max-image-preview:large, max-video-preview:-1\" \/>\n<link rel=\"canonical\" href=\"https:\/\/www.casaldelsinfants.org\/es\/actualidad\/un-casal-invierno-lleno-de-ilusion-actividades-y-salidas\/\" \/>\n<meta property=\"og:locale\" content=\"es_ES\" \/>\n<meta property=\"og:type\" content=\"article\" \/>\n<meta property=\"og:title\" content=\"Un Casal d\u2019Hivern carregat d\u2019il\u00b7lusi\u00f3, activitats i sortides\" \/>\n<meta property=\"og:description\" content=\"Durante las vacaciones de Navidad, el Casal dels Infants ha seguido ofreciendo sus servicios con el Casal d\u2019Hivern. En cada barrio (Raval, Badalona, Santa Coloma, Bes\u00f2s-La Mina y Salt) se han hecho diferentes actividades y salidas al aire libre para pasar las fiestas.\" \/>\n<meta property=\"og:url\" content=\"https:\/\/www.casaldelsinfants.org\/es\/actualidad\/un-casal-invierno-lleno-de-ilusion-actividades-y-salidas\/\" \/>\n<meta property=\"og:site_name\" content=\"Casal dels Infants\" \/>\n<meta property=\"article:publisher\" content=\"https:\/\/www.facebook.com\/casalinfants\" \/>\n<meta property=\"article:published_time\" content=\"2022-01-12T14:14:53+00:00\" \/>\n<meta property=\"article:modified_time\" content=\"2023-11-06T12:58:49+00:00\" \/>\n<meta property=\"og:image\" content=\"https:\/\/www.casaldelsinfants.org\/wp-content\/uploads\/raval_1_1.jpg\" \/>\n\t<meta property=\"og:image:width\" content=\"1999\" \/>\n\t<meta property=\"og:image:height\" content=\"856\" \/>\n\t<meta property=\"og:image:type\" content=\"image\/jpeg\" \/>\n<meta name=\"author\" content=\"cdiAdmin\" \/>\n<meta name=\"twitter:card\" content=\"summary_large_image\" \/>\n<meta name=\"twitter:creator\" content=\"@casalinfants\" \/>\n<meta name=\"twitter:site\" content=\"@casalinfants\" \/>\n<meta name=\"twitter:label1\" content=\"Escrito por\" \/>\n\t<meta name=\"twitter:data1\" content=\"cdiAdmin\" \/>\n\t<meta name=\"twitter:label2\" content=\"Tiempo de lectura\" \/>\n\t<meta name=\"twitter:data2\" content=\"4 minutos\" \/>\n<script type=\"application\/ld+json\" class=\"yoast-schema-graph\">{\"@context\":\"https:\\\/\\\/schema.org\",\"@graph\":[{\"@type\":\"Article\",\"@id\":\"https:\\\/\\\/www.casaldelsinfants.org\\\/es\\\/actualidad\\\/un-casal-invierno-lleno-de-ilusion-actividades-y-salidas\\\/#article\",\"isPartOf\":{\"@id\":\"https:\\\/\\\/www.casaldelsinfants.org\\\/es\\\/actualidad\\\/un-casal-invierno-lleno-de-ilusion-actividades-y-salidas\\\/\"},\"author\":{\"name\":\"cdiAdmin\",\"@id\":\"https:\\\/\\\/www.casaldelsinfants.org\\\/es\\\/#\\\/schema\\\/person\\\/97707fc8c64900cf36891127dbf9fba8\"},\"headline\":\"Un Casal d\u2019Hivern lleno de ilusi\u00f3n, actividades y salidas\",\"datePublished\":\"2022-01-12T14:14:53+00:00\",\"dateModified\":\"2023-11-06T12:58:49+00:00\",\"mainEntityOfPage\":{\"@id\":\"https:\\\/\\\/www.casaldelsinfants.org\\\/es\\\/actualidad\\\/un-casal-invierno-lleno-de-ilusion-actividades-y-salidas\\\/\"},\"wordCount\":710,\"commentCount\":0,\"publisher\":{\"@id\":\"https:\\\/\\\/www.casaldelsinfants.org\\\/es\\\/#organization\"},\"image\":{\"@id\":\"https:\\\/\\\/www.casaldelsinfants.org\\\/es\\\/actualidad\\\/un-casal-invierno-lleno-de-ilusion-actividades-y-salidas\\\/#primaryimage\"},\"thumbnailUrl\":\"https:\\\/\\\/www.casaldelsinfants.org\\\/wp-content\\\/uploads\\\/raval_1_1.jpg\",\"articleSection\":[\"Noticia\"],\"inLanguage\":\"es\",\"potentialAction\":[{\"@type\":\"CommentAction\",\"name\":\"Comment\",\"target\":[\"https:\\\/\\\/www.casaldelsinfants.org\\\/es\\\/actualidad\\\/un-casal-invierno-lleno-de-ilusion-actividades-y-salidas\\\/#respond\"]}]},{\"@type\":\"WebPage\",\"@id\":\"https:\\\/\\\/www.casaldelsinfants.org\\\/es\\\/actualidad\\\/un-casal-invierno-lleno-de-ilusion-actividades-y-salidas\\\/\",\"url\":\"https:\\\/\\\/www.casaldelsinfants.org\\\/es\\\/actualidad\\\/un-casal-invierno-lleno-de-ilusion-actividades-y-salidas\\\/\",\"name\":\"Un Casal d\u2019Hivern carregat d\u2019il\u00b7lusi\u00f3, activitats i sortides\",\"isPartOf\":{\"@id\":\"https:\\\/\\\/www.casaldelsinfants.org\\\/es\\\/#website\"},\"primaryImageOfPage\":{\"@id\":\"https:\\\/\\\/www.casaldelsinfants.org\\\/es\\\/actualidad\\\/un-casal-invierno-lleno-de-ilusion-actividades-y-salidas\\\/#primaryimage\"},\"image\":{\"@id\":\"https:\\\/\\\/www.casaldelsinfants.org\\\/es\\\/actualidad\\\/un-casal-invierno-lleno-de-ilusion-actividades-y-salidas\\\/#primaryimage\"},\"thumbnailUrl\":\"https:\\\/\\\/www.casaldelsinfants.org\\\/wp-content\\\/uploads\\\/raval_1_1.jpg\",\"datePublished\":\"2022-01-12T14:14:53+00:00\",\"dateModified\":\"2023-11-06T12:58:49+00:00\",\"description\":\"Durante las vacaciones de Navidad, el Casal dels Infants ha seguido ofreciendo sus servicios con el Casal d\u2019Hivern. En cada barrio (Raval, Badalona, Santa Coloma, Bes\u00f2s-La Mina y Salt) se han hecho diferentes actividades y salidas al aire libre para pasar las fiestas.\",\"breadcrumb\":{\"@id\":\"https:\\\/\\\/www.casaldelsinfants.org\\\/es\\\/actualidad\\\/un-casal-invierno-lleno-de-ilusion-actividades-y-salidas\\\/#breadcrumb\"},\"inLanguage\":\"es\",\"potentialAction\":[{\"@type\":\"ReadAction\",\"target\":[\"https:\\\/\\\/www.casaldelsinfants.org\\\/es\\\/actualidad\\\/un-casal-invierno-lleno-de-ilusion-actividades-y-salidas\\\/\"]}]},{\"@type\":\"ImageObject\",\"inLanguage\":\"es\",\"@id\":\"https:\\\/\\\/www.casaldelsinfants.org\\\/es\\\/actualidad\\\/un-casal-invierno-lleno-de-ilusion-actividades-y-salidas\\\/#primaryimage\",\"url\":\"https:\\\/\\\/www.casaldelsinfants.org\\\/wp-content\\\/uploads\\\/raval_1_1.jpg\",\"contentUrl\":\"https:\\\/\\\/www.casaldelsinfants.org\\\/wp-content\\\/uploads\\\/raval_1_1.jpg\",\"width\":1999,\"height\":856,\"caption\":\"Casal Hivern collage\"},{\"@type\":\"BreadcrumbList\",\"@id\":\"https:\\\/\\\/www.casaldelsinfants.org\\\/es\\\/actualidad\\\/un-casal-invierno-lleno-de-ilusion-actividades-y-salidas\\\/#breadcrumb\",\"itemListElement\":[{\"@type\":\"ListItem\",\"position\":1,\"name\":\"Inici\",\"item\":\"https:\\\/\\\/www.casaldelsinfants.org\\\/es\\\/\"},{\"@type\":\"ListItem\",\"position\":2,\"name\":\"Un Casal d\u2019Hivern lleno de ilusi\u00f3n, actividades y salidas\"}]},{\"@type\":\"WebSite\",\"@id\":\"https:\\\/\\\/www.casaldelsinfants.org\\\/es\\\/#website\",\"url\":\"https:\\\/\\\/www.casaldelsinfants.org\\\/es\\\/\",\"name\":\"Casal dels Infants\",\"description\":\"\",\"publisher\":{\"@id\":\"https:\\\/\\\/www.casaldelsinfants.org\\\/es\\\/#organization\"},\"potentialAction\":[{\"@type\":\"SearchAction\",\"target\":{\"@type\":\"EntryPoint\",\"urlTemplate\":\"https:\\\/\\\/www.casaldelsinfants.org\\\/es\\\/?s={search_term_string}\"},\"query-input\":{\"@type\":\"PropertyValueSpecification\",\"valueRequired\":true,\"valueName\":\"search_term_string\"}}],\"inLanguage\":\"es\"},{\"@type\":\"Organization\",\"@id\":\"https:\\\/\\\/www.casaldelsinfants.org\\\/es\\\/#organization\",\"name\":\"Casal dels Infants\",\"url\":\"https:\\\/\\\/www.casaldelsinfants.org\\\/es\\\/\",\"logo\":{\"@type\":\"ImageObject\",\"inLanguage\":\"es\",\"@id\":\"https:\\\/\\\/www.casaldelsinfants.org\\\/es\\\/#\\\/schema\\\/logo\\\/image\\\/\",\"url\":\"https:\\\/\\\/www.casaldelsinfants.org\\\/wp-content\\\/uploads\\\/logo-mail.png\",\"contentUrl\":\"https:\\\/\\\/www.casaldelsinfants.org\\\/wp-content\\\/uploads\\\/logo-mail.png\",\"width\":380,\"height\":158,\"caption\":\"Casal dels Infants\"},\"image\":{\"@id\":\"https:\\\/\\\/www.casaldelsinfants.org\\\/es\\\/#\\\/schema\\\/logo\\\/image\\\/\"},\"sameAs\":[\"https:\\\/\\\/www.facebook.com\\\/casalinfants\",\"https:\\\/\\\/x.com\\\/casalinfants\",\"https:\\\/\\\/www.youtube.com\\\/user\\\/CasaldelsInfants1\",\"https:\\\/\\\/www.instagram.com\\\/casalinfants\\\/\",\"https:\\\/\\\/www.linkedin.com\\\/company\\\/casaldelsinfants?trk=organization-update_share-update_actor-text\"]},{\"@type\":\"Person\",\"@id\":\"https:\\\/\\\/www.casaldelsinfants.org\\\/es\\\/#\\\/schema\\\/person\\\/97707fc8c64900cf36891127dbf9fba8\",\"name\":\"cdiAdmin\",\"sameAs\":[\"https:\\\/\\\/casaldelsinfants.org\"]}]}<\/script>\n<!-- \/ Yoast SEO plugin. -->","yoast_head_json":{"title":"Un Casal d\u2019Hivern carregat d\u2019il\u00b7lusi\u00f3, activitats i sortides","description":"Durante las vacaciones de Navidad, el Casal dels Infants ha seguido ofreciendo sus servicios con el Casal d\u2019Hivern. En cada barrio (Raval, Badalona, Santa Coloma, Bes\u00f2s-La Mina y Salt) se han hecho diferentes actividades y salidas al aire libre para pasar las fiestas.","robots":{"index":"index","follow":"follow","max-snippet":"max-snippet:-1","max-image-preview":"max-image-preview:large","max-video-preview":"max-video-preview:-1"},"canonical":"https:\/\/www.casaldelsinfants.org\/es\/actualidad\/un-casal-invierno-lleno-de-ilusion-actividades-y-salidas\/","og_locale":"es_ES","og_type":"article","og_title":"Un Casal d\u2019Hivern carregat d\u2019il\u00b7lusi\u00f3, activitats i sortides","og_description":"Durante las vacaciones de Navidad, el Casal dels Infants ha seguido ofreciendo sus servicios con el Casal d\u2019Hivern. En cada barrio (Raval, Badalona, Santa Coloma, Bes\u00f2s-La Mina y Salt) se han hecho diferentes actividades y salidas al aire libre para pasar las fiestas.","og_url":"https:\/\/www.casaldelsinfants.org\/es\/actualidad\/un-casal-invierno-lleno-de-ilusion-actividades-y-salidas\/","og_site_name":"Casal dels Infants","article_publisher":"https:\/\/www.facebook.com\/casalinfants","article_published_time":"2022-01-12T14:14:53+00:00","article_modified_time":"2023-11-06T12:58:49+00:00","og_image":[{"width":1999,"height":856,"url":"https:\/\/www.casaldelsinfants.org\/wp-content\/uploads\/raval_1_1.jpg","type":"image\/jpeg"}],"author":"cdiAdmin","twitter_card":"summary_large_image","twitter_creator":"@casalinfants","twitter_site":"@casalinfants","twitter_misc":{"Escrito por":"cdiAdmin","Tiempo de lectura":"4 minutos"},"schema":{"@context":"https:\/\/schema.org","@graph":[{"@type":"Article","@id":"https:\/\/www.casaldelsinfants.org\/es\/actualidad\/un-casal-invierno-lleno-de-ilusion-actividades-y-salidas\/#article","isPartOf":{"@id":"https:\/\/www.casaldelsinfants.org\/es\/actualidad\/un-casal-invierno-lleno-de-ilusion-actividades-y-salidas\/"},"author":{"name":"cdiAdmin","@id":"https:\/\/www.casaldelsinfants.org\/es\/#\/schema\/person\/97707fc8c64900cf36891127dbf9fba8"},"headline":"Un Casal d\u2019Hivern lleno de ilusi\u00f3n, actividades y salidas","datePublished":"2022-01-12T14:14:53+00:00","dateModified":"2023-11-06T12:58:49+00:00","mainEntityOfPage":{"@id":"https:\/\/www.casaldelsinfants.org\/es\/actualidad\/un-casal-invierno-lleno-de-ilusion-actividades-y-salidas\/"},"wordCount":710,"commentCount":0,"publisher":{"@id":"https:\/\/www.casaldelsinfants.org\/es\/#organization"},"image":{"@id":"https:\/\/www.casaldelsinfants.org\/es\/actualidad\/un-casal-invierno-lleno-de-ilusion-actividades-y-salidas\/#primaryimage"},"thumbnailUrl":"https:\/\/www.casaldelsinfants.org\/wp-content\/uploads\/raval_1_1.jpg","articleSection":["Noticia"],"inLanguage":"es","potentialAction":[{"@type":"CommentAction","name":"Comment","target":["https:\/\/www.casaldelsinfants.org\/es\/actualidad\/un-casal-invierno-lleno-de-ilusion-actividades-y-salidas\/#respond"]}]},{"@type":"WebPage","@id":"https:\/\/www.casaldelsinfants.org\/es\/actualidad\/un-casal-invierno-lleno-de-ilusion-actividades-y-salidas\/","url":"https:\/\/www.casaldelsinfants.org\/es\/actualidad\/un-casal-invierno-lleno-de-ilusion-actividades-y-salidas\/","name":"Un Casal d\u2019Hivern carregat d\u2019il\u00b7lusi\u00f3, activitats i sortides","isPartOf":{"@id":"https:\/\/www.casaldelsinfants.org\/es\/#website"},"primaryImageOfPage":{"@id":"https:\/\/www.casaldelsinfants.org\/es\/actualidad\/un-casal-invierno-lleno-de-ilusion-actividades-y-salidas\/#primaryimage"},"image":{"@id":"https:\/\/www.casaldelsinfants.org\/es\/actualidad\/un-casal-invierno-lleno-de-ilusion-actividades-y-salidas\/#primaryimage"},"thumbnailUrl":"https:\/\/www.casaldelsinfants.org\/wp-content\/uploads\/raval_1_1.jpg","datePublished":"2022-01-12T14:14:53+00:00","dateModified":"2023-11-06T12:58:49+00:00","description":"Durante las vacaciones de Navidad, el Casal dels Infants ha seguido ofreciendo sus servicios con el Casal d\u2019Hivern. En cada barrio (Raval, Badalona, Santa Coloma, Bes\u00f2s-La Mina y Salt) se han hecho diferentes actividades y salidas al aire libre para pasar las fiestas.","breadcrumb":{"@id":"https:\/\/www.casaldelsinfants.org\/es\/actualidad\/un-casal-invierno-lleno-de-ilusion-actividades-y-salidas\/#breadcrumb"},"inLanguage":"es","potentialAction":[{"@type":"ReadAction","target":["https:\/\/www.casaldelsinfants.org\/es\/actualidad\/un-casal-invierno-lleno-de-ilusion-actividades-y-salidas\/"]}]},{"@type":"ImageObject","inLanguage":"es","@id":"https:\/\/www.casaldelsinfants.org\/es\/actualidad\/un-casal-invierno-lleno-de-ilusion-actividades-y-salidas\/#primaryimage","url":"https:\/\/www.casaldelsinfants.org\/wp-content\/uploads\/raval_1_1.jpg","contentUrl":"https:\/\/www.casaldelsinfants.org\/wp-content\/uploads\/raval_1_1.jpg","width":1999,"height":856,"caption":"Casal Hivern collage"},{"@type":"BreadcrumbList","@id":"https:\/\/www.casaldelsinfants.org\/es\/actualidad\/un-casal-invierno-lleno-de-ilusion-actividades-y-salidas\/#breadcrumb","itemListElement":[{"@type":"ListItem","position":1,"name":"Inici","item":"https:\/\/www.casaldelsinfants.org\/es\/"},{"@type":"ListItem","position":2,"name":"Un Casal d\u2019Hivern lleno de ilusi\u00f3n, actividades y salidas"}]},{"@type":"WebSite","@id":"https:\/\/www.casaldelsinfants.org\/es\/#website","url":"https:\/\/www.casaldelsinfants.org\/es\/","name":"Casal dels Infants","description":"","publisher":{"@id":"https:\/\/www.casaldelsinfants.org\/es\/#organization"},"potentialAction":[{"@type":"SearchAction","target":{"@type":"EntryPoint","urlTemplate":"https:\/\/www.casaldelsinfants.org\/es\/?s={search_term_string}"},"query-input":{"@type":"PropertyValueSpecification","valueRequired":true,"valueName":"search_term_string"}}],"inLanguage":"es"},{"@type":"Organization","@id":"https:\/\/www.casaldelsinfants.org\/es\/#organization","name":"Casal dels Infants","url":"https:\/\/www.casaldelsinfants.org\/es\/","logo":{"@type":"ImageObject","inLanguage":"es","@id":"https:\/\/www.casaldelsinfants.org\/es\/#\/schema\/logo\/image\/","url":"https:\/\/www.casaldelsinfants.org\/wp-content\/uploads\/logo-mail.png","contentUrl":"https:\/\/www.casaldelsinfants.org\/wp-content\/uploads\/logo-mail.png","width":380,"height":158,"caption":"Casal dels Infants"},"image":{"@id":"https:\/\/www.casaldelsinfants.org\/es\/#\/schema\/logo\/image\/"},"sameAs":["https:\/\/www.facebook.com\/casalinfants","https:\/\/x.com\/casalinfants","https:\/\/www.youtube.com\/user\/CasaldelsInfants1","https:\/\/www.instagram.com\/casalinfants\/","https:\/\/www.linkedin.com\/company\/casaldelsinfants?trk=organization-update_share-update_actor-text"]},{"@type":"Person","@id":"https:\/\/www.casaldelsinfants.org\/es\/#\/schema\/person\/97707fc8c64900cf36891127dbf9fba8","name":"cdiAdmin","sameAs":["https:\/\/casaldelsinfants.org"]}]}},"publishpress_future_action":{"enabled":false,"date":"2026-05-08 17:58:09","action":"change-status","newStatus":"draft","terms":[],"taxonomy":"category","extraData":[]},"publishpress_future_workflow_manual_trigger":{"enabledWorkflows":[]},"_links":{"self":[{"href":"https:\/\/www.casaldelsinfants.org\/es\/wp-json\/wp\/v2\/posts\/4251","targetHints":{"allow":["GET"]}}],"collection":[{"href":"https:\/\/www.casaldelsinfants.org\/es\/wp-json\/wp\/v2\/posts"}],"about":[{"href":"https:\/\/www.casaldelsinfants.org\/es\/wp-json\/wp\/v2\/types\/post"}],"author":[{"embeddable":true,"href":"https:\/\/www.casaldelsinfants.org\/es\/wp-json\/wp\/v2\/users\/1"}],"replies":[{"embeddable":true,"href":"https:\/\/www.casaldelsinfants.org\/es\/wp-json\/wp\/v2\/comments?post=4251"}],"version-history":[{"count":4,"href":"https:\/\/www.casaldelsinfants.org\/es\/wp-json\/wp\/v2\/posts\/4251\/revisions"}],"predecessor-version":[{"id":15383,"href":"https:\/\/www.casaldelsinfants.org\/es\/wp-json\/wp\/v2\/posts\/4251\/revisions\/15383"}],"wp:featuredmedia":[{"embeddable":true,"href":"https:\/\/www.casaldelsinfants.org\/es\/wp-json\/wp\/v2\/media\/2993"}],"wp:attachment":[{"href":"https:\/\/www.casaldelsinfants.org\/es\/wp-json\/wp\/v2\/media?parent=4251"}],"wp:term":[{"taxonomy":"category","embeddable":true,"href":"https:\/\/www.casaldelsinfants.org\/es\/wp-json\/wp\/v2\/categories?post=4251"},{"taxonomy":"post_tag","embeddable":true,"href":"https:\/\/www.casaldelsinfants.org\/es\/wp-json\/wp\/v2\/tags?post=4251"},{"taxonomy":"seus","embeddable":true,"href":"https:\/\/www.casaldelsinfants.org\/es\/wp-json\/wp\/v2\/seus?post=4251"},{"taxonomy":"eixos","embeddable":true,"href":"https:\/\/www.casaldelsinfants.org\/es\/wp-json\/wp\/v2\/eixos?post=4251"}],"curies":[{"name":"wp","href":"https:\/\/api.w.org\/{rel}","templated":true}]}}