{"id":4252,"date":"2021-12-29T13:10:22","date_gmt":"2021-12-29T11:10:22","guid":{"rendered":"https:\/\/casal.puntzero.cat\/noticies\/dotze-histories-repassar-lany-al-casal-dels-infants\/"},"modified":"2023-11-23T12:06:16","modified_gmt":"2023-11-23T10:06:16","slug":"dotze-histories-repassar-lany-al-casal-dels-infants","status":"publish","type":"post","link":"https:\/\/www.casaldelsinfants.org\/es\/actualidad\/dotze-histories-repassar-lany-al-casal-dels-infants\/","title":{"rendered":"Doce historias para repasar el a\u00f1o en el Casal dels Infants"},"content":{"rendered":"<p dir=\"ltr\"><span style=\"color: #000000;\">El a\u00f1o 2021 ha vuelto a estar marcado por la crisis sanitaria y la pandemia de la Covid-19. La crisis ha ampliado las desigualdades sociales que exist\u00edan antes de la emergencia, y que afectan a numerosas familias de nuestra casa. Desde el Casal, queremos <strong>seguir trabajando para disminuir las situaciones de riesgo en infantes y j\u00f3venes<\/strong>, y para ofrecer acompa\u00f1amiento y apoyo a las familias en situaci\u00f3n de vulnerabilidad y velar por sus derechos. A punto de entrar al 2022, hacemos un repaso del a\u00f1o que dejamos atr\u00e1s en 12 historias:\u00a0<\/span><\/p>\n<ol>\n<li dir=\"ltr\" aria-level=\"1\">\n<p dir=\"ltr\" role=\"presentation\"><u><a href=\"https:\/\/www.casaldelsinfants.org\/noticies\/pobresa-energetica-el-testimoni-de-la-vanesa-pons-participant-del-casal-dels-infants\" target=\"_blank\" rel=\"noopener\">Pobreza energ\u00e9tica: el testimonio de Vanesa\u00a0<\/a><\/u><\/p>\n<\/li>\n<\/ol>\n<p><img decoding=\"async\" class=\"align-center\" src=\"\/wp-content\/uploads\/inline-images\/vanessa_2%20%281%29.png\" alt=\"Vanessa, Testimoni de pobresa energ\u00e8tica\" width=\"480\" height=\"421\" data-entity-type=\"file\" data-entity-uuid=\"071812e5-bea0-47ba-a9be-f4267dc4998c\" data-image-style=\"large\" \/><\/p>\n<p dir=\"ltr\"><span style=\"color: #000000;\">Vanesa Pons es participante del Casal dels Infants de Santa Coloma de Gramenet, como tambi\u00e9n lo son sus tres hijos. A pesar de trabajar, los ingresos de la familia <strong>apenas les permite cubrir necesidades b\u00e1sicas como pagar el alquiler o comprar comida<\/strong>, como explic\u00f3 en <\/span><u><a href=\"https:\/\/www.ccma.cat\/catradio\/alacarta\/el-mati-de-catalunya-radio\/son-cinc-a-casa-i-passen-fred-a-lhivern-la-casa-sescalfa-quan-fem-sopa\/audio\/1117991\/\">la entrevista que le hicieron a \u201cEl mat\u00ed de Catalunya R\u00e0dio\u201d<\/a>.<\/u><span style=\"color: #000000;\"> Las limitaciones que tienen que afrontar en el d\u00eda a d\u00eda Vanesa y su familia son un ejemplo de la pobreza energ\u00e9tica que afecta a muchos hogares.\u00a0<\/span><\/p>\n<ol start=\"2\">\n<li dir=\"ltr\" aria-level=\"1\">\n<p dir=\"ltr\" role=\"presentation\"><u><a href=\"https:\/\/www.casaldelsinfants.org\/actualitat\/oferim-reforc-educatiu-i-esport-noies-de-salt-en-collaboracio-amb-frodeno-fund\/\" target=\"_blank\" rel=\"noopener\">Moha, Sonia y Sara Daniela y la reforma del Reglamento de Extranjer\u00eda\u00a0<\/a><\/u><\/p>\n<\/li>\n<\/ol>\n<div class=\"video-embed-field-responsive-video form-group\"><iframe loading=\"lazy\" src=\"https:\/\/www.youtube.com\/embed\/_3gJGSgXUc0?autoplay=0&amp;start=0&amp;rel=0\" width=\"854\" height=\"480\" frameborder=\"0\" allowfullscreen=\"allowfullscreen\"><\/iframe><\/div>\n<p><span style=\"color: #000000;\">El pasado noviembre, el Consejo de Ministros acept\u00f3 la <strong>reforma del Reglamento de Extranjer\u00eda <\/strong>que rebajaba los requisitos para renovar el permiso de residencia y dar la autorizaci\u00f3n de trabajo a j\u00f3venes extranjeros extutelados, como <\/span><u><a href=\"https:\/\/youtu.be\/eVzYyYX21sM\" target=\"_blank\" rel=\"noopener\">Moha<\/a><\/u><span style=\"color: #000000;\"> y <\/span><u><a href=\"https:\/\/www.youtube.com\/watch?v=8dY90K_dD0k&amp;t=2s\" target=\"_blank\" rel=\"noopener\">Sonia<\/a><\/u><span style=\"color: #000000;\">, j\u00f3venes participantes en el Servicio de Transici\u00f3n a la Autonom\u00eda del Casal. Pero, para personas como <\/span><u><a href=\"https:\/\/youtu.be\/_zs2NTHAoP4\" target=\"_blank\" rel=\"noopener\">Sara Daniela<\/a><\/u><span style=\"color: #000000;\">, participante del Casal dels Infants de Badalona, que es menor, extranjera pero no tutelada, los problemas para conseguir el permiso de residencia perduran.\u00a0<\/span><\/p>\n<ol start=\"3\">\n<li dir=\"ltr\" aria-level=\"1\">\n<p dir=\"ltr\" role=\"presentation\"><u><a href=\"https:\/\/www.casaldelsinfants.org\/actualitat\/programacio-i-muntatge-de-robots-en-el-nou-taller-de-lespai-tecnologic-comunitari-del\/\" target=\"_blank\" rel=\"noopener\">Aliyah y la programaci\u00f3n y el montaje de robots<\/a><\/u><\/p>\n<\/li>\n<\/ol>\n<div class=\"video-embed-field-responsive-video form-group\"><iframe loading=\"lazy\" src=\"https:\/\/www.youtube.com\/embed\/P-bFNZskg6s?autoplay=0&amp;start=0&amp;rel=0\" width=\"854\" height=\"480\" frameborder=\"0\" allowfullscreen=\"allowfullscreen\"><\/iframe><\/div>\n<p dir=\"ltr\"><span style=\"color: #000000;\">Aliyah, de 10 a\u00f1os, particip\u00f3 durante el mes de octubre en el taller de programaci\u00f3n y montaje de robots en el Espai Tecnol\u00f2gic Comunitari del Raval. Aliyah y 11 compa\u00f1eros y compa\u00f1eras m\u00e1s, de entre 6 y 12 a\u00f1os, tuvieron la oportunidad de adquirir <strong>conocimientos sobre computaci\u00f3n b\u00e1sica<\/strong> mientras montaban sus propios coches teledirigidos con material reciclado.\u00a0<\/span><\/p>\n<ol start=\"4\">\n<li dir=\"ltr\" aria-level=\"1\">\n<p dir=\"ltr\" role=\"presentation\"><u><a href=\"https:\/\/www.casaldelsinfants.org\/actualitat\/oferim-reforc-educatiu-i-esport-noies-de-salt-en-collaboracio-amb-frodeno-fund\/\" target=\"_blank\" rel=\"noopener\">Refuerzo educativo y deportivo a chicas de Salt en colaboraci\u00f3n con Frodeno Fund<\/a><\/u><\/p>\n<\/li>\n<\/ol>\n<p><img decoding=\"async\" class=\"align-center\" src=\"\/wp-content\/uploads\/inline-images\/casal_dels_infants_pump_track_salt.jpg\" alt=\"salt\" width=\"480\" height=\"375\" data-entity-type=\"file\" data-entity-uuid=\"e405109b-da7b-4d69-8a1d-c63a68e7b0d8\" data-image-style=\"large\" \/><\/p>\n<p dir=\"ltr\"><span style=\"color: #000000;\">Durante este primer trimestre, un grupo de 15 chicas del Casal dels Infants de Salt, de entre 12 y 16 a\u00f1os, empezaron a participar en una nueva actividad, basada en combinar el refuerzo escolar y actividades socioeducativas con la <strong>actividad f\u00edsica en bicicleta<\/strong>, y a promover entre ellas un espacio donde empoderarse y trabajar su rol en la sociedad.\u00a0<\/span><\/p>\n<ol start=\"5\">\n<li dir=\"ltr\" aria-level=\"1\">\n<p dir=\"ltr\" role=\"presentation\"><u><a href=\"https:\/\/www.casaldelsinfants.org\/actualitat\/lenya-i-el-teatre-lliure-quan-la-cultura-es-tambe-una-primera-feina\/\" target=\"_blank\" rel=\"noopener\">Enya y el Teatre Lliure<\/a><\/u><\/p>\n<\/li>\n<\/ol>\n<div class=\"video-embed-field-responsive-video form-group\"><iframe loading=\"lazy\" src=\"https:\/\/www.youtube.com\/embed\/joNYXHiBRoM?autoplay=0&amp;start=0&amp;rel=0\" width=\"854\" height=\"480\" frameborder=\"0\" allowfullscreen=\"allowfullscreen\"><\/iframe><\/div>\n<p dir=\"ltr\"><span style=\"color: #000000;\">Enya Batista, de 20 a\u00f1os, participa en el servicio de formaci\u00f3n e inserci\u00f3n laboral a dDones, en el Casal dels Infants de Bes\u00f2s i La Mina. Despu\u00e9s de d\u00edas y semanas buscando trabajo, un curso de comercio del programa de formaci\u00f3n le abri\u00f3 las puertas a trabajar como <strong>acomodadora en el Teatre Lliure de Montju\u00efc<\/strong>, donde contin\u00faa trabajando hoy.\u00a0<\/span><\/p>\n<ol start=\"6\">\n<li dir=\"ltr\" aria-level=\"1\">\n<p dir=\"ltr\" role=\"presentation\"><u>Comer juntas en RAI-ESO<\/u><\/p>\n<\/li>\n<\/ol>\n<div class=\"video-embed-field-responsive-video form-group\"><iframe loading=\"lazy\" src=\"https:\/\/www.youtube.com\/embed\/_IP6X33t4Ko?autoplay=0&amp;start=0&amp;rel=0\" width=\"854\" height=\"480\" frameborder=\"0\" allowfullscreen=\"allowfullscreen\"><\/iframe><\/div>\n<p dir=\"ltr\"><span style=\"color: #000000;\">El programa Refuerzo de la Alimentaci\u00f3n en la Infancia (RAI-ESO) es una iniciativa presenta en Salt y Santa Coloma de Gramenet. Muchos institutos no ofrecen el servicio de comedor, vulnerando as\u00ed el derecho a la alimentaci\u00f3n de muchos chicos y chicas. Con este programa, <strong>garantizamos el almuerzo <\/strong>y un espacio socioeducativo de mediod\u00eda a chicos y chicas que no tienen acceso. Nos lo explican los chicos y chicas del Institut Terra Roja de Santa Coloma, <\/span><u><a href=\"https:\/\/youtu.be\/_IP6X33t4Ko\" target=\"_blank\" rel=\"noopener\">en un v\u00eddeo hecho por ellos mismos<\/a><\/u><span style=\"color: #000000;\">.\u00a0<\/span><\/p>\n<ol start=\"7\">\n<li dir=\"ltr\" aria-level=\"1\">\n<p dir=\"ltr\" role=\"presentation\"><u><a href=\"https:\/\/www.casaldelsinfants.org\/actualitat\/conte-illusio-cinc-histories-nens-i-nenes-casal-dels-infants-i\/\" target=\"_blank\" rel=\"noopener\">Cinco historias creadas por ni\u00f1os y ni\u00f1as del Casal dels Infants y publicadas por la Editorial Stenella<\/a><\/u><\/p>\n<\/li>\n<\/ol>\n<div class=\"video-embed-field-responsive-video form-group\"><iframe loading=\"lazy\" src=\"https:\/\/www.youtube.com\/embed\/G6kL43n10go?autoplay=0&amp;start=0&amp;rel=0\" width=\"854\" height=\"480\" frameborder=\"0\" allowfullscreen=\"allowfullscreen\"><\/iframe><\/div>\n<p dir=\"ltr\"><span style=\"color: #000000;\">\u201cUn conte, una il\u00b7lusi\u00f3\u201d es el libro que recoge cinco historias pensadas, escritas e ilustradas por ni\u00f1os y ni\u00f1as, de entre 8 y 10 a\u00f1os, del Casal dels Infants del barrio del Raval. El proyecto dio la oportunidad a estos ni\u00f1os y ni\u00f1as de expresarse a trav\u00e9s de la escritura, ayudarse entre ellos, hacerse preguntas y crecer, <strong>gracias a la lectura y la escritura<\/strong>.\u00a0<\/span><\/p>\n<ol start=\"8\">\n<li dir=\"ltr\" aria-level=\"1\">\n<p dir=\"ltr\" role=\"presentation\"><u><a href=\"https:\/\/www.casaldelsinfants.org\/actualitat\/les-families-monoparentals-davant-el-risc-de-pobresa-i-lacces-leducacio-infantil\/\" target=\"_blank\" rel=\"noopener\">Martina y el acceso a la educaci\u00f3n infantil<\/a><\/u><\/p>\n<\/li>\n<\/ol>\n<div class=\"video-embed-field-responsive-video form-group\"><iframe loading=\"lazy\" src=\"https:\/\/www.youtube.com\/embed\/-GwxyFTj5ew?autoplay=0&amp;start=0&amp;rel=0\" width=\"854\" height=\"480\" frameborder=\"0\" allowfullscreen=\"allowfullscreen\"><\/iframe><\/div>\n<p><span style=\"color: #000000;\">Martina Mounir es madre soltera y, a pesar de tener ganas de trabajar, no puede porque tiene que cuidar a su hijo, Marcelio. No puede pagar una guarder\u00eda, como muchas otras familias en situaci\u00f3n de vulnerabilidad. En cambio, <strong>participa en Vincles<\/strong> de Santa Coloma, un servicio maternoinfantil del Casal que ofrece un espacio educativo a ni\u00f1os y ni\u00f1as de 0 a 3 a\u00f1os, incluyendo sus madres, para encontrar un espacio de apoyo mutuo y ayuda en el proceso de la crianza.\u00a0<\/span><\/p>\n<ol start=\"9\">\n<li dir=\"ltr\" aria-level=\"1\">\n<p dir=\"ltr\" role=\"presentation\"><u><a href=\"https:\/\/twitter.com\/casalinfants\/status\/1398178154045390850\" target=\"_blank\" rel=\"noopener\">Salida en grupo a Montserrat<\/a><\/u><\/p>\n<\/li>\n<\/ol>\n<p><img decoding=\"async\" class=\"align-center\" src=\"\/wp-content\/uploads\/inline-images\/E2dSZo_XwAUQC1Y.jpg\" alt=\"sortida montserrat en grup\" width=\"480\" height=\"360\" data-entity-type=\"file\" data-entity-uuid=\"e5cf6711-0ac8-4c20-bbf8-0da5948e1d39\" data-image-style=\"large\" \/><\/p>\n<p dir=\"ltr\"><span style=\"color: #000000;\">En mayo tuvo lugar la 27\u00aa salida en grupo del Casal dels Infants para ir a pie hasta Montserrat. Unos 70 ni\u00f1os, ni\u00f1as, adolescentes y j\u00f3venes vinieron a la excursi\u00f3n, que celebramos cada a\u00f1o, y refuerza el trabajo en equipo, la solidaridad de grupo y el respeto a la naturaleza.\u00a0<\/span><\/p>\n<ol start=\"10\">\n<li dir=\"ltr\" aria-level=\"1\">\n<p dir=\"ltr\" role=\"presentation\"><a href=\"https:\/\/www.casaldelsinfants.org\/actualitat\/teatre-forum-desmuntar-el-racisme\/\">J\u00f3venes con voz a trav\u00e9s del arte<\/a><\/p>\n<\/li>\n<\/ol>\n<div class=\"video-embed-field-responsive-video form-group\"><iframe loading=\"lazy\" src=\"https:\/\/www.youtube.com\/embed\/ttr3Q_a2EZk?autoplay=0&amp;start=0&amp;rel=0\" width=\"854\" height=\"480\" frameborder=\"0\" allowfullscreen=\"allowfullscreen\"><\/iframe><\/div>\n<p dir=\"ltr\"><span style=\"color: #000000;\">La expresi\u00f3n art\u00edstica ha estado muy presente entre los j\u00f3venes del Casal este a\u00f1o. Por un lado, el grupo de teatro f\u00f3rum del Casal Jove la Betsaida, de Badalona, <\/span><u><a href=\"https:\/\/www.casaldelsinfants.org\/noticies\/teatre-forum-desmuntar-el-racisme\" target=\"_blank\" rel=\"noopener\">represent\u00f3 una obra de teatro participativa<\/a><\/u><span style=\"color: #000000;\">, \u201cNo soy racista, pero\u2026\u201d, donde el p\u00fablico propon\u00eda cambios en los personajes y el desenlace. Por otra parte, 12 chicos y chicas del Centro Abierto de Adolescentes del barrio del Raval montaron una <\/span><u><a href=\"https:\/\/www.casaldelsinfants.org\/es\/actualidad\/amistades-raval-adolescentes-barrio-con-camara-analogica\/\" target=\"_blank\" rel=\"noopener\">exposici\u00f3n de fotograf\u00edas anal\u00f3gicas hechas por ellos y ellas<\/a><\/u><span style=\"color: #000000;\">. La fotograf\u00eda sirvi\u00f3 como herramienta de autorrepresentaci\u00f3n del barrio, de reflexi\u00f3n alrededor de la identidad y de deconstrucci\u00f3n de estereotipos.\u00a0<\/span><\/p>\n<ol start=\"11\">\n<li dir=\"ltr\" aria-level=\"1\">\n<p dir=\"ltr\" role=\"presentation\"><u><a href=\"https:\/\/www.casaldelsinfants.org\/actualitat\/superant-barreres-joves-cures-i-resiliencia-en-temps-de-pandemia\/\" target=\"_blank\" rel=\"noopener\">La resiliencia en tiempos de pandemia: la historia de Jonatan<\/a><\/u><\/p>\n<\/li>\n<\/ol>\n<div class=\"video-embed-field-responsive-video form-group\"><iframe loading=\"lazy\" src=\"https:\/\/www.youtube.com\/embed\/IuPO1gHahRM?autoplay=0&amp;start=0&amp;rel=0\" width=\"854\" height=\"480\" frameborder=\"0\" allowfullscreen=\"allowfullscreen\"><\/iframe><\/div>\n<p dir=\"ltr\"><span style=\"color: #000000;\">Antes de la pandemia, Jonatan trabajaba como jefe de cocina en un restaurante, pero al no tener papeles, cuando lleg\u00f3 el confinamiento se qued\u00f3 sin trabajo. Por primera vez, \u00e9l y su familia, con una hija de 2 a\u00f1os, tuvieron que recurrir a los servicios sociales. Estos lo llevaron a la formaci\u00f3n en Asistente Personal, que ofrecemos en el Casal, juntamente con otras entidades. El programa, con el nombre \u201cSuperando barreras\u201d, form\u00f3 a 15 j\u00f3venes en ayuda y asistencia de personas con diversidad funcional.\u00a0<\/span><\/p>\n<ol start=\"12\">\n<li dir=\"ltr\" aria-level=\"1\">\n<p dir=\"ltr\" role=\"presentation\"><u><a href=\"https:\/\/www.casaldelsinfants.org\/actualitat\/parlem-de-santa-coloma-i-el-seu-jovent-partir-del-documental-periferia\/\" target=\"_blank\" rel=\"noopener\">Imane y Jaime y su participaci\u00f3n en el documental \u201cPerif\u00e8ria\u201d<\/a><\/u><\/p>\n<\/li>\n<\/ol>\n<div class=\"video-embed-field-responsive-video form-group\"><iframe loading=\"lazy\" src=\"https:\/\/www.youtube.com\/embed\/2b_8vsRPt5c?autoplay=0&amp;start=0&amp;rel=0\" width=\"854\" height=\"480\" frameborder=\"0\" allowfullscreen=\"allowfullscreen\"><\/iframe><\/div>\n<p dir=\"ltr\"><span style=\"color: #000000;\">Imane y Jaime tienen 19 a\u00f1os y hace tiempo que participan en el Casal dels Infants de Santa Coloma de Gramenet. Las dos aparecieron en \u201c<strong>Perif\u00e8ria<\/strong>\u201d, un documental sobre las luchas vecinales de los a\u00f1os 60, con una mirada al presente de la ciudad y sus habitantes. Imane y Jaimce tambi\u00e9n reflexionan sobre el rol que la gente joven tienen en la ciudad.\u00a0<\/span><\/p>\n<blockquote><p><strong>Haz posible que sigamos apoyando ni\u00f1os, ni\u00f1as, j\u00f3venes y sus familias en situaci\u00f3n de vulnerabilidad.\u00a0<\/strong><\/p>\n<p>Haz\u00a0<strong>voluntariado<\/strong>. Informate\u00a0<u><a href=\"https:\/\/www.casaldelsinfants.org\/es\/que-puedes-hacer-tu\/voluntariado\/\" target=\"_blank\" rel=\"noopener\">aqu\u00ed<\/a><\/u>.<\/p>\n<p>Haz un\u00a0<strong>donativo<\/strong>\u00a0<u><a href=\"https:\/\/www.casaldelsinfants.org\/es\/que-puedes-hacer-tu\/haz-un-donativo\/\" target=\"_blank\" rel=\"noopener\">aqu\u00ed<\/a><\/u>.<\/p><\/blockquote>\n","protected":false},"excerpt":{"rendered":"<p>El a\u00f1o 2021 ha vuelto a estar marcado por la crisis sanitaria y la pandemia de la Covid-19. La crisis ha ampliado las desigualdades sociales que exist\u00edan antes de la emergencia, y que afectan a numerosas familias de nuestra casa. Desde el Casal, queremos seguir trabajando para disminuir las situaciones de riesgo en infantes y [&hellip;]<\/p>\n","protected":false},"author":1,"featured_media":2996,"comment_status":"open","ping_status":"open","sticky":false,"template":"","format":"standard","meta":{"_acf_changed":false,"_et_pb_use_builder":"","_et_pb_old_content":"","_et_gb_content_width":"","inline_featured_image":false,"footnotes":""},"categories":[125],"tags":[],"seus":[],"eixos":[99],"class_list":["post-4252","post","type-post","status-publish","format-standard","has-post-thumbnail","hentry","category-noticias","eixos-infancia-y-adolescencia"],"acf":[],"yoast_head":"<!-- This site is optimized with the Yoast SEO plugin v27.4 - https:\/\/yoast.com\/product\/yoast-seo-wordpress\/ -->\n<title>Doce historias para repasar el a\u00f1o en el Casal dels Infants<\/title>\n<meta name=\"description\" content=\"A las puertas del 2022, miramos el a\u00f1o que hemos dejado atr\u00e1s con 12 historias de testimonios y actividades que hemos desarrollado en el Casal dels Infants. Queremos seguir trabajando para disminuir el riesgo en ni\u00f1os, ni\u00f1as y j\u00f3venes.\" \/>\n<meta name=\"robots\" content=\"index, follow, max-snippet:-1, max-image-preview:large, max-video-preview:-1\" \/>\n<link rel=\"canonical\" href=\"https:\/\/www.casaldelsinfants.org\/es\/actualidad\/dotze-histories-repassar-lany-al-casal-dels-infants\/\" \/>\n<meta property=\"og:locale\" content=\"es_ES\" \/>\n<meta property=\"og:type\" content=\"article\" \/>\n<meta property=\"og:title\" content=\"Doce historias para repasar el a\u00f1o en el Casal dels Infants\" \/>\n<meta property=\"og:description\" content=\"A las puertas del 2022, miramos el a\u00f1o que hemos dejado atr\u00e1s con 12 historias de testimonios y actividades que hemos desarrollado en el Casal dels Infants. Queremos seguir trabajando para disminuir el riesgo en ni\u00f1os, ni\u00f1as y j\u00f3venes.\" \/>\n<meta property=\"og:url\" content=\"https:\/\/www.casaldelsinfants.org\/es\/actualidad\/dotze-histories-repassar-lany-al-casal-dels-infants\/\" \/>\n<meta property=\"og:site_name\" content=\"Casal dels Infants\" \/>\n<meta property=\"article:publisher\" content=\"https:\/\/www.facebook.com\/casalinfants\" \/>\n<meta property=\"article:published_time\" content=\"2021-12-29T11:10:22+00:00\" \/>\n<meta property=\"article:modified_time\" content=\"2023-11-23T10:06:16+00:00\" \/>\n<meta property=\"og:image\" content=\"https:\/\/www.casaldelsinfants.org\/wp-content\/uploads\/diseno_sin_titulo.png\" \/>\n\t<meta property=\"og:image:width\" content=\"2000\" \/>\n\t<meta property=\"og:image:height\" content=\"1600\" \/>\n\t<meta property=\"og:image:type\" content=\"image\/png\" \/>\n<meta name=\"author\" content=\"cdiAdmin\" \/>\n<meta name=\"twitter:card\" content=\"summary_large_image\" \/>\n<meta name=\"twitter:creator\" content=\"@casalinfants\" \/>\n<meta name=\"twitter:site\" content=\"@casalinfants\" \/>\n<meta name=\"twitter:label1\" content=\"Escrito por\" \/>\n\t<meta name=\"twitter:data1\" content=\"cdiAdmin\" \/>\n\t<meta name=\"twitter:label2\" content=\"Tiempo de lectura\" \/>\n\t<meta name=\"twitter:data2\" content=\"7 minutos\" \/>\n<script type=\"application\/ld+json\" class=\"yoast-schema-graph\">{\"@context\":\"https:\\\/\\\/schema.org\",\"@graph\":[{\"@type\":\"Article\",\"@id\":\"https:\\\/\\\/www.casaldelsinfants.org\\\/es\\\/actualidad\\\/dotze-histories-repassar-lany-al-casal-dels-infants\\\/#article\",\"isPartOf\":{\"@id\":\"https:\\\/\\\/www.casaldelsinfants.org\\\/es\\\/actualidad\\\/dotze-histories-repassar-lany-al-casal-dels-infants\\\/\"},\"author\":{\"name\":\"cdiAdmin\",\"@id\":\"https:\\\/\\\/www.casaldelsinfants.org\\\/es\\\/#\\\/schema\\\/person\\\/97707fc8c64900cf36891127dbf9fba8\"},\"headline\":\"Doce historias para repasar el a\u00f1o en el Casal dels Infants\",\"datePublished\":\"2021-12-29T11:10:22+00:00\",\"dateModified\":\"2023-11-23T10:06:16+00:00\",\"mainEntityOfPage\":{\"@id\":\"https:\\\/\\\/www.casaldelsinfants.org\\\/es\\\/actualidad\\\/dotze-histories-repassar-lany-al-casal-dels-infants\\\/\"},\"wordCount\":1164,\"commentCount\":0,\"publisher\":{\"@id\":\"https:\\\/\\\/www.casaldelsinfants.org\\\/es\\\/#organization\"},\"image\":{\"@id\":\"https:\\\/\\\/www.casaldelsinfants.org\\\/es\\\/actualidad\\\/dotze-histories-repassar-lany-al-casal-dels-infants\\\/#primaryimage\"},\"thumbnailUrl\":\"https:\\\/\\\/www.casaldelsinfants.org\\\/wp-content\\\/uploads\\\/diseno_sin_titulo.png\",\"articleSection\":[\"Noticia\"],\"inLanguage\":\"es\",\"potentialAction\":[{\"@type\":\"CommentAction\",\"name\":\"Comment\",\"target\":[\"https:\\\/\\\/www.casaldelsinfants.org\\\/es\\\/actualidad\\\/dotze-histories-repassar-lany-al-casal-dels-infants\\\/#respond\"]}]},{\"@type\":\"WebPage\",\"@id\":\"https:\\\/\\\/www.casaldelsinfants.org\\\/es\\\/actualidad\\\/dotze-histories-repassar-lany-al-casal-dels-infants\\\/\",\"url\":\"https:\\\/\\\/www.casaldelsinfants.org\\\/es\\\/actualidad\\\/dotze-histories-repassar-lany-al-casal-dels-infants\\\/\",\"name\":\"Doce historias para repasar el a\u00f1o en el Casal dels Infants\",\"isPartOf\":{\"@id\":\"https:\\\/\\\/www.casaldelsinfants.org\\\/es\\\/#website\"},\"primaryImageOfPage\":{\"@id\":\"https:\\\/\\\/www.casaldelsinfants.org\\\/es\\\/actualidad\\\/dotze-histories-repassar-lany-al-casal-dels-infants\\\/#primaryimage\"},\"image\":{\"@id\":\"https:\\\/\\\/www.casaldelsinfants.org\\\/es\\\/actualidad\\\/dotze-histories-repassar-lany-al-casal-dels-infants\\\/#primaryimage\"},\"thumbnailUrl\":\"https:\\\/\\\/www.casaldelsinfants.org\\\/wp-content\\\/uploads\\\/diseno_sin_titulo.png\",\"datePublished\":\"2021-12-29T11:10:22+00:00\",\"dateModified\":\"2023-11-23T10:06:16+00:00\",\"description\":\"A las puertas del 2022, miramos el a\u00f1o que hemos dejado atr\u00e1s con 12 historias de testimonios y actividades que hemos desarrollado en el Casal dels Infants. Queremos seguir trabajando para disminuir el riesgo en ni\u00f1os, ni\u00f1as y j\u00f3venes.\",\"breadcrumb\":{\"@id\":\"https:\\\/\\\/www.casaldelsinfants.org\\\/es\\\/actualidad\\\/dotze-histories-repassar-lany-al-casal-dels-infants\\\/#breadcrumb\"},\"inLanguage\":\"es\",\"potentialAction\":[{\"@type\":\"ReadAction\",\"target\":[\"https:\\\/\\\/www.casaldelsinfants.org\\\/es\\\/actualidad\\\/dotze-histories-repassar-lany-al-casal-dels-infants\\\/\"]}]},{\"@type\":\"ImageObject\",\"inLanguage\":\"es\",\"@id\":\"https:\\\/\\\/www.casaldelsinfants.org\\\/es\\\/actualidad\\\/dotze-histories-repassar-lany-al-casal-dels-infants\\\/#primaryimage\",\"url\":\"https:\\\/\\\/www.casaldelsinfants.org\\\/wp-content\\\/uploads\\\/diseno_sin_titulo.png\",\"contentUrl\":\"https:\\\/\\\/www.casaldelsinfants.org\\\/wp-content\\\/uploads\\\/diseno_sin_titulo.png\",\"width\":2000,\"height\":1600,\"caption\":\"Dotze hist\u00f2ries per repassar l\u2019any al Casal dels Infants\"},{\"@type\":\"BreadcrumbList\",\"@id\":\"https:\\\/\\\/www.casaldelsinfants.org\\\/es\\\/actualidad\\\/dotze-histories-repassar-lany-al-casal-dels-infants\\\/#breadcrumb\",\"itemListElement\":[{\"@type\":\"ListItem\",\"position\":1,\"name\":\"Inici\",\"item\":\"https:\\\/\\\/www.casaldelsinfants.org\\\/es\\\/\"},{\"@type\":\"ListItem\",\"position\":2,\"name\":\"Doce historias para repasar el a\u00f1o en el Casal dels Infants\"}]},{\"@type\":\"WebSite\",\"@id\":\"https:\\\/\\\/www.casaldelsinfants.org\\\/es\\\/#website\",\"url\":\"https:\\\/\\\/www.casaldelsinfants.org\\\/es\\\/\",\"name\":\"Casal dels Infants\",\"description\":\"\",\"publisher\":{\"@id\":\"https:\\\/\\\/www.casaldelsinfants.org\\\/es\\\/#organization\"},\"potentialAction\":[{\"@type\":\"SearchAction\",\"target\":{\"@type\":\"EntryPoint\",\"urlTemplate\":\"https:\\\/\\\/www.casaldelsinfants.org\\\/es\\\/?s={search_term_string}\"},\"query-input\":{\"@type\":\"PropertyValueSpecification\",\"valueRequired\":true,\"valueName\":\"search_term_string\"}}],\"inLanguage\":\"es\"},{\"@type\":\"Organization\",\"@id\":\"https:\\\/\\\/www.casaldelsinfants.org\\\/es\\\/#organization\",\"name\":\"Casal dels Infants\",\"url\":\"https:\\\/\\\/www.casaldelsinfants.org\\\/es\\\/\",\"logo\":{\"@type\":\"ImageObject\",\"inLanguage\":\"es\",\"@id\":\"https:\\\/\\\/www.casaldelsinfants.org\\\/es\\\/#\\\/schema\\\/logo\\\/image\\\/\",\"url\":\"https:\\\/\\\/www.casaldelsinfants.org\\\/wp-content\\\/uploads\\\/logo-mail.png\",\"contentUrl\":\"https:\\\/\\\/www.casaldelsinfants.org\\\/wp-content\\\/uploads\\\/logo-mail.png\",\"width\":380,\"height\":158,\"caption\":\"Casal dels Infants\"},\"image\":{\"@id\":\"https:\\\/\\\/www.casaldelsinfants.org\\\/es\\\/#\\\/schema\\\/logo\\\/image\\\/\"},\"sameAs\":[\"https:\\\/\\\/www.facebook.com\\\/casalinfants\",\"https:\\\/\\\/x.com\\\/casalinfants\",\"https:\\\/\\\/www.youtube.com\\\/user\\\/CasaldelsInfants1\",\"https:\\\/\\\/www.instagram.com\\\/casalinfants\\\/\",\"https:\\\/\\\/www.linkedin.com\\\/company\\\/casaldelsinfants?trk=organization-update_share-update_actor-text\"]},{\"@type\":\"Person\",\"@id\":\"https:\\\/\\\/www.casaldelsinfants.org\\\/es\\\/#\\\/schema\\\/person\\\/97707fc8c64900cf36891127dbf9fba8\",\"name\":\"cdiAdmin\",\"sameAs\":[\"https:\\\/\\\/casaldelsinfants.org\"]}]}<\/script>\n<!-- \/ Yoast SEO plugin. -->","yoast_head_json":{"title":"Doce historias para repasar el a\u00f1o en el Casal dels Infants","description":"A las puertas del 2022, miramos el a\u00f1o que hemos dejado atr\u00e1s con 12 historias de testimonios y actividades que hemos desarrollado en el Casal dels Infants. Queremos seguir trabajando para disminuir el riesgo en ni\u00f1os, ni\u00f1as y j\u00f3venes.","robots":{"index":"index","follow":"follow","max-snippet":"max-snippet:-1","max-image-preview":"max-image-preview:large","max-video-preview":"max-video-preview:-1"},"canonical":"https:\/\/www.casaldelsinfants.org\/es\/actualidad\/dotze-histories-repassar-lany-al-casal-dels-infants\/","og_locale":"es_ES","og_type":"article","og_title":"Doce historias para repasar el a\u00f1o en el Casal dels Infants","og_description":"A las puertas del 2022, miramos el a\u00f1o que hemos dejado atr\u00e1s con 12 historias de testimonios y actividades que hemos desarrollado en el Casal dels Infants. Queremos seguir trabajando para disminuir el riesgo en ni\u00f1os, ni\u00f1as y j\u00f3venes.","og_url":"https:\/\/www.casaldelsinfants.org\/es\/actualidad\/dotze-histories-repassar-lany-al-casal-dels-infants\/","og_site_name":"Casal dels Infants","article_publisher":"https:\/\/www.facebook.com\/casalinfants","article_published_time":"2021-12-29T11:10:22+00:00","article_modified_time":"2023-11-23T10:06:16+00:00","og_image":[{"width":2000,"height":1600,"url":"https:\/\/www.casaldelsinfants.org\/wp-content\/uploads\/diseno_sin_titulo.png","type":"image\/png"}],"author":"cdiAdmin","twitter_card":"summary_large_image","twitter_creator":"@casalinfants","twitter_site":"@casalinfants","twitter_misc":{"Escrito por":"cdiAdmin","Tiempo de lectura":"7 minutos"},"schema":{"@context":"https:\/\/schema.org","@graph":[{"@type":"Article","@id":"https:\/\/www.casaldelsinfants.org\/es\/actualidad\/dotze-histories-repassar-lany-al-casal-dels-infants\/#article","isPartOf":{"@id":"https:\/\/www.casaldelsinfants.org\/es\/actualidad\/dotze-histories-repassar-lany-al-casal-dels-infants\/"},"author":{"name":"cdiAdmin","@id":"https:\/\/www.casaldelsinfants.org\/es\/#\/schema\/person\/97707fc8c64900cf36891127dbf9fba8"},"headline":"Doce historias para repasar el a\u00f1o en el Casal dels Infants","datePublished":"2021-12-29T11:10:22+00:00","dateModified":"2023-11-23T10:06:16+00:00","mainEntityOfPage":{"@id":"https:\/\/www.casaldelsinfants.org\/es\/actualidad\/dotze-histories-repassar-lany-al-casal-dels-infants\/"},"wordCount":1164,"commentCount":0,"publisher":{"@id":"https:\/\/www.casaldelsinfants.org\/es\/#organization"},"image":{"@id":"https:\/\/www.casaldelsinfants.org\/es\/actualidad\/dotze-histories-repassar-lany-al-casal-dels-infants\/#primaryimage"},"thumbnailUrl":"https:\/\/www.casaldelsinfants.org\/wp-content\/uploads\/diseno_sin_titulo.png","articleSection":["Noticia"],"inLanguage":"es","potentialAction":[{"@type":"CommentAction","name":"Comment","target":["https:\/\/www.casaldelsinfants.org\/es\/actualidad\/dotze-histories-repassar-lany-al-casal-dels-infants\/#respond"]}]},{"@type":"WebPage","@id":"https:\/\/www.casaldelsinfants.org\/es\/actualidad\/dotze-histories-repassar-lany-al-casal-dels-infants\/","url":"https:\/\/www.casaldelsinfants.org\/es\/actualidad\/dotze-histories-repassar-lany-al-casal-dels-infants\/","name":"Doce historias para repasar el a\u00f1o en el Casal dels Infants","isPartOf":{"@id":"https:\/\/www.casaldelsinfants.org\/es\/#website"},"primaryImageOfPage":{"@id":"https:\/\/www.casaldelsinfants.org\/es\/actualidad\/dotze-histories-repassar-lany-al-casal-dels-infants\/#primaryimage"},"image":{"@id":"https:\/\/www.casaldelsinfants.org\/es\/actualidad\/dotze-histories-repassar-lany-al-casal-dels-infants\/#primaryimage"},"thumbnailUrl":"https:\/\/www.casaldelsinfants.org\/wp-content\/uploads\/diseno_sin_titulo.png","datePublished":"2021-12-29T11:10:22+00:00","dateModified":"2023-11-23T10:06:16+00:00","description":"A las puertas del 2022, miramos el a\u00f1o que hemos dejado atr\u00e1s con 12 historias de testimonios y actividades que hemos desarrollado en el Casal dels Infants. Queremos seguir trabajando para disminuir el riesgo en ni\u00f1os, ni\u00f1as y j\u00f3venes.","breadcrumb":{"@id":"https:\/\/www.casaldelsinfants.org\/es\/actualidad\/dotze-histories-repassar-lany-al-casal-dels-infants\/#breadcrumb"},"inLanguage":"es","potentialAction":[{"@type":"ReadAction","target":["https:\/\/www.casaldelsinfants.org\/es\/actualidad\/dotze-histories-repassar-lany-al-casal-dels-infants\/"]}]},{"@type":"ImageObject","inLanguage":"es","@id":"https:\/\/www.casaldelsinfants.org\/es\/actualidad\/dotze-histories-repassar-lany-al-casal-dels-infants\/#primaryimage","url":"https:\/\/www.casaldelsinfants.org\/wp-content\/uploads\/diseno_sin_titulo.png","contentUrl":"https:\/\/www.casaldelsinfants.org\/wp-content\/uploads\/diseno_sin_titulo.png","width":2000,"height":1600,"caption":"Dotze hist\u00f2ries per repassar l\u2019any al Casal dels Infants"},{"@type":"BreadcrumbList","@id":"https:\/\/www.casaldelsinfants.org\/es\/actualidad\/dotze-histories-repassar-lany-al-casal-dels-infants\/#breadcrumb","itemListElement":[{"@type":"ListItem","position":1,"name":"Inici","item":"https:\/\/www.casaldelsinfants.org\/es\/"},{"@type":"ListItem","position":2,"name":"Doce historias para repasar el a\u00f1o en el Casal dels Infants"}]},{"@type":"WebSite","@id":"https:\/\/www.casaldelsinfants.org\/es\/#website","url":"https:\/\/www.casaldelsinfants.org\/es\/","name":"Casal dels Infants","description":"","publisher":{"@id":"https:\/\/www.casaldelsinfants.org\/es\/#organization"},"potentialAction":[{"@type":"SearchAction","target":{"@type":"EntryPoint","urlTemplate":"https:\/\/www.casaldelsinfants.org\/es\/?s={search_term_string}"},"query-input":{"@type":"PropertyValueSpecification","valueRequired":true,"valueName":"search_term_string"}}],"inLanguage":"es"},{"@type":"Organization","@id":"https:\/\/www.casaldelsinfants.org\/es\/#organization","name":"Casal dels Infants","url":"https:\/\/www.casaldelsinfants.org\/es\/","logo":{"@type":"ImageObject","inLanguage":"es","@id":"https:\/\/www.casaldelsinfants.org\/es\/#\/schema\/logo\/image\/","url":"https:\/\/www.casaldelsinfants.org\/wp-content\/uploads\/logo-mail.png","contentUrl":"https:\/\/www.casaldelsinfants.org\/wp-content\/uploads\/logo-mail.png","width":380,"height":158,"caption":"Casal dels Infants"},"image":{"@id":"https:\/\/www.casaldelsinfants.org\/es\/#\/schema\/logo\/image\/"},"sameAs":["https:\/\/www.facebook.com\/casalinfants","https:\/\/x.com\/casalinfants","https:\/\/www.youtube.com\/user\/CasaldelsInfants1","https:\/\/www.instagram.com\/casalinfants\/","https:\/\/www.linkedin.com\/company\/casaldelsinfants?trk=organization-update_share-update_actor-text"]},{"@type":"Person","@id":"https:\/\/www.casaldelsinfants.org\/es\/#\/schema\/person\/97707fc8c64900cf36891127dbf9fba8","name":"cdiAdmin","sameAs":["https:\/\/casaldelsinfants.org"]}]}},"publishpress_future_action":{"enabled":false,"date":"2026-05-08 15:41:40","action":"change-status","newStatus":"draft","terms":[],"taxonomy":"category","extraData":[]},"publishpress_future_workflow_manual_trigger":{"enabledWorkflows":[]},"_links":{"self":[{"href":"https:\/\/www.casaldelsinfants.org\/es\/wp-json\/wp\/v2\/posts\/4252","targetHints":{"allow":["GET"]}}],"collection":[{"href":"https:\/\/www.casaldelsinfants.org\/es\/wp-json\/wp\/v2\/posts"}],"about":[{"href":"https:\/\/www.casaldelsinfants.org\/es\/wp-json\/wp\/v2\/types\/post"}],"author":[{"embeddable":true,"href":"https:\/\/www.casaldelsinfants.org\/es\/wp-json\/wp\/v2\/users\/1"}],"replies":[{"embeddable":true,"href":"https:\/\/www.casaldelsinfants.org\/es\/wp-json\/wp\/v2\/comments?post=4252"}],"version-history":[{"count":9,"href":"https:\/\/www.casaldelsinfants.org\/es\/wp-json\/wp\/v2\/posts\/4252\/revisions"}],"predecessor-version":[{"id":16058,"href":"https:\/\/www.casaldelsinfants.org\/es\/wp-json\/wp\/v2\/posts\/4252\/revisions\/16058"}],"wp:featuredmedia":[{"embeddable":true,"href":"https:\/\/www.casaldelsinfants.org\/es\/wp-json\/wp\/v2\/media\/2996"}],"wp:attachment":[{"href":"https:\/\/www.casaldelsinfants.org\/es\/wp-json\/wp\/v2\/media?parent=4252"}],"wp:term":[{"taxonomy":"category","embeddable":true,"href":"https:\/\/www.casaldelsinfants.org\/es\/wp-json\/wp\/v2\/categories?post=4252"},{"taxonomy":"post_tag","embeddable":true,"href":"https:\/\/www.casaldelsinfants.org\/es\/wp-json\/wp\/v2\/tags?post=4252"},{"taxonomy":"seus","embeddable":true,"href":"https:\/\/www.casaldelsinfants.org\/es\/wp-json\/wp\/v2\/seus?post=4252"},{"taxonomy":"eixos","embeddable":true,"href":"https:\/\/www.casaldelsinfants.org\/es\/wp-json\/wp\/v2\/eixos?post=4252"}],"curies":[{"name":"wp","href":"https:\/\/api.w.org\/{rel}","templated":true}]}}