{"id":4253,"date":"2021-12-22T09:08:18","date_gmt":"2021-12-22T07:08:18","guid":{"rendered":"https:\/\/casal.puntzero.cat\/noticies\/quins-son-els-teus-proposits-dany-nou\/"},"modified":"2023-04-04T13:24:43","modified_gmt":"2023-04-04T11:24:43","slug":"quins-son-els-teus-proposits-dany-nou","status":"publish","type":"post","link":"https:\/\/www.casaldelsinfants.org\/es\/actualidad\/cuales-son-tus-propositos-de-ano-nuevo\/","title":{"rendered":"\u00bfCu\u00e1les son tus prop\u00f3sitos de a\u00f1o nuevo?"},"content":{"rendered":"<p><span style=\"color: #000000;\">Se acaba el a\u00f1o, y como acostumbra a suceder durante esta \u00e9poca, nos ponemos m\u00e1s reflexivos y hacemos balance de las experiencias vividas, de los retos que nos hab\u00edamos marcado y de los objetivos que hemos conseguido.\u00a0<\/span><\/p>\n<p><span style=\"color: #000000;\">Pero tambi\u00e9n es el momento de dejar atr\u00e1s el pasado y mirar hacia delante, marcarnos nuevas metas y\u00a0<strong>hacer la t\u00edpica lista con los prop\u00f3sitos de a\u00f1o nuevo.\u00a0<\/strong>\u00a0<\/span><\/p>\n<p><span style=\"color: #000000;\">En este art\u00edculo\u00a0<strong>hacemos repaso de algunos de los prop\u00f3sitos de a\u00f1o nuevo m\u00e1s populares\u00a0<\/strong>entre la poblaci\u00f3n a\u00f1o tras a\u00f1o, y tambi\u00e9n\u00a0<\/span><strong><span style=\"color: #000000;\">te proponemos un nuevo prop\u00f3sito para a\u00f1adir a tu lista del 2022:<\/span> <a title=\"Hazte socio, haz un donativo\" href=\"https:\/\/www.casaldelsinfants.org\/es\/que-puedes-hacer-tu\/haz-un-donativo\/\" rel=\"nofollow\"><u>ser m\u00e1s solidario<\/u><\/a>.\u00a0<\/strong><\/p>\n<p dir=\"ltr\"><strong>Apuntarte al gimnasio<\/strong><\/p>\n<p dir=\"ltr\"><span style=\"color: #000000;\">Despu\u00e9s de los excesos de las fiestas y de comer y beber sin freno, cuando llega enero uno de los cl\u00e1sicos prop\u00f3sitos de a\u00f1o nuevo es apuntarse al gimnasio.\u00a0<\/span><\/p>\n<p dir=\"ltr\"><span style=\"color: #000000;\">Perder los quilos ganados durante la Navidad,\u00a0<strong>ponerte en forma y tonificar tu cuerpo haciendo ejercicio regularmente es un prop\u00f3sito de a\u00f1o nuevo que beneficiar\u00e1 tanto tu salud f\u00edsica como mental y emocional.\u00a0<\/strong><\/span><\/p>\n<p dir=\"ltr\"><span style=\"color: #000000;\">\u00a0<\/span><\/p>\n<p><img decoding=\"async\" class=\"align-center\" src=\"\/wp-content\/uploads\/casal-dels-infants-proposits-any-nou-1.webp\" alt=\"panxa plana noia gimn\u00e0s \" width=\"480\" height=\"320\" data-entity-type=\"file\" data-entity-uuid=\"a7eec680-5bf2-468b-b1dd-ed52923d8164\" data-image-style=\"large\" \/><\/p>\n<p>&nbsp;<\/p>\n<p dir=\"ltr\"><span style=\"color: #000000;\">El ejercicio f\u00edsicoayuda a prevenir la depresi\u00f3n y la ansiedad, reduce el estr\u00e9s, nos empodera y nos ayuda a desconectar de todo y calmar la mente, como explica<\/span> <a title=\"Beneficios del ejercicio f\u00edsico para la salud mental\" href=\"https:\/\/www.20minutos.es\/salud\/como-ayuda-el-ejercicio-fisico-a-mejorar-la-salud-mental-4851853\/\" rel=\"nofollow\"><u>este art\u00edculo<\/u><\/a><span style=\"color: #000000;\">. Un truco que te puede ayudar a cumplir este objetivo es apuntarte en la agenda las horas de entrenamiento como si fueran citas a las que no puedes faltar, \u00a1plant\u00e9atelo como un compromiso ineludible!<\/span><\/p>\n<p dir=\"ltr\"><b>Comer sano\u00a0<\/b><\/p>\n<p><span style=\"color: #000000;\">De la mano del ejercicio f\u00edsico acostumbra a venir el <strong>prop\u00f3sito de a\u00f1o nuevo de comer m\u00e1s sano<\/strong>.\u00a0<\/span><\/p>\n<p><span style=\"color: #000000;\">Durante las fiestas comemos en exceso y cambiamos nuestros h\u00e1bitos alimenticios. Comilonas infinitas rematadas con dulces y luego vienen los empachos, dolores de barriga, cansancio, falta de energ\u00eda&#8230; La alimentaci\u00f3n es la gasolina que le damos a nuestro cuerpo para que funcione correctamente, y cuando empezamos a atiborrarlo de aquello que no necesita, el cuerpo se resiente.\u00a0<\/span><\/p>\n<p dir=\"ltr\"><span style=\"color: #000000;\">Enero con su vuelta a la rutina es el momento id\u00f3neo para organizarte. Planificar tus men\u00fas semanalmente te ayudar\u00e1 a cumplir tu objetivo y te facilitar\u00e1 mucho el trabajo cuando vayas al mercado. Incluso existen aplicaciones que te ayudan a hacerlo,<\/span> <a title=\"Organiza tus men\u00fas \" href=\"https:\/\/www.xataka.com\/basics\/aplicaciones-para-organizar-tus-menus-semanales-planificar-mejor-tus-comidas\" rel=\"nofollow\"><u>desc\u00fabrelas aqu\u00ed<\/u><\/a><span style=\"color: #000000;\">.\u00a0<\/span><\/p>\n<p dir=\"ltr\"><span style=\"color: #000000;\"><strong>Si comer sano es uno de tus prop\u00f3sitos para el 2022, estos son los productos que no pueden faltar en tu nevera:\u00a0<\/strong><\/span><\/p>\n<ul dir=\"ltr\">\n<li><span style=\"color: #000000;\">Frutas y verduras frescas de temporada: contienen mucha agua, vitaminas y minerales esenciales para mantener una buena salud.<\/span><\/li>\n<li><span style=\"color: #000000;\">Agua y zumos de fruta naturales: es muy importante que nos mantengamos hidratados tambi\u00e9n durante el invierno porque el agua elimina toxinas de nuestro organismo. Evita los refrescos, aumentan el riesgo de obesidad.\u00a0<\/span><\/li>\n<li><span style=\"color: #000000;\">Cremas de verduras: ligeras y calentitas son la cena ideal para las noches m\u00e1s fr\u00edas.\u00a0<\/span><\/li>\n<li><span style=\"color: #000000;\">Pescado fresco: aporta vitaminas del grupo B, protege el coraz\u00f3n, fortalece los huesos, se digiere f\u00e1cilmente y aumenta las defensas. El marisco es rico en prote\u00ednas y minerales.\u00a0<\/span><\/li>\n<li><span style=\"color: #000000;\">Carnes blancas: son preferibles a la carne roja para no aumentar los niveles de grasas.\u00a0<\/span><\/li>\n<\/ul>\n<p><img decoding=\"async\" class=\"align-center\" src=\"\/wp-content\/uploads\/casal-dels-infants-un-nou-any-mes-solidari-1.webp\" alt=\"parada de fruites del mercat\" width=\"480\" height=\"320\" data-entity-type=\"file\" data-entity-uuid=\"b59064ee-6e88-4a23-a0c0-74df6a9b8ef9\" data-image-style=\"large\" \/><\/p>\n<p>&nbsp;<\/p>\n<p dir=\"ltr\"><span style=\"color: #000000;\">Y si necesitas ideas para una dieta saludable para los m\u00e1s peque\u00f1os de la casa, lee<\/span> <a title=\"Alimentaci\u00f3n saludable para ni\u00f1os y ni\u00f1as \" href=\"https:\/\/www.casaldelsinfants.org\/es\/actualidad\/alimentacion-saludable-para-ninos-en-vacaciones\/\" rel=\"nofollow\"><u>esta noticia<\/u><\/a> <span style=\"color: #000000;\">que public\u00e1bamos hace unos meses.\u00a0<\/span><\/p>\n<p dir=\"ltr\"><strong>Aprender algo nuevo<\/strong><\/p>\n<p dir=\"ltr\"><span style=\"color: #000000;\"><strong>Aprender alguna cosa nueva es un prop\u00f3sito de a\u00f1o nuevo divertido y estimulante\u00a0<\/strong>que acostumbran a ponerse muchas personas.\u00a0<\/span><\/p>\n<p dir=\"ltr\"><span style=\"color: #000000;\">Aprender cosas nuevas a cualquier edad hace que salgamos de nuestra zona de confort, nos estimula y<\/span> <a title=\"Aprender cosas nuevas beneficia al cerebro\" href=\"https:\/\/www.telva.com\/bienestar\/psicologia\/2021\/05\/16\/609bc37701a2f1da178b4589.html\" rel=\"nofollow\"><u>es muy benficioso para nuestro cerebro<\/u><\/a>.\u00a0<span style=\"color: #000000;\">Adem\u00e1s, dedicarnos tiempo a nosotros y a nuestro ocio es fundamental para sentirnos motivados y contentos con nuestra vida.\u00a0<\/span><\/p>\n<p dir=\"ltr\"><span style=\"color: #000000;\">\u00bfSiempre has querido aprender a hacer crochet? \u00bfO a tocar un instrumento? \u00bfQuiz\u00e1s tu prop\u00f3sito para el 2022 es aprender a pintar con acuarelas? Un nuevo a\u00f1o por empezar nos deja un mont\u00f3n de posibilidades por descubrir a nuestro alcance. S\u00f3lo necesitas tener ganas y un poquito de tiempo.\u00a0<\/span><\/p>\n<p dir=\"ltr\"><span style=\"color: #000000;\">te recomendamos que, si puedes, realices estas actividades presencialmente porque el contacto directo y el intercambio con las personas cara a cara siempre ser\u00e1 m\u00e1s enriquecedor. La otra opci\u00f3n son los cursos online como <\/span><a title=\"Cursos online \" href=\"https:\/\/www.domestika.org\/es\/courses\/popular?gclid=Cj0KCQiA5OuNBhCRARIsACgaiqVEXZet3Fy41L0H3WdpdsDUScgWhE8iJvCihlg138AcrJF10qVL0qQaAg4DEALw_wcB\" rel=\"nofollow\"><span style=\"color: #000000;\"><u>\u00e9stos<\/u><\/span><\/a><span style=\"color: #000000;\">, con los que desde casa aprender\u00e1s un mont\u00f3n de cosas.\u00a0<\/span><\/p>\n<p dir=\"ltr\"><strong>Un nuevo a\u00f1o m\u00e1s solidario \u00a0<\/strong><\/p>\n<p><span style=\"color: #000000;\">M\u00e1s all\u00e1 de los t\u00edpicos prop\u00f3sitos como los que te acabamos de explicar, hay un prop\u00f3sito que quiz\u00e1s se te ha pasado por la cabeza pero que no sabes muy bien c\u00f3mo llevar a cabo:\u00a0<strong>durante el 2022 te propones ser m\u00e1s solidario\/a<\/strong>, por ejemplo colaborando con una entidad social como el Casal dels Infants.\u00a0<\/span><\/p>\n<p><span style=\"color: #000000;\"><strong>Una manera de dar apoyo al Casal es organizando una campa\u00f1a de captaci\u00f3n de fondos a favor nuestro.\u00a0<\/strong>Puedes hacer un mercadillo, una paradita de cupcakes, un partido de f\u00fatbol solidario o cualquier acci\u00f3n que se te ocurra para recaudar dinero para los ni\u00f1os y ni\u00f1as del Casal<\/span><\/p>\n<p><span style=\"color: #000000;\">Tambi\u00e9n puedes aprovechar un evento especial como tu cumplea\u00f1os, una boda, carreras deportivas o un encuentro familiar y pedir a las personas que participan en \u00e9l que realicen un donativo a la campa\u00f1a que has creado para el Casal.\u00a0\u00a0<\/span><\/p>\n<p><img decoding=\"async\" class=\"align-center\" src=\"\/wp-content\/uploads\/inline-images\/casal%20dels%20infants%20any%20nou%20solidari.jpg\" alt=\"cors vermells de drap\" width=\"480\" height=\"320\" data-entity-type=\"file\" data-entity-uuid=\"38965275-95cb-4030-8e3d-d372cff74233\" data-image-style=\"large\" \/><\/p>\n<p>&nbsp;<\/p>\n<p dir=\"ltr\"><span style=\"color: #000000;\"><strong>Se trata de marcarte un reto y que entre todos y todas lo consig\u00e1is. Esta mini campa\u00f1a de\u00a0crowfunding la puedes crear tu mismo\u00a0<\/strong>a trav\u00e9s de nuestro <\/span><a title=\"Realiza tu campa\u00f1a para el Casal dels Infants \" href=\"https:\/\/www.facebook.com\/casalinfants\" rel=\"nofollow\"><u>Facebook<\/u><\/a> <span style=\"color: #000000;\">o de la p\u00e1gina<\/span><a title=\"Crea tu campa\u00f1a solidaria\" href=\"https:\/\/www.migranodearena.org\/\" rel=\"nofollow\"><u> migranodearena<\/u><\/a> <span style=\"color: #000000;\">donde puedes crear tu reto de manera sencilla y vincularlo al\u00a0Casal dels Infants.\u00a0<\/span><\/p>\n<p dir=\"ltr\"><strong>Contribuir a mejorar la realidad de tu entorno \u00a0<\/strong><\/p>\n<p dir=\"ltr\"><span style=\"color: #000000;\">Vienen d\u00edas de celebraciones y de estar con la familia, de disfrutar y compartir buenos momentos. Tambi\u00e9n es el momento de estar agradecidos por tener a las personas que queremos a nuestro lado y por todas las comodidades con las que vivimos y que a menudo damos por descontado.\u00a0<\/span><\/p>\n<p dir=\"ltr\"><span style=\"color: #000000;\">Desgraciadamente,\u00a0<strong>para muchas personas, estos d\u00edas no ser\u00e1n de fiesta porque se encuentran en grave situaci\u00f3n de vulnerabilidad.\u00a0<\/strong>En el Casal dels infants acompa\u00f1amos cada a\u00f1o a 6.000 ni\u00f1os, ni\u00f1as, j\u00f3venes y familias en riesgo nde exclusi\u00f3n para que puedan tirar adelante.\u00a0<\/span><\/p>\n<p><img decoding=\"async\" class=\"align-center\" src=\"\/wp-content\/uploads\/inline-images\/casal%20dels%20infants%20solidaritat%202022.JPG\" alt=\"dos nens i una nena del Casal dels Infants \" width=\"480\" height=\"321\" data-entity-type=\"file\" data-entity-uuid=\"6c07e754-f631-4882-8c0f-cdd7c2e1c735\" data-image-style=\"large\" \/><\/p>\n<blockquote><p>&nbsp;<\/p>\n<p dir=\"ltr\">T\u00fa tambi\u00e9n puedes contribuir a mejorar la realidad de tu entorno dando apoyo a los ni\u00f1os y ni\u00f1as que m\u00e1s lo necesitan. <b>Porque hay realidades que necesitan cambiar muy cerca de t\u00ed.\u00a0<\/b><\/p>\n<p dir=\"ltr\"><a title=\"Hazte socio, haz un donativo\" href=\"https:\/\/www.casaldelsinfants.org\/es\/que-puedes-hacer-tu\/haz-un-donativo\/\" rel=\"nofollow\"><u><b>Hazte socio<\/b><\/u><\/a><\/p>\n<p dir=\"ltr\"><a title=\"Hazte socio, haz un donativo\" href=\"https:\/\/www.casaldelsinfants.org\/es\/que-puedes-hacer-tu\/haz-un-donativo\/\" rel=\"nofollow\"><u><b>Haz un donativo\u00a0<\/b><\/u><\/a><\/p>\n<p dir=\"ltr\"><u><a title=\"Haz voluntariado en el Casal dels Infants\" href=\"https:\/\/www.casaldelsinfants.org\/es\/que-puedes-hacer-tu\/voluntariado\/\" rel=\"nofollow\"><b>Haz voluntariado\u00a0<\/b><\/a><\/u><\/p>\n<p dir=\"ltr\">\n<\/blockquote>\n","protected":false},"excerpt":{"rendered":"<p>Se acaba el a\u00f1o, y como acostumbra a suceder durante esta \u00e9poca, nos ponemos m\u00e1s reflexivos y hacemos balance de las experiencias vividas, de los retos que nos hab\u00edamos marcado y de los objetivos que hemos conseguido.\u00a0 Pero tambi\u00e9n es el momento de dejar atr\u00e1s el pasado y mirar hacia delante, marcarnos nuevas metas y\u00a0hacer [&hellip;]<\/p>\n","protected":false},"author":1,"featured_media":2999,"comment_status":"open","ping_status":"open","sticky":false,"template":"","format":"standard","meta":{"_acf_changed":false,"_et_pb_use_builder":"","_et_pb_old_content":"","_et_gb_content_width":"","inline_featured_image":false,"footnotes":""},"categories":[125],"tags":[],"seus":[],"eixos":[],"class_list":["post-4253","post","type-post","status-publish","format-standard","has-post-thumbnail","hentry","category-noticias"],"acf":[],"yoast_head":"<!-- This site is optimized with the Yoast SEO plugin v27.4 - https:\/\/yoast.com\/product\/yoast-seo-wordpress\/ -->\n<title>\u00bfCu\u00e1les son tus prop\u00f3sitos de a\u00f1o nuevo? |Noticias<\/title>\n<meta name=\"description\" content=\"Se acaba el a\u00f1o y llega el momento de hacer balance y marcarnos nuevos objetivos para el 2022. En este art\u00edculo hacemos repaso de algunos de los prop\u00f3sitos de a\u00f1o nuevo m\u00e1s populares y te proponemos uno nuevo: ser m\u00e1s solidario. Te explicamos c\u00f3mo llevarlo a cabo y crear tus propias campa\u00f1as de captaci\u00f3n de fondos para los ni\u00f1os y ni\u00f1as del Casal dels Infants.\" \/>\n<meta name=\"robots\" content=\"index, follow, max-snippet:-1, max-image-preview:large, max-video-preview:-1\" \/>\n<link rel=\"canonical\" href=\"https:\/\/www.casaldelsinfants.org\/es\/actualidad\/cuales-son-tus-propositos-de-ano-nuevo\/\" \/>\n<meta property=\"og:locale\" content=\"es_ES\" \/>\n<meta property=\"og:type\" content=\"article\" \/>\n<meta property=\"og:title\" content=\"\u00bfCu\u00e1les son tus prop\u00f3sitos de a\u00f1o nuevo? |Noticias\" \/>\n<meta property=\"og:description\" content=\"Se acaba el a\u00f1o y llega el momento de hacer balance y marcarnos nuevos objetivos para el 2022. En este art\u00edculo hacemos repaso de algunos de los prop\u00f3sitos de a\u00f1o nuevo m\u00e1s populares y te proponemos uno nuevo: ser m\u00e1s solidario. Te explicamos c\u00f3mo llevarlo a cabo y crear tus propias campa\u00f1as de captaci\u00f3n de fondos para los ni\u00f1os y ni\u00f1as del Casal dels Infants.\" \/>\n<meta property=\"og:url\" content=\"https:\/\/www.casaldelsinfants.org\/es\/actualidad\/cuales-son-tus-propositos-de-ano-nuevo\/\" \/>\n<meta property=\"og:site_name\" content=\"Casal dels Infants\" \/>\n<meta property=\"article:publisher\" content=\"https:\/\/www.facebook.com\/casalinfants\" \/>\n<meta property=\"article:published_time\" content=\"2021-12-22T07:08:18+00:00\" \/>\n<meta property=\"article:modified_time\" content=\"2023-04-04T11:24:43+00:00\" \/>\n<meta property=\"og:image\" content=\"https:\/\/www.casaldelsinfants.org\/wp-content\/uploads\/casal_dels_infants_proposits_2022.jpg\" \/>\n\t<meta property=\"og:image:width\" content=\"640\" \/>\n\t<meta property=\"og:image:height\" content=\"427\" \/>\n\t<meta property=\"og:image:type\" content=\"image\/jpeg\" \/>\n<meta name=\"author\" content=\"cdiAdmin\" \/>\n<meta name=\"twitter:card\" content=\"summary_large_image\" \/>\n<meta name=\"twitter:creator\" content=\"@casalinfants\" \/>\n<meta name=\"twitter:site\" content=\"@casalinfants\" \/>\n<meta name=\"twitter:label1\" content=\"Escrito por\" \/>\n\t<meta name=\"twitter:data1\" content=\"cdiAdmin\" \/>\n\t<meta name=\"twitter:label2\" content=\"Tiempo de lectura\" \/>\n\t<meta name=\"twitter:data2\" content=\"7 minutos\" \/>\n<script type=\"application\/ld+json\" class=\"yoast-schema-graph\">{\"@context\":\"https:\\\/\\\/schema.org\",\"@graph\":[{\"@type\":\"Article\",\"@id\":\"https:\\\/\\\/www.casaldelsinfants.org\\\/es\\\/actualidad\\\/cuales-son-tus-propositos-de-ano-nuevo\\\/#article\",\"isPartOf\":{\"@id\":\"https:\\\/\\\/www.casaldelsinfants.org\\\/es\\\/actualidad\\\/cuales-son-tus-propositos-de-ano-nuevo\\\/\"},\"author\":{\"name\":\"cdiAdmin\",\"@id\":\"https:\\\/\\\/www.casaldelsinfants.org\\\/es\\\/#\\\/schema\\\/person\\\/97707fc8c64900cf36891127dbf9fba8\"},\"headline\":\"\u00bfCu\u00e1les son tus prop\u00f3sitos de a\u00f1o nuevo?\",\"datePublished\":\"2021-12-22T07:08:18+00:00\",\"dateModified\":\"2023-04-04T11:24:43+00:00\",\"mainEntityOfPage\":{\"@id\":\"https:\\\/\\\/www.casaldelsinfants.org\\\/es\\\/actualidad\\\/cuales-son-tus-propositos-de-ano-nuevo\\\/\"},\"wordCount\":1107,\"commentCount\":0,\"publisher\":{\"@id\":\"https:\\\/\\\/www.casaldelsinfants.org\\\/es\\\/#organization\"},\"image\":{\"@id\":\"https:\\\/\\\/www.casaldelsinfants.org\\\/es\\\/actualidad\\\/cuales-son-tus-propositos-de-ano-nuevo\\\/#primaryimage\"},\"thumbnailUrl\":\"https:\\\/\\\/www.casaldelsinfants.org\\\/wp-content\\\/uploads\\\/casal_dels_infants_proposits_2022.jpg\",\"articleSection\":[\"Noticia\"],\"inLanguage\":\"es\",\"potentialAction\":[{\"@type\":\"CommentAction\",\"name\":\"Comment\",\"target\":[\"https:\\\/\\\/www.casaldelsinfants.org\\\/es\\\/actualidad\\\/cuales-son-tus-propositos-de-ano-nuevo\\\/#respond\"]}]},{\"@type\":\"WebPage\",\"@id\":\"https:\\\/\\\/www.casaldelsinfants.org\\\/es\\\/actualidad\\\/cuales-son-tus-propositos-de-ano-nuevo\\\/\",\"url\":\"https:\\\/\\\/www.casaldelsinfants.org\\\/es\\\/actualidad\\\/cuales-son-tus-propositos-de-ano-nuevo\\\/\",\"name\":\"\u00bfCu\u00e1les son tus prop\u00f3sitos de a\u00f1o nuevo? |Noticias\",\"isPartOf\":{\"@id\":\"https:\\\/\\\/www.casaldelsinfants.org\\\/es\\\/#website\"},\"primaryImageOfPage\":{\"@id\":\"https:\\\/\\\/www.casaldelsinfants.org\\\/es\\\/actualidad\\\/cuales-son-tus-propositos-de-ano-nuevo\\\/#primaryimage\"},\"image\":{\"@id\":\"https:\\\/\\\/www.casaldelsinfants.org\\\/es\\\/actualidad\\\/cuales-son-tus-propositos-de-ano-nuevo\\\/#primaryimage\"},\"thumbnailUrl\":\"https:\\\/\\\/www.casaldelsinfants.org\\\/wp-content\\\/uploads\\\/casal_dels_infants_proposits_2022.jpg\",\"datePublished\":\"2021-12-22T07:08:18+00:00\",\"dateModified\":\"2023-04-04T11:24:43+00:00\",\"description\":\"Se acaba el a\u00f1o y llega el momento de hacer balance y marcarnos nuevos objetivos para el 2022. En este art\u00edculo hacemos repaso de algunos de los prop\u00f3sitos de a\u00f1o nuevo m\u00e1s populares y te proponemos uno nuevo: ser m\u00e1s solidario. Te explicamos c\u00f3mo llevarlo a cabo y crear tus propias campa\u00f1as de captaci\u00f3n de fondos para los ni\u00f1os y ni\u00f1as del Casal dels Infants.\",\"breadcrumb\":{\"@id\":\"https:\\\/\\\/www.casaldelsinfants.org\\\/es\\\/actualidad\\\/cuales-son-tus-propositos-de-ano-nuevo\\\/#breadcrumb\"},\"inLanguage\":\"es\",\"potentialAction\":[{\"@type\":\"ReadAction\",\"target\":[\"https:\\\/\\\/www.casaldelsinfants.org\\\/es\\\/actualidad\\\/cuales-son-tus-propositos-de-ano-nuevo\\\/\"]}]},{\"@type\":\"ImageObject\",\"inLanguage\":\"es\",\"@id\":\"https:\\\/\\\/www.casaldelsinfants.org\\\/es\\\/actualidad\\\/cuales-son-tus-propositos-de-ano-nuevo\\\/#primaryimage\",\"url\":\"https:\\\/\\\/www.casaldelsinfants.org\\\/wp-content\\\/uploads\\\/casal_dels_infants_proposits_2022.jpg\",\"contentUrl\":\"https:\\\/\\\/www.casaldelsinfants.org\\\/wp-content\\\/uploads\\\/casal_dels_infants_proposits_2022.jpg\",\"width\":640,\"height\":427,\"caption\":\"Agenda en blanc amb boligraf al damunt\"},{\"@type\":\"BreadcrumbList\",\"@id\":\"https:\\\/\\\/www.casaldelsinfants.org\\\/es\\\/actualidad\\\/cuales-son-tus-propositos-de-ano-nuevo\\\/#breadcrumb\",\"itemListElement\":[{\"@type\":\"ListItem\",\"position\":1,\"name\":\"Inici\",\"item\":\"https:\\\/\\\/www.casaldelsinfants.org\\\/es\\\/\"},{\"@type\":\"ListItem\",\"position\":2,\"name\":\"\u00bfCu\u00e1les son tus prop\u00f3sitos de a\u00f1o nuevo?\"}]},{\"@type\":\"WebSite\",\"@id\":\"https:\\\/\\\/www.casaldelsinfants.org\\\/es\\\/#website\",\"url\":\"https:\\\/\\\/www.casaldelsinfants.org\\\/es\\\/\",\"name\":\"Casal dels Infants\",\"description\":\"\",\"publisher\":{\"@id\":\"https:\\\/\\\/www.casaldelsinfants.org\\\/es\\\/#organization\"},\"potentialAction\":[{\"@type\":\"SearchAction\",\"target\":{\"@type\":\"EntryPoint\",\"urlTemplate\":\"https:\\\/\\\/www.casaldelsinfants.org\\\/es\\\/?s={search_term_string}\"},\"query-input\":{\"@type\":\"PropertyValueSpecification\",\"valueRequired\":true,\"valueName\":\"search_term_string\"}}],\"inLanguage\":\"es\"},{\"@type\":\"Organization\",\"@id\":\"https:\\\/\\\/www.casaldelsinfants.org\\\/es\\\/#organization\",\"name\":\"Casal dels Infants\",\"url\":\"https:\\\/\\\/www.casaldelsinfants.org\\\/es\\\/\",\"logo\":{\"@type\":\"ImageObject\",\"inLanguage\":\"es\",\"@id\":\"https:\\\/\\\/www.casaldelsinfants.org\\\/es\\\/#\\\/schema\\\/logo\\\/image\\\/\",\"url\":\"https:\\\/\\\/www.casaldelsinfants.org\\\/wp-content\\\/uploads\\\/logo-mail.png\",\"contentUrl\":\"https:\\\/\\\/www.casaldelsinfants.org\\\/wp-content\\\/uploads\\\/logo-mail.png\",\"width\":380,\"height\":158,\"caption\":\"Casal dels Infants\"},\"image\":{\"@id\":\"https:\\\/\\\/www.casaldelsinfants.org\\\/es\\\/#\\\/schema\\\/logo\\\/image\\\/\"},\"sameAs\":[\"https:\\\/\\\/www.facebook.com\\\/casalinfants\",\"https:\\\/\\\/x.com\\\/casalinfants\",\"https:\\\/\\\/www.youtube.com\\\/user\\\/CasaldelsInfants1\",\"https:\\\/\\\/www.instagram.com\\\/casalinfants\\\/\",\"https:\\\/\\\/www.linkedin.com\\\/company\\\/casaldelsinfants?trk=organization-update_share-update_actor-text\"]},{\"@type\":\"Person\",\"@id\":\"https:\\\/\\\/www.casaldelsinfants.org\\\/es\\\/#\\\/schema\\\/person\\\/97707fc8c64900cf36891127dbf9fba8\",\"name\":\"cdiAdmin\",\"sameAs\":[\"https:\\\/\\\/casaldelsinfants.org\"]}]}<\/script>\n<!-- \/ Yoast SEO plugin. -->","yoast_head_json":{"title":"\u00bfCu\u00e1les son tus prop\u00f3sitos de a\u00f1o nuevo? |Noticias","description":"Se acaba el a\u00f1o y llega el momento de hacer balance y marcarnos nuevos objetivos para el 2022. En este art\u00edculo hacemos repaso de algunos de los prop\u00f3sitos de a\u00f1o nuevo m\u00e1s populares y te proponemos uno nuevo: ser m\u00e1s solidario. Te explicamos c\u00f3mo llevarlo a cabo y crear tus propias campa\u00f1as de captaci\u00f3n de fondos para los ni\u00f1os y ni\u00f1as del Casal dels Infants.","robots":{"index":"index","follow":"follow","max-snippet":"max-snippet:-1","max-image-preview":"max-image-preview:large","max-video-preview":"max-video-preview:-1"},"canonical":"https:\/\/www.casaldelsinfants.org\/es\/actualidad\/cuales-son-tus-propositos-de-ano-nuevo\/","og_locale":"es_ES","og_type":"article","og_title":"\u00bfCu\u00e1les son tus prop\u00f3sitos de a\u00f1o nuevo? |Noticias","og_description":"Se acaba el a\u00f1o y llega el momento de hacer balance y marcarnos nuevos objetivos para el 2022. En este art\u00edculo hacemos repaso de algunos de los prop\u00f3sitos de a\u00f1o nuevo m\u00e1s populares y te proponemos uno nuevo: ser m\u00e1s solidario. Te explicamos c\u00f3mo llevarlo a cabo y crear tus propias campa\u00f1as de captaci\u00f3n de fondos para los ni\u00f1os y ni\u00f1as del Casal dels Infants.","og_url":"https:\/\/www.casaldelsinfants.org\/es\/actualidad\/cuales-son-tus-propositos-de-ano-nuevo\/","og_site_name":"Casal dels Infants","article_publisher":"https:\/\/www.facebook.com\/casalinfants","article_published_time":"2021-12-22T07:08:18+00:00","article_modified_time":"2023-04-04T11:24:43+00:00","og_image":[{"width":640,"height":427,"url":"https:\/\/www.casaldelsinfants.org\/wp-content\/uploads\/casal_dels_infants_proposits_2022.jpg","type":"image\/jpeg"}],"author":"cdiAdmin","twitter_card":"summary_large_image","twitter_creator":"@casalinfants","twitter_site":"@casalinfants","twitter_misc":{"Escrito por":"cdiAdmin","Tiempo de lectura":"7 minutos"},"schema":{"@context":"https:\/\/schema.org","@graph":[{"@type":"Article","@id":"https:\/\/www.casaldelsinfants.org\/es\/actualidad\/cuales-son-tus-propositos-de-ano-nuevo\/#article","isPartOf":{"@id":"https:\/\/www.casaldelsinfants.org\/es\/actualidad\/cuales-son-tus-propositos-de-ano-nuevo\/"},"author":{"name":"cdiAdmin","@id":"https:\/\/www.casaldelsinfants.org\/es\/#\/schema\/person\/97707fc8c64900cf36891127dbf9fba8"},"headline":"\u00bfCu\u00e1les son tus prop\u00f3sitos de a\u00f1o nuevo?","datePublished":"2021-12-22T07:08:18+00:00","dateModified":"2023-04-04T11:24:43+00:00","mainEntityOfPage":{"@id":"https:\/\/www.casaldelsinfants.org\/es\/actualidad\/cuales-son-tus-propositos-de-ano-nuevo\/"},"wordCount":1107,"commentCount":0,"publisher":{"@id":"https:\/\/www.casaldelsinfants.org\/es\/#organization"},"image":{"@id":"https:\/\/www.casaldelsinfants.org\/es\/actualidad\/cuales-son-tus-propositos-de-ano-nuevo\/#primaryimage"},"thumbnailUrl":"https:\/\/www.casaldelsinfants.org\/wp-content\/uploads\/casal_dels_infants_proposits_2022.jpg","articleSection":["Noticia"],"inLanguage":"es","potentialAction":[{"@type":"CommentAction","name":"Comment","target":["https:\/\/www.casaldelsinfants.org\/es\/actualidad\/cuales-son-tus-propositos-de-ano-nuevo\/#respond"]}]},{"@type":"WebPage","@id":"https:\/\/www.casaldelsinfants.org\/es\/actualidad\/cuales-son-tus-propositos-de-ano-nuevo\/","url":"https:\/\/www.casaldelsinfants.org\/es\/actualidad\/cuales-son-tus-propositos-de-ano-nuevo\/","name":"\u00bfCu\u00e1les son tus prop\u00f3sitos de a\u00f1o nuevo? |Noticias","isPartOf":{"@id":"https:\/\/www.casaldelsinfants.org\/es\/#website"},"primaryImageOfPage":{"@id":"https:\/\/www.casaldelsinfants.org\/es\/actualidad\/cuales-son-tus-propositos-de-ano-nuevo\/#primaryimage"},"image":{"@id":"https:\/\/www.casaldelsinfants.org\/es\/actualidad\/cuales-son-tus-propositos-de-ano-nuevo\/#primaryimage"},"thumbnailUrl":"https:\/\/www.casaldelsinfants.org\/wp-content\/uploads\/casal_dels_infants_proposits_2022.jpg","datePublished":"2021-12-22T07:08:18+00:00","dateModified":"2023-04-04T11:24:43+00:00","description":"Se acaba el a\u00f1o y llega el momento de hacer balance y marcarnos nuevos objetivos para el 2022. En este art\u00edculo hacemos repaso de algunos de los prop\u00f3sitos de a\u00f1o nuevo m\u00e1s populares y te proponemos uno nuevo: ser m\u00e1s solidario. Te explicamos c\u00f3mo llevarlo a cabo y crear tus propias campa\u00f1as de captaci\u00f3n de fondos para los ni\u00f1os y ni\u00f1as del Casal dels Infants.","breadcrumb":{"@id":"https:\/\/www.casaldelsinfants.org\/es\/actualidad\/cuales-son-tus-propositos-de-ano-nuevo\/#breadcrumb"},"inLanguage":"es","potentialAction":[{"@type":"ReadAction","target":["https:\/\/www.casaldelsinfants.org\/es\/actualidad\/cuales-son-tus-propositos-de-ano-nuevo\/"]}]},{"@type":"ImageObject","inLanguage":"es","@id":"https:\/\/www.casaldelsinfants.org\/es\/actualidad\/cuales-son-tus-propositos-de-ano-nuevo\/#primaryimage","url":"https:\/\/www.casaldelsinfants.org\/wp-content\/uploads\/casal_dels_infants_proposits_2022.jpg","contentUrl":"https:\/\/www.casaldelsinfants.org\/wp-content\/uploads\/casal_dels_infants_proposits_2022.jpg","width":640,"height":427,"caption":"Agenda en blanc amb boligraf al damunt"},{"@type":"BreadcrumbList","@id":"https:\/\/www.casaldelsinfants.org\/es\/actualidad\/cuales-son-tus-propositos-de-ano-nuevo\/#breadcrumb","itemListElement":[{"@type":"ListItem","position":1,"name":"Inici","item":"https:\/\/www.casaldelsinfants.org\/es\/"},{"@type":"ListItem","position":2,"name":"\u00bfCu\u00e1les son tus prop\u00f3sitos de a\u00f1o nuevo?"}]},{"@type":"WebSite","@id":"https:\/\/www.casaldelsinfants.org\/es\/#website","url":"https:\/\/www.casaldelsinfants.org\/es\/","name":"Casal dels Infants","description":"","publisher":{"@id":"https:\/\/www.casaldelsinfants.org\/es\/#organization"},"potentialAction":[{"@type":"SearchAction","target":{"@type":"EntryPoint","urlTemplate":"https:\/\/www.casaldelsinfants.org\/es\/?s={search_term_string}"},"query-input":{"@type":"PropertyValueSpecification","valueRequired":true,"valueName":"search_term_string"}}],"inLanguage":"es"},{"@type":"Organization","@id":"https:\/\/www.casaldelsinfants.org\/es\/#organization","name":"Casal dels Infants","url":"https:\/\/www.casaldelsinfants.org\/es\/","logo":{"@type":"ImageObject","inLanguage":"es","@id":"https:\/\/www.casaldelsinfants.org\/es\/#\/schema\/logo\/image\/","url":"https:\/\/www.casaldelsinfants.org\/wp-content\/uploads\/logo-mail.png","contentUrl":"https:\/\/www.casaldelsinfants.org\/wp-content\/uploads\/logo-mail.png","width":380,"height":158,"caption":"Casal dels Infants"},"image":{"@id":"https:\/\/www.casaldelsinfants.org\/es\/#\/schema\/logo\/image\/"},"sameAs":["https:\/\/www.facebook.com\/casalinfants","https:\/\/x.com\/casalinfants","https:\/\/www.youtube.com\/user\/CasaldelsInfants1","https:\/\/www.instagram.com\/casalinfants\/","https:\/\/www.linkedin.com\/company\/casaldelsinfants?trk=organization-update_share-update_actor-text"]},{"@type":"Person","@id":"https:\/\/www.casaldelsinfants.org\/es\/#\/schema\/person\/97707fc8c64900cf36891127dbf9fba8","name":"cdiAdmin","sameAs":["https:\/\/casaldelsinfants.org"]}]}},"publishpress_future_action":{"enabled":false,"date":"2026-05-09 06:02:59","action":"change-status","newStatus":"draft","terms":[],"taxonomy":"category","extraData":[]},"publishpress_future_workflow_manual_trigger":{"enabledWorkflows":[]},"_links":{"self":[{"href":"https:\/\/www.casaldelsinfants.org\/es\/wp-json\/wp\/v2\/posts\/4253","targetHints":{"allow":["GET"]}}],"collection":[{"href":"https:\/\/www.casaldelsinfants.org\/es\/wp-json\/wp\/v2\/posts"}],"about":[{"href":"https:\/\/www.casaldelsinfants.org\/es\/wp-json\/wp\/v2\/types\/post"}],"author":[{"embeddable":true,"href":"https:\/\/www.casaldelsinfants.org\/es\/wp-json\/wp\/v2\/users\/1"}],"replies":[{"embeddable":true,"href":"https:\/\/www.casaldelsinfants.org\/es\/wp-json\/wp\/v2\/comments?post=4253"}],"version-history":[{"count":3,"href":"https:\/\/www.casaldelsinfants.org\/es\/wp-json\/wp\/v2\/posts\/4253\/revisions"}],"predecessor-version":[{"id":9594,"href":"https:\/\/www.casaldelsinfants.org\/es\/wp-json\/wp\/v2\/posts\/4253\/revisions\/9594"}],"wp:featuredmedia":[{"embeddable":true,"href":"https:\/\/www.casaldelsinfants.org\/es\/wp-json\/wp\/v2\/media\/2999"}],"wp:attachment":[{"href":"https:\/\/www.casaldelsinfants.org\/es\/wp-json\/wp\/v2\/media?parent=4253"}],"wp:term":[{"taxonomy":"category","embeddable":true,"href":"https:\/\/www.casaldelsinfants.org\/es\/wp-json\/wp\/v2\/categories?post=4253"},{"taxonomy":"post_tag","embeddable":true,"href":"https:\/\/www.casaldelsinfants.org\/es\/wp-json\/wp\/v2\/tags?post=4253"},{"taxonomy":"seus","embeddable":true,"href":"https:\/\/www.casaldelsinfants.org\/es\/wp-json\/wp\/v2\/seus?post=4253"},{"taxonomy":"eixos","embeddable":true,"href":"https:\/\/www.casaldelsinfants.org\/es\/wp-json\/wp\/v2\/eixos?post=4253"}],"curies":[{"name":"wp","href":"https:\/\/api.w.org\/{rel}","templated":true}]}}