{"id":4254,"date":"2021-12-16T09:49:27","date_gmt":"2021-12-16T07:49:27","guid":{"rendered":"https:\/\/casal.puntzero.cat\/noticies\/dia-internacional-de-les-persones-migrants\/"},"modified":"2023-11-23T12:32:19","modified_gmt":"2023-11-23T10:32:19","slug":"dia-internacional-de-les-persones-migrants","status":"publish","type":"post","link":"https:\/\/www.casaldelsinfants.org\/es\/actualidad\/dia-internacional-de-les-persones-migrants\/","title":{"rendered":"D\u00eda internacional de las personas migrantes"},"content":{"rendered":"<p>&nbsp;<\/p>\n<p><span style=\"color: #000000;\">En el Casal dels infants <\/span><u><a title=\"Hazte socio, haz un donativo\" href=\"https:\/\/www.casaldelsinfants.org\/es\/que-puedes-hacer-tu\/haz-un-donativo\/\" rel=\"nofollow\">acompa\u00f1amos a ni\u00f1os, ni\u00f1as, j\u00f3venes y familias en grave situaci\u00f3n de vulnerabilidad social<\/a><\/u><span style=\"color: #000000;\">.\u00a0Muchos de estos ni\u00f1os, ni\u00f1as y j\u00f3venes son nacidos aqu\u00ed en Barcelona, pero tambi\u00e9n hay muchas familias llegadas de otros pa\u00edses intentando encontrar un futuro mejor.\u00a0<\/span><\/p>\n<p><span style=\"color: #000000;\">Desgraciadamente,\u00a0<strong>ser una persona migrante todav\u00eda conlleva ver sistem\u00e1ticamente vulnerados muchos de sus derechos<\/strong>, y en la mayor\u00eda de casos, condena a estos colectivos a la exclusi\u00f3n social.\u00a0<\/span><\/p>\n<p><span style=\"color: #000000;\">Ma\u00f1ana,\u00a0<strong>18 de diciembre, es el d\u00eda internacional de las personas migrantes<\/strong>, y en este art\u00edculo te queremos aclarar algunos concepros relacionados con la migraci\u00f3n y explicarte c\u00f3mo acompa\u00f1amos a las personas migrantes desde el Casal dels Infants.<\/span><\/p>\n<p><strong>La persona migrante\u00a0<\/strong><\/p>\n<p><span style=\"color: #000000;\"><strong>La persona migrante es aquella que se desplaza de un territorio a otro para establecerse all\u00ed de una manera temporal o permanente<\/strong>.\u00a0<\/span><\/p>\n<p><span style=\"color: #000000;\">Los y las migrantes\u00a0<strong>se dividen en emigrantes e inmigrantes<\/strong>, seg\u00fan si se toma como referencia el pa\u00eds de donde se han marxado o bien el pa\u00eds donde han llegado, respectivamente.\u00a0<\/span><\/p>\n<p><span style=\"color: #000000;\">En el contexto de la Uni\u00f3n Europea, se considera migrante la persona que establece la residencia habitual en un pa\u00eds de la Uni\u00f3n por un pr\u00edodo m\u00ednimo de doce meses o la persona que deja de tener la residencia habitual en un pa\u00eds de la Uni\u00f3n por un pr\u00edodo m\u00ednimo de doce meses.\u00a0<\/span><\/p>\n<p><strong>Refugiado o migrante<\/strong><\/p>\n<p><span style=\"color: #000000;\"><strong>La persona refugiada es aquella que se encuentra fuera de su pa\u00eds de nacionalidad o de residencia habitual y que no puede o no quiere volver all\u00ed porque teme por su integridad f\u00edsica<\/strong>, ya sea porque tiene temores fundados de ser objeto de persecuci\u00f3n por motivos de etnia, raza, religi\u00f3n, sexo, orientaci\u00f3n sexual, nacionalidad, opiniones pol\u00edticas o pertenencia a un determinado grupo social, ya sea porque quiere evitar las consecuencias de un conflicto armado o de una situaci\u00f3n de violencia permanente, la violaci\u00f3n de los derechos humanos o los efectos de un desastre natural o humano.\u00a0<\/span><\/p>\n<p><span style=\"color: #000000;\">La Convenci\u00f3n de Ginebra de 1951 otorga la\u00a0<strong>condici\u00f3n de refugiado a lasd personas perseguidas por motivos de etnia, raza, religi\u00f3n, sexo, orientaci\u00f3n sexual, nacionalidad, opiniones pol\u00edticas y pertenencia a un determinado grupo social<\/strong>.\u00a0<\/span><\/p>\n<p><span style=\"color: #000000;\">Una persona no reconocida como refugiada seg\u00fan la\u00a0definici\u00f3n de la Convenci\u00f3n de Ginebra de 1951 y\u00a0la del Protocolo de Nueva York de 1967 pero que no puede o no quiere regresar a su pa\u00eds de origen por razones v\u00e1lidas, es un refugiado de facto.\u00a0<\/span><\/p>\n<p><strong>Los papeles\u00a0<\/strong><\/p>\n<p><span style=\"color: #000000;\">Una vez han llegado al pa\u00eds de destinaci\u00f3n, las personas migrantes se encuentran en situaci\u00f3n irregular y para regularizar su situaci\u00f3n administrativa necesitan:\u00a0<\/span><\/p>\n<ul>\n<li><span style=\"color: #000000;\">Un\u00a0<strong>permiso de residencia<\/strong>\u00a0que las autorice a residir en ese pa\u00eds<\/span><\/li>\n<li><span style=\"color: #000000;\">Un<strong>\u00a0permiso de trabajo<\/strong>\u00a0que las autorice a trabajar all\u00ed legalmente\u00a0<\/span><\/li>\n<\/ul>\n<p><span style=\"color: #000000;\">En muchos casos, se consigue el primero pero no el segundo, y\u00a0<strong>las personas migrantes se ven obligadas a trabajar sin contrato para sobrevivir. Trabajar \u00aben negro\u00bb las hace todav\u00eda m\u00e1s vulnerables, no tienen derechos, est\u00e1n sometidas a abusos<\/strong>, a condiciones de trabajo infrahumanas, sin derecho a paro ni a baja por enfermedad.\u00a0<\/span><\/p>\n<p><span style=\"color: #000000;\">Hasta ahora, para conseguir el permiso de trabajo se necesitaban unos requisitos inalcanzables que vulneraban gravemente los derechos de las personas migrantes, como explic\u00e1bamos en <\/span><u><a title=\"Ingresos inalcanzables para renovar el permiso de residencia de las personas migrantes \" href=\"https:\/\/www.casaldelsinfants.org\/es\/actualidad\/renovar-residencia-derechos-jovenes\/\" rel=\"nofollow\">este reportaje<\/a><\/u><span style=\"color: #000000;\">\u00a0<\/span><\/p>\n<p><span style=\"color: #000000;\">Llegar a nuestro pa\u00eds es un camino muy duro para las personas migrantes, pero cuando llegan aqu\u00ed siguen encontrando un mont\u00f3n de obst\u00e1culos que les hacen la vida muy y muy dif\u00edcil.\u00a0<\/span><\/p>\n<p><strong>Los menores extranjeros no acompa\u00f1ados\u00a0<\/strong><\/p>\n<p><span style=\"color: #000000;\">La llegada de menores, que emigran solos y sin acompa\u00f1amiento familiar, no ha parado de crecer en los \u00faltimos diez a\u00f1os. Son j\u00f3venes provenientes mayoritariamente de Marruecos y \u00c1frica subsahariana, que huyen de situaciones de guerra y violencia, y de contextos sociales y pol\u00edticos que no les ofrecen ninguna posibilidad de futuro.\u00a0<\/span><\/p>\n<p><span style=\"color: #000000;\"><strong>Los procesos migratorios de estos ju\u00f3venes son duros y peligrosos, ponen en riesgo la propia vida y acumulan mucho dolor y sufrimiento<\/strong>.\u00a0<\/span><\/p>\n<p><span style=\"color: #000000;\">Es el caso de Abdoul, un joven participante del casal que emigr\u00f3 en compa\u00f1\u00eda de su hermano desde Guinea Conakry con solo 14 a\u00f1os. A pesar de que\u00a0 su hermano perdi\u00f3 la vida mientras cruzaban en patera el mar de Albor\u00e1n, la historia de Abdoul tiene un final feliz. Tras muchos a\u00f1os form\u00e1ndose y luchando, consigui\u00f3 la oferta de trabajo que necesitaba para regularizar su situaci\u00f3n administrativa, como te explic\u00e1bamos en <\/span><u>este art\u00edculo<\/u><span style=\"color: #000000;\">.\u00a0<\/span><\/p>\n<p><span style=\"font-size: 12.0pt;\"><span style=\"line-height: 115%;\"><span style=\"font-family: 'Times New Roman','serif';\">\u200b<\/span><\/span><\/span><\/p>\n<p><img decoding=\"async\" class=\"align-center\" src=\"\/wp-content\/uploads\/inline-images\/casal%20dels%20infants%20joves%20migrants.jpg\" alt=\"l'Abdoul, un jove migrant\" width=\"480\" height=\"454\" data-entity-type=\"file\" data-entity-uuid=\"4b7f07f7-3d59-4bbb-9265-2137074365ad\" data-image-style=\"large\" \/><\/p>\n<p><span style=\"color: #000000;\">Afortunadamente <strong>los j\u00f3venes migrantes ahora no lo tendr\u00e1n tan dif\u00edcil como Abdoul para conseguir sus papeles<\/strong>, porque finalmente se ha modificado el Reglamento de Extranjer\u00eda, como ven\u00edan reclamando las entidades sociales desde hac\u00eda demasiado tiempo. Es un paso adelante, pero incompleto. <\/span><span style=\"color: #000000;\">\u00a0<\/span><\/p>\n<p><strong>La discriminaci\u00f3n y el racismo\u00a0<\/strong><\/p>\n<p><span style=\"color: #000000;\">Estar en situaci\u00f3n administrativa regular es uno de los\u00a0principales objetivos de las personas migrantes y lo que les garantizar\u00e1 ser ciudadanos de pleno derecho.\u00a0<\/span><\/p>\n<p><span style=\"color: #000000;\">Pero estas personas no solo sufren para conseguir sus papeles, <strong>las personas migrantes han de vivir constantemente la discriminaci\u00f3n, la desconfianza y el racismo de gran parte de la sociedad<\/strong>.\u00a0<\/span><\/p>\n<p><span style=\"color: #000000;\">La dureza de sufrir el rechazo de la gente que les rodea d\u00eda tras d\u00eda es una carga muy dif\u00edcil de llevar. Personas que cuando les ven cambian de acera, que se agarran el bolso con fuerza por miedo a ser robadas, propietarios de pisos que no les quieren alquilar, insultos, miradas&#8230;<strong> El racismo est\u00e1 en todas partes<\/strong>, como nos explica en <\/span><u><a title=\"Tchacka, un joven migrante que sufre el racismo de la sociedad\" href=\"https:\/\/youtu.be\/fkeHGqxRAAA\" rel=\"nofollow\">este v\u00eddeo\u00a0<\/a><\/u><span style=\"color: #000000;\">Tchacka Doumbia, participante del Servicio\u00a0de Transici\u00f3n a l\u2019Autonom\u00eda del Casal para j\u00f3venes sin hogar.\u00a0\u00a0<\/span><\/p>\n<p>&nbsp;<\/p>\n<p dir=\"ltr\"><strong>Acompa\u00f1arlos en un camino lleno de obst\u00e1culos\u00a0<\/strong><\/p>\n<p dir=\"ltr\"><span style=\"color: #000000;\"><strong>En el Casal dels Infants velamos para que las personas migrantes tiren adelante en las mejores condiciones y no se queden atr\u00e1s<\/strong>. Nos preocupamos por sus derechos y por hacerlos valer, i les asesoramos legalmente en aquello que necesiten a trav\u00e9s de nuestro <\/span><u>servicio sociojur\u00eddico<\/u><span style=\"color: #000000;\">.\u00a0<\/span><\/p>\n<p dir=\"ltr\"><span style=\"color: #000000;\">A trav\u00e9s de servicios de acompa\u00f1amiento a las familias, ni\u00f1os, ni\u00f1as y j\u00f3venes, damos respuesta a sus necesidades, les facilitamos el aprendizaje del idioma, les damos un empuj\u00f3n hacia la autonom\u00eda.<\/span><\/p>\n<p><img decoding=\"async\" class=\"align-center\" src=\"\/wp-content\/uploads\/casal-dels-infants-familia-migrant-1.webp\" alt=\"mare migrant amb el seu fill\" width=\"480\" height=\"360\" data-entity-type=\"file\" data-entity-uuid=\"24b8ecf2-f047-49f9-9bb4-18d569bf558d\" data-image-style=\"large\" \/><\/p>\n<p>&nbsp;<\/p>\n<p dir=\"ltr\"><span style=\"color: #000000;\"><b id=\"docs-internal-guid-12242b92-7fff-3d5b-4fb6-287feb571caa\">Porque todos y todas tenemos derecho a una vida digna, independientemente de nuestro origen, g\u00e9nero, condici\u00f3n o creencias.\u00a0<\/b><\/span><\/p>\n<blockquote>\n<p dir=\"ltr\"><u><b id=\"docs-internal-guid-8d6e3f0f-7fff-936c-45f7-6bb1af4e4af7\"><a title=\"Fes-te soci, fes un donatiu \" href=\"https:\/\/www.casaldelsinfants.org\/es\/que-puedes-hacer-tu\/haz-un-donativo\/campana-navidad\/\" rel=\"nofollow\">Ay\u00fadanos\u00a0<\/a><\/b><\/u>a continuar dando apoyo a los ni\u00f1os, ni\u00f1as, j\u00f3venes y familias que m\u00e1s lo necesitan. \u00a1Entre todas y todos lo haremos posible!<\/p>\n<\/blockquote>\n","protected":false},"excerpt":{"rendered":"<p>&nbsp; En el Casal dels infants acompa\u00f1amos a ni\u00f1os, ni\u00f1as, j\u00f3venes y familias en grave situaci\u00f3n de vulnerabilidad social.\u00a0Muchos de estos ni\u00f1os, ni\u00f1as y j\u00f3venes son nacidos aqu\u00ed en Barcelona, pero tambi\u00e9n hay muchas familias llegadas de otros pa\u00edses intentando encontrar un futuro mejor.\u00a0 Desgraciadamente,\u00a0ser una persona migrante todav\u00eda conlleva ver sistem\u00e1ticamente vulnerados muchos de [&hellip;]<\/p>\n","protected":false},"author":1,"featured_media":3002,"comment_status":"open","ping_status":"open","sticky":false,"template":"","format":"standard","meta":{"_acf_changed":false,"_et_pb_use_builder":"","_et_pb_old_content":"","_et_gb_content_width":"","inline_featured_image":false,"footnotes":""},"categories":[125],"tags":[],"seus":[],"eixos":[],"class_list":["post-4254","post","type-post","status-publish","format-standard","has-post-thumbnail","hentry","category-noticias"],"acf":[],"yoast_head":"<!-- This site is optimized with the Yoast SEO plugin v27.4 - https:\/\/yoast.com\/product\/yoast-seo-wordpress\/ -->\n<title>D\u00eda internacional de las personas migrantes| Noticia<\/title>\n<meta name=\"description\" content=\"El 18 de diciembre es el d\u00eda internacional de las personas migrantes. Desgraciadamente, estas personas ven vulnerados muchos de sus derechos. Regularizar su situaci\u00f3n administrativa, la discriminaci\u00f3n, el racismo y el rechazo de la sociedad son solo algunos de los problemas que afrontan las personas migrantes. En el Casal dels Infants las acompa\u00f1amos para que tiren adelante en igualdad de condiciones.\" \/>\n<meta name=\"robots\" content=\"index, follow, max-snippet:-1, max-image-preview:large, max-video-preview:-1\" \/>\n<link rel=\"canonical\" href=\"https:\/\/www.casaldelsinfants.org\/es\/actualidad\/dia-internacional-de-les-persones-migrants\/\" \/>\n<meta property=\"og:locale\" content=\"es_ES\" \/>\n<meta property=\"og:type\" content=\"article\" \/>\n<meta property=\"og:title\" content=\"D\u00eda internacional de las personas migrantes| Noticia\" \/>\n<meta property=\"og:description\" content=\"El 18 de diciembre es el d\u00eda internacional de las personas migrantes. Desgraciadamente, estas personas ven vulnerados muchos de sus derechos. Regularizar su situaci\u00f3n administrativa, la discriminaci\u00f3n, el racismo y el rechazo de la sociedad son solo algunos de los problemas que afrontan las personas migrantes. En el Casal dels Infants las acompa\u00f1amos para que tiren adelante en igualdad de condiciones.\" \/>\n<meta property=\"og:url\" content=\"https:\/\/www.casaldelsinfants.org\/es\/actualidad\/dia-internacional-de-les-persones-migrants\/\" \/>\n<meta property=\"og:site_name\" content=\"Casal dels Infants\" \/>\n<meta property=\"article:publisher\" content=\"https:\/\/www.facebook.com\/casalinfants\" \/>\n<meta property=\"article:published_time\" content=\"2021-12-16T07:49:27+00:00\" \/>\n<meta property=\"article:modified_time\" content=\"2023-11-23T10:32:19+00:00\" \/>\n<meta property=\"og:image\" content=\"https:\/\/www.casaldelsinfants.org\/wp-content\/uploads\/casal_dels_infants_mare_migrant.jpg\" \/>\n\t<meta property=\"og:image:width\" content=\"640\" \/>\n\t<meta property=\"og:image:height\" content=\"480\" \/>\n\t<meta property=\"og:image:type\" content=\"image\/jpeg\" \/>\n<meta name=\"author\" content=\"cdiAdmin\" \/>\n<meta name=\"twitter:card\" content=\"summary_large_image\" \/>\n<meta name=\"twitter:creator\" content=\"@casalinfants\" \/>\n<meta name=\"twitter:site\" content=\"@casalinfants\" \/>\n<meta name=\"twitter:label1\" content=\"Escrito por\" \/>\n\t<meta name=\"twitter:data1\" content=\"cdiAdmin\" \/>\n\t<meta name=\"twitter:label2\" content=\"Tiempo de lectura\" \/>\n\t<meta name=\"twitter:data2\" content=\"6 minutos\" \/>\n<script type=\"application\/ld+json\" class=\"yoast-schema-graph\">{\"@context\":\"https:\\\/\\\/schema.org\",\"@graph\":[{\"@type\":\"Article\",\"@id\":\"https:\\\/\\\/www.casaldelsinfants.org\\\/es\\\/actualidad\\\/dia-internacional-de-les-persones-migrants\\\/#article\",\"isPartOf\":{\"@id\":\"https:\\\/\\\/www.casaldelsinfants.org\\\/es\\\/actualidad\\\/dia-internacional-de-les-persones-migrants\\\/\"},\"author\":{\"name\":\"cdiAdmin\",\"@id\":\"https:\\\/\\\/www.casaldelsinfants.org\\\/es\\\/#\\\/schema\\\/person\\\/97707fc8c64900cf36891127dbf9fba8\"},\"headline\":\"D\u00eda internacional de las personas migrantes\",\"datePublished\":\"2021-12-16T07:49:27+00:00\",\"dateModified\":\"2023-11-23T10:32:19+00:00\",\"mainEntityOfPage\":{\"@id\":\"https:\\\/\\\/www.casaldelsinfants.org\\\/es\\\/actualidad\\\/dia-internacional-de-les-persones-migrants\\\/\"},\"wordCount\":1132,\"commentCount\":0,\"publisher\":{\"@id\":\"https:\\\/\\\/www.casaldelsinfants.org\\\/es\\\/#organization\"},\"image\":{\"@id\":\"https:\\\/\\\/www.casaldelsinfants.org\\\/es\\\/actualidad\\\/dia-internacional-de-les-persones-migrants\\\/#primaryimage\"},\"thumbnailUrl\":\"https:\\\/\\\/www.casaldelsinfants.org\\\/wp-content\\\/uploads\\\/casal_dels_infants_mare_migrant.jpg\",\"articleSection\":[\"Noticia\"],\"inLanguage\":\"es\",\"potentialAction\":[{\"@type\":\"CommentAction\",\"name\":\"Comment\",\"target\":[\"https:\\\/\\\/www.casaldelsinfants.org\\\/es\\\/actualidad\\\/dia-internacional-de-les-persones-migrants\\\/#respond\"]}]},{\"@type\":\"WebPage\",\"@id\":\"https:\\\/\\\/www.casaldelsinfants.org\\\/es\\\/actualidad\\\/dia-internacional-de-les-persones-migrants\\\/\",\"url\":\"https:\\\/\\\/www.casaldelsinfants.org\\\/es\\\/actualidad\\\/dia-internacional-de-les-persones-migrants\\\/\",\"name\":\"D\u00eda internacional de las personas migrantes| Noticia\",\"isPartOf\":{\"@id\":\"https:\\\/\\\/www.casaldelsinfants.org\\\/es\\\/#website\"},\"primaryImageOfPage\":{\"@id\":\"https:\\\/\\\/www.casaldelsinfants.org\\\/es\\\/actualidad\\\/dia-internacional-de-les-persones-migrants\\\/#primaryimage\"},\"image\":{\"@id\":\"https:\\\/\\\/www.casaldelsinfants.org\\\/es\\\/actualidad\\\/dia-internacional-de-les-persones-migrants\\\/#primaryimage\"},\"thumbnailUrl\":\"https:\\\/\\\/www.casaldelsinfants.org\\\/wp-content\\\/uploads\\\/casal_dels_infants_mare_migrant.jpg\",\"datePublished\":\"2021-12-16T07:49:27+00:00\",\"dateModified\":\"2023-11-23T10:32:19+00:00\",\"description\":\"El 18 de diciembre es el d\u00eda internacional de las personas migrantes. Desgraciadamente, estas personas ven vulnerados muchos de sus derechos. Regularizar su situaci\u00f3n administrativa, la discriminaci\u00f3n, el racismo y el rechazo de la sociedad son solo algunos de los problemas que afrontan las personas migrantes. En el Casal dels Infants las acompa\u00f1amos para que tiren adelante en igualdad de condiciones.\",\"breadcrumb\":{\"@id\":\"https:\\\/\\\/www.casaldelsinfants.org\\\/es\\\/actualidad\\\/dia-internacional-de-les-persones-migrants\\\/#breadcrumb\"},\"inLanguage\":\"es\",\"potentialAction\":[{\"@type\":\"ReadAction\",\"target\":[\"https:\\\/\\\/www.casaldelsinfants.org\\\/es\\\/actualidad\\\/dia-internacional-de-les-persones-migrants\\\/\"]}]},{\"@type\":\"ImageObject\",\"inLanguage\":\"es\",\"@id\":\"https:\\\/\\\/www.casaldelsinfants.org\\\/es\\\/actualidad\\\/dia-internacional-de-les-persones-migrants\\\/#primaryimage\",\"url\":\"https:\\\/\\\/www.casaldelsinfants.org\\\/wp-content\\\/uploads\\\/casal_dels_infants_mare_migrant.jpg\",\"contentUrl\":\"https:\\\/\\\/www.casaldelsinfants.org\\\/wp-content\\\/uploads\\\/casal_dels_infants_mare_migrant.jpg\",\"width\":640,\"height\":480,\"caption\":\"Mare migrant sentada al terra amb el seu fill\"},{\"@type\":\"BreadcrumbList\",\"@id\":\"https:\\\/\\\/www.casaldelsinfants.org\\\/es\\\/actualidad\\\/dia-internacional-de-les-persones-migrants\\\/#breadcrumb\",\"itemListElement\":[{\"@type\":\"ListItem\",\"position\":1,\"name\":\"Inici\",\"item\":\"https:\\\/\\\/www.casaldelsinfants.org\\\/es\\\/\"},{\"@type\":\"ListItem\",\"position\":2,\"name\":\"D\u00eda internacional de las personas migrantes\"}]},{\"@type\":\"WebSite\",\"@id\":\"https:\\\/\\\/www.casaldelsinfants.org\\\/es\\\/#website\",\"url\":\"https:\\\/\\\/www.casaldelsinfants.org\\\/es\\\/\",\"name\":\"Casal dels Infants\",\"description\":\"\",\"publisher\":{\"@id\":\"https:\\\/\\\/www.casaldelsinfants.org\\\/es\\\/#organization\"},\"potentialAction\":[{\"@type\":\"SearchAction\",\"target\":{\"@type\":\"EntryPoint\",\"urlTemplate\":\"https:\\\/\\\/www.casaldelsinfants.org\\\/es\\\/?s={search_term_string}\"},\"query-input\":{\"@type\":\"PropertyValueSpecification\",\"valueRequired\":true,\"valueName\":\"search_term_string\"}}],\"inLanguage\":\"es\"},{\"@type\":\"Organization\",\"@id\":\"https:\\\/\\\/www.casaldelsinfants.org\\\/es\\\/#organization\",\"name\":\"Casal dels Infants\",\"url\":\"https:\\\/\\\/www.casaldelsinfants.org\\\/es\\\/\",\"logo\":{\"@type\":\"ImageObject\",\"inLanguage\":\"es\",\"@id\":\"https:\\\/\\\/www.casaldelsinfants.org\\\/es\\\/#\\\/schema\\\/logo\\\/image\\\/\",\"url\":\"https:\\\/\\\/www.casaldelsinfants.org\\\/wp-content\\\/uploads\\\/logo-mail.png\",\"contentUrl\":\"https:\\\/\\\/www.casaldelsinfants.org\\\/wp-content\\\/uploads\\\/logo-mail.png\",\"width\":380,\"height\":158,\"caption\":\"Casal dels Infants\"},\"image\":{\"@id\":\"https:\\\/\\\/www.casaldelsinfants.org\\\/es\\\/#\\\/schema\\\/logo\\\/image\\\/\"},\"sameAs\":[\"https:\\\/\\\/www.facebook.com\\\/casalinfants\",\"https:\\\/\\\/x.com\\\/casalinfants\",\"https:\\\/\\\/www.youtube.com\\\/user\\\/CasaldelsInfants1\",\"https:\\\/\\\/www.instagram.com\\\/casalinfants\\\/\",\"https:\\\/\\\/www.linkedin.com\\\/company\\\/casaldelsinfants?trk=organization-update_share-update_actor-text\"]},{\"@type\":\"Person\",\"@id\":\"https:\\\/\\\/www.casaldelsinfants.org\\\/es\\\/#\\\/schema\\\/person\\\/97707fc8c64900cf36891127dbf9fba8\",\"name\":\"cdiAdmin\",\"sameAs\":[\"https:\\\/\\\/casaldelsinfants.org\"]}]}<\/script>\n<!-- \/ Yoast SEO plugin. -->","yoast_head_json":{"title":"D\u00eda internacional de las personas migrantes| Noticia","description":"El 18 de diciembre es el d\u00eda internacional de las personas migrantes. Desgraciadamente, estas personas ven vulnerados muchos de sus derechos. Regularizar su situaci\u00f3n administrativa, la discriminaci\u00f3n, el racismo y el rechazo de la sociedad son solo algunos de los problemas que afrontan las personas migrantes. En el Casal dels Infants las acompa\u00f1amos para que tiren adelante en igualdad de condiciones.","robots":{"index":"index","follow":"follow","max-snippet":"max-snippet:-1","max-image-preview":"max-image-preview:large","max-video-preview":"max-video-preview:-1"},"canonical":"https:\/\/www.casaldelsinfants.org\/es\/actualidad\/dia-internacional-de-les-persones-migrants\/","og_locale":"es_ES","og_type":"article","og_title":"D\u00eda internacional de las personas migrantes| Noticia","og_description":"El 18 de diciembre es el d\u00eda internacional de las personas migrantes. Desgraciadamente, estas personas ven vulnerados muchos de sus derechos. Regularizar su situaci\u00f3n administrativa, la discriminaci\u00f3n, el racismo y el rechazo de la sociedad son solo algunos de los problemas que afrontan las personas migrantes. En el Casal dels Infants las acompa\u00f1amos para que tiren adelante en igualdad de condiciones.","og_url":"https:\/\/www.casaldelsinfants.org\/es\/actualidad\/dia-internacional-de-les-persones-migrants\/","og_site_name":"Casal dels Infants","article_publisher":"https:\/\/www.facebook.com\/casalinfants","article_published_time":"2021-12-16T07:49:27+00:00","article_modified_time":"2023-11-23T10:32:19+00:00","og_image":[{"width":640,"height":480,"url":"https:\/\/www.casaldelsinfants.org\/wp-content\/uploads\/casal_dels_infants_mare_migrant.jpg","type":"image\/jpeg"}],"author":"cdiAdmin","twitter_card":"summary_large_image","twitter_creator":"@casalinfants","twitter_site":"@casalinfants","twitter_misc":{"Escrito por":"cdiAdmin","Tiempo de lectura":"6 minutos"},"schema":{"@context":"https:\/\/schema.org","@graph":[{"@type":"Article","@id":"https:\/\/www.casaldelsinfants.org\/es\/actualidad\/dia-internacional-de-les-persones-migrants\/#article","isPartOf":{"@id":"https:\/\/www.casaldelsinfants.org\/es\/actualidad\/dia-internacional-de-les-persones-migrants\/"},"author":{"name":"cdiAdmin","@id":"https:\/\/www.casaldelsinfants.org\/es\/#\/schema\/person\/97707fc8c64900cf36891127dbf9fba8"},"headline":"D\u00eda internacional de las personas migrantes","datePublished":"2021-12-16T07:49:27+00:00","dateModified":"2023-11-23T10:32:19+00:00","mainEntityOfPage":{"@id":"https:\/\/www.casaldelsinfants.org\/es\/actualidad\/dia-internacional-de-les-persones-migrants\/"},"wordCount":1132,"commentCount":0,"publisher":{"@id":"https:\/\/www.casaldelsinfants.org\/es\/#organization"},"image":{"@id":"https:\/\/www.casaldelsinfants.org\/es\/actualidad\/dia-internacional-de-les-persones-migrants\/#primaryimage"},"thumbnailUrl":"https:\/\/www.casaldelsinfants.org\/wp-content\/uploads\/casal_dels_infants_mare_migrant.jpg","articleSection":["Noticia"],"inLanguage":"es","potentialAction":[{"@type":"CommentAction","name":"Comment","target":["https:\/\/www.casaldelsinfants.org\/es\/actualidad\/dia-internacional-de-les-persones-migrants\/#respond"]}]},{"@type":"WebPage","@id":"https:\/\/www.casaldelsinfants.org\/es\/actualidad\/dia-internacional-de-les-persones-migrants\/","url":"https:\/\/www.casaldelsinfants.org\/es\/actualidad\/dia-internacional-de-les-persones-migrants\/","name":"D\u00eda internacional de las personas migrantes| Noticia","isPartOf":{"@id":"https:\/\/www.casaldelsinfants.org\/es\/#website"},"primaryImageOfPage":{"@id":"https:\/\/www.casaldelsinfants.org\/es\/actualidad\/dia-internacional-de-les-persones-migrants\/#primaryimage"},"image":{"@id":"https:\/\/www.casaldelsinfants.org\/es\/actualidad\/dia-internacional-de-les-persones-migrants\/#primaryimage"},"thumbnailUrl":"https:\/\/www.casaldelsinfants.org\/wp-content\/uploads\/casal_dels_infants_mare_migrant.jpg","datePublished":"2021-12-16T07:49:27+00:00","dateModified":"2023-11-23T10:32:19+00:00","description":"El 18 de diciembre es el d\u00eda internacional de las personas migrantes. Desgraciadamente, estas personas ven vulnerados muchos de sus derechos. Regularizar su situaci\u00f3n administrativa, la discriminaci\u00f3n, el racismo y el rechazo de la sociedad son solo algunos de los problemas que afrontan las personas migrantes. En el Casal dels Infants las acompa\u00f1amos para que tiren adelante en igualdad de condiciones.","breadcrumb":{"@id":"https:\/\/www.casaldelsinfants.org\/es\/actualidad\/dia-internacional-de-les-persones-migrants\/#breadcrumb"},"inLanguage":"es","potentialAction":[{"@type":"ReadAction","target":["https:\/\/www.casaldelsinfants.org\/es\/actualidad\/dia-internacional-de-les-persones-migrants\/"]}]},{"@type":"ImageObject","inLanguage":"es","@id":"https:\/\/www.casaldelsinfants.org\/es\/actualidad\/dia-internacional-de-les-persones-migrants\/#primaryimage","url":"https:\/\/www.casaldelsinfants.org\/wp-content\/uploads\/casal_dels_infants_mare_migrant.jpg","contentUrl":"https:\/\/www.casaldelsinfants.org\/wp-content\/uploads\/casal_dels_infants_mare_migrant.jpg","width":640,"height":480,"caption":"Mare migrant sentada al terra amb el seu fill"},{"@type":"BreadcrumbList","@id":"https:\/\/www.casaldelsinfants.org\/es\/actualidad\/dia-internacional-de-les-persones-migrants\/#breadcrumb","itemListElement":[{"@type":"ListItem","position":1,"name":"Inici","item":"https:\/\/www.casaldelsinfants.org\/es\/"},{"@type":"ListItem","position":2,"name":"D\u00eda internacional de las personas migrantes"}]},{"@type":"WebSite","@id":"https:\/\/www.casaldelsinfants.org\/es\/#website","url":"https:\/\/www.casaldelsinfants.org\/es\/","name":"Casal dels Infants","description":"","publisher":{"@id":"https:\/\/www.casaldelsinfants.org\/es\/#organization"},"potentialAction":[{"@type":"SearchAction","target":{"@type":"EntryPoint","urlTemplate":"https:\/\/www.casaldelsinfants.org\/es\/?s={search_term_string}"},"query-input":{"@type":"PropertyValueSpecification","valueRequired":true,"valueName":"search_term_string"}}],"inLanguage":"es"},{"@type":"Organization","@id":"https:\/\/www.casaldelsinfants.org\/es\/#organization","name":"Casal dels Infants","url":"https:\/\/www.casaldelsinfants.org\/es\/","logo":{"@type":"ImageObject","inLanguage":"es","@id":"https:\/\/www.casaldelsinfants.org\/es\/#\/schema\/logo\/image\/","url":"https:\/\/www.casaldelsinfants.org\/wp-content\/uploads\/logo-mail.png","contentUrl":"https:\/\/www.casaldelsinfants.org\/wp-content\/uploads\/logo-mail.png","width":380,"height":158,"caption":"Casal dels Infants"},"image":{"@id":"https:\/\/www.casaldelsinfants.org\/es\/#\/schema\/logo\/image\/"},"sameAs":["https:\/\/www.facebook.com\/casalinfants","https:\/\/x.com\/casalinfants","https:\/\/www.youtube.com\/user\/CasaldelsInfants1","https:\/\/www.instagram.com\/casalinfants\/","https:\/\/www.linkedin.com\/company\/casaldelsinfants?trk=organization-update_share-update_actor-text"]},{"@type":"Person","@id":"https:\/\/www.casaldelsinfants.org\/es\/#\/schema\/person\/97707fc8c64900cf36891127dbf9fba8","name":"cdiAdmin","sameAs":["https:\/\/casaldelsinfants.org"]}]}},"publishpress_future_action":{"enabled":false,"date":"2026-05-08 13:12:23","action":"change-status","newStatus":"draft","terms":[],"taxonomy":"category","extraData":[]},"publishpress_future_workflow_manual_trigger":{"enabledWorkflows":[]},"_links":{"self":[{"href":"https:\/\/www.casaldelsinfants.org\/es\/wp-json\/wp\/v2\/posts\/4254","targetHints":{"allow":["GET"]}}],"collection":[{"href":"https:\/\/www.casaldelsinfants.org\/es\/wp-json\/wp\/v2\/posts"}],"about":[{"href":"https:\/\/www.casaldelsinfants.org\/es\/wp-json\/wp\/v2\/types\/post"}],"author":[{"embeddable":true,"href":"https:\/\/www.casaldelsinfants.org\/es\/wp-json\/wp\/v2\/users\/1"}],"replies":[{"embeddable":true,"href":"https:\/\/www.casaldelsinfants.org\/es\/wp-json\/wp\/v2\/comments?post=4254"}],"version-history":[{"count":5,"href":"https:\/\/www.casaldelsinfants.org\/es\/wp-json\/wp\/v2\/posts\/4254\/revisions"}],"predecessor-version":[{"id":16111,"href":"https:\/\/www.casaldelsinfants.org\/es\/wp-json\/wp\/v2\/posts\/4254\/revisions\/16111"}],"wp:featuredmedia":[{"embeddable":true,"href":"https:\/\/www.casaldelsinfants.org\/es\/wp-json\/wp\/v2\/media\/3002"}],"wp:attachment":[{"href":"https:\/\/www.casaldelsinfants.org\/es\/wp-json\/wp\/v2\/media?parent=4254"}],"wp:term":[{"taxonomy":"category","embeddable":true,"href":"https:\/\/www.casaldelsinfants.org\/es\/wp-json\/wp\/v2\/categories?post=4254"},{"taxonomy":"post_tag","embeddable":true,"href":"https:\/\/www.casaldelsinfants.org\/es\/wp-json\/wp\/v2\/tags?post=4254"},{"taxonomy":"seus","embeddable":true,"href":"https:\/\/www.casaldelsinfants.org\/es\/wp-json\/wp\/v2\/seus?post=4254"},{"taxonomy":"eixos","embeddable":true,"href":"https:\/\/www.casaldelsinfants.org\/es\/wp-json\/wp\/v2\/eixos?post=4254"}],"curies":[{"name":"wp","href":"https:\/\/api.w.org\/{rel}","templated":true}]}}