{"id":4255,"date":"2021-12-15T15:34:57","date_gmt":"2021-12-15T13:34:57","guid":{"rendered":"https:\/\/casal.puntzero.cat\/noticies\/pobresa-energetica-el-testimoni-de-la-vanesa-pons-participant-del-casal-dels-infants\/"},"modified":"2023-05-01T17:43:02","modified_gmt":"2023-05-01T15:43:02","slug":"pobresa-energetica-el-testimoni-de-la-vanesa-pons-participant-del-casal-dels-infants","status":"publish","type":"post","link":"https:\/\/www.casaldelsinfants.org\/es\/actualidad\/pobreza-energetica-testimonio-vanesa-pons-participante-casal\/","title":{"rendered":"Pobreza energ\u00e9tica: el testimonio de Vanesa Pons, participante del Casal dels Infants, en Catalunya R\u00e0dio"},"content":{"rendered":"<p><span style=\"color:#000000;\">El pasado viernes 3 de diciembre, Vanesa Pons, participante del Casal dels Infants de Santa Coloma de Gramenet, <\/span><u><a href=\"https:\/\/www.ccma.cat\/catradio\/alacarta\/el-mati-de-catalunya-radio\/son-cinc-a-casa-i-passen-fred-a-lhivern-la-casa-sescalfa-quan-fem-sopa\/audio\/1117991\/\" target=\"_blank\" rel=\"noopener\">fue entrevistada como <strong>persona afectada por la pobreza energ\u00e9tica<\/strong> en \u2018El mat\u00ed de Catalunya R\u00e0dio\u2019<\/a><\/u><span style=\"color:#000000;\">. El testimonio de Vanesa fue el \u00faltimo de una serie de entrevistas que el programa matutino llev\u00f3 a cabo a lo largo de la semana para poner nombre y voz a este fen\u00f3meno de desigualdad.\u00a0<\/span><\/p>\n<p><meta charset=\"utf-8\" \/><\/p>\n<p dir=\"ltr\"><span style=\"color:#000000;\">Vanesa es madre de tres hijos, de 4, 6 y 13 a\u00f1os, tambi\u00e9n participantes del Casal, y trabaja como empleada dom\u00e9stica. A pesar de limpiar diferentes casas y comunidades, sus ingresos y los de su marido, que no tiene trabajo y ha agotado la prestaci\u00f3n del paro, apenas les permite <strong>cubrir necesidades b\u00e1sicas como pagar el alquiler o comprar comida<\/strong>. \u201cEstamos tramitando la ayuda familiar (el Ingreso M\u00ednimo Vital), pero se est\u00e1 alargando haci\u00e9ndolo por Internet, estamos pidiendo cita f\u00edsica para agilizar el proceso\u201d, explica.\u00a0<\/span><\/p>\n<p dir=\"ltr\"><span style=\"color:#000000;\">Vanesa intenta encontrar todas las maneras posibles para poder ahorrar: en casa no utilizan el secador para los cabellos despu\u00e9s de una ducha, aprovechan cuando cocinan sopa para calentar la casa, y ha tenido que cambiar el supermercado cuando subieron el precio del pan.\u00a0<\/span><\/p>\n<p dir=\"ltr\"><span style=\"color:#000000;\">Nos encontramos en pleno invierno, pero Vanesa y su familia <strong>no tienen calefacci\u00f3n en casa<\/strong> y, si la tuvieran, tampoco podr\u00edan permitirse encenderla, seg\u00fan comparte en la entrevista. Como Vanesa, un 9,8% de los hogares en Catalunya no pod\u00edan mantener su casa en una temperatura adecuada durante 2020,<\/span><u><a href=\"https:\/\/www.ine.es\/jaxiT3\/Tabla.htm?t=9975&amp;L=0\" target=\"_blank\" rel=\"noopener\"> seg\u00fan la Encuesta de Condiciones de Vida del Instituto Nacional de Estad\u00edstica (INE)<\/a><\/u><span style=\"color:#000000;\">. El mismo a\u00f1o, un 12,4% de personas en Catalunya hab\u00edan tenido retrasos relacionados con la vivienda, como el pago del alquiler o las facturas. Este dato se ha casi doblado de un a\u00f1o a otro, ya que en 2019 el porcentaje era de 7,5%.\u00a0<\/span><\/p>\n<p dir=\"ltr\"><span style=\"color:#000000;\">Vanesa tambi\u00e9n relata c\u00f3mo las condiciones y el estado de su casa dificultan tener un espacio agradable para toda la familia: \u201ces un piso h\u00famedo, y hace fr\u00edo, sobre todo en la habitaci\u00f3n de los ni\u00f1os. Tiene una pared que toca a la galer\u00eda y est\u00e1 hinchada, porque cuando llueve se debe filtrar el agua\u201d. Tambi\u00e9n tienen que estar atentos a apagar las luces que no se utilizan, o no dejar correr el agua m\u00e1s de la cuenta cuando se est\u00e1n lavando los dientes. \u201cEs una lucha constante de no permitirse nada\u201d, concluye Vanesa.\u00a0<\/span><\/p>\n<p dir=\"ltr\"><span style=\"color:#000000;\">Estas limitaciones en el d\u00eda a d\u00eda de la familia de Vanesa son un ejemplo de la <strong>pobreza energ\u00e9tica<\/strong> que afecta muchos hogares, es decir, \u201cla situaci\u00f3n en la que una familia tiene dificultades o no tiene capacidad para pagar los servicios b\u00e1sicos de energ\u00eda, como la luz, la calefacci\u00f3n o el agua caliente, a un coste asequible\u201d, seg\u00fan el <\/span><u><a href=\"https:\/\/ivalua.cat\/es\" target=\"_blank\" rel=\"noopener\">Institut Catal\u00e0 d\u2019Avaluaci\u00f3 de Pol\u00edtiques P\u00fabliques<\/a><\/u><span style=\"color:#000000;\">. Es un fen\u00f3meno multidimensional que se manifiesta de diversas maneras, por eso su an\u00e1lisis engloba diferentes indicadores, como la capacidad de mantener la casa en una temperatura adecuada, tener deudas en el pago de las facturas de los servicios b\u00e1sicos o las condiciones de la vivienda.\u00a0<\/span><\/p>\n<p dir=\"ltr\">\u00a0<\/p>\n<blockquote>\n<p><strong>Haz posible que sigamos apoyando ni\u00f1os, ni\u00f1as, j\u00f3venes y sus familias en situaci\u00f3n de vulnerabilidad.\u00a0<\/strong><\/p>\n<p>Haz\u00a0<strong>voluntariado<\/strong>. Informate\u00a0<u><a href=\"https:\/\/www.casaldelsinfants.org\/es\/que-puedes-hacer-tu\/voluntariado\/\" target=\"_blank\" rel=\"noopener\">aqu\u00ed<\/a><\/u>.<\/p>\n<p>Haz un\u00a0<strong>donativo<\/strong>\u00a0<u><a href=\"https:\/\/www.casaldelsinfants.org\/es\/que-puedes-hacer-tu\/haz-un-donativo\/\" target=\"_blank\" rel=\"noopener\">aqu\u00ed<\/a><\/u>.<\/p>\n<\/blockquote>\n","protected":false},"excerpt":{"rendered":"<p>El pasado viernes 3 de diciembre, Vanesa Pons, participante del Casal dels Infants de Santa Coloma de Gramenet, fue entrevistada como persona afectada por la pobreza energ\u00e9tica en \u2018El mat\u00ed de Catalunya R\u00e0dio\u2019. El testimonio de Vanesa fue el \u00faltimo de una serie de entrevistas que el programa matutino llev\u00f3 a cabo a lo largo [&hellip;]<\/p>\n","protected":false},"author":1,"featured_media":3005,"comment_status":"open","ping_status":"open","sticky":false,"template":"","format":"standard","meta":{"_acf_changed":false,"_et_pb_use_builder":"","_et_pb_old_content":"","_et_gb_content_width":"","inline_featured_image":false,"footnotes":""},"categories":[125],"tags":[],"seus":[19,160],"eixos":[107],"class_list":{"0":"post-4255","1":"post","2":"type-post","3":"status-publish","4":"format-standard","5":"has-post-thumbnail","6":"hentry","7":"category-noticias","8":"seus-santa-coloma-de-gramenet","10":"eixos-pequena-infancia"},"acf":[],"yoast_head":"<!-- This site is optimized with the Yoast SEO plugin v27.4 - https:\/\/yoast.com\/product\/yoast-seo-wordpress\/ -->\n<title>Pobreza energ\u00e9tica: el testimonio de Vanesa Pons, participante del Casal dels Infants, en Catalunya R\u00e0dio<\/title>\n<meta name=\"description\" content=\"Una madre participante del Casal dels Infants Santa Coloma comparti\u00f3 su testimonio como afectada por la pobreza energ\u00e9tica en el programa El mat\u00ed de Catalunya R\u00e0dio. La pobreza energ\u00e9tica se manifiesta de diversas maneras, como en la capacidad de mantener la casa en una temperatura adecuada o las deudas en el pago de suministros b\u00e1sicos.\" \/>\n<meta name=\"robots\" content=\"index, follow, max-snippet:-1, max-image-preview:large, max-video-preview:-1\" \/>\n<link rel=\"canonical\" href=\"https:\/\/www.casaldelsinfants.org\/es\/actualidad\/pobreza-energetica-testimonio-vanesa-pons-participante-casal\/\" \/>\n<meta property=\"og:locale\" content=\"es_ES\" \/>\n<meta property=\"og:type\" content=\"article\" \/>\n<meta property=\"og:title\" content=\"Pobreza energ\u00e9tica: el testimonio de Vanesa Pons, participante del Casal dels Infants, en Catalunya R\u00e0dio\" \/>\n<meta property=\"og:description\" content=\"Una madre participante del Casal dels Infants Santa Coloma comparti\u00f3 su testimonio como afectada por la pobreza energ\u00e9tica en el programa El mat\u00ed de Catalunya R\u00e0dio. La pobreza energ\u00e9tica se manifiesta de diversas maneras, como en la capacidad de mantener la casa en una temperatura adecuada o las deudas en el pago de suministros b\u00e1sicos.\" \/>\n<meta property=\"og:url\" content=\"https:\/\/www.casaldelsinfants.org\/es\/actualidad\/pobreza-energetica-testimonio-vanesa-pons-participante-casal\/\" \/>\n<meta property=\"og:site_name\" content=\"Casal dels Infants\" \/>\n<meta property=\"article:publisher\" content=\"https:\/\/www.facebook.com\/casalinfants\" \/>\n<meta property=\"article:published_time\" content=\"2021-12-15T13:34:57+00:00\" \/>\n<meta property=\"article:modified_time\" content=\"2023-05-01T15:43:02+00:00\" \/>\n<meta property=\"og:image\" content=\"https:\/\/www.casaldelsinfants.org\/wp-content\/uploads\/vanessa_2.png\" \/>\n\t<meta property=\"og:image:width\" content=\"582\" \/>\n\t<meta property=\"og:image:height\" content=\"510\" \/>\n\t<meta property=\"og:image:type\" content=\"image\/png\" \/>\n<meta name=\"author\" content=\"cdiAdmin\" \/>\n<meta name=\"twitter:card\" content=\"summary_large_image\" \/>\n<meta name=\"twitter:creator\" content=\"@casalinfants\" \/>\n<meta name=\"twitter:site\" content=\"@casalinfants\" \/>\n<meta name=\"twitter:label1\" content=\"Escrito por\" \/>\n\t<meta name=\"twitter:data1\" content=\"cdiAdmin\" \/>\n\t<meta name=\"twitter:label2\" content=\"Tiempo de lectura\" \/>\n\t<meta name=\"twitter:data2\" content=\"3 minutos\" \/>\n<script type=\"application\/ld+json\" class=\"yoast-schema-graph\">{\"@context\":\"https:\\\/\\\/schema.org\",\"@graph\":[{\"@type\":\"Article\",\"@id\":\"https:\\\/\\\/www.casaldelsinfants.org\\\/es\\\/actualidad\\\/pobreza-energetica-testimonio-vanesa-pons-participante-casal\\\/#article\",\"isPartOf\":{\"@id\":\"https:\\\/\\\/www.casaldelsinfants.org\\\/es\\\/actualidad\\\/pobreza-energetica-testimonio-vanesa-pons-participante-casal\\\/\"},\"author\":{\"name\":\"cdiAdmin\",\"@id\":\"https:\\\/\\\/www.casaldelsinfants.org\\\/es\\\/#\\\/schema\\\/person\\\/97707fc8c64900cf36891127dbf9fba8\"},\"headline\":\"Pobreza energ\u00e9tica: el testimonio de Vanesa Pons, participante del Casal dels Infants, en Catalunya R\u00e0dio\",\"datePublished\":\"2021-12-15T13:34:57+00:00\",\"dateModified\":\"2023-05-01T15:43:02+00:00\",\"mainEntityOfPage\":{\"@id\":\"https:\\\/\\\/www.casaldelsinfants.org\\\/es\\\/actualidad\\\/pobreza-energetica-testimonio-vanesa-pons-participante-casal\\\/\"},\"wordCount\":588,\"commentCount\":0,\"publisher\":{\"@id\":\"https:\\\/\\\/www.casaldelsinfants.org\\\/es\\\/#organization\"},\"image\":{\"@id\":\"https:\\\/\\\/www.casaldelsinfants.org\\\/es\\\/actualidad\\\/pobreza-energetica-testimonio-vanesa-pons-participante-casal\\\/#primaryimage\"},\"thumbnailUrl\":\"https:\\\/\\\/www.casaldelsinfants.org\\\/wp-content\\\/uploads\\\/vanessa_2.png\",\"articleSection\":[\"Noticia\"],\"inLanguage\":\"es\",\"potentialAction\":[{\"@type\":\"CommentAction\",\"name\":\"Comment\",\"target\":[\"https:\\\/\\\/www.casaldelsinfants.org\\\/es\\\/actualidad\\\/pobreza-energetica-testimonio-vanesa-pons-participante-casal\\\/#respond\"]}]},{\"@type\":\"WebPage\",\"@id\":\"https:\\\/\\\/www.casaldelsinfants.org\\\/es\\\/actualidad\\\/pobreza-energetica-testimonio-vanesa-pons-participante-casal\\\/\",\"url\":\"https:\\\/\\\/www.casaldelsinfants.org\\\/es\\\/actualidad\\\/pobreza-energetica-testimonio-vanesa-pons-participante-casal\\\/\",\"name\":\"Pobreza energ\u00e9tica: el testimonio de Vanesa Pons, participante del Casal dels Infants, en Catalunya R\u00e0dio\",\"isPartOf\":{\"@id\":\"https:\\\/\\\/www.casaldelsinfants.org\\\/es\\\/#website\"},\"primaryImageOfPage\":{\"@id\":\"https:\\\/\\\/www.casaldelsinfants.org\\\/es\\\/actualidad\\\/pobreza-energetica-testimonio-vanesa-pons-participante-casal\\\/#primaryimage\"},\"image\":{\"@id\":\"https:\\\/\\\/www.casaldelsinfants.org\\\/es\\\/actualidad\\\/pobreza-energetica-testimonio-vanesa-pons-participante-casal\\\/#primaryimage\"},\"thumbnailUrl\":\"https:\\\/\\\/www.casaldelsinfants.org\\\/wp-content\\\/uploads\\\/vanessa_2.png\",\"datePublished\":\"2021-12-15T13:34:57+00:00\",\"dateModified\":\"2023-05-01T15:43:02+00:00\",\"description\":\"Una madre participante del Casal dels Infants Santa Coloma comparti\u00f3 su testimonio como afectada por la pobreza energ\u00e9tica en el programa El mat\u00ed de Catalunya R\u00e0dio. La pobreza energ\u00e9tica se manifiesta de diversas maneras, como en la capacidad de mantener la casa en una temperatura adecuada o las deudas en el pago de suministros b\u00e1sicos.\",\"breadcrumb\":{\"@id\":\"https:\\\/\\\/www.casaldelsinfants.org\\\/es\\\/actualidad\\\/pobreza-energetica-testimonio-vanesa-pons-participante-casal\\\/#breadcrumb\"},\"inLanguage\":\"es\",\"potentialAction\":[{\"@type\":\"ReadAction\",\"target\":[\"https:\\\/\\\/www.casaldelsinfants.org\\\/es\\\/actualidad\\\/pobreza-energetica-testimonio-vanesa-pons-participante-casal\\\/\"]}]},{\"@type\":\"ImageObject\",\"inLanguage\":\"es\",\"@id\":\"https:\\\/\\\/www.casaldelsinfants.org\\\/es\\\/actualidad\\\/pobreza-energetica-testimonio-vanesa-pons-participante-casal\\\/#primaryimage\",\"url\":\"https:\\\/\\\/www.casaldelsinfants.org\\\/wp-content\\\/uploads\\\/vanessa_2.png\",\"contentUrl\":\"https:\\\/\\\/www.casaldelsinfants.org\\\/wp-content\\\/uploads\\\/vanessa_2.png\",\"width\":582,\"height\":510,\"caption\":\"Vanesa Pons, participant del Casal dels Infants parlant a Catalunya R\u00e0dio\"},{\"@type\":\"BreadcrumbList\",\"@id\":\"https:\\\/\\\/www.casaldelsinfants.org\\\/es\\\/actualidad\\\/pobreza-energetica-testimonio-vanesa-pons-participante-casal\\\/#breadcrumb\",\"itemListElement\":[{\"@type\":\"ListItem\",\"position\":1,\"name\":\"Inici\",\"item\":\"https:\\\/\\\/www.casaldelsinfants.org\\\/es\\\/\"},{\"@type\":\"ListItem\",\"position\":2,\"name\":\"Pobreza energ\u00e9tica: el testimonio de Vanesa Pons, participante del Casal dels Infants, en Catalunya R\u00e0dio\"}]},{\"@type\":\"WebSite\",\"@id\":\"https:\\\/\\\/www.casaldelsinfants.org\\\/es\\\/#website\",\"url\":\"https:\\\/\\\/www.casaldelsinfants.org\\\/es\\\/\",\"name\":\"Casal dels Infants\",\"description\":\"\",\"publisher\":{\"@id\":\"https:\\\/\\\/www.casaldelsinfants.org\\\/es\\\/#organization\"},\"potentialAction\":[{\"@type\":\"SearchAction\",\"target\":{\"@type\":\"EntryPoint\",\"urlTemplate\":\"https:\\\/\\\/www.casaldelsinfants.org\\\/es\\\/?s={search_term_string}\"},\"query-input\":{\"@type\":\"PropertyValueSpecification\",\"valueRequired\":true,\"valueName\":\"search_term_string\"}}],\"inLanguage\":\"es\"},{\"@type\":\"Organization\",\"@id\":\"https:\\\/\\\/www.casaldelsinfants.org\\\/es\\\/#organization\",\"name\":\"Casal dels Infants\",\"url\":\"https:\\\/\\\/www.casaldelsinfants.org\\\/es\\\/\",\"logo\":{\"@type\":\"ImageObject\",\"inLanguage\":\"es\",\"@id\":\"https:\\\/\\\/www.casaldelsinfants.org\\\/es\\\/#\\\/schema\\\/logo\\\/image\\\/\",\"url\":\"https:\\\/\\\/www.casaldelsinfants.org\\\/wp-content\\\/uploads\\\/logo-mail.png\",\"contentUrl\":\"https:\\\/\\\/www.casaldelsinfants.org\\\/wp-content\\\/uploads\\\/logo-mail.png\",\"width\":380,\"height\":158,\"caption\":\"Casal dels Infants\"},\"image\":{\"@id\":\"https:\\\/\\\/www.casaldelsinfants.org\\\/es\\\/#\\\/schema\\\/logo\\\/image\\\/\"},\"sameAs\":[\"https:\\\/\\\/www.facebook.com\\\/casalinfants\",\"https:\\\/\\\/x.com\\\/casalinfants\",\"https:\\\/\\\/www.youtube.com\\\/user\\\/CasaldelsInfants1\",\"https:\\\/\\\/www.instagram.com\\\/casalinfants\\\/\",\"https:\\\/\\\/www.linkedin.com\\\/company\\\/casaldelsinfants?trk=organization-update_share-update_actor-text\"]},{\"@type\":\"Person\",\"@id\":\"https:\\\/\\\/www.casaldelsinfants.org\\\/es\\\/#\\\/schema\\\/person\\\/97707fc8c64900cf36891127dbf9fba8\",\"name\":\"cdiAdmin\",\"sameAs\":[\"https:\\\/\\\/casaldelsinfants.org\"]}]}<\/script>\n<!-- \/ Yoast SEO plugin. -->","yoast_head_json":{"title":"Pobreza energ\u00e9tica: el testimonio de Vanesa Pons, participante del Casal dels Infants, en Catalunya R\u00e0dio","description":"Una madre participante del Casal dels Infants Santa Coloma comparti\u00f3 su testimonio como afectada por la pobreza energ\u00e9tica en el programa El mat\u00ed de Catalunya R\u00e0dio. La pobreza energ\u00e9tica se manifiesta de diversas maneras, como en la capacidad de mantener la casa en una temperatura adecuada o las deudas en el pago de suministros b\u00e1sicos.","robots":{"index":"index","follow":"follow","max-snippet":"max-snippet:-1","max-image-preview":"max-image-preview:large","max-video-preview":"max-video-preview:-1"},"canonical":"https:\/\/www.casaldelsinfants.org\/es\/actualidad\/pobreza-energetica-testimonio-vanesa-pons-participante-casal\/","og_locale":"es_ES","og_type":"article","og_title":"Pobreza energ\u00e9tica: el testimonio de Vanesa Pons, participante del Casal dels Infants, en Catalunya R\u00e0dio","og_description":"Una madre participante del Casal dels Infants Santa Coloma comparti\u00f3 su testimonio como afectada por la pobreza energ\u00e9tica en el programa El mat\u00ed de Catalunya R\u00e0dio. La pobreza energ\u00e9tica se manifiesta de diversas maneras, como en la capacidad de mantener la casa en una temperatura adecuada o las deudas en el pago de suministros b\u00e1sicos.","og_url":"https:\/\/www.casaldelsinfants.org\/es\/actualidad\/pobreza-energetica-testimonio-vanesa-pons-participante-casal\/","og_site_name":"Casal dels Infants","article_publisher":"https:\/\/www.facebook.com\/casalinfants","article_published_time":"2021-12-15T13:34:57+00:00","article_modified_time":"2023-05-01T15:43:02+00:00","og_image":[{"width":582,"height":510,"url":"https:\/\/www.casaldelsinfants.org\/wp-content\/uploads\/vanessa_2.png","type":"image\/png"}],"author":"cdiAdmin","twitter_card":"summary_large_image","twitter_creator":"@casalinfants","twitter_site":"@casalinfants","twitter_misc":{"Escrito por":"cdiAdmin","Tiempo de lectura":"3 minutos"},"schema":{"@context":"https:\/\/schema.org","@graph":[{"@type":"Article","@id":"https:\/\/www.casaldelsinfants.org\/es\/actualidad\/pobreza-energetica-testimonio-vanesa-pons-participante-casal\/#article","isPartOf":{"@id":"https:\/\/www.casaldelsinfants.org\/es\/actualidad\/pobreza-energetica-testimonio-vanesa-pons-participante-casal\/"},"author":{"name":"cdiAdmin","@id":"https:\/\/www.casaldelsinfants.org\/es\/#\/schema\/person\/97707fc8c64900cf36891127dbf9fba8"},"headline":"Pobreza energ\u00e9tica: el testimonio de Vanesa Pons, participante del Casal dels Infants, en Catalunya R\u00e0dio","datePublished":"2021-12-15T13:34:57+00:00","dateModified":"2023-05-01T15:43:02+00:00","mainEntityOfPage":{"@id":"https:\/\/www.casaldelsinfants.org\/es\/actualidad\/pobreza-energetica-testimonio-vanesa-pons-participante-casal\/"},"wordCount":588,"commentCount":0,"publisher":{"@id":"https:\/\/www.casaldelsinfants.org\/es\/#organization"},"image":{"@id":"https:\/\/www.casaldelsinfants.org\/es\/actualidad\/pobreza-energetica-testimonio-vanesa-pons-participante-casal\/#primaryimage"},"thumbnailUrl":"https:\/\/www.casaldelsinfants.org\/wp-content\/uploads\/vanessa_2.png","articleSection":["Noticia"],"inLanguage":"es","potentialAction":[{"@type":"CommentAction","name":"Comment","target":["https:\/\/www.casaldelsinfants.org\/es\/actualidad\/pobreza-energetica-testimonio-vanesa-pons-participante-casal\/#respond"]}]},{"@type":"WebPage","@id":"https:\/\/www.casaldelsinfants.org\/es\/actualidad\/pobreza-energetica-testimonio-vanesa-pons-participante-casal\/","url":"https:\/\/www.casaldelsinfants.org\/es\/actualidad\/pobreza-energetica-testimonio-vanesa-pons-participante-casal\/","name":"Pobreza energ\u00e9tica: el testimonio de Vanesa Pons, participante del Casal dels Infants, en Catalunya R\u00e0dio","isPartOf":{"@id":"https:\/\/www.casaldelsinfants.org\/es\/#website"},"primaryImageOfPage":{"@id":"https:\/\/www.casaldelsinfants.org\/es\/actualidad\/pobreza-energetica-testimonio-vanesa-pons-participante-casal\/#primaryimage"},"image":{"@id":"https:\/\/www.casaldelsinfants.org\/es\/actualidad\/pobreza-energetica-testimonio-vanesa-pons-participante-casal\/#primaryimage"},"thumbnailUrl":"https:\/\/www.casaldelsinfants.org\/wp-content\/uploads\/vanessa_2.png","datePublished":"2021-12-15T13:34:57+00:00","dateModified":"2023-05-01T15:43:02+00:00","description":"Una madre participante del Casal dels Infants Santa Coloma comparti\u00f3 su testimonio como afectada por la pobreza energ\u00e9tica en el programa El mat\u00ed de Catalunya R\u00e0dio. La pobreza energ\u00e9tica se manifiesta de diversas maneras, como en la capacidad de mantener la casa en una temperatura adecuada o las deudas en el pago de suministros b\u00e1sicos.","breadcrumb":{"@id":"https:\/\/www.casaldelsinfants.org\/es\/actualidad\/pobreza-energetica-testimonio-vanesa-pons-participante-casal\/#breadcrumb"},"inLanguage":"es","potentialAction":[{"@type":"ReadAction","target":["https:\/\/www.casaldelsinfants.org\/es\/actualidad\/pobreza-energetica-testimonio-vanesa-pons-participante-casal\/"]}]},{"@type":"ImageObject","inLanguage":"es","@id":"https:\/\/www.casaldelsinfants.org\/es\/actualidad\/pobreza-energetica-testimonio-vanesa-pons-participante-casal\/#primaryimage","url":"https:\/\/www.casaldelsinfants.org\/wp-content\/uploads\/vanessa_2.png","contentUrl":"https:\/\/www.casaldelsinfants.org\/wp-content\/uploads\/vanessa_2.png","width":582,"height":510,"caption":"Vanesa Pons, participant del Casal dels Infants parlant a Catalunya R\u00e0dio"},{"@type":"BreadcrumbList","@id":"https:\/\/www.casaldelsinfants.org\/es\/actualidad\/pobreza-energetica-testimonio-vanesa-pons-participante-casal\/#breadcrumb","itemListElement":[{"@type":"ListItem","position":1,"name":"Inici","item":"https:\/\/www.casaldelsinfants.org\/es\/"},{"@type":"ListItem","position":2,"name":"Pobreza energ\u00e9tica: el testimonio de Vanesa Pons, participante del Casal dels Infants, en Catalunya R\u00e0dio"}]},{"@type":"WebSite","@id":"https:\/\/www.casaldelsinfants.org\/es\/#website","url":"https:\/\/www.casaldelsinfants.org\/es\/","name":"Casal dels Infants","description":"","publisher":{"@id":"https:\/\/www.casaldelsinfants.org\/es\/#organization"},"potentialAction":[{"@type":"SearchAction","target":{"@type":"EntryPoint","urlTemplate":"https:\/\/www.casaldelsinfants.org\/es\/?s={search_term_string}"},"query-input":{"@type":"PropertyValueSpecification","valueRequired":true,"valueName":"search_term_string"}}],"inLanguage":"es"},{"@type":"Organization","@id":"https:\/\/www.casaldelsinfants.org\/es\/#organization","name":"Casal dels Infants","url":"https:\/\/www.casaldelsinfants.org\/es\/","logo":{"@type":"ImageObject","inLanguage":"es","@id":"https:\/\/www.casaldelsinfants.org\/es\/#\/schema\/logo\/image\/","url":"https:\/\/www.casaldelsinfants.org\/wp-content\/uploads\/logo-mail.png","contentUrl":"https:\/\/www.casaldelsinfants.org\/wp-content\/uploads\/logo-mail.png","width":380,"height":158,"caption":"Casal dels Infants"},"image":{"@id":"https:\/\/www.casaldelsinfants.org\/es\/#\/schema\/logo\/image\/"},"sameAs":["https:\/\/www.facebook.com\/casalinfants","https:\/\/x.com\/casalinfants","https:\/\/www.youtube.com\/user\/CasaldelsInfants1","https:\/\/www.instagram.com\/casalinfants\/","https:\/\/www.linkedin.com\/company\/casaldelsinfants?trk=organization-update_share-update_actor-text"]},{"@type":"Person","@id":"https:\/\/www.casaldelsinfants.org\/es\/#\/schema\/person\/97707fc8c64900cf36891127dbf9fba8","name":"cdiAdmin","sameAs":["https:\/\/casaldelsinfants.org"]}]}},"publishpress_future_action":{"enabled":false,"date":"2026-05-09 10:36:05","action":"change-status","newStatus":"draft","terms":[],"taxonomy":"category","extraData":[]},"publishpress_future_workflow_manual_trigger":{"enabledWorkflows":[]},"_links":{"self":[{"href":"https:\/\/www.casaldelsinfants.org\/es\/wp-json\/wp\/v2\/posts\/4255","targetHints":{"allow":["GET"]}}],"collection":[{"href":"https:\/\/www.casaldelsinfants.org\/es\/wp-json\/wp\/v2\/posts"}],"about":[{"href":"https:\/\/www.casaldelsinfants.org\/es\/wp-json\/wp\/v2\/types\/post"}],"author":[{"embeddable":true,"href":"https:\/\/www.casaldelsinfants.org\/es\/wp-json\/wp\/v2\/users\/1"}],"replies":[{"embeddable":true,"href":"https:\/\/www.casaldelsinfants.org\/es\/wp-json\/wp\/v2\/comments?post=4255"}],"version-history":[{"count":1,"href":"https:\/\/www.casaldelsinfants.org\/es\/wp-json\/wp\/v2\/posts\/4255\/revisions"}],"predecessor-version":[{"id":6238,"href":"https:\/\/www.casaldelsinfants.org\/es\/wp-json\/wp\/v2\/posts\/4255\/revisions\/6238"}],"wp:featuredmedia":[{"embeddable":true,"href":"https:\/\/www.casaldelsinfants.org\/es\/wp-json\/wp\/v2\/media\/3005"}],"wp:attachment":[{"href":"https:\/\/www.casaldelsinfants.org\/es\/wp-json\/wp\/v2\/media?parent=4255"}],"wp:term":[{"taxonomy":"category","embeddable":true,"href":"https:\/\/www.casaldelsinfants.org\/es\/wp-json\/wp\/v2\/categories?post=4255"},{"taxonomy":"post_tag","embeddable":true,"href":"https:\/\/www.casaldelsinfants.org\/es\/wp-json\/wp\/v2\/tags?post=4255"},{"taxonomy":"seus","embeddable":true,"href":"https:\/\/www.casaldelsinfants.org\/es\/wp-json\/wp\/v2\/seus?post=4255"},{"taxonomy":"eixos","embeddable":true,"href":"https:\/\/www.casaldelsinfants.org\/es\/wp-json\/wp\/v2\/eixos?post=4255"}],"curies":[{"name":"wp","href":"https:\/\/api.w.org\/{rel}","templated":true}]}}