{"id":4256,"date":"2021-12-09T14:18:15","date_gmt":"2021-12-09T12:18:15","guid":{"rendered":"https:\/\/casal.puntzero.cat\/noticies\/dues-propostes-artistiques-abans-de-festes-creades-joves-del-casal-dels-infants\/"},"modified":"2023-10-26T12:12:50","modified_gmt":"2023-10-26T10:12:50","slug":"dues-propostes-artistiques-abans-de-festes-creades-joves-del-casal-dels-infants","status":"publish","type":"post","link":"https:\/\/www.casaldelsinfants.org\/es\/actualidad\/dos-propuestas-artisticas-antes-de-fiestas-creadas-por-jovenes-del-casal-dels-infants\/","title":{"rendered":"Dos propuestas art\u00edsticas antes de fiestas creadas por j\u00f3venes del Casal dels Infants"},"content":{"rendered":"<p><span style=\"color: #000000;\">La educaci\u00f3n en el pensamiento cr\u00edtico y su expresi\u00f3n a trav\u00e9s del arte siguen teniendo mucho peso en las actividades de nuestros servicios socioeducativos. Es una herramienta para reivindicar los derechos de los ni\u00f1os, ni\u00f1as, j\u00f3venes y familiar, y para luchar contra las desigualdades. En los pr\u00f3ximos d\u00edas, antes de las fiestas de Navidad, ten\u00e9is dos oportunidades para disfrutar de creaciones de chicos y chicas del Casal: la exposici\u00f3n fotogr\u00e1fica Verdades del Raval, en el Arts Santa M\u00f2nica, y la obra de teatro social Tampoco es para tonto en el teatro El C\u00edrcol de Badalona.<\/span><\/p>\n<p><span style=\"color: #000000;\">Verdades del Raval es el resultado de un proceso de exploraci\u00f3n y autorepresentaci\u00f3n a trav\u00e9s de la fotograf\u00eda anal\u00f3gica. La exposici\u00f3n la han sacado adelante chicos y chicas de nuestro Centro Abierto Adolescente del Raval acompa\u00f1ados por la fot\u00f3grafa Diana Rangel. La muestra recoge sus fotograf\u00edas del barrio, como parte de un taller de la cooperativa cultural La Laberinta, tambi\u00e9n ubicada en el Raval. Se expone <strong><span style=\"background-color: #f1c40f;\">del 9 al 12 de diciembre en el centro interdisciplinario Arts Santa M\u00f2nica<\/span><\/strong>, y se presentar\u00e1 el viernes 10 de diciembre a las 18 h en el mismo centro.<\/span><\/p>\n<blockquote><p><em><u>D\u00f3nde<\/u><br \/>\n<b>Arts Santa M\u00f2nica\u00a0<\/b><br \/>\nLa Rambla, 7, Barcelona<br \/>\nMetro Drassanes<\/em><\/p>\n<p><u>Cuando:<\/u><br \/>\n<b>Del 9 al 12 de diciembre\u00a0(<\/b><strong>11h &#8211; 20:30h)<\/strong><br \/>\nPresentaci\u00f3n el 10 de diciembre a las 18 h<\/p>\n<p>Actividad abierta a todo el mundo, grauita y con aforo limitado<\/p><\/blockquote>\n<p><img decoding=\"async\" class=\"align-center\" src=\"\/wp-content\/uploads\/inline-images\/Verdades%20del%20Raval%20cartell.jpg\" alt=\"Cartell de l'exposici\u00f3 fotogr\u00e0fica Verdades del Raval, creada per nois i noies de Centre Obert Adolescent del Casal dels Infants al barri del Raval\" width=\"480\" height=\"480\" data-entity-type=\"file\" data-entity-uuid=\"2f14bc7d-6a82-4770-865f-572bc71580ab\" data-image-style=\"large\" \/><\/p>\n<p><span style=\"color: #000000;\"><strong><em>Tampoco es para tanto<\/em><\/strong>\u00a0es una obra de teatro foro creada y representada por participantes del Casal Jove la Betsaida del Casal dels Infants de Badalona. El gui\u00f3n lo trabajaron las chicas del grupo de teatro, a partir de situaciones de violencias machistas que hab\u00edan vivido en su d\u00eda a d\u00eda. Como en toda obra de teatro foro, el p\u00fablico tiene la oportunidad de intervenir, rehacer escenas y cambiar el final de la obra, que ya se represent\u00f3 el a\u00f1o pasado en la programaci\u00f3n del 8 de marzo del barrio de Llefi\u00e0, en la Parr\u00f2quia de Santa Antoni de P\u00e0dua. <span style=\"background-color: #f1c40f;\">Este a\u00f1o se representar\u00e1 en el teatro El C\u00edrcol el s\u00e1badao 18 de diciembre a las 12 h.<\/span> La entrada es libre con inscripci\u00f3n previa (inscribiros aqu\u00ed) y con taquilla inversa (el espectador podr\u00e1 realizar el donativo que crea adecuado al finalizar la funci\u00f3n).<\/span><\/p>\n<blockquote><p><em><u>D\u00f3nde<\/u><br \/>\n<b>Teatre El C\u00edrcol<\/b><br \/>\nCarrer Sant Anastasi, 2, Badalona<br \/>\nMetro Badalona Pompeu Fabra<\/em><\/p>\n<p><u>Cu\u00e1ndo:<\/u><br \/>\n<b>S\u00e1bado 18 de diciembre\u00a0(12:00 h)<\/b><br \/>\nApertura de puertas: 11:40<\/p><\/blockquote>\n<p><img decoding=\"async\" class=\"align-center\" src=\"\/wp-content\/uploads\/inline-images\/NO%20ES%20PARA%20TANTO%202021_page-0001.jpg\" alt=\"Cartell de l'obra Tampoco es para tanto, creada per participants del Casal Jove la Betsaida del Casal dels Infants de Badalona\" width=\"339\" height=\"480\" data-entity-type=\"file\" data-entity-uuid=\"59db355e-eed0-4e0b-98d2-3267b76b602d\" data-image-style=\"large\" \/><\/p>\n<blockquote><p><strong>Fes possible que seguim fes costat a adolescents i joves en situaci\u00f3 de vulnerabilitat<\/strong><\/p>\n<p>Fes <strong>voluntariat<\/strong>. Informa-te&#8217;n <a href=\"https:\/\/www.casaldelsinfants.org\/que-pots-fer-tu\/voluntariat\/\"><u>aqu\u00ed<\/u><\/a>.<\/p>\n<p>Fes un <strong>donatiu<\/strong> <a href=\"https:\/\/www.casaldelsinfants.org\/dona-ara\/\"><u>aqu\u00ed<\/u><\/a>.<\/p><\/blockquote>\n","protected":false},"excerpt":{"rendered":"<p>La educaci\u00f3n en el pensamiento cr\u00edtico y su expresi\u00f3n a trav\u00e9s del arte siguen teniendo mucho peso en las actividades de nuestros servicios socioeducativos. Es una herramienta para reivindicar los derechos de los ni\u00f1os, ni\u00f1as, j\u00f3venes y familiar, y para luchar contra las desigualdades. En los pr\u00f3ximos d\u00edas, antes de las fiestas de Navidad, ten\u00e9is [&hellip;]<\/p>\n","protected":false},"author":1,"featured_media":3008,"comment_status":"open","ping_status":"open","sticky":false,"template":"","format":"standard","meta":{"_acf_changed":false,"_et_pb_use_builder":"","_et_pb_old_content":"","_et_gb_content_width":"","inline_featured_image":false,"footnotes":""},"categories":[125],"tags":[],"seus":[],"eixos":[102],"class_list":["post-4256","post","type-post","status-publish","format-standard","has-post-thumbnail","hentry","category-noticias","eixos-jovenes"],"acf":[],"yoast_head":"<!-- This site is optimized with the Yoast SEO plugin v27.4 - https:\/\/yoast.com\/product\/yoast-seo-wordpress\/ -->\n<title>Dos propuestas art\u00edsticas antes de fiestas creadas por j\u00f3venes del Casal dels Infants<\/title>\n<meta name=\"description\" content=\"En la exposici\u00f3n fotogr\u00e1fica Verdades del Raval y la obra de teatro foro Tampoco es para tanto, adolescentes y j\u00f3venes del Casal dels Infants reflexionan sobre el barrio donde viven y las violencias machistas.\" \/>\n<meta name=\"robots\" content=\"index, follow, max-snippet:-1, max-image-preview:large, max-video-preview:-1\" \/>\n<link rel=\"canonical\" href=\"https:\/\/www.casaldelsinfants.org\/es\/actualidad\/dos-propuestas-artisticas-antes-de-fiestas-creadas-por-jovenes-del-casal-dels-infants\/\" \/>\n<meta property=\"og:locale\" content=\"es_ES\" \/>\n<meta property=\"og:type\" content=\"article\" \/>\n<meta property=\"og:title\" content=\"Dos propuestas art\u00edsticas antes de fiestas creadas por j\u00f3venes del Casal dels Infants\" \/>\n<meta property=\"og:description\" content=\"En la exposici\u00f3n fotogr\u00e1fica Verdades del Raval y la obra de teatro foro Tampoco es para tanto, adolescentes y j\u00f3venes del Casal dels Infants reflexionan sobre el barrio donde viven y las violencias machistas.\" \/>\n<meta property=\"og:url\" content=\"https:\/\/www.casaldelsinfants.org\/es\/actualidad\/dos-propuestas-artisticas-antes-de-fiestas-creadas-por-jovenes-del-casal-dels-infants\/\" \/>\n<meta property=\"og:site_name\" content=\"Casal dels Infants\" \/>\n<meta property=\"article:publisher\" content=\"https:\/\/www.facebook.com\/casalinfants\" \/>\n<meta property=\"article:published_time\" content=\"2021-12-09T12:18:15+00:00\" \/>\n<meta property=\"article:modified_time\" content=\"2023-10-26T10:12:50+00:00\" \/>\n<meta property=\"og:image\" content=\"https:\/\/www.casaldelsinfants.org\/wp-content\/uploads\/tampoco_es_para_tanto_casal_dels_infants_casal_jove_la_betsaida.jpg\" \/>\n\t<meta property=\"og:image:width\" content=\"1280\" \/>\n\t<meta property=\"og:image:height\" content=\"720\" \/>\n\t<meta property=\"og:image:type\" content=\"image\/jpeg\" \/>\n<meta name=\"author\" content=\"cdiAdmin\" \/>\n<meta name=\"twitter:card\" content=\"summary_large_image\" \/>\n<meta name=\"twitter:creator\" content=\"@casalinfants\" \/>\n<meta name=\"twitter:site\" content=\"@casalinfants\" \/>\n<meta name=\"twitter:label1\" content=\"Escrito por\" \/>\n\t<meta name=\"twitter:data1\" content=\"cdiAdmin\" \/>\n\t<meta name=\"twitter:label2\" content=\"Tiempo de lectura\" \/>\n\t<meta name=\"twitter:data2\" content=\"3 minutos\" \/>\n<script type=\"application\/ld+json\" class=\"yoast-schema-graph\">{\"@context\":\"https:\\\/\\\/schema.org\",\"@graph\":[{\"@type\":\"Article\",\"@id\":\"https:\\\/\\\/www.casaldelsinfants.org\\\/es\\\/actualidad\\\/dos-propuestas-artisticas-antes-de-fiestas-creadas-por-jovenes-del-casal-dels-infants\\\/#article\",\"isPartOf\":{\"@id\":\"https:\\\/\\\/www.casaldelsinfants.org\\\/es\\\/actualidad\\\/dos-propuestas-artisticas-antes-de-fiestas-creadas-por-jovenes-del-casal-dels-infants\\\/\"},\"author\":{\"name\":\"cdiAdmin\",\"@id\":\"https:\\\/\\\/www.casaldelsinfants.org\\\/es\\\/#\\\/schema\\\/person\\\/97707fc8c64900cf36891127dbf9fba8\"},\"headline\":\"Dos propuestas art\u00edsticas antes de fiestas creadas por j\u00f3venes del Casal dels Infants\",\"datePublished\":\"2021-12-09T12:18:15+00:00\",\"dateModified\":\"2023-10-26T10:12:50+00:00\",\"mainEntityOfPage\":{\"@id\":\"https:\\\/\\\/www.casaldelsinfants.org\\\/es\\\/actualidad\\\/dos-propuestas-artisticas-antes-de-fiestas-creadas-por-jovenes-del-casal-dels-infants\\\/\"},\"wordCount\":466,\"commentCount\":0,\"publisher\":{\"@id\":\"https:\\\/\\\/www.casaldelsinfants.org\\\/es\\\/#organization\"},\"image\":{\"@id\":\"https:\\\/\\\/www.casaldelsinfants.org\\\/es\\\/actualidad\\\/dos-propuestas-artisticas-antes-de-fiestas-creadas-por-jovenes-del-casal-dels-infants\\\/#primaryimage\"},\"thumbnailUrl\":\"https:\\\/\\\/www.casaldelsinfants.org\\\/wp-content\\\/uploads\\\/tampoco_es_para_tanto_casal_dels_infants_casal_jove_la_betsaida.jpg\",\"articleSection\":[\"Noticia\"],\"inLanguage\":\"es\",\"potentialAction\":[{\"@type\":\"CommentAction\",\"name\":\"Comment\",\"target\":[\"https:\\\/\\\/www.casaldelsinfants.org\\\/es\\\/actualidad\\\/dos-propuestas-artisticas-antes-de-fiestas-creadas-por-jovenes-del-casal-dels-infants\\\/#respond\"]}]},{\"@type\":\"WebPage\",\"@id\":\"https:\\\/\\\/www.casaldelsinfants.org\\\/es\\\/actualidad\\\/dos-propuestas-artisticas-antes-de-fiestas-creadas-por-jovenes-del-casal-dels-infants\\\/\",\"url\":\"https:\\\/\\\/www.casaldelsinfants.org\\\/es\\\/actualidad\\\/dos-propuestas-artisticas-antes-de-fiestas-creadas-por-jovenes-del-casal-dels-infants\\\/\",\"name\":\"Dos propuestas art\u00edsticas antes de fiestas creadas por j\u00f3venes del Casal dels Infants\",\"isPartOf\":{\"@id\":\"https:\\\/\\\/www.casaldelsinfants.org\\\/es\\\/#website\"},\"primaryImageOfPage\":{\"@id\":\"https:\\\/\\\/www.casaldelsinfants.org\\\/es\\\/actualidad\\\/dos-propuestas-artisticas-antes-de-fiestas-creadas-por-jovenes-del-casal-dels-infants\\\/#primaryimage\"},\"image\":{\"@id\":\"https:\\\/\\\/www.casaldelsinfants.org\\\/es\\\/actualidad\\\/dos-propuestas-artisticas-antes-de-fiestas-creadas-por-jovenes-del-casal-dels-infants\\\/#primaryimage\"},\"thumbnailUrl\":\"https:\\\/\\\/www.casaldelsinfants.org\\\/wp-content\\\/uploads\\\/tampoco_es_para_tanto_casal_dels_infants_casal_jove_la_betsaida.jpg\",\"datePublished\":\"2021-12-09T12:18:15+00:00\",\"dateModified\":\"2023-10-26T10:12:50+00:00\",\"description\":\"En la exposici\u00f3n fotogr\u00e1fica Verdades del Raval y la obra de teatro foro Tampoco es para tanto, adolescentes y j\u00f3venes del Casal dels Infants reflexionan sobre el barrio donde viven y las violencias machistas.\",\"breadcrumb\":{\"@id\":\"https:\\\/\\\/www.casaldelsinfants.org\\\/es\\\/actualidad\\\/dos-propuestas-artisticas-antes-de-fiestas-creadas-por-jovenes-del-casal-dels-infants\\\/#breadcrumb\"},\"inLanguage\":\"es\",\"potentialAction\":[{\"@type\":\"ReadAction\",\"target\":[\"https:\\\/\\\/www.casaldelsinfants.org\\\/es\\\/actualidad\\\/dos-propuestas-artisticas-antes-de-fiestas-creadas-por-jovenes-del-casal-dels-infants\\\/\"]}]},{\"@type\":\"ImageObject\",\"inLanguage\":\"es\",\"@id\":\"https:\\\/\\\/www.casaldelsinfants.org\\\/es\\\/actualidad\\\/dos-propuestas-artisticas-antes-de-fiestas-creadas-por-jovenes-del-casal-dels-infants\\\/#primaryimage\",\"url\":\"https:\\\/\\\/www.casaldelsinfants.org\\\/wp-content\\\/uploads\\\/tampoco_es_para_tanto_casal_dels_infants_casal_jove_la_betsaida.jpg\",\"contentUrl\":\"https:\\\/\\\/www.casaldelsinfants.org\\\/wp-content\\\/uploads\\\/tampoco_es_para_tanto_casal_dels_infants_casal_jove_la_betsaida.jpg\",\"width\":1280,\"height\":720,\"caption\":\"noia caminant d'esquenes per Llefi\u00e0\"},{\"@type\":\"BreadcrumbList\",\"@id\":\"https:\\\/\\\/www.casaldelsinfants.org\\\/es\\\/actualidad\\\/dos-propuestas-artisticas-antes-de-fiestas-creadas-por-jovenes-del-casal-dels-infants\\\/#breadcrumb\",\"itemListElement\":[{\"@type\":\"ListItem\",\"position\":1,\"name\":\"Inici\",\"item\":\"https:\\\/\\\/www.casaldelsinfants.org\\\/es\\\/\"},{\"@type\":\"ListItem\",\"position\":2,\"name\":\"Dos propuestas art\u00edsticas antes de fiestas creadas por j\u00f3venes del Casal dels Infants\"}]},{\"@type\":\"WebSite\",\"@id\":\"https:\\\/\\\/www.casaldelsinfants.org\\\/es\\\/#website\",\"url\":\"https:\\\/\\\/www.casaldelsinfants.org\\\/es\\\/\",\"name\":\"Casal dels Infants\",\"description\":\"\",\"publisher\":{\"@id\":\"https:\\\/\\\/www.casaldelsinfants.org\\\/es\\\/#organization\"},\"potentialAction\":[{\"@type\":\"SearchAction\",\"target\":{\"@type\":\"EntryPoint\",\"urlTemplate\":\"https:\\\/\\\/www.casaldelsinfants.org\\\/es\\\/?s={search_term_string}\"},\"query-input\":{\"@type\":\"PropertyValueSpecification\",\"valueRequired\":true,\"valueName\":\"search_term_string\"}}],\"inLanguage\":\"es\"},{\"@type\":\"Organization\",\"@id\":\"https:\\\/\\\/www.casaldelsinfants.org\\\/es\\\/#organization\",\"name\":\"Casal dels Infants\",\"url\":\"https:\\\/\\\/www.casaldelsinfants.org\\\/es\\\/\",\"logo\":{\"@type\":\"ImageObject\",\"inLanguage\":\"es\",\"@id\":\"https:\\\/\\\/www.casaldelsinfants.org\\\/es\\\/#\\\/schema\\\/logo\\\/image\\\/\",\"url\":\"https:\\\/\\\/www.casaldelsinfants.org\\\/wp-content\\\/uploads\\\/logo-mail.png\",\"contentUrl\":\"https:\\\/\\\/www.casaldelsinfants.org\\\/wp-content\\\/uploads\\\/logo-mail.png\",\"width\":380,\"height\":158,\"caption\":\"Casal dels Infants\"},\"image\":{\"@id\":\"https:\\\/\\\/www.casaldelsinfants.org\\\/es\\\/#\\\/schema\\\/logo\\\/image\\\/\"},\"sameAs\":[\"https:\\\/\\\/www.facebook.com\\\/casalinfants\",\"https:\\\/\\\/x.com\\\/casalinfants\",\"https:\\\/\\\/www.youtube.com\\\/user\\\/CasaldelsInfants1\",\"https:\\\/\\\/www.instagram.com\\\/casalinfants\\\/\",\"https:\\\/\\\/www.linkedin.com\\\/company\\\/casaldelsinfants?trk=organization-update_share-update_actor-text\"]},{\"@type\":\"Person\",\"@id\":\"https:\\\/\\\/www.casaldelsinfants.org\\\/es\\\/#\\\/schema\\\/person\\\/97707fc8c64900cf36891127dbf9fba8\",\"name\":\"cdiAdmin\",\"sameAs\":[\"https:\\\/\\\/casaldelsinfants.org\"]}]}<\/script>\n<!-- \/ Yoast SEO plugin. -->","yoast_head_json":{"title":"Dos propuestas art\u00edsticas antes de fiestas creadas por j\u00f3venes del Casal dels Infants","description":"En la exposici\u00f3n fotogr\u00e1fica Verdades del Raval y la obra de teatro foro Tampoco es para tanto, adolescentes y j\u00f3venes del Casal dels Infants reflexionan sobre el barrio donde viven y las violencias machistas.","robots":{"index":"index","follow":"follow","max-snippet":"max-snippet:-1","max-image-preview":"max-image-preview:large","max-video-preview":"max-video-preview:-1"},"canonical":"https:\/\/www.casaldelsinfants.org\/es\/actualidad\/dos-propuestas-artisticas-antes-de-fiestas-creadas-por-jovenes-del-casal-dels-infants\/","og_locale":"es_ES","og_type":"article","og_title":"Dos propuestas art\u00edsticas antes de fiestas creadas por j\u00f3venes del Casal dels Infants","og_description":"En la exposici\u00f3n fotogr\u00e1fica Verdades del Raval y la obra de teatro foro Tampoco es para tanto, adolescentes y j\u00f3venes del Casal dels Infants reflexionan sobre el barrio donde viven y las violencias machistas.","og_url":"https:\/\/www.casaldelsinfants.org\/es\/actualidad\/dos-propuestas-artisticas-antes-de-fiestas-creadas-por-jovenes-del-casal-dels-infants\/","og_site_name":"Casal dels Infants","article_publisher":"https:\/\/www.facebook.com\/casalinfants","article_published_time":"2021-12-09T12:18:15+00:00","article_modified_time":"2023-10-26T10:12:50+00:00","og_image":[{"width":1280,"height":720,"url":"https:\/\/www.casaldelsinfants.org\/wp-content\/uploads\/tampoco_es_para_tanto_casal_dels_infants_casal_jove_la_betsaida.jpg","type":"image\/jpeg"}],"author":"cdiAdmin","twitter_card":"summary_large_image","twitter_creator":"@casalinfants","twitter_site":"@casalinfants","twitter_misc":{"Escrito por":"cdiAdmin","Tiempo de lectura":"3 minutos"},"schema":{"@context":"https:\/\/schema.org","@graph":[{"@type":"Article","@id":"https:\/\/www.casaldelsinfants.org\/es\/actualidad\/dos-propuestas-artisticas-antes-de-fiestas-creadas-por-jovenes-del-casal-dels-infants\/#article","isPartOf":{"@id":"https:\/\/www.casaldelsinfants.org\/es\/actualidad\/dos-propuestas-artisticas-antes-de-fiestas-creadas-por-jovenes-del-casal-dels-infants\/"},"author":{"name":"cdiAdmin","@id":"https:\/\/www.casaldelsinfants.org\/es\/#\/schema\/person\/97707fc8c64900cf36891127dbf9fba8"},"headline":"Dos propuestas art\u00edsticas antes de fiestas creadas por j\u00f3venes del Casal dels Infants","datePublished":"2021-12-09T12:18:15+00:00","dateModified":"2023-10-26T10:12:50+00:00","mainEntityOfPage":{"@id":"https:\/\/www.casaldelsinfants.org\/es\/actualidad\/dos-propuestas-artisticas-antes-de-fiestas-creadas-por-jovenes-del-casal-dels-infants\/"},"wordCount":466,"commentCount":0,"publisher":{"@id":"https:\/\/www.casaldelsinfants.org\/es\/#organization"},"image":{"@id":"https:\/\/www.casaldelsinfants.org\/es\/actualidad\/dos-propuestas-artisticas-antes-de-fiestas-creadas-por-jovenes-del-casal-dels-infants\/#primaryimage"},"thumbnailUrl":"https:\/\/www.casaldelsinfants.org\/wp-content\/uploads\/tampoco_es_para_tanto_casal_dels_infants_casal_jove_la_betsaida.jpg","articleSection":["Noticia"],"inLanguage":"es","potentialAction":[{"@type":"CommentAction","name":"Comment","target":["https:\/\/www.casaldelsinfants.org\/es\/actualidad\/dos-propuestas-artisticas-antes-de-fiestas-creadas-por-jovenes-del-casal-dels-infants\/#respond"]}]},{"@type":"WebPage","@id":"https:\/\/www.casaldelsinfants.org\/es\/actualidad\/dos-propuestas-artisticas-antes-de-fiestas-creadas-por-jovenes-del-casal-dels-infants\/","url":"https:\/\/www.casaldelsinfants.org\/es\/actualidad\/dos-propuestas-artisticas-antes-de-fiestas-creadas-por-jovenes-del-casal-dels-infants\/","name":"Dos propuestas art\u00edsticas antes de fiestas creadas por j\u00f3venes del Casal dels Infants","isPartOf":{"@id":"https:\/\/www.casaldelsinfants.org\/es\/#website"},"primaryImageOfPage":{"@id":"https:\/\/www.casaldelsinfants.org\/es\/actualidad\/dos-propuestas-artisticas-antes-de-fiestas-creadas-por-jovenes-del-casal-dels-infants\/#primaryimage"},"image":{"@id":"https:\/\/www.casaldelsinfants.org\/es\/actualidad\/dos-propuestas-artisticas-antes-de-fiestas-creadas-por-jovenes-del-casal-dels-infants\/#primaryimage"},"thumbnailUrl":"https:\/\/www.casaldelsinfants.org\/wp-content\/uploads\/tampoco_es_para_tanto_casal_dels_infants_casal_jove_la_betsaida.jpg","datePublished":"2021-12-09T12:18:15+00:00","dateModified":"2023-10-26T10:12:50+00:00","description":"En la exposici\u00f3n fotogr\u00e1fica Verdades del Raval y la obra de teatro foro Tampoco es para tanto, adolescentes y j\u00f3venes del Casal dels Infants reflexionan sobre el barrio donde viven y las violencias machistas.","breadcrumb":{"@id":"https:\/\/www.casaldelsinfants.org\/es\/actualidad\/dos-propuestas-artisticas-antes-de-fiestas-creadas-por-jovenes-del-casal-dels-infants\/#breadcrumb"},"inLanguage":"es","potentialAction":[{"@type":"ReadAction","target":["https:\/\/www.casaldelsinfants.org\/es\/actualidad\/dos-propuestas-artisticas-antes-de-fiestas-creadas-por-jovenes-del-casal-dels-infants\/"]}]},{"@type":"ImageObject","inLanguage":"es","@id":"https:\/\/www.casaldelsinfants.org\/es\/actualidad\/dos-propuestas-artisticas-antes-de-fiestas-creadas-por-jovenes-del-casal-dels-infants\/#primaryimage","url":"https:\/\/www.casaldelsinfants.org\/wp-content\/uploads\/tampoco_es_para_tanto_casal_dels_infants_casal_jove_la_betsaida.jpg","contentUrl":"https:\/\/www.casaldelsinfants.org\/wp-content\/uploads\/tampoco_es_para_tanto_casal_dels_infants_casal_jove_la_betsaida.jpg","width":1280,"height":720,"caption":"noia caminant d'esquenes per Llefi\u00e0"},{"@type":"BreadcrumbList","@id":"https:\/\/www.casaldelsinfants.org\/es\/actualidad\/dos-propuestas-artisticas-antes-de-fiestas-creadas-por-jovenes-del-casal-dels-infants\/#breadcrumb","itemListElement":[{"@type":"ListItem","position":1,"name":"Inici","item":"https:\/\/www.casaldelsinfants.org\/es\/"},{"@type":"ListItem","position":2,"name":"Dos propuestas art\u00edsticas antes de fiestas creadas por j\u00f3venes del Casal dels Infants"}]},{"@type":"WebSite","@id":"https:\/\/www.casaldelsinfants.org\/es\/#website","url":"https:\/\/www.casaldelsinfants.org\/es\/","name":"Casal dels Infants","description":"","publisher":{"@id":"https:\/\/www.casaldelsinfants.org\/es\/#organization"},"potentialAction":[{"@type":"SearchAction","target":{"@type":"EntryPoint","urlTemplate":"https:\/\/www.casaldelsinfants.org\/es\/?s={search_term_string}"},"query-input":{"@type":"PropertyValueSpecification","valueRequired":true,"valueName":"search_term_string"}}],"inLanguage":"es"},{"@type":"Organization","@id":"https:\/\/www.casaldelsinfants.org\/es\/#organization","name":"Casal dels Infants","url":"https:\/\/www.casaldelsinfants.org\/es\/","logo":{"@type":"ImageObject","inLanguage":"es","@id":"https:\/\/www.casaldelsinfants.org\/es\/#\/schema\/logo\/image\/","url":"https:\/\/www.casaldelsinfants.org\/wp-content\/uploads\/logo-mail.png","contentUrl":"https:\/\/www.casaldelsinfants.org\/wp-content\/uploads\/logo-mail.png","width":380,"height":158,"caption":"Casal dels Infants"},"image":{"@id":"https:\/\/www.casaldelsinfants.org\/es\/#\/schema\/logo\/image\/"},"sameAs":["https:\/\/www.facebook.com\/casalinfants","https:\/\/x.com\/casalinfants","https:\/\/www.youtube.com\/user\/CasaldelsInfants1","https:\/\/www.instagram.com\/casalinfants\/","https:\/\/www.linkedin.com\/company\/casaldelsinfants?trk=organization-update_share-update_actor-text"]},{"@type":"Person","@id":"https:\/\/www.casaldelsinfants.org\/es\/#\/schema\/person\/97707fc8c64900cf36891127dbf9fba8","name":"cdiAdmin","sameAs":["https:\/\/casaldelsinfants.org"]}]}},"publishpress_future_action":{"enabled":false,"date":"2026-05-09 07:16:06","action":"change-status","newStatus":"draft","terms":[],"taxonomy":"category","extraData":[]},"publishpress_future_workflow_manual_trigger":{"enabledWorkflows":[]},"_links":{"self":[{"href":"https:\/\/www.casaldelsinfants.org\/es\/wp-json\/wp\/v2\/posts\/4256","targetHints":{"allow":["GET"]}}],"collection":[{"href":"https:\/\/www.casaldelsinfants.org\/es\/wp-json\/wp\/v2\/posts"}],"about":[{"href":"https:\/\/www.casaldelsinfants.org\/es\/wp-json\/wp\/v2\/types\/post"}],"author":[{"embeddable":true,"href":"https:\/\/www.casaldelsinfants.org\/es\/wp-json\/wp\/v2\/users\/1"}],"replies":[{"embeddable":true,"href":"https:\/\/www.casaldelsinfants.org\/es\/wp-json\/wp\/v2\/comments?post=4256"}],"version-history":[{"count":2,"href":"https:\/\/www.casaldelsinfants.org\/es\/wp-json\/wp\/v2\/posts\/4256\/revisions"}],"predecessor-version":[{"id":14934,"href":"https:\/\/www.casaldelsinfants.org\/es\/wp-json\/wp\/v2\/posts\/4256\/revisions\/14934"}],"wp:featuredmedia":[{"embeddable":true,"href":"https:\/\/www.casaldelsinfants.org\/es\/wp-json\/wp\/v2\/media\/3008"}],"wp:attachment":[{"href":"https:\/\/www.casaldelsinfants.org\/es\/wp-json\/wp\/v2\/media?parent=4256"}],"wp:term":[{"taxonomy":"category","embeddable":true,"href":"https:\/\/www.casaldelsinfants.org\/es\/wp-json\/wp\/v2\/categories?post=4256"},{"taxonomy":"post_tag","embeddable":true,"href":"https:\/\/www.casaldelsinfants.org\/es\/wp-json\/wp\/v2\/tags?post=4256"},{"taxonomy":"seus","embeddable":true,"href":"https:\/\/www.casaldelsinfants.org\/es\/wp-json\/wp\/v2\/seus?post=4256"},{"taxonomy":"eixos","embeddable":true,"href":"https:\/\/www.casaldelsinfants.org\/es\/wp-json\/wp\/v2\/eixos?post=4256"}],"curies":[{"name":"wp","href":"https:\/\/api.w.org\/{rel}","templated":true}]}}