{"id":4257,"date":"2021-12-02T12:08:11","date_gmt":"2021-12-02T10:08:11","guid":{"rendered":"https:\/\/casal.puntzero.cat\/noticies\/mes-de-20-empreses-participen-en-la-trobada-de-la-xarxa-dempreses-ciutadanes-del-casal\/"},"modified":"2023-05-01T17:43:17","modified_gmt":"2023-05-01T15:43:17","slug":"mes-de-20-empreses-participen-en-la-trobada-de-la-xarxa-dempreses-ciutadanes-del-casal","status":"publish","type":"post","link":"https:\/\/www.casaldelsinfants.org\/es\/actualidad\/empresas-colaboradoras-en-encuentro-casal-infants\/","title":{"rendered":"M\u00e1s de 20 empresas participan en el Encuentro de Empresas Colaboradoras del Casal dels Infants"},"content":{"rendered":"<div class=\"video-embed-field-responsive-video form-group\"><iframe loading=\"lazy\" width=\"854\" height=\"480\" frameborder=\"0\" allowfullscreen=\"allowfullscreen\" src=\"https:\/\/www.youtube.com\/embed\/nxJW3-u20L4?autoplay=0&amp;start=0&amp;rel=0\"><\/iframe>\n<\/div>\n<p><meta charset=\"utf-8\" \/><\/p>\n<p dir=\"ltr\"><meta charset=\"utf-8\" \/><u><a href=\"https:\/\/www.casaldelsinfants.org\/es\/actualidad\/encuentro-red-empresas-ciudadanas-suma-esfuerzos\/\" target=\"_blank\" rel=\"noopener\">Despu\u00e9s de dos a\u00f1os desde la \u00faltima edici\u00f3n<\/a><\/u><span style=\"color:#000000;\">, este a\u00f1o hemos podido reunir parte de las empresas que colaboran con el Casal dels Infants en el <strong>Encuentro de Empresas Colaboradoras<\/strong> del 2021. El objetivo del encuentro es poner en valor todo lo que aportan las m\u00e1s de 200 empresas que colaboran con el Casal, y que nos permite apoyar a los 6.000 ni\u00f1os, ni\u00f1as, j\u00f3venes y familias que acompa\u00f1amos durante el a\u00f1o.\u00a0<\/span><\/p>\n<p dir=\"ltr\"><span style=\"color:#000000;\">Como en ediciones previas, el Encuentro se celebr\u00f3 en el Hotel Arts de Barcelona, el pasado 26 de noviembre. Asistieron 36 personas representando 24 empresas, que pudieron <strong>escuchar la transformaci\u00f3n social que hacen posible <\/strong>y como ha cambiado la vida de algunos de los j\u00f3venes del Casal dels Infants a ra\u00edz de haber participado en el programa de Formaci\u00f3n e Inserci\u00f3n Laboral del Casal, donde colaboran muchas empresas.\u00a0<\/span><\/p>\n<p dir=\"ltr\"><span style=\"color:#000000;\">El evento empez\u00f3 con la bienvenida del director de Relaciones Ciudadanas del Casal dels Infants, Enric Canet, y el director de Recursos Humanos del Hotel Arts, Jordi Sala. El \u00faltimo present\u00f3 el caso de David, quien a trav\u00e9s del Casal pudo hacer pr\u00e1cticas en el restaurante Enoteca, integrado en el hotel, y donde ahora est\u00e1 trabajando como ayudante de cocina.\u00a0<\/span><\/p>\n<p dir=\"ltr\"><span style=\"color:#000000;\">El Encuentro sigui\u00f3 con las palabras de la directora general del Casal dels Infants, Rosa Balaguer, quien hizo balance de los \u00faltimos meses y repas\u00f3 los retos de la entidad para afrontar las situaciones de vulnerabilidad en la que se encuentran muchas familias participantes del Casal. \u201cNuestro reto para el 2022 es mantener los servicios abiertos para <strong>evitar que la creciente desigualdad comprometa el presente y el futuro de ni\u00f1os, ni\u00f1as y j\u00f3venes<\/strong>\u201d, destac\u00f3. A continuaci\u00f3n, el director de la Fira de Barcelona, Pau Relats, explic\u00f3 la experiencia del recinto en el servicio a la ciudadan\u00eda que ha ofrecido el \u00faltimo a\u00f1o.<\/span><\/p>\n<p dir=\"ltr\"><span style=\"color:#000000;\">Despu\u00e9s fue el turno de las empresas y los j\u00f3venes para explicar el impacto que las colaboraciones entre el Casal y las empresas han tenido en sus vidas. Mohamed y V\u00edctor nos explicaron su experiencia el los cursos de Coaching para preparalos para el mundo laboral de <strong>Quadpack Foundation<\/strong>, Amine comparti\u00f3 su historia de \u00e9xito -entr\u00f3 a hacer pr\u00e1cticas en la escuela de formaci\u00f3n del <strong>Grupo Villa Retiro<\/strong> y ahora est\u00e1 trabajando a la cocina del <\/span><u><a href=\"https:\/\/www.xertarestaurant.com\/chef-fran-lopez\/\" target=\"_blank\" rel=\"noopener\">xef Fran L\u00f3pez<\/a><\/u><span style=\"color:#000000;\">-; y Enya explic\u00f3 como le hab\u00edan ido los \u00faltimos dos meses desde que trabaja en el <strong>Teatre Lliure<\/strong> de Montju\u00efc. \u201cEstoy muy contenta, me han tratado muy bien, tanto profesional como personalmente, y los compa\u00f1eros son muy buenas personas y muy familiares\u201d, concluy\u00f3. Tambi\u00e9n contamos con el testimonio de Magda Kosno, de <strong>Muji<\/strong>, sobre las dos ocasiones en las que han vendido bolsas de tela solidarias dise\u00f1adas por ni\u00f1os y ni\u00f1as participantes del Casal, para el <\/span><u><a href=\"https:\/\/www.casaldelsinfants.org\/es\/actualidad\/muji-reivindica-dia-tierra-con-bolsa-solidaria\/\" target=\"_blank\" rel=\"noopener\">D\u00eda de la Tierra<\/a><\/u><span style=\"color:#000000;\"> y ahora para las fiestas de Navidad.\u00a0<\/span><\/p>\n<p dir=\"ltr\"><span style=\"color:#000000;\">Acabadas las intervenciones, cerramos el Encuentro con un mensaje: queremos continuar trabajando para proteger la infancia en riesgo de exclusi\u00f3n con acompa\u00f1amiento y apoyo, <\/span><u><a href=\"https:\/\/youtu.be\/p1PiIuIUUOM\" target=\"_blank\" rel=\"noopener\">queremos proteger la ilusi\u00f3n<\/a><\/u><span style=\"color:#000000;\">. <strong>Las colaboraciones con las empresas son imprescindibles<\/strong> para poder seguir haci\u00e9ndolo. De nuevo, gracias a las empresas por ayudarnos a garantizar espacios de confianza para miles de ni\u00f1os y ni\u00f1as y sus familias y dar nuevas oportunidades a los y las m\u00e1s j\u00f3venes.\u00a0<\/span><\/p>\n<p>\u00a0<\/p>\n<blockquote>\n<p dir=\"ltr\"><strong><u><a href=\"https:\/\/www.casaldelsinfants.org\/es\/que-puedes-hacer-tu\/haz-un-donativo\/\" target=\"_blank\" rel=\"noopener\">Ay\u00fadanos<\/a><\/u><\/strong> a seguir apoyando ni\u00f1os, ni\u00f1as, j\u00f3venes y sus familias con m\u00e1s obst\u00e1culos para tirar adelante.\u00a0<\/p>\n<\/blockquote>\n","protected":false},"excerpt":{"rendered":"<p>Despu\u00e9s de dos a\u00f1os desde la \u00faltima edici\u00f3n, este a\u00f1o hemos podido reunir parte de las empresas que colaboran con el Casal dels Infants en el Encuentro de Empresas Colaboradoras del 2021. El objetivo del encuentro es poner en valor todo lo que aportan las m\u00e1s de 200 empresas que colaboran con el Casal, y [&hellip;]<\/p>\n","protected":false},"author":1,"featured_media":0,"comment_status":"open","ping_status":"open","sticky":false,"template":"","format":"standard","meta":{"_acf_changed":false,"_et_pb_use_builder":"","_et_pb_old_content":"","_et_gb_content_width":"","inline_featured_image":false,"footnotes":""},"categories":[125],"tags":[],"seus":[],"eixos":[],"class_list":["post-4257","post","type-post","status-publish","format-standard","hentry","category-noticias"],"acf":[],"yoast_head":"<!-- This site is optimized with the Yoast SEO plugin v27.4 - https:\/\/yoast.com\/product\/yoast-seo-wordpress\/ -->\n<title>M\u00e1s de 20 empresas participan en el Encuentro de Empresas Colaboradoras del Casal dels Infants<\/title>\n<meta name=\"description\" content=\"El pasado 26 de noviembre celebramos en el Hotel Arts el Encuentro de Empresas Colaboradoras del Casal dels Infants. Reunimos parte de las empresas que colaboran con el Casal y hacen posible ofrecer apoyo y acompa\u00f1amiento a los 6.000 ni\u00f1os, ni\u00f1as, j\u00f3venes y sus familias que participan en el Casal.\" \/>\n<meta name=\"robots\" content=\"index, follow, max-snippet:-1, max-image-preview:large, max-video-preview:-1\" \/>\n<link rel=\"canonical\" href=\"https:\/\/www.casaldelsinfants.org\/es\/actualidad\/empresas-colaboradoras-en-encuentro-casal-infants\/\" \/>\n<meta property=\"og:locale\" content=\"es_ES\" \/>\n<meta property=\"og:type\" content=\"article\" \/>\n<meta property=\"og:title\" content=\"M\u00e1s de 20 empresas participan en el Encuentro de Empresas Colaboradoras del Casal dels Infants\" \/>\n<meta property=\"og:description\" content=\"El pasado 26 de noviembre celebramos en el Hotel Arts el Encuentro de Empresas Colaboradoras del Casal dels Infants. Reunimos parte de las empresas que colaboran con el Casal y hacen posible ofrecer apoyo y acompa\u00f1amiento a los 6.000 ni\u00f1os, ni\u00f1as, j\u00f3venes y sus familias que participan en el Casal.\" \/>\n<meta property=\"og:url\" content=\"https:\/\/www.casaldelsinfants.org\/es\/actualidad\/empresas-colaboradoras-en-encuentro-casal-infants\/\" \/>\n<meta property=\"og:site_name\" content=\"Casal dels Infants\" \/>\n<meta property=\"article:publisher\" content=\"https:\/\/www.facebook.com\/casalinfants\" \/>\n<meta property=\"article:published_time\" content=\"2021-12-02T10:08:11+00:00\" \/>\n<meta property=\"article:modified_time\" content=\"2023-05-01T15:43:17+00:00\" \/>\n<meta name=\"author\" content=\"cdiAdmin\" \/>\n<meta name=\"twitter:card\" content=\"summary_large_image\" \/>\n<meta name=\"twitter:creator\" content=\"@casalinfants\" \/>\n<meta name=\"twitter:site\" content=\"@casalinfants\" \/>\n<meta name=\"twitter:label1\" content=\"Escrito por\" \/>\n\t<meta name=\"twitter:data1\" content=\"cdiAdmin\" \/>\n\t<meta name=\"twitter:label2\" content=\"Tiempo de lectura\" \/>\n\t<meta name=\"twitter:data2\" content=\"3 minutos\" \/>\n<script type=\"application\/ld+json\" class=\"yoast-schema-graph\">{\"@context\":\"https:\\\/\\\/schema.org\",\"@graph\":[{\"@type\":\"Article\",\"@id\":\"https:\\\/\\\/www.casaldelsinfants.org\\\/es\\\/actualidad\\\/empresas-colaboradoras-en-encuentro-casal-infants\\\/#article\",\"isPartOf\":{\"@id\":\"https:\\\/\\\/www.casaldelsinfants.org\\\/es\\\/actualidad\\\/empresas-colaboradoras-en-encuentro-casal-infants\\\/\"},\"author\":{\"name\":\"cdiAdmin\",\"@id\":\"https:\\\/\\\/www.casaldelsinfants.org\\\/es\\\/#\\\/schema\\\/person\\\/97707fc8c64900cf36891127dbf9fba8\"},\"headline\":\"M\u00e1s de 20 empresas participan en el Encuentro de Empresas Colaboradoras del Casal dels Infants\",\"datePublished\":\"2021-12-02T10:08:11+00:00\",\"dateModified\":\"2023-05-01T15:43:17+00:00\",\"mainEntityOfPage\":{\"@id\":\"https:\\\/\\\/www.casaldelsinfants.org\\\/es\\\/actualidad\\\/empresas-colaboradoras-en-encuentro-casal-infants\\\/\"},\"wordCount\":615,\"commentCount\":0,\"publisher\":{\"@id\":\"https:\\\/\\\/www.casaldelsinfants.org\\\/es\\\/#organization\"},\"articleSection\":[\"Noticia\"],\"inLanguage\":\"es\",\"potentialAction\":[{\"@type\":\"CommentAction\",\"name\":\"Comment\",\"target\":[\"https:\\\/\\\/www.casaldelsinfants.org\\\/es\\\/actualidad\\\/empresas-colaboradoras-en-encuentro-casal-infants\\\/#respond\"]}]},{\"@type\":\"WebPage\",\"@id\":\"https:\\\/\\\/www.casaldelsinfants.org\\\/es\\\/actualidad\\\/empresas-colaboradoras-en-encuentro-casal-infants\\\/\",\"url\":\"https:\\\/\\\/www.casaldelsinfants.org\\\/es\\\/actualidad\\\/empresas-colaboradoras-en-encuentro-casal-infants\\\/\",\"name\":\"M\u00e1s de 20 empresas participan en el Encuentro de Empresas Colaboradoras del Casal dels Infants\",\"isPartOf\":{\"@id\":\"https:\\\/\\\/www.casaldelsinfants.org\\\/es\\\/#website\"},\"datePublished\":\"2021-12-02T10:08:11+00:00\",\"dateModified\":\"2023-05-01T15:43:17+00:00\",\"description\":\"El pasado 26 de noviembre celebramos en el Hotel Arts el Encuentro de Empresas Colaboradoras del Casal dels Infants. Reunimos parte de las empresas que colaboran con el Casal y hacen posible ofrecer apoyo y acompa\u00f1amiento a los 6.000 ni\u00f1os, ni\u00f1as, j\u00f3venes y sus familias que participan en el Casal.\",\"breadcrumb\":{\"@id\":\"https:\\\/\\\/www.casaldelsinfants.org\\\/es\\\/actualidad\\\/empresas-colaboradoras-en-encuentro-casal-infants\\\/#breadcrumb\"},\"inLanguage\":\"es\",\"potentialAction\":[{\"@type\":\"ReadAction\",\"target\":[\"https:\\\/\\\/www.casaldelsinfants.org\\\/es\\\/actualidad\\\/empresas-colaboradoras-en-encuentro-casal-infants\\\/\"]}]},{\"@type\":\"BreadcrumbList\",\"@id\":\"https:\\\/\\\/www.casaldelsinfants.org\\\/es\\\/actualidad\\\/empresas-colaboradoras-en-encuentro-casal-infants\\\/#breadcrumb\",\"itemListElement\":[{\"@type\":\"ListItem\",\"position\":1,\"name\":\"Inici\",\"item\":\"https:\\\/\\\/www.casaldelsinfants.org\\\/es\\\/\"},{\"@type\":\"ListItem\",\"position\":2,\"name\":\"M\u00e1s de 20 empresas participan en el Encuentro de Empresas Colaboradoras del Casal dels Infants\"}]},{\"@type\":\"WebSite\",\"@id\":\"https:\\\/\\\/www.casaldelsinfants.org\\\/es\\\/#website\",\"url\":\"https:\\\/\\\/www.casaldelsinfants.org\\\/es\\\/\",\"name\":\"Casal dels Infants\",\"description\":\"\",\"publisher\":{\"@id\":\"https:\\\/\\\/www.casaldelsinfants.org\\\/es\\\/#organization\"},\"potentialAction\":[{\"@type\":\"SearchAction\",\"target\":{\"@type\":\"EntryPoint\",\"urlTemplate\":\"https:\\\/\\\/www.casaldelsinfants.org\\\/es\\\/?s={search_term_string}\"},\"query-input\":{\"@type\":\"PropertyValueSpecification\",\"valueRequired\":true,\"valueName\":\"search_term_string\"}}],\"inLanguage\":\"es\"},{\"@type\":\"Organization\",\"@id\":\"https:\\\/\\\/www.casaldelsinfants.org\\\/es\\\/#organization\",\"name\":\"Casal dels Infants\",\"url\":\"https:\\\/\\\/www.casaldelsinfants.org\\\/es\\\/\",\"logo\":{\"@type\":\"ImageObject\",\"inLanguage\":\"es\",\"@id\":\"https:\\\/\\\/www.casaldelsinfants.org\\\/es\\\/#\\\/schema\\\/logo\\\/image\\\/\",\"url\":\"https:\\\/\\\/www.casaldelsinfants.org\\\/wp-content\\\/uploads\\\/logo-mail.png\",\"contentUrl\":\"https:\\\/\\\/www.casaldelsinfants.org\\\/wp-content\\\/uploads\\\/logo-mail.png\",\"width\":380,\"height\":158,\"caption\":\"Casal dels Infants\"},\"image\":{\"@id\":\"https:\\\/\\\/www.casaldelsinfants.org\\\/es\\\/#\\\/schema\\\/logo\\\/image\\\/\"},\"sameAs\":[\"https:\\\/\\\/www.facebook.com\\\/casalinfants\",\"https:\\\/\\\/x.com\\\/casalinfants\",\"https:\\\/\\\/www.youtube.com\\\/user\\\/CasaldelsInfants1\",\"https:\\\/\\\/www.instagram.com\\\/casalinfants\\\/\",\"https:\\\/\\\/www.linkedin.com\\\/company\\\/casaldelsinfants?trk=organization-update_share-update_actor-text\"]},{\"@type\":\"Person\",\"@id\":\"https:\\\/\\\/www.casaldelsinfants.org\\\/es\\\/#\\\/schema\\\/person\\\/97707fc8c64900cf36891127dbf9fba8\",\"name\":\"cdiAdmin\",\"sameAs\":[\"https:\\\/\\\/casaldelsinfants.org\"]}]}<\/script>\n<!-- \/ Yoast SEO plugin. -->","yoast_head_json":{"title":"M\u00e1s de 20 empresas participan en el Encuentro de Empresas Colaboradoras del Casal dels Infants","description":"El pasado 26 de noviembre celebramos en el Hotel Arts el Encuentro de Empresas Colaboradoras del Casal dels Infants. Reunimos parte de las empresas que colaboran con el Casal y hacen posible ofrecer apoyo y acompa\u00f1amiento a los 6.000 ni\u00f1os, ni\u00f1as, j\u00f3venes y sus familias que participan en el Casal.","robots":{"index":"index","follow":"follow","max-snippet":"max-snippet:-1","max-image-preview":"max-image-preview:large","max-video-preview":"max-video-preview:-1"},"canonical":"https:\/\/www.casaldelsinfants.org\/es\/actualidad\/empresas-colaboradoras-en-encuentro-casal-infants\/","og_locale":"es_ES","og_type":"article","og_title":"M\u00e1s de 20 empresas participan en el Encuentro de Empresas Colaboradoras del Casal dels Infants","og_description":"El pasado 26 de noviembre celebramos en el Hotel Arts el Encuentro de Empresas Colaboradoras del Casal dels Infants. Reunimos parte de las empresas que colaboran con el Casal y hacen posible ofrecer apoyo y acompa\u00f1amiento a los 6.000 ni\u00f1os, ni\u00f1as, j\u00f3venes y sus familias que participan en el Casal.","og_url":"https:\/\/www.casaldelsinfants.org\/es\/actualidad\/empresas-colaboradoras-en-encuentro-casal-infants\/","og_site_name":"Casal dels Infants","article_publisher":"https:\/\/www.facebook.com\/casalinfants","article_published_time":"2021-12-02T10:08:11+00:00","article_modified_time":"2023-05-01T15:43:17+00:00","author":"cdiAdmin","twitter_card":"summary_large_image","twitter_creator":"@casalinfants","twitter_site":"@casalinfants","twitter_misc":{"Escrito por":"cdiAdmin","Tiempo de lectura":"3 minutos"},"schema":{"@context":"https:\/\/schema.org","@graph":[{"@type":"Article","@id":"https:\/\/www.casaldelsinfants.org\/es\/actualidad\/empresas-colaboradoras-en-encuentro-casal-infants\/#article","isPartOf":{"@id":"https:\/\/www.casaldelsinfants.org\/es\/actualidad\/empresas-colaboradoras-en-encuentro-casal-infants\/"},"author":{"name":"cdiAdmin","@id":"https:\/\/www.casaldelsinfants.org\/es\/#\/schema\/person\/97707fc8c64900cf36891127dbf9fba8"},"headline":"M\u00e1s de 20 empresas participan en el Encuentro de Empresas Colaboradoras del Casal dels Infants","datePublished":"2021-12-02T10:08:11+00:00","dateModified":"2023-05-01T15:43:17+00:00","mainEntityOfPage":{"@id":"https:\/\/www.casaldelsinfants.org\/es\/actualidad\/empresas-colaboradoras-en-encuentro-casal-infants\/"},"wordCount":615,"commentCount":0,"publisher":{"@id":"https:\/\/www.casaldelsinfants.org\/es\/#organization"},"articleSection":["Noticia"],"inLanguage":"es","potentialAction":[{"@type":"CommentAction","name":"Comment","target":["https:\/\/www.casaldelsinfants.org\/es\/actualidad\/empresas-colaboradoras-en-encuentro-casal-infants\/#respond"]}]},{"@type":"WebPage","@id":"https:\/\/www.casaldelsinfants.org\/es\/actualidad\/empresas-colaboradoras-en-encuentro-casal-infants\/","url":"https:\/\/www.casaldelsinfants.org\/es\/actualidad\/empresas-colaboradoras-en-encuentro-casal-infants\/","name":"M\u00e1s de 20 empresas participan en el Encuentro de Empresas Colaboradoras del Casal dels Infants","isPartOf":{"@id":"https:\/\/www.casaldelsinfants.org\/es\/#website"},"datePublished":"2021-12-02T10:08:11+00:00","dateModified":"2023-05-01T15:43:17+00:00","description":"El pasado 26 de noviembre celebramos en el Hotel Arts el Encuentro de Empresas Colaboradoras del Casal dels Infants. Reunimos parte de las empresas que colaboran con el Casal y hacen posible ofrecer apoyo y acompa\u00f1amiento a los 6.000 ni\u00f1os, ni\u00f1as, j\u00f3venes y sus familias que participan en el Casal.","breadcrumb":{"@id":"https:\/\/www.casaldelsinfants.org\/es\/actualidad\/empresas-colaboradoras-en-encuentro-casal-infants\/#breadcrumb"},"inLanguage":"es","potentialAction":[{"@type":"ReadAction","target":["https:\/\/www.casaldelsinfants.org\/es\/actualidad\/empresas-colaboradoras-en-encuentro-casal-infants\/"]}]},{"@type":"BreadcrumbList","@id":"https:\/\/www.casaldelsinfants.org\/es\/actualidad\/empresas-colaboradoras-en-encuentro-casal-infants\/#breadcrumb","itemListElement":[{"@type":"ListItem","position":1,"name":"Inici","item":"https:\/\/www.casaldelsinfants.org\/es\/"},{"@type":"ListItem","position":2,"name":"M\u00e1s de 20 empresas participan en el Encuentro de Empresas Colaboradoras del Casal dels Infants"}]},{"@type":"WebSite","@id":"https:\/\/www.casaldelsinfants.org\/es\/#website","url":"https:\/\/www.casaldelsinfants.org\/es\/","name":"Casal dels Infants","description":"","publisher":{"@id":"https:\/\/www.casaldelsinfants.org\/es\/#organization"},"potentialAction":[{"@type":"SearchAction","target":{"@type":"EntryPoint","urlTemplate":"https:\/\/www.casaldelsinfants.org\/es\/?s={search_term_string}"},"query-input":{"@type":"PropertyValueSpecification","valueRequired":true,"valueName":"search_term_string"}}],"inLanguage":"es"},{"@type":"Organization","@id":"https:\/\/www.casaldelsinfants.org\/es\/#organization","name":"Casal dels Infants","url":"https:\/\/www.casaldelsinfants.org\/es\/","logo":{"@type":"ImageObject","inLanguage":"es","@id":"https:\/\/www.casaldelsinfants.org\/es\/#\/schema\/logo\/image\/","url":"https:\/\/www.casaldelsinfants.org\/wp-content\/uploads\/logo-mail.png","contentUrl":"https:\/\/www.casaldelsinfants.org\/wp-content\/uploads\/logo-mail.png","width":380,"height":158,"caption":"Casal dels Infants"},"image":{"@id":"https:\/\/www.casaldelsinfants.org\/es\/#\/schema\/logo\/image\/"},"sameAs":["https:\/\/www.facebook.com\/casalinfants","https:\/\/x.com\/casalinfants","https:\/\/www.youtube.com\/user\/CasaldelsInfants1","https:\/\/www.instagram.com\/casalinfants\/","https:\/\/www.linkedin.com\/company\/casaldelsinfants?trk=organization-update_share-update_actor-text"]},{"@type":"Person","@id":"https:\/\/www.casaldelsinfants.org\/es\/#\/schema\/person\/97707fc8c64900cf36891127dbf9fba8","name":"cdiAdmin","sameAs":["https:\/\/casaldelsinfants.org"]}]}},"publishpress_future_action":{"enabled":false,"date":"2026-05-09 07:17:19","action":"change-status","newStatus":"draft","terms":[],"taxonomy":"category","extraData":[]},"publishpress_future_workflow_manual_trigger":{"enabledWorkflows":[]},"_links":{"self":[{"href":"https:\/\/www.casaldelsinfants.org\/es\/wp-json\/wp\/v2\/posts\/4257","targetHints":{"allow":["GET"]}}],"collection":[{"href":"https:\/\/www.casaldelsinfants.org\/es\/wp-json\/wp\/v2\/posts"}],"about":[{"href":"https:\/\/www.casaldelsinfants.org\/es\/wp-json\/wp\/v2\/types\/post"}],"author":[{"embeddable":true,"href":"https:\/\/www.casaldelsinfants.org\/es\/wp-json\/wp\/v2\/users\/1"}],"replies":[{"embeddable":true,"href":"https:\/\/www.casaldelsinfants.org\/es\/wp-json\/wp\/v2\/comments?post=4257"}],"version-history":[{"count":1,"href":"https:\/\/www.casaldelsinfants.org\/es\/wp-json\/wp\/v2\/posts\/4257\/revisions"}],"predecessor-version":[{"id":6240,"href":"https:\/\/www.casaldelsinfants.org\/es\/wp-json\/wp\/v2\/posts\/4257\/revisions\/6240"}],"wp:attachment":[{"href":"https:\/\/www.casaldelsinfants.org\/es\/wp-json\/wp\/v2\/media?parent=4257"}],"wp:term":[{"taxonomy":"category","embeddable":true,"href":"https:\/\/www.casaldelsinfants.org\/es\/wp-json\/wp\/v2\/categories?post=4257"},{"taxonomy":"post_tag","embeddable":true,"href":"https:\/\/www.casaldelsinfants.org\/es\/wp-json\/wp\/v2\/tags?post=4257"},{"taxonomy":"seus","embeddable":true,"href":"https:\/\/www.casaldelsinfants.org\/es\/wp-json\/wp\/v2\/seus?post=4257"},{"taxonomy":"eixos","embeddable":true,"href":"https:\/\/www.casaldelsinfants.org\/es\/wp-json\/wp\/v2\/eixos?post=4257"}],"curies":[{"name":"wp","href":"https:\/\/api.w.org\/{rel}","templated":true}]}}