{"id":42581,"date":"2025-10-10T12:57:34","date_gmt":"2025-10-10T10:57:34","guid":{"rendered":"https:\/\/www.casaldelsinfants.org\/?p=42581"},"modified":"2025-10-10T12:59:52","modified_gmt":"2025-10-10T10:59:52","slug":"espai-saltut-cast","status":"publish","type":"post","link":"https:\/\/www.casaldelsinfants.org\/es\/actualidad\/espai-saltut-cast\/","title":{"rendered":"\u2018Espai Salt-ut\u2019, del Casal Familiar de Salt, seleccionado por ECAS"},"content":{"rendered":"<p><span style=\"font-weight: 400;\">El proyecto Espai Salt-ut del Casal Familiar, del <\/span><a href=\"https:\/\/www.casaldelsinfants.org\/es\/donde-trabajamos\/salt\/\" target=\"_blank\" rel=\"noopener\"><b>Casal dels Infants de Salt<\/b><\/a><span style=\"font-weight: 400;\">, ha sido uno de los <strong>seis proyectos ganadores de la convocatoria<\/strong> <\/span><a href=\"https:\/\/acciosocial.org\/crida-pel-projecte-bruixoles-comunitaries\/\" target=\"_blank\" rel=\"noopener\"><b>\u2018Br\u00faixoles comunit\u00e0ries\u2019<\/b><span style=\"font-weight: 400;\">, impulsada por ECAS<\/span><\/a><span style=\"font-weight: 400;\"> (Entitats Catalanes d\u2019Acci\u00f3 Social) para mostrar que la acci\u00f3n comunitaria mejora la atenci\u00f3n de las personas y promover buenas pr\u00e1cticas que se puedan replicar en otras entidades del tercer sector.\u00a0<\/span><\/p>\n<p>As\u00ed, &#8216;Espai Salt-ut&#8217; es un proyecto que <strong>promueve el bienestar emocional y el empoderamiento de las mujeres<\/strong> de Salt participantes en el Casal, mediante un espacio seguro, de autocuidado, apoyo mutuo y participaci\u00f3n comunitaria. El proyecto pone \u00e9nfasis en la interacci\u00f3n entre mujeres de diferentes or\u00edgenes, entornos culturales y religiosos, la conexi\u00f3n con la comunidad y la <strong>sensibilizaci\u00f3n y prevenci\u00f3n de la violencia de g\u00e9nero<\/strong>.<\/p>\n<p>La iniciativa surgi\u00f3 a ra\u00edz de las necesidades detectadas entre el <strong>Casal<\/strong>, el<b> Servei d\u2019Informaci\u00f3 i Atenci\u00f3 a les Dones (SIAD) <\/b>y la referente de bienestar comunitario del <b>CAP Salt<\/b><span style=\"font-weight: 400;\">, que colaboraron para arrancar el proyecto.\u00a0<\/span><\/p>\n<p>&nbsp;<\/p>\n<h2><b>El contexto de Salt y de sus ciudadanas<\/b><\/h2>\n<p><span style=\"font-weight: 400;\">Salt es un municipio de la provincia de Gerona, de 34.000 habitantes, de los que m\u00e1s de un tercio (el 37%) es de origen extranjero, <a href=\"https:\/\/www.idescat.cat\/emex\/?id=171557\" target=\"_blank\" rel=\"noopener\">seg\u00fan datos de Idescat del 2024<\/a>. Adem\u00e1s, <strong>el municipio tiene una de las rendas por habitante m\u00e1s bajas de Catalunya<\/strong> (la cuarta empezando por la cola): 13.709 \u20ac\/habitante, seg\u00fan datos del <a href=\"https:\/\/www.idescat.cat\/novetats\/?id=5197\" target=\"_blank\" rel=\"noopener\">2022<\/a>. La media catalana es de 19.140 \u20ac\/habitante.<\/span><\/p>\n<p>Entre los tres agentes, pues, detectaron que en estas mujeres converg\u00edan diferentes variables que precarizaban y hac\u00edan m\u00e1s fr\u00e1giles sus situaciones. Por encontrarse en <strong>situaci\u00f3n de riesgo de pobreza<\/strong>, las mujeres ten\u00edan pocos o nulos ingresos econ\u00f3micos propios, hecho que les generaba dependencia y m\u00e1s dificultades para huir de relaciones abusivas. Por ser <strong>migradas<\/strong>, se hab\u00edan encontrado en situaciones de discriminaci\u00f3n racial, ten\u00edan poco conocimiento de la lengua, falta de apoyo social y se encontraban en situaci\u00f3n administrativa no regularizada. Por tener <strong>baja formaci\u00f3n educativa<\/strong>, les dificultaba el acceso a trabajos bien remunerados.<\/p>\n<p>Adem\u00e1s, coincid\u00edan en mostrar una falta de conocimiento sobre los recursos p\u00fablicos y sus derechos, en sufrir <strong>problemas de salud mental o f\u00edsica<\/strong>, y en tener que cargar con las responsabilidades y cuidados de la familia.<\/p>\n<p>&nbsp;<\/p>\n<h2><b>Apoyo entre mujeres, empoderamiento y conexi\u00f3n con el entorno<\/b><\/h2>\n<p>As\u00ed, el proyecto se centr\u00f3 en generar espacios de apoyo mutuo, favorecer la inclusi\u00f3n de las mujeres trabajando sus competencias personales, sociales, relacionales y de participaci\u00f3n, identificar y prever situaciones de violencias y, en general, <strong>mejorar su bienestar personal y emocional<\/strong>.<\/p>\n<p>Con una mirada integral y interseccional, el acompa\u00f1amiento se ha personalizado teniendo en cuenta la diversidad y las particularidades del grupo para <strong>facilitar a las mujeres participar<\/strong> en el proyecto. Se les ha ofrecido <strong>talleres para lograr conocimientos sobre sus derechos<\/strong> y herramientas de protecci\u00f3n, as\u00ed como <strong>visitas a los recursos del territorio<\/strong>, de \u00e1mbito social, laboral, jur\u00eddico y cultural. Se ha conectado con 20 recursos del municipio.<\/p>\n<p>Tambi\u00e9n se les ha traspasado la <strong>capacidad de autogesti\u00f3n del espacio<\/strong>, promoviendo espacios de debate, decisiones y generaci\u00f3n de acciones. Por ejemplo, participaron en la actividad comunitaria del 25N (D\u00eda Internacional para la eliminaci\u00f3n de la violencia contra las mujeres), en la semana de la salud y actividad f\u00edsica del municipio, y en la actividad comunitaria de la <a href=\"https:\/\/tvgirona.com\/capitol\/tv_girona_video\/2785\/\" target=\"_blank\" rel=\"noopener\"><span style=\"font-weight: 400;\">tercera edici\u00f3n de la jornada de \u2018Les dones i cuina marinera\u2019<\/span><\/a><span style=\"font-weight: 400;\">.<\/span><\/p>\n<p>&nbsp;<\/p>\n<p><img decoding=\"async\" class=\"size-full wp-image-42575 aligncenter\" src=\"https:\/\/www.casaldelsinfants.org\/wp-content\/uploads\/Captura-de-pantalla-2025-10-08-135216-png.webp\" alt=\"Quatre dones cuinen juntes en una cuina.\" width=\"1075\" height=\"541\" srcset=\"https:\/\/www.casaldelsinfants.org\/wp-content\/uploads\/Captura-de-pantalla-2025-10-08-135216-png.webp 1075w, https:\/\/www.casaldelsinfants.org\/wp-content\/uploads\/Captura-de-pantalla-2025-10-08-135216-980x493.webp 980w, https:\/\/www.casaldelsinfants.org\/wp-content\/uploads\/Captura-de-pantalla-2025-10-08-135216-480x242.webp 480w\" sizes=\"(min-width: 0px) and (max-width: 480px) 480px, (min-width: 481px) and (max-width: 980px) 980px, (min-width: 981px) 1075px, 100vw\" \/><\/p>\n<p style=\"text-align: center;\"><em><span style=\"font-weight: 400;\">Instant\u00e1nea del taller de cocina entre mujeres de la tercera edici\u00f3n de la jornada de &#8216;Les dones i cuina marinera\u2019 (Fuente: Televisi\u00f3 de Girona)<\/span><\/em><\/p>\n<p>&nbsp;<\/p>\n<p><span style=\"font-weight: 400;\">Los resultados han sido muy positivos entre las participantes. Ellas mismas <strong>han percibido una mejora en su bienestar emocional y han aumentado sus relaciones sociales<\/strong> desde que participan en el Casal Familiar. El proyecto es para ellas un espacio de seguridad, confianza mutua, y libertad de expresi\u00f3n.<\/span><\/p>\n<p>&nbsp;<\/p>\n<h2><b>\u2018Br\u00faixoles comunit\u00e0ries\u2019\u00a0<\/b><\/h2>\n<p><span style=\"font-weight: 400;\">Junto con el Casal dels Infants, <\/span><b>cinco entidades han sido ganadoras del proyecto \u2018Br\u00faixules comunit\u00e0ries<\/b><span style=\"font-weight: 400;\">: Fundaci\u00f3 Privada Idea, Colectic, C\u00e0ritas Barcelona, Fundaci\u00f3 Main y ABD.<\/span><\/p>\n<p><span style=\"font-weight: 400;\">El objetivo de la convocatoria era visibilizar como la acci\u00f3n comunitaria mejora la atenci\u00f3n a las personas, descubrir buenas pr\u00e1cticas para transferir y replicar en otras entidades e <strong>inspirar nuevos proyectos de acci\u00f3n social<\/strong>. <\/span><\/p>\n<p>A partir de esta selecci\u00f3n, ECAS lanza un laboratorio de cocreaci\u00f3n entre todas las entidades socias para penjar y trabajar de manera colectiva nuevos proyectos comunitarios que mejores las condiciones de vida de las personas migradas o racializadas. Adem\u00e1s, a partir del 1 de diciembre, los proyectos seleccionados formar\u00e1n parte de una campa\u00f1a de visibilidad en<span style=\"font-weight: 400;\">\u00a0<\/span><a href=\"http:\/\/jornal.cat\" target=\"_blank\" rel=\"noopener\"><span style=\"font-weight: 400;\">Jornal.cat<\/span><\/a><span style=\"font-weight: 400;\">.\u00a0<\/span><\/p>\n","protected":false},"excerpt":{"rendered":"<p>El proyecto Espai Salt-ut del Casal Familiar, del Casal dels Infants de Salt, ha sido uno de los seis proyectos ganadores de la convocatoria \u2018Br\u00faixoles comunit\u00e0ries\u2019, impulsada por ECAS (Entitats Catalanes d\u2019Acci\u00f3 Social) para mostrar que la acci\u00f3n comunitaria mejora la atenci\u00f3n de las personas y promover buenas pr\u00e1cticas que se puedan replicar en otras [&hellip;]<\/p>\n","protected":false},"author":9,"featured_media":42577,"comment_status":"open","ping_status":"open","sticky":false,"template":"","format":"standard","meta":{"_acf_changed":false,"_et_pb_use_builder":"","_et_pb_old_content":"","_et_gb_content_width":"","inline_featured_image":false,"footnotes":""},"categories":[125],"tags":[],"seus":[159],"eixos":[107],"class_list":["post-42581","post","type-post","status-publish","format-standard","has-post-thumbnail","hentry","category-noticias","seus-salt","eixos-pequena-infancia"],"acf":[],"yoast_head":"<!-- This site is optimized with the Yoast SEO plugin v27.4 - https:\/\/yoast.com\/product\/yoast-seo-wordpress\/ -->\n<title>\u2018Espai Salt-ut\u2019, del Casal Familiar de Salt, seleccionado por ECAS - Casal dels Infants<\/title>\n<meta name=\"description\" content=\"El proyecto Espai Salt-ut del Casal Familiar ha sido uno de los seis proyectos selecionados en \u2018Br\u00faixoles comunit\u00e0ries\u2019, impulsada por ECAS.\" \/>\n<meta name=\"robots\" content=\"index, follow, max-snippet:-1, max-image-preview:large, max-video-preview:-1\" \/>\n<link rel=\"canonical\" href=\"https:\/\/www.casaldelsinfants.org\/es\/actualidad\/espai-saltut-cast\/\" \/>\n<meta property=\"og:locale\" content=\"es_ES\" \/>\n<meta property=\"og:type\" content=\"article\" \/>\n<meta property=\"og:title\" content=\"\u2018Espai Salt-ut\u2019, del Casal Familiar de Salt, seleccionado por ECAS - Casal dels Infants\" \/>\n<meta property=\"og:description\" content=\"El proyecto Espai Salt-ut del Casal Familiar ha sido uno de los seis proyectos selecionados en \u2018Br\u00faixoles comunit\u00e0ries\u2019, impulsada por ECAS.\" \/>\n<meta property=\"og:url\" content=\"https:\/\/www.casaldelsinfants.org\/es\/actualidad\/espai-saltut-cast\/\" \/>\n<meta property=\"og:site_name\" content=\"Casal dels Infants\" \/>\n<meta property=\"article:publisher\" content=\"https:\/\/www.facebook.com\/casalinfants\" \/>\n<meta property=\"article:published_time\" content=\"2025-10-10T10:57:34+00:00\" \/>\n<meta property=\"article:modified_time\" content=\"2025-10-10T10:59:52+00:00\" \/>\n<meta property=\"og:image\" content=\"https:\/\/www.casaldelsinfants.org\/wp-content\/uploads\/Captura-de-pantalla-2025-10-08-135216-png.webp\" \/>\n\t<meta property=\"og:image:width\" content=\"1075\" \/>\n\t<meta property=\"og:image:height\" content=\"541\" \/>\n\t<meta property=\"og:image:type\" content=\"image\/png\" \/>\n<meta name=\"author\" content=\"julia\" \/>\n<meta name=\"twitter:card\" content=\"summary_large_image\" \/>\n<meta name=\"twitter:creator\" content=\"@casalinfants\" \/>\n<meta name=\"twitter:site\" content=\"@casalinfants\" \/>\n<meta name=\"twitter:label1\" content=\"Escrito por\" \/>\n\t<meta name=\"twitter:data1\" content=\"julia\" \/>\n\t<meta name=\"twitter:label2\" content=\"Tiempo de lectura\" \/>\n\t<meta name=\"twitter:data2\" content=\"5 minutos\" \/>\n<script type=\"application\/ld+json\" class=\"yoast-schema-graph\">{\"@context\":\"https:\\\/\\\/schema.org\",\"@graph\":[{\"@type\":\"Article\",\"@id\":\"https:\\\/\\\/www.casaldelsinfants.org\\\/es\\\/actualidad\\\/espai-saltut-cast\\\/#article\",\"isPartOf\":{\"@id\":\"https:\\\/\\\/www.casaldelsinfants.org\\\/es\\\/actualidad\\\/espai-saltut-cast\\\/\"},\"author\":{\"name\":\"julia\",\"@id\":\"https:\\\/\\\/www.casaldelsinfants.org\\\/es\\\/#\\\/schema\\\/person\\\/e870791b50f03fd60f872e1cd83910fc\"},\"headline\":\"\u2018Espai Salt-ut\u2019, del Casal Familiar de Salt, seleccionado por ECAS\",\"datePublished\":\"2025-10-10T10:57:34+00:00\",\"dateModified\":\"2025-10-10T10:59:52+00:00\",\"mainEntityOfPage\":{\"@id\":\"https:\\\/\\\/www.casaldelsinfants.org\\\/es\\\/actualidad\\\/espai-saltut-cast\\\/\"},\"wordCount\":812,\"commentCount\":0,\"publisher\":{\"@id\":\"https:\\\/\\\/www.casaldelsinfants.org\\\/es\\\/#organization\"},\"image\":{\"@id\":\"https:\\\/\\\/www.casaldelsinfants.org\\\/es\\\/actualidad\\\/espai-saltut-cast\\\/#primaryimage\"},\"thumbnailUrl\":\"https:\\\/\\\/www.casaldelsinfants.org\\\/wp-content\\\/uploads\\\/Captura-de-pantalla-2025-10-08-135216-png.webp\",\"articleSection\":[\"Noticia\"],\"inLanguage\":\"es\",\"potentialAction\":[{\"@type\":\"CommentAction\",\"name\":\"Comment\",\"target\":[\"https:\\\/\\\/www.casaldelsinfants.org\\\/es\\\/actualidad\\\/espai-saltut-cast\\\/#respond\"]}]},{\"@type\":\"WebPage\",\"@id\":\"https:\\\/\\\/www.casaldelsinfants.org\\\/es\\\/actualidad\\\/espai-saltut-cast\\\/\",\"url\":\"https:\\\/\\\/www.casaldelsinfants.org\\\/es\\\/actualidad\\\/espai-saltut-cast\\\/\",\"name\":\"\u2018Espai Salt-ut\u2019, del Casal Familiar de Salt, seleccionado por ECAS - Casal dels Infants\",\"isPartOf\":{\"@id\":\"https:\\\/\\\/www.casaldelsinfants.org\\\/es\\\/#website\"},\"primaryImageOfPage\":{\"@id\":\"https:\\\/\\\/www.casaldelsinfants.org\\\/es\\\/actualidad\\\/espai-saltut-cast\\\/#primaryimage\"},\"image\":{\"@id\":\"https:\\\/\\\/www.casaldelsinfants.org\\\/es\\\/actualidad\\\/espai-saltut-cast\\\/#primaryimage\"},\"thumbnailUrl\":\"https:\\\/\\\/www.casaldelsinfants.org\\\/wp-content\\\/uploads\\\/Captura-de-pantalla-2025-10-08-135216-png.webp\",\"datePublished\":\"2025-10-10T10:57:34+00:00\",\"dateModified\":\"2025-10-10T10:59:52+00:00\",\"description\":\"El proyecto Espai Salt-ut del Casal Familiar ha sido uno de los seis proyectos selecionados en \u2018Br\u00faixoles comunit\u00e0ries\u2019, impulsada por ECAS.\",\"breadcrumb\":{\"@id\":\"https:\\\/\\\/www.casaldelsinfants.org\\\/es\\\/actualidad\\\/espai-saltut-cast\\\/#breadcrumb\"},\"inLanguage\":\"es\",\"potentialAction\":[{\"@type\":\"ReadAction\",\"target\":[\"https:\\\/\\\/www.casaldelsinfants.org\\\/es\\\/actualidad\\\/espai-saltut-cast\\\/\"]}]},{\"@type\":\"ImageObject\",\"inLanguage\":\"es\",\"@id\":\"https:\\\/\\\/www.casaldelsinfants.org\\\/es\\\/actualidad\\\/espai-saltut-cast\\\/#primaryimage\",\"url\":\"https:\\\/\\\/www.casaldelsinfants.org\\\/wp-content\\\/uploads\\\/Captura-de-pantalla-2025-10-08-135216-png.webp\",\"contentUrl\":\"https:\\\/\\\/www.casaldelsinfants.org\\\/wp-content\\\/uploads\\\/Captura-de-pantalla-2025-10-08-135216-png.webp\",\"width\":1075,\"height\":541,\"caption\":\"Quatre dones cuinen juntes en una cuina.\"},{\"@type\":\"BreadcrumbList\",\"@id\":\"https:\\\/\\\/www.casaldelsinfants.org\\\/es\\\/actualidad\\\/espai-saltut-cast\\\/#breadcrumb\",\"itemListElement\":[{\"@type\":\"ListItem\",\"position\":1,\"name\":\"Inici\",\"item\":\"https:\\\/\\\/www.casaldelsinfants.org\\\/es\\\/\"},{\"@type\":\"ListItem\",\"position\":2,\"name\":\"\u2018Espai Salt-ut\u2019, del Casal Familiar de Salt, seleccionado por ECAS\"}]},{\"@type\":\"WebSite\",\"@id\":\"https:\\\/\\\/www.casaldelsinfants.org\\\/es\\\/#website\",\"url\":\"https:\\\/\\\/www.casaldelsinfants.org\\\/es\\\/\",\"name\":\"Casal dels Infants\",\"description\":\"\",\"publisher\":{\"@id\":\"https:\\\/\\\/www.casaldelsinfants.org\\\/es\\\/#organization\"},\"potentialAction\":[{\"@type\":\"SearchAction\",\"target\":{\"@type\":\"EntryPoint\",\"urlTemplate\":\"https:\\\/\\\/www.casaldelsinfants.org\\\/es\\\/?s={search_term_string}\"},\"query-input\":{\"@type\":\"PropertyValueSpecification\",\"valueRequired\":true,\"valueName\":\"search_term_string\"}}],\"inLanguage\":\"es\"},{\"@type\":\"Organization\",\"@id\":\"https:\\\/\\\/www.casaldelsinfants.org\\\/es\\\/#organization\",\"name\":\"Casal dels Infants\",\"url\":\"https:\\\/\\\/www.casaldelsinfants.org\\\/es\\\/\",\"logo\":{\"@type\":\"ImageObject\",\"inLanguage\":\"es\",\"@id\":\"https:\\\/\\\/www.casaldelsinfants.org\\\/es\\\/#\\\/schema\\\/logo\\\/image\\\/\",\"url\":\"https:\\\/\\\/www.casaldelsinfants.org\\\/wp-content\\\/uploads\\\/logo-mail.png\",\"contentUrl\":\"https:\\\/\\\/www.casaldelsinfants.org\\\/wp-content\\\/uploads\\\/logo-mail.png\",\"width\":380,\"height\":158,\"caption\":\"Casal dels Infants\"},\"image\":{\"@id\":\"https:\\\/\\\/www.casaldelsinfants.org\\\/es\\\/#\\\/schema\\\/logo\\\/image\\\/\"},\"sameAs\":[\"https:\\\/\\\/www.facebook.com\\\/casalinfants\",\"https:\\\/\\\/x.com\\\/casalinfants\",\"https:\\\/\\\/www.youtube.com\\\/user\\\/CasaldelsInfants1\",\"https:\\\/\\\/www.instagram.com\\\/casalinfants\\\/\",\"https:\\\/\\\/www.linkedin.com\\\/company\\\/casaldelsinfants?trk=organization-update_share-update_actor-text\"]},{\"@type\":\"Person\",\"@id\":\"https:\\\/\\\/www.casaldelsinfants.org\\\/es\\\/#\\\/schema\\\/person\\\/e870791b50f03fd60f872e1cd83910fc\",\"name\":\"julia\"}]}<\/script>\n<!-- \/ Yoast SEO plugin. -->","yoast_head_json":{"title":"\u2018Espai Salt-ut\u2019, del Casal Familiar de Salt, seleccionado por ECAS - Casal dels Infants","description":"El proyecto Espai Salt-ut del Casal Familiar ha sido uno de los seis proyectos selecionados en \u2018Br\u00faixoles comunit\u00e0ries\u2019, impulsada por ECAS.","robots":{"index":"index","follow":"follow","max-snippet":"max-snippet:-1","max-image-preview":"max-image-preview:large","max-video-preview":"max-video-preview:-1"},"canonical":"https:\/\/www.casaldelsinfants.org\/es\/actualidad\/espai-saltut-cast\/","og_locale":"es_ES","og_type":"article","og_title":"\u2018Espai Salt-ut\u2019, del Casal Familiar de Salt, seleccionado por ECAS - Casal dels Infants","og_description":"El proyecto Espai Salt-ut del Casal Familiar ha sido uno de los seis proyectos selecionados en \u2018Br\u00faixoles comunit\u00e0ries\u2019, impulsada por ECAS.","og_url":"https:\/\/www.casaldelsinfants.org\/es\/actualidad\/espai-saltut-cast\/","og_site_name":"Casal dels Infants","article_publisher":"https:\/\/www.facebook.com\/casalinfants","article_published_time":"2025-10-10T10:57:34+00:00","article_modified_time":"2025-10-10T10:59:52+00:00","og_image":[{"width":1075,"height":541,"url":"https:\/\/www.casaldelsinfants.org\/wp-content\/uploads\/Captura-de-pantalla-2025-10-08-135216-png.webp","type":"image\/png"}],"author":"julia","twitter_card":"summary_large_image","twitter_creator":"@casalinfants","twitter_site":"@casalinfants","twitter_misc":{"Escrito por":"julia","Tiempo de lectura":"5 minutos"},"schema":{"@context":"https:\/\/schema.org","@graph":[{"@type":"Article","@id":"https:\/\/www.casaldelsinfants.org\/es\/actualidad\/espai-saltut-cast\/#article","isPartOf":{"@id":"https:\/\/www.casaldelsinfants.org\/es\/actualidad\/espai-saltut-cast\/"},"author":{"name":"julia","@id":"https:\/\/www.casaldelsinfants.org\/es\/#\/schema\/person\/e870791b50f03fd60f872e1cd83910fc"},"headline":"\u2018Espai Salt-ut\u2019, del Casal Familiar de Salt, seleccionado por ECAS","datePublished":"2025-10-10T10:57:34+00:00","dateModified":"2025-10-10T10:59:52+00:00","mainEntityOfPage":{"@id":"https:\/\/www.casaldelsinfants.org\/es\/actualidad\/espai-saltut-cast\/"},"wordCount":812,"commentCount":0,"publisher":{"@id":"https:\/\/www.casaldelsinfants.org\/es\/#organization"},"image":{"@id":"https:\/\/www.casaldelsinfants.org\/es\/actualidad\/espai-saltut-cast\/#primaryimage"},"thumbnailUrl":"https:\/\/www.casaldelsinfants.org\/wp-content\/uploads\/Captura-de-pantalla-2025-10-08-135216-png.webp","articleSection":["Noticia"],"inLanguage":"es","potentialAction":[{"@type":"CommentAction","name":"Comment","target":["https:\/\/www.casaldelsinfants.org\/es\/actualidad\/espai-saltut-cast\/#respond"]}]},{"@type":"WebPage","@id":"https:\/\/www.casaldelsinfants.org\/es\/actualidad\/espai-saltut-cast\/","url":"https:\/\/www.casaldelsinfants.org\/es\/actualidad\/espai-saltut-cast\/","name":"\u2018Espai Salt-ut\u2019, del Casal Familiar de Salt, seleccionado por ECAS - Casal dels Infants","isPartOf":{"@id":"https:\/\/www.casaldelsinfants.org\/es\/#website"},"primaryImageOfPage":{"@id":"https:\/\/www.casaldelsinfants.org\/es\/actualidad\/espai-saltut-cast\/#primaryimage"},"image":{"@id":"https:\/\/www.casaldelsinfants.org\/es\/actualidad\/espai-saltut-cast\/#primaryimage"},"thumbnailUrl":"https:\/\/www.casaldelsinfants.org\/wp-content\/uploads\/Captura-de-pantalla-2025-10-08-135216-png.webp","datePublished":"2025-10-10T10:57:34+00:00","dateModified":"2025-10-10T10:59:52+00:00","description":"El proyecto Espai Salt-ut del Casal Familiar ha sido uno de los seis proyectos selecionados en \u2018Br\u00faixoles comunit\u00e0ries\u2019, impulsada por ECAS.","breadcrumb":{"@id":"https:\/\/www.casaldelsinfants.org\/es\/actualidad\/espai-saltut-cast\/#breadcrumb"},"inLanguage":"es","potentialAction":[{"@type":"ReadAction","target":["https:\/\/www.casaldelsinfants.org\/es\/actualidad\/espai-saltut-cast\/"]}]},{"@type":"ImageObject","inLanguage":"es","@id":"https:\/\/www.casaldelsinfants.org\/es\/actualidad\/espai-saltut-cast\/#primaryimage","url":"https:\/\/www.casaldelsinfants.org\/wp-content\/uploads\/Captura-de-pantalla-2025-10-08-135216-png.webp","contentUrl":"https:\/\/www.casaldelsinfants.org\/wp-content\/uploads\/Captura-de-pantalla-2025-10-08-135216-png.webp","width":1075,"height":541,"caption":"Quatre dones cuinen juntes en una cuina."},{"@type":"BreadcrumbList","@id":"https:\/\/www.casaldelsinfants.org\/es\/actualidad\/espai-saltut-cast\/#breadcrumb","itemListElement":[{"@type":"ListItem","position":1,"name":"Inici","item":"https:\/\/www.casaldelsinfants.org\/es\/"},{"@type":"ListItem","position":2,"name":"\u2018Espai Salt-ut\u2019, del Casal Familiar de Salt, seleccionado por ECAS"}]},{"@type":"WebSite","@id":"https:\/\/www.casaldelsinfants.org\/es\/#website","url":"https:\/\/www.casaldelsinfants.org\/es\/","name":"Casal dels Infants","description":"","publisher":{"@id":"https:\/\/www.casaldelsinfants.org\/es\/#organization"},"potentialAction":[{"@type":"SearchAction","target":{"@type":"EntryPoint","urlTemplate":"https:\/\/www.casaldelsinfants.org\/es\/?s={search_term_string}"},"query-input":{"@type":"PropertyValueSpecification","valueRequired":true,"valueName":"search_term_string"}}],"inLanguage":"es"},{"@type":"Organization","@id":"https:\/\/www.casaldelsinfants.org\/es\/#organization","name":"Casal dels Infants","url":"https:\/\/www.casaldelsinfants.org\/es\/","logo":{"@type":"ImageObject","inLanguage":"es","@id":"https:\/\/www.casaldelsinfants.org\/es\/#\/schema\/logo\/image\/","url":"https:\/\/www.casaldelsinfants.org\/wp-content\/uploads\/logo-mail.png","contentUrl":"https:\/\/www.casaldelsinfants.org\/wp-content\/uploads\/logo-mail.png","width":380,"height":158,"caption":"Casal dels Infants"},"image":{"@id":"https:\/\/www.casaldelsinfants.org\/es\/#\/schema\/logo\/image\/"},"sameAs":["https:\/\/www.facebook.com\/casalinfants","https:\/\/x.com\/casalinfants","https:\/\/www.youtube.com\/user\/CasaldelsInfants1","https:\/\/www.instagram.com\/casalinfants\/","https:\/\/www.linkedin.com\/company\/casaldelsinfants?trk=organization-update_share-update_actor-text"]},{"@type":"Person","@id":"https:\/\/www.casaldelsinfants.org\/es\/#\/schema\/person\/e870791b50f03fd60f872e1cd83910fc","name":"julia"}]}},"publishpress_future_action":{"enabled":false,"date":"2026-05-09 10:19:43","action":"change-status","newStatus":"draft","terms":[],"taxonomy":"category","extraData":[]},"publishpress_future_workflow_manual_trigger":{"enabledWorkflows":[]},"_links":{"self":[{"href":"https:\/\/www.casaldelsinfants.org\/es\/wp-json\/wp\/v2\/posts\/42581","targetHints":{"allow":["GET"]}}],"collection":[{"href":"https:\/\/www.casaldelsinfants.org\/es\/wp-json\/wp\/v2\/posts"}],"about":[{"href":"https:\/\/www.casaldelsinfants.org\/es\/wp-json\/wp\/v2\/types\/post"}],"author":[{"embeddable":true,"href":"https:\/\/www.casaldelsinfants.org\/es\/wp-json\/wp\/v2\/users\/9"}],"replies":[{"embeddable":true,"href":"https:\/\/www.casaldelsinfants.org\/es\/wp-json\/wp\/v2\/comments?post=42581"}],"version-history":[{"count":2,"href":"https:\/\/www.casaldelsinfants.org\/es\/wp-json\/wp\/v2\/posts\/42581\/revisions"}],"predecessor-version":[{"id":42587,"href":"https:\/\/www.casaldelsinfants.org\/es\/wp-json\/wp\/v2\/posts\/42581\/revisions\/42587"}],"wp:featuredmedia":[{"embeddable":true,"href":"https:\/\/www.casaldelsinfants.org\/es\/wp-json\/wp\/v2\/media\/42577"}],"wp:attachment":[{"href":"https:\/\/www.casaldelsinfants.org\/es\/wp-json\/wp\/v2\/media?parent=42581"}],"wp:term":[{"taxonomy":"category","embeddable":true,"href":"https:\/\/www.casaldelsinfants.org\/es\/wp-json\/wp\/v2\/categories?post=42581"},{"taxonomy":"post_tag","embeddable":true,"href":"https:\/\/www.casaldelsinfants.org\/es\/wp-json\/wp\/v2\/tags?post=42581"},{"taxonomy":"seus","embeddable":true,"href":"https:\/\/www.casaldelsinfants.org\/es\/wp-json\/wp\/v2\/seus?post=42581"},{"taxonomy":"eixos","embeddable":true,"href":"https:\/\/www.casaldelsinfants.org\/es\/wp-json\/wp\/v2\/eixos?post=42581"}],"curies":[{"name":"wp","href":"https:\/\/api.w.org\/{rel}","templated":true}]}}