{"id":4259,"date":"2021-12-01T13:28:46","date_gmt":"2021-12-01T11:28:46","guid":{"rendered":"https:\/\/casal.puntzero.cat\/noticies\/com-pots-ajudar-el-casal-dels-infants-protegir-la-illusio-aquest-nadal\/"},"modified":"2023-05-01T17:43:23","modified_gmt":"2023-05-01T15:43:23","slug":"com-pots-ajudar-el-casal-dels-infants-protegir-la-illusio-aquest-nadal","status":"publish","type":"post","link":"https:\/\/www.casaldelsinfants.org\/es\/actualidad\/como-puedes-ayudar-al-casal-dels-infants-proteger-la-ilusion-esta-navidad\/","title":{"rendered":"\u00bfC\u00f3mo puedes ayudar al Casal dels Infants a proteger la ilusi\u00f3n esta Navidad?"},"content":{"rendered":"<p>\u00a0<\/p>\n<p><meta charset=\"utf-8\" \/><\/p>\n<p dir=\"ltr\"><span style=\"color:#000000;\">Estamos a las puertas del 2022 y pronto har\u00e1 dos a\u00f1os de la pandemia del Covid-19. Las consecuencias de la crisis sanitaria se han extrapolado a muchos \u00e1mbitos de la vida y han provocado el aumento de unas desigualdades que ya exist\u00edan y que afectan a numerosas familias de nuestra casa. \u00bfC\u00f3mo tenemos que afrontar las fiestas sin perder la esperanza? En el Casal dels Infants queremos proteger la ilusi\u00f3n de los ni\u00f1os, ni\u00f1as j\u00f3venes y sus familias, y creemos que la mejor manera de hacerlo, ahora y durante todo el a\u00f1o, es <strong>garantizar sus derechos<\/strong>.\u00a0<\/span><\/p>\n<p><meta charset=\"utf-8\" \/><\/p>\n<p dir=\"ltr\"><span style=\"color:#000000;\">En un contexto donde <strong>1 de cada 3 infantes en Catalunya vive bajo el umbral de riesgo de pobreza<\/strong>, sus condiciones de vida est\u00e1n en peligro. Desde el Casal, ahora m\u00e1s que nunca, queremos seguir actuando para evitarlo. Y te queremos pedir tu ayuda para poder seguirlo haciendo.\u00a0<\/span><\/p>\n<p dir=\"ltr\"><span style=\"color:#000000;\">\u00bfC\u00f3mo nos puedes apoyar para que el a\u00f1o que viene seguimos acompa\u00f1ando a los <strong>6.000 ni\u00f1os, ni\u00f1as, j\u00f3venes y sus familias a trav\u00e9s de nuestros 54\u00a0servicios socioeducativos?<\/strong><\/span><\/p>\n<p dir=\"ltr\">\u00a0<\/p>\n<ul>\n<li aria-level=\"1\" dir=\"ltr\">\n<p dir=\"ltr\" role=\"presentation\"><strong>Haz un donativo\u00a0<\/strong><\/p>\n<\/li>\n<\/ul>\n<p dir=\"ltr\"><u><a href=\"https:\/\/www.casaldelsinfants.org\/es\/que-puedes-hacer-tu\/haz-un-donativo\/\" target=\"_blank\" rel=\"noopener\">Aqu\u00ed<\/a><\/u><span style=\"color:#000000;\"> podr\u00e1s hacer tu donativo de forma r\u00e1pida y sencilla. Por poco que puedas, tu ayuda tendr\u00e1 un impacto directo en el d\u00eda a d\u00eda de los ni\u00f1os, ni\u00f1as, j\u00f3venes y familias que acompa\u00f1amos cada d\u00eda. Gracias a tu contribuci\u00f3n, podremos proteger la infancia en riesgo con el apoyo y acompa\u00f1amiento, y estar con las familias para que se sientan seguras, enlazadas y con herramientas para tirar adelante, ahora y cada d\u00eda del a\u00f1o.\u00a0<\/span><\/p>\n<p dir=\"ltr\">\u00a0<\/p>\n<ul>\n<li aria-level=\"1\" dir=\"ltr\">\n<p dir=\"ltr\" role=\"presentation\"><strong>Haz tu regalo solidario<\/strong><\/p>\n<\/li>\n<\/ul>\n<p dir=\"ltr\"><span style=\"color:#000000;\">Tambi\u00e9n puedes hacer un donativo en forma de regalo solidario <\/span><u><a href=\"https:\/\/www.casaldelsinfants.org\/es\/que-puedes-hacer-tu\/haz-un-donativo\/regalos-solidarios\/\" target=\"_blank\" rel=\"noopener\">aqu\u00ed<\/a><\/u><span style=\"color:#000000;\"> para los ni\u00f1os, ni\u00f1as y j\u00f3venes en riesgo de exclusi\u00f3n social que participan en el Casal dels Infants. Este regalo servir\u00e1 para fortalecer la educaci\u00f3n de ni\u00f1os, ni\u00f1as, chicos y chicas que han crecido en circunstancias de desventaja y vulnerabilidad. Puedes escoger entre 8 regalos solidarios, desde un kit de material escolar y de juego para un ni\u00f1o o ni\u00f1as\u00a0hasta un trimestre de apoyo en estudios y orientaci\u00f3n profesional para un joven. Despu\u00e9s de hacer tu regalo solidario, recibir\u00e1s por correo electr\u00f3nico una postal solidaria para compartir con tu gente m\u00e1s cercana.\u00a0<\/span><\/p>\n<p dir=\"ltr\">\u00a0<\/p>\n<ul>\n<li aria-level=\"1\" dir=\"ltr\">\n<p dir=\"ltr\" role=\"presentation\"><strong>Consigue la \u2018tote bag\u2019 hecha en colaboraci\u00f3n con Muji<\/strong><\/p>\n<\/li>\n<\/ul>\n<p dir=\"ltr\"><u><a href=\"https:\/\/www.casaldelsinfants.org\/es\/actualidad\/muji-reivindica-dia-tierra-con-bolsa-solidaria\/\" target=\"_blank\" rel=\"noopener\">Como ya hicieron ni\u00f1os y ni\u00f1as del Raval y Bes\u00f2s y La Mina para celebrar el D\u00eda de la Tierra<\/a><\/u><span style=\"color:#000000;\">, esta Navidad el Casal dels Infants y Muji han colaborado para sacar una bolsa de tela o \u2018tote bag\u2019 para estas fiestas. El dise\u00f1o de la bolsa est\u00e1 hecho con dibujos originales de participantes del Casal dels Infants del Raval del grupo de Medianos, de 6 a 8 a\u00f1os. Puedes encontrar tu bolsa en las tiendas Muji de <\/span><u><a href=\"https:\/\/goo.gl\/maps\/qDyxzugVBwKZdNKn8\" target=\"_blank\" rel=\"noopener\">Passeig de Gr\u00e0cia<\/a><\/u><span style=\"color:#000000;\"> y <\/span><u><a href=\"https:\/\/goo.gl\/maps\/FAFKMuji3yWs31g5A\" target=\"_blank\" rel=\"noopener\">L\u2019Illa Diagonal<\/a><\/u><span style=\"color:#000000;\"> en Barcelona y en las <\/span><u><a href=\"https:\/\/www.muji.com\/storelocator\/?c=es\" target=\"_blank\" rel=\"noopener\">tiendas de Madrid<\/a><\/u><span style=\"color:#000000;\">, disponibles a partir del 4 de diciembre. Las bolsas tienen un precio de 4,95 \u20ac, y todo lo que se recaude ir\u00e1 \u00edntegramente a garantizar los servicios educativos y sociales del Casal.\u00a0<\/span><\/p>\n<p dir=\"ltr\">\u00a0<\/p>\n<ul>\n<li aria-level=\"1\" dir=\"ltr\">\n<p dir=\"ltr\" role=\"presentation\"><strong>Compra la bolsa del Casal dels Infants en Abacus<\/strong><\/p>\n<\/li>\n<\/ul>\n<p dir=\"ltr\"><span style=\"color:#000000;\">Tambi\u00e9n en Abacus podr\u00e1s comprar una bolsa de tela del Casal dels Infants, de un dise\u00f1o diferente al anterior, pero hecha igualmente con las producciones art\u00edsticas de ni\u00f1os y ni\u00f1as del Casal. La bolsa estar\u00e1 disponible durante la tercera semana de diciembre en\u00a0las tiendas Abacus de Barcelona (<\/span><u><a href=\"https:\/\/www.google.com\/maps\/place\/Abacus+Cooperativa\/@41.3938276,2.154608,15z\/data=!4m5!3m4!1s0x0:0x1426257a64f11959!8m2!3d41.3938276!4d2.154608\" target=\"_blank\" rel=\"noopener\">Enric Granados<\/a><\/u><span style=\"color:#000000;\">, <\/span><u><a href=\"https:\/\/www.google.com\/maps\/place\/Abacus+Cooperativa\/@41.3907246,2.1728587,17z\/data=!3m2!4b1!5s0x12a4a2faad4885d9:0xd0ef7f63de4a0680!4m5!3m4!1s0x12a4a2faad2ba2c7:0x625bcc9bd331c76b!8m2!3d41.3907206!4d2.1750474\" target=\"_blank\" rel=\"noopener\">Ausi\u00e0s Marc<\/a><\/u><span style=\"color:#000000;\"> y <a href=\"https:\/\/www.google.com\/maps\/place\/Abacus+cooperativa\/@41.3893516,2.1340302,15z\/data=!4m5!3m4!1s0x0:0x467e2781fa96ad51!8m2!3d41.3893516!4d2.1340302\" target=\"_blank\" rel=\"noopener\">L&#8217;<\/a><\/span><u><a href=\"https:\/\/www.google.com\/maps\/place\/Abacus+cooperativa\/@41.3893516,2.1340302,15z\/data=!4m5!3m4!1s0x0:0x467e2781fa96ad51!8m2!3d41.3893516!4d2.1340302\" target=\"_blank\" rel=\"noopener\">Illa Diagonal<\/a><\/u><span style=\"color:#000000;\">), <\/span><u><a href=\"https:\/\/www.google.com\/maps\/place\/Abacus+cooperativa\/@41.44838,2.214522,15z\/data=!4m2!3m1!1s0x0:0x3a4dec70a6951f7e?sa=X&amp;ved=2ahUKEwiYs_vT3L_0AhV5lmoFHdqXCAgQ_BJ6BAhiEAU\" target=\"_blank\" rel=\"noopener\">Santa Coloma<\/a><a href=\"https:\/\/www.google.com\/maps\/place\/Abacus+cooperativa\/@41.44838,2.214522,15z\/data=!4m2!3m1!1s0x0:0x3a4dec70a6951f7e?sa=X&amp;ved=2ahUKEwiYs_vT3L_0AhV5lmoFHdqXCAgQ_BJ6BAhiEAU\" target=\"_blank\" rel=\"noopener\">\u00a0de Gramenet<\/a><\/u><span style=\"color:#000000;\">, <\/span><u><a href=\"https:\/\/www.google.com\/maps\/place\/Abacus\/@41.3627494,2.0835934,15z\/data=!4m5!3m4!1s0x0:0x58df8ce78b7cb5b!8m2!3d41.3627494!4d2.0835934\" target=\"_blank\" rel=\"noopener\">Cornell\u00e0 del Llobregat<\/a><\/u><span style=\"color:#000000;\"> y Badalona (<\/span><u><a href=\"https:\/\/www.google.com\/maps\/place\/Abacus+cooperativa\/@41.4468993,2.2391899,17z\/data=!3m2!4b1!5s0x12a4bb6cfd3cdd31:0x76db9a9db32e4c8e!4m5!3m4!1s0x12a4bb6cfd201d37:0x12cfea17485c44cd!8m2!3d41.4468582!4d2.2414253\" target=\"_blank\" rel=\"noopener\">Francesc Maci\u00e0<\/a><\/u><span style=\"color:#000000;\"> y <\/span><u><a href=\"https:\/\/www.google.com\/maps\/place\/Abacus+cooperativa\/@41.4430119,2.2299768,15z\/data=!4m5!3m4!1s0x0:0xf581b897606f5341!8m2!3d41.4430119!4d2.2299768\" target=\"_blank\" rel=\"noopener\">Centre Comercial M\u00e0gic Badalona<\/a><\/u><span style=\"color:#000000;\">). El precio de la bolsa es de 10 \u20ac. Lo que se recaude ir\u00e1 destinado \u00edntegramente a garantizar los servicios educativos y sociales del Casal.\u00a0<\/span><\/p>\n<p dir=\"ltr\">\u00a0<\/p>\n<ul>\n<li aria-level=\"1\" dir=\"ltr\">\n<p dir=\"ltr\" role=\"presentation\"><strong>Si eres una empresa, colabora con el Casal dels Infants<\/strong><\/p>\n<\/li>\n<\/ul>\n<p dir=\"ltr\"><span style=\"color:#000000;\">Desde el Casal dels Infants establecemos alianzas con las empresas desde programas de inserci\u00f3n laboral, colaboraciones para sostener la tarea del Casal hasta proyectos nuevos en alianza que dan respuesta a nuevas necesidades. Si en este tiempo de acciones solidarias te interesa colaborar con el Casal, ponte en contacto con nosotras a <\/span><u><a href=\"mailto:csavin@casaldelsinfants.org\">csavin@casaldelsinfants.org<\/a><\/u><span style=\"color:#000000;\"> y encontremos una manera de trabajar conjuntamente.\u00a0<\/span><\/p>\n<p dir=\"ltr\">\u00a0<\/p>\n","protected":false},"excerpt":{"rendered":"<p>\u00a0 Estamos a las puertas del 2022 y pronto har\u00e1 dos a\u00f1os de la pandemia del Covid-19. Las consecuencias de la crisis sanitaria se han extrapolado a muchos \u00e1mbitos de la vida y han provocado el aumento de unas desigualdades que ya exist\u00edan y que afectan a numerosas familias de nuestra casa. \u00bfC\u00f3mo tenemos que [&hellip;]<\/p>\n","protected":false},"author":1,"featured_media":3012,"comment_status":"open","ping_status":"open","sticky":false,"template":"","format":"standard","meta":{"_acf_changed":false,"_et_pb_use_builder":"","_et_pb_old_content":"","_et_gb_content_width":"","inline_featured_image":false,"footnotes":""},"categories":[125],"tags":[],"seus":[],"eixos":[110],"class_list":["post-4259","post","type-post","status-publish","format-standard","has-post-thumbnail","hentry","category-noticias","eixos-comunidad-casal-dels-infants"],"acf":[],"yoast_head":"<!-- This site is optimized with the Yoast SEO plugin v27.4 - https:\/\/yoast.com\/product\/yoast-seo-wordpress\/ -->\n<title>\u00bfC\u00f3mo puedes ayudar al Casal dels Infants a proteger la ilusi\u00f3n esta Navidad?<\/title>\n<meta name=\"description\" content=\"Con las fiestas de Navidad cada vez m\u00e1s cerca, te explicamos las maneras en las que puedes colaborar con el Casal dels Infants en estos tiempos solidarios. Puedes hacer un donativo, colaborar con regalos solidarios, o comprar una bolsa de tela solidaria en las tiendas Abacus y Muji. Tambi\u00e9n si eres una empresa podemos encontrar maneras de trabajar conjuntamente.\" \/>\n<meta name=\"robots\" content=\"index, follow, max-snippet:-1, max-image-preview:large, max-video-preview:-1\" \/>\n<link rel=\"canonical\" href=\"https:\/\/www.casaldelsinfants.org\/es\/actualidad\/como-puedes-ayudar-al-casal-dels-infants-proteger-la-ilusion-esta-navidad\/\" \/>\n<meta property=\"og:locale\" content=\"es_ES\" \/>\n<meta property=\"og:type\" content=\"article\" \/>\n<meta property=\"og:title\" content=\"\u00bfC\u00f3mo puedes ayudar al Casal dels Infants a proteger la ilusi\u00f3n esta Navidad?\" \/>\n<meta property=\"og:description\" content=\"Con las fiestas de Navidad cada vez m\u00e1s cerca, te explicamos las maneras en las que puedes colaborar con el Casal dels Infants en estos tiempos solidarios. Puedes hacer un donativo, colaborar con regalos solidarios, o comprar una bolsa de tela solidaria en las tiendas Abacus y Muji. Tambi\u00e9n si eres una empresa podemos encontrar maneras de trabajar conjuntamente.\" \/>\n<meta property=\"og:url\" content=\"https:\/\/www.casaldelsinfants.org\/es\/actualidad\/como-puedes-ayudar-al-casal-dels-infants-proteger-la-ilusion-esta-navidad\/\" \/>\n<meta property=\"og:site_name\" content=\"Casal dels Infants\" \/>\n<meta property=\"article:publisher\" content=\"https:\/\/www.facebook.com\/casalinfants\" \/>\n<meta property=\"article:published_time\" content=\"2021-12-01T11:28:46+00:00\" \/>\n<meta property=\"article:modified_time\" content=\"2023-05-01T15:43:23+00:00\" \/>\n<meta property=\"og:image\" content=\"https:\/\/www.casaldelsinfants.org\/wp-content\/uploads\/foto_1.png\" \/>\n\t<meta property=\"og:image:width\" content=\"3406\" \/>\n\t<meta property=\"og:image:height\" content=\"2159\" \/>\n\t<meta property=\"og:image:type\" content=\"image\/png\" \/>\n<meta name=\"author\" content=\"cdiAdmin\" \/>\n<meta name=\"twitter:card\" content=\"summary_large_image\" \/>\n<meta name=\"twitter:creator\" content=\"@casalinfants\" \/>\n<meta name=\"twitter:site\" content=\"@casalinfants\" \/>\n<meta name=\"twitter:label1\" content=\"Escrito por\" \/>\n\t<meta name=\"twitter:data1\" content=\"cdiAdmin\" \/>\n\t<meta name=\"twitter:label2\" content=\"Tiempo de lectura\" \/>\n\t<meta name=\"twitter:data2\" content=\"4 minutos\" \/>\n<script type=\"application\/ld+json\" class=\"yoast-schema-graph\">{\"@context\":\"https:\\\/\\\/schema.org\",\"@graph\":[{\"@type\":\"Article\",\"@id\":\"https:\\\/\\\/www.casaldelsinfants.org\\\/es\\\/actualidad\\\/como-puedes-ayudar-al-casal-dels-infants-proteger-la-ilusion-esta-navidad\\\/#article\",\"isPartOf\":{\"@id\":\"https:\\\/\\\/www.casaldelsinfants.org\\\/es\\\/actualidad\\\/como-puedes-ayudar-al-casal-dels-infants-proteger-la-ilusion-esta-navidad\\\/\"},\"author\":{\"name\":\"cdiAdmin\",\"@id\":\"https:\\\/\\\/www.casaldelsinfants.org\\\/es\\\/#\\\/schema\\\/person\\\/97707fc8c64900cf36891127dbf9fba8\"},\"headline\":\"\u00bfC\u00f3mo puedes ayudar al Casal dels Infants a proteger la ilusi\u00f3n esta Navidad?\",\"datePublished\":\"2021-12-01T11:28:46+00:00\",\"dateModified\":\"2023-05-01T15:43:23+00:00\",\"mainEntityOfPage\":{\"@id\":\"https:\\\/\\\/www.casaldelsinfants.org\\\/es\\\/actualidad\\\/como-puedes-ayudar-al-casal-dels-infants-proteger-la-ilusion-esta-navidad\\\/\"},\"wordCount\":733,\"commentCount\":0,\"publisher\":{\"@id\":\"https:\\\/\\\/www.casaldelsinfants.org\\\/es\\\/#organization\"},\"image\":{\"@id\":\"https:\\\/\\\/www.casaldelsinfants.org\\\/es\\\/actualidad\\\/como-puedes-ayudar-al-casal-dels-infants-proteger-la-ilusion-esta-navidad\\\/#primaryimage\"},\"thumbnailUrl\":\"https:\\\/\\\/www.casaldelsinfants.org\\\/wp-content\\\/uploads\\\/foto_1.png\",\"articleSection\":[\"Noticia\"],\"inLanguage\":\"es\",\"potentialAction\":[{\"@type\":\"CommentAction\",\"name\":\"Comment\",\"target\":[\"https:\\\/\\\/www.casaldelsinfants.org\\\/es\\\/actualidad\\\/como-puedes-ayudar-al-casal-dels-infants-proteger-la-ilusion-esta-navidad\\\/#respond\"]}]},{\"@type\":\"WebPage\",\"@id\":\"https:\\\/\\\/www.casaldelsinfants.org\\\/es\\\/actualidad\\\/como-puedes-ayudar-al-casal-dels-infants-proteger-la-ilusion-esta-navidad\\\/\",\"url\":\"https:\\\/\\\/www.casaldelsinfants.org\\\/es\\\/actualidad\\\/como-puedes-ayudar-al-casal-dels-infants-proteger-la-ilusion-esta-navidad\\\/\",\"name\":\"\u00bfC\u00f3mo puedes ayudar al Casal dels Infants a proteger la ilusi\u00f3n esta Navidad?\",\"isPartOf\":{\"@id\":\"https:\\\/\\\/www.casaldelsinfants.org\\\/es\\\/#website\"},\"primaryImageOfPage\":{\"@id\":\"https:\\\/\\\/www.casaldelsinfants.org\\\/es\\\/actualidad\\\/como-puedes-ayudar-al-casal-dels-infants-proteger-la-ilusion-esta-navidad\\\/#primaryimage\"},\"image\":{\"@id\":\"https:\\\/\\\/www.casaldelsinfants.org\\\/es\\\/actualidad\\\/como-puedes-ayudar-al-casal-dels-infants-proteger-la-ilusion-esta-navidad\\\/#primaryimage\"},\"thumbnailUrl\":\"https:\\\/\\\/www.casaldelsinfants.org\\\/wp-content\\\/uploads\\\/foto_1.png\",\"datePublished\":\"2021-12-01T11:28:46+00:00\",\"dateModified\":\"2023-05-01T15:43:23+00:00\",\"description\":\"Con las fiestas de Navidad cada vez m\u00e1s cerca, te explicamos las maneras en las que puedes colaborar con el Casal dels Infants en estos tiempos solidarios. Puedes hacer un donativo, colaborar con regalos solidarios, o comprar una bolsa de tela solidaria en las tiendas Abacus y Muji. Tambi\u00e9n si eres una empresa podemos encontrar maneras de trabajar conjuntamente.\",\"breadcrumb\":{\"@id\":\"https:\\\/\\\/www.casaldelsinfants.org\\\/es\\\/actualidad\\\/como-puedes-ayudar-al-casal-dels-infants-proteger-la-ilusion-esta-navidad\\\/#breadcrumb\"},\"inLanguage\":\"es\",\"potentialAction\":[{\"@type\":\"ReadAction\",\"target\":[\"https:\\\/\\\/www.casaldelsinfants.org\\\/es\\\/actualidad\\\/como-puedes-ayudar-al-casal-dels-infants-proteger-la-ilusion-esta-navidad\\\/\"]}]},{\"@type\":\"ImageObject\",\"inLanguage\":\"es\",\"@id\":\"https:\\\/\\\/www.casaldelsinfants.org\\\/es\\\/actualidad\\\/como-puedes-ayudar-al-casal-dels-infants-proteger-la-ilusion-esta-navidad\\\/#primaryimage\",\"url\":\"https:\\\/\\\/www.casaldelsinfants.org\\\/wp-content\\\/uploads\\\/foto_1.png\",\"contentUrl\":\"https:\\\/\\\/www.casaldelsinfants.org\\\/wp-content\\\/uploads\\\/foto_1.png\",\"width\":3406,\"height\":2159,\"caption\":\"Nena fent deures sobre la taula amb mascareta\"},{\"@type\":\"BreadcrumbList\",\"@id\":\"https:\\\/\\\/www.casaldelsinfants.org\\\/es\\\/actualidad\\\/como-puedes-ayudar-al-casal-dels-infants-proteger-la-ilusion-esta-navidad\\\/#breadcrumb\",\"itemListElement\":[{\"@type\":\"ListItem\",\"position\":1,\"name\":\"Inici\",\"item\":\"https:\\\/\\\/www.casaldelsinfants.org\\\/es\\\/\"},{\"@type\":\"ListItem\",\"position\":2,\"name\":\"\u00bfC\u00f3mo puedes ayudar al Casal dels Infants a proteger la ilusi\u00f3n esta Navidad?\"}]},{\"@type\":\"WebSite\",\"@id\":\"https:\\\/\\\/www.casaldelsinfants.org\\\/es\\\/#website\",\"url\":\"https:\\\/\\\/www.casaldelsinfants.org\\\/es\\\/\",\"name\":\"Casal dels Infants\",\"description\":\"\",\"publisher\":{\"@id\":\"https:\\\/\\\/www.casaldelsinfants.org\\\/es\\\/#organization\"},\"potentialAction\":[{\"@type\":\"SearchAction\",\"target\":{\"@type\":\"EntryPoint\",\"urlTemplate\":\"https:\\\/\\\/www.casaldelsinfants.org\\\/es\\\/?s={search_term_string}\"},\"query-input\":{\"@type\":\"PropertyValueSpecification\",\"valueRequired\":true,\"valueName\":\"search_term_string\"}}],\"inLanguage\":\"es\"},{\"@type\":\"Organization\",\"@id\":\"https:\\\/\\\/www.casaldelsinfants.org\\\/es\\\/#organization\",\"name\":\"Casal dels Infants\",\"url\":\"https:\\\/\\\/www.casaldelsinfants.org\\\/es\\\/\",\"logo\":{\"@type\":\"ImageObject\",\"inLanguage\":\"es\",\"@id\":\"https:\\\/\\\/www.casaldelsinfants.org\\\/es\\\/#\\\/schema\\\/logo\\\/image\\\/\",\"url\":\"https:\\\/\\\/www.casaldelsinfants.org\\\/wp-content\\\/uploads\\\/logo-mail.png\",\"contentUrl\":\"https:\\\/\\\/www.casaldelsinfants.org\\\/wp-content\\\/uploads\\\/logo-mail.png\",\"width\":380,\"height\":158,\"caption\":\"Casal dels Infants\"},\"image\":{\"@id\":\"https:\\\/\\\/www.casaldelsinfants.org\\\/es\\\/#\\\/schema\\\/logo\\\/image\\\/\"},\"sameAs\":[\"https:\\\/\\\/www.facebook.com\\\/casalinfants\",\"https:\\\/\\\/x.com\\\/casalinfants\",\"https:\\\/\\\/www.youtube.com\\\/user\\\/CasaldelsInfants1\",\"https:\\\/\\\/www.instagram.com\\\/casalinfants\\\/\",\"https:\\\/\\\/www.linkedin.com\\\/company\\\/casaldelsinfants?trk=organization-update_share-update_actor-text\"]},{\"@type\":\"Person\",\"@id\":\"https:\\\/\\\/www.casaldelsinfants.org\\\/es\\\/#\\\/schema\\\/person\\\/97707fc8c64900cf36891127dbf9fba8\",\"name\":\"cdiAdmin\",\"sameAs\":[\"https:\\\/\\\/casaldelsinfants.org\"]}]}<\/script>\n<!-- \/ Yoast SEO plugin. -->","yoast_head_json":{"title":"\u00bfC\u00f3mo puedes ayudar al Casal dels Infants a proteger la ilusi\u00f3n esta Navidad?","description":"Con las fiestas de Navidad cada vez m\u00e1s cerca, te explicamos las maneras en las que puedes colaborar con el Casal dels Infants en estos tiempos solidarios. Puedes hacer un donativo, colaborar con regalos solidarios, o comprar una bolsa de tela solidaria en las tiendas Abacus y Muji. Tambi\u00e9n si eres una empresa podemos encontrar maneras de trabajar conjuntamente.","robots":{"index":"index","follow":"follow","max-snippet":"max-snippet:-1","max-image-preview":"max-image-preview:large","max-video-preview":"max-video-preview:-1"},"canonical":"https:\/\/www.casaldelsinfants.org\/es\/actualidad\/como-puedes-ayudar-al-casal-dels-infants-proteger-la-ilusion-esta-navidad\/","og_locale":"es_ES","og_type":"article","og_title":"\u00bfC\u00f3mo puedes ayudar al Casal dels Infants a proteger la ilusi\u00f3n esta Navidad?","og_description":"Con las fiestas de Navidad cada vez m\u00e1s cerca, te explicamos las maneras en las que puedes colaborar con el Casal dels Infants en estos tiempos solidarios. Puedes hacer un donativo, colaborar con regalos solidarios, o comprar una bolsa de tela solidaria en las tiendas Abacus y Muji. Tambi\u00e9n si eres una empresa podemos encontrar maneras de trabajar conjuntamente.","og_url":"https:\/\/www.casaldelsinfants.org\/es\/actualidad\/como-puedes-ayudar-al-casal-dels-infants-proteger-la-ilusion-esta-navidad\/","og_site_name":"Casal dels Infants","article_publisher":"https:\/\/www.facebook.com\/casalinfants","article_published_time":"2021-12-01T11:28:46+00:00","article_modified_time":"2023-05-01T15:43:23+00:00","og_image":[{"url":"https:\/\/www.casaldelsinfants.org\/wp-content\/uploads\/foto_1.png","width":3406,"height":2159,"type":"image\/png"}],"author":"cdiAdmin","twitter_card":"summary_large_image","twitter_creator":"@casalinfants","twitter_site":"@casalinfants","twitter_misc":{"Escrito por":"cdiAdmin","Tiempo de lectura":"4 minutos"},"schema":{"@context":"https:\/\/schema.org","@graph":[{"@type":"Article","@id":"https:\/\/www.casaldelsinfants.org\/es\/actualidad\/como-puedes-ayudar-al-casal-dels-infants-proteger-la-ilusion-esta-navidad\/#article","isPartOf":{"@id":"https:\/\/www.casaldelsinfants.org\/es\/actualidad\/como-puedes-ayudar-al-casal-dels-infants-proteger-la-ilusion-esta-navidad\/"},"author":{"name":"cdiAdmin","@id":"https:\/\/www.casaldelsinfants.org\/es\/#\/schema\/person\/97707fc8c64900cf36891127dbf9fba8"},"headline":"\u00bfC\u00f3mo puedes ayudar al Casal dels Infants a proteger la ilusi\u00f3n esta Navidad?","datePublished":"2021-12-01T11:28:46+00:00","dateModified":"2023-05-01T15:43:23+00:00","mainEntityOfPage":{"@id":"https:\/\/www.casaldelsinfants.org\/es\/actualidad\/como-puedes-ayudar-al-casal-dels-infants-proteger-la-ilusion-esta-navidad\/"},"wordCount":733,"commentCount":0,"publisher":{"@id":"https:\/\/www.casaldelsinfants.org\/es\/#organization"},"image":{"@id":"https:\/\/www.casaldelsinfants.org\/es\/actualidad\/como-puedes-ayudar-al-casal-dels-infants-proteger-la-ilusion-esta-navidad\/#primaryimage"},"thumbnailUrl":"https:\/\/www.casaldelsinfants.org\/wp-content\/uploads\/foto_1.png","articleSection":["Noticia"],"inLanguage":"es","potentialAction":[{"@type":"CommentAction","name":"Comment","target":["https:\/\/www.casaldelsinfants.org\/es\/actualidad\/como-puedes-ayudar-al-casal-dels-infants-proteger-la-ilusion-esta-navidad\/#respond"]}]},{"@type":"WebPage","@id":"https:\/\/www.casaldelsinfants.org\/es\/actualidad\/como-puedes-ayudar-al-casal-dels-infants-proteger-la-ilusion-esta-navidad\/","url":"https:\/\/www.casaldelsinfants.org\/es\/actualidad\/como-puedes-ayudar-al-casal-dels-infants-proteger-la-ilusion-esta-navidad\/","name":"\u00bfC\u00f3mo puedes ayudar al Casal dels Infants a proteger la ilusi\u00f3n esta Navidad?","isPartOf":{"@id":"https:\/\/www.casaldelsinfants.org\/es\/#website"},"primaryImageOfPage":{"@id":"https:\/\/www.casaldelsinfants.org\/es\/actualidad\/como-puedes-ayudar-al-casal-dels-infants-proteger-la-ilusion-esta-navidad\/#primaryimage"},"image":{"@id":"https:\/\/www.casaldelsinfants.org\/es\/actualidad\/como-puedes-ayudar-al-casal-dels-infants-proteger-la-ilusion-esta-navidad\/#primaryimage"},"thumbnailUrl":"https:\/\/www.casaldelsinfants.org\/wp-content\/uploads\/foto_1.png","datePublished":"2021-12-01T11:28:46+00:00","dateModified":"2023-05-01T15:43:23+00:00","description":"Con las fiestas de Navidad cada vez m\u00e1s cerca, te explicamos las maneras en las que puedes colaborar con el Casal dels Infants en estos tiempos solidarios. Puedes hacer un donativo, colaborar con regalos solidarios, o comprar una bolsa de tela solidaria en las tiendas Abacus y Muji. Tambi\u00e9n si eres una empresa podemos encontrar maneras de trabajar conjuntamente.","breadcrumb":{"@id":"https:\/\/www.casaldelsinfants.org\/es\/actualidad\/como-puedes-ayudar-al-casal-dels-infants-proteger-la-ilusion-esta-navidad\/#breadcrumb"},"inLanguage":"es","potentialAction":[{"@type":"ReadAction","target":["https:\/\/www.casaldelsinfants.org\/es\/actualidad\/como-puedes-ayudar-al-casal-dels-infants-proteger-la-ilusion-esta-navidad\/"]}]},{"@type":"ImageObject","inLanguage":"es","@id":"https:\/\/www.casaldelsinfants.org\/es\/actualidad\/como-puedes-ayudar-al-casal-dels-infants-proteger-la-ilusion-esta-navidad\/#primaryimage","url":"https:\/\/www.casaldelsinfants.org\/wp-content\/uploads\/foto_1.png","contentUrl":"https:\/\/www.casaldelsinfants.org\/wp-content\/uploads\/foto_1.png","width":3406,"height":2159,"caption":"Nena fent deures sobre la taula amb mascareta"},{"@type":"BreadcrumbList","@id":"https:\/\/www.casaldelsinfants.org\/es\/actualidad\/como-puedes-ayudar-al-casal-dels-infants-proteger-la-ilusion-esta-navidad\/#breadcrumb","itemListElement":[{"@type":"ListItem","position":1,"name":"Inici","item":"https:\/\/www.casaldelsinfants.org\/es\/"},{"@type":"ListItem","position":2,"name":"\u00bfC\u00f3mo puedes ayudar al Casal dels Infants a proteger la ilusi\u00f3n esta Navidad?"}]},{"@type":"WebSite","@id":"https:\/\/www.casaldelsinfants.org\/es\/#website","url":"https:\/\/www.casaldelsinfants.org\/es\/","name":"Casal dels Infants","description":"","publisher":{"@id":"https:\/\/www.casaldelsinfants.org\/es\/#organization"},"potentialAction":[{"@type":"SearchAction","target":{"@type":"EntryPoint","urlTemplate":"https:\/\/www.casaldelsinfants.org\/es\/?s={search_term_string}"},"query-input":{"@type":"PropertyValueSpecification","valueRequired":true,"valueName":"search_term_string"}}],"inLanguage":"es"},{"@type":"Organization","@id":"https:\/\/www.casaldelsinfants.org\/es\/#organization","name":"Casal dels Infants","url":"https:\/\/www.casaldelsinfants.org\/es\/","logo":{"@type":"ImageObject","inLanguage":"es","@id":"https:\/\/www.casaldelsinfants.org\/es\/#\/schema\/logo\/image\/","url":"https:\/\/www.casaldelsinfants.org\/wp-content\/uploads\/logo-mail.png","contentUrl":"https:\/\/www.casaldelsinfants.org\/wp-content\/uploads\/logo-mail.png","width":380,"height":158,"caption":"Casal dels Infants"},"image":{"@id":"https:\/\/www.casaldelsinfants.org\/es\/#\/schema\/logo\/image\/"},"sameAs":["https:\/\/www.facebook.com\/casalinfants","https:\/\/x.com\/casalinfants","https:\/\/www.youtube.com\/user\/CasaldelsInfants1","https:\/\/www.instagram.com\/casalinfants\/","https:\/\/www.linkedin.com\/company\/casaldelsinfants?trk=organization-update_share-update_actor-text"]},{"@type":"Person","@id":"https:\/\/www.casaldelsinfants.org\/es\/#\/schema\/person\/97707fc8c64900cf36891127dbf9fba8","name":"cdiAdmin","sameAs":["https:\/\/casaldelsinfants.org"]}]}},"publishpress_future_action":{"enabled":false,"date":"2026-05-09 07:13:38","action":"change-status","newStatus":"draft","terms":[],"taxonomy":"category","extraData":[]},"publishpress_future_workflow_manual_trigger":{"enabledWorkflows":[]},"_links":{"self":[{"href":"https:\/\/www.casaldelsinfants.org\/es\/wp-json\/wp\/v2\/posts\/4259","targetHints":{"allow":["GET"]}}],"collection":[{"href":"https:\/\/www.casaldelsinfants.org\/es\/wp-json\/wp\/v2\/posts"}],"about":[{"href":"https:\/\/www.casaldelsinfants.org\/es\/wp-json\/wp\/v2\/types\/post"}],"author":[{"embeddable":true,"href":"https:\/\/www.casaldelsinfants.org\/es\/wp-json\/wp\/v2\/users\/1"}],"replies":[{"embeddable":true,"href":"https:\/\/www.casaldelsinfants.org\/es\/wp-json\/wp\/v2\/comments?post=4259"}],"version-history":[{"count":1,"href":"https:\/\/www.casaldelsinfants.org\/es\/wp-json\/wp\/v2\/posts\/4259\/revisions"}],"predecessor-version":[{"id":6241,"href":"https:\/\/www.casaldelsinfants.org\/es\/wp-json\/wp\/v2\/posts\/4259\/revisions\/6241"}],"wp:featuredmedia":[{"embeddable":true,"href":"https:\/\/www.casaldelsinfants.org\/es\/wp-json\/wp\/v2\/media\/3012"}],"wp:attachment":[{"href":"https:\/\/www.casaldelsinfants.org\/es\/wp-json\/wp\/v2\/media?parent=4259"}],"wp:term":[{"taxonomy":"category","embeddable":true,"href":"https:\/\/www.casaldelsinfants.org\/es\/wp-json\/wp\/v2\/categories?post=4259"},{"taxonomy":"post_tag","embeddable":true,"href":"https:\/\/www.casaldelsinfants.org\/es\/wp-json\/wp\/v2\/tags?post=4259"},{"taxonomy":"seus","embeddable":true,"href":"https:\/\/www.casaldelsinfants.org\/es\/wp-json\/wp\/v2\/seus?post=4259"},{"taxonomy":"eixos","embeddable":true,"href":"https:\/\/www.casaldelsinfants.org\/es\/wp-json\/wp\/v2\/eixos?post=4259"}],"curies":[{"name":"wp","href":"https:\/\/api.w.org\/{rel}","templated":true}]}}