{"id":4260,"date":"2021-11-22T16:50:34","date_gmt":"2021-11-22T14:50:34","guid":{"rendered":"https:\/\/casal.puntzero.cat\/noticies\/fer-voluntariat-al-casal-dels-infants\/"},"modified":"2023-05-01T17:43:31","modified_gmt":"2023-05-01T15:43:31","slug":"fer-voluntariat-al-casal-dels-infants","status":"publish","type":"post","link":"https:\/\/www.casaldelsinfants.org\/es\/actualidad\/el-voluntariado-en-el-casal-dels-infants\/","title":{"rendered":"El voluntariado en el Casal dels Infants"},"content":{"rendered":"<p><meta charset=\"utf-8\" \/><\/p>\n<p dir=\"ltr\"><span style=\"color:#000000;\">El<strong> voluntariado es una pieza clave<\/strong>\u00a0para las entidades sociales, porque gracias a la colaboraci\u00f3n de las personas voluntarias las ONG podemos contar con el apoyo que los equipos necesitan para tirar adelante nuestros proyectos cada d\u00eda.\u00a0<\/span><\/p>\n<p dir=\"ltr\"><span style=\"color:#000000;\">El pr\u00f3ximo\u00a0<strong>5 de diciembre es el dia del voluntariado <\/strong>y por esto, en este art\u00edculo, queremos hablarte de lo que representa hacer voluntariado, de c\u00f3mo funciona, d\u00f3nde hacerlo y asegurarnos de que no te quedas con ninguna duda si est\u00e1s pensando en hacerte voluntario o voluntaria.\u00a0<\/span><\/p>\n<p dir=\"ltr\">\u00a0<\/p>\n<p dir=\"ltr\"><strong>\u00bfC\u00f3mo funciona el voluntariado?\u00a0<\/strong><\/p>\n<p dir=\"ltr\"><span style=\"color:#000000;\">El voluntariado consiste en dedicar una parte de tu tiempo a colaborar con una causa solidaria.\u00a0<\/span><span style=\"color:#000000;\"><strong>El voluntario o voluntaria es la persona que se compromete de forma desinteresada a ayudar a los dem\u00e1s<\/strong>, de forma organizada\u00a0en el si de una instituci\u00f3n o proyecto.\u00a0<\/span><\/p>\n<p><span style=\"color:#000000;\">Si quieres hacer voluntariado, es importante que escojas una entidad con la que compartas valores y con la que te sientas c\u00f3modo con el tipo de actividades que se realizan y con los colectivos con los que se trabaja, por ejemplo, en el caso del Casal dels Infants, que te guste relacionarte con ni\u00f1os, ni\u00f1as y j\u00f3venes.\u00a0<\/span><\/p>\n<p><span style=\"color:#000000;\">Desde un punto de vista\u00a0centrado en valores,\u00a0<strong>se puede definir la persona voluntaria como aquella que:\u00a0<\/strong><\/span><\/p>\n<ul dir=\"ltr\">\n<li><span style=\"color:#000000;\"><span style=\"color:#000000;\">Actua a favor de los dem\u00e1s o de la comunidad\u00a0en general.<\/span><\/span><\/li>\n<li role=\"presentation\"><span style=\"color:#000000;\">Es solidaria y comprometida con el entorno, la comunidad y la sociedad.\u00a0<\/span><\/li>\n<li role=\"presentation\"><span style=\"color:#000000;\">Establece por propia voluntad y desde la plena libertad un compromiso de actuaci\u00f3n.\u00a0<\/span><\/li>\n<li role=\"presentation\"><span style=\"color:#000000;\">Es sensible a las carencias y necesidades de la sociedad y el entorno entendidas como un\u00a0global.<\/span><\/li>\n<li role=\"presentation\"><span style=\"color:#000000;\">Decide\u00a0desde la convicci\u00f3n personal passar a la acci\u00f3n.<\/span><\/li>\n<li role=\"presentation\"><span style=\"color:#000000;\">Es una persona activa, din\u00e1mica, emprendedora, responsable y dispuesta a asumir compromisos.\u00a0<\/span><\/li>\n<li role=\"presentation\"><span style=\"color:#000000;\">Actua coordinadamente en el marco de una organizaci\u00f3n.\u00a0<\/span><\/li>\n<li role=\"presentation\"><span style=\"color:#000000;\">Da sin esperar nada a cambio.\u00a0<\/span><\/li>\n<\/ul>\n<p><img decoding=\"async\" alt=\"joves voluntaris unint les mans\" data-entity-type=\"file\" data-entity-uuid=\"26c16a33-0eff-47d4-944d-38a28f3fa3b6\" data-image-style=\"large\" src=\"\/wp-content\/uploads\/inline-images\/casaldelsinfants_Voluntariat.jpg\" width=\"480\" height=\"320\" typeof=\"foaf:Image\" class=\"align-center\" \/><\/p>\n<p>\u00a0<\/p>\n<p><meta charset=\"utf-8\" \/><strong>\u00bfQu\u00e9 tengo que hacer si quiero hacer voluntariado en el Casal dels Infants?\u00a0<\/strong><\/p>\n<p><span style=\"color:#000000;\">Lo primero que debes hacer si quieres hacer\u00a0<\/span><span style=\"color:#000000;\"><strong>voluntariado en el\u00a0Casal dels Infants<\/strong>\u00a0es contactar con el <\/span><a href=\"https:\/\/www.casaldelsinfants.org\/es\/que-puedes-hacer-tu\/voluntariado\/\" title=\"voluntariado en el Casal dels Infants \"><u>departamento de voluntariado <\/u><\/a><span style=\"color:#000000;\">de la entidad, que te cita\u00e1 para una sesi\u00f3n informativa. A continuaci\u00f3n te har\u00e1n una entrevista individual, que servir\u00e1 para conocerte mejor, saber qu\u00e9 te gusta hacer, y en cu\u00e1l de los territorios donde trabajamos\u00a0(Barcelona, Sant Adri\u00e0 de Bes\u00f2s,\u00a0 Badalona, Santa Coloma de Gramenet o Salt) te gustar\u00eda hacer voluntariado. \u00a0<\/span><\/p>\n<p dir=\"ltr\"><span style=\"color:#000000;\">El voluntariado se adapta a tu disponibilidad horaria (d\u00edas de la semana que quieres venir, ma\u00f1ana o tarde), s\u00f3lo se pide un compromiso m\u00edmino de tres meses y respetar los horarios pactados, dado que los equipos educativos cuentan contigo y que trabajamos con ni\u00f1os y ni\u00f1as que establecen un v\u00ednculo con los voluntarios y voluntarias y no ser\u00eda conveniente que les acompa\u00f1ara una persona distinta cada d\u00eda.\u00a0\u00a0<\/span><\/p>\n<p dir=\"ltr\"><span style=\"color:#000000;\">Si quieres\u00a0contactar con nuestro <strong>equipo de voluntariado<\/strong><strong>\u00a0<\/strong>puedes hacerlo a trav\u00e9s del correo <b><u><a href=\"mailto:voluntariat@casaldelsinfants.org\">voluntariat@casaldelsinfants.org<\/a><\/u><\/b><\/span><span style=\"color:#000000;\">\u00a0o del tel\u00e9fono\u00a0<strong>682 200 911<\/strong> (tambi\u00e9n te responderemos por whatsapp).\u00a0<\/span><\/p>\n<p>\u00a0<\/p>\n<p dir=\"ltr\"><strong>\u00bfPo qu\u00e9 hacer voluntariado en el Casal dels Infants?\u00a0<\/strong><\/p>\n<p dir=\"ltr\"><span style=\"color:#000000;\"><strong>El Casal dels Infants es\u00a0una asociaci\u00f3n de personas voluntarias<\/strong>. Su \u00f3rgano de gobierno, a efectos legales, es la Asociaci\u00f3n, formada por una asemblea de socios\/as de 25 a 30 personas voluntarias, de entre las cuales se escoge una junta directiva y un\/a presidente\/a.<\/span><\/p>\n<p dir=\"ltr\"><span style=\"color:#000000;\">El resto del equipo que conforma el Casal est\u00e1\u00a0formado\u00a0por la estructura de <strong>personas contratadas<\/strong>\u00a0(con diferentes categor\u00edas profesionales), las <strong>personas voluntarias y el alumnado en pr\u00e1cticas\u00a0<\/strong>de estudios afines al mundo social y educativo\u00a0que aportan valor y\u00a0riqueza a la actuaci\u00f3n del Casal. Estos colectivos trabajan en diferentes proyectos de forma conjunta y coordinada para llevar a cabo los objetivos de la entidad.\u00a0<\/span><\/p>\n<p><span style=\"color:#000000;\">La estrecha colaboraci\u00f3n entre profesionales contratados y personas voluntarias tiene efectos multiplicadores sobre la energ\u00eda y los valores que cada uno aporta.\u00a0\u00a0<\/span><\/p>\n<p dir=\"ltr\"><strong><span style=\"color:#000000;\">Somos un equipo de\u00a01.017 personas, de las cuales\u00a0653 son personas voluntarias, 165 personas en pr\u00e1cticas y 199 contratadas.\u00a0<\/span><\/strong><\/p>\n<p><img decoding=\"async\" alt=\"noia volunt\u00e0ria jugant amb unes nenes petites\" data-entity-type=\"file\" data-entity-uuid=\"d331d9fe-d7f4-457d-9096-f6677d4caa55\" data-image-style=\"large\" src=\"\/wp-content\/uploads\/inline-images\/casaldelsinfants_les%20persones%20voluntaries.JPG\" width=\"480\" height=\"321\" typeof=\"foaf:Image\" class=\"align-center\" \/><\/p>\n<p>\u00a0<\/p>\n<p><meta charset=\"utf-8\" \/><\/p>\n<p dir=\"ltr\"><strong>\u00bfQui\u00e9n puede hacer voluntariado?\u00a0<\/strong><\/p>\n<p><span style=\"color:#000000;\"><strong>Cualquier persona mayor de 16 a\u00f1os puede ser voluntario\/a.\u00a0<\/strong>Lo \u00fanico que se necesita es estar motivado y tener ganas. No hay l\u00edmite de edad, en el Casal realizan voluntariado tanto <\/span><a href=\"https:\/\/youtu.be\/ckIHQvoR1eQ\" rel=\"nofollow\" title=\"J\u00falia nos cuenta su experiencia como voluntaria en el Casal dels Infants\"><u>chicos y chicas muy j\u00f3venes<\/u><\/a><span style=\"color:#000000;\"> como personas de 65 a\u00f1os. Todos y todas suman y aportan valor.\u00a0<\/span><\/p>\n<p dir=\"ltr\"><span style=\"color:#000000;\"><strong>El voluntariado es un aprendizaje para los y las j\u00f3venes<\/strong>, que se encuentran por primera vez en un entorno laboral, y tambi\u00e9n\u00a0<strong>una oportunidad\u00a0para las personas\u00a0jubiladas<\/strong>, que pueden transmitir su experiencia de vida a los ni\u00f3s, ni\u00f1as y j\u00f3venes del Casal, como nos cuentan Caterina y Rosa Mar\u00eda en <\/span><a href=\"https:\/\/youtu.be\/8rWvkR1KlfM\" rel=\"nofollow\" title=\"La experiencia de Caterina y Rosa Maria como voluntarias en el Casal dels infants\"><u>este v\u00eddeo\u00a0<\/u><\/a><span style=\"color:#000000;\">en los campos de trabajo de Tavascan donde realizan voluntariado desde hace a\u00f1os.\u00a0<\/span><\/p>\n<p dir=\"ltr\"><span style=\"color:#000000;\">Los <strong>profesores y las profesoras\u00a0<\/strong>tambi\u00e9n pueden realizar <strong>voluntariado\u00a0educativo<\/strong>, echando una mano en los espacios de estudio y refuerzo acad\u00e9mico presentes en todos nuestros servicios.\u00a0\u00a0<\/span><\/p>\n<p dir=\"ltr\">\u00a0<\/p>\n<p dir=\"ltr\"><strong>El voluntariado, abriendo puertas al mundo laboral\u00a0<\/strong><\/p>\n<p dir=\"ltr\"><span style=\"color:#000000;\">Las empresas y los <strong>e<\/strong><strong>ntornos laborales valoran cada vez m\u00e1s que sus trabajadores y trabajadoras hayan realizado un voluntariado<\/strong><\/span><span style=\"color:#000000;\"><strong>\u00a0<\/strong>en alg\u00fan momeno de su vida. <\/span><a href=\"https:\/\/empresas.infoempleo.com\/hrtrends\/incluir-voluntariado-en-el-curriculum\" rel=\"nofollow\" title=\"por qu\u00e9 incluir el voluntariado en tu curr\u00edculum\"><u>Las empresas de selecci\u00f3n lo tienen muy en cuenta\u00a0<\/u><\/a><span style=\"color:#000000;\">a la hora de seleccionar los curr\u00edculums ya que les aporta informaci\u00f3n de los candidatos y candidatas en el \u00e1mbito personal.\u00a0<\/span><\/p>\n<p dir=\"ltr\"><span style=\"color:#000000;\"><strong>Con el voluntariado muestras a las empresas cu\u00e1les son tus valores<\/strong>, que eres una persona generosa,\u00a0 implicada con tu entorno, que crees en lamovilizaci\u00f3n ciudadana como motor de una verdadera transformaci\u00f3n social y que est\u00e1s acostumbrada a trabajar en equipo.\u00a0<\/span><\/p>\n<p><img decoding=\"async\" alt=\"Noia volunt\u00e0ria ajudant a un participant del Casal dels Infants\" data-entity-type=\"file\" data-entity-uuid=\"0ca54438-0791-4b9d-9bd4-acae8b012bc2\" data-image-style=\"large\" src=\"\/wp-content\/uploads\/inline-images\/casaldelsinfants_voluntaria.JPG\" width=\"480\" height=\"360\" typeof=\"foaf:Image\" class=\"align-center\" \/><\/p>\n<p>\u00a0<\/p>\n<p><meta charset=\"utf-8\" \/><span style=\"color:#000000;\">Adem\u00e1s\u00a0, el voluntariado puede ser una oportunidadpara los y las j\u00f3venes que cursan estudios relacionados con el \u00e1mbito social y educativo, para acercarse a diferentes colectivos y realidades y hacerse una idea m\u00e1s clara de d\u00f3nde les gustar\u00eda acabar trabajando.\u00a0<\/span><br \/>\n\u00a0<\/p>\n<p dir=\"ltr\"><strong>Dar siempre ser\u00e1 m\u00e1s enriquecedor que recibir<\/strong><\/p>\n<p><span style=\"color:#000000;\"><strong>El voluntariado es una esperiencia de crecimiento personal, un aprendizajey un intercambio humano potente y enriquecedor<\/strong>, que te har\u00e1 salir de tu mundo y descubrir que muy cerca de t\u00ed hay personas que vinen realidades muy distintas a la tuya. El voluntariado te hace aterrizar y valorar mucho m\u00e1s lo que tienes y a menudo das por descontado.\u00a0<\/span><\/p>\n<p dir=\"ltr\"><a href=\"https:\/\/www.casaldelsinfants.org\/es\/que-puedes-hacer-tu\/voluntariado\/\" rel=\"nofollow\" title=\"haz voluntariado en el Casal dels Infants\"><u>Tu colaboraci\u00f3n es clave<\/u><\/a><span style=\"color:#000000;\">\u00a0para conseguir que las personas con menos recursos transformen su realidad mejor\u00e1ndola y as\u00ed construir una sociedad verdaderamente igualitaria donde no tenga cabida la pobreza y la marginaci\u00f3n.\u00a0<\/span><\/p>\n<p dir=\"ltr\"><span style=\"color:#000000;\">\u00bfHas o\u00eddo alguna vez aquello de que \u00abes mucho m\u00e1s lo que recibes que lo que das\u00bb? Cuando haces voluntariado, das sin esperar nada a cambio, pero te acabas llevando m\u00e1s, mucho mucho m\u00e1s de lo que das (y lo que das tiene un valor incalculable).\u00a0<\/span><\/p>\n<p dir=\"ltr\">\u00a0<\/p>\n<p><img decoding=\"async\" alt=\"nens i nenes del Casal dels Infants fent una rotllana \" data-entity-type=\"file\" data-entity-uuid=\"a187eed1-7085-4b32-997d-c63ad8adc5f8\" data-image-style=\"large\" src=\"\/wp-content\/uploads\/inline-images\/casaldelsinfants_fem%20voluntariat.JPG\" width=\"480\" height=\"321\" typeof=\"foaf:Image\" class=\"align-center\" \/><\/p>\n<blockquote>\n<p>\u00a0<\/p>\n<p><meta charset=\"utf-8\" \/><\/p>\n<p dir=\"ltr\"><b id=\"docs-internal-guid-c617a63a-7fff-c127-901c-a387c217681c\"><u><a href=\"https:\/\/www.casaldelsinfants.org\/es\/que-puedes-hacer-tu\/haz-un-donativo\/\" title=\"Hazte socio, haz un donativo\">Ay\u00fadanos a continua<\/a><a href=\"https:\/\/www.casaldelsinfants.org\/es\/que-puedes-hacer-tu\/haz-un-donativo\/\" title=\"Hazte socio, haz un donativo\">r dando apoyo<\/a><\/u> <\/b>a los ni\u00f1os, ni\u00f1as, j\u00f3venes y familias que m\u00e1s lo necesitan. Para que nadie se quede atr\u00e1s. \u00a1Juntos y juntas lo haremos posible!\u00a0<\/p>\n<p dir=\"ltr\">\u00a0<\/p>\n<p dir=\"ltr\">\u00a0<\/p>\n<\/blockquote>\n","protected":false},"excerpt":{"rendered":"<p>El voluntariado es una pieza clave\u00a0para las entidades sociales, porque gracias a la colaboraci\u00f3n de las personas voluntarias las ONG podemos contar con el apoyo que los equipos necesitan para tirar adelante nuestros proyectos cada d\u00eda.\u00a0 El pr\u00f3ximo\u00a05 de diciembre es el dia del voluntariado y por esto, en este art\u00edculo, queremos hablarte de lo [&hellip;]<\/p>\n","protected":false},"author":1,"featured_media":3015,"comment_status":"open","ping_status":"open","sticky":false,"template":"","format":"standard","meta":{"_acf_changed":false,"_et_pb_use_builder":"","_et_pb_old_content":"","_et_gb_content_width":"","inline_featured_image":false,"footnotes":""},"categories":[125],"tags":[],"seus":[],"eixos":[],"class_list":["post-4260","post","type-post","status-publish","format-standard","has-post-thumbnail","hentry","category-noticias"],"acf":[],"yoast_head":"<!-- This site is optimized with the Yoast SEO plugin v27.4 - https:\/\/yoast.com\/product\/yoast-seo-wordpress\/ -->\n<title>El voluntariado en el Casal dels Infants | Noticias<\/title>\n<meta name=\"description\" content=\"El voluntariado es clave para que las ONG puedan tirar adelante sus proyectos. Es un aprendizaje y una experiencia de crecimiento personal que sumar\u00e1 mucho en tu vida. En este art\u00edculo te explicamos todo lo que necesitas saber si te est\u00e1s planteando hacer voluntariado.\" \/>\n<meta name=\"robots\" content=\"index, follow, max-snippet:-1, max-image-preview:large, max-video-preview:-1\" \/>\n<link rel=\"canonical\" href=\"https:\/\/www.casaldelsinfants.org\/es\/actualidad\/el-voluntariado-en-el-casal-dels-infants\/\" \/>\n<meta property=\"og:locale\" content=\"es_ES\" \/>\n<meta property=\"og:type\" content=\"article\" \/>\n<meta property=\"og:title\" content=\"El voluntariado en el Casal dels Infants | Noticias\" \/>\n<meta property=\"og:description\" content=\"El voluntariado es clave para que las ONG puedan tirar adelante sus proyectos. Es un aprendizaje y una experiencia de crecimiento personal que sumar\u00e1 mucho en tu vida. En este art\u00edculo te explicamos todo lo que necesitas saber si te est\u00e1s planteando hacer voluntariado.\" \/>\n<meta property=\"og:url\" content=\"https:\/\/www.casaldelsinfants.org\/es\/actualidad\/el-voluntariado-en-el-casal-dels-infants\/\" \/>\n<meta property=\"og:site_name\" content=\"Casal dels Infants\" \/>\n<meta property=\"article:publisher\" content=\"https:\/\/www.facebook.com\/casalinfants\" \/>\n<meta property=\"article:published_time\" content=\"2021-11-22T14:50:34+00:00\" \/>\n<meta property=\"article:modified_time\" content=\"2023-05-01T15:43:31+00:00\" \/>\n<meta property=\"og:image\" content=\"https:\/\/www.casaldelsinfants.org\/wp-content\/uploads\/casaldelsinfants_fer_voluntariat.jpg\" \/>\n\t<meta property=\"og:image:width\" content=\"640\" \/>\n\t<meta property=\"og:image:height\" content=\"480\" \/>\n\t<meta property=\"og:image:type\" content=\"image\/jpeg\" \/>\n<meta name=\"author\" content=\"cdiAdmin\" \/>\n<meta name=\"twitter:card\" content=\"summary_large_image\" \/>\n<meta name=\"twitter:creator\" content=\"@casalinfants\" \/>\n<meta name=\"twitter:site\" content=\"@casalinfants\" \/>\n<meta name=\"twitter:label1\" content=\"Escrito por\" \/>\n\t<meta name=\"twitter:data1\" content=\"cdiAdmin\" \/>\n\t<meta name=\"twitter:label2\" content=\"Tiempo de lectura\" \/>\n\t<meta name=\"twitter:data2\" content=\"6 minutos\" \/>\n<script type=\"application\/ld+json\" class=\"yoast-schema-graph\">{\"@context\":\"https:\\\/\\\/schema.org\",\"@graph\":[{\"@type\":\"Article\",\"@id\":\"https:\\\/\\\/www.casaldelsinfants.org\\\/es\\\/actualidad\\\/el-voluntariado-en-el-casal-dels-infants\\\/#article\",\"isPartOf\":{\"@id\":\"https:\\\/\\\/www.casaldelsinfants.org\\\/es\\\/actualidad\\\/el-voluntariado-en-el-casal-dels-infants\\\/\"},\"author\":{\"name\":\"cdiAdmin\",\"@id\":\"https:\\\/\\\/www.casaldelsinfants.org\\\/es\\\/#\\\/schema\\\/person\\\/97707fc8c64900cf36891127dbf9fba8\"},\"headline\":\"El voluntariado en el Casal dels Infants\",\"datePublished\":\"2021-11-22T14:50:34+00:00\",\"dateModified\":\"2023-05-01T15:43:31+00:00\",\"mainEntityOfPage\":{\"@id\":\"https:\\\/\\\/www.casaldelsinfants.org\\\/es\\\/actualidad\\\/el-voluntariado-en-el-casal-dels-infants\\\/\"},\"wordCount\":1186,\"commentCount\":0,\"publisher\":{\"@id\":\"https:\\\/\\\/www.casaldelsinfants.org\\\/es\\\/#organization\"},\"image\":{\"@id\":\"https:\\\/\\\/www.casaldelsinfants.org\\\/es\\\/actualidad\\\/el-voluntariado-en-el-casal-dels-infants\\\/#primaryimage\"},\"thumbnailUrl\":\"https:\\\/\\\/www.casaldelsinfants.org\\\/wp-content\\\/uploads\\\/casaldelsinfants_fer_voluntariat.jpg\",\"articleSection\":[\"Noticia\"],\"inLanguage\":\"es\",\"potentialAction\":[{\"@type\":\"CommentAction\",\"name\":\"Comment\",\"target\":[\"https:\\\/\\\/www.casaldelsinfants.org\\\/es\\\/actualidad\\\/el-voluntariado-en-el-casal-dels-infants\\\/#respond\"]}]},{\"@type\":\"WebPage\",\"@id\":\"https:\\\/\\\/www.casaldelsinfants.org\\\/es\\\/actualidad\\\/el-voluntariado-en-el-casal-dels-infants\\\/\",\"url\":\"https:\\\/\\\/www.casaldelsinfants.org\\\/es\\\/actualidad\\\/el-voluntariado-en-el-casal-dels-infants\\\/\",\"name\":\"El voluntariado en el Casal dels Infants | Noticias\",\"isPartOf\":{\"@id\":\"https:\\\/\\\/www.casaldelsinfants.org\\\/es\\\/#website\"},\"primaryImageOfPage\":{\"@id\":\"https:\\\/\\\/www.casaldelsinfants.org\\\/es\\\/actualidad\\\/el-voluntariado-en-el-casal-dels-infants\\\/#primaryimage\"},\"image\":{\"@id\":\"https:\\\/\\\/www.casaldelsinfants.org\\\/es\\\/actualidad\\\/el-voluntariado-en-el-casal-dels-infants\\\/#primaryimage\"},\"thumbnailUrl\":\"https:\\\/\\\/www.casaldelsinfants.org\\\/wp-content\\\/uploads\\\/casaldelsinfants_fer_voluntariat.jpg\",\"datePublished\":\"2021-11-22T14:50:34+00:00\",\"dateModified\":\"2023-05-01T15:43:31+00:00\",\"description\":\"El voluntariado es clave para que las ONG puedan tirar adelante sus proyectos. Es un aprendizaje y una experiencia de crecimiento personal que sumar\u00e1 mucho en tu vida. En este art\u00edculo te explicamos todo lo que necesitas saber si te est\u00e1s planteando hacer voluntariado.\",\"breadcrumb\":{\"@id\":\"https:\\\/\\\/www.casaldelsinfants.org\\\/es\\\/actualidad\\\/el-voluntariado-en-el-casal-dels-infants\\\/#breadcrumb\"},\"inLanguage\":\"es\",\"potentialAction\":[{\"@type\":\"ReadAction\",\"target\":[\"https:\\\/\\\/www.casaldelsinfants.org\\\/es\\\/actualidad\\\/el-voluntariado-en-el-casal-dels-infants\\\/\"]}]},{\"@type\":\"ImageObject\",\"inLanguage\":\"es\",\"@id\":\"https:\\\/\\\/www.casaldelsinfants.org\\\/es\\\/actualidad\\\/el-voluntariado-en-el-casal-dels-infants\\\/#primaryimage\",\"url\":\"https:\\\/\\\/www.casaldelsinfants.org\\\/wp-content\\\/uploads\\\/casaldelsinfants_fer_voluntariat.jpg\",\"contentUrl\":\"https:\\\/\\\/www.casaldelsinfants.org\\\/wp-content\\\/uploads\\\/casaldelsinfants_fer_voluntariat.jpg\",\"width\":640,\"height\":480,\"caption\":\"Nens amb una tablet\"},{\"@type\":\"BreadcrumbList\",\"@id\":\"https:\\\/\\\/www.casaldelsinfants.org\\\/es\\\/actualidad\\\/el-voluntariado-en-el-casal-dels-infants\\\/#breadcrumb\",\"itemListElement\":[{\"@type\":\"ListItem\",\"position\":1,\"name\":\"Inici\",\"item\":\"https:\\\/\\\/www.casaldelsinfants.org\\\/es\\\/\"},{\"@type\":\"ListItem\",\"position\":2,\"name\":\"El voluntariado en el Casal dels Infants\"}]},{\"@type\":\"WebSite\",\"@id\":\"https:\\\/\\\/www.casaldelsinfants.org\\\/es\\\/#website\",\"url\":\"https:\\\/\\\/www.casaldelsinfants.org\\\/es\\\/\",\"name\":\"Casal dels Infants\",\"description\":\"\",\"publisher\":{\"@id\":\"https:\\\/\\\/www.casaldelsinfants.org\\\/es\\\/#organization\"},\"potentialAction\":[{\"@type\":\"SearchAction\",\"target\":{\"@type\":\"EntryPoint\",\"urlTemplate\":\"https:\\\/\\\/www.casaldelsinfants.org\\\/es\\\/?s={search_term_string}\"},\"query-input\":{\"@type\":\"PropertyValueSpecification\",\"valueRequired\":true,\"valueName\":\"search_term_string\"}}],\"inLanguage\":\"es\"},{\"@type\":\"Organization\",\"@id\":\"https:\\\/\\\/www.casaldelsinfants.org\\\/es\\\/#organization\",\"name\":\"Casal dels Infants\",\"url\":\"https:\\\/\\\/www.casaldelsinfants.org\\\/es\\\/\",\"logo\":{\"@type\":\"ImageObject\",\"inLanguage\":\"es\",\"@id\":\"https:\\\/\\\/www.casaldelsinfants.org\\\/es\\\/#\\\/schema\\\/logo\\\/image\\\/\",\"url\":\"https:\\\/\\\/www.casaldelsinfants.org\\\/wp-content\\\/uploads\\\/logo-mail.png\",\"contentUrl\":\"https:\\\/\\\/www.casaldelsinfants.org\\\/wp-content\\\/uploads\\\/logo-mail.png\",\"width\":380,\"height\":158,\"caption\":\"Casal dels Infants\"},\"image\":{\"@id\":\"https:\\\/\\\/www.casaldelsinfants.org\\\/es\\\/#\\\/schema\\\/logo\\\/image\\\/\"},\"sameAs\":[\"https:\\\/\\\/www.facebook.com\\\/casalinfants\",\"https:\\\/\\\/x.com\\\/casalinfants\",\"https:\\\/\\\/www.youtube.com\\\/user\\\/CasaldelsInfants1\",\"https:\\\/\\\/www.instagram.com\\\/casalinfants\\\/\",\"https:\\\/\\\/www.linkedin.com\\\/company\\\/casaldelsinfants?trk=organization-update_share-update_actor-text\"]},{\"@type\":\"Person\",\"@id\":\"https:\\\/\\\/www.casaldelsinfants.org\\\/es\\\/#\\\/schema\\\/person\\\/97707fc8c64900cf36891127dbf9fba8\",\"name\":\"cdiAdmin\",\"sameAs\":[\"https:\\\/\\\/casaldelsinfants.org\"]}]}<\/script>\n<!-- \/ Yoast SEO plugin. -->","yoast_head_json":{"title":"El voluntariado en el Casal dels Infants | Noticias","description":"El voluntariado es clave para que las ONG puedan tirar adelante sus proyectos. Es un aprendizaje y una experiencia de crecimiento personal que sumar\u00e1 mucho en tu vida. En este art\u00edculo te explicamos todo lo que necesitas saber si te est\u00e1s planteando hacer voluntariado.","robots":{"index":"index","follow":"follow","max-snippet":"max-snippet:-1","max-image-preview":"max-image-preview:large","max-video-preview":"max-video-preview:-1"},"canonical":"https:\/\/www.casaldelsinfants.org\/es\/actualidad\/el-voluntariado-en-el-casal-dels-infants\/","og_locale":"es_ES","og_type":"article","og_title":"El voluntariado en el Casal dels Infants | Noticias","og_description":"El voluntariado es clave para que las ONG puedan tirar adelante sus proyectos. Es un aprendizaje y una experiencia de crecimiento personal que sumar\u00e1 mucho en tu vida. En este art\u00edculo te explicamos todo lo que necesitas saber si te est\u00e1s planteando hacer voluntariado.","og_url":"https:\/\/www.casaldelsinfants.org\/es\/actualidad\/el-voluntariado-en-el-casal-dels-infants\/","og_site_name":"Casal dels Infants","article_publisher":"https:\/\/www.facebook.com\/casalinfants","article_published_time":"2021-11-22T14:50:34+00:00","article_modified_time":"2023-05-01T15:43:31+00:00","og_image":[{"width":640,"height":480,"url":"https:\/\/www.casaldelsinfants.org\/wp-content\/uploads\/casaldelsinfants_fer_voluntariat.jpg","type":"image\/jpeg"}],"author":"cdiAdmin","twitter_card":"summary_large_image","twitter_creator":"@casalinfants","twitter_site":"@casalinfants","twitter_misc":{"Escrito por":"cdiAdmin","Tiempo de lectura":"6 minutos"},"schema":{"@context":"https:\/\/schema.org","@graph":[{"@type":"Article","@id":"https:\/\/www.casaldelsinfants.org\/es\/actualidad\/el-voluntariado-en-el-casal-dels-infants\/#article","isPartOf":{"@id":"https:\/\/www.casaldelsinfants.org\/es\/actualidad\/el-voluntariado-en-el-casal-dels-infants\/"},"author":{"name":"cdiAdmin","@id":"https:\/\/www.casaldelsinfants.org\/es\/#\/schema\/person\/97707fc8c64900cf36891127dbf9fba8"},"headline":"El voluntariado en el Casal dels Infants","datePublished":"2021-11-22T14:50:34+00:00","dateModified":"2023-05-01T15:43:31+00:00","mainEntityOfPage":{"@id":"https:\/\/www.casaldelsinfants.org\/es\/actualidad\/el-voluntariado-en-el-casal-dels-infants\/"},"wordCount":1186,"commentCount":0,"publisher":{"@id":"https:\/\/www.casaldelsinfants.org\/es\/#organization"},"image":{"@id":"https:\/\/www.casaldelsinfants.org\/es\/actualidad\/el-voluntariado-en-el-casal-dels-infants\/#primaryimage"},"thumbnailUrl":"https:\/\/www.casaldelsinfants.org\/wp-content\/uploads\/casaldelsinfants_fer_voluntariat.jpg","articleSection":["Noticia"],"inLanguage":"es","potentialAction":[{"@type":"CommentAction","name":"Comment","target":["https:\/\/www.casaldelsinfants.org\/es\/actualidad\/el-voluntariado-en-el-casal-dels-infants\/#respond"]}]},{"@type":"WebPage","@id":"https:\/\/www.casaldelsinfants.org\/es\/actualidad\/el-voluntariado-en-el-casal-dels-infants\/","url":"https:\/\/www.casaldelsinfants.org\/es\/actualidad\/el-voluntariado-en-el-casal-dels-infants\/","name":"El voluntariado en el Casal dels Infants | Noticias","isPartOf":{"@id":"https:\/\/www.casaldelsinfants.org\/es\/#website"},"primaryImageOfPage":{"@id":"https:\/\/www.casaldelsinfants.org\/es\/actualidad\/el-voluntariado-en-el-casal-dels-infants\/#primaryimage"},"image":{"@id":"https:\/\/www.casaldelsinfants.org\/es\/actualidad\/el-voluntariado-en-el-casal-dels-infants\/#primaryimage"},"thumbnailUrl":"https:\/\/www.casaldelsinfants.org\/wp-content\/uploads\/casaldelsinfants_fer_voluntariat.jpg","datePublished":"2021-11-22T14:50:34+00:00","dateModified":"2023-05-01T15:43:31+00:00","description":"El voluntariado es clave para que las ONG puedan tirar adelante sus proyectos. Es un aprendizaje y una experiencia de crecimiento personal que sumar\u00e1 mucho en tu vida. En este art\u00edculo te explicamos todo lo que necesitas saber si te est\u00e1s planteando hacer voluntariado.","breadcrumb":{"@id":"https:\/\/www.casaldelsinfants.org\/es\/actualidad\/el-voluntariado-en-el-casal-dels-infants\/#breadcrumb"},"inLanguage":"es","potentialAction":[{"@type":"ReadAction","target":["https:\/\/www.casaldelsinfants.org\/es\/actualidad\/el-voluntariado-en-el-casal-dels-infants\/"]}]},{"@type":"ImageObject","inLanguage":"es","@id":"https:\/\/www.casaldelsinfants.org\/es\/actualidad\/el-voluntariado-en-el-casal-dels-infants\/#primaryimage","url":"https:\/\/www.casaldelsinfants.org\/wp-content\/uploads\/casaldelsinfants_fer_voluntariat.jpg","contentUrl":"https:\/\/www.casaldelsinfants.org\/wp-content\/uploads\/casaldelsinfants_fer_voluntariat.jpg","width":640,"height":480,"caption":"Nens amb una tablet"},{"@type":"BreadcrumbList","@id":"https:\/\/www.casaldelsinfants.org\/es\/actualidad\/el-voluntariado-en-el-casal-dels-infants\/#breadcrumb","itemListElement":[{"@type":"ListItem","position":1,"name":"Inici","item":"https:\/\/www.casaldelsinfants.org\/es\/"},{"@type":"ListItem","position":2,"name":"El voluntariado en el Casal dels Infants"}]},{"@type":"WebSite","@id":"https:\/\/www.casaldelsinfants.org\/es\/#website","url":"https:\/\/www.casaldelsinfants.org\/es\/","name":"Casal dels Infants","description":"","publisher":{"@id":"https:\/\/www.casaldelsinfants.org\/es\/#organization"},"potentialAction":[{"@type":"SearchAction","target":{"@type":"EntryPoint","urlTemplate":"https:\/\/www.casaldelsinfants.org\/es\/?s={search_term_string}"},"query-input":{"@type":"PropertyValueSpecification","valueRequired":true,"valueName":"search_term_string"}}],"inLanguage":"es"},{"@type":"Organization","@id":"https:\/\/www.casaldelsinfants.org\/es\/#organization","name":"Casal dels Infants","url":"https:\/\/www.casaldelsinfants.org\/es\/","logo":{"@type":"ImageObject","inLanguage":"es","@id":"https:\/\/www.casaldelsinfants.org\/es\/#\/schema\/logo\/image\/","url":"https:\/\/www.casaldelsinfants.org\/wp-content\/uploads\/logo-mail.png","contentUrl":"https:\/\/www.casaldelsinfants.org\/wp-content\/uploads\/logo-mail.png","width":380,"height":158,"caption":"Casal dels Infants"},"image":{"@id":"https:\/\/www.casaldelsinfants.org\/es\/#\/schema\/logo\/image\/"},"sameAs":["https:\/\/www.facebook.com\/casalinfants","https:\/\/x.com\/casalinfants","https:\/\/www.youtube.com\/user\/CasaldelsInfants1","https:\/\/www.instagram.com\/casalinfants\/","https:\/\/www.linkedin.com\/company\/casaldelsinfants?trk=organization-update_share-update_actor-text"]},{"@type":"Person","@id":"https:\/\/www.casaldelsinfants.org\/es\/#\/schema\/person\/97707fc8c64900cf36891127dbf9fba8","name":"cdiAdmin","sameAs":["https:\/\/casaldelsinfants.org"]}]}},"publishpress_future_action":{"enabled":false,"date":"2026-05-08 15:10:23","action":"change-status","newStatus":"draft","terms":[],"taxonomy":"category","extraData":[]},"publishpress_future_workflow_manual_trigger":{"enabledWorkflows":[]},"_links":{"self":[{"href":"https:\/\/www.casaldelsinfants.org\/es\/wp-json\/wp\/v2\/posts\/4260","targetHints":{"allow":["GET"]}}],"collection":[{"href":"https:\/\/www.casaldelsinfants.org\/es\/wp-json\/wp\/v2\/posts"}],"about":[{"href":"https:\/\/www.casaldelsinfants.org\/es\/wp-json\/wp\/v2\/types\/post"}],"author":[{"embeddable":true,"href":"https:\/\/www.casaldelsinfants.org\/es\/wp-json\/wp\/v2\/users\/1"}],"replies":[{"embeddable":true,"href":"https:\/\/www.casaldelsinfants.org\/es\/wp-json\/wp\/v2\/comments?post=4260"}],"version-history":[{"count":1,"href":"https:\/\/www.casaldelsinfants.org\/es\/wp-json\/wp\/v2\/posts\/4260\/revisions"}],"predecessor-version":[{"id":6242,"href":"https:\/\/www.casaldelsinfants.org\/es\/wp-json\/wp\/v2\/posts\/4260\/revisions\/6242"}],"wp:featuredmedia":[{"embeddable":true,"href":"https:\/\/www.casaldelsinfants.org\/es\/wp-json\/wp\/v2\/media\/3015"}],"wp:attachment":[{"href":"https:\/\/www.casaldelsinfants.org\/es\/wp-json\/wp\/v2\/media?parent=4260"}],"wp:term":[{"taxonomy":"category","embeddable":true,"href":"https:\/\/www.casaldelsinfants.org\/es\/wp-json\/wp\/v2\/categories?post=4260"},{"taxonomy":"post_tag","embeddable":true,"href":"https:\/\/www.casaldelsinfants.org\/es\/wp-json\/wp\/v2\/tags?post=4260"},{"taxonomy":"seus","embeddable":true,"href":"https:\/\/www.casaldelsinfants.org\/es\/wp-json\/wp\/v2\/seus?post=4260"},{"taxonomy":"eixos","embeddable":true,"href":"https:\/\/www.casaldelsinfants.org\/es\/wp-json\/wp\/v2\/eixos?post=4260"}],"curies":[{"name":"wp","href":"https:\/\/api.w.org\/{rel}","templated":true}]}}