{"id":4261,"date":"2021-11-18T15:29:51","date_gmt":"2021-11-18T13:29:51","guid":{"rendered":"https:\/\/casal.puntzero.cat\/noticies\/celebrem-i-reivindiquem-els-drets-dels-infants-amb-activitats-presencials-cada-barri\/"},"modified":"2023-09-05T11:41:34","modified_gmt":"2023-09-05T09:41:34","slug":"celebrem-i-reivindiquem-els-drets-dels-infants-amb-activitats-presencials-cada-barri","status":"publish","type":"post","link":"https:\/\/www.casaldelsinfants.org\/es\/actualidad\/reivindicamos-derechos-ninos-actividades-presenciales-barrio\/","title":{"rendered":"Celebramos y reivindicamos los derechos de los ni\u00f1os y ni\u00f1as con actividades presenciales en cada barrio"},"content":{"rendered":"<p dir=\"ltr\"><span style=\"color: #000000;\">Despu\u00e9s de un a\u00f1o y medio de confinamiento y restricciones a ra\u00edz de la pandemia de la Covid-19, desde el Casal dels Infants hemos recuperado las actividades presenciales para poder reivindicar los derechos de los ni\u00f1os y ni\u00f1as con motivo del <strong>Dia Universal del Ni\u00f1o<\/strong>, celebrado internacionalmente cada 20 de noviembre. El mismo d\u00eda de 1989, la Asamblea General de las Naciones Unidas aprob\u00f3 la Convenci\u00f3n sobre los Derechos del Ni\u00f1o. Un a\u00f1o despu\u00e9s, la Convenci\u00f3n se convirti\u00f3 en ley y fue firmada y ratificada por 20 pa\u00edses, entre los que hab\u00eda Espa\u00f1a. Actualmente, <\/span><u><a href=\"https:\/\/www.unicef.es\/causas\/derechos-ninos\/convencion-derechos-ninos\" target=\"_blank\" rel=\"noopener\">seg\u00fan Unicef<\/a><\/u><span style=\"color: #000000;\">, la Convenci\u00f3n ha sido aceptada por todos los pa\u00edses menos uno: los Estados Unidos.\u00a0<\/span><\/p>\n<p dir=\"ltr\"><span style=\"color: #000000;\">A pesar que el contenido de la Convenci\u00f3n est\u00e1 en buena parte integrado en la legislaci\u00f3n espa\u00f1ola y catalana, <strong>muchos ni\u00f1os y ni\u00f1as de nuestra casa contin\u00faan viendo vulnerados sus derechos b\u00e1sicos<\/strong> reflejados\u00a0en el texto, como tener una educaci\u00f3n en igualdad de condiciones o el derecho a tener un nivel de vida adecuado para el desarrollo f\u00edsico, mental y social. Muchas familias no reciben el apoyo necesario por parte de las administraciones p\u00fablicas para garantizar estas condiciones de vida a sus hijos y hijas: las transferencias sociales reducen el riesgo de pobreza entre los ni\u00f1os y ni\u00f1as solo un 16%, en un contexto donde <\/span><u>1 de cada 3 ni\u00f1os en Catalunya est\u00e1 en riesgo de pobreza<\/u><span style=\"color: #000000;\">, seg\u00fan datos del Institut d\u2019Estad\u00edstica de Catalunya.\u00a0<\/span><\/p>\n<p dir=\"ltr\"><span style=\"color: #000000;\">Este a\u00f1o, <\/span><u>despu\u00e9s de 2 a\u00f1os desde la \u00faltima celebraci\u00f3n<\/u><span style=\"color: #000000;\">, vuelven las actividades presenciales y celebramos el Dia Universal del Ni\u00f1o en los diferentes barrios y centros socioeducativos. En el <strong>Raval<\/strong>, los ni\u00f1os y ni\u00f1as que participan en el Centro Abierto visitar\u00e1n el lunes 22 de noviembre la <\/span><u><a href=\"https:\/\/www.teamlab.art\/es\/e\/caixaforum_barcelona\/\" target=\"_blank\" rel=\"noopener\">exposici\u00f3n TeamLab<\/a><\/u><span style=\"color: #000000;\">, sobre arte, naturaleza y tecnolog\u00eda, en el CaixaF\u00f2rum Barcelona. La celebraci\u00f3n continuar\u00e1 al d\u00eda siguiente en los centros del Raval, donde seguir\u00e1n trabajando a trav\u00e9s de din\u00e1micas y juegos los diferentes derechos.\u00a0<\/span><\/p>\n<p dir=\"ltr\"><span style=\"color: #000000;\">En algunos barrios se han avanzado y han trabajado los derechos de los ni\u00f1os y ni\u00f1as antes del 20 de noviembre. En <strong>Santa Coloma<\/strong>, con el grupo de Peque\u00f1os (de 3 a 5 a\u00f1os) del Servicio Anem i Tornem han hecho una yincana para reflexionar sobre el derecho a jugar; con los Medianos (de 6 a 8 a\u00f1os), han aprendido cu\u00e1les son los derechos b\u00e1sicos de los ni\u00f1os y ni\u00f1as a trav\u00e9s de un puzzle, y los Grandes (de 9 a 12 a\u00f1os) han practicado la papiroflexia dando forma a hojas de papel para conseguir palomas de la paz, donde han escrito qu\u00e9 derechos quieren para todos los ni\u00f1os y ni\u00f1as, adem\u00e1s de ir al cine para ver <em>Global Junk Food<\/em>, para trabajar el derecho a una alimentaci\u00f3n saludable. En el servicio Centre Socioeducatiu Beethoven hicieron una tarde de cuenta cuentos donde se abr\u00eda un espacio de reflexi\u00f3n sobre los derechos de los ni\u00f1os y ni\u00f1as. Los participantes del Centro Abierto Adolescente (COA) est\u00e1n haciendo un TikTok donde graban el proceso de creaci\u00f3n de pancartas reivindicativas. El grupo de J\u00f3venes investigar\u00e1 sobre diferentes situaciones de vulneraci\u00f3n de derechos y las debatir\u00e1n.\u00a0<\/span><\/p>\n<p><img decoding=\"async\" class=\"align-center\" src=\"\/wp-content\/uploads\/inline-images\/WhatsApp%20Image%202021-11-18%20at%2013.47.49.jpeg\" alt=\"Colom de la pau fet amb paper.\" width=\"480\" height=\"360\" data-entity-type=\"file\" data-entity-uuid=\"263dd230-e7b7-4a83-9e5d-98e7ff41c932\" data-image-style=\"large\" \/><\/p>\n<p class=\"text-align-center\"><span style=\"font-size: 12px;\"><em>Paloma de la paz de papel hecha por una participante\u00a0del Casal dels Infants Santa Coloma.<\/em><\/span><\/p>\n<p>&nbsp;<\/p>\n<p dir=\"ltr\"><span style=\"color: #000000;\">En <strong>Badalona<\/strong> han apostado por la <strong>creaci\u00f3n art\u00edstica<\/strong> para ense\u00f1ar y reivindicar los derechos de los ni\u00f1os. Ni\u00f1os y ni\u00f1as de 3 a 6 a\u00f1os y sus familias, del grupo Fem plegats, han trabajado 4 derechos: a la protecci\u00f3n, a la salud, a la identidad y a la educaci\u00f3n, y escogieron uno para dibujar con su familia. En el grupo de Grandes aprendieron sobre qu\u00e9 es un derecho y un deber, cuales son los derechos universales de los infantes y dibujaron el derecho que ellos escogieron. El mural del grupo de Grandes se ha trasladado al Consell dels Infants de Badalona para colgarlo en alg\u00fan rinc\u00f3n de la ciudad. Tambi\u00e9n en el <strong>Bes\u00f2s i la Mina<\/strong> han escogido la v\u00eda art\u00edstica para trabajar los derechos de los infantes: entre hoy y viernes, los grupos de primaria elaborar\u00e1n carteles para representar cada derecho, despu\u00e9s de haberlos explicado y debatido.\u00a0<\/span><\/p>\n<p><img decoding=\"async\" class=\"align-center\" src=\"\/wp-content\/uploads\/inline-images\/Petits%2C%20dret%20a%20la%20identitat%20%281%29_0.jpeg\" alt=\"Una nena resegueix sobre un paper la silueta del seu company, qui est\u00e0 estirat al terra.\" width=\"480\" height=\"360\" data-entity-type=\"file\" data-entity-uuid=\"14cf49b7-5e6a-4560-815e-6ea463956e26\" data-image-style=\"large\" \/><\/p>\n<p class=\"text-align-center\"><span style=\"font-size: 12px;\"><em>Participantes del Casal dels Infants de Salt trabajan el derecho a la identidad.<\/em><\/span><\/p>\n<p>&nbsp;<\/p>\n<p dir=\"ltr\"><span style=\"color: #000000;\">En <strong>Salt<\/strong>, han ido trabajando con los ni\u00f1os y ni\u00f1as del Centro Abierto Infantil (COI) sus derechos a lo largo de este trimestre. Con los Peque\u00f1os se han centrado en los derechos a la propia identidad, a tener una familia, a una vivienda y al ocio, a partir de la actividad de refuerzo escolar l\u00fadico que se hace cada lunes. As\u00ed, los m\u00e1s peque\u00f1os han podido empezar a reflexionar sobre los derechos b\u00e1sicos y <strong>ver como no siempre se garantizan<\/strong>. El grupo de Grandes ha desarrollado, utilizando las TIC, un an\u00e1lisis del territorio de diferentes aspectos que tienen impacto en la infancia, como el ocio o la salud. El resultado final ser\u00e1 un espacio de telenoticias donde informaran sobre aquello que han descubierto y compartir\u00e1n sus opiniones.\u00a0<\/span><\/p>\n<blockquote>\n<p dir=\"ltr\"><a href=\"https:\/\/www.casaldelsinfants.org\/es\/que-puedes-hacer-tu\/haz-un-donativo\/\" target=\"_blank\" rel=\"noopener\"><u>Ay\u00fadanos\u00a0a proteger la ilusi\u00f3n<\/u><\/a> y a continuar trabajando para garantizar\u00a0los derechos b\u00e1sicos a ni\u00f1os, ni\u00f1as y j\u00f3venes.<\/p>\n<\/blockquote>\n","protected":false},"excerpt":{"rendered":"<p>Despu\u00e9s de un a\u00f1o y medio de confinamiento y restricciones a ra\u00edz de la pandemia de la Covid-19, desde el Casal dels Infants hemos recuperado las actividades presenciales para poder reivindicar los derechos de los ni\u00f1os y ni\u00f1as con motivo del Dia Universal del Ni\u00f1o, celebrado internacionalmente cada 20 de noviembre. El mismo d\u00eda de [&hellip;]<\/p>\n","protected":false},"author":1,"featured_media":3018,"comment_status":"open","ping_status":"open","sticky":false,"template":"","format":"standard","meta":{"_acf_changed":false,"_et_pb_use_builder":"","_et_pb_old_content":"","_et_gb_content_width":"","inline_featured_image":false,"footnotes":""},"categories":[125],"tags":[],"seus":[],"eixos":[],"class_list":["post-4261","post","type-post","status-publish","format-standard","has-post-thumbnail","hentry","category-noticias"],"acf":[],"yoast_head":"<!-- This site is optimized with the Yoast SEO plugin v27.4 - https:\/\/yoast.com\/product\/yoast-seo-wordpress\/ -->\n<title>Celebrem i reivindiquem els drets dels infants amb activitats presencials a cada barri - Casal dels Infants<\/title>\n<meta name=\"description\" content=\"Amb motiu del Dia Universal dels Drets dels Infants, que se celebra internacionalment cada 20 de novembre, el Casal recupera la presencialitat per gaudir juntes d&#039;aquest dia i reivindicar la import\u00e0ncia de vetllar pels drets de tots els infants. Es faran activitats en els centres de Badalona, Salt, Santa Coloma, Bes\u00f2s-La Mina i el Raval.\" \/>\n<meta name=\"robots\" content=\"index, follow, max-snippet:-1, max-image-preview:large, max-video-preview:-1\" \/>\n<link rel=\"canonical\" href=\"https:\/\/www.casaldelsinfants.org\/es\/actualidad\/reivindicamos-derechos-ninos-actividades-presenciales-barrio\/\" \/>\n<meta property=\"og:locale\" content=\"es_ES\" \/>\n<meta property=\"og:type\" content=\"article\" \/>\n<meta property=\"og:title\" content=\"Celebrem i reivindiquem els drets dels infants amb activitats presencials a cada barri - Casal dels Infants\" \/>\n<meta property=\"og:description\" content=\"Amb motiu del Dia Universal dels Drets dels Infants, que se celebra internacionalment cada 20 de novembre, el Casal recupera la presencialitat per gaudir juntes d&#039;aquest dia i reivindicar la import\u00e0ncia de vetllar pels drets de tots els infants. Es faran activitats en els centres de Badalona, Salt, Santa Coloma, Bes\u00f2s-La Mina i el Raval.\" \/>\n<meta property=\"og:url\" content=\"https:\/\/www.casaldelsinfants.org\/es\/actualidad\/reivindicamos-derechos-ninos-actividades-presenciales-barrio\/\" \/>\n<meta property=\"og:site_name\" content=\"Casal dels Infants\" \/>\n<meta property=\"article:publisher\" content=\"https:\/\/www.facebook.com\/casalinfants\" \/>\n<meta property=\"article:published_time\" content=\"2021-11-18T13:29:51+00:00\" \/>\n<meta property=\"article:modified_time\" content=\"2023-09-05T09:41:34+00:00\" \/>\n<meta property=\"og:image\" content=\"https:\/\/www.casaldelsinfants.org\/wp-content\/uploads\/foto_noti.jpg\" \/>\n\t<meta property=\"og:image:width\" content=\"864\" \/>\n\t<meta property=\"og:image:height\" content=\"797\" \/>\n\t<meta property=\"og:image:type\" content=\"image\/jpeg\" \/>\n<meta name=\"author\" content=\"cdiAdmin\" \/>\n<meta name=\"twitter:card\" content=\"summary_large_image\" \/>\n<meta name=\"twitter:creator\" content=\"@casalinfants\" \/>\n<meta name=\"twitter:site\" content=\"@casalinfants\" \/>\n<meta name=\"twitter:label1\" content=\"Escrito por\" \/>\n\t<meta name=\"twitter:data1\" content=\"cdiAdmin\" \/>\n\t<meta name=\"twitter:label2\" content=\"Tiempo de lectura\" \/>\n\t<meta name=\"twitter:data2\" content=\"5 minutos\" \/>\n<script type=\"application\/ld+json\" class=\"yoast-schema-graph\">{\"@context\":\"https:\\\/\\\/schema.org\",\"@graph\":[{\"@type\":\"Article\",\"@id\":\"https:\\\/\\\/www.casaldelsinfants.org\\\/es\\\/actualidad\\\/reivindicamos-derechos-ninos-actividades-presenciales-barrio\\\/#article\",\"isPartOf\":{\"@id\":\"https:\\\/\\\/www.casaldelsinfants.org\\\/es\\\/actualidad\\\/reivindicamos-derechos-ninos-actividades-presenciales-barrio\\\/\"},\"author\":{\"name\":\"cdiAdmin\",\"@id\":\"https:\\\/\\\/www.casaldelsinfants.org\\\/es\\\/#\\\/schema\\\/person\\\/97707fc8c64900cf36891127dbf9fba8\"},\"headline\":\"Celebramos y reivindicamos los derechos de los ni\u00f1os y ni\u00f1as con actividades presenciales en cada barrio\",\"datePublished\":\"2021-11-18T13:29:51+00:00\",\"dateModified\":\"2023-09-05T09:41:34+00:00\",\"mainEntityOfPage\":{\"@id\":\"https:\\\/\\\/www.casaldelsinfants.org\\\/es\\\/actualidad\\\/reivindicamos-derechos-ninos-actividades-presenciales-barrio\\\/\"},\"wordCount\":938,\"commentCount\":0,\"publisher\":{\"@id\":\"https:\\\/\\\/www.casaldelsinfants.org\\\/es\\\/#organization\"},\"image\":{\"@id\":\"https:\\\/\\\/www.casaldelsinfants.org\\\/es\\\/actualidad\\\/reivindicamos-derechos-ninos-actividades-presenciales-barrio\\\/#primaryimage\"},\"thumbnailUrl\":\"https:\\\/\\\/www.casaldelsinfants.org\\\/wp-content\\\/uploads\\\/foto_noti.jpg\",\"articleSection\":[\"Noticia\"],\"inLanguage\":\"es\",\"potentialAction\":[{\"@type\":\"CommentAction\",\"name\":\"Comment\",\"target\":[\"https:\\\/\\\/www.casaldelsinfants.org\\\/es\\\/actualidad\\\/reivindicamos-derechos-ninos-actividades-presenciales-barrio\\\/#respond\"]}]},{\"@type\":\"WebPage\",\"@id\":\"https:\\\/\\\/www.casaldelsinfants.org\\\/es\\\/actualidad\\\/reivindicamos-derechos-ninos-actividades-presenciales-barrio\\\/\",\"url\":\"https:\\\/\\\/www.casaldelsinfants.org\\\/es\\\/actualidad\\\/reivindicamos-derechos-ninos-actividades-presenciales-barrio\\\/\",\"name\":\"Celebrem i reivindiquem els drets dels infants amb activitats presencials a cada barri - Casal dels Infants\",\"isPartOf\":{\"@id\":\"https:\\\/\\\/www.casaldelsinfants.org\\\/es\\\/#website\"},\"primaryImageOfPage\":{\"@id\":\"https:\\\/\\\/www.casaldelsinfants.org\\\/es\\\/actualidad\\\/reivindicamos-derechos-ninos-actividades-presenciales-barrio\\\/#primaryimage\"},\"image\":{\"@id\":\"https:\\\/\\\/www.casaldelsinfants.org\\\/es\\\/actualidad\\\/reivindicamos-derechos-ninos-actividades-presenciales-barrio\\\/#primaryimage\"},\"thumbnailUrl\":\"https:\\\/\\\/www.casaldelsinfants.org\\\/wp-content\\\/uploads\\\/foto_noti.jpg\",\"datePublished\":\"2021-11-18T13:29:51+00:00\",\"dateModified\":\"2023-09-05T09:41:34+00:00\",\"description\":\"Amb motiu del Dia Universal dels Drets dels Infants, que se celebra internacionalment cada 20 de novembre, el Casal recupera la presencialitat per gaudir juntes d'aquest dia i reivindicar la import\u00e0ncia de vetllar pels drets de tots els infants. Es faran activitats en els centres de Badalona, Salt, Santa Coloma, Bes\u00f2s-La Mina i el Raval.\",\"breadcrumb\":{\"@id\":\"https:\\\/\\\/www.casaldelsinfants.org\\\/es\\\/actualidad\\\/reivindicamos-derechos-ninos-actividades-presenciales-barrio\\\/#breadcrumb\"},\"inLanguage\":\"es\",\"potentialAction\":[{\"@type\":\"ReadAction\",\"target\":[\"https:\\\/\\\/www.casaldelsinfants.org\\\/es\\\/actualidad\\\/reivindicamos-derechos-ninos-actividades-presenciales-barrio\\\/\"]}]},{\"@type\":\"ImageObject\",\"inLanguage\":\"es\",\"@id\":\"https:\\\/\\\/www.casaldelsinfants.org\\\/es\\\/actualidad\\\/reivindicamos-derechos-ninos-actividades-presenciales-barrio\\\/#primaryimage\",\"url\":\"https:\\\/\\\/www.casaldelsinfants.org\\\/wp-content\\\/uploads\\\/foto_noti.jpg\",\"contentUrl\":\"https:\\\/\\\/www.casaldelsinfants.org\\\/wp-content\\\/uploads\\\/foto_noti.jpg\",\"width\":864,\"height\":797,\"caption\":\"Celebrem i reivindiquem els drets dels infants amb activitats presencials a cada barri\"},{\"@type\":\"BreadcrumbList\",\"@id\":\"https:\\\/\\\/www.casaldelsinfants.org\\\/es\\\/actualidad\\\/reivindicamos-derechos-ninos-actividades-presenciales-barrio\\\/#breadcrumb\",\"itemListElement\":[{\"@type\":\"ListItem\",\"position\":1,\"name\":\"Inici\",\"item\":\"https:\\\/\\\/www.casaldelsinfants.org\\\/es\\\/\"},{\"@type\":\"ListItem\",\"position\":2,\"name\":\"Celebramos y reivindicamos los derechos de los ni\u00f1os y ni\u00f1as con actividades presenciales en cada barrio\"}]},{\"@type\":\"WebSite\",\"@id\":\"https:\\\/\\\/www.casaldelsinfants.org\\\/es\\\/#website\",\"url\":\"https:\\\/\\\/www.casaldelsinfants.org\\\/es\\\/\",\"name\":\"Casal dels Infants\",\"description\":\"\",\"publisher\":{\"@id\":\"https:\\\/\\\/www.casaldelsinfants.org\\\/es\\\/#organization\"},\"potentialAction\":[{\"@type\":\"SearchAction\",\"target\":{\"@type\":\"EntryPoint\",\"urlTemplate\":\"https:\\\/\\\/www.casaldelsinfants.org\\\/es\\\/?s={search_term_string}\"},\"query-input\":{\"@type\":\"PropertyValueSpecification\",\"valueRequired\":true,\"valueName\":\"search_term_string\"}}],\"inLanguage\":\"es\"},{\"@type\":\"Organization\",\"@id\":\"https:\\\/\\\/www.casaldelsinfants.org\\\/es\\\/#organization\",\"name\":\"Casal dels Infants\",\"url\":\"https:\\\/\\\/www.casaldelsinfants.org\\\/es\\\/\",\"logo\":{\"@type\":\"ImageObject\",\"inLanguage\":\"es\",\"@id\":\"https:\\\/\\\/www.casaldelsinfants.org\\\/es\\\/#\\\/schema\\\/logo\\\/image\\\/\",\"url\":\"https:\\\/\\\/www.casaldelsinfants.org\\\/wp-content\\\/uploads\\\/logo-mail.png\",\"contentUrl\":\"https:\\\/\\\/www.casaldelsinfants.org\\\/wp-content\\\/uploads\\\/logo-mail.png\",\"width\":380,\"height\":158,\"caption\":\"Casal dels Infants\"},\"image\":{\"@id\":\"https:\\\/\\\/www.casaldelsinfants.org\\\/es\\\/#\\\/schema\\\/logo\\\/image\\\/\"},\"sameAs\":[\"https:\\\/\\\/www.facebook.com\\\/casalinfants\",\"https:\\\/\\\/x.com\\\/casalinfants\",\"https:\\\/\\\/www.youtube.com\\\/user\\\/CasaldelsInfants1\",\"https:\\\/\\\/www.instagram.com\\\/casalinfants\\\/\",\"https:\\\/\\\/www.linkedin.com\\\/company\\\/casaldelsinfants?trk=organization-update_share-update_actor-text\"]},{\"@type\":\"Person\",\"@id\":\"https:\\\/\\\/www.casaldelsinfants.org\\\/es\\\/#\\\/schema\\\/person\\\/97707fc8c64900cf36891127dbf9fba8\",\"name\":\"cdiAdmin\",\"sameAs\":[\"https:\\\/\\\/casaldelsinfants.org\"]}]}<\/script>\n<!-- \/ Yoast SEO plugin. -->","yoast_head_json":{"title":"Celebrem i reivindiquem els drets dels infants amb activitats presencials a cada barri - Casal dels Infants","description":"Amb motiu del Dia Universal dels Drets dels Infants, que se celebra internacionalment cada 20 de novembre, el Casal recupera la presencialitat per gaudir juntes d'aquest dia i reivindicar la import\u00e0ncia de vetllar pels drets de tots els infants. Es faran activitats en els centres de Badalona, Salt, Santa Coloma, Bes\u00f2s-La Mina i el Raval.","robots":{"index":"index","follow":"follow","max-snippet":"max-snippet:-1","max-image-preview":"max-image-preview:large","max-video-preview":"max-video-preview:-1"},"canonical":"https:\/\/www.casaldelsinfants.org\/es\/actualidad\/reivindicamos-derechos-ninos-actividades-presenciales-barrio\/","og_locale":"es_ES","og_type":"article","og_title":"Celebrem i reivindiquem els drets dels infants amb activitats presencials a cada barri - Casal dels Infants","og_description":"Amb motiu del Dia Universal dels Drets dels Infants, que se celebra internacionalment cada 20 de novembre, el Casal recupera la presencialitat per gaudir juntes d'aquest dia i reivindicar la import\u00e0ncia de vetllar pels drets de tots els infants. Es faran activitats en els centres de Badalona, Salt, Santa Coloma, Bes\u00f2s-La Mina i el Raval.","og_url":"https:\/\/www.casaldelsinfants.org\/es\/actualidad\/reivindicamos-derechos-ninos-actividades-presenciales-barrio\/","og_site_name":"Casal dels Infants","article_publisher":"https:\/\/www.facebook.com\/casalinfants","article_published_time":"2021-11-18T13:29:51+00:00","article_modified_time":"2023-09-05T09:41:34+00:00","og_image":[{"width":864,"height":797,"url":"https:\/\/www.casaldelsinfants.org\/wp-content\/uploads\/foto_noti.jpg","type":"image\/jpeg"}],"author":"cdiAdmin","twitter_card":"summary_large_image","twitter_creator":"@casalinfants","twitter_site":"@casalinfants","twitter_misc":{"Escrito por":"cdiAdmin","Tiempo de lectura":"5 minutos"},"schema":{"@context":"https:\/\/schema.org","@graph":[{"@type":"Article","@id":"https:\/\/www.casaldelsinfants.org\/es\/actualidad\/reivindicamos-derechos-ninos-actividades-presenciales-barrio\/#article","isPartOf":{"@id":"https:\/\/www.casaldelsinfants.org\/es\/actualidad\/reivindicamos-derechos-ninos-actividades-presenciales-barrio\/"},"author":{"name":"cdiAdmin","@id":"https:\/\/www.casaldelsinfants.org\/es\/#\/schema\/person\/97707fc8c64900cf36891127dbf9fba8"},"headline":"Celebramos y reivindicamos los derechos de los ni\u00f1os y ni\u00f1as con actividades presenciales en cada barrio","datePublished":"2021-11-18T13:29:51+00:00","dateModified":"2023-09-05T09:41:34+00:00","mainEntityOfPage":{"@id":"https:\/\/www.casaldelsinfants.org\/es\/actualidad\/reivindicamos-derechos-ninos-actividades-presenciales-barrio\/"},"wordCount":938,"commentCount":0,"publisher":{"@id":"https:\/\/www.casaldelsinfants.org\/es\/#organization"},"image":{"@id":"https:\/\/www.casaldelsinfants.org\/es\/actualidad\/reivindicamos-derechos-ninos-actividades-presenciales-barrio\/#primaryimage"},"thumbnailUrl":"https:\/\/www.casaldelsinfants.org\/wp-content\/uploads\/foto_noti.jpg","articleSection":["Noticia"],"inLanguage":"es","potentialAction":[{"@type":"CommentAction","name":"Comment","target":["https:\/\/www.casaldelsinfants.org\/es\/actualidad\/reivindicamos-derechos-ninos-actividades-presenciales-barrio\/#respond"]}]},{"@type":"WebPage","@id":"https:\/\/www.casaldelsinfants.org\/es\/actualidad\/reivindicamos-derechos-ninos-actividades-presenciales-barrio\/","url":"https:\/\/www.casaldelsinfants.org\/es\/actualidad\/reivindicamos-derechos-ninos-actividades-presenciales-barrio\/","name":"Celebrem i reivindiquem els drets dels infants amb activitats presencials a cada barri - Casal dels Infants","isPartOf":{"@id":"https:\/\/www.casaldelsinfants.org\/es\/#website"},"primaryImageOfPage":{"@id":"https:\/\/www.casaldelsinfants.org\/es\/actualidad\/reivindicamos-derechos-ninos-actividades-presenciales-barrio\/#primaryimage"},"image":{"@id":"https:\/\/www.casaldelsinfants.org\/es\/actualidad\/reivindicamos-derechos-ninos-actividades-presenciales-barrio\/#primaryimage"},"thumbnailUrl":"https:\/\/www.casaldelsinfants.org\/wp-content\/uploads\/foto_noti.jpg","datePublished":"2021-11-18T13:29:51+00:00","dateModified":"2023-09-05T09:41:34+00:00","description":"Amb motiu del Dia Universal dels Drets dels Infants, que se celebra internacionalment cada 20 de novembre, el Casal recupera la presencialitat per gaudir juntes d'aquest dia i reivindicar la import\u00e0ncia de vetllar pels drets de tots els infants. Es faran activitats en els centres de Badalona, Salt, Santa Coloma, Bes\u00f2s-La Mina i el Raval.","breadcrumb":{"@id":"https:\/\/www.casaldelsinfants.org\/es\/actualidad\/reivindicamos-derechos-ninos-actividades-presenciales-barrio\/#breadcrumb"},"inLanguage":"es","potentialAction":[{"@type":"ReadAction","target":["https:\/\/www.casaldelsinfants.org\/es\/actualidad\/reivindicamos-derechos-ninos-actividades-presenciales-barrio\/"]}]},{"@type":"ImageObject","inLanguage":"es","@id":"https:\/\/www.casaldelsinfants.org\/es\/actualidad\/reivindicamos-derechos-ninos-actividades-presenciales-barrio\/#primaryimage","url":"https:\/\/www.casaldelsinfants.org\/wp-content\/uploads\/foto_noti.jpg","contentUrl":"https:\/\/www.casaldelsinfants.org\/wp-content\/uploads\/foto_noti.jpg","width":864,"height":797,"caption":"Celebrem i reivindiquem els drets dels infants amb activitats presencials a cada barri"},{"@type":"BreadcrumbList","@id":"https:\/\/www.casaldelsinfants.org\/es\/actualidad\/reivindicamos-derechos-ninos-actividades-presenciales-barrio\/#breadcrumb","itemListElement":[{"@type":"ListItem","position":1,"name":"Inici","item":"https:\/\/www.casaldelsinfants.org\/es\/"},{"@type":"ListItem","position":2,"name":"Celebramos y reivindicamos los derechos de los ni\u00f1os y ni\u00f1as con actividades presenciales en cada barrio"}]},{"@type":"WebSite","@id":"https:\/\/www.casaldelsinfants.org\/es\/#website","url":"https:\/\/www.casaldelsinfants.org\/es\/","name":"Casal dels Infants","description":"","publisher":{"@id":"https:\/\/www.casaldelsinfants.org\/es\/#organization"},"potentialAction":[{"@type":"SearchAction","target":{"@type":"EntryPoint","urlTemplate":"https:\/\/www.casaldelsinfants.org\/es\/?s={search_term_string}"},"query-input":{"@type":"PropertyValueSpecification","valueRequired":true,"valueName":"search_term_string"}}],"inLanguage":"es"},{"@type":"Organization","@id":"https:\/\/www.casaldelsinfants.org\/es\/#organization","name":"Casal dels Infants","url":"https:\/\/www.casaldelsinfants.org\/es\/","logo":{"@type":"ImageObject","inLanguage":"es","@id":"https:\/\/www.casaldelsinfants.org\/es\/#\/schema\/logo\/image\/","url":"https:\/\/www.casaldelsinfants.org\/wp-content\/uploads\/logo-mail.png","contentUrl":"https:\/\/www.casaldelsinfants.org\/wp-content\/uploads\/logo-mail.png","width":380,"height":158,"caption":"Casal dels Infants"},"image":{"@id":"https:\/\/www.casaldelsinfants.org\/es\/#\/schema\/logo\/image\/"},"sameAs":["https:\/\/www.facebook.com\/casalinfants","https:\/\/x.com\/casalinfants","https:\/\/www.youtube.com\/user\/CasaldelsInfants1","https:\/\/www.instagram.com\/casalinfants\/","https:\/\/www.linkedin.com\/company\/casaldelsinfants?trk=organization-update_share-update_actor-text"]},{"@type":"Person","@id":"https:\/\/www.casaldelsinfants.org\/es\/#\/schema\/person\/97707fc8c64900cf36891127dbf9fba8","name":"cdiAdmin","sameAs":["https:\/\/casaldelsinfants.org"]}]}},"publishpress_future_action":{"enabled":false,"date":"2026-05-08 15:41:40","action":"change-status","newStatus":"draft","terms":[],"taxonomy":"category","extraData":[]},"publishpress_future_workflow_manual_trigger":{"enabledWorkflows":[]},"_links":{"self":[{"href":"https:\/\/www.casaldelsinfants.org\/es\/wp-json\/wp\/v2\/posts\/4261","targetHints":{"allow":["GET"]}}],"collection":[{"href":"https:\/\/www.casaldelsinfants.org\/es\/wp-json\/wp\/v2\/posts"}],"about":[{"href":"https:\/\/www.casaldelsinfants.org\/es\/wp-json\/wp\/v2\/types\/post"}],"author":[{"embeddable":true,"href":"https:\/\/www.casaldelsinfants.org\/es\/wp-json\/wp\/v2\/users\/1"}],"replies":[{"embeddable":true,"href":"https:\/\/www.casaldelsinfants.org\/es\/wp-json\/wp\/v2\/comments?post=4261"}],"version-history":[{"count":4,"href":"https:\/\/www.casaldelsinfants.org\/es\/wp-json\/wp\/v2\/posts\/4261\/revisions"}],"predecessor-version":[{"id":13735,"href":"https:\/\/www.casaldelsinfants.org\/es\/wp-json\/wp\/v2\/posts\/4261\/revisions\/13735"}],"wp:featuredmedia":[{"embeddable":true,"href":"https:\/\/www.casaldelsinfants.org\/es\/wp-json\/wp\/v2\/media\/3018"}],"wp:attachment":[{"href":"https:\/\/www.casaldelsinfants.org\/es\/wp-json\/wp\/v2\/media?parent=4261"}],"wp:term":[{"taxonomy":"category","embeddable":true,"href":"https:\/\/www.casaldelsinfants.org\/es\/wp-json\/wp\/v2\/categories?post=4261"},{"taxonomy":"post_tag","embeddable":true,"href":"https:\/\/www.casaldelsinfants.org\/es\/wp-json\/wp\/v2\/tags?post=4261"},{"taxonomy":"seus","embeddable":true,"href":"https:\/\/www.casaldelsinfants.org\/es\/wp-json\/wp\/v2\/seus?post=4261"},{"taxonomy":"eixos","embeddable":true,"href":"https:\/\/www.casaldelsinfants.org\/es\/wp-json\/wp\/v2\/eixos?post=4261"}],"curies":[{"name":"wp","href":"https:\/\/api.w.org\/{rel}","templated":true}]}}