{"id":4262,"date":"2021-11-11T14:25:25","date_gmt":"2021-11-11T12:25:25","guid":{"rendered":"https:\/\/casal.puntzero.cat\/noticies\/la-reforma-del-reglament-destrangeria-un-pas-endavant-incomplet\/"},"modified":"2023-11-23T12:21:01","modified_gmt":"2023-11-23T10:21:01","slug":"la-reforma-del-reglament-destrangeria-un-pas-endavant-incomplet","status":"publish","type":"post","link":"https:\/\/www.casaldelsinfants.org\/es\/actualidad\/la-reforma-del-reglament-destrangeria-un-pas-endavant-incomplet\/","title":{"rendered":"La reforma del reglamento de extranjer\u00eda, un paso adelante incompleto"},"content":{"rendered":"<p><span style=\"color: #000000;\">\u201cNo ha sido una actuaci\u00f3n heroica. Hac\u00eda falta y tocaba ya. Entre los j\u00f3venes hay mucho potencial. Venimos aqu\u00ed a estudiar y trabajar, a buscar un futuro mejor. Con esta ley nos despreciaban\u201d. <strong>Mohamed Touil <\/strong>habla aliviado. Explica que cuando se enter\u00f3 de que se hab\u00eda modificado la ley, enseguida llam\u00f3 a sus padres para celebrarlo. Desde que lleg\u00f3 de Marruecos, hace cinco a\u00f1os, solo los ha visto una vez, cuando viaj\u00f3 a T\u00e1nger con el Casal Jove del Raval para participar en el festival de cortometrajes Tanja Zoom. Entonces acababa de nacer su hermano, que ahora tiene tres a\u00f1os, y no ha vuelto a estar con \u00e9l. Si hubiera intentado visitarlos en los \u00faltimos meses, seguramente no habr\u00eda podido volver a entrar a Espa\u00f1a. Una de las limitaciones de no tener el permiso de residencia.<\/span><\/p>\n<p class=\"destacat-noticia\"><span style=\"color: #000000;\">Mohamed Touil: \u00abEntre los j\u00f3venes hay mucho potencial. Venimos aqu\u00ed a estudiar y trabajar, a buscar un futuro mejor. Con esta ley nos despreciaban\u00bb<\/span><\/p>\n<p>&nbsp;<\/p>\n<p dir=\"ltr\"><span style=\"color: #000000;\">Lleg\u00f3 de Marruecos con 16 a\u00f1os y lo tutelaron en un centro de protecci\u00f3n de menores hasta los 18. Al salir, se ten\u00eda que valer por s\u00ed mismo, pero no ten\u00eda autorizaci\u00f3n de trabajo. Buscando una salida, acudi\u00f3 a nuestro <\/span><a href=\"https:\/\/www.casaldelsinfants.org\/actualitat\/fent-cami-cap-lautonomia\/\" target=\"_blank\" rel=\"noopener\"><u><strong>Servicio de Transici\u00f3n a la Autonom\u00eda (STA)<\/strong><\/u><\/a><span style=\"color: #000000;\">, ubicado en la calle doctor Dou del barrio del <strong>Raval<\/strong> de Barcelona, a trav\u00e9s del cual empez\u00f3 a vivir en un piso compartido con otros j\u00f3venes en el barrio de Sagrada Fam\u00edlia. Se puso a estudiar un grado medio en Atenci\u00f3n a personas en situaci\u00f3n de dependencia, y despu\u00e9s Integraci\u00f3n Social. Un a\u00f1o m\u00e1s tarde, pudo renovar el permiso de residencia temporal por dos a\u00f1os m\u00e1s, todav\u00eda sin autorizaci\u00f3n de trabajo. El golpe lleg\u00f3 hace medio a\u00f1o, cuando le tocaba la segunda renovaci\u00f3n: \u201cMe ped\u00edan m\u00e1s de 2.200 euros de ingresos mensuales propios para hacer la renovaci\u00f3n. Ni trabajando habr\u00eda podido conseguirlos\u201d.<\/span><\/p>\n<div class=\"video-embed-field-responsive-video form-group\"><iframe loading=\"lazy\" src=\"https:\/\/www.youtube.com\/embed\/_3gJGSgXUc0?autoplay=0&amp;start=0&amp;rel=0\" width=\"854\" height=\"480\" frameborder=\"0\" allowfullscreen=\"allowfullscreen\"><\/iframe><\/div>\n<p>&nbsp;<\/p>\n<p dir=\"ltr\"><u><a href=\"https:\/\/www.casaldelsinfants.org\/actualitat\/ingressos-inassolibles-renovar-residencia-vulneracio-dels-drets-jovent\/\" target=\"_blank\" rel=\"noopener\">Este requisito desorbitado lo fij\u00f3 el Tribunal Supremo<\/a><\/u><span style=\"color: #000000;\">, interpretando la ley, en varias sentencias entre 2018 y 2019. En la primera renovaci\u00f3n del permiso de residencia, hac\u00eda falta acreditar ingresos propios equivalentes al IPREM (565 euros). En la segunda renovaci\u00f3n, el cu\u00e1druple (2.260 euros). Hasta entonces, tanto en la primera como en la segunda renovaci\u00f3n, la persona extutelada pod\u00eda acreditar que subsist\u00eda con el apoyo de de una entidad social o que cobraba una prestaci\u00f3n de la administraci\u00f3n p\u00fablica. Pero el Supremo se lo puso m\u00e1s dif\u00edcil: los ingresos ten\u00edan que ser suyos. \u00bfPero c\u00f3mo se los pod\u00edan haber ganado? <strong>\u00bfC\u00f3mo se pueden conseguir 2.600 euros mensuales cuando no puedes trabajar?<\/strong><\/span><\/p>\n<p dir=\"ltr\"><span style=\"color: #000000;\">Para <strong>Sonia Mamani<\/strong>, que lleg\u00f3 de Bolivia con doce a\u00f1os y tambi\u00e9n estuvo tutelada, el callej\u00f3n sin salida lleg\u00f3 ya en la primera renovaci\u00f3n, cuando ten\u00eda 18 a\u00f1os. Le ped\u00edan ingresos propios, y no sirvi\u00f3 de nada intentar justificar que con el piso y la beca que le ofrec\u00eda el Casal mediante el STA pod\u00eda cubrir las necesidades b\u00e1sicas. \u201cBuscas trabajo y te piden los papeles. Intentas hacerte los papeles y te piden tener trabajo. No puedes avanzar, te sientes entre la espada y la pared. Encallada, sin poder avanzar. <strong>\u00bfC\u00f3mo lo haces?<\/strong>\u201d.<\/span><\/p>\n<p dir=\"ltr\"><span style=\"color: #000000;\">Ante el muro del requisito de los ingresos propios, la alternativa para Mohamed y Sonia a la hora de renovar el permiso de residencia era encontrar una oferta laboral de un a\u00f1o con un sueldo equivalente al salario m\u00ednimo a jornada completa. \u201cLas empresas tienen que pagar una tasa, esperar para contratarte unos cuantos meses hasta que acabe el tr\u00e1mite de extranjer\u00eda\u2026 Te dicen que les sale m\u00e1s a cuenta contratar a alguien con papeles\u201d, comenta Sonia. Que un joven extutelado pueda conseguir un contrato de este tipo es muy dif\u00edcil, pues, y todav\u00eda m\u00e1s si tenemos en cuenta que uno de cada cuatro j\u00f3venes est\u00e1 en el paro y que muchos de los contratos son temporales.<\/span><\/p>\n<div class=\"video-embed-field-responsive-video form-group\"><iframe loading=\"lazy\" src=\"https:\/\/www.youtube.com\/embed\/def5LoeZShg?autoplay=0&amp;start=0&amp;rel=0\" width=\"854\" height=\"480\" frameborder=\"0\" allowfullscreen=\"allowfullscreen\"><\/iframe><\/div>\n<p dir=\"ltr\"><span style=\"color: #000000;\">Desesperada por no poder salir adelante, Sonia hizo un tercer intento: solicitar un nuevo permiso de residencia con autorizaci\u00f3n de trabajo por la v\u00eda del arraigo social. Mientras acababa los estudios del grado en Administraci\u00f3n y finanzas, consigui\u00f3 la oferta de trabajo de un a\u00f1o que necesitaba, pero le denegaron los papeles porque no llevaba tres a\u00f1os empadronada en Barcelona (\u00a1s\u00f3lo le faltaban tres meses!). Present\u00f3 las notas del instituto para demostrar que s\u00ed que resid\u00eda aqu\u00ed desde hac\u00eda m\u00e1s de tres a\u00f1os, pero no sirvi\u00f3 de nada.<\/span><\/p>\n<p dir=\"ltr\"><strong>Un derecho que condiciona muchos otros<\/strong><\/p>\n<p>&nbsp;<\/p>\n<p dir=\"ltr\"><span style=\"color: #000000;\">No tener el permiso de residencia con autorizaci\u00f3n de trabajo no significa simplemente que no te den un documento de identidad. Implica <strong>obst\u00e1culos en muchas otras<\/strong> <strong>situaciones cotidianas<\/strong>, como bien saben Mohamed y Sonia: abrir una cuenta bancaria, matricularse en algunos estudios, salir del pa\u00eds, apuntarse al gimnasio, firmar un contrato de alquiler, encontrar un trabajo que no sea irregular&#8230;<\/span><\/p>\n<p><span style=\"color: #000000;\">En el aspecto emocional, genera <strong>inseguridad y mucha frustraci\u00f3n<\/strong>. \u201cMuchas veces he caminado con miedo de que la polic\u00eda me coja y me pueda deportar a mi pa\u00eds, sin haber hecho nada malo. Y cuando la gente me pregunta si tengo papeles, no s\u00e9 c\u00f3mo decir que no, cuando ya llevo muchos a\u00f1os aqu\u00ed. Cuando pas\u00e9 de tener la documentaci\u00f3n a no tenerla, me sent\u00ed inferior, porque no pod\u00eda obtener las mismas cosas que otras personas\u201d, comparte Sonia. Moha lo analiza con mirada de integrador social: \u201cLo que estamos construyendo es una sociedad racista y capitalista, basada en la desigualdad. <strong>Lo que hac\u00eda la ley era generar riesgo de exclusi\u00f3n<\/strong>\u201d.<\/span><\/p>\n<p class=\"destacat-noticia\"><span style=\"color: #000000;\">Sonia Mamani: \u201cMuchas veces he caminado con miedo a que la polic\u00eda me cogiera y me deportara a mi pa\u00eds, sin haber hecho nada de malo. Y cuando la gente me pregunta si tengo papeles, no s\u00e9 como decir que no, cuando ya llevo muchos a\u00f1os aqu\u00ed\u00bb<\/span><\/p>\n<p class=\"destacat-noticia\"><span style=\"color: #000000;\">Mohamed Touil: \u00abLo que hac\u00eda la ley era generar riesgo de exclusi\u00f3n\u00bb\u00a0<\/span><\/p>\n<p><b>Los cambios<\/b><\/p>\n<p>&nbsp;<\/p>\n<p dir=\"ltr\"><span style=\"color: #000000;\">M\u00e1s all\u00e1 de flexibilizar el requisito de ingresos para las renovaciones y de conceder la autorizaci\u00f3n de trabajo a todos los j\u00f3venes cuando salen del centro de protecci\u00f3n de menores, la reforma supone otras mejoras para los chicos y chicas extutelados. Esta infograf\u00eda de la Federaci\u00f3n de Entidades con Proyectos y Pisos Asistidos (FEPA) las resume:<\/span><\/p>\n<blockquote class=\"twitter-tweet\">\n<p dir=\"ltr\" lang=\"es\">Os presentamos una infograf\u00eda para mostrar de forma visual y r\u00e1pida los principales cambios que supone la Reforma del Reglamento de Extranjer\u00eda.<\/p>\n<p>Elaborada por el equipo jur\u00eddico de FEPA y la dise\u00f1adora Cristina Bueno.<a href=\"https:\/\/twitter.com\/hashtag\/UnCallej%C3%B3nSinSalida?src=hash&amp;ref_src=twsrc%5Etfw\">#UnCallej\u00f3nSinSalida<\/a> <a href=\"https:\/\/t.co\/AGwXYaDbBZ\">pic.twitter.com\/AGwXYaDbBZ<\/a><\/p>\n<p>\u2014 FEPA (@fepa_18) <a href=\"https:\/\/twitter.com\/fepa_18\/status\/1451524938142261258?ref_src=twsrc%5Etfw\">October 22, 2021<\/a><\/p><\/blockquote>\n<p><script async=\"\" src=\"https:\/\/platform.twitter.com\/widgets.js\" charset=\"utf-8\"><\/script><\/p>\n<p dir=\"ltr\"><span style=\"color: #000000;\">Desde el Casal dels Infants nos hab\u00edamos sumado a la campa\u00f1a para reformar el Reglamento de Extranger\u00eda impulsada por FEPA, FEDAIA y ECAS, las entidades de segundo nivel que impulsan la Alianza por la mejora del sistema de protecci\u00f3n a la infancia, la adolescencia y la juventud en situaci\u00f3n de vulnerabilidad.<\/span><\/p>\n<p dir=\"ltr\"><strong>Ni\u00f1os y ni\u00f1as sin permiso de residencia\u00a0<\/strong><\/p>\n<p>&nbsp;<\/p>\n<p dir=\"ltr\"><span style=\"display: none;\">\u00a0<\/span><span style=\"color: #000000;\">Pese al avance que implica la reforma, <strong>no todo el mundo se beneficia de ella<\/strong>. De entrada, las personas extuteladas mayores de 23 a\u00f1os no podr\u00e1n regularizar su situaci\u00f3n. Tampoco cambia el panorama para las extranjeras que no hayan sido tuteladas, aunque tengan menos de 23 a\u00f1os.<\/span><\/p>\n<p>&nbsp;<\/p>\n<p dir=\"ltr\"><span style=\"color: #000000;\">Es especialmente preocupante que <strong>la situaci\u00f3n no haya cambiado para los ni\u00f1os y ni\u00f1as que no tienen la nacionalidad espa\u00f1ola<\/strong>. Incluso aunque hayan nacido en Catalunya, s\u00f3lo puede tener permiso de residencia si uno de sus padres lo tiene. Por lo tanto, un derecho tan b\u00e1sico como es el acceso a la documentaci\u00f3n se condiciona a la situaci\u00f3n administrativa de sus padres. Esta realidad <strong>vulnera los principios de no discriminaci\u00f3n y de inter\u00e9s superior de la infancia<\/strong> establecidos por la Convenci\u00f3n de los Derechos del Ni\u00f1o de Naciones Unidos.<\/span><\/p>\n<p>&nbsp;<\/p>\n<p dir=\"ltr\"><span style=\"color: #000000;\">Es el caso de <strong>Sara Daniela<\/strong>, que tiene 17 a\u00f1os y lleg\u00f3 a Catalunya desde Venezuela a los 13. Desde entonces <strong>no ha conseguido el permiso de residencia ni la autorizaci\u00f3n de trabajo<\/strong>. Su madre tiene un permiso de residencia que obtuvo por el proceso de reagrupaci\u00f3n familiar. Ahora se est\u00e1 divorciando y necesita tramitar un permiso de residencia independiente para que Sara pueda regularizarse.<\/span><\/p>\n<p dir=\"ltr\"><span style=\"display: none;\">\u00a0<\/span><\/p>\n<div class=\"video-embed-field-responsive-video form-group\"><iframe loading=\"lazy\" src=\"https:\/\/www.youtube.com\/embed\/otlx7yJ9lJk?autoplay=0&amp;start=0&amp;rel=0\" width=\"854\" height=\"480\" frameborder=\"0\" allowfullscreen=\"allowfullscreen\"><\/iframe><\/div>\n<p>&nbsp;<\/p>\n<p dir=\"ltr\"><span style=\"color: #000000;\">En estos a\u00f1os, por no tener los papeles, Sara Daniela no ha podido tramitar una beca del Estado para pagar sus estudios en Administraci\u00f3n y Finanzas, con su madre no ha podido registrarse como familia monoparental, ha tenido que trabajar de forma irregular\u00a0para ayudar en casa, no puede usar la aplicaci\u00f3n La meva salut\u2026 \u201cPor el hecho de no tener papeles, muchas veces me siento muy mal y tengo much\u00edsima ansiedad. Son situaciones que le oprimen a uno\u201d.<\/span><\/p>\n<p class=\"destacat-noticia\"><span style=\"color: #000000;\">Sara Daniela Hern\u00e1ndez: \u201cPor el hecho de no tener los papeles, muchas veces me siento muy mal y tengo much\u00edsima ansiedad. Son situaciones que te oprimen mucho\u00bb\u00a0<\/span><\/p>\n<p><span style=\"color: #000000;\">Desde el Casal dels Infants seguiremos impulsando acciones de <strong>sensibilizaci\u00f3n e incidencia pol\u00edtica<\/strong> para garantizar que los ni\u00f1os, j\u00f3venes y familias en situaci\u00f3n de vulnerabilidad no vean vulnerados sus <strong>derechos<\/strong> a\u00a0 ra\u00edz de su situaci\u00f3n administrativa.<\/span><\/p>\n<blockquote>\n<p dir=\"ltr\"><strong>Ay\u00fadanos a seguir apoyando ni\u00f1os, ni\u00f1as, j\u00f3venes y familias con m\u00e1s obst\u00e1culos para salir adelante<\/strong><\/p>\n<p dir=\"ltr\">Haz un donativo\u00a0<a href=\"https:\/\/www.casaldelsinfants.org\/es\/dona-ahora\/\" target=\"_blank\" rel=\"noopener\"><u>aqu\u00ed<\/u><\/a><\/p>\n<p dir=\"ltr\">Hazte voluntario\/a\u00a0<u><a title=\"https:\/\/www.casaldelsinfants.org\/es\/que-puedes-hacer-tu\/voluntariado\/\" href=\"https:\/\/www.casaldelsinfants.org\/es\/que-puedes-hacer-tu\/voluntariado\/\" target=\"_blank\" rel=\"noopener\">aqu\u00ed<\/a><\/u><\/p>\n<\/blockquote>\n","protected":false},"excerpt":{"rendered":"<p class=\"text-align-center\">\u00a0<\/p>\n<p class=\"text-align-center\"><meta charset=\"utf-8\" \/><\/p>\n<p class=\"text-align-center\" dir=\"ltr\">La reforma del Reglamento de Extranjer\u00eda aprobada a mediados de octubre en el Consejo de Ministros es una gran noticia para las personas j\u00f3venes extranjeras extuteladas. Pasan a tener autorizaci\u00f3n de trabajo cuando salen del centro de protecci\u00f3n de menores, y se flexibilizan los requisitos de ingresos para que renueven el permiso de residencia. Se acaba, en buena parte, el callej\u00f3n sin salida en el que hab\u00edan vivido en los \u00faltimos a\u00f1os j\u00f3venes como Mohamed y Sonia, participantes de nuestro Servicio de Transici\u00f3n a la Autonom\u00eda. Quedan deberes pendientes, sin embargo: la reforma no acaba con la vulneraci\u00f3n de derechos de los ni\u00f1os y ni\u00f1as extranjeros que no tienen permiso de residencia a ra\u00edz de la situaci\u00f3n administrativa de sus padres, como es el caso de Sara Daniela, participante del Casal Jove de Badalona.<\/p>\n","protected":false},"author":1,"featured_media":3021,"comment_status":"open","ping_status":"open","sticky":false,"template":"","format":"standard","meta":{"_acf_changed":false,"_et_pb_use_builder":"","_et_pb_old_content":"","_et_gb_content_width":"","inline_featured_image":false,"footnotes":""},"categories":[105],"tags":[],"seus":[],"eixos":[102],"class_list":["post-4262","post","type-post","status-publish","format-standard","has-post-thumbnail","hentry","category-reportaje","eixos-jovenes"],"acf":[],"yoast_head":"<!-- This site is optimized with the Yoast SEO plugin v27.4 - https:\/\/yoast.com\/product\/yoast-seo-wordpress\/ -->\n<title>reforma reglamento de extranjer\u00eda paso adelante incompleto<\/title>\n<meta name=\"description\" content=\"Con la Reforma de Extranjer\u00eda los j\u00f3venes extutelados pasan a tener autorizaci\u00f3n de trabajo y se flexibilizan los requisitos de ingresos para que renueven el permiso de residencia. La reforma, sin embargo, no acaba con la vulneraci\u00f3n de derechos de otros menores extranjeros.\" \/>\n<meta name=\"robots\" content=\"index, follow, max-snippet:-1, max-image-preview:large, max-video-preview:-1\" \/>\n<link rel=\"canonical\" href=\"https:\/\/www.casaldelsinfants.org\/es\/actualidad\/la-reforma-del-reglament-destrangeria-un-pas-endavant-incomplet\/\" \/>\n<meta property=\"og:locale\" content=\"es_ES\" \/>\n<meta property=\"og:type\" content=\"article\" \/>\n<meta property=\"og:title\" content=\"reforma reglamento de extranjer\u00eda paso adelante incompleto\" \/>\n<meta property=\"og:description\" content=\"Con la Reforma de Extranjer\u00eda los j\u00f3venes extutelados pasan a tener autorizaci\u00f3n de trabajo y se flexibilizan los requisitos de ingresos para que renueven el permiso de residencia. La reforma, sin embargo, no acaba con la vulneraci\u00f3n de derechos de otros menores extranjeros.\" \/>\n<meta property=\"og:url\" content=\"https:\/\/www.casaldelsinfants.org\/es\/actualidad\/la-reforma-del-reglament-destrangeria-un-pas-endavant-incomplet\/\" \/>\n<meta property=\"og:site_name\" content=\"Casal dels Infants\" \/>\n<meta property=\"article:publisher\" content=\"https:\/\/www.facebook.com\/casalinfants\" \/>\n<meta property=\"article:published_time\" content=\"2021-11-11T12:25:25+00:00\" \/>\n<meta property=\"article:modified_time\" content=\"2023-11-23T10:21:01+00:00\" \/>\n<meta property=\"og:image\" content=\"https:\/\/www.casaldelsinfants.org\/wp-content\/uploads\/gif_moha_sonia_i_sara_claudia_casal_dels_infants.gif\" \/>\n\t<meta property=\"og:image:width\" content=\"960\" \/>\n\t<meta property=\"og:image:height\" content=\"540\" \/>\n\t<meta property=\"og:image:type\" content=\"image\/gif\" \/>\n<meta name=\"author\" content=\"cdiAdmin\" \/>\n<meta name=\"twitter:card\" content=\"summary_large_image\" \/>\n<meta name=\"twitter:creator\" content=\"@casalinfants\" \/>\n<meta name=\"twitter:site\" content=\"@casalinfants\" \/>\n<meta name=\"twitter:label1\" content=\"Escrito por\" \/>\n\t<meta name=\"twitter:data1\" content=\"cdiAdmin\" \/>\n\t<meta name=\"twitter:label2\" content=\"Tiempo de lectura\" \/>\n\t<meta name=\"twitter:data2\" content=\"7 minutos\" \/>\n<script type=\"application\/ld+json\" class=\"yoast-schema-graph\">{\"@context\":\"https:\\\/\\\/schema.org\",\"@graph\":[{\"@type\":\"Article\",\"@id\":\"https:\\\/\\\/www.casaldelsinfants.org\\\/es\\\/actualidad\\\/la-reforma-del-reglament-destrangeria-un-pas-endavant-incomplet\\\/#article\",\"isPartOf\":{\"@id\":\"https:\\\/\\\/www.casaldelsinfants.org\\\/es\\\/actualidad\\\/la-reforma-del-reglament-destrangeria-un-pas-endavant-incomplet\\\/\"},\"author\":{\"name\":\"cdiAdmin\",\"@id\":\"https:\\\/\\\/www.casaldelsinfants.org\\\/es\\\/#\\\/schema\\\/person\\\/97707fc8c64900cf36891127dbf9fba8\"},\"headline\":\"La reforma del reglamento de extranjer\u00eda, un paso adelante incompleto\",\"datePublished\":\"2021-11-11T12:25:25+00:00\",\"dateModified\":\"2023-11-23T10:21:01+00:00\",\"mainEntityOfPage\":{\"@id\":\"https:\\\/\\\/www.casaldelsinfants.org\\\/es\\\/actualidad\\\/la-reforma-del-reglament-destrangeria-un-pas-endavant-incomplet\\\/\"},\"wordCount\":1639,\"commentCount\":0,\"publisher\":{\"@id\":\"https:\\\/\\\/www.casaldelsinfants.org\\\/es\\\/#organization\"},\"image\":{\"@id\":\"https:\\\/\\\/www.casaldelsinfants.org\\\/es\\\/actualidad\\\/la-reforma-del-reglament-destrangeria-un-pas-endavant-incomplet\\\/#primaryimage\"},\"thumbnailUrl\":\"https:\\\/\\\/www.casaldelsinfants.org\\\/wp-content\\\/uploads\\\/gif_moha_sonia_i_sara_claudia_casal_dels_infants.gif\",\"articleSection\":[\"Reportaje\"],\"inLanguage\":\"es\",\"potentialAction\":[{\"@type\":\"CommentAction\",\"name\":\"Comment\",\"target\":[\"https:\\\/\\\/www.casaldelsinfants.org\\\/es\\\/actualidad\\\/la-reforma-del-reglament-destrangeria-un-pas-endavant-incomplet\\\/#respond\"]}]},{\"@type\":\"WebPage\",\"@id\":\"https:\\\/\\\/www.casaldelsinfants.org\\\/es\\\/actualidad\\\/la-reforma-del-reglament-destrangeria-un-pas-endavant-incomplet\\\/\",\"url\":\"https:\\\/\\\/www.casaldelsinfants.org\\\/es\\\/actualidad\\\/la-reforma-del-reglament-destrangeria-un-pas-endavant-incomplet\\\/\",\"name\":\"reforma reglamento de extranjer\u00eda paso adelante incompleto\",\"isPartOf\":{\"@id\":\"https:\\\/\\\/www.casaldelsinfants.org\\\/es\\\/#website\"},\"primaryImageOfPage\":{\"@id\":\"https:\\\/\\\/www.casaldelsinfants.org\\\/es\\\/actualidad\\\/la-reforma-del-reglament-destrangeria-un-pas-endavant-incomplet\\\/#primaryimage\"},\"image\":{\"@id\":\"https:\\\/\\\/www.casaldelsinfants.org\\\/es\\\/actualidad\\\/la-reforma-del-reglament-destrangeria-un-pas-endavant-incomplet\\\/#primaryimage\"},\"thumbnailUrl\":\"https:\\\/\\\/www.casaldelsinfants.org\\\/wp-content\\\/uploads\\\/gif_moha_sonia_i_sara_claudia_casal_dels_infants.gif\",\"datePublished\":\"2021-11-11T12:25:25+00:00\",\"dateModified\":\"2023-11-23T10:21:01+00:00\",\"description\":\"Con la Reforma de Extranjer\u00eda los j\u00f3venes extutelados pasan a tener autorizaci\u00f3n de trabajo y se flexibilizan los requisitos de ingresos para que renueven el permiso de residencia. La reforma, sin embargo, no acaba con la vulneraci\u00f3n de derechos de otros menores extranjeros.\",\"breadcrumb\":{\"@id\":\"https:\\\/\\\/www.casaldelsinfants.org\\\/es\\\/actualidad\\\/la-reforma-del-reglament-destrangeria-un-pas-endavant-incomplet\\\/#breadcrumb\"},\"inLanguage\":\"es\",\"potentialAction\":[{\"@type\":\"ReadAction\",\"target\":[\"https:\\\/\\\/www.casaldelsinfants.org\\\/es\\\/actualidad\\\/la-reforma-del-reglament-destrangeria-un-pas-endavant-incomplet\\\/\"]}]},{\"@type\":\"ImageObject\",\"inLanguage\":\"es\",\"@id\":\"https:\\\/\\\/www.casaldelsinfants.org\\\/es\\\/actualidad\\\/la-reforma-del-reglament-destrangeria-un-pas-endavant-incomplet\\\/#primaryimage\",\"url\":\"https:\\\/\\\/www.casaldelsinfants.org\\\/wp-content\\\/uploads\\\/gif_moha_sonia_i_sara_claudia_casal_dels_infants.gif\",\"contentUrl\":\"https:\\\/\\\/www.casaldelsinfants.org\\\/wp-content\\\/uploads\\\/gif_moha_sonia_i_sara_claudia_casal_dels_infants.gif\",\"width\":960,\"height\":540,\"caption\":\"participants en blanc i negre\"},{\"@type\":\"BreadcrumbList\",\"@id\":\"https:\\\/\\\/www.casaldelsinfants.org\\\/es\\\/actualidad\\\/la-reforma-del-reglament-destrangeria-un-pas-endavant-incomplet\\\/#breadcrumb\",\"itemListElement\":[{\"@type\":\"ListItem\",\"position\":1,\"name\":\"Inici\",\"item\":\"https:\\\/\\\/www.casaldelsinfants.org\\\/es\\\/\"},{\"@type\":\"ListItem\",\"position\":2,\"name\":\"La reforma del reglamento de extranjer\u00eda, un paso adelante incompleto\"}]},{\"@type\":\"WebSite\",\"@id\":\"https:\\\/\\\/www.casaldelsinfants.org\\\/es\\\/#website\",\"url\":\"https:\\\/\\\/www.casaldelsinfants.org\\\/es\\\/\",\"name\":\"Casal dels Infants\",\"description\":\"\",\"publisher\":{\"@id\":\"https:\\\/\\\/www.casaldelsinfants.org\\\/es\\\/#organization\"},\"potentialAction\":[{\"@type\":\"SearchAction\",\"target\":{\"@type\":\"EntryPoint\",\"urlTemplate\":\"https:\\\/\\\/www.casaldelsinfants.org\\\/es\\\/?s={search_term_string}\"},\"query-input\":{\"@type\":\"PropertyValueSpecification\",\"valueRequired\":true,\"valueName\":\"search_term_string\"}}],\"inLanguage\":\"es\"},{\"@type\":\"Organization\",\"@id\":\"https:\\\/\\\/www.casaldelsinfants.org\\\/es\\\/#organization\",\"name\":\"Casal dels Infants\",\"url\":\"https:\\\/\\\/www.casaldelsinfants.org\\\/es\\\/\",\"logo\":{\"@type\":\"ImageObject\",\"inLanguage\":\"es\",\"@id\":\"https:\\\/\\\/www.casaldelsinfants.org\\\/es\\\/#\\\/schema\\\/logo\\\/image\\\/\",\"url\":\"https:\\\/\\\/www.casaldelsinfants.org\\\/wp-content\\\/uploads\\\/logo-mail.png\",\"contentUrl\":\"https:\\\/\\\/www.casaldelsinfants.org\\\/wp-content\\\/uploads\\\/logo-mail.png\",\"width\":380,\"height\":158,\"caption\":\"Casal dels Infants\"},\"image\":{\"@id\":\"https:\\\/\\\/www.casaldelsinfants.org\\\/es\\\/#\\\/schema\\\/logo\\\/image\\\/\"},\"sameAs\":[\"https:\\\/\\\/www.facebook.com\\\/casalinfants\",\"https:\\\/\\\/x.com\\\/casalinfants\",\"https:\\\/\\\/www.youtube.com\\\/user\\\/CasaldelsInfants1\",\"https:\\\/\\\/www.instagram.com\\\/casalinfants\\\/\",\"https:\\\/\\\/www.linkedin.com\\\/company\\\/casaldelsinfants?trk=organization-update_share-update_actor-text\"]},{\"@type\":\"Person\",\"@id\":\"https:\\\/\\\/www.casaldelsinfants.org\\\/es\\\/#\\\/schema\\\/person\\\/97707fc8c64900cf36891127dbf9fba8\",\"name\":\"cdiAdmin\",\"sameAs\":[\"https:\\\/\\\/casaldelsinfants.org\"]}]}<\/script>\n<!-- \/ Yoast SEO plugin. -->","yoast_head_json":{"title":"reforma reglamento de extranjer\u00eda paso adelante incompleto","description":"Con la Reforma de Extranjer\u00eda los j\u00f3venes extutelados pasan a tener autorizaci\u00f3n de trabajo y se flexibilizan los requisitos de ingresos para que renueven el permiso de residencia. La reforma, sin embargo, no acaba con la vulneraci\u00f3n de derechos de otros menores extranjeros.","robots":{"index":"index","follow":"follow","max-snippet":"max-snippet:-1","max-image-preview":"max-image-preview:large","max-video-preview":"max-video-preview:-1"},"canonical":"https:\/\/www.casaldelsinfants.org\/es\/actualidad\/la-reforma-del-reglament-destrangeria-un-pas-endavant-incomplet\/","og_locale":"es_ES","og_type":"article","og_title":"reforma reglamento de extranjer\u00eda paso adelante incompleto","og_description":"Con la Reforma de Extranjer\u00eda los j\u00f3venes extutelados pasan a tener autorizaci\u00f3n de trabajo y se flexibilizan los requisitos de ingresos para que renueven el permiso de residencia. La reforma, sin embargo, no acaba con la vulneraci\u00f3n de derechos de otros menores extranjeros.","og_url":"https:\/\/www.casaldelsinfants.org\/es\/actualidad\/la-reforma-del-reglament-destrangeria-un-pas-endavant-incomplet\/","og_site_name":"Casal dels Infants","article_publisher":"https:\/\/www.facebook.com\/casalinfants","article_published_time":"2021-11-11T12:25:25+00:00","article_modified_time":"2023-11-23T10:21:01+00:00","og_image":[{"width":960,"height":540,"url":"https:\/\/www.casaldelsinfants.org\/wp-content\/uploads\/gif_moha_sonia_i_sara_claudia_casal_dels_infants.gif","type":"image\/gif"}],"author":"cdiAdmin","twitter_card":"summary_large_image","twitter_creator":"@casalinfants","twitter_site":"@casalinfants","twitter_misc":{"Escrito por":"cdiAdmin","Tiempo de lectura":"7 minutos"},"schema":{"@context":"https:\/\/schema.org","@graph":[{"@type":"Article","@id":"https:\/\/www.casaldelsinfants.org\/es\/actualidad\/la-reforma-del-reglament-destrangeria-un-pas-endavant-incomplet\/#article","isPartOf":{"@id":"https:\/\/www.casaldelsinfants.org\/es\/actualidad\/la-reforma-del-reglament-destrangeria-un-pas-endavant-incomplet\/"},"author":{"name":"cdiAdmin","@id":"https:\/\/www.casaldelsinfants.org\/es\/#\/schema\/person\/97707fc8c64900cf36891127dbf9fba8"},"headline":"La reforma del reglamento de extranjer\u00eda, un paso adelante incompleto","datePublished":"2021-11-11T12:25:25+00:00","dateModified":"2023-11-23T10:21:01+00:00","mainEntityOfPage":{"@id":"https:\/\/www.casaldelsinfants.org\/es\/actualidad\/la-reforma-del-reglament-destrangeria-un-pas-endavant-incomplet\/"},"wordCount":1639,"commentCount":0,"publisher":{"@id":"https:\/\/www.casaldelsinfants.org\/es\/#organization"},"image":{"@id":"https:\/\/www.casaldelsinfants.org\/es\/actualidad\/la-reforma-del-reglament-destrangeria-un-pas-endavant-incomplet\/#primaryimage"},"thumbnailUrl":"https:\/\/www.casaldelsinfants.org\/wp-content\/uploads\/gif_moha_sonia_i_sara_claudia_casal_dels_infants.gif","articleSection":["Reportaje"],"inLanguage":"es","potentialAction":[{"@type":"CommentAction","name":"Comment","target":["https:\/\/www.casaldelsinfants.org\/es\/actualidad\/la-reforma-del-reglament-destrangeria-un-pas-endavant-incomplet\/#respond"]}]},{"@type":"WebPage","@id":"https:\/\/www.casaldelsinfants.org\/es\/actualidad\/la-reforma-del-reglament-destrangeria-un-pas-endavant-incomplet\/","url":"https:\/\/www.casaldelsinfants.org\/es\/actualidad\/la-reforma-del-reglament-destrangeria-un-pas-endavant-incomplet\/","name":"reforma reglamento de extranjer\u00eda paso adelante incompleto","isPartOf":{"@id":"https:\/\/www.casaldelsinfants.org\/es\/#website"},"primaryImageOfPage":{"@id":"https:\/\/www.casaldelsinfants.org\/es\/actualidad\/la-reforma-del-reglament-destrangeria-un-pas-endavant-incomplet\/#primaryimage"},"image":{"@id":"https:\/\/www.casaldelsinfants.org\/es\/actualidad\/la-reforma-del-reglament-destrangeria-un-pas-endavant-incomplet\/#primaryimage"},"thumbnailUrl":"https:\/\/www.casaldelsinfants.org\/wp-content\/uploads\/gif_moha_sonia_i_sara_claudia_casal_dels_infants.gif","datePublished":"2021-11-11T12:25:25+00:00","dateModified":"2023-11-23T10:21:01+00:00","description":"Con la Reforma de Extranjer\u00eda los j\u00f3venes extutelados pasan a tener autorizaci\u00f3n de trabajo y se flexibilizan los requisitos de ingresos para que renueven el permiso de residencia. La reforma, sin embargo, no acaba con la vulneraci\u00f3n de derechos de otros menores extranjeros.","breadcrumb":{"@id":"https:\/\/www.casaldelsinfants.org\/es\/actualidad\/la-reforma-del-reglament-destrangeria-un-pas-endavant-incomplet\/#breadcrumb"},"inLanguage":"es","potentialAction":[{"@type":"ReadAction","target":["https:\/\/www.casaldelsinfants.org\/es\/actualidad\/la-reforma-del-reglament-destrangeria-un-pas-endavant-incomplet\/"]}]},{"@type":"ImageObject","inLanguage":"es","@id":"https:\/\/www.casaldelsinfants.org\/es\/actualidad\/la-reforma-del-reglament-destrangeria-un-pas-endavant-incomplet\/#primaryimage","url":"https:\/\/www.casaldelsinfants.org\/wp-content\/uploads\/gif_moha_sonia_i_sara_claudia_casal_dels_infants.gif","contentUrl":"https:\/\/www.casaldelsinfants.org\/wp-content\/uploads\/gif_moha_sonia_i_sara_claudia_casal_dels_infants.gif","width":960,"height":540,"caption":"participants en blanc i negre"},{"@type":"BreadcrumbList","@id":"https:\/\/www.casaldelsinfants.org\/es\/actualidad\/la-reforma-del-reglament-destrangeria-un-pas-endavant-incomplet\/#breadcrumb","itemListElement":[{"@type":"ListItem","position":1,"name":"Inici","item":"https:\/\/www.casaldelsinfants.org\/es\/"},{"@type":"ListItem","position":2,"name":"La reforma del reglamento de extranjer\u00eda, un paso adelante incompleto"}]},{"@type":"WebSite","@id":"https:\/\/www.casaldelsinfants.org\/es\/#website","url":"https:\/\/www.casaldelsinfants.org\/es\/","name":"Casal dels Infants","description":"","publisher":{"@id":"https:\/\/www.casaldelsinfants.org\/es\/#organization"},"potentialAction":[{"@type":"SearchAction","target":{"@type":"EntryPoint","urlTemplate":"https:\/\/www.casaldelsinfants.org\/es\/?s={search_term_string}"},"query-input":{"@type":"PropertyValueSpecification","valueRequired":true,"valueName":"search_term_string"}}],"inLanguage":"es"},{"@type":"Organization","@id":"https:\/\/www.casaldelsinfants.org\/es\/#organization","name":"Casal dels Infants","url":"https:\/\/www.casaldelsinfants.org\/es\/","logo":{"@type":"ImageObject","inLanguage":"es","@id":"https:\/\/www.casaldelsinfants.org\/es\/#\/schema\/logo\/image\/","url":"https:\/\/www.casaldelsinfants.org\/wp-content\/uploads\/logo-mail.png","contentUrl":"https:\/\/www.casaldelsinfants.org\/wp-content\/uploads\/logo-mail.png","width":380,"height":158,"caption":"Casal dels Infants"},"image":{"@id":"https:\/\/www.casaldelsinfants.org\/es\/#\/schema\/logo\/image\/"},"sameAs":["https:\/\/www.facebook.com\/casalinfants","https:\/\/x.com\/casalinfants","https:\/\/www.youtube.com\/user\/CasaldelsInfants1","https:\/\/www.instagram.com\/casalinfants\/","https:\/\/www.linkedin.com\/company\/casaldelsinfants?trk=organization-update_share-update_actor-text"]},{"@type":"Person","@id":"https:\/\/www.casaldelsinfants.org\/es\/#\/schema\/person\/97707fc8c64900cf36891127dbf9fba8","name":"cdiAdmin","sameAs":["https:\/\/casaldelsinfants.org"]}]}},"publishpress_future_action":{"enabled":false,"date":"2026-05-06 14:56:48","action":"change-status","newStatus":"draft","terms":[],"taxonomy":"category","extraData":[]},"publishpress_future_workflow_manual_trigger":{"enabledWorkflows":[]},"_links":{"self":[{"href":"https:\/\/www.casaldelsinfants.org\/es\/wp-json\/wp\/v2\/posts\/4262","targetHints":{"allow":["GET"]}}],"collection":[{"href":"https:\/\/www.casaldelsinfants.org\/es\/wp-json\/wp\/v2\/posts"}],"about":[{"href":"https:\/\/www.casaldelsinfants.org\/es\/wp-json\/wp\/v2\/types\/post"}],"author":[{"embeddable":true,"href":"https:\/\/www.casaldelsinfants.org\/es\/wp-json\/wp\/v2\/users\/1"}],"replies":[{"embeddable":true,"href":"https:\/\/www.casaldelsinfants.org\/es\/wp-json\/wp\/v2\/comments?post=4262"}],"version-history":[{"count":5,"href":"https:\/\/www.casaldelsinfants.org\/es\/wp-json\/wp\/v2\/posts\/4262\/revisions"}],"predecessor-version":[{"id":16091,"href":"https:\/\/www.casaldelsinfants.org\/es\/wp-json\/wp\/v2\/posts\/4262\/revisions\/16091"}],"wp:featuredmedia":[{"embeddable":true,"href":"https:\/\/www.casaldelsinfants.org\/es\/wp-json\/wp\/v2\/media\/3021"}],"wp:attachment":[{"href":"https:\/\/www.casaldelsinfants.org\/es\/wp-json\/wp\/v2\/media?parent=4262"}],"wp:term":[{"taxonomy":"category","embeddable":true,"href":"https:\/\/www.casaldelsinfants.org\/es\/wp-json\/wp\/v2\/categories?post=4262"},{"taxonomy":"post_tag","embeddable":true,"href":"https:\/\/www.casaldelsinfants.org\/es\/wp-json\/wp\/v2\/tags?post=4262"},{"taxonomy":"seus","embeddable":true,"href":"https:\/\/www.casaldelsinfants.org\/es\/wp-json\/wp\/v2\/seus?post=4262"},{"taxonomy":"eixos","embeddable":true,"href":"https:\/\/www.casaldelsinfants.org\/es\/wp-json\/wp\/v2\/eixos?post=4262"}],"curies":[{"name":"wp","href":"https:\/\/api.w.org\/{rel}","templated":true}]}}