{"id":4265,"date":"2021-10-22T12:20:20","date_gmt":"2021-10-22T10:20:20","guid":{"rendered":"https:\/\/casal.puntzero.cat\/noticies\/iniciem-noves-formacions-laborals-salt-en-els-sectors-textil-i-carnic\/"},"modified":"2023-05-01T17:44:26","modified_gmt":"2023-05-01T15:44:26","slug":"iniciem-noves-formacions-laborals-salt-en-els-sectors-textil-i-carnic","status":"publish","type":"post","link":"https:\/\/www.casaldelsinfants.org\/es\/actualidad\/iniciamos-nuevas-formaciones-laborales-en-salt-en-los-sectores-textil-y-carnico\/","title":{"rendered":"Iniciamos nuevas formaciones laborales en Salt en los sectores textil y c\u00e1rnico"},"content":{"rendered":"<p dir=\"ltr\">\u00a0<\/p>\n<p dir=\"ltr\"><span style=\"color:#000000;\">En el Casal dels Infants ampliamos la oferta de cursos formativos y de inserci\u00f3n laboral en nuevos sectores profesionales, con dos cursos que tendr\u00e1n lugar en Salt. El viernes pasado empez\u00f3\u00a0en el municipio gerundense una nueva formaci\u00f3n centrada en el <strong>sector textil y el oficio de costura,\u00a0<\/strong>y el a\u00f1o que viene se estrenar\u00e1 un curso de formaci\u00f3n en <strong>industrias c\u00e1rnicas y trabajadores de mataderos<\/strong>, muy potente en esta regi\u00f3n del pa\u00eds.\u00a0<\/span><\/p>\n<p dir=\"ltr\"><span style=\"color:#000000;\">El curso textil es un curso tecnificador, es decir, que prepara a las personas que participan para trabajar en el oficio, en este caso,\u00a0de <strong>costurera<\/strong>.<strong>\u00a0<\/strong>El curso, en esta prueba piloto,\u00a0est\u00e1 destinado a mujeres en edad laboral, de m\u00e1s de 16 a\u00f1os. El \u00c0rea de Promoci\u00f3 Econ\u00f2mica del Ajuntament de Salt, que colabora con\u00a0el Casal para llevar a cabo este curso, ha seleccionado 20 mujeres para participar en la formaci\u00f3n.\u00a0<\/span><\/p>\n<p dir=\"ltr\"><font color=\"#000000\">La formaci\u00f3n, que combina clases te\u00f3ricas con competencias pr\u00e1cticas durante dos meses, la\u00a0imparte <\/font><u><a href=\"https:\/\/www.qstura.cat\/?lang=es\" target=\"_blank\" rel=\"noopener\">Qstura<\/a><\/u><font color=\"#000000\">, una escuela de dise\u00f1o, patronaje y confecci\u00f3n ubicada en el\u00a0Parc Cient\u00edfic de la Universitat de Girona. El equipo educativo del Casal dels Infants se encarga de fortalecer las competencias transversales y las habilidades sociales de las participantes.\u00a0<\/font><\/p>\n<p dir=\"ltr\"><font color=\"#000000\">De cara al a\u00f1o que viene, desde el Casal ofrecemos otro curso tecnificador en industrias c\u00e1rnicas para un grupo de 20 personas, destinado a hombres y mujeres en edad laboral. Esta formaci\u00f3n <strong>comenzar\u00e1 en enero de 2022 <\/strong>y se alargar\u00e1 6 meses, y permitir\u00e1 a aquellos que participen ser contratados durante el per\u00edodo de la formaci\u00f3n y obtener el certificado de profesionalidad de nivel 1. En este caso, las empresas colaboradoras y encargadas de la formaci\u00f3n son la <\/font><u><a href=\"http:\/\/kreas.cat\/\" target=\"_blank\" rel=\"noopener\">Fundaci\u00f3n Kreas<\/a><\/u><font color=\"#000000\"> y el <\/font><u><a href=\"https:\/\/www.costabravafoods.com\/grupo-canigueral\/\" target=\"_blank\" rel=\"noopener\">Grup Ca\u00f1igueral Costa Brava Mediterranean Foods<\/a><\/u><font color=\"#000000\">.\u00a0<\/font><\/p>\n<p dir=\"ltr\"><span style=\"color:#000000;\">El rol del Casal recae en \u00absostener el itinerario formativo\u00bb de los alumnos, explica el director en Formaci\u00f3n e Inserci\u00f3n Laboral del Casal dels Infants, Jos\u00e9 Rold\u00e1n. El equipo educativo ofrecer\u00e1 apoyo transversal a los participantes y los asesorar\u00e1 durante su itinerario de formaci\u00f3n y de inserci\u00f3n laboral.\u00a0<\/span><\/p>\n<p dir=\"ltr\"><span style=\"color:#000000;\">A ra\u00edz de la pandemia de la COVID-19, con restaurantes y hoteles cerrados durante meses, <strong>el Casal ha apostado por nuevos sectores laborales<\/strong>, como la atenci\u00f3n al cliente, auxiliares de oficina, monitores de comedor, limpieza industrial y la atenci\u00f3n a personas de movilidad reducida. Son sectores que tienen altos \u00edndices de inserci\u00f3n y que no se han visto tan limitados por las restricciones como la restauraci\u00f3n y la hosteler\u00eda. \u00abAl Casal tenemos el objetivo de formar las personas en los sectores que generan trabajo, all\u00e1 donde hay demanda de personal\u00bb, concluye Rold\u00e1n.\u00a0<\/span><\/p>\n<p dir=\"ltr\">\u00a0<\/p>\n<blockquote>\n<p dir=\"ltr\"><a href=\"https:\/\/www.casaldelsinfants.org\/es\/que-puedes-hacer-tu\/haz-un-donativo\/\" target=\"_blank\" rel=\"noopener\"><u>Ay\u00fadanos<\/u><\/a>\u00a0a seguir ofreciendo oportunidades formativas y laborales a j\u00f3venes, hombres y mujeres en situaci\u00f3n de riesgo de exclusi\u00f3n social.<\/p>\n<\/blockquote>\n<p>\u00a0<\/p>\n","protected":false},"excerpt":{"rendered":"<p>\u00a0 En el Casal dels Infants ampliamos la oferta de cursos formativos y de inserci\u00f3n laboral en nuevos sectores profesionales, con dos cursos que tendr\u00e1n lugar en Salt. El viernes pasado empez\u00f3\u00a0en el municipio gerundense una nueva formaci\u00f3n centrada en el sector textil y el oficio de costura,\u00a0y el a\u00f1o que viene se estrenar\u00e1 un [&hellip;]<\/p>\n","protected":false},"author":1,"featured_media":3027,"comment_status":"open","ping_status":"open","sticky":false,"template":"","format":"standard","meta":{"_acf_changed":false,"_et_pb_use_builder":"","_et_pb_old_content":"","_et_gb_content_width":"","inline_featured_image":false,"footnotes":""},"categories":[125],"tags":[],"seus":[18,159],"eixos":[110],"class_list":{"0":"post-4265","1":"post","2":"type-post","3":"status-publish","4":"format-standard","5":"has-post-thumbnail","6":"hentry","7":"category-noticias","8":"seus-salt","10":"eixos-comunidad-casal-dels-infants"},"acf":[],"yoast_head":"<!-- This site is optimized with the Yoast SEO plugin v27.4 - https:\/\/yoast.com\/product\/yoast-seo-wordpress\/ -->\n<title>Iniciamos nuevas formaciones laborales en Salt en los sectores textil y c\u00e1rnico | Casal dels Infants Iniciamos nuevas formaciones laborales en Salt en los sectores textil y c\u00e1rnico - Casal dels Infants<\/title>\n<meta name=\"description\" content=\"Desde el Casal dels Infants iniciamos nuevos cursos de formaci\u00f3n e inserci\u00f3n laboral en Salt, Gerona. Se ense\u00f1aran oficios del sector textil para un grupo de mujeres este octubre, y en enero de 2022, del sector de las industrias c\u00e1rnicas, destinado a hombres y mujeres en edad laboral.\" \/>\n<meta name=\"robots\" content=\"index, follow, max-snippet:-1, max-image-preview:large, max-video-preview:-1\" \/>\n<link rel=\"canonical\" href=\"https:\/\/www.casaldelsinfants.org\/es\/actualidad\/iniciamos-nuevas-formaciones-laborales-en-salt-en-los-sectores-textil-y-carnico\/\" \/>\n<meta property=\"og:locale\" content=\"es_ES\" \/>\n<meta property=\"og:type\" content=\"article\" \/>\n<meta property=\"og:title\" content=\"Iniciamos nuevas formaciones laborales en Salt en los sectores textil y c\u00e1rnico | Casal dels Infants Iniciamos nuevas formaciones laborales en Salt en los sectores textil y c\u00e1rnico - Casal dels Infants\" \/>\n<meta property=\"og:description\" content=\"Desde el Casal dels Infants iniciamos nuevos cursos de formaci\u00f3n e inserci\u00f3n laboral en Salt, Gerona. Se ense\u00f1aran oficios del sector textil para un grupo de mujeres este octubre, y en enero de 2022, del sector de las industrias c\u00e1rnicas, destinado a hombres y mujeres en edad laboral.\" \/>\n<meta property=\"og:url\" content=\"https:\/\/www.casaldelsinfants.org\/es\/actualidad\/iniciamos-nuevas-formaciones-laborales-en-salt-en-los-sectores-textil-y-carnico\/\" \/>\n<meta property=\"og:site_name\" content=\"Casal dels Infants\" \/>\n<meta property=\"article:publisher\" content=\"https:\/\/www.facebook.com\/casalinfants\" \/>\n<meta property=\"article:published_time\" content=\"2021-10-22T10:20:20+00:00\" \/>\n<meta property=\"article:modified_time\" content=\"2023-05-01T15:44:26+00:00\" \/>\n<meta property=\"og:image\" content=\"https:\/\/www.casaldelsinfants.org\/wp-content\/uploads\/casal_dels_infants_noves_formacions_curs_textil.jpg\" \/>\n\t<meta property=\"og:image:width\" content=\"1596\" \/>\n\t<meta property=\"og:image:height\" content=\"1184\" \/>\n\t<meta property=\"og:image:type\" content=\"image\/jpeg\" \/>\n<meta name=\"author\" content=\"cdiAdmin\" \/>\n<meta name=\"twitter:card\" content=\"summary_large_image\" \/>\n<meta name=\"twitter:creator\" content=\"@casalinfants\" \/>\n<meta name=\"twitter:site\" content=\"@casalinfants\" \/>\n<meta name=\"twitter:label1\" content=\"Escrito por\" \/>\n\t<meta name=\"twitter:data1\" content=\"cdiAdmin\" \/>\n\t<meta name=\"twitter:label2\" content=\"Tiempo de lectura\" \/>\n\t<meta name=\"twitter:data2\" content=\"2 minutos\" \/>\n<script type=\"application\/ld+json\" class=\"yoast-schema-graph\">{\"@context\":\"https:\\\/\\\/schema.org\",\"@graph\":[{\"@type\":\"Article\",\"@id\":\"https:\\\/\\\/www.casaldelsinfants.org\\\/es\\\/actualidad\\\/iniciamos-nuevas-formaciones-laborales-en-salt-en-los-sectores-textil-y-carnico\\\/#article\",\"isPartOf\":{\"@id\":\"https:\\\/\\\/www.casaldelsinfants.org\\\/es\\\/actualidad\\\/iniciamos-nuevas-formaciones-laborales-en-salt-en-los-sectores-textil-y-carnico\\\/\"},\"author\":{\"name\":\"cdiAdmin\",\"@id\":\"https:\\\/\\\/www.casaldelsinfants.org\\\/es\\\/#\\\/schema\\\/person\\\/97707fc8c64900cf36891127dbf9fba8\"},\"headline\":\"Iniciamos nuevas formaciones laborales en Salt en los sectores textil y c\u00e1rnico\",\"datePublished\":\"2021-10-22T10:20:20+00:00\",\"dateModified\":\"2023-05-01T15:44:26+00:00\",\"mainEntityOfPage\":{\"@id\":\"https:\\\/\\\/www.casaldelsinfants.org\\\/es\\\/actualidad\\\/iniciamos-nuevas-formaciones-laborales-en-salt-en-los-sectores-textil-y-carnico\\\/\"},\"wordCount\":496,\"commentCount\":0,\"publisher\":{\"@id\":\"https:\\\/\\\/www.casaldelsinfants.org\\\/es\\\/#organization\"},\"image\":{\"@id\":\"https:\\\/\\\/www.casaldelsinfants.org\\\/es\\\/actualidad\\\/iniciamos-nuevas-formaciones-laborales-en-salt-en-los-sectores-textil-y-carnico\\\/#primaryimage\"},\"thumbnailUrl\":\"https:\\\/\\\/www.casaldelsinfants.org\\\/wp-content\\\/uploads\\\/casal_dels_infants_noves_formacions_curs_textil.jpg\",\"articleSection\":[\"Noticia\"],\"inLanguage\":\"es\",\"potentialAction\":[{\"@type\":\"CommentAction\",\"name\":\"Comment\",\"target\":[\"https:\\\/\\\/www.casaldelsinfants.org\\\/es\\\/actualidad\\\/iniciamos-nuevas-formaciones-laborales-en-salt-en-los-sectores-textil-y-carnico\\\/#respond\"]}]},{\"@type\":\"WebPage\",\"@id\":\"https:\\\/\\\/www.casaldelsinfants.org\\\/es\\\/actualidad\\\/iniciamos-nuevas-formaciones-laborales-en-salt-en-los-sectores-textil-y-carnico\\\/\",\"url\":\"https:\\\/\\\/www.casaldelsinfants.org\\\/es\\\/actualidad\\\/iniciamos-nuevas-formaciones-laborales-en-salt-en-los-sectores-textil-y-carnico\\\/\",\"name\":\"Iniciamos nuevas formaciones laborales en Salt en los sectores textil y c\u00e1rnico | Casal dels Infants Iniciamos nuevas formaciones laborales en Salt en los sectores textil y c\u00e1rnico - Casal dels Infants\",\"isPartOf\":{\"@id\":\"https:\\\/\\\/www.casaldelsinfants.org\\\/es\\\/#website\"},\"primaryImageOfPage\":{\"@id\":\"https:\\\/\\\/www.casaldelsinfants.org\\\/es\\\/actualidad\\\/iniciamos-nuevas-formaciones-laborales-en-salt-en-los-sectores-textil-y-carnico\\\/#primaryimage\"},\"image\":{\"@id\":\"https:\\\/\\\/www.casaldelsinfants.org\\\/es\\\/actualidad\\\/iniciamos-nuevas-formaciones-laborales-en-salt-en-los-sectores-textil-y-carnico\\\/#primaryimage\"},\"thumbnailUrl\":\"https:\\\/\\\/www.casaldelsinfants.org\\\/wp-content\\\/uploads\\\/casal_dels_infants_noves_formacions_curs_textil.jpg\",\"datePublished\":\"2021-10-22T10:20:20+00:00\",\"dateModified\":\"2023-05-01T15:44:26+00:00\",\"description\":\"Desde el Casal dels Infants iniciamos nuevos cursos de formaci\u00f3n e inserci\u00f3n laboral en Salt, Gerona. Se ense\u00f1aran oficios del sector textil para un grupo de mujeres este octubre, y en enero de 2022, del sector de las industrias c\u00e1rnicas, destinado a hombres y mujeres en edad laboral.\",\"breadcrumb\":{\"@id\":\"https:\\\/\\\/www.casaldelsinfants.org\\\/es\\\/actualidad\\\/iniciamos-nuevas-formaciones-laborales-en-salt-en-los-sectores-textil-y-carnico\\\/#breadcrumb\"},\"inLanguage\":\"es\",\"potentialAction\":[{\"@type\":\"ReadAction\",\"target\":[\"https:\\\/\\\/www.casaldelsinfants.org\\\/es\\\/actualidad\\\/iniciamos-nuevas-formaciones-laborales-en-salt-en-los-sectores-textil-y-carnico\\\/\"]}]},{\"@type\":\"ImageObject\",\"inLanguage\":\"es\",\"@id\":\"https:\\\/\\\/www.casaldelsinfants.org\\\/es\\\/actualidad\\\/iniciamos-nuevas-formaciones-laborales-en-salt-en-los-sectores-textil-y-carnico\\\/#primaryimage\",\"url\":\"https:\\\/\\\/www.casaldelsinfants.org\\\/wp-content\\\/uploads\\\/casal_dels_infants_noves_formacions_curs_textil.jpg\",\"contentUrl\":\"https:\\\/\\\/www.casaldelsinfants.org\\\/wp-content\\\/uploads\\\/casal_dels_infants_noves_formacions_curs_textil.jpg\",\"width\":1596,\"height\":1184,\"caption\":\"Formacions laborals a Salt en els sectors t\u00e8xtil i c\u00e0rnic\"},{\"@type\":\"BreadcrumbList\",\"@id\":\"https:\\\/\\\/www.casaldelsinfants.org\\\/es\\\/actualidad\\\/iniciamos-nuevas-formaciones-laborales-en-salt-en-los-sectores-textil-y-carnico\\\/#breadcrumb\",\"itemListElement\":[{\"@type\":\"ListItem\",\"position\":1,\"name\":\"Inici\",\"item\":\"https:\\\/\\\/www.casaldelsinfants.org\\\/es\\\/\"},{\"@type\":\"ListItem\",\"position\":2,\"name\":\"Iniciamos nuevas formaciones laborales en Salt en los sectores textil y c\u00e1rnico\"}]},{\"@type\":\"WebSite\",\"@id\":\"https:\\\/\\\/www.casaldelsinfants.org\\\/es\\\/#website\",\"url\":\"https:\\\/\\\/www.casaldelsinfants.org\\\/es\\\/\",\"name\":\"Casal dels Infants\",\"description\":\"\",\"publisher\":{\"@id\":\"https:\\\/\\\/www.casaldelsinfants.org\\\/es\\\/#organization\"},\"potentialAction\":[{\"@type\":\"SearchAction\",\"target\":{\"@type\":\"EntryPoint\",\"urlTemplate\":\"https:\\\/\\\/www.casaldelsinfants.org\\\/es\\\/?s={search_term_string}\"},\"query-input\":{\"@type\":\"PropertyValueSpecification\",\"valueRequired\":true,\"valueName\":\"search_term_string\"}}],\"inLanguage\":\"es\"},{\"@type\":\"Organization\",\"@id\":\"https:\\\/\\\/www.casaldelsinfants.org\\\/es\\\/#organization\",\"name\":\"Casal dels Infants\",\"url\":\"https:\\\/\\\/www.casaldelsinfants.org\\\/es\\\/\",\"logo\":{\"@type\":\"ImageObject\",\"inLanguage\":\"es\",\"@id\":\"https:\\\/\\\/www.casaldelsinfants.org\\\/es\\\/#\\\/schema\\\/logo\\\/image\\\/\",\"url\":\"https:\\\/\\\/www.casaldelsinfants.org\\\/wp-content\\\/uploads\\\/logo-mail.png\",\"contentUrl\":\"https:\\\/\\\/www.casaldelsinfants.org\\\/wp-content\\\/uploads\\\/logo-mail.png\",\"width\":380,\"height\":158,\"caption\":\"Casal dels Infants\"},\"image\":{\"@id\":\"https:\\\/\\\/www.casaldelsinfants.org\\\/es\\\/#\\\/schema\\\/logo\\\/image\\\/\"},\"sameAs\":[\"https:\\\/\\\/www.facebook.com\\\/casalinfants\",\"https:\\\/\\\/x.com\\\/casalinfants\",\"https:\\\/\\\/www.youtube.com\\\/user\\\/CasaldelsInfants1\",\"https:\\\/\\\/www.instagram.com\\\/casalinfants\\\/\",\"https:\\\/\\\/www.linkedin.com\\\/company\\\/casaldelsinfants?trk=organization-update_share-update_actor-text\"]},{\"@type\":\"Person\",\"@id\":\"https:\\\/\\\/www.casaldelsinfants.org\\\/es\\\/#\\\/schema\\\/person\\\/97707fc8c64900cf36891127dbf9fba8\",\"name\":\"cdiAdmin\",\"sameAs\":[\"https:\\\/\\\/casaldelsinfants.org\"]}]}<\/script>\n<!-- \/ Yoast SEO plugin. -->","yoast_head_json":{"title":"Iniciamos nuevas formaciones laborales en Salt en los sectores textil y c\u00e1rnico | Casal dels Infants Iniciamos nuevas formaciones laborales en Salt en los sectores textil y c\u00e1rnico - Casal dels Infants","description":"Desde el Casal dels Infants iniciamos nuevos cursos de formaci\u00f3n e inserci\u00f3n laboral en Salt, Gerona. Se ense\u00f1aran oficios del sector textil para un grupo de mujeres este octubre, y en enero de 2022, del sector de las industrias c\u00e1rnicas, destinado a hombres y mujeres en edad laboral.","robots":{"index":"index","follow":"follow","max-snippet":"max-snippet:-1","max-image-preview":"max-image-preview:large","max-video-preview":"max-video-preview:-1"},"canonical":"https:\/\/www.casaldelsinfants.org\/es\/actualidad\/iniciamos-nuevas-formaciones-laborales-en-salt-en-los-sectores-textil-y-carnico\/","og_locale":"es_ES","og_type":"article","og_title":"Iniciamos nuevas formaciones laborales en Salt en los sectores textil y c\u00e1rnico | Casal dels Infants Iniciamos nuevas formaciones laborales en Salt en los sectores textil y c\u00e1rnico - Casal dels Infants","og_description":"Desde el Casal dels Infants iniciamos nuevos cursos de formaci\u00f3n e inserci\u00f3n laboral en Salt, Gerona. Se ense\u00f1aran oficios del sector textil para un grupo de mujeres este octubre, y en enero de 2022, del sector de las industrias c\u00e1rnicas, destinado a hombres y mujeres en edad laboral.","og_url":"https:\/\/www.casaldelsinfants.org\/es\/actualidad\/iniciamos-nuevas-formaciones-laborales-en-salt-en-los-sectores-textil-y-carnico\/","og_site_name":"Casal dels Infants","article_publisher":"https:\/\/www.facebook.com\/casalinfants","article_published_time":"2021-10-22T10:20:20+00:00","article_modified_time":"2023-05-01T15:44:26+00:00","og_image":[{"width":1596,"height":1184,"url":"https:\/\/www.casaldelsinfants.org\/wp-content\/uploads\/casal_dels_infants_noves_formacions_curs_textil.jpg","type":"image\/jpeg"}],"author":"cdiAdmin","twitter_card":"summary_large_image","twitter_creator":"@casalinfants","twitter_site":"@casalinfants","twitter_misc":{"Escrito por":"cdiAdmin","Tiempo de lectura":"2 minutos"},"schema":{"@context":"https:\/\/schema.org","@graph":[{"@type":"Article","@id":"https:\/\/www.casaldelsinfants.org\/es\/actualidad\/iniciamos-nuevas-formaciones-laborales-en-salt-en-los-sectores-textil-y-carnico\/#article","isPartOf":{"@id":"https:\/\/www.casaldelsinfants.org\/es\/actualidad\/iniciamos-nuevas-formaciones-laborales-en-salt-en-los-sectores-textil-y-carnico\/"},"author":{"name":"cdiAdmin","@id":"https:\/\/www.casaldelsinfants.org\/es\/#\/schema\/person\/97707fc8c64900cf36891127dbf9fba8"},"headline":"Iniciamos nuevas formaciones laborales en Salt en los sectores textil y c\u00e1rnico","datePublished":"2021-10-22T10:20:20+00:00","dateModified":"2023-05-01T15:44:26+00:00","mainEntityOfPage":{"@id":"https:\/\/www.casaldelsinfants.org\/es\/actualidad\/iniciamos-nuevas-formaciones-laborales-en-salt-en-los-sectores-textil-y-carnico\/"},"wordCount":496,"commentCount":0,"publisher":{"@id":"https:\/\/www.casaldelsinfants.org\/es\/#organization"},"image":{"@id":"https:\/\/www.casaldelsinfants.org\/es\/actualidad\/iniciamos-nuevas-formaciones-laborales-en-salt-en-los-sectores-textil-y-carnico\/#primaryimage"},"thumbnailUrl":"https:\/\/www.casaldelsinfants.org\/wp-content\/uploads\/casal_dels_infants_noves_formacions_curs_textil.jpg","articleSection":["Noticia"],"inLanguage":"es","potentialAction":[{"@type":"CommentAction","name":"Comment","target":["https:\/\/www.casaldelsinfants.org\/es\/actualidad\/iniciamos-nuevas-formaciones-laborales-en-salt-en-los-sectores-textil-y-carnico\/#respond"]}]},{"@type":"WebPage","@id":"https:\/\/www.casaldelsinfants.org\/es\/actualidad\/iniciamos-nuevas-formaciones-laborales-en-salt-en-los-sectores-textil-y-carnico\/","url":"https:\/\/www.casaldelsinfants.org\/es\/actualidad\/iniciamos-nuevas-formaciones-laborales-en-salt-en-los-sectores-textil-y-carnico\/","name":"Iniciamos nuevas formaciones laborales en Salt en los sectores textil y c\u00e1rnico | Casal dels Infants Iniciamos nuevas formaciones laborales en Salt en los sectores textil y c\u00e1rnico - Casal dels Infants","isPartOf":{"@id":"https:\/\/www.casaldelsinfants.org\/es\/#website"},"primaryImageOfPage":{"@id":"https:\/\/www.casaldelsinfants.org\/es\/actualidad\/iniciamos-nuevas-formaciones-laborales-en-salt-en-los-sectores-textil-y-carnico\/#primaryimage"},"image":{"@id":"https:\/\/www.casaldelsinfants.org\/es\/actualidad\/iniciamos-nuevas-formaciones-laborales-en-salt-en-los-sectores-textil-y-carnico\/#primaryimage"},"thumbnailUrl":"https:\/\/www.casaldelsinfants.org\/wp-content\/uploads\/casal_dels_infants_noves_formacions_curs_textil.jpg","datePublished":"2021-10-22T10:20:20+00:00","dateModified":"2023-05-01T15:44:26+00:00","description":"Desde el Casal dels Infants iniciamos nuevos cursos de formaci\u00f3n e inserci\u00f3n laboral en Salt, Gerona. Se ense\u00f1aran oficios del sector textil para un grupo de mujeres este octubre, y en enero de 2022, del sector de las industrias c\u00e1rnicas, destinado a hombres y mujeres en edad laboral.","breadcrumb":{"@id":"https:\/\/www.casaldelsinfants.org\/es\/actualidad\/iniciamos-nuevas-formaciones-laborales-en-salt-en-los-sectores-textil-y-carnico\/#breadcrumb"},"inLanguage":"es","potentialAction":[{"@type":"ReadAction","target":["https:\/\/www.casaldelsinfants.org\/es\/actualidad\/iniciamos-nuevas-formaciones-laborales-en-salt-en-los-sectores-textil-y-carnico\/"]}]},{"@type":"ImageObject","inLanguage":"es","@id":"https:\/\/www.casaldelsinfants.org\/es\/actualidad\/iniciamos-nuevas-formaciones-laborales-en-salt-en-los-sectores-textil-y-carnico\/#primaryimage","url":"https:\/\/www.casaldelsinfants.org\/wp-content\/uploads\/casal_dels_infants_noves_formacions_curs_textil.jpg","contentUrl":"https:\/\/www.casaldelsinfants.org\/wp-content\/uploads\/casal_dels_infants_noves_formacions_curs_textil.jpg","width":1596,"height":1184,"caption":"Formacions laborals a Salt en els sectors t\u00e8xtil i c\u00e0rnic"},{"@type":"BreadcrumbList","@id":"https:\/\/www.casaldelsinfants.org\/es\/actualidad\/iniciamos-nuevas-formaciones-laborales-en-salt-en-los-sectores-textil-y-carnico\/#breadcrumb","itemListElement":[{"@type":"ListItem","position":1,"name":"Inici","item":"https:\/\/www.casaldelsinfants.org\/es\/"},{"@type":"ListItem","position":2,"name":"Iniciamos nuevas formaciones laborales en Salt en los sectores textil y c\u00e1rnico"}]},{"@type":"WebSite","@id":"https:\/\/www.casaldelsinfants.org\/es\/#website","url":"https:\/\/www.casaldelsinfants.org\/es\/","name":"Casal dels Infants","description":"","publisher":{"@id":"https:\/\/www.casaldelsinfants.org\/es\/#organization"},"potentialAction":[{"@type":"SearchAction","target":{"@type":"EntryPoint","urlTemplate":"https:\/\/www.casaldelsinfants.org\/es\/?s={search_term_string}"},"query-input":{"@type":"PropertyValueSpecification","valueRequired":true,"valueName":"search_term_string"}}],"inLanguage":"es"},{"@type":"Organization","@id":"https:\/\/www.casaldelsinfants.org\/es\/#organization","name":"Casal dels Infants","url":"https:\/\/www.casaldelsinfants.org\/es\/","logo":{"@type":"ImageObject","inLanguage":"es","@id":"https:\/\/www.casaldelsinfants.org\/es\/#\/schema\/logo\/image\/","url":"https:\/\/www.casaldelsinfants.org\/wp-content\/uploads\/logo-mail.png","contentUrl":"https:\/\/www.casaldelsinfants.org\/wp-content\/uploads\/logo-mail.png","width":380,"height":158,"caption":"Casal dels Infants"},"image":{"@id":"https:\/\/www.casaldelsinfants.org\/es\/#\/schema\/logo\/image\/"},"sameAs":["https:\/\/www.facebook.com\/casalinfants","https:\/\/x.com\/casalinfants","https:\/\/www.youtube.com\/user\/CasaldelsInfants1","https:\/\/www.instagram.com\/casalinfants\/","https:\/\/www.linkedin.com\/company\/casaldelsinfants?trk=organization-update_share-update_actor-text"]},{"@type":"Person","@id":"https:\/\/www.casaldelsinfants.org\/es\/#\/schema\/person\/97707fc8c64900cf36891127dbf9fba8","name":"cdiAdmin","sameAs":["https:\/\/casaldelsinfants.org"]}]}},"publishpress_future_action":{"enabled":false,"date":"2026-05-09 08:19:41","action":"change-status","newStatus":"draft","terms":[],"taxonomy":"category","extraData":[]},"publishpress_future_workflow_manual_trigger":{"enabledWorkflows":[]},"_links":{"self":[{"href":"https:\/\/www.casaldelsinfants.org\/es\/wp-json\/wp\/v2\/posts\/4265","targetHints":{"allow":["GET"]}}],"collection":[{"href":"https:\/\/www.casaldelsinfants.org\/es\/wp-json\/wp\/v2\/posts"}],"about":[{"href":"https:\/\/www.casaldelsinfants.org\/es\/wp-json\/wp\/v2\/types\/post"}],"author":[{"embeddable":true,"href":"https:\/\/www.casaldelsinfants.org\/es\/wp-json\/wp\/v2\/users\/1"}],"replies":[{"embeddable":true,"href":"https:\/\/www.casaldelsinfants.org\/es\/wp-json\/wp\/v2\/comments?post=4265"}],"version-history":[{"count":1,"href":"https:\/\/www.casaldelsinfants.org\/es\/wp-json\/wp\/v2\/posts\/4265\/revisions"}],"predecessor-version":[{"id":6246,"href":"https:\/\/www.casaldelsinfants.org\/es\/wp-json\/wp\/v2\/posts\/4265\/revisions\/6246"}],"wp:featuredmedia":[{"embeddable":true,"href":"https:\/\/www.casaldelsinfants.org\/es\/wp-json\/wp\/v2\/media\/3027"}],"wp:attachment":[{"href":"https:\/\/www.casaldelsinfants.org\/es\/wp-json\/wp\/v2\/media?parent=4265"}],"wp:term":[{"taxonomy":"category","embeddable":true,"href":"https:\/\/www.casaldelsinfants.org\/es\/wp-json\/wp\/v2\/categories?post=4265"},{"taxonomy":"post_tag","embeddable":true,"href":"https:\/\/www.casaldelsinfants.org\/es\/wp-json\/wp\/v2\/tags?post=4265"},{"taxonomy":"seus","embeddable":true,"href":"https:\/\/www.casaldelsinfants.org\/es\/wp-json\/wp\/v2\/seus?post=4265"},{"taxonomy":"eixos","embeddable":true,"href":"https:\/\/www.casaldelsinfants.org\/es\/wp-json\/wp\/v2\/eixos?post=4265"}],"curies":[{"name":"wp","href":"https:\/\/api.w.org\/{rel}","templated":true}]}}