{"id":4266,"date":"2021-10-21T13:27:03","date_gmt":"2021-10-21T11:27:03","guid":{"rendered":"https:\/\/casal.puntzero.cat\/noticies\/programacio-i-muntatge-de-robots-en-el-nou-taller-de-lespai-tecnologic-comunitari-del\/"},"modified":"2022-08-17T11:16:46","modified_gmt":"2022-08-17T09:16:46","slug":"programacio-i-muntatge-de-robots-en-el-nou-taller-de-lespai-tecnologic-comunitari-del","status":"publish","type":"post","link":"https:\/\/www.casaldelsinfants.org\/es\/actualidad\/programacion-montaje-de-robots-en-nuevo-taller-raval\/","title":{"rendered":"Programaci\u00f3n y montaje de robots en el nuevo taller del Espai Tecnol\u00f2gic Comunitari del Raval"},"content":{"rendered":"<p><span style=\"color:#000000;\">El <strong>Espai Tecnol\u00f2gic del Raval<\/strong> acoge durante el mes de octubre un nuevo taller, basado en el montaje y la programaci\u00f3n de un robot, m\u00e1s concretamente, de coches teledirigidos. En esta primera edici\u00f3n\u00a0participa un grupo de 12 ni\u00f1os y ni\u00f1as del servicio, de entre 6 y 12 a\u00f1os, y el objetivo es que adquieran <strong>conocimientos sobre conceptos de computaci\u00f3n b\u00e1sica<\/strong>.\u00a0<\/span><\/p>\n<p><span style=\"color:#000000;\">Durante el taller los ni\u00f1os y las ni\u00f1as aprenden a utilizar<\/span> <u><a href=\"https:\/\/codelearn.cat\/blog\/que-es-arduino\/\" target=\"_blank\" rel=\"noopener\">Arduino<\/a><\/u><span style=\"color:#000000;\">, una plataforma de creaci\u00f3n electr\u00f3nica de c\u00f3digo abierto que permite crear y modificar placas de circuito a partir de una misma base y darles el uso que quieran. Con estas placas se pueden crear diferentes tipos de microordenadores.\u00a0<\/span><\/p>\n<p><span style=\"color:#000000;\">El proyecto es fruto de la colaboraci\u00f3n con<\/span> <u><a href=\"https:\/\/minimakers.fun\/\" target=\"_blank\" rel=\"noopener\">MiniMakers<\/a><\/u><span style=\"color:#000000;\">, un proyecto que pretende facilitar el aprendizaje de la rob\u00f3tica y la fabricaci\u00f3n a la comunidad, con la creaci\u00f3n de juegos de construcci\u00f3n de cart\u00f3n. Dos miembros de MiniMakers gu\u00edan las clases del taller, que se estructura con 4 sesiones de una hora y media. Las cuatro fases del taller son: el dise\u00f1o del robot, la construcci\u00f3n, la programaci\u00f3n del c\u00f3digo que permite dar las \u00f3rdenes de movimiento al coche y, por \u00faltimo, la carrera de coches.\u00a0<\/span><\/p>\n<p><span style=\"color:#000000;\"><meta charset=\"utf-8\" \/><\/span><\/p>\n<p dir=\"ltr\"><span style=\"color:#000000;\">El taller de Arduino es una apuesta muy alineada con los objetivos del Espai Tecnol\u00f2gic Comunitari: ofrecer acceso a la tecnolog\u00eda, facilitar la conectividad a internet y promover la alfabetizaci\u00f3n digital entre la poblaci\u00f3n en riesgo de exclusi\u00f3n social para <strong>disminuir las situaciones de vulnerabilidad<\/strong>.\u00a0<\/span><\/p>\n<p dir=\"ltr\">\u00a0<\/p>\n<p dir=\"ltr\"><span style=\"color:#000000;\"><meta charset=\"utf-8\" \/><\/span><\/p>\n<p dir=\"ltr\"><strong>Trabajo en equipo<\/strong><\/p>\n<p dir=\"ltr\"><span style=\"color:#000000;\">El grupo trabaja por parejas en la construcci\u00f3n del coche, para <strong>incentivar el valor del trabajo en equipo<\/strong>. Este taller tambi\u00e9n quiere potenciar la perseverancia, la importancia de probar, equivocarse e intentar encontrar una soluci\u00f3n, ense\u00f1ar a organizarse y ofrecer\u00a0una experiencia vivencial a los conocimientos t\u00e9cnicos y te\u00f3ricos. \u00abQueremos que con la din\u00e1mica de ensayo-error los ni\u00f1os y ni\u00f1as acaben entendiendo porque algunas cosas fallan y acaben encontrando la soluci\u00f3n al problema\u00bb, explica Marc Pascual, pedagogo y educador del Espai Tecnol\u00f2gic Comunitari del Raval.\u00a0<\/span><\/p>\n<p dir=\"ltr\">\u00a0<\/p>\n<blockquote>\n<p dir=\"ltr\"><span style=\"font-size:20px;\"><strong><span style=\"color:#f1c40f;\">Marc Pascual, educador del Espai Tecnol\u00f2gic Comunitari del Raval:<\/span><span style=\"color:#000000;\"> \u00abQueremos que con la din\u00e1mica de ensayo-error los ni\u00f1os y ni\u00f1as acaben entendiendo porque algunas cosas fallan y acaben encontrando la soluci\u00f3n al problema\u00bb<\/span><\/strong><\/span><\/p>\n<\/blockquote>\n<p>\u00a0<\/p>\n<p dir=\"ltr\"><strong>Competencias para los trabajos del futuro \u00a0<\/strong><\/p>\n<p dir=\"ltr\"><span style=\"color:#000000;\">Otro de los objetivos de este taller es preparar estos ni\u00f1os y ni\u00f1as para su futuro laboral, en el que el trabajo humano puede perder peso, substituido por m\u00e1quinas y robots. \u00abEl futuro va hacia la programaci\u00f3n\u00bb, se\u00f1ala Marc. \u00abEste taller responde a la necesidad que estos ni\u00f1os y ni\u00f1as puedan trabajar o tengan m\u00e1s opciones a la hora de buscar trabajo cuando sean m\u00e1s grandes\u00bb, continua.\u00a0<\/span><\/p>\n<p dir=\"ltr\"><span style=\"color:#000000;\">Cuando se acabe esta edici\u00f3n, el Espai Tecnol\u00f2gic Comunitari, junto con MiniMakers, planean celebrar nuevas ediciones de la propuesta con otros grupos: en noviembre, con un grupo de chicas de 2\u00ba,\u00a03\u00ba y 4\u00ba de la ESO, y en diciembre con un grupo de madres.<\/span><\/p>\n<p dir=\"ltr\">\u00a0<\/p>\n<blockquote>\n<p dir=\"ltr\"><strong><u><a href=\"https:\/\/www.casaldelsinfants.org\/es\/que-puedes-hacer-tu\/haz-un-donativo\/\" target=\"_blank\" rel=\"noopener\">A<\/a><\/u><a href=\"https:\/\/www.casaldelsinfants.org\/es\/que-puedes-hacer-tu\/haz-un-donativo\/\" target=\"_blank\" rel=\"noopener\"><u>y\u00fadanos<\/u><\/a>\u00a0a continuar reduciendo el riesgo de exclusi\u00f3n social a trav\u00e9s del acceso a la tecnolog\u00eda de infantes, j\u00f3venes y familias en situaci\u00f3n de vulnerabilidad.\u00a0\u00a0<\/strong><\/p>\n<\/blockquote>\n<p>\u00a0<\/p>\n","protected":false},"excerpt":{"rendered":"<div class=\"video-embed-field-responsive-video form-group\"><iframe loading=\"lazy\" width=\"854\" height=\"480\" frameborder=\"0\" allowfullscreen=\"allowfullscreen\" src=\"https:\/\/www.youtube.com\/embed\/P-bFNZskg6s?autoplay=0&amp;start=0&amp;rel=0\"><\/iframe>\n<\/div>\n","protected":false},"author":1,"featured_media":0,"comment_status":"open","ping_status":"open","sticky":false,"template":"","format":"standard","meta":{"_acf_changed":false,"_et_pb_use_builder":"","_et_pb_old_content":"","_et_gb_content_width":"","inline_featured_image":false,"footnotes":""},"categories":[105],"tags":[],"seus":[157,16],"eixos":[207,99],"class_list":{"0":"post-4266","1":"post","2":"type-post","3":"status-publish","4":"format-standard","5":"hentry","6":"category-reportaje","7":"seus-el-raval","9":"eixos-infancia-i-adolescencia-es-2","10":"eixos-infancia-y-adolescencia"},"acf":[],"yoast_head":"<!-- This site is optimized with the Yoast SEO plugin v27.4 - https:\/\/yoast.com\/product\/yoast-seo-wordpress\/ -->\n<title>Programaci\u00f3n y montaje de robots en el nuevo taller del Espai Tecnol\u00f2gic Comunitari del Raval | Casal dels Infants Programaci\u00f3n y montaje de robots en el nuevo taller del Espai Tecnol\u00f2gic Comunitari del Raval<\/title>\n<meta name=\"description\" content=\"En el Espai Tecnol\u00f2gic Comunitari del Raval ha empezado un nuevo taller de Arduino. Ni\u00f1os y ni\u00f1as de entre 6 y 12 a\u00f1os participan en este taller donde est\u00e1n aprendiendo a dise\u00f1ar, montar y programar, por parejas, un coche teledirigido. El objetivo es facilitar al grupo acceso a la tecnolog\u00eda y competencias en programaci\u00f3n.\" \/>\n<meta name=\"robots\" content=\"index, follow, max-snippet:-1, max-image-preview:large, max-video-preview:-1\" \/>\n<link rel=\"canonical\" href=\"https:\/\/www.casaldelsinfants.org\/es\/actualidad\/programacion-montaje-de-robots-en-nuevo-taller-raval\/\" \/>\n<meta property=\"og:locale\" content=\"es_ES\" \/>\n<meta property=\"og:type\" content=\"article\" \/>\n<meta property=\"og:title\" content=\"Programaci\u00f3n y montaje de robots en el nuevo taller del Espai Tecnol\u00f2gic Comunitari del Raval | Casal dels Infants Programaci\u00f3n y montaje de robots en el nuevo taller del Espai Tecnol\u00f2gic Comunitari del Raval\" \/>\n<meta property=\"og:description\" content=\"En el Espai Tecnol\u00f2gic Comunitari del Raval ha empezado un nuevo taller de Arduino. Ni\u00f1os y ni\u00f1as de entre 6 y 12 a\u00f1os participan en este taller donde est\u00e1n aprendiendo a dise\u00f1ar, montar y programar, por parejas, un coche teledirigido. El objetivo es facilitar al grupo acceso a la tecnolog\u00eda y competencias en programaci\u00f3n.\" \/>\n<meta property=\"og:url\" content=\"https:\/\/www.casaldelsinfants.org\/es\/actualidad\/programacion-montaje-de-robots-en-nuevo-taller-raval\/\" \/>\n<meta property=\"og:site_name\" content=\"Casal dels Infants\" \/>\n<meta property=\"article:publisher\" content=\"https:\/\/www.facebook.com\/casalinfants\" \/>\n<meta property=\"article:published_time\" content=\"2021-10-21T11:27:03+00:00\" \/>\n<meta property=\"article:modified_time\" content=\"2022-08-17T09:16:46+00:00\" \/>\n<meta name=\"author\" content=\"cdiAdmin\" \/>\n<meta name=\"twitter:card\" content=\"summary_large_image\" \/>\n<meta name=\"twitter:creator\" content=\"@casalinfants\" \/>\n<meta name=\"twitter:site\" content=\"@casalinfants\" \/>\n<meta name=\"twitter:label1\" content=\"Escrito por\" \/>\n\t<meta name=\"twitter:data1\" content=\"cdiAdmin\" \/>\n\t<meta name=\"twitter:label2\" content=\"Tiempo de lectura\" \/>\n\t<meta name=\"twitter:data2\" content=\"3 minutos\" \/>\n<script type=\"application\/ld+json\" class=\"yoast-schema-graph\">{\"@context\":\"https:\\\/\\\/schema.org\",\"@graph\":[{\"@type\":\"Article\",\"@id\":\"https:\\\/\\\/www.casaldelsinfants.org\\\/es\\\/actualidad\\\/programacion-montaje-de-robots-en-nuevo-taller-raval\\\/#article\",\"isPartOf\":{\"@id\":\"https:\\\/\\\/www.casaldelsinfants.org\\\/es\\\/actualidad\\\/programacion-montaje-de-robots-en-nuevo-taller-raval\\\/\"},\"author\":{\"name\":\"cdiAdmin\",\"@id\":\"https:\\\/\\\/www.casaldelsinfants.org\\\/es\\\/#\\\/schema\\\/person\\\/97707fc8c64900cf36891127dbf9fba8\"},\"headline\":\"Programaci\u00f3n y montaje de robots en el nuevo taller del Espai Tecnol\u00f2gic Comunitari del Raval\",\"datePublished\":\"2021-10-21T11:27:03+00:00\",\"dateModified\":\"2022-08-17T09:16:46+00:00\",\"mainEntityOfPage\":{\"@id\":\"https:\\\/\\\/www.casaldelsinfants.org\\\/es\\\/actualidad\\\/programacion-montaje-de-robots-en-nuevo-taller-raval\\\/\"},\"wordCount\":580,\"commentCount\":0,\"publisher\":{\"@id\":\"https:\\\/\\\/www.casaldelsinfants.org\\\/es\\\/#organization\"},\"articleSection\":[\"Reportaje\"],\"inLanguage\":\"es\",\"potentialAction\":[{\"@type\":\"CommentAction\",\"name\":\"Comment\",\"target\":[\"https:\\\/\\\/www.casaldelsinfants.org\\\/es\\\/actualidad\\\/programacion-montaje-de-robots-en-nuevo-taller-raval\\\/#respond\"]}]},{\"@type\":\"WebPage\",\"@id\":\"https:\\\/\\\/www.casaldelsinfants.org\\\/es\\\/actualidad\\\/programacion-montaje-de-robots-en-nuevo-taller-raval\\\/\",\"url\":\"https:\\\/\\\/www.casaldelsinfants.org\\\/es\\\/actualidad\\\/programacion-montaje-de-robots-en-nuevo-taller-raval\\\/\",\"name\":\"Programaci\u00f3n y montaje de robots en el nuevo taller del Espai Tecnol\u00f2gic Comunitari del Raval | Casal dels Infants Programaci\u00f3n y montaje de robots en el nuevo taller del Espai Tecnol\u00f2gic Comunitari del Raval\",\"isPartOf\":{\"@id\":\"https:\\\/\\\/www.casaldelsinfants.org\\\/es\\\/#website\"},\"datePublished\":\"2021-10-21T11:27:03+00:00\",\"dateModified\":\"2022-08-17T09:16:46+00:00\",\"description\":\"En el Espai Tecnol\u00f2gic Comunitari del Raval ha empezado un nuevo taller de Arduino. Ni\u00f1os y ni\u00f1as de entre 6 y 12 a\u00f1os participan en este taller donde est\u00e1n aprendiendo a dise\u00f1ar, montar y programar, por parejas, un coche teledirigido. El objetivo es facilitar al grupo acceso a la tecnolog\u00eda y competencias en programaci\u00f3n.\",\"breadcrumb\":{\"@id\":\"https:\\\/\\\/www.casaldelsinfants.org\\\/es\\\/actualidad\\\/programacion-montaje-de-robots-en-nuevo-taller-raval\\\/#breadcrumb\"},\"inLanguage\":\"es\",\"potentialAction\":[{\"@type\":\"ReadAction\",\"target\":[\"https:\\\/\\\/www.casaldelsinfants.org\\\/es\\\/actualidad\\\/programacion-montaje-de-robots-en-nuevo-taller-raval\\\/\"]}]},{\"@type\":\"BreadcrumbList\",\"@id\":\"https:\\\/\\\/www.casaldelsinfants.org\\\/es\\\/actualidad\\\/programacion-montaje-de-robots-en-nuevo-taller-raval\\\/#breadcrumb\",\"itemListElement\":[{\"@type\":\"ListItem\",\"position\":1,\"name\":\"Inici\",\"item\":\"https:\\\/\\\/www.casaldelsinfants.org\\\/es\\\/\"},{\"@type\":\"ListItem\",\"position\":2,\"name\":\"Programaci\u00f3n y montaje de robots en el nuevo taller del Espai Tecnol\u00f2gic Comunitari del Raval\"}]},{\"@type\":\"WebSite\",\"@id\":\"https:\\\/\\\/www.casaldelsinfants.org\\\/es\\\/#website\",\"url\":\"https:\\\/\\\/www.casaldelsinfants.org\\\/es\\\/\",\"name\":\"Casal dels Infants\",\"description\":\"\",\"publisher\":{\"@id\":\"https:\\\/\\\/www.casaldelsinfants.org\\\/es\\\/#organization\"},\"potentialAction\":[{\"@type\":\"SearchAction\",\"target\":{\"@type\":\"EntryPoint\",\"urlTemplate\":\"https:\\\/\\\/www.casaldelsinfants.org\\\/es\\\/?s={search_term_string}\"},\"query-input\":{\"@type\":\"PropertyValueSpecification\",\"valueRequired\":true,\"valueName\":\"search_term_string\"}}],\"inLanguage\":\"es\"},{\"@type\":\"Organization\",\"@id\":\"https:\\\/\\\/www.casaldelsinfants.org\\\/es\\\/#organization\",\"name\":\"Casal dels Infants\",\"url\":\"https:\\\/\\\/www.casaldelsinfants.org\\\/es\\\/\",\"logo\":{\"@type\":\"ImageObject\",\"inLanguage\":\"es\",\"@id\":\"https:\\\/\\\/www.casaldelsinfants.org\\\/es\\\/#\\\/schema\\\/logo\\\/image\\\/\",\"url\":\"https:\\\/\\\/www.casaldelsinfants.org\\\/wp-content\\\/uploads\\\/logo-mail.png\",\"contentUrl\":\"https:\\\/\\\/www.casaldelsinfants.org\\\/wp-content\\\/uploads\\\/logo-mail.png\",\"width\":380,\"height\":158,\"caption\":\"Casal dels Infants\"},\"image\":{\"@id\":\"https:\\\/\\\/www.casaldelsinfants.org\\\/es\\\/#\\\/schema\\\/logo\\\/image\\\/\"},\"sameAs\":[\"https:\\\/\\\/www.facebook.com\\\/casalinfants\",\"https:\\\/\\\/x.com\\\/casalinfants\",\"https:\\\/\\\/www.youtube.com\\\/user\\\/CasaldelsInfants1\",\"https:\\\/\\\/www.instagram.com\\\/casalinfants\\\/\",\"https:\\\/\\\/www.linkedin.com\\\/company\\\/casaldelsinfants?trk=organization-update_share-update_actor-text\"]},{\"@type\":\"Person\",\"@id\":\"https:\\\/\\\/www.casaldelsinfants.org\\\/es\\\/#\\\/schema\\\/person\\\/97707fc8c64900cf36891127dbf9fba8\",\"name\":\"cdiAdmin\",\"sameAs\":[\"https:\\\/\\\/casaldelsinfants.org\"]}]}<\/script>\n<!-- \/ Yoast SEO plugin. -->","yoast_head_json":{"title":"Programaci\u00f3n y montaje de robots en el nuevo taller del Espai Tecnol\u00f2gic Comunitari del Raval | Casal dels Infants Programaci\u00f3n y montaje de robots en el nuevo taller del Espai Tecnol\u00f2gic Comunitari del Raval","description":"En el Espai Tecnol\u00f2gic Comunitari del Raval ha empezado un nuevo taller de Arduino. Ni\u00f1os y ni\u00f1as de entre 6 y 12 a\u00f1os participan en este taller donde est\u00e1n aprendiendo a dise\u00f1ar, montar y programar, por parejas, un coche teledirigido. El objetivo es facilitar al grupo acceso a la tecnolog\u00eda y competencias en programaci\u00f3n.","robots":{"index":"index","follow":"follow","max-snippet":"max-snippet:-1","max-image-preview":"max-image-preview:large","max-video-preview":"max-video-preview:-1"},"canonical":"https:\/\/www.casaldelsinfants.org\/es\/actualidad\/programacion-montaje-de-robots-en-nuevo-taller-raval\/","og_locale":"es_ES","og_type":"article","og_title":"Programaci\u00f3n y montaje de robots en el nuevo taller del Espai Tecnol\u00f2gic Comunitari del Raval | Casal dels Infants Programaci\u00f3n y montaje de robots en el nuevo taller del Espai Tecnol\u00f2gic Comunitari del Raval","og_description":"En el Espai Tecnol\u00f2gic Comunitari del Raval ha empezado un nuevo taller de Arduino. Ni\u00f1os y ni\u00f1as de entre 6 y 12 a\u00f1os participan en este taller donde est\u00e1n aprendiendo a dise\u00f1ar, montar y programar, por parejas, un coche teledirigido. El objetivo es facilitar al grupo acceso a la tecnolog\u00eda y competencias en programaci\u00f3n.","og_url":"https:\/\/www.casaldelsinfants.org\/es\/actualidad\/programacion-montaje-de-robots-en-nuevo-taller-raval\/","og_site_name":"Casal dels Infants","article_publisher":"https:\/\/www.facebook.com\/casalinfants","article_published_time":"2021-10-21T11:27:03+00:00","article_modified_time":"2022-08-17T09:16:46+00:00","author":"cdiAdmin","twitter_card":"summary_large_image","twitter_creator":"@casalinfants","twitter_site":"@casalinfants","twitter_misc":{"Escrito por":"cdiAdmin","Tiempo de lectura":"3 minutos"},"schema":{"@context":"https:\/\/schema.org","@graph":[{"@type":"Article","@id":"https:\/\/www.casaldelsinfants.org\/es\/actualidad\/programacion-montaje-de-robots-en-nuevo-taller-raval\/#article","isPartOf":{"@id":"https:\/\/www.casaldelsinfants.org\/es\/actualidad\/programacion-montaje-de-robots-en-nuevo-taller-raval\/"},"author":{"name":"cdiAdmin","@id":"https:\/\/www.casaldelsinfants.org\/es\/#\/schema\/person\/97707fc8c64900cf36891127dbf9fba8"},"headline":"Programaci\u00f3n y montaje de robots en el nuevo taller del Espai Tecnol\u00f2gic Comunitari del Raval","datePublished":"2021-10-21T11:27:03+00:00","dateModified":"2022-08-17T09:16:46+00:00","mainEntityOfPage":{"@id":"https:\/\/www.casaldelsinfants.org\/es\/actualidad\/programacion-montaje-de-robots-en-nuevo-taller-raval\/"},"wordCount":580,"commentCount":0,"publisher":{"@id":"https:\/\/www.casaldelsinfants.org\/es\/#organization"},"articleSection":["Reportaje"],"inLanguage":"es","potentialAction":[{"@type":"CommentAction","name":"Comment","target":["https:\/\/www.casaldelsinfants.org\/es\/actualidad\/programacion-montaje-de-robots-en-nuevo-taller-raval\/#respond"]}]},{"@type":"WebPage","@id":"https:\/\/www.casaldelsinfants.org\/es\/actualidad\/programacion-montaje-de-robots-en-nuevo-taller-raval\/","url":"https:\/\/www.casaldelsinfants.org\/es\/actualidad\/programacion-montaje-de-robots-en-nuevo-taller-raval\/","name":"Programaci\u00f3n y montaje de robots en el nuevo taller del Espai Tecnol\u00f2gic Comunitari del Raval | Casal dels Infants Programaci\u00f3n y montaje de robots en el nuevo taller del Espai Tecnol\u00f2gic Comunitari del Raval","isPartOf":{"@id":"https:\/\/www.casaldelsinfants.org\/es\/#website"},"datePublished":"2021-10-21T11:27:03+00:00","dateModified":"2022-08-17T09:16:46+00:00","description":"En el Espai Tecnol\u00f2gic Comunitari del Raval ha empezado un nuevo taller de Arduino. Ni\u00f1os y ni\u00f1as de entre 6 y 12 a\u00f1os participan en este taller donde est\u00e1n aprendiendo a dise\u00f1ar, montar y programar, por parejas, un coche teledirigido. El objetivo es facilitar al grupo acceso a la tecnolog\u00eda y competencias en programaci\u00f3n.","breadcrumb":{"@id":"https:\/\/www.casaldelsinfants.org\/es\/actualidad\/programacion-montaje-de-robots-en-nuevo-taller-raval\/#breadcrumb"},"inLanguage":"es","potentialAction":[{"@type":"ReadAction","target":["https:\/\/www.casaldelsinfants.org\/es\/actualidad\/programacion-montaje-de-robots-en-nuevo-taller-raval\/"]}]},{"@type":"BreadcrumbList","@id":"https:\/\/www.casaldelsinfants.org\/es\/actualidad\/programacion-montaje-de-robots-en-nuevo-taller-raval\/#breadcrumb","itemListElement":[{"@type":"ListItem","position":1,"name":"Inici","item":"https:\/\/www.casaldelsinfants.org\/es\/"},{"@type":"ListItem","position":2,"name":"Programaci\u00f3n y montaje de robots en el nuevo taller del Espai Tecnol\u00f2gic Comunitari del Raval"}]},{"@type":"WebSite","@id":"https:\/\/www.casaldelsinfants.org\/es\/#website","url":"https:\/\/www.casaldelsinfants.org\/es\/","name":"Casal dels Infants","description":"","publisher":{"@id":"https:\/\/www.casaldelsinfants.org\/es\/#organization"},"potentialAction":[{"@type":"SearchAction","target":{"@type":"EntryPoint","urlTemplate":"https:\/\/www.casaldelsinfants.org\/es\/?s={search_term_string}"},"query-input":{"@type":"PropertyValueSpecification","valueRequired":true,"valueName":"search_term_string"}}],"inLanguage":"es"},{"@type":"Organization","@id":"https:\/\/www.casaldelsinfants.org\/es\/#organization","name":"Casal dels Infants","url":"https:\/\/www.casaldelsinfants.org\/es\/","logo":{"@type":"ImageObject","inLanguage":"es","@id":"https:\/\/www.casaldelsinfants.org\/es\/#\/schema\/logo\/image\/","url":"https:\/\/www.casaldelsinfants.org\/wp-content\/uploads\/logo-mail.png","contentUrl":"https:\/\/www.casaldelsinfants.org\/wp-content\/uploads\/logo-mail.png","width":380,"height":158,"caption":"Casal dels Infants"},"image":{"@id":"https:\/\/www.casaldelsinfants.org\/es\/#\/schema\/logo\/image\/"},"sameAs":["https:\/\/www.facebook.com\/casalinfants","https:\/\/x.com\/casalinfants","https:\/\/www.youtube.com\/user\/CasaldelsInfants1","https:\/\/www.instagram.com\/casalinfants\/","https:\/\/www.linkedin.com\/company\/casaldelsinfants?trk=organization-update_share-update_actor-text"]},{"@type":"Person","@id":"https:\/\/www.casaldelsinfants.org\/es\/#\/schema\/person\/97707fc8c64900cf36891127dbf9fba8","name":"cdiAdmin","sameAs":["https:\/\/casaldelsinfants.org"]}]}},"publishpress_future_action":{"enabled":false,"date":"2026-05-08 15:42:15","action":"change-status","newStatus":"draft","terms":[],"taxonomy":"category","extraData":[]},"publishpress_future_workflow_manual_trigger":{"enabledWorkflows":[]},"_links":{"self":[{"href":"https:\/\/www.casaldelsinfants.org\/es\/wp-json\/wp\/v2\/posts\/4266","targetHints":{"allow":["GET"]}}],"collection":[{"href":"https:\/\/www.casaldelsinfants.org\/es\/wp-json\/wp\/v2\/posts"}],"about":[{"href":"https:\/\/www.casaldelsinfants.org\/es\/wp-json\/wp\/v2\/types\/post"}],"author":[{"embeddable":true,"href":"https:\/\/www.casaldelsinfants.org\/es\/wp-json\/wp\/v2\/users\/1"}],"replies":[{"embeddable":true,"href":"https:\/\/www.casaldelsinfants.org\/es\/wp-json\/wp\/v2\/comments?post=4266"}],"version-history":[{"count":1,"href":"https:\/\/www.casaldelsinfants.org\/es\/wp-json\/wp\/v2\/posts\/4266\/revisions"}],"predecessor-version":[{"id":6247,"href":"https:\/\/www.casaldelsinfants.org\/es\/wp-json\/wp\/v2\/posts\/4266\/revisions\/6247"}],"wp:attachment":[{"href":"https:\/\/www.casaldelsinfants.org\/es\/wp-json\/wp\/v2\/media?parent=4266"}],"wp:term":[{"taxonomy":"category","embeddable":true,"href":"https:\/\/www.casaldelsinfants.org\/es\/wp-json\/wp\/v2\/categories?post=4266"},{"taxonomy":"post_tag","embeddable":true,"href":"https:\/\/www.casaldelsinfants.org\/es\/wp-json\/wp\/v2\/tags?post=4266"},{"taxonomy":"seus","embeddable":true,"href":"https:\/\/www.casaldelsinfants.org\/es\/wp-json\/wp\/v2\/seus?post=4266"},{"taxonomy":"eixos","embeddable":true,"href":"https:\/\/www.casaldelsinfants.org\/es\/wp-json\/wp\/v2\/eixos?post=4266"}],"curies":[{"name":"wp","href":"https:\/\/api.w.org\/{rel}","templated":true}]}}