{"id":4268,"date":"2021-10-07T09:37:35","date_gmt":"2021-10-07T07:37:35","guid":{"rendered":"https:\/\/casal.puntzero.cat\/noticies\/testimonis-una-millora-de-la-proteccio-social-al-marroc\/"},"modified":"2023-05-25T00:11:52","modified_gmt":"2023-05-24T22:11:52","slug":"testimonis-una-millora-de-la-proteccio-social-al-marroc","status":"publish","type":"post","link":"https:\/\/www.casaldelsinfants.org\/es\/actualidad\/testimonios-una-mejora-de-la-proteccion-social-en-marruecos\/","title":{"rendered":"Testimonios por una mejora del sistema de protecci\u00f3n social en Marruecos"},"content":{"rendered":"<p><span style=\"color:#000000;\">Estas voces ponen de relieve la urgencia de seguir mejorando el sistema de protecci\u00f3n social marroqu\u00ed, en proceso de reforma. Desde Kalimat defendemos y promovemos la protecci\u00f3n social universal, basada en el principio de no discriminaci\u00f3n, donde las personas en situaci\u00f3n de vulnerabilidad no queden excluidas. En la primera etapa de esta reforma, nuestro objetivo es garantizar que los colectivos desfavorecidos se benefician de las medidas previstas: el acceso al sistema de salud y las prestaciones familiares.<\/span><\/p>\n<p><font color=\"#000000\">A principios de a\u00f1o, <\/font><a href=\"https:\/\/www.casaldelsinfants.org\/es\/actualidad\/proteccion-social-xarxa-kalimat\/\"><u>desde Kalimat participamos en una sesi\u00f3n de consultas organizada por el Sistema de Naciones Unidas por el Desarrollo en Marruecos<\/u><\/a><font color=\"#000000\">, que tuvo como objetivo intercambiar informaci\u00f3n y posicionamientos sobre la reforma del sistema de protecci\u00f3n social. En esta intervenci\u00f3n presentamos un diagn\u00f3stico de los colectivos m\u00e1s vulnerabilizados en T\u00e1nger, a partir de datos sobre las personas acompa\u00f1adas por las entidades sociales.<\/font><\/p>\n<p><meta charset=\"utf-8\" \/><\/p>\n<p dir=\"ltr\"><strong>Los testimonios<\/strong><\/p>\n<p class=\"destacat-noticia\">Salwa Hajami: <span style=\"color:#000000;\">\u00abEn Marruecos, para poder comer, te obligan a renunciar a la cobertura m\u00e9dica\u00bb<\/span><\/p>\n<div class=\"video-embed-field-responsive-video form-group\"><iframe loading=\"lazy\" width=\"854\" height=\"480\" frameborder=\"0\" allowfullscreen=\"allowfullscreen\" src=\"https:\/\/www.youtube.com\/embed\/eJOIeLHFZU0?autoplay=0&amp;start=0&amp;rel=0\"><\/iframe>\n<\/div>\n<p dir=\"ltr\">\u00a0<\/p>\n<p class=\"destacat-noticia\">Dikra Machkour: <span style=\"color:#000000;\">\u00abHay j\u00f3venes que abandonan la escuela porque no encuentran recursos para continuar\u00bb<\/span><\/p>\n<div class=\"video-embed-field-responsive-video form-group\"><iframe loading=\"lazy\" width=\"854\" height=\"480\" frameborder=\"0\" allowfullscreen=\"allowfullscreen\" src=\"https:\/\/www.youtube.com\/embed\/mvMDkckHxAI?autoplay=0&amp;start=0&amp;rel=0\"><\/iframe>\n<\/div>\n<p class=\"groc\">\u00a0<\/p>\n<p class=\"destacat-noticia\">Abdemour Gueda: <span style=\"color:#000000;\">\u201cLa salud p\u00fablica existe en los medios de comunicaci\u00f3n, pero en la vida real no\u00bb<\/span><\/p>\n<div class=\"video-embed-field-responsive-video form-group\"><iframe loading=\"lazy\" width=\"854\" height=\"480\" frameborder=\"0\" allowfullscreen=\"allowfullscreen\" src=\"https:\/\/www.youtube.com\/embed\/-fnqLD67OxA?autoplay=0&amp;start=0&amp;rel=0\"><\/iframe>\n<\/div>\n<p class=\"verd\">\u00a0<\/p>\n<p class=\"destacat-noticia\">Rabie Ayoub: <span style=\"color:#000000;\">\u201cEn Marruecos han trabajado solo por la Covid y han dejado a los consumidores de drogas sufrir\u00bb<\/span><\/p>\n<div class=\"video-embed-field-responsive-video form-group\"><iframe loading=\"lazy\" width=\"854\" height=\"480\" frameborder=\"0\" allowfullscreen=\"allowfullscreen\" src=\"https:\/\/www.youtube.com\/embed\/lFNm-e0x5Dk?autoplay=0&amp;start=0&amp;rel=0\"><\/iframe>\n<\/div>\n<p>\u00a0<\/p>\n<blockquote>\n<p>Con tu apoyo, seguiremos reivindicando el derecho a la protecci\u00f3n social universal en Marruecos.<\/p>\n<p>Hazlo posible <u><a href=\"https:\/\/www.casaldelsinfants.org\/es\/que-puedes-hacer-tu\/haz-un-donativo\/\">realizando un donativo<\/a><\/u>.<\/p>\n<\/blockquote>\n","protected":false},"excerpt":{"rendered":"<p class=\"text-align-center\">\u00a0<\/p>\n<p class=\"text-align-center\">Des de Kalimat, la red de entitades sociales que coordinamos en T\u00e1nger des de 2018, realizamos acciones de sensibilizaci\u00f3n e incidencia para relcamar el derecho a la protecci\u00f3n social en Marruecos. Entre estas, hemos recogido testimonios que visibilizan la vulneraci\u00f3n del derecho a la salud en igualdad de condiciones, especialmente entre colectivos vulnerabilizados como las madres solteras y las personas en proceso de rehabilitaci\u00f3n por adicci\u00f3n a las drogas. Tambi\u00e9n reivindicamos el acceso a prestaciones familiares para hogares desfavorecidos con hijos a cargo.<\/p>\n","protected":false},"author":1,"featured_media":3031,"comment_status":"open","ping_status":"open","sticky":false,"template":"","format":"standard","meta":{"_acf_changed":false,"_et_pb_use_builder":"","_et_pb_old_content":"","_et_gb_content_width":"","inline_featured_image":false,"footnotes":""},"categories":[105],"tags":[],"seus":[158],"eixos":[102],"class_list":["post-4268","post","type-post","status-publish","format-standard","has-post-thumbnail","hentry","category-reportaje","seus-marruecos","eixos-jovenes"],"acf":[],"yoast_head":"<!-- This site is optimized with the Yoast SEO plugin v27.4 - https:\/\/yoast.com\/product\/yoast-seo-wordpress\/ -->\n<title>Testimonios por una mejora del sistema de protecci\u00f3n social en Marruecos<\/title>\n<meta name=\"description\" content=\"Personas en situaci\u00f3n de vulnerabilidad que participan en la red de entidades sociales de T\u00e1nger Kalimat parlan del derecho a la protecci\u00f3n social. Reivindican el derecho a la salud y a recibir prestaciones familiares, y denuncian las situaciones en las que estos derechos se ven vulnerados.\" \/>\n<meta name=\"robots\" content=\"index, follow, max-snippet:-1, max-image-preview:large, max-video-preview:-1\" \/>\n<link rel=\"canonical\" href=\"https:\/\/www.casaldelsinfants.org\/es\/actualidad\/testimonios-una-mejora-de-la-proteccion-social-en-marruecos\/\" \/>\n<meta property=\"og:locale\" content=\"es_ES\" \/>\n<meta property=\"og:type\" content=\"article\" \/>\n<meta property=\"og:title\" content=\"Testimonios por una mejora del sistema de protecci\u00f3n social en Marruecos\" \/>\n<meta property=\"og:description\" content=\"Personas en situaci\u00f3n de vulnerabilidad que participan en la red de entidades sociales de T\u00e1nger Kalimat parlan del derecho a la protecci\u00f3n social. Reivindican el derecho a la salud y a recibir prestaciones familiares, y denuncian las situaciones en las que estos derechos se ven vulnerados.\" \/>\n<meta property=\"og:url\" content=\"https:\/\/www.casaldelsinfants.org\/es\/actualidad\/testimonios-una-mejora-de-la-proteccion-social-en-marruecos\/\" \/>\n<meta property=\"og:site_name\" content=\"Casal dels Infants\" \/>\n<meta property=\"article:publisher\" content=\"https:\/\/www.facebook.com\/casalinfants\" \/>\n<meta property=\"article:published_time\" content=\"2021-10-07T07:37:35+00:00\" \/>\n<meta property=\"article:modified_time\" content=\"2023-05-24T22:11:52+00:00\" \/>\n<meta property=\"og:image\" content=\"https:\/\/www.casaldelsinfants.org\/wp-content\/uploads\/proteccio_social_kalimat_casal_dels_infants_marroc.jpg\" \/>\n\t<meta property=\"og:image:width\" content=\"1920\" \/>\n\t<meta property=\"og:image:height\" content=\"1080\" \/>\n\t<meta property=\"og:image:type\" content=\"image\/jpeg\" \/>\n<meta name=\"author\" content=\"cdiAdmin\" \/>\n<meta name=\"twitter:card\" content=\"summary_large_image\" \/>\n<meta name=\"twitter:creator\" content=\"@casalinfants\" \/>\n<meta name=\"twitter:site\" content=\"@casalinfants\" \/>\n<meta name=\"twitter:label1\" content=\"Escrito por\" \/>\n\t<meta name=\"twitter:data1\" content=\"cdiAdmin\" \/>\n\t<meta name=\"twitter:label2\" content=\"Tiempo de lectura\" \/>\n\t<meta name=\"twitter:data2\" content=\"2 minutos\" \/>\n<script type=\"application\/ld+json\" class=\"yoast-schema-graph\">{\"@context\":\"https:\\\/\\\/schema.org\",\"@graph\":[{\"@type\":\"Article\",\"@id\":\"https:\\\/\\\/www.casaldelsinfants.org\\\/es\\\/actualidad\\\/testimonios-una-mejora-de-la-proteccion-social-en-marruecos\\\/#article\",\"isPartOf\":{\"@id\":\"https:\\\/\\\/www.casaldelsinfants.org\\\/es\\\/actualidad\\\/testimonios-una-mejora-de-la-proteccion-social-en-marruecos\\\/\"},\"author\":{\"name\":\"cdiAdmin\",\"@id\":\"https:\\\/\\\/www.casaldelsinfants.org\\\/es\\\/#\\\/schema\\\/person\\\/97707fc8c64900cf36891127dbf9fba8\"},\"headline\":\"Testimonios por una mejora del sistema de protecci\u00f3n social en Marruecos\",\"datePublished\":\"2021-10-07T07:37:35+00:00\",\"dateModified\":\"2023-05-24T22:11:52+00:00\",\"mainEntityOfPage\":{\"@id\":\"https:\\\/\\\/www.casaldelsinfants.org\\\/es\\\/actualidad\\\/testimonios-una-mejora-de-la-proteccion-social-en-marruecos\\\/\"},\"wordCount\":258,\"commentCount\":0,\"publisher\":{\"@id\":\"https:\\\/\\\/www.casaldelsinfants.org\\\/es\\\/#organization\"},\"image\":{\"@id\":\"https:\\\/\\\/www.casaldelsinfants.org\\\/es\\\/actualidad\\\/testimonios-una-mejora-de-la-proteccion-social-en-marruecos\\\/#primaryimage\"},\"thumbnailUrl\":\"https:\\\/\\\/www.casaldelsinfants.org\\\/wp-content\\\/uploads\\\/proteccio_social_kalimat_casal_dels_infants_marroc.jpg\",\"articleSection\":[\"Reportaje\"],\"inLanguage\":\"es\",\"potentialAction\":[{\"@type\":\"CommentAction\",\"name\":\"Comment\",\"target\":[\"https:\\\/\\\/www.casaldelsinfants.org\\\/es\\\/actualidad\\\/testimonios-una-mejora-de-la-proteccion-social-en-marruecos\\\/#respond\"]}]},{\"@type\":\"WebPage\",\"@id\":\"https:\\\/\\\/www.casaldelsinfants.org\\\/es\\\/actualidad\\\/testimonios-una-mejora-de-la-proteccion-social-en-marruecos\\\/\",\"url\":\"https:\\\/\\\/www.casaldelsinfants.org\\\/es\\\/actualidad\\\/testimonios-una-mejora-de-la-proteccion-social-en-marruecos\\\/\",\"name\":\"Testimonios por una mejora del sistema de protecci\u00f3n social en Marruecos\",\"isPartOf\":{\"@id\":\"https:\\\/\\\/www.casaldelsinfants.org\\\/es\\\/#website\"},\"primaryImageOfPage\":{\"@id\":\"https:\\\/\\\/www.casaldelsinfants.org\\\/es\\\/actualidad\\\/testimonios-una-mejora-de-la-proteccion-social-en-marruecos\\\/#primaryimage\"},\"image\":{\"@id\":\"https:\\\/\\\/www.casaldelsinfants.org\\\/es\\\/actualidad\\\/testimonios-una-mejora-de-la-proteccion-social-en-marruecos\\\/#primaryimage\"},\"thumbnailUrl\":\"https:\\\/\\\/www.casaldelsinfants.org\\\/wp-content\\\/uploads\\\/proteccio_social_kalimat_casal_dels_infants_marroc.jpg\",\"datePublished\":\"2021-10-07T07:37:35+00:00\",\"dateModified\":\"2023-05-24T22:11:52+00:00\",\"description\":\"Personas en situaci\u00f3n de vulnerabilidad que participan en la red de entidades sociales de T\u00e1nger Kalimat parlan del derecho a la protecci\u00f3n social. Reivindican el derecho a la salud y a recibir prestaciones familiares, y denuncian las situaciones en las que estos derechos se ven vulnerados.\",\"breadcrumb\":{\"@id\":\"https:\\\/\\\/www.casaldelsinfants.org\\\/es\\\/actualidad\\\/testimonios-una-mejora-de-la-proteccion-social-en-marruecos\\\/#breadcrumb\"},\"inLanguage\":\"es\",\"potentialAction\":[{\"@type\":\"ReadAction\",\"target\":[\"https:\\\/\\\/www.casaldelsinfants.org\\\/es\\\/actualidad\\\/testimonios-una-mejora-de-la-proteccion-social-en-marruecos\\\/\"]}]},{\"@type\":\"ImageObject\",\"inLanguage\":\"es\",\"@id\":\"https:\\\/\\\/www.casaldelsinfants.org\\\/es\\\/actualidad\\\/testimonios-una-mejora-de-la-proteccion-social-en-marruecos\\\/#primaryimage\",\"url\":\"https:\\\/\\\/www.casaldelsinfants.org\\\/wp-content\\\/uploads\\\/proteccio_social_kalimat_casal_dels_infants_marroc.jpg\",\"contentUrl\":\"https:\\\/\\\/www.casaldelsinfants.org\\\/wp-content\\\/uploads\\\/proteccio_social_kalimat_casal_dels_infants_marroc.jpg\",\"width\":1920,\"height\":1080,\"caption\":\"Foto de tres nens parlant\"},{\"@type\":\"BreadcrumbList\",\"@id\":\"https:\\\/\\\/www.casaldelsinfants.org\\\/es\\\/actualidad\\\/testimonios-una-mejora-de-la-proteccion-social-en-marruecos\\\/#breadcrumb\",\"itemListElement\":[{\"@type\":\"ListItem\",\"position\":1,\"name\":\"Inici\",\"item\":\"https:\\\/\\\/www.casaldelsinfants.org\\\/es\\\/\"},{\"@type\":\"ListItem\",\"position\":2,\"name\":\"Testimonios por una mejora del sistema de protecci\u00f3n social en Marruecos\"}]},{\"@type\":\"WebSite\",\"@id\":\"https:\\\/\\\/www.casaldelsinfants.org\\\/es\\\/#website\",\"url\":\"https:\\\/\\\/www.casaldelsinfants.org\\\/es\\\/\",\"name\":\"Casal dels Infants\",\"description\":\"\",\"publisher\":{\"@id\":\"https:\\\/\\\/www.casaldelsinfants.org\\\/es\\\/#organization\"},\"potentialAction\":[{\"@type\":\"SearchAction\",\"target\":{\"@type\":\"EntryPoint\",\"urlTemplate\":\"https:\\\/\\\/www.casaldelsinfants.org\\\/es\\\/?s={search_term_string}\"},\"query-input\":{\"@type\":\"PropertyValueSpecification\",\"valueRequired\":true,\"valueName\":\"search_term_string\"}}],\"inLanguage\":\"es\"},{\"@type\":\"Organization\",\"@id\":\"https:\\\/\\\/www.casaldelsinfants.org\\\/es\\\/#organization\",\"name\":\"Casal dels Infants\",\"url\":\"https:\\\/\\\/www.casaldelsinfants.org\\\/es\\\/\",\"logo\":{\"@type\":\"ImageObject\",\"inLanguage\":\"es\",\"@id\":\"https:\\\/\\\/www.casaldelsinfants.org\\\/es\\\/#\\\/schema\\\/logo\\\/image\\\/\",\"url\":\"https:\\\/\\\/www.casaldelsinfants.org\\\/wp-content\\\/uploads\\\/logo-mail.png\",\"contentUrl\":\"https:\\\/\\\/www.casaldelsinfants.org\\\/wp-content\\\/uploads\\\/logo-mail.png\",\"width\":380,\"height\":158,\"caption\":\"Casal dels Infants\"},\"image\":{\"@id\":\"https:\\\/\\\/www.casaldelsinfants.org\\\/es\\\/#\\\/schema\\\/logo\\\/image\\\/\"},\"sameAs\":[\"https:\\\/\\\/www.facebook.com\\\/casalinfants\",\"https:\\\/\\\/x.com\\\/casalinfants\",\"https:\\\/\\\/www.youtube.com\\\/user\\\/CasaldelsInfants1\",\"https:\\\/\\\/www.instagram.com\\\/casalinfants\\\/\",\"https:\\\/\\\/www.linkedin.com\\\/company\\\/casaldelsinfants?trk=organization-update_share-update_actor-text\"]},{\"@type\":\"Person\",\"@id\":\"https:\\\/\\\/www.casaldelsinfants.org\\\/es\\\/#\\\/schema\\\/person\\\/97707fc8c64900cf36891127dbf9fba8\",\"name\":\"cdiAdmin\",\"sameAs\":[\"https:\\\/\\\/casaldelsinfants.org\"]}]}<\/script>\n<!-- \/ Yoast SEO plugin. -->","yoast_head_json":{"title":"Testimonios por una mejora del sistema de protecci\u00f3n social en Marruecos","description":"Personas en situaci\u00f3n de vulnerabilidad que participan en la red de entidades sociales de T\u00e1nger Kalimat parlan del derecho a la protecci\u00f3n social. Reivindican el derecho a la salud y a recibir prestaciones familiares, y denuncian las situaciones en las que estos derechos se ven vulnerados.","robots":{"index":"index","follow":"follow","max-snippet":"max-snippet:-1","max-image-preview":"max-image-preview:large","max-video-preview":"max-video-preview:-1"},"canonical":"https:\/\/www.casaldelsinfants.org\/es\/actualidad\/testimonios-una-mejora-de-la-proteccion-social-en-marruecos\/","og_locale":"es_ES","og_type":"article","og_title":"Testimonios por una mejora del sistema de protecci\u00f3n social en Marruecos","og_description":"Personas en situaci\u00f3n de vulnerabilidad que participan en la red de entidades sociales de T\u00e1nger Kalimat parlan del derecho a la protecci\u00f3n social. Reivindican el derecho a la salud y a recibir prestaciones familiares, y denuncian las situaciones en las que estos derechos se ven vulnerados.","og_url":"https:\/\/www.casaldelsinfants.org\/es\/actualidad\/testimonios-una-mejora-de-la-proteccion-social-en-marruecos\/","og_site_name":"Casal dels Infants","article_publisher":"https:\/\/www.facebook.com\/casalinfants","article_published_time":"2021-10-07T07:37:35+00:00","article_modified_time":"2023-05-24T22:11:52+00:00","og_image":[{"width":1920,"height":1080,"url":"https:\/\/www.casaldelsinfants.org\/wp-content\/uploads\/proteccio_social_kalimat_casal_dels_infants_marroc.jpg","type":"image\/jpeg"}],"author":"cdiAdmin","twitter_card":"summary_large_image","twitter_creator":"@casalinfants","twitter_site":"@casalinfants","twitter_misc":{"Escrito por":"cdiAdmin","Tiempo de lectura":"2 minutos"},"schema":{"@context":"https:\/\/schema.org","@graph":[{"@type":"Article","@id":"https:\/\/www.casaldelsinfants.org\/es\/actualidad\/testimonios-una-mejora-de-la-proteccion-social-en-marruecos\/#article","isPartOf":{"@id":"https:\/\/www.casaldelsinfants.org\/es\/actualidad\/testimonios-una-mejora-de-la-proteccion-social-en-marruecos\/"},"author":{"name":"cdiAdmin","@id":"https:\/\/www.casaldelsinfants.org\/es\/#\/schema\/person\/97707fc8c64900cf36891127dbf9fba8"},"headline":"Testimonios por una mejora del sistema de protecci\u00f3n social en Marruecos","datePublished":"2021-10-07T07:37:35+00:00","dateModified":"2023-05-24T22:11:52+00:00","mainEntityOfPage":{"@id":"https:\/\/www.casaldelsinfants.org\/es\/actualidad\/testimonios-una-mejora-de-la-proteccion-social-en-marruecos\/"},"wordCount":258,"commentCount":0,"publisher":{"@id":"https:\/\/www.casaldelsinfants.org\/es\/#organization"},"image":{"@id":"https:\/\/www.casaldelsinfants.org\/es\/actualidad\/testimonios-una-mejora-de-la-proteccion-social-en-marruecos\/#primaryimage"},"thumbnailUrl":"https:\/\/www.casaldelsinfants.org\/wp-content\/uploads\/proteccio_social_kalimat_casal_dels_infants_marroc.jpg","articleSection":["Reportaje"],"inLanguage":"es","potentialAction":[{"@type":"CommentAction","name":"Comment","target":["https:\/\/www.casaldelsinfants.org\/es\/actualidad\/testimonios-una-mejora-de-la-proteccion-social-en-marruecos\/#respond"]}]},{"@type":"WebPage","@id":"https:\/\/www.casaldelsinfants.org\/es\/actualidad\/testimonios-una-mejora-de-la-proteccion-social-en-marruecos\/","url":"https:\/\/www.casaldelsinfants.org\/es\/actualidad\/testimonios-una-mejora-de-la-proteccion-social-en-marruecos\/","name":"Testimonios por una mejora del sistema de protecci\u00f3n social en Marruecos","isPartOf":{"@id":"https:\/\/www.casaldelsinfants.org\/es\/#website"},"primaryImageOfPage":{"@id":"https:\/\/www.casaldelsinfants.org\/es\/actualidad\/testimonios-una-mejora-de-la-proteccion-social-en-marruecos\/#primaryimage"},"image":{"@id":"https:\/\/www.casaldelsinfants.org\/es\/actualidad\/testimonios-una-mejora-de-la-proteccion-social-en-marruecos\/#primaryimage"},"thumbnailUrl":"https:\/\/www.casaldelsinfants.org\/wp-content\/uploads\/proteccio_social_kalimat_casal_dels_infants_marroc.jpg","datePublished":"2021-10-07T07:37:35+00:00","dateModified":"2023-05-24T22:11:52+00:00","description":"Personas en situaci\u00f3n de vulnerabilidad que participan en la red de entidades sociales de T\u00e1nger Kalimat parlan del derecho a la protecci\u00f3n social. Reivindican el derecho a la salud y a recibir prestaciones familiares, y denuncian las situaciones en las que estos derechos se ven vulnerados.","breadcrumb":{"@id":"https:\/\/www.casaldelsinfants.org\/es\/actualidad\/testimonios-una-mejora-de-la-proteccion-social-en-marruecos\/#breadcrumb"},"inLanguage":"es","potentialAction":[{"@type":"ReadAction","target":["https:\/\/www.casaldelsinfants.org\/es\/actualidad\/testimonios-una-mejora-de-la-proteccion-social-en-marruecos\/"]}]},{"@type":"ImageObject","inLanguage":"es","@id":"https:\/\/www.casaldelsinfants.org\/es\/actualidad\/testimonios-una-mejora-de-la-proteccion-social-en-marruecos\/#primaryimage","url":"https:\/\/www.casaldelsinfants.org\/wp-content\/uploads\/proteccio_social_kalimat_casal_dels_infants_marroc.jpg","contentUrl":"https:\/\/www.casaldelsinfants.org\/wp-content\/uploads\/proteccio_social_kalimat_casal_dels_infants_marroc.jpg","width":1920,"height":1080,"caption":"Foto de tres nens parlant"},{"@type":"BreadcrumbList","@id":"https:\/\/www.casaldelsinfants.org\/es\/actualidad\/testimonios-una-mejora-de-la-proteccion-social-en-marruecos\/#breadcrumb","itemListElement":[{"@type":"ListItem","position":1,"name":"Inici","item":"https:\/\/www.casaldelsinfants.org\/es\/"},{"@type":"ListItem","position":2,"name":"Testimonios por una mejora del sistema de protecci\u00f3n social en Marruecos"}]},{"@type":"WebSite","@id":"https:\/\/www.casaldelsinfants.org\/es\/#website","url":"https:\/\/www.casaldelsinfants.org\/es\/","name":"Casal dels Infants","description":"","publisher":{"@id":"https:\/\/www.casaldelsinfants.org\/es\/#organization"},"potentialAction":[{"@type":"SearchAction","target":{"@type":"EntryPoint","urlTemplate":"https:\/\/www.casaldelsinfants.org\/es\/?s={search_term_string}"},"query-input":{"@type":"PropertyValueSpecification","valueRequired":true,"valueName":"search_term_string"}}],"inLanguage":"es"},{"@type":"Organization","@id":"https:\/\/www.casaldelsinfants.org\/es\/#organization","name":"Casal dels Infants","url":"https:\/\/www.casaldelsinfants.org\/es\/","logo":{"@type":"ImageObject","inLanguage":"es","@id":"https:\/\/www.casaldelsinfants.org\/es\/#\/schema\/logo\/image\/","url":"https:\/\/www.casaldelsinfants.org\/wp-content\/uploads\/logo-mail.png","contentUrl":"https:\/\/www.casaldelsinfants.org\/wp-content\/uploads\/logo-mail.png","width":380,"height":158,"caption":"Casal dels Infants"},"image":{"@id":"https:\/\/www.casaldelsinfants.org\/es\/#\/schema\/logo\/image\/"},"sameAs":["https:\/\/www.facebook.com\/casalinfants","https:\/\/x.com\/casalinfants","https:\/\/www.youtube.com\/user\/CasaldelsInfants1","https:\/\/www.instagram.com\/casalinfants\/","https:\/\/www.linkedin.com\/company\/casaldelsinfants?trk=organization-update_share-update_actor-text"]},{"@type":"Person","@id":"https:\/\/www.casaldelsinfants.org\/es\/#\/schema\/person\/97707fc8c64900cf36891127dbf9fba8","name":"cdiAdmin","sameAs":["https:\/\/casaldelsinfants.org"]}]}},"publishpress_future_action":{"enabled":false,"date":"2026-05-07 11:35:06","action":"change-status","newStatus":"draft","terms":[],"taxonomy":"category","extraData":[]},"publishpress_future_workflow_manual_trigger":{"enabledWorkflows":[]},"_links":{"self":[{"href":"https:\/\/www.casaldelsinfants.org\/es\/wp-json\/wp\/v2\/posts\/4268","targetHints":{"allow":["GET"]}}],"collection":[{"href":"https:\/\/www.casaldelsinfants.org\/es\/wp-json\/wp\/v2\/posts"}],"about":[{"href":"https:\/\/www.casaldelsinfants.org\/es\/wp-json\/wp\/v2\/types\/post"}],"author":[{"embeddable":true,"href":"https:\/\/www.casaldelsinfants.org\/es\/wp-json\/wp\/v2\/users\/1"}],"replies":[{"embeddable":true,"href":"https:\/\/www.casaldelsinfants.org\/es\/wp-json\/wp\/v2\/comments?post=4268"}],"version-history":[{"count":1,"href":"https:\/\/www.casaldelsinfants.org\/es\/wp-json\/wp\/v2\/posts\/4268\/revisions"}],"predecessor-version":[{"id":6248,"href":"https:\/\/www.casaldelsinfants.org\/es\/wp-json\/wp\/v2\/posts\/4268\/revisions\/6248"}],"wp:featuredmedia":[{"embeddable":true,"href":"https:\/\/www.casaldelsinfants.org\/es\/wp-json\/wp\/v2\/media\/3031"}],"wp:attachment":[{"href":"https:\/\/www.casaldelsinfants.org\/es\/wp-json\/wp\/v2\/media?parent=4268"}],"wp:term":[{"taxonomy":"category","embeddable":true,"href":"https:\/\/www.casaldelsinfants.org\/es\/wp-json\/wp\/v2\/categories?post=4268"},{"taxonomy":"post_tag","embeddable":true,"href":"https:\/\/www.casaldelsinfants.org\/es\/wp-json\/wp\/v2\/tags?post=4268"},{"taxonomy":"seus","embeddable":true,"href":"https:\/\/www.casaldelsinfants.org\/es\/wp-json\/wp\/v2\/seus?post=4268"},{"taxonomy":"eixos","embeddable":true,"href":"https:\/\/www.casaldelsinfants.org\/es\/wp-json\/wp\/v2\/eixos?post=4268"}],"curies":[{"name":"wp","href":"https:\/\/api.w.org\/{rel}","templated":true}]}}