{"id":4269,"date":"2021-10-01T10:54:13","date_gmt":"2021-10-01T08:54:13","guid":{"rendered":"https:\/\/casal.puntzero.cat\/noticies\/comenca-pc-lab-un-projecte-de-reparacio-dordinadors-i-aprenentatge-de-competencies\/"},"modified":"2023-10-16T17:28:35","modified_gmt":"2023-10-16T15:28:35","slug":"comenca-pc-lab-un-projecte-de-reparacio-dordinadors-i-aprenentatge-de-competencies","status":"publish","type":"post","link":"https:\/\/www.casaldelsinfants.org\/es\/actualidad\/comenca-pc-lab-un-projecte-de-reparacio-dordinadors-i-aprenentatge-de-competencies\/","title":{"rendered":"Empieza PC LAB, un proyecto de reparaci\u00f3n de ordenadores y aprendizaje de competencias digitales en el barrio de La Mina"},"content":{"rendered":"<p><span style=\"color: #000000;\">En el <\/span><a href=\"https:\/\/www.casaldelsinfants.org\/es\/donde-trabajamos\/besos-la-mina\/\" target=\"_blank\" rel=\"noopener\"><u><strong>Casal dels Infants del Bes\u00f2s y La Mina<\/strong><\/u><\/a><span style=\"color: #000000;\"> empezar\u00e1 a partir de medianos de octubre el proyecto PC LAB, un nuevo servicio centrado en <strong>facilitar el acceso a las nuevas tecnolog\u00edas<\/strong> y mejorar las <strong>competencias digitales<\/strong> de la poblaci\u00f3n del barrio, para as\u00ed intentar reducir las situaciones de exclusi\u00f3n social que se puedan derivar de la falta de acceso a equipos inform\u00e1ticos y el desconocimiento de su funcionamiento.<\/span><\/p>\n<p><span style=\"color: #000000;\">La iniciativa, que cuenta con el apoyo\u00a0de la Generalitat de Catalunya, surge a partir de la detecci\u00f3n de la elevada <strong>brecha digital<\/strong> presente en el barrio de La Mina. \u00abVimos que muchas persona no tienen acceso a estas nuevas tecnolog\u00edas, y que si lo tienen, no saben c\u00f3mo utilizarlas\u00bb, explica la educadora social encargada del PC LAB, Judit Torrents.\u00a0<\/span><\/p>\n<p><span style=\"color: #000000;\">Los recursos econ\u00f3micos de una familia est\u00e1n ligados al acceso a equipos inform\u00e1ticos y, en consecuencia,\u00a0\u00a0el nivel de competencias digitales. Casi un 30% de los hogares con ingresos inferiores a los 1.600 \u20ac mensuales no disponen de ordenadores en casa; la cifra se eleva al 42% cuando los ingresos familiares son inferiores a los 900 \u20ac, seg\u00fan datos de <a href=\"https:\/\/www.idescat.cat\/pub\/?id=ticll20&amp;n=2.1.1\" target=\"_blank\" rel=\"noopener\"><u>Idescat<\/u><\/a> del a\u00f1o 2020.\u00a0<\/span><\/p>\n<p><span style=\"color: #000000;\">El objetivo general del PC LAB es disminuir\u00a0la situaci\u00f3n de vulnerabilidad social a partir del acceso y el dominio de las <strong>tecnolog\u00edas de la informaci\u00f3n y la comunicaci\u00f3n (TIC)<\/strong> por parte de la poblaci\u00f3n en riesgo social. En los \u00faltimos a\u00f1os, y especialmente a partir de la pandemia del COVID-19, se ha normalizado el uso de la tecnolog\u00eda en muchos aspectos de la vida. Actos tan cotidianos como pedir hora al m\u00e9dico o para la renovaci\u00f3n del NIE se han digitalizado, y disponer de ordenadores con conexi\u00f3n a internet y dominar el uso de estos portales es esencial para poder llevar a cabo estos tr\u00e1mites.\u00a0<\/span><\/p>\n<p><span style=\"color: #000000;\">El PC LAB ofrecer\u00e1 diferentes servicios. En primer lugar, el Casal prestar\u00e1 ordenadores y tabletas a las familias que lo necesiten. En segundo lugar, se desarrollar\u00e1n talleres de reparaci\u00f3n de ordenadores estropeados para que vuelvan a tener utilidad, donde participaran y ense\u00f1aran estudiantes en pr\u00e1cticas y voluntarios de la Universitat Polit\u00e8cnica de Catalunya (UPC). Por \u00faltimo, el proyecto ser\u00e1 un espacio donde aprender a utilizar los equipos inform\u00e1ticos, navegar por internet y dominar los programas y recursos que ofrecen las nuevas tecnolog\u00edas.\u00a0<\/span><\/p>\n<p><span style=\"color: #000000;\">Este tambi\u00e9n ser\u00e1 un espacio para que infantes y adolescentes rompan con los estereotipos que los rodean y puedan llegar a descubrir una nueva afici\u00f3n. \u00abLas chicas y chicos que hagan uso de estos servicios podr\u00e1n abrir su horizonte de oportunidades, conocer\u00e1n y trabajaran con personas que van a la universidad, que est\u00e1n estudiando carreras, y ganaran nuevos referentes\u00bb, a\u00f1ade Torrents.\u00a0<\/span><\/p>\n<p><span style=\"color: #000000;\">El servicio estar\u00e1 abierto para que participe toda persona del Casal que lo necesite, <strong>desde los 6 a\u00f1os hasta personas adultas<\/strong>. La previsi\u00f3n es que aproximadamente 200 personas podr\u00e1n hacer uso de este nuevo recurso.<\/span><\/p>\n<blockquote>\n<p dir=\"ltr\"><strong><a href=\"https:\/\/www.casaldelsinfants.org\/es\/que-puedes-hacer-tu\/haz-un-donativo\/\" target=\"_blank\" rel=\"noopener\">Ayudanos <\/a>a continuar reduciendo el riesgo de exclusi\u00f3n social de infantes, j\u00f3venes y familias en situaci\u00f3n de vulnerabilidad.\u00a0\u00a0<\/strong><\/p>\n<p dir=\"ltr\">\n<\/blockquote>\n","protected":false},"excerpt":{"rendered":"<p>En el Casal dels Infants del Bes\u00f2s y La Mina empezar\u00e1 a partir de medianos de octubre el proyecto PC LAB, un nuevo servicio centrado en facilitar el acceso a las nuevas tecnolog\u00edas y mejorar las competencias digitales de la poblaci\u00f3n del barrio, para as\u00ed intentar reducir las situaciones de exclusi\u00f3n social que se puedan [&hellip;]<\/p>\n","protected":false},"author":1,"featured_media":3034,"comment_status":"open","ping_status":"open","sticky":false,"template":"","format":"standard","meta":{"_acf_changed":false,"_et_pb_use_builder":"","_et_pb_old_content":"","_et_gb_content_width":"","inline_featured_image":false,"footnotes":""},"categories":[125],"tags":[],"seus":[204,208],"eixos":[107],"class_list":["post-4269","post","type-post","status-publish","format-standard","has-post-thumbnail","hentry","category-noticias","seus-el-casal-dels-infants-del-besos-i-la-mina","seus-el-casal-dels-infants-del-besos-i-la-mina-es","eixos-pequena-infancia"],"acf":[],"yoast_head":"<!-- This site is optimized with the Yoast SEO plugin v27.4 - https:\/\/yoast.com\/product\/yoast-seo-wordpress\/ -->\n<title>Empieza PC LAB - Casal dels Infants<\/title>\n<meta name=\"description\" content=\"Empieza en el barrio de La Mina el PC LAB, un nuevo proyecto centrado en el pr\u00e9stamo de equipos inform\u00e1ticos, la reparaci\u00f3n de ordenadores estropeados y la mejora de competencias digitales para reducir la situaci\u00f3n de exclusi\u00f3n social dada por la falta de acceso a los ordenadores y no saber como funcionan.\" \/>\n<meta name=\"robots\" content=\"index, follow, max-snippet:-1, max-image-preview:large, max-video-preview:-1\" \/>\n<link rel=\"canonical\" href=\"https:\/\/www.casaldelsinfants.org\/es\/actualidad\/comenca-pc-lab-un-projecte-de-reparacio-dordinadors-i-aprenentatge-de-competencies\/\" \/>\n<meta property=\"og:locale\" content=\"es_ES\" \/>\n<meta property=\"og:type\" content=\"article\" \/>\n<meta property=\"og:title\" content=\"Empieza PC LAB - Casal dels Infants\" \/>\n<meta property=\"og:description\" content=\"Empieza en el barrio de La Mina el PC LAB, un nuevo proyecto centrado en el pr\u00e9stamo de equipos inform\u00e1ticos, la reparaci\u00f3n de ordenadores estropeados y la mejora de competencias digitales para reducir la situaci\u00f3n de exclusi\u00f3n social dada por la falta de acceso a los ordenadores y no saber como funcionan.\" \/>\n<meta property=\"og:url\" content=\"https:\/\/www.casaldelsinfants.org\/es\/actualidad\/comenca-pc-lab-un-projecte-de-reparacio-dordinadors-i-aprenentatge-de-competencies\/\" \/>\n<meta property=\"og:site_name\" content=\"Casal dels Infants\" \/>\n<meta property=\"article:publisher\" content=\"https:\/\/www.facebook.com\/casalinfants\" \/>\n<meta property=\"article:published_time\" content=\"2021-10-01T08:54:13+00:00\" \/>\n<meta property=\"article:modified_time\" content=\"2023-10-16T15:28:35+00:00\" \/>\n<meta property=\"og:image\" content=\"https:\/\/www.casaldelsinfants.org\/wp-content\/uploads\/casal_dels_infants_pc_lab.jpeg\" \/>\n\t<meta property=\"og:image:width\" content=\"1600\" \/>\n\t<meta property=\"og:image:height\" content=\"1200\" \/>\n\t<meta property=\"og:image:type\" content=\"image\/jpeg\" \/>\n<meta name=\"author\" content=\"cdiAdmin\" \/>\n<meta name=\"twitter:card\" content=\"summary_large_image\" \/>\n<meta name=\"twitter:creator\" content=\"@casalinfants\" \/>\n<meta name=\"twitter:site\" content=\"@casalinfants\" \/>\n<meta name=\"twitter:label1\" content=\"Escrito por\" \/>\n\t<meta name=\"twitter:data1\" content=\"cdiAdmin\" \/>\n\t<meta name=\"twitter:label2\" content=\"Tiempo de lectura\" \/>\n\t<meta name=\"twitter:data2\" content=\"3 minutos\" \/>\n<script type=\"application\/ld+json\" class=\"yoast-schema-graph\">{\"@context\":\"https:\\\/\\\/schema.org\",\"@graph\":[{\"@type\":\"Article\",\"@id\":\"https:\\\/\\\/www.casaldelsinfants.org\\\/es\\\/actualidad\\\/comenca-pc-lab-un-projecte-de-reparacio-dordinadors-i-aprenentatge-de-competencies\\\/#article\",\"isPartOf\":{\"@id\":\"https:\\\/\\\/www.casaldelsinfants.org\\\/es\\\/actualidad\\\/comenca-pc-lab-un-projecte-de-reparacio-dordinadors-i-aprenentatge-de-competencies\\\/\"},\"author\":{\"name\":\"cdiAdmin\",\"@id\":\"https:\\\/\\\/www.casaldelsinfants.org\\\/es\\\/#\\\/schema\\\/person\\\/97707fc8c64900cf36891127dbf9fba8\"},\"headline\":\"Empieza PC LAB, un proyecto de reparaci\u00f3n de ordenadores y aprendizaje de competencias digitales en el barrio de La Mina\",\"datePublished\":\"2021-10-01T08:54:13+00:00\",\"dateModified\":\"2023-10-16T15:28:35+00:00\",\"mainEntityOfPage\":{\"@id\":\"https:\\\/\\\/www.casaldelsinfants.org\\\/es\\\/actualidad\\\/comenca-pc-lab-un-projecte-de-reparacio-dordinadors-i-aprenentatge-de-competencies\\\/\"},\"wordCount\":551,\"commentCount\":0,\"publisher\":{\"@id\":\"https:\\\/\\\/www.casaldelsinfants.org\\\/es\\\/#organization\"},\"image\":{\"@id\":\"https:\\\/\\\/www.casaldelsinfants.org\\\/es\\\/actualidad\\\/comenca-pc-lab-un-projecte-de-reparacio-dordinadors-i-aprenentatge-de-competencies\\\/#primaryimage\"},\"thumbnailUrl\":\"https:\\\/\\\/www.casaldelsinfants.org\\\/wp-content\\\/uploads\\\/casal_dels_infants_pc_lab.jpeg\",\"articleSection\":[\"Noticia\"],\"inLanguage\":\"es\",\"potentialAction\":[{\"@type\":\"CommentAction\",\"name\":\"Comment\",\"target\":[\"https:\\\/\\\/www.casaldelsinfants.org\\\/es\\\/actualidad\\\/comenca-pc-lab-un-projecte-de-reparacio-dordinadors-i-aprenentatge-de-competencies\\\/#respond\"]}]},{\"@type\":\"WebPage\",\"@id\":\"https:\\\/\\\/www.casaldelsinfants.org\\\/es\\\/actualidad\\\/comenca-pc-lab-un-projecte-de-reparacio-dordinadors-i-aprenentatge-de-competencies\\\/\",\"url\":\"https:\\\/\\\/www.casaldelsinfants.org\\\/es\\\/actualidad\\\/comenca-pc-lab-un-projecte-de-reparacio-dordinadors-i-aprenentatge-de-competencies\\\/\",\"name\":\"Empieza PC LAB - Casal dels Infants\",\"isPartOf\":{\"@id\":\"https:\\\/\\\/www.casaldelsinfants.org\\\/es\\\/#website\"},\"primaryImageOfPage\":{\"@id\":\"https:\\\/\\\/www.casaldelsinfants.org\\\/es\\\/actualidad\\\/comenca-pc-lab-un-projecte-de-reparacio-dordinadors-i-aprenentatge-de-competencies\\\/#primaryimage\"},\"image\":{\"@id\":\"https:\\\/\\\/www.casaldelsinfants.org\\\/es\\\/actualidad\\\/comenca-pc-lab-un-projecte-de-reparacio-dordinadors-i-aprenentatge-de-competencies\\\/#primaryimage\"},\"thumbnailUrl\":\"https:\\\/\\\/www.casaldelsinfants.org\\\/wp-content\\\/uploads\\\/casal_dels_infants_pc_lab.jpeg\",\"datePublished\":\"2021-10-01T08:54:13+00:00\",\"dateModified\":\"2023-10-16T15:28:35+00:00\",\"description\":\"Empieza en el barrio de La Mina el PC LAB, un nuevo proyecto centrado en el pr\u00e9stamo de equipos inform\u00e1ticos, la reparaci\u00f3n de ordenadores estropeados y la mejora de competencias digitales para reducir la situaci\u00f3n de exclusi\u00f3n social dada por la falta de acceso a los ordenadores y no saber como funcionan.\",\"breadcrumb\":{\"@id\":\"https:\\\/\\\/www.casaldelsinfants.org\\\/es\\\/actualidad\\\/comenca-pc-lab-un-projecte-de-reparacio-dordinadors-i-aprenentatge-de-competencies\\\/#breadcrumb\"},\"inLanguage\":\"es\",\"potentialAction\":[{\"@type\":\"ReadAction\",\"target\":[\"https:\\\/\\\/www.casaldelsinfants.org\\\/es\\\/actualidad\\\/comenca-pc-lab-un-projecte-de-reparacio-dordinadors-i-aprenentatge-de-competencies\\\/\"]}]},{\"@type\":\"ImageObject\",\"inLanguage\":\"es\",\"@id\":\"https:\\\/\\\/www.casaldelsinfants.org\\\/es\\\/actualidad\\\/comenca-pc-lab-un-projecte-de-reparacio-dordinadors-i-aprenentatge-de-competencies\\\/#primaryimage\",\"url\":\"https:\\\/\\\/www.casaldelsinfants.org\\\/wp-content\\\/uploads\\\/casal_dels_infants_pc_lab.jpeg\",\"contentUrl\":\"https:\\\/\\\/www.casaldelsinfants.org\\\/wp-content\\\/uploads\\\/casal_dels_infants_pc_lab.jpeg\",\"width\":1600,\"height\":1200,\"caption\":\"Joves de La Mina fent servir els ordinadors al servei PC LAB\"},{\"@type\":\"BreadcrumbList\",\"@id\":\"https:\\\/\\\/www.casaldelsinfants.org\\\/es\\\/actualidad\\\/comenca-pc-lab-un-projecte-de-reparacio-dordinadors-i-aprenentatge-de-competencies\\\/#breadcrumb\",\"itemListElement\":[{\"@type\":\"ListItem\",\"position\":1,\"name\":\"Inici\",\"item\":\"https:\\\/\\\/www.casaldelsinfants.org\\\/es\\\/\"},{\"@type\":\"ListItem\",\"position\":2,\"name\":\"Empieza PC LAB, un proyecto de reparaci\u00f3n de ordenadores y aprendizaje de competencias digitales en el barrio de La Mina\"}]},{\"@type\":\"WebSite\",\"@id\":\"https:\\\/\\\/www.casaldelsinfants.org\\\/es\\\/#website\",\"url\":\"https:\\\/\\\/www.casaldelsinfants.org\\\/es\\\/\",\"name\":\"Casal dels Infants\",\"description\":\"\",\"publisher\":{\"@id\":\"https:\\\/\\\/www.casaldelsinfants.org\\\/es\\\/#organization\"},\"potentialAction\":[{\"@type\":\"SearchAction\",\"target\":{\"@type\":\"EntryPoint\",\"urlTemplate\":\"https:\\\/\\\/www.casaldelsinfants.org\\\/es\\\/?s={search_term_string}\"},\"query-input\":{\"@type\":\"PropertyValueSpecification\",\"valueRequired\":true,\"valueName\":\"search_term_string\"}}],\"inLanguage\":\"es\"},{\"@type\":\"Organization\",\"@id\":\"https:\\\/\\\/www.casaldelsinfants.org\\\/es\\\/#organization\",\"name\":\"Casal dels Infants\",\"url\":\"https:\\\/\\\/www.casaldelsinfants.org\\\/es\\\/\",\"logo\":{\"@type\":\"ImageObject\",\"inLanguage\":\"es\",\"@id\":\"https:\\\/\\\/www.casaldelsinfants.org\\\/es\\\/#\\\/schema\\\/logo\\\/image\\\/\",\"url\":\"https:\\\/\\\/www.casaldelsinfants.org\\\/wp-content\\\/uploads\\\/logo-mail.png\",\"contentUrl\":\"https:\\\/\\\/www.casaldelsinfants.org\\\/wp-content\\\/uploads\\\/logo-mail.png\",\"width\":380,\"height\":158,\"caption\":\"Casal dels Infants\"},\"image\":{\"@id\":\"https:\\\/\\\/www.casaldelsinfants.org\\\/es\\\/#\\\/schema\\\/logo\\\/image\\\/\"},\"sameAs\":[\"https:\\\/\\\/www.facebook.com\\\/casalinfants\",\"https:\\\/\\\/x.com\\\/casalinfants\",\"https:\\\/\\\/www.youtube.com\\\/user\\\/CasaldelsInfants1\",\"https:\\\/\\\/www.instagram.com\\\/casalinfants\\\/\",\"https:\\\/\\\/www.linkedin.com\\\/company\\\/casaldelsinfants?trk=organization-update_share-update_actor-text\"]},{\"@type\":\"Person\",\"@id\":\"https:\\\/\\\/www.casaldelsinfants.org\\\/es\\\/#\\\/schema\\\/person\\\/97707fc8c64900cf36891127dbf9fba8\",\"name\":\"cdiAdmin\",\"sameAs\":[\"https:\\\/\\\/casaldelsinfants.org\"]}]}<\/script>\n<!-- \/ Yoast SEO plugin. -->","yoast_head_json":{"title":"Empieza PC LAB - Casal dels Infants","description":"Empieza en el barrio de La Mina el PC LAB, un nuevo proyecto centrado en el pr\u00e9stamo de equipos inform\u00e1ticos, la reparaci\u00f3n de ordenadores estropeados y la mejora de competencias digitales para reducir la situaci\u00f3n de exclusi\u00f3n social dada por la falta de acceso a los ordenadores y no saber como funcionan.","robots":{"index":"index","follow":"follow","max-snippet":"max-snippet:-1","max-image-preview":"max-image-preview:large","max-video-preview":"max-video-preview:-1"},"canonical":"https:\/\/www.casaldelsinfants.org\/es\/actualidad\/comenca-pc-lab-un-projecte-de-reparacio-dordinadors-i-aprenentatge-de-competencies\/","og_locale":"es_ES","og_type":"article","og_title":"Empieza PC LAB - Casal dels Infants","og_description":"Empieza en el barrio de La Mina el PC LAB, un nuevo proyecto centrado en el pr\u00e9stamo de equipos inform\u00e1ticos, la reparaci\u00f3n de ordenadores estropeados y la mejora de competencias digitales para reducir la situaci\u00f3n de exclusi\u00f3n social dada por la falta de acceso a los ordenadores y no saber como funcionan.","og_url":"https:\/\/www.casaldelsinfants.org\/es\/actualidad\/comenca-pc-lab-un-projecte-de-reparacio-dordinadors-i-aprenentatge-de-competencies\/","og_site_name":"Casal dels Infants","article_publisher":"https:\/\/www.facebook.com\/casalinfants","article_published_time":"2021-10-01T08:54:13+00:00","article_modified_time":"2023-10-16T15:28:35+00:00","og_image":[{"width":1600,"height":1200,"url":"https:\/\/www.casaldelsinfants.org\/wp-content\/uploads\/casal_dels_infants_pc_lab.jpeg","type":"image\/jpeg"}],"author":"cdiAdmin","twitter_card":"summary_large_image","twitter_creator":"@casalinfants","twitter_site":"@casalinfants","twitter_misc":{"Escrito por":"cdiAdmin","Tiempo de lectura":"3 minutos"},"schema":{"@context":"https:\/\/schema.org","@graph":[{"@type":"Article","@id":"https:\/\/www.casaldelsinfants.org\/es\/actualidad\/comenca-pc-lab-un-projecte-de-reparacio-dordinadors-i-aprenentatge-de-competencies\/#article","isPartOf":{"@id":"https:\/\/www.casaldelsinfants.org\/es\/actualidad\/comenca-pc-lab-un-projecte-de-reparacio-dordinadors-i-aprenentatge-de-competencies\/"},"author":{"name":"cdiAdmin","@id":"https:\/\/www.casaldelsinfants.org\/es\/#\/schema\/person\/97707fc8c64900cf36891127dbf9fba8"},"headline":"Empieza PC LAB, un proyecto de reparaci\u00f3n de ordenadores y aprendizaje de competencias digitales en el barrio de La Mina","datePublished":"2021-10-01T08:54:13+00:00","dateModified":"2023-10-16T15:28:35+00:00","mainEntityOfPage":{"@id":"https:\/\/www.casaldelsinfants.org\/es\/actualidad\/comenca-pc-lab-un-projecte-de-reparacio-dordinadors-i-aprenentatge-de-competencies\/"},"wordCount":551,"commentCount":0,"publisher":{"@id":"https:\/\/www.casaldelsinfants.org\/es\/#organization"},"image":{"@id":"https:\/\/www.casaldelsinfants.org\/es\/actualidad\/comenca-pc-lab-un-projecte-de-reparacio-dordinadors-i-aprenentatge-de-competencies\/#primaryimage"},"thumbnailUrl":"https:\/\/www.casaldelsinfants.org\/wp-content\/uploads\/casal_dels_infants_pc_lab.jpeg","articleSection":["Noticia"],"inLanguage":"es","potentialAction":[{"@type":"CommentAction","name":"Comment","target":["https:\/\/www.casaldelsinfants.org\/es\/actualidad\/comenca-pc-lab-un-projecte-de-reparacio-dordinadors-i-aprenentatge-de-competencies\/#respond"]}]},{"@type":"WebPage","@id":"https:\/\/www.casaldelsinfants.org\/es\/actualidad\/comenca-pc-lab-un-projecte-de-reparacio-dordinadors-i-aprenentatge-de-competencies\/","url":"https:\/\/www.casaldelsinfants.org\/es\/actualidad\/comenca-pc-lab-un-projecte-de-reparacio-dordinadors-i-aprenentatge-de-competencies\/","name":"Empieza PC LAB - Casal dels Infants","isPartOf":{"@id":"https:\/\/www.casaldelsinfants.org\/es\/#website"},"primaryImageOfPage":{"@id":"https:\/\/www.casaldelsinfants.org\/es\/actualidad\/comenca-pc-lab-un-projecte-de-reparacio-dordinadors-i-aprenentatge-de-competencies\/#primaryimage"},"image":{"@id":"https:\/\/www.casaldelsinfants.org\/es\/actualidad\/comenca-pc-lab-un-projecte-de-reparacio-dordinadors-i-aprenentatge-de-competencies\/#primaryimage"},"thumbnailUrl":"https:\/\/www.casaldelsinfants.org\/wp-content\/uploads\/casal_dels_infants_pc_lab.jpeg","datePublished":"2021-10-01T08:54:13+00:00","dateModified":"2023-10-16T15:28:35+00:00","description":"Empieza en el barrio de La Mina el PC LAB, un nuevo proyecto centrado en el pr\u00e9stamo de equipos inform\u00e1ticos, la reparaci\u00f3n de ordenadores estropeados y la mejora de competencias digitales para reducir la situaci\u00f3n de exclusi\u00f3n social dada por la falta de acceso a los ordenadores y no saber como funcionan.","breadcrumb":{"@id":"https:\/\/www.casaldelsinfants.org\/es\/actualidad\/comenca-pc-lab-un-projecte-de-reparacio-dordinadors-i-aprenentatge-de-competencies\/#breadcrumb"},"inLanguage":"es","potentialAction":[{"@type":"ReadAction","target":["https:\/\/www.casaldelsinfants.org\/es\/actualidad\/comenca-pc-lab-un-projecte-de-reparacio-dordinadors-i-aprenentatge-de-competencies\/"]}]},{"@type":"ImageObject","inLanguage":"es","@id":"https:\/\/www.casaldelsinfants.org\/es\/actualidad\/comenca-pc-lab-un-projecte-de-reparacio-dordinadors-i-aprenentatge-de-competencies\/#primaryimage","url":"https:\/\/www.casaldelsinfants.org\/wp-content\/uploads\/casal_dels_infants_pc_lab.jpeg","contentUrl":"https:\/\/www.casaldelsinfants.org\/wp-content\/uploads\/casal_dels_infants_pc_lab.jpeg","width":1600,"height":1200,"caption":"Joves de La Mina fent servir els ordinadors al servei PC LAB"},{"@type":"BreadcrumbList","@id":"https:\/\/www.casaldelsinfants.org\/es\/actualidad\/comenca-pc-lab-un-projecte-de-reparacio-dordinadors-i-aprenentatge-de-competencies\/#breadcrumb","itemListElement":[{"@type":"ListItem","position":1,"name":"Inici","item":"https:\/\/www.casaldelsinfants.org\/es\/"},{"@type":"ListItem","position":2,"name":"Empieza PC LAB, un proyecto de reparaci\u00f3n de ordenadores y aprendizaje de competencias digitales en el barrio de La Mina"}]},{"@type":"WebSite","@id":"https:\/\/www.casaldelsinfants.org\/es\/#website","url":"https:\/\/www.casaldelsinfants.org\/es\/","name":"Casal dels Infants","description":"","publisher":{"@id":"https:\/\/www.casaldelsinfants.org\/es\/#organization"},"potentialAction":[{"@type":"SearchAction","target":{"@type":"EntryPoint","urlTemplate":"https:\/\/www.casaldelsinfants.org\/es\/?s={search_term_string}"},"query-input":{"@type":"PropertyValueSpecification","valueRequired":true,"valueName":"search_term_string"}}],"inLanguage":"es"},{"@type":"Organization","@id":"https:\/\/www.casaldelsinfants.org\/es\/#organization","name":"Casal dels Infants","url":"https:\/\/www.casaldelsinfants.org\/es\/","logo":{"@type":"ImageObject","inLanguage":"es","@id":"https:\/\/www.casaldelsinfants.org\/es\/#\/schema\/logo\/image\/","url":"https:\/\/www.casaldelsinfants.org\/wp-content\/uploads\/logo-mail.png","contentUrl":"https:\/\/www.casaldelsinfants.org\/wp-content\/uploads\/logo-mail.png","width":380,"height":158,"caption":"Casal dels Infants"},"image":{"@id":"https:\/\/www.casaldelsinfants.org\/es\/#\/schema\/logo\/image\/"},"sameAs":["https:\/\/www.facebook.com\/casalinfants","https:\/\/x.com\/casalinfants","https:\/\/www.youtube.com\/user\/CasaldelsInfants1","https:\/\/www.instagram.com\/casalinfants\/","https:\/\/www.linkedin.com\/company\/casaldelsinfants?trk=organization-update_share-update_actor-text"]},{"@type":"Person","@id":"https:\/\/www.casaldelsinfants.org\/es\/#\/schema\/person\/97707fc8c64900cf36891127dbf9fba8","name":"cdiAdmin","sameAs":["https:\/\/casaldelsinfants.org"]}]}},"publishpress_future_action":{"enabled":false,"date":"2026-05-09 08:03:30","action":"change-status","newStatus":"draft","terms":[],"taxonomy":"category","extraData":[]},"publishpress_future_workflow_manual_trigger":{"enabledWorkflows":[]},"_links":{"self":[{"href":"https:\/\/www.casaldelsinfants.org\/es\/wp-json\/wp\/v2\/posts\/4269","targetHints":{"allow":["GET"]}}],"collection":[{"href":"https:\/\/www.casaldelsinfants.org\/es\/wp-json\/wp\/v2\/posts"}],"about":[{"href":"https:\/\/www.casaldelsinfants.org\/es\/wp-json\/wp\/v2\/types\/post"}],"author":[{"embeddable":true,"href":"https:\/\/www.casaldelsinfants.org\/es\/wp-json\/wp\/v2\/users\/1"}],"replies":[{"embeddable":true,"href":"https:\/\/www.casaldelsinfants.org\/es\/wp-json\/wp\/v2\/comments?post=4269"}],"version-history":[{"count":2,"href":"https:\/\/www.casaldelsinfants.org\/es\/wp-json\/wp\/v2\/posts\/4269\/revisions"}],"predecessor-version":[{"id":14576,"href":"https:\/\/www.casaldelsinfants.org\/es\/wp-json\/wp\/v2\/posts\/4269\/revisions\/14576"}],"wp:featuredmedia":[{"embeddable":true,"href":"https:\/\/www.casaldelsinfants.org\/es\/wp-json\/wp\/v2\/media\/3034"}],"wp:attachment":[{"href":"https:\/\/www.casaldelsinfants.org\/es\/wp-json\/wp\/v2\/media?parent=4269"}],"wp:term":[{"taxonomy":"category","embeddable":true,"href":"https:\/\/www.casaldelsinfants.org\/es\/wp-json\/wp\/v2\/categories?post=4269"},{"taxonomy":"post_tag","embeddable":true,"href":"https:\/\/www.casaldelsinfants.org\/es\/wp-json\/wp\/v2\/tags?post=4269"},{"taxonomy":"seus","embeddable":true,"href":"https:\/\/www.casaldelsinfants.org\/es\/wp-json\/wp\/v2\/seus?post=4269"},{"taxonomy":"eixos","embeddable":true,"href":"https:\/\/www.casaldelsinfants.org\/es\/wp-json\/wp\/v2\/eixos?post=4269"}],"curies":[{"name":"wp","href":"https:\/\/api.w.org\/{rel}","templated":true}]}}