{"id":4270,"date":"2021-09-30T09:28:43","date_gmt":"2021-09-30T07:28:43","guid":{"rendered":"https:\/\/casal.puntzero.cat\/noticies\/oferim-reforc-educatiu-i-esport-noies-de-salt-en-collaboracio-amb-frodeno-fund\/"},"modified":"2023-11-23T12:32:59","modified_gmt":"2023-11-23T10:32:59","slug":"oferim-reforc-educatiu-i-esport-noies-de-salt-en-collaboracio-amb-frodeno-fund","status":"publish","type":"post","link":"https:\/\/www.casaldelsinfants.org\/es\/actualidad\/oferim-reforc-educatiu-i-esport-noies-de-salt-en-collaboracio-amb-frodeno-fund\/","title":{"rendered":"Ofrecemos refuerzo educativo y deporte a chicas de Salt en colaboraci\u00f3n con Frodeno Fund"},"content":{"rendered":"<p><span style=\"color: #000000;\">Desde el <strong>Casal dels Infants de Salt<\/strong> empezamos este octubre una nueva actividad destinada a ni\u00f1as y chicas, basada en combinar el refuerzo escolar y actividades socioeducativas con la actividad f\u00edsica en\u00a0bicicleta. Una quincena de chicas, de entre 12 y 16 a\u00f1os, participantes del Centro Abierto Infantil, el Centro Abierto Adolescente y el RAI-ESO podr\u00e1n disfrutar de este nuevo proyecto durante el curso 2021-2022.\u00a0<\/span><\/p>\n<p><span style=\"color: #000000;\">La iniciativa\u00a0surge de la colaboraci\u00f3n con <u><a href=\"http:\/\/frodeno.fund\/\" target=\"_blank\" rel=\"noopener\">Frodeno Fund<\/a><\/u>, fundaci\u00f3n creada por el atleta ol\u00edmpico alem\u00e1n de triatl\u00f3n Jan Frodeno, instalado en Girona. Se trata de una propuesta que nos permitir\u00e1\u00a0complementar el apoyo en los estudios con la actividad deportiva en <strong>bicicleta<\/strong>, un deporte tradicionalmente masculinizado. El rato de deporte tendr\u00e1 lugar en el <em>pump track<\/em>, un circuito de saltos y desniveles ligeros que permiten que la bici se mueva por inercia sin tener que pedalear.\u00a0<\/span><\/p>\n<p><span style=\"color: #000000;\">Este ser\u00e1 un espacio donde ni\u00f1as y chicas se puedan empoderar y trabajar su rol como personas en la sociedad, diferenciado de las condiciones tradicionales que hayan podido adquirir socialmente o en la familia. Tambi\u00e9n se quieren potenciar las relaciones entre chicas de diferentes edades y centros (educaci\u00f3n primaria y secundaria). \u00abEl proyecto es una oportunidad para que ni\u00f1as de 12 a\u00f1os se puedan relacionar con chicas mayores, del instituto, y tener una experiencia positiva de donde sacar nuevos referentes\u00bb, explica la directora del <u><a href=\"https:\/\/www.casaldelsinfants.org\/es\/donde-trabajamos\/salt\/\" target=\"_blank\" rel=\"noopener\">Casal dels Infants de Salt<\/a><\/u>, M\u00f2nica Gibanel.\u00a0<\/span><\/p>\n<p><span style=\"color: #000000;\">Todo ello favorecer\u00e1 el desarrollo de diferentes competencias personales, como el autoconocimiento, la identidad, la autonom\u00eda, la gesti\u00f3n emocional y la proyecci\u00f3n de futuro como chicas j\u00f3venes, y sociales, como el apoyo y la interacci\u00f3n entre chicas de diferentes edades y centros educativos.\u00a0<\/span><\/p>\n<p><span style=\"color: #000000;\">El grupo se encontrar\u00e1 cada martes durante dos horas: la primera hora se centrar\u00e1 en el refuerzo escolar y las actividades socioeducativas; en la segunda, el grupo contar\u00e1 con la gu\u00eda de un tallerista de Frodeno Fund. Este les preparar\u00e1 entrenamientos f\u00edsicos y les ense\u00f1ar\u00e1 t\u00e9cnicas con la bicicleta, por un lado, y por el otro les har\u00e1 talleres pensados para <strong>incentivar y mejorar h\u00e1bitos saludables<\/strong>. El grupo estar\u00e1 acompa\u00f1ado en todo momento por la educadora del Centro Abierto Adolescente de Salt, Blanca P\u00e9rez.\u00a0<\/span><\/p>\n<p><span style=\"color: #000000;\">El Casal dels Infants y Frodeno Fund nos conocimos durante el confinamiento cuando la fundaci\u00f3n colabor\u00f3 en garantir ayudas extraordinarias de alimentaci\u00f3n y suporte educativo para algunas familias que participan en nuestros servicios en Salt. Durante las ma\u00f1anas de verano, ni\u00f1as y ni\u00f1os del Casal empezaron a utilizar el\u00a0<em>pump track,\u00a0<\/em>con la proyecci\u00f3n de utilizarlo durante todo el curso en este\u00a0nuevo proyecto.\u00a0<\/span><\/p>\n<blockquote><p><strong><a href=\"https:\/\/www.casaldelsinfants.org\/es\/dona-ahora\/\" target=\"_blank\" rel=\"noopener\"><u>Ay\u00fadanos<\/u><\/a> a continuar trabajando para garantizar espacios educativos, seguros y saludables a ni\u00f1as y chicas en situaci\u00f3n de vulnerabilidad social.\u00a0<\/strong><\/p><\/blockquote>\n<p>&nbsp;<\/p>\n<p dir=\"ltr\">\n","protected":false},"excerpt":{"rendered":"<p>Desde el Casal dels Infants de Salt empezamos este octubre una nueva actividad destinada a ni\u00f1as y chicas, basada en combinar el refuerzo escolar y actividades socioeducativas con la actividad f\u00edsica en\u00a0bicicleta. Una quincena de chicas, de entre 12 y 16 a\u00f1os, participantes del Centro Abierto Infantil, el Centro Abierto Adolescente y el RAI-ESO podr\u00e1n [&hellip;]<\/p>\n","protected":false},"author":1,"featured_media":3037,"comment_status":"open","ping_status":"open","sticky":false,"template":"","format":"standard","meta":{"_acf_changed":false,"_et_pb_use_builder":"","_et_pb_old_content":"","_et_gb_content_width":"","inline_featured_image":false,"footnotes":""},"categories":[125],"tags":[],"seus":[159],"eixos":[],"class_list":["post-4270","post","type-post","status-publish","format-standard","has-post-thumbnail","hentry","category-noticias","seus-salt"],"acf":[],"yoast_head":"<!-- This site is optimized with the Yoast SEO plugin v27.4 - https:\/\/yoast.com\/product\/yoast-seo-wordpress\/ -->\n<title>Ofrecemos refuerzo educativo y deporte a chicas de Salt en colaboraci\u00f3n con Frodeno Fund - Casal dels Infants<\/title>\n<meta name=\"description\" content=\"Un grupo de chicas del Casal dels Infants de Salt, Gerona, har\u00e1n uso de un nuevo servicio que ofrece el Casal en colaboraci\u00f3n con Frodeno Fund, basado en combinar el refuerzo escolar con la actividad f\u00edsica a partir de la bicicleta, la mejora de h\u00e1bitos saludables y el empoderamiento del grupo.\" \/>\n<meta name=\"robots\" content=\"index, follow, max-snippet:-1, max-image-preview:large, max-video-preview:-1\" \/>\n<link rel=\"canonical\" href=\"https:\/\/www.casaldelsinfants.org\/es\/actualidad\/oferim-reforc-educatiu-i-esport-noies-de-salt-en-collaboracio-amb-frodeno-fund\/\" \/>\n<meta property=\"og:locale\" content=\"es_ES\" \/>\n<meta property=\"og:type\" content=\"article\" \/>\n<meta property=\"og:title\" content=\"Ofrecemos refuerzo educativo y deporte a chicas de Salt en colaboraci\u00f3n con Frodeno Fund - Casal dels Infants\" \/>\n<meta property=\"og:description\" content=\"Un grupo de chicas del Casal dels Infants de Salt, Gerona, har\u00e1n uso de un nuevo servicio que ofrece el Casal en colaboraci\u00f3n con Frodeno Fund, basado en combinar el refuerzo escolar con la actividad f\u00edsica a partir de la bicicleta, la mejora de h\u00e1bitos saludables y el empoderamiento del grupo.\" \/>\n<meta property=\"og:url\" content=\"https:\/\/www.casaldelsinfants.org\/es\/actualidad\/oferim-reforc-educatiu-i-esport-noies-de-salt-en-collaboracio-amb-frodeno-fund\/\" \/>\n<meta property=\"og:site_name\" content=\"Casal dels Infants\" \/>\n<meta property=\"article:publisher\" content=\"https:\/\/www.facebook.com\/casalinfants\" \/>\n<meta property=\"article:published_time\" content=\"2021-09-30T07:28:43+00:00\" \/>\n<meta property=\"article:modified_time\" content=\"2023-11-23T10:32:59+00:00\" \/>\n<meta property=\"og:image\" content=\"https:\/\/www.casaldelsinfants.org\/wp-content\/uploads\/casal_dels_infants_pump_track_salt.jpeg\" \/>\n\t<meta property=\"og:image:width\" content=\"1194\" \/>\n\t<meta property=\"og:image:height\" content=\"932\" \/>\n\t<meta property=\"og:image:type\" content=\"image\/jpeg\" \/>\n<meta name=\"author\" content=\"cdiAdmin\" \/>\n<meta name=\"twitter:card\" content=\"summary_large_image\" \/>\n<meta name=\"twitter:creator\" content=\"@casalinfants\" \/>\n<meta name=\"twitter:site\" content=\"@casalinfants\" \/>\n<meta name=\"twitter:label1\" content=\"Escrito por\" \/>\n\t<meta name=\"twitter:data1\" content=\"cdiAdmin\" \/>\n\t<meta name=\"twitter:label2\" content=\"Tiempo de lectura\" \/>\n\t<meta name=\"twitter:data2\" content=\"3 minutos\" \/>\n<script type=\"application\/ld+json\" class=\"yoast-schema-graph\">{\"@context\":\"https:\\\/\\\/schema.org\",\"@graph\":[{\"@type\":\"Article\",\"@id\":\"https:\\\/\\\/www.casaldelsinfants.org\\\/es\\\/actualidad\\\/oferim-reforc-educatiu-i-esport-noies-de-salt-en-collaboracio-amb-frodeno-fund\\\/#article\",\"isPartOf\":{\"@id\":\"https:\\\/\\\/www.casaldelsinfants.org\\\/es\\\/actualidad\\\/oferim-reforc-educatiu-i-esport-noies-de-salt-en-collaboracio-amb-frodeno-fund\\\/\"},\"author\":{\"name\":\"cdiAdmin\",\"@id\":\"https:\\\/\\\/www.casaldelsinfants.org\\\/es\\\/#\\\/schema\\\/person\\\/97707fc8c64900cf36891127dbf9fba8\"},\"headline\":\"Ofrecemos refuerzo educativo y deporte a chicas de Salt en colaboraci\u00f3n con Frodeno Fund\",\"datePublished\":\"2021-09-30T07:28:43+00:00\",\"dateModified\":\"2023-11-23T10:32:59+00:00\",\"mainEntityOfPage\":{\"@id\":\"https:\\\/\\\/www.casaldelsinfants.org\\\/es\\\/actualidad\\\/oferim-reforc-educatiu-i-esport-noies-de-salt-en-collaboracio-amb-frodeno-fund\\\/\"},\"wordCount\":493,\"commentCount\":0,\"publisher\":{\"@id\":\"https:\\\/\\\/www.casaldelsinfants.org\\\/es\\\/#organization\"},\"image\":{\"@id\":\"https:\\\/\\\/www.casaldelsinfants.org\\\/es\\\/actualidad\\\/oferim-reforc-educatiu-i-esport-noies-de-salt-en-collaboracio-amb-frodeno-fund\\\/#primaryimage\"},\"thumbnailUrl\":\"https:\\\/\\\/www.casaldelsinfants.org\\\/wp-content\\\/uploads\\\/casal_dels_infants_pump_track_salt.jpeg\",\"articleSection\":[\"Noticia\"],\"inLanguage\":\"es\",\"potentialAction\":[{\"@type\":\"CommentAction\",\"name\":\"Comment\",\"target\":[\"https:\\\/\\\/www.casaldelsinfants.org\\\/es\\\/actualidad\\\/oferim-reforc-educatiu-i-esport-noies-de-salt-en-collaboracio-amb-frodeno-fund\\\/#respond\"]}]},{\"@type\":\"WebPage\",\"@id\":\"https:\\\/\\\/www.casaldelsinfants.org\\\/es\\\/actualidad\\\/oferim-reforc-educatiu-i-esport-noies-de-salt-en-collaboracio-amb-frodeno-fund\\\/\",\"url\":\"https:\\\/\\\/www.casaldelsinfants.org\\\/es\\\/actualidad\\\/oferim-reforc-educatiu-i-esport-noies-de-salt-en-collaboracio-amb-frodeno-fund\\\/\",\"name\":\"Ofrecemos refuerzo educativo y deporte a chicas de Salt en colaboraci\u00f3n con Frodeno Fund - Casal dels Infants\",\"isPartOf\":{\"@id\":\"https:\\\/\\\/www.casaldelsinfants.org\\\/es\\\/#website\"},\"primaryImageOfPage\":{\"@id\":\"https:\\\/\\\/www.casaldelsinfants.org\\\/es\\\/actualidad\\\/oferim-reforc-educatiu-i-esport-noies-de-salt-en-collaboracio-amb-frodeno-fund\\\/#primaryimage\"},\"image\":{\"@id\":\"https:\\\/\\\/www.casaldelsinfants.org\\\/es\\\/actualidad\\\/oferim-reforc-educatiu-i-esport-noies-de-salt-en-collaboracio-amb-frodeno-fund\\\/#primaryimage\"},\"thumbnailUrl\":\"https:\\\/\\\/www.casaldelsinfants.org\\\/wp-content\\\/uploads\\\/casal_dels_infants_pump_track_salt.jpeg\",\"datePublished\":\"2021-09-30T07:28:43+00:00\",\"dateModified\":\"2023-11-23T10:32:59+00:00\",\"description\":\"Un grupo de chicas del Casal dels Infants de Salt, Gerona, har\u00e1n uso de un nuevo servicio que ofrece el Casal en colaboraci\u00f3n con Frodeno Fund, basado en combinar el refuerzo escolar con la actividad f\u00edsica a partir de la bicicleta, la mejora de h\u00e1bitos saludables y el empoderamiento del grupo.\",\"breadcrumb\":{\"@id\":\"https:\\\/\\\/www.casaldelsinfants.org\\\/es\\\/actualidad\\\/oferim-reforc-educatiu-i-esport-noies-de-salt-en-collaboracio-amb-frodeno-fund\\\/#breadcrumb\"},\"inLanguage\":\"es\",\"potentialAction\":[{\"@type\":\"ReadAction\",\"target\":[\"https:\\\/\\\/www.casaldelsinfants.org\\\/es\\\/actualidad\\\/oferim-reforc-educatiu-i-esport-noies-de-salt-en-collaboracio-amb-frodeno-fund\\\/\"]}]},{\"@type\":\"ImageObject\",\"inLanguage\":\"es\",\"@id\":\"https:\\\/\\\/www.casaldelsinfants.org\\\/es\\\/actualidad\\\/oferim-reforc-educatiu-i-esport-noies-de-salt-en-collaboracio-amb-frodeno-fund\\\/#primaryimage\",\"url\":\"https:\\\/\\\/www.casaldelsinfants.org\\\/wp-content\\\/uploads\\\/casal_dels_infants_pump_track_salt.jpeg\",\"contentUrl\":\"https:\\\/\\\/www.casaldelsinfants.org\\\/wp-content\\\/uploads\\\/casal_dels_infants_pump_track_salt.jpeg\",\"width\":1194,\"height\":932,\"caption\":\"Noies de Salt fent esport amb bicicleta en col\u00b7laboraci\u00f3 amb Frodeno Fund\"},{\"@type\":\"BreadcrumbList\",\"@id\":\"https:\\\/\\\/www.casaldelsinfants.org\\\/es\\\/actualidad\\\/oferim-reforc-educatiu-i-esport-noies-de-salt-en-collaboracio-amb-frodeno-fund\\\/#breadcrumb\",\"itemListElement\":[{\"@type\":\"ListItem\",\"position\":1,\"name\":\"Inici\",\"item\":\"https:\\\/\\\/www.casaldelsinfants.org\\\/es\\\/\"},{\"@type\":\"ListItem\",\"position\":2,\"name\":\"Ofrecemos refuerzo educativo y deporte a chicas de Salt en colaboraci\u00f3n con Frodeno Fund\"}]},{\"@type\":\"WebSite\",\"@id\":\"https:\\\/\\\/www.casaldelsinfants.org\\\/es\\\/#website\",\"url\":\"https:\\\/\\\/www.casaldelsinfants.org\\\/es\\\/\",\"name\":\"Casal dels Infants\",\"description\":\"\",\"publisher\":{\"@id\":\"https:\\\/\\\/www.casaldelsinfants.org\\\/es\\\/#organization\"},\"potentialAction\":[{\"@type\":\"SearchAction\",\"target\":{\"@type\":\"EntryPoint\",\"urlTemplate\":\"https:\\\/\\\/www.casaldelsinfants.org\\\/es\\\/?s={search_term_string}\"},\"query-input\":{\"@type\":\"PropertyValueSpecification\",\"valueRequired\":true,\"valueName\":\"search_term_string\"}}],\"inLanguage\":\"es\"},{\"@type\":\"Organization\",\"@id\":\"https:\\\/\\\/www.casaldelsinfants.org\\\/es\\\/#organization\",\"name\":\"Casal dels Infants\",\"url\":\"https:\\\/\\\/www.casaldelsinfants.org\\\/es\\\/\",\"logo\":{\"@type\":\"ImageObject\",\"inLanguage\":\"es\",\"@id\":\"https:\\\/\\\/www.casaldelsinfants.org\\\/es\\\/#\\\/schema\\\/logo\\\/image\\\/\",\"url\":\"https:\\\/\\\/www.casaldelsinfants.org\\\/wp-content\\\/uploads\\\/logo-mail.png\",\"contentUrl\":\"https:\\\/\\\/www.casaldelsinfants.org\\\/wp-content\\\/uploads\\\/logo-mail.png\",\"width\":380,\"height\":158,\"caption\":\"Casal dels Infants\"},\"image\":{\"@id\":\"https:\\\/\\\/www.casaldelsinfants.org\\\/es\\\/#\\\/schema\\\/logo\\\/image\\\/\"},\"sameAs\":[\"https:\\\/\\\/www.facebook.com\\\/casalinfants\",\"https:\\\/\\\/x.com\\\/casalinfants\",\"https:\\\/\\\/www.youtube.com\\\/user\\\/CasaldelsInfants1\",\"https:\\\/\\\/www.instagram.com\\\/casalinfants\\\/\",\"https:\\\/\\\/www.linkedin.com\\\/company\\\/casaldelsinfants?trk=organization-update_share-update_actor-text\"]},{\"@type\":\"Person\",\"@id\":\"https:\\\/\\\/www.casaldelsinfants.org\\\/es\\\/#\\\/schema\\\/person\\\/97707fc8c64900cf36891127dbf9fba8\",\"name\":\"cdiAdmin\",\"sameAs\":[\"https:\\\/\\\/casaldelsinfants.org\"]}]}<\/script>\n<!-- \/ Yoast SEO plugin. -->","yoast_head_json":{"title":"Ofrecemos refuerzo educativo y deporte a chicas de Salt en colaboraci\u00f3n con Frodeno Fund - Casal dels Infants","description":"Un grupo de chicas del Casal dels Infants de Salt, Gerona, har\u00e1n uso de un nuevo servicio que ofrece el Casal en colaboraci\u00f3n con Frodeno Fund, basado en combinar el refuerzo escolar con la actividad f\u00edsica a partir de la bicicleta, la mejora de h\u00e1bitos saludables y el empoderamiento del grupo.","robots":{"index":"index","follow":"follow","max-snippet":"max-snippet:-1","max-image-preview":"max-image-preview:large","max-video-preview":"max-video-preview:-1"},"canonical":"https:\/\/www.casaldelsinfants.org\/es\/actualidad\/oferim-reforc-educatiu-i-esport-noies-de-salt-en-collaboracio-amb-frodeno-fund\/","og_locale":"es_ES","og_type":"article","og_title":"Ofrecemos refuerzo educativo y deporte a chicas de Salt en colaboraci\u00f3n con Frodeno Fund - Casal dels Infants","og_description":"Un grupo de chicas del Casal dels Infants de Salt, Gerona, har\u00e1n uso de un nuevo servicio que ofrece el Casal en colaboraci\u00f3n con Frodeno Fund, basado en combinar el refuerzo escolar con la actividad f\u00edsica a partir de la bicicleta, la mejora de h\u00e1bitos saludables y el empoderamiento del grupo.","og_url":"https:\/\/www.casaldelsinfants.org\/es\/actualidad\/oferim-reforc-educatiu-i-esport-noies-de-salt-en-collaboracio-amb-frodeno-fund\/","og_site_name":"Casal dels Infants","article_publisher":"https:\/\/www.facebook.com\/casalinfants","article_published_time":"2021-09-30T07:28:43+00:00","article_modified_time":"2023-11-23T10:32:59+00:00","og_image":[{"width":1194,"height":932,"url":"https:\/\/www.casaldelsinfants.org\/wp-content\/uploads\/casal_dels_infants_pump_track_salt.jpeg","type":"image\/jpeg"}],"author":"cdiAdmin","twitter_card":"summary_large_image","twitter_creator":"@casalinfants","twitter_site":"@casalinfants","twitter_misc":{"Escrito por":"cdiAdmin","Tiempo de lectura":"3 minutos"},"schema":{"@context":"https:\/\/schema.org","@graph":[{"@type":"Article","@id":"https:\/\/www.casaldelsinfants.org\/es\/actualidad\/oferim-reforc-educatiu-i-esport-noies-de-salt-en-collaboracio-amb-frodeno-fund\/#article","isPartOf":{"@id":"https:\/\/www.casaldelsinfants.org\/es\/actualidad\/oferim-reforc-educatiu-i-esport-noies-de-salt-en-collaboracio-amb-frodeno-fund\/"},"author":{"name":"cdiAdmin","@id":"https:\/\/www.casaldelsinfants.org\/es\/#\/schema\/person\/97707fc8c64900cf36891127dbf9fba8"},"headline":"Ofrecemos refuerzo educativo y deporte a chicas de Salt en colaboraci\u00f3n con Frodeno Fund","datePublished":"2021-09-30T07:28:43+00:00","dateModified":"2023-11-23T10:32:59+00:00","mainEntityOfPage":{"@id":"https:\/\/www.casaldelsinfants.org\/es\/actualidad\/oferim-reforc-educatiu-i-esport-noies-de-salt-en-collaboracio-amb-frodeno-fund\/"},"wordCount":493,"commentCount":0,"publisher":{"@id":"https:\/\/www.casaldelsinfants.org\/es\/#organization"},"image":{"@id":"https:\/\/www.casaldelsinfants.org\/es\/actualidad\/oferim-reforc-educatiu-i-esport-noies-de-salt-en-collaboracio-amb-frodeno-fund\/#primaryimage"},"thumbnailUrl":"https:\/\/www.casaldelsinfants.org\/wp-content\/uploads\/casal_dels_infants_pump_track_salt.jpeg","articleSection":["Noticia"],"inLanguage":"es","potentialAction":[{"@type":"CommentAction","name":"Comment","target":["https:\/\/www.casaldelsinfants.org\/es\/actualidad\/oferim-reforc-educatiu-i-esport-noies-de-salt-en-collaboracio-amb-frodeno-fund\/#respond"]}]},{"@type":"WebPage","@id":"https:\/\/www.casaldelsinfants.org\/es\/actualidad\/oferim-reforc-educatiu-i-esport-noies-de-salt-en-collaboracio-amb-frodeno-fund\/","url":"https:\/\/www.casaldelsinfants.org\/es\/actualidad\/oferim-reforc-educatiu-i-esport-noies-de-salt-en-collaboracio-amb-frodeno-fund\/","name":"Ofrecemos refuerzo educativo y deporte a chicas de Salt en colaboraci\u00f3n con Frodeno Fund - Casal dels Infants","isPartOf":{"@id":"https:\/\/www.casaldelsinfants.org\/es\/#website"},"primaryImageOfPage":{"@id":"https:\/\/www.casaldelsinfants.org\/es\/actualidad\/oferim-reforc-educatiu-i-esport-noies-de-salt-en-collaboracio-amb-frodeno-fund\/#primaryimage"},"image":{"@id":"https:\/\/www.casaldelsinfants.org\/es\/actualidad\/oferim-reforc-educatiu-i-esport-noies-de-salt-en-collaboracio-amb-frodeno-fund\/#primaryimage"},"thumbnailUrl":"https:\/\/www.casaldelsinfants.org\/wp-content\/uploads\/casal_dels_infants_pump_track_salt.jpeg","datePublished":"2021-09-30T07:28:43+00:00","dateModified":"2023-11-23T10:32:59+00:00","description":"Un grupo de chicas del Casal dels Infants de Salt, Gerona, har\u00e1n uso de un nuevo servicio que ofrece el Casal en colaboraci\u00f3n con Frodeno Fund, basado en combinar el refuerzo escolar con la actividad f\u00edsica a partir de la bicicleta, la mejora de h\u00e1bitos saludables y el empoderamiento del grupo.","breadcrumb":{"@id":"https:\/\/www.casaldelsinfants.org\/es\/actualidad\/oferim-reforc-educatiu-i-esport-noies-de-salt-en-collaboracio-amb-frodeno-fund\/#breadcrumb"},"inLanguage":"es","potentialAction":[{"@type":"ReadAction","target":["https:\/\/www.casaldelsinfants.org\/es\/actualidad\/oferim-reforc-educatiu-i-esport-noies-de-salt-en-collaboracio-amb-frodeno-fund\/"]}]},{"@type":"ImageObject","inLanguage":"es","@id":"https:\/\/www.casaldelsinfants.org\/es\/actualidad\/oferim-reforc-educatiu-i-esport-noies-de-salt-en-collaboracio-amb-frodeno-fund\/#primaryimage","url":"https:\/\/www.casaldelsinfants.org\/wp-content\/uploads\/casal_dels_infants_pump_track_salt.jpeg","contentUrl":"https:\/\/www.casaldelsinfants.org\/wp-content\/uploads\/casal_dels_infants_pump_track_salt.jpeg","width":1194,"height":932,"caption":"Noies de Salt fent esport amb bicicleta en col\u00b7laboraci\u00f3 amb Frodeno Fund"},{"@type":"BreadcrumbList","@id":"https:\/\/www.casaldelsinfants.org\/es\/actualidad\/oferim-reforc-educatiu-i-esport-noies-de-salt-en-collaboracio-amb-frodeno-fund\/#breadcrumb","itemListElement":[{"@type":"ListItem","position":1,"name":"Inici","item":"https:\/\/www.casaldelsinfants.org\/es\/"},{"@type":"ListItem","position":2,"name":"Ofrecemos refuerzo educativo y deporte a chicas de Salt en colaboraci\u00f3n con Frodeno Fund"}]},{"@type":"WebSite","@id":"https:\/\/www.casaldelsinfants.org\/es\/#website","url":"https:\/\/www.casaldelsinfants.org\/es\/","name":"Casal dels Infants","description":"","publisher":{"@id":"https:\/\/www.casaldelsinfants.org\/es\/#organization"},"potentialAction":[{"@type":"SearchAction","target":{"@type":"EntryPoint","urlTemplate":"https:\/\/www.casaldelsinfants.org\/es\/?s={search_term_string}"},"query-input":{"@type":"PropertyValueSpecification","valueRequired":true,"valueName":"search_term_string"}}],"inLanguage":"es"},{"@type":"Organization","@id":"https:\/\/www.casaldelsinfants.org\/es\/#organization","name":"Casal dels Infants","url":"https:\/\/www.casaldelsinfants.org\/es\/","logo":{"@type":"ImageObject","inLanguage":"es","@id":"https:\/\/www.casaldelsinfants.org\/es\/#\/schema\/logo\/image\/","url":"https:\/\/www.casaldelsinfants.org\/wp-content\/uploads\/logo-mail.png","contentUrl":"https:\/\/www.casaldelsinfants.org\/wp-content\/uploads\/logo-mail.png","width":380,"height":158,"caption":"Casal dels Infants"},"image":{"@id":"https:\/\/www.casaldelsinfants.org\/es\/#\/schema\/logo\/image\/"},"sameAs":["https:\/\/www.facebook.com\/casalinfants","https:\/\/x.com\/casalinfants","https:\/\/www.youtube.com\/user\/CasaldelsInfants1","https:\/\/www.instagram.com\/casalinfants\/","https:\/\/www.linkedin.com\/company\/casaldelsinfants?trk=organization-update_share-update_actor-text"]},{"@type":"Person","@id":"https:\/\/www.casaldelsinfants.org\/es\/#\/schema\/person\/97707fc8c64900cf36891127dbf9fba8","name":"cdiAdmin","sameAs":["https:\/\/casaldelsinfants.org"]}]}},"publishpress_future_action":{"enabled":false,"date":"2026-05-08 11:18:36","action":"change-status","newStatus":"draft","terms":[],"taxonomy":"category","extraData":[]},"publishpress_future_workflow_manual_trigger":{"enabledWorkflows":[]},"_links":{"self":[{"href":"https:\/\/www.casaldelsinfants.org\/es\/wp-json\/wp\/v2\/posts\/4270","targetHints":{"allow":["GET"]}}],"collection":[{"href":"https:\/\/www.casaldelsinfants.org\/es\/wp-json\/wp\/v2\/posts"}],"about":[{"href":"https:\/\/www.casaldelsinfants.org\/es\/wp-json\/wp\/v2\/types\/post"}],"author":[{"embeddable":true,"href":"https:\/\/www.casaldelsinfants.org\/es\/wp-json\/wp\/v2\/users\/1"}],"replies":[{"embeddable":true,"href":"https:\/\/www.casaldelsinfants.org\/es\/wp-json\/wp\/v2\/comments?post=4270"}],"version-history":[{"count":3,"href":"https:\/\/www.casaldelsinfants.org\/es\/wp-json\/wp\/v2\/posts\/4270\/revisions"}],"predecessor-version":[{"id":16112,"href":"https:\/\/www.casaldelsinfants.org\/es\/wp-json\/wp\/v2\/posts\/4270\/revisions\/16112"}],"wp:featuredmedia":[{"embeddable":true,"href":"https:\/\/www.casaldelsinfants.org\/es\/wp-json\/wp\/v2\/media\/3037"}],"wp:attachment":[{"href":"https:\/\/www.casaldelsinfants.org\/es\/wp-json\/wp\/v2\/media?parent=4270"}],"wp:term":[{"taxonomy":"category","embeddable":true,"href":"https:\/\/www.casaldelsinfants.org\/es\/wp-json\/wp\/v2\/categories?post=4270"},{"taxonomy":"post_tag","embeddable":true,"href":"https:\/\/www.casaldelsinfants.org\/es\/wp-json\/wp\/v2\/tags?post=4270"},{"taxonomy":"seus","embeddable":true,"href":"https:\/\/www.casaldelsinfants.org\/es\/wp-json\/wp\/v2\/seus?post=4270"},{"taxonomy":"eixos","embeddable":true,"href":"https:\/\/www.casaldelsinfants.org\/es\/wp-json\/wp\/v2\/eixos?post=4270"}],"curies":[{"name":"wp","href":"https:\/\/api.w.org\/{rel}","templated":true}]}}