{"id":4271,"date":"2021-09-27T14:15:05","date_gmt":"2021-09-27T12:15:05","guid":{"rendered":"https:\/\/casal.puntzero.cat\/noticies\/catart-joves-vivint-la-cultura-en-catala\/"},"modified":"2023-05-01T17:44:48","modified_gmt":"2023-05-01T15:44:48","slug":"catart-joves-vivint-la-cultura-en-catala","status":"publish","type":"post","link":"https:\/\/www.casaldelsinfants.org\/es\/actualidad\/catart-jovenes-viviendo-la-cultura-en-catalan\/","title":{"rendered":"CATArt: j\u00f3venes viviendo la cultura en catal\u00e1n"},"content":{"rendered":"<p><span style=\"color:#000000;\">El proyecto <strong>CATart<\/strong>, que tiramos adelante con el apoyo del Departamento de Cultura de la Generalitat de Catalunya, pretende\u00a0<strong>aproximar la lengua catalana a trav\u00e9s de la cultura a adolescentes de entre 12 y 17 a\u00f1os de barrios con situaciones de vulnerabilidad<\/strong>. Se trata de fomentar que el catal\u00e1n sea la lengua vehicular en espacios de expresi\u00f3n y participaci\u00f3n art\u00edstica que los motiven, y no solo en actividades acad\u00e9micas. Tambi\u00e9n busca\u00a0fortalecer la red social de los j\u00f3venes, tanto en sus relaciones entre iguales como con la comunidad.\u00a0<\/span><\/p>\n<p><span style=\"color:#000000;\">En nuestro servicio Casal Jove Atles, que se desarrolla en el barrio del Raval de Barcelona, este a\u00f1o hemos impulsado diversas actividades en el marco del CATArt, con tres ejes diferentes: la creaci\u00f3n art\u00edstica, las visitas a espacios culturales y la participaci\u00f3n en comisiones de la red vecinal para crear eventos art\u00edsticos comunitarios.\u00a0<\/span><\/p>\n<p><strong>FAJ\u00a0<\/strong><\/p>\n<p><span style=\"color:#000000;\">Es un ejemplo de ello el <strong>Festival de Arte Joven de Ciutat Vella (FAJ)<\/strong>, que organizamos conjuntamente con el Palau Al\u00f2s, el Convento de Sant Agust\u00ed y el Distrito de Ciutat Vella. En esta \u00faltima edici\u00f3n, que <\/span><u><a href=\"https:\/\/www.youtube.com\/watch?v=mIw_jWz7eac\" target=\"_blank\" rel=\"noopener\">se pudo seguir en directo en formato virtual<\/a><\/u><span style=\"color:#000000;\">, el FAJ volvi\u00f3 a contar con las propuestas art\u00edsticas de j\u00f3venes del distrito, entre los que hab\u00eda chicos y chicas participantes del Casal dels Infants. Se pudieron ver actuaciones musicales, danza, proyectos audiovisuales y una muestra de dise\u00f1os de moda, entre otros.\u00a0<\/span><\/p>\n<p><strong>Dando vueltas a Marte<\/strong><\/p>\n<p><span style=\"color:#000000;\">Tambi\u00e9n participamos en el proyecto \u00abApadrina tu equipamiento\u00bb, impulsado por la fundaci\u00f3n Tot Raval, que promueve el trabajo conjunto entre los grandes equipamientos culturales del barrio del Raval y los centros educativos para desarrollar proyectos de larga durada integrados en el curr\u00edculum acad\u00e9mico. Alumnos de Integraci\u00f3n Social del Instituto Miquel Tarradell organizaron un seguido de din\u00e1micas para una veintena de chicos y chicas del Casal Jove Atles para profundizar y reflexionar alrededor de la exposici\u00f3n <\/span><u><a href=\"https:\/\/www.cccb.org\/ca\/exposicions\/fitxa\/mart\/232742\" target=\"_blank\" rel=\"noopener\">\u00abMarte, el espejo rojo\u00bb<\/a><\/u><span style=\"color:#000000;\"> del CCCB, que previamente el grupo visit\u00f3.\u00a0<\/span><\/p>\n<p><strong>Adentrarse en el Macba\u00a0<\/strong><\/p>\n<p><span style=\"color:#000000;\">Finalmente, con la Fundaci\u00f3n Macba hemos iniciado un seguido de visitas guiadas al museo para acercar el arte a los j\u00f3venes. El 6 de junio un grupo del Casal Jove Atles realiz\u00f3 una primera visita a la exposici\u00f3n<strong> \u00abPol\u00edtica de la relaci\u00f3n\u00bb, de F\u00e9lix Gonz\u00e1lez<\/strong>, una retrospectiva de la obra del artista F\u00e9lix Gonz\u00e1lez, dinamizada de forma muy estimulante por el tambi\u00e9n artista Jordi Ferreiro. En octubre realizar\u00e1n una segunda visita, esta vez de la exposici\u00f3n permanente.\u00a0<\/span><\/p>\n<p><span style=\"color:#000000;\">Con el apoyo del Departamento de Cultura<\/span><\/p>\n<p><img decoding=\"async\" alt=\"Logo del Departament de Cultura\" data-entity-type=\"file\" data-entity-uuid=\"3f02324b-4731-496d-beaa-318919643719\" data-image-style=\"medium\" src=\"\/wp-content\/uploads\/inline-images\/Departament%20de%20Cultura.png\" width=\"220\" height=\"50\" typeof=\"foaf:Image\" class=\"align-left\" \/><\/p>\n","protected":false},"excerpt":{"rendered":"<p>El proyecto CATart, que tiramos adelante con el apoyo del Departamento de Cultura de la Generalitat de Catalunya, pretende\u00a0aproximar la lengua catalana a trav\u00e9s de la cultura a adolescentes de entre 12 y 17 a\u00f1os de barrios con situaciones de vulnerabilidad. Se trata de fomentar que el catal\u00e1n sea la lengua vehicular en espacios de [&hellip;]<\/p>\n","protected":false},"author":1,"featured_media":3040,"comment_status":"open","ping_status":"open","sticky":false,"template":"","format":"standard","meta":{"_acf_changed":false,"_et_pb_use_builder":"","_et_pb_old_content":"","_et_gb_content_width":"","inline_featured_image":false,"footnotes":""},"categories":[125],"tags":[],"seus":[16],"eixos":[102],"class_list":["post-4271","post","type-post","status-publish","format-standard","has-post-thumbnail","hentry","category-noticias","seus-el-raval","eixos-jovenes"],"acf":[],"yoast_head":"<!-- This site is optimized with the Yoast SEO plugin v27.4 - https:\/\/yoast.com\/product\/yoast-seo-wordpress\/ -->\n<title>[node:CATArt: j\u00f3venes viviendo la cultura en catal\u00e1n] | [site: Casal dels Infants]<\/title>\n<meta name=\"description\" content=\"[node: El proyecto CATArt, que cuenta con el apoyo del Departamento de Cultura de la Generalitat de Catalunya, quiere aproximar la lengua catalana a j\u00f3venes a trav\u00e9s del arte. El proyecto se estructura en la creaci\u00f3n art\u00edstica, la visita a centros culturales y la participaci\u00f3n en la red vecinal para organizar eventos art\u00edsticos comunitarios.]\" \/>\n<meta name=\"robots\" content=\"index, follow, max-snippet:-1, max-image-preview:large, max-video-preview:-1\" \/>\n<link rel=\"canonical\" href=\"https:\/\/www.casaldelsinfants.org\/es\/actualidad\/catart-jovenes-viviendo-la-cultura-en-catalan\/\" \/>\n<meta property=\"og:locale\" content=\"es_ES\" \/>\n<meta property=\"og:type\" content=\"article\" \/>\n<meta property=\"og:title\" content=\"[node:CATArt: j\u00f3venes viviendo la cultura en catal\u00e1n] | [site: Casal dels Infants]\" \/>\n<meta property=\"og:description\" content=\"[node: El proyecto CATArt, que cuenta con el apoyo del Departamento de Cultura de la Generalitat de Catalunya, quiere aproximar la lengua catalana a j\u00f3venes a trav\u00e9s del arte. El proyecto se estructura en la creaci\u00f3n art\u00edstica, la visita a centros culturales y la participaci\u00f3n en la red vecinal para organizar eventos art\u00edsticos comunitarios.]\" \/>\n<meta property=\"og:url\" content=\"https:\/\/www.casaldelsinfants.org\/es\/actualidad\/catart-jovenes-viviendo-la-cultura-en-catalan\/\" \/>\n<meta property=\"og:site_name\" content=\"Casal dels Infants\" \/>\n<meta property=\"article:publisher\" content=\"https:\/\/www.facebook.com\/casalinfants\" \/>\n<meta property=\"article:published_time\" content=\"2021-09-27T12:15:05+00:00\" \/>\n<meta property=\"article:modified_time\" content=\"2023-05-01T15:44:48+00:00\" \/>\n<meta property=\"og:image\" content=\"https:\/\/www.casaldelsinfants.org\/wp-content\/uploads\/20210507_191138-scaled.jpg\" \/>\n\t<meta property=\"og:image:width\" content=\"2560\" \/>\n\t<meta property=\"og:image:height\" content=\"1920\" \/>\n\t<meta property=\"og:image:type\" content=\"image\/jpeg\" \/>\n<meta name=\"author\" content=\"cdiAdmin\" \/>\n<meta name=\"twitter:card\" content=\"summary_large_image\" \/>\n<meta name=\"twitter:creator\" content=\"@casalinfants\" \/>\n<meta name=\"twitter:site\" content=\"@casalinfants\" \/>\n<meta name=\"twitter:label1\" content=\"Escrito por\" \/>\n\t<meta name=\"twitter:data1\" content=\"cdiAdmin\" \/>\n\t<meta name=\"twitter:label2\" content=\"Tiempo de lectura\" \/>\n\t<meta name=\"twitter:data2\" content=\"2 minutos\" \/>\n<script type=\"application\/ld+json\" class=\"yoast-schema-graph\">{\"@context\":\"https:\\\/\\\/schema.org\",\"@graph\":[{\"@type\":\"Article\",\"@id\":\"https:\\\/\\\/www.casaldelsinfants.org\\\/es\\\/actualidad\\\/catart-jovenes-viviendo-la-cultura-en-catalan\\\/#article\",\"isPartOf\":{\"@id\":\"https:\\\/\\\/www.casaldelsinfants.org\\\/es\\\/actualidad\\\/catart-jovenes-viviendo-la-cultura-en-catalan\\\/\"},\"author\":{\"name\":\"cdiAdmin\",\"@id\":\"https:\\\/\\\/www.casaldelsinfants.org\\\/es\\\/#\\\/schema\\\/person\\\/97707fc8c64900cf36891127dbf9fba8\"},\"headline\":\"CATArt: j\u00f3venes viviendo la cultura en catal\u00e1n\",\"datePublished\":\"2021-09-27T12:15:05+00:00\",\"dateModified\":\"2023-05-01T15:44:48+00:00\",\"mainEntityOfPage\":{\"@id\":\"https:\\\/\\\/www.casaldelsinfants.org\\\/es\\\/actualidad\\\/catart-jovenes-viviendo-la-cultura-en-catalan\\\/\"},\"wordCount\":452,\"commentCount\":0,\"publisher\":{\"@id\":\"https:\\\/\\\/www.casaldelsinfants.org\\\/es\\\/#organization\"},\"image\":{\"@id\":\"https:\\\/\\\/www.casaldelsinfants.org\\\/es\\\/actualidad\\\/catart-jovenes-viviendo-la-cultura-en-catalan\\\/#primaryimage\"},\"thumbnailUrl\":\"https:\\\/\\\/www.casaldelsinfants.org\\\/wp-content\\\/uploads\\\/20210507_191138-scaled.jpg\",\"articleSection\":[\"Noticia\"],\"inLanguage\":\"es\",\"potentialAction\":[{\"@type\":\"CommentAction\",\"name\":\"Comment\",\"target\":[\"https:\\\/\\\/www.casaldelsinfants.org\\\/es\\\/actualidad\\\/catart-jovenes-viviendo-la-cultura-en-catalan\\\/#respond\"]}]},{\"@type\":\"WebPage\",\"@id\":\"https:\\\/\\\/www.casaldelsinfants.org\\\/es\\\/actualidad\\\/catart-jovenes-viviendo-la-cultura-en-catalan\\\/\",\"url\":\"https:\\\/\\\/www.casaldelsinfants.org\\\/es\\\/actualidad\\\/catart-jovenes-viviendo-la-cultura-en-catalan\\\/\",\"name\":\"[node:CATArt: j\u00f3venes viviendo la cultura en catal\u00e1n] | [site: Casal dels Infants]\",\"isPartOf\":{\"@id\":\"https:\\\/\\\/www.casaldelsinfants.org\\\/es\\\/#website\"},\"primaryImageOfPage\":{\"@id\":\"https:\\\/\\\/www.casaldelsinfants.org\\\/es\\\/actualidad\\\/catart-jovenes-viviendo-la-cultura-en-catalan\\\/#primaryimage\"},\"image\":{\"@id\":\"https:\\\/\\\/www.casaldelsinfants.org\\\/es\\\/actualidad\\\/catart-jovenes-viviendo-la-cultura-en-catalan\\\/#primaryimage\"},\"thumbnailUrl\":\"https:\\\/\\\/www.casaldelsinfants.org\\\/wp-content\\\/uploads\\\/20210507_191138-scaled.jpg\",\"datePublished\":\"2021-09-27T12:15:05+00:00\",\"dateModified\":\"2023-05-01T15:44:48+00:00\",\"description\":\"[node: El proyecto CATArt, que cuenta con el apoyo del Departamento de Cultura de la Generalitat de Catalunya, quiere aproximar la lengua catalana a j\u00f3venes a trav\u00e9s del arte. El proyecto se estructura en la creaci\u00f3n art\u00edstica, la visita a centros culturales y la participaci\u00f3n en la red vecinal para organizar eventos art\u00edsticos comunitarios.]\",\"breadcrumb\":{\"@id\":\"https:\\\/\\\/www.casaldelsinfants.org\\\/es\\\/actualidad\\\/catart-jovenes-viviendo-la-cultura-en-catalan\\\/#breadcrumb\"},\"inLanguage\":\"es\",\"potentialAction\":[{\"@type\":\"ReadAction\",\"target\":[\"https:\\\/\\\/www.casaldelsinfants.org\\\/es\\\/actualidad\\\/catart-jovenes-viviendo-la-cultura-en-catalan\\\/\"]}]},{\"@type\":\"ImageObject\",\"inLanguage\":\"es\",\"@id\":\"https:\\\/\\\/www.casaldelsinfants.org\\\/es\\\/actualidad\\\/catart-jovenes-viviendo-la-cultura-en-catalan\\\/#primaryimage\",\"url\":\"https:\\\/\\\/www.casaldelsinfants.org\\\/wp-content\\\/uploads\\\/20210507_191138-scaled.jpg\",\"contentUrl\":\"https:\\\/\\\/www.casaldelsinfants.org\\\/wp-content\\\/uploads\\\/20210507_191138-scaled.jpg\",\"width\":2560,\"height\":1920,\"caption\":\"CATart joves 2022\"},{\"@type\":\"BreadcrumbList\",\"@id\":\"https:\\\/\\\/www.casaldelsinfants.org\\\/es\\\/actualidad\\\/catart-jovenes-viviendo-la-cultura-en-catalan\\\/#breadcrumb\",\"itemListElement\":[{\"@type\":\"ListItem\",\"position\":1,\"name\":\"Inici\",\"item\":\"https:\\\/\\\/www.casaldelsinfants.org\\\/es\\\/\"},{\"@type\":\"ListItem\",\"position\":2,\"name\":\"CATArt: j\u00f3venes viviendo la cultura en catal\u00e1n\"}]},{\"@type\":\"WebSite\",\"@id\":\"https:\\\/\\\/www.casaldelsinfants.org\\\/es\\\/#website\",\"url\":\"https:\\\/\\\/www.casaldelsinfants.org\\\/es\\\/\",\"name\":\"Casal dels Infants\",\"description\":\"\",\"publisher\":{\"@id\":\"https:\\\/\\\/www.casaldelsinfants.org\\\/es\\\/#organization\"},\"potentialAction\":[{\"@type\":\"SearchAction\",\"target\":{\"@type\":\"EntryPoint\",\"urlTemplate\":\"https:\\\/\\\/www.casaldelsinfants.org\\\/es\\\/?s={search_term_string}\"},\"query-input\":{\"@type\":\"PropertyValueSpecification\",\"valueRequired\":true,\"valueName\":\"search_term_string\"}}],\"inLanguage\":\"es\"},{\"@type\":\"Organization\",\"@id\":\"https:\\\/\\\/www.casaldelsinfants.org\\\/es\\\/#organization\",\"name\":\"Casal dels Infants\",\"url\":\"https:\\\/\\\/www.casaldelsinfants.org\\\/es\\\/\",\"logo\":{\"@type\":\"ImageObject\",\"inLanguage\":\"es\",\"@id\":\"https:\\\/\\\/www.casaldelsinfants.org\\\/es\\\/#\\\/schema\\\/logo\\\/image\\\/\",\"url\":\"https:\\\/\\\/www.casaldelsinfants.org\\\/wp-content\\\/uploads\\\/logo-mail.png\",\"contentUrl\":\"https:\\\/\\\/www.casaldelsinfants.org\\\/wp-content\\\/uploads\\\/logo-mail.png\",\"width\":380,\"height\":158,\"caption\":\"Casal dels Infants\"},\"image\":{\"@id\":\"https:\\\/\\\/www.casaldelsinfants.org\\\/es\\\/#\\\/schema\\\/logo\\\/image\\\/\"},\"sameAs\":[\"https:\\\/\\\/www.facebook.com\\\/casalinfants\",\"https:\\\/\\\/x.com\\\/casalinfants\",\"https:\\\/\\\/www.youtube.com\\\/user\\\/CasaldelsInfants1\",\"https:\\\/\\\/www.instagram.com\\\/casalinfants\\\/\",\"https:\\\/\\\/www.linkedin.com\\\/company\\\/casaldelsinfants?trk=organization-update_share-update_actor-text\"]},{\"@type\":\"Person\",\"@id\":\"https:\\\/\\\/www.casaldelsinfants.org\\\/es\\\/#\\\/schema\\\/person\\\/97707fc8c64900cf36891127dbf9fba8\",\"name\":\"cdiAdmin\",\"sameAs\":[\"https:\\\/\\\/casaldelsinfants.org\"]}]}<\/script>\n<!-- \/ Yoast SEO plugin. -->","yoast_head_json":{"title":"[node:CATArt: j\u00f3venes viviendo la cultura en catal\u00e1n] | [site: Casal dels Infants]","description":"[node: El proyecto CATArt, que cuenta con el apoyo del Departamento de Cultura de la Generalitat de Catalunya, quiere aproximar la lengua catalana a j\u00f3venes a trav\u00e9s del arte. El proyecto se estructura en la creaci\u00f3n art\u00edstica, la visita a centros culturales y la participaci\u00f3n en la red vecinal para organizar eventos art\u00edsticos comunitarios.]","robots":{"index":"index","follow":"follow","max-snippet":"max-snippet:-1","max-image-preview":"max-image-preview:large","max-video-preview":"max-video-preview:-1"},"canonical":"https:\/\/www.casaldelsinfants.org\/es\/actualidad\/catart-jovenes-viviendo-la-cultura-en-catalan\/","og_locale":"es_ES","og_type":"article","og_title":"[node:CATArt: j\u00f3venes viviendo la cultura en catal\u00e1n] | [site: Casal dels Infants]","og_description":"[node: El proyecto CATArt, que cuenta con el apoyo del Departamento de Cultura de la Generalitat de Catalunya, quiere aproximar la lengua catalana a j\u00f3venes a trav\u00e9s del arte. El proyecto se estructura en la creaci\u00f3n art\u00edstica, la visita a centros culturales y la participaci\u00f3n en la red vecinal para organizar eventos art\u00edsticos comunitarios.]","og_url":"https:\/\/www.casaldelsinfants.org\/es\/actualidad\/catart-jovenes-viviendo-la-cultura-en-catalan\/","og_site_name":"Casal dels Infants","article_publisher":"https:\/\/www.facebook.com\/casalinfants","article_published_time":"2021-09-27T12:15:05+00:00","article_modified_time":"2023-05-01T15:44:48+00:00","og_image":[{"width":2560,"height":1920,"url":"https:\/\/www.casaldelsinfants.org\/wp-content\/uploads\/20210507_191138-scaled.jpg","type":"image\/jpeg"}],"author":"cdiAdmin","twitter_card":"summary_large_image","twitter_creator":"@casalinfants","twitter_site":"@casalinfants","twitter_misc":{"Escrito por":"cdiAdmin","Tiempo de lectura":"2 minutos"},"schema":{"@context":"https:\/\/schema.org","@graph":[{"@type":"Article","@id":"https:\/\/www.casaldelsinfants.org\/es\/actualidad\/catart-jovenes-viviendo-la-cultura-en-catalan\/#article","isPartOf":{"@id":"https:\/\/www.casaldelsinfants.org\/es\/actualidad\/catart-jovenes-viviendo-la-cultura-en-catalan\/"},"author":{"name":"cdiAdmin","@id":"https:\/\/www.casaldelsinfants.org\/es\/#\/schema\/person\/97707fc8c64900cf36891127dbf9fba8"},"headline":"CATArt: j\u00f3venes viviendo la cultura en catal\u00e1n","datePublished":"2021-09-27T12:15:05+00:00","dateModified":"2023-05-01T15:44:48+00:00","mainEntityOfPage":{"@id":"https:\/\/www.casaldelsinfants.org\/es\/actualidad\/catart-jovenes-viviendo-la-cultura-en-catalan\/"},"wordCount":452,"commentCount":0,"publisher":{"@id":"https:\/\/www.casaldelsinfants.org\/es\/#organization"},"image":{"@id":"https:\/\/www.casaldelsinfants.org\/es\/actualidad\/catart-jovenes-viviendo-la-cultura-en-catalan\/#primaryimage"},"thumbnailUrl":"https:\/\/www.casaldelsinfants.org\/wp-content\/uploads\/20210507_191138-scaled.jpg","articleSection":["Noticia"],"inLanguage":"es","potentialAction":[{"@type":"CommentAction","name":"Comment","target":["https:\/\/www.casaldelsinfants.org\/es\/actualidad\/catart-jovenes-viviendo-la-cultura-en-catalan\/#respond"]}]},{"@type":"WebPage","@id":"https:\/\/www.casaldelsinfants.org\/es\/actualidad\/catart-jovenes-viviendo-la-cultura-en-catalan\/","url":"https:\/\/www.casaldelsinfants.org\/es\/actualidad\/catart-jovenes-viviendo-la-cultura-en-catalan\/","name":"[node:CATArt: j\u00f3venes viviendo la cultura en catal\u00e1n] | [site: Casal dels Infants]","isPartOf":{"@id":"https:\/\/www.casaldelsinfants.org\/es\/#website"},"primaryImageOfPage":{"@id":"https:\/\/www.casaldelsinfants.org\/es\/actualidad\/catart-jovenes-viviendo-la-cultura-en-catalan\/#primaryimage"},"image":{"@id":"https:\/\/www.casaldelsinfants.org\/es\/actualidad\/catart-jovenes-viviendo-la-cultura-en-catalan\/#primaryimage"},"thumbnailUrl":"https:\/\/www.casaldelsinfants.org\/wp-content\/uploads\/20210507_191138-scaled.jpg","datePublished":"2021-09-27T12:15:05+00:00","dateModified":"2023-05-01T15:44:48+00:00","description":"[node: El proyecto CATArt, que cuenta con el apoyo del Departamento de Cultura de la Generalitat de Catalunya, quiere aproximar la lengua catalana a j\u00f3venes a trav\u00e9s del arte. El proyecto se estructura en la creaci\u00f3n art\u00edstica, la visita a centros culturales y la participaci\u00f3n en la red vecinal para organizar eventos art\u00edsticos comunitarios.]","breadcrumb":{"@id":"https:\/\/www.casaldelsinfants.org\/es\/actualidad\/catart-jovenes-viviendo-la-cultura-en-catalan\/#breadcrumb"},"inLanguage":"es","potentialAction":[{"@type":"ReadAction","target":["https:\/\/www.casaldelsinfants.org\/es\/actualidad\/catart-jovenes-viviendo-la-cultura-en-catalan\/"]}]},{"@type":"ImageObject","inLanguage":"es","@id":"https:\/\/www.casaldelsinfants.org\/es\/actualidad\/catart-jovenes-viviendo-la-cultura-en-catalan\/#primaryimage","url":"https:\/\/www.casaldelsinfants.org\/wp-content\/uploads\/20210507_191138-scaled.jpg","contentUrl":"https:\/\/www.casaldelsinfants.org\/wp-content\/uploads\/20210507_191138-scaled.jpg","width":2560,"height":1920,"caption":"CATart joves 2022"},{"@type":"BreadcrumbList","@id":"https:\/\/www.casaldelsinfants.org\/es\/actualidad\/catart-jovenes-viviendo-la-cultura-en-catalan\/#breadcrumb","itemListElement":[{"@type":"ListItem","position":1,"name":"Inici","item":"https:\/\/www.casaldelsinfants.org\/es\/"},{"@type":"ListItem","position":2,"name":"CATArt: j\u00f3venes viviendo la cultura en catal\u00e1n"}]},{"@type":"WebSite","@id":"https:\/\/www.casaldelsinfants.org\/es\/#website","url":"https:\/\/www.casaldelsinfants.org\/es\/","name":"Casal dels Infants","description":"","publisher":{"@id":"https:\/\/www.casaldelsinfants.org\/es\/#organization"},"potentialAction":[{"@type":"SearchAction","target":{"@type":"EntryPoint","urlTemplate":"https:\/\/www.casaldelsinfants.org\/es\/?s={search_term_string}"},"query-input":{"@type":"PropertyValueSpecification","valueRequired":true,"valueName":"search_term_string"}}],"inLanguage":"es"},{"@type":"Organization","@id":"https:\/\/www.casaldelsinfants.org\/es\/#organization","name":"Casal dels Infants","url":"https:\/\/www.casaldelsinfants.org\/es\/","logo":{"@type":"ImageObject","inLanguage":"es","@id":"https:\/\/www.casaldelsinfants.org\/es\/#\/schema\/logo\/image\/","url":"https:\/\/www.casaldelsinfants.org\/wp-content\/uploads\/logo-mail.png","contentUrl":"https:\/\/www.casaldelsinfants.org\/wp-content\/uploads\/logo-mail.png","width":380,"height":158,"caption":"Casal dels Infants"},"image":{"@id":"https:\/\/www.casaldelsinfants.org\/es\/#\/schema\/logo\/image\/"},"sameAs":["https:\/\/www.facebook.com\/casalinfants","https:\/\/x.com\/casalinfants","https:\/\/www.youtube.com\/user\/CasaldelsInfants1","https:\/\/www.instagram.com\/casalinfants\/","https:\/\/www.linkedin.com\/company\/casaldelsinfants?trk=organization-update_share-update_actor-text"]},{"@type":"Person","@id":"https:\/\/www.casaldelsinfants.org\/es\/#\/schema\/person\/97707fc8c64900cf36891127dbf9fba8","name":"cdiAdmin","sameAs":["https:\/\/casaldelsinfants.org"]}]}},"publishpress_future_action":{"enabled":false,"date":"2026-05-09 08:14:49","action":"change-status","newStatus":"draft","terms":[],"taxonomy":"category","extraData":[]},"publishpress_future_workflow_manual_trigger":{"enabledWorkflows":[]},"_links":{"self":[{"href":"https:\/\/www.casaldelsinfants.org\/es\/wp-json\/wp\/v2\/posts\/4271","targetHints":{"allow":["GET"]}}],"collection":[{"href":"https:\/\/www.casaldelsinfants.org\/es\/wp-json\/wp\/v2\/posts"}],"about":[{"href":"https:\/\/www.casaldelsinfants.org\/es\/wp-json\/wp\/v2\/types\/post"}],"author":[{"embeddable":true,"href":"https:\/\/www.casaldelsinfants.org\/es\/wp-json\/wp\/v2\/users\/1"}],"replies":[{"embeddable":true,"href":"https:\/\/www.casaldelsinfants.org\/es\/wp-json\/wp\/v2\/comments?post=4271"}],"version-history":[{"count":1,"href":"https:\/\/www.casaldelsinfants.org\/es\/wp-json\/wp\/v2\/posts\/4271\/revisions"}],"predecessor-version":[{"id":6251,"href":"https:\/\/www.casaldelsinfants.org\/es\/wp-json\/wp\/v2\/posts\/4271\/revisions\/6251"}],"wp:featuredmedia":[{"embeddable":true,"href":"https:\/\/www.casaldelsinfants.org\/es\/wp-json\/wp\/v2\/media\/3040"}],"wp:attachment":[{"href":"https:\/\/www.casaldelsinfants.org\/es\/wp-json\/wp\/v2\/media?parent=4271"}],"wp:term":[{"taxonomy":"category","embeddable":true,"href":"https:\/\/www.casaldelsinfants.org\/es\/wp-json\/wp\/v2\/categories?post=4271"},{"taxonomy":"post_tag","embeddable":true,"href":"https:\/\/www.casaldelsinfants.org\/es\/wp-json\/wp\/v2\/tags?post=4271"},{"taxonomy":"seus","embeddable":true,"href":"https:\/\/www.casaldelsinfants.org\/es\/wp-json\/wp\/v2\/seus?post=4271"},{"taxonomy":"eixos","embeddable":true,"href":"https:\/\/www.casaldelsinfants.org\/es\/wp-json\/wp\/v2\/eixos?post=4271"}],"curies":[{"name":"wp","href":"https:\/\/api.w.org\/{rel}","templated":true}]}}