{"id":4272,"date":"2021-08-05T14:05:02","date_gmt":"2021-08-05T12:05:02","guid":{"rendered":"https:\/\/casal.puntzero.cat\/noticies\/lenya-i-el-teatre-lliure-quan-la-cultura-es-tambe-una-primera-feina\/"},"modified":"2022-08-17T11:16:56","modified_gmt":"2022-08-17T09:16:56","slug":"lenya-i-el-teatre-lliure-quan-la-cultura-es-tambe-una-primera-feina","status":"publish","type":"post","link":"https:\/\/www.casaldelsinfants.org\/es\/actualidad\/enya-y-el-teatre-lliure-cuando-la-cultura-es-tambien-un-primer-trabajo\/","title":{"rendered":"Enya y el Teatre Lliure: cuando la cultura es tambi\u00e9n un primer trabajo"},"content":{"rendered":"<p><span style=\"color:#000000;\">El primer contacto fue en el Casal dels Infants del Bes\u00f2s y la Mina. Durante la formaci\u00f3n en comercio del dDones, varias empresas e instituciones ofrecen a las participantes sesiones para trabajar competencias espec\u00edficas. En una de estas, personas del equipo del Teatre Lliure les dieron a conocer cu\u00e1les son los trabajos de atenci\u00f3n al p\u00fablico en un teatro. \u00abLes explicamos qu\u00e9 necesitamos y qu\u00e9 necesitan ellas para introducirse en este mundo laboral\u00bb, explica Albert Minguill\u00f3n, director de gesti\u00f3n de p\u00fablicos del Teatre Lliure.<\/span><\/p>\n<p><span style=\"color:#000000;\">La oportunidad de Enya lleg\u00f3 con \u00abFrank\u00bb, un espect\u00e1culo infantil que recreaba el universo represivo de Franco en el Espai Lliure, la sala m\u00e1s peque\u00f1a del teatro. En cada sesi\u00f3n ten\u00eda que acoger una cincuentena de ni\u00f1os y ni\u00f1as que ven\u00edan con la escuela. \u00abEra una obra pr\u00e1cticamente sin texto, y nos gust\u00f3 como ella se explicaba e interactuaba con los ni\u00f1os y ni\u00f1as haciendo de acomodadora\u00bb, comenta Albert.<\/span><\/p>\n<p><span style=\"color:#000000;\">Hoy nos la encontramos por primera vez en el vest\u00edbulo de la sala Fabi\u00e0 Puigserver, donde unas 500 personas van llegando para escuchar a S\u00edlvia P\u00e9rez Cruz. Ya es la hora de los primeros \u00abbona tarda\u00bb, de indicar el acceso a la sala y a los lavabos. \u00abEstoy nerviosa, supongo que es normal. Pero tambi\u00e9n muy ilusionada, s\u00e9 que ser\u00e1 una gran experiencia. Aqu\u00ed me siento c\u00f3moda, porque ya tengo la experiencia de \u00abFrank\u00bb, que fue muy buena. Estoy muy agradecida por esta oportunidad\u00bb.<\/span><\/p>\n<p class=\"destacat-noticia\"><span style=\"color:#000000;\">Enya Batista, participante del Casal dels Infants: \u00abEn el Teatre Lliure me siento c\u00f3moda, porque ya tengo la experiencia de \u00abFrank\u00bb, que fue muy buena. Estoy muy agradecida por esta oportunidad\u00bb<\/span><\/p>\n<p><span style=\"color:#000000;\">Desde el Teatre Lliure lo vieron claro: si hab\u00eda j\u00f3venes de la Mina motivadas por tener una primera oportunidad laboral, el trabajo de acomodador o de taquillero era una buena salida. A parte de Enya, dos otras participantes del dDones han acabado trabajando aqu\u00ed. Y no deja de ser una manera de reivindicar que la cultura es para todos, de bajarla del pedestal, en palabras de Albert: \u00abEs una oportunidad de acceder a un mundo al que quiz\u00e1s pensabas que no podr\u00edas acceder. Es importante tener sinergias con entidades para hacer llegar la cultura a m\u00e1s gente, no solo como espectadores, sino como trabajadores\u00bb.<\/span><\/p>\n<p class=\"destacat-noticia\"><span style=\"color:#000000;\">Albert Minguillon, director de gesti\u00f3n de p\u00fablicos del Teatre Lliure: \u00abEs importante tener sinergias con entidades para hacer llegar la cultura a m\u00e1s gente, no solo como espectadores, sino como trabajadores\u201d<\/span><\/p>\n<p><span style=\"color:#000000;\">Antes de abrir puertas, las \u00faltimas palabras que le robamos a Enya son de agradecimiento hacia Carla Busquets, su educadora en el dDones. \u00abLe debo estar aqu\u00ed ahora mismo. Es una persona de 10, que me da mucha confianza, a m\u00ed y a mis compa\u00f1eras. Le puedo hablar de mis cosas y s\u00e9 que me escuchar\u00e1\u00bb. Del Casal espera que siga en el barrio mucho tiempo: \u00abEs una oportunidad muy grande para muchas chicas. Las hay que piensan que cuando se casan ya no pueden hacer cosas, pero aqu\u00ed vienen muchas casadas. Siempre es bueno tener formaci\u00f3n. Cuanto m\u00e1s aprendizaje, mucho mejor para todo el mundo\u00bb.<\/span><\/p>\n<p>\u00a0<\/p>\n<blockquote>\n<p>Ay\u00fadanos a seguir ofreciendo oportunidades formativas y laborales a j\u00f3venes en situaci\u00f3n de riesgo de exclusi\u00f3n social aportando un <a href=\"https:\/\/www.casaldelsinfants.org\/es\/dona-ahora-verano\/\">donativo<\/a> o haciendo <a href=\"https:\/\/www.casaldelsinfants.org\/es\/que-puedes-hacer-tu\/voluntariado\/\">voluntariado<\/a>.<\/p>\n<\/blockquote>\n","protected":false},"excerpt":{"rendered":"<div class=\"video-embed-field-responsive-video form-group\"><iframe loading=\"lazy\" width=\"854\" height=\"480\" frameborder=\"0\" allowfullscreen=\"allowfullscreen\" src=\"https:\/\/www.youtube.com\/embed\/OQtUONP6QLY?autoplay=0&amp;start=0&amp;rel=0\"><\/iframe>\n<\/div>\n<p class=\"text-align-center\">\u00a0<\/p>\n<p class=\"text-align-center\">Enya Batista tiene 20 a\u00f1os y aprende comercio en el dDones, un servicio de formaci\u00f3n e inserci\u00f3n laboral para mujeres del barrio de la Mina. Explica que hasta ahora encontrar un trabajo le hacostado mucho, que se le hac\u00edan largas las horas en casa. Ganas no le faltaban, y su familia siempre le hab\u00eda inculcado la importancia de valerse por s\u00ed misma. En el dDones ten\u00eda la expectativa que se le abrireran puertas, pero no se esperaba que una de ellas ser\u00eda la de la sala Fabi\u00e0 Puigserver, la grande del Teatre Lliure de Montju\u00efc. Antes de que empiece su turno de acomodadora, nos explica qu\u00e9 significa para ella esta experiencia laboral.<\/p>\n","protected":false},"author":1,"featured_media":0,"comment_status":"open","ping_status":"open","sticky":false,"template":"","format":"standard","meta":{"_acf_changed":false,"_et_pb_use_builder":"","_et_pb_old_content":"","_et_gb_content_width":"","inline_featured_image":false,"footnotes":""},"categories":[105],"tags":[],"seus":[17,156,208],"eixos":[110],"class_list":{"0":"post-4272","1":"post","2":"type-post","3":"status-publish","4":"format-standard","5":"hentry","6":"category-reportaje","7":"seus-besos-la-mina","9":"seus-el-casal-dels-infants-del-besos-i-la-mina-es","10":"eixos-comunidad-casal-dels-infants"},"acf":[],"yoast_head":"<!-- This site is optimized with the Yoast SEO plugin v27.4 - https:\/\/yoast.com\/product\/yoast-seo-wordpress\/ -->\n<title>Casal dels Infants acomodadores Teatre Lliure<\/title>\n<meta name=\"description\" content=\"El Teatre Lliure est\u00e0 contractant com a acomodadores a joves del barri de la Mina participants del servei dDones del Casal dels Infants del Bes\u00f2s i la Mina, com l&#039;Enya Batista.\" \/>\n<meta name=\"robots\" content=\"index, follow, max-snippet:-1, max-image-preview:large, max-video-preview:-1\" \/>\n<link rel=\"canonical\" href=\"https:\/\/www.casaldelsinfants.org\/es\/actualidad\/enya-y-el-teatre-lliure-cuando-la-cultura-es-tambien-un-primer-trabajo\/\" \/>\n<meta property=\"og:locale\" content=\"es_ES\" \/>\n<meta property=\"og:type\" content=\"article\" \/>\n<meta property=\"og:title\" content=\"Casal dels Infants acomodadores Teatre Lliure\" \/>\n<meta property=\"og:description\" content=\"El Teatre Lliure est\u00e0 contractant com a acomodadores a joves del barri de la Mina participants del servei dDones del Casal dels Infants del Bes\u00f2s i la Mina, com l&#039;Enya Batista.\" \/>\n<meta property=\"og:url\" content=\"https:\/\/www.casaldelsinfants.org\/es\/actualidad\/enya-y-el-teatre-lliure-cuando-la-cultura-es-tambien-un-primer-trabajo\/\" \/>\n<meta property=\"og:site_name\" content=\"Casal dels Infants\" \/>\n<meta property=\"article:publisher\" content=\"https:\/\/www.facebook.com\/casalinfants\" \/>\n<meta property=\"article:published_time\" content=\"2021-08-05T12:05:02+00:00\" \/>\n<meta property=\"article:modified_time\" content=\"2022-08-17T09:16:56+00:00\" \/>\n<meta name=\"author\" content=\"cdiAdmin\" \/>\n<meta name=\"twitter:card\" content=\"summary_large_image\" \/>\n<meta name=\"twitter:creator\" content=\"@casalinfants\" \/>\n<meta name=\"twitter:site\" content=\"@casalinfants\" \/>\n<meta name=\"twitter:label1\" content=\"Escrito por\" \/>\n\t<meta name=\"twitter:data1\" content=\"cdiAdmin\" \/>\n\t<meta name=\"twitter:label2\" content=\"Tiempo de lectura\" \/>\n\t<meta name=\"twitter:data2\" content=\"3 minutos\" \/>\n<script type=\"application\/ld+json\" class=\"yoast-schema-graph\">{\"@context\":\"https:\\\/\\\/schema.org\",\"@graph\":[{\"@type\":\"Article\",\"@id\":\"https:\\\/\\\/www.casaldelsinfants.org\\\/es\\\/actualidad\\\/enya-y-el-teatre-lliure-cuando-la-cultura-es-tambien-un-primer-trabajo\\\/#article\",\"isPartOf\":{\"@id\":\"https:\\\/\\\/www.casaldelsinfants.org\\\/es\\\/actualidad\\\/enya-y-el-teatre-lliure-cuando-la-cultura-es-tambien-un-primer-trabajo\\\/\"},\"author\":{\"name\":\"cdiAdmin\",\"@id\":\"https:\\\/\\\/www.casaldelsinfants.org\\\/es\\\/#\\\/schema\\\/person\\\/97707fc8c64900cf36891127dbf9fba8\"},\"headline\":\"Enya y el Teatre Lliure: cuando la cultura es tambi\u00e9n un primer trabajo\",\"datePublished\":\"2021-08-05T12:05:02+00:00\",\"dateModified\":\"2022-08-17T09:16:56+00:00\",\"mainEntityOfPage\":{\"@id\":\"https:\\\/\\\/www.casaldelsinfants.org\\\/es\\\/actualidad\\\/enya-y-el-teatre-lliure-cuando-la-cultura-es-tambien-un-primer-trabajo\\\/\"},\"wordCount\":585,\"commentCount\":0,\"publisher\":{\"@id\":\"https:\\\/\\\/www.casaldelsinfants.org\\\/es\\\/#organization\"},\"articleSection\":[\"Reportaje\"],\"inLanguage\":\"es\",\"potentialAction\":[{\"@type\":\"CommentAction\",\"name\":\"Comment\",\"target\":[\"https:\\\/\\\/www.casaldelsinfants.org\\\/es\\\/actualidad\\\/enya-y-el-teatre-lliure-cuando-la-cultura-es-tambien-un-primer-trabajo\\\/#respond\"]}]},{\"@type\":\"WebPage\",\"@id\":\"https:\\\/\\\/www.casaldelsinfants.org\\\/es\\\/actualidad\\\/enya-y-el-teatre-lliure-cuando-la-cultura-es-tambien-un-primer-trabajo\\\/\",\"url\":\"https:\\\/\\\/www.casaldelsinfants.org\\\/es\\\/actualidad\\\/enya-y-el-teatre-lliure-cuando-la-cultura-es-tambien-un-primer-trabajo\\\/\",\"name\":\"Casal dels Infants acomodadores Teatre Lliure\",\"isPartOf\":{\"@id\":\"https:\\\/\\\/www.casaldelsinfants.org\\\/es\\\/#website\"},\"datePublished\":\"2021-08-05T12:05:02+00:00\",\"dateModified\":\"2022-08-17T09:16:56+00:00\",\"description\":\"El Teatre Lliure est\u00e0 contractant com a acomodadores a joves del barri de la Mina participants del servei dDones del Casal dels Infants del Bes\u00f2s i la Mina, com l'Enya Batista.\",\"breadcrumb\":{\"@id\":\"https:\\\/\\\/www.casaldelsinfants.org\\\/es\\\/actualidad\\\/enya-y-el-teatre-lliure-cuando-la-cultura-es-tambien-un-primer-trabajo\\\/#breadcrumb\"},\"inLanguage\":\"es\",\"potentialAction\":[{\"@type\":\"ReadAction\",\"target\":[\"https:\\\/\\\/www.casaldelsinfants.org\\\/es\\\/actualidad\\\/enya-y-el-teatre-lliure-cuando-la-cultura-es-tambien-un-primer-trabajo\\\/\"]}]},{\"@type\":\"BreadcrumbList\",\"@id\":\"https:\\\/\\\/www.casaldelsinfants.org\\\/es\\\/actualidad\\\/enya-y-el-teatre-lliure-cuando-la-cultura-es-tambien-un-primer-trabajo\\\/#breadcrumb\",\"itemListElement\":[{\"@type\":\"ListItem\",\"position\":1,\"name\":\"Inici\",\"item\":\"https:\\\/\\\/www.casaldelsinfants.org\\\/es\\\/\"},{\"@type\":\"ListItem\",\"position\":2,\"name\":\"Enya y el Teatre Lliure: cuando la cultura es tambi\u00e9n un primer trabajo\"}]},{\"@type\":\"WebSite\",\"@id\":\"https:\\\/\\\/www.casaldelsinfants.org\\\/es\\\/#website\",\"url\":\"https:\\\/\\\/www.casaldelsinfants.org\\\/es\\\/\",\"name\":\"Casal dels Infants\",\"description\":\"\",\"publisher\":{\"@id\":\"https:\\\/\\\/www.casaldelsinfants.org\\\/es\\\/#organization\"},\"potentialAction\":[{\"@type\":\"SearchAction\",\"target\":{\"@type\":\"EntryPoint\",\"urlTemplate\":\"https:\\\/\\\/www.casaldelsinfants.org\\\/es\\\/?s={search_term_string}\"},\"query-input\":{\"@type\":\"PropertyValueSpecification\",\"valueRequired\":true,\"valueName\":\"search_term_string\"}}],\"inLanguage\":\"es\"},{\"@type\":\"Organization\",\"@id\":\"https:\\\/\\\/www.casaldelsinfants.org\\\/es\\\/#organization\",\"name\":\"Casal dels Infants\",\"url\":\"https:\\\/\\\/www.casaldelsinfants.org\\\/es\\\/\",\"logo\":{\"@type\":\"ImageObject\",\"inLanguage\":\"es\",\"@id\":\"https:\\\/\\\/www.casaldelsinfants.org\\\/es\\\/#\\\/schema\\\/logo\\\/image\\\/\",\"url\":\"https:\\\/\\\/www.casaldelsinfants.org\\\/wp-content\\\/uploads\\\/logo-mail.png\",\"contentUrl\":\"https:\\\/\\\/www.casaldelsinfants.org\\\/wp-content\\\/uploads\\\/logo-mail.png\",\"width\":380,\"height\":158,\"caption\":\"Casal dels Infants\"},\"image\":{\"@id\":\"https:\\\/\\\/www.casaldelsinfants.org\\\/es\\\/#\\\/schema\\\/logo\\\/image\\\/\"},\"sameAs\":[\"https:\\\/\\\/www.facebook.com\\\/casalinfants\",\"https:\\\/\\\/x.com\\\/casalinfants\",\"https:\\\/\\\/www.youtube.com\\\/user\\\/CasaldelsInfants1\",\"https:\\\/\\\/www.instagram.com\\\/casalinfants\\\/\",\"https:\\\/\\\/www.linkedin.com\\\/company\\\/casaldelsinfants?trk=organization-update_share-update_actor-text\"]},{\"@type\":\"Person\",\"@id\":\"https:\\\/\\\/www.casaldelsinfants.org\\\/es\\\/#\\\/schema\\\/person\\\/97707fc8c64900cf36891127dbf9fba8\",\"name\":\"cdiAdmin\",\"sameAs\":[\"https:\\\/\\\/casaldelsinfants.org\"]}]}<\/script>\n<!-- \/ Yoast SEO plugin. -->","yoast_head_json":{"title":"Casal dels Infants acomodadores Teatre Lliure","description":"El Teatre Lliure est\u00e0 contractant com a acomodadores a joves del barri de la Mina participants del servei dDones del Casal dels Infants del Bes\u00f2s i la Mina, com l'Enya Batista.","robots":{"index":"index","follow":"follow","max-snippet":"max-snippet:-1","max-image-preview":"max-image-preview:large","max-video-preview":"max-video-preview:-1"},"canonical":"https:\/\/www.casaldelsinfants.org\/es\/actualidad\/enya-y-el-teatre-lliure-cuando-la-cultura-es-tambien-un-primer-trabajo\/","og_locale":"es_ES","og_type":"article","og_title":"Casal dels Infants acomodadores Teatre Lliure","og_description":"El Teatre Lliure est\u00e0 contractant com a acomodadores a joves del barri de la Mina participants del servei dDones del Casal dels Infants del Bes\u00f2s i la Mina, com l'Enya Batista.","og_url":"https:\/\/www.casaldelsinfants.org\/es\/actualidad\/enya-y-el-teatre-lliure-cuando-la-cultura-es-tambien-un-primer-trabajo\/","og_site_name":"Casal dels Infants","article_publisher":"https:\/\/www.facebook.com\/casalinfants","article_published_time":"2021-08-05T12:05:02+00:00","article_modified_time":"2022-08-17T09:16:56+00:00","author":"cdiAdmin","twitter_card":"summary_large_image","twitter_creator":"@casalinfants","twitter_site":"@casalinfants","twitter_misc":{"Escrito por":"cdiAdmin","Tiempo de lectura":"3 minutos"},"schema":{"@context":"https:\/\/schema.org","@graph":[{"@type":"Article","@id":"https:\/\/www.casaldelsinfants.org\/es\/actualidad\/enya-y-el-teatre-lliure-cuando-la-cultura-es-tambien-un-primer-trabajo\/#article","isPartOf":{"@id":"https:\/\/www.casaldelsinfants.org\/es\/actualidad\/enya-y-el-teatre-lliure-cuando-la-cultura-es-tambien-un-primer-trabajo\/"},"author":{"name":"cdiAdmin","@id":"https:\/\/www.casaldelsinfants.org\/es\/#\/schema\/person\/97707fc8c64900cf36891127dbf9fba8"},"headline":"Enya y el Teatre Lliure: cuando la cultura es tambi\u00e9n un primer trabajo","datePublished":"2021-08-05T12:05:02+00:00","dateModified":"2022-08-17T09:16:56+00:00","mainEntityOfPage":{"@id":"https:\/\/www.casaldelsinfants.org\/es\/actualidad\/enya-y-el-teatre-lliure-cuando-la-cultura-es-tambien-un-primer-trabajo\/"},"wordCount":585,"commentCount":0,"publisher":{"@id":"https:\/\/www.casaldelsinfants.org\/es\/#organization"},"articleSection":["Reportaje"],"inLanguage":"es","potentialAction":[{"@type":"CommentAction","name":"Comment","target":["https:\/\/www.casaldelsinfants.org\/es\/actualidad\/enya-y-el-teatre-lliure-cuando-la-cultura-es-tambien-un-primer-trabajo\/#respond"]}]},{"@type":"WebPage","@id":"https:\/\/www.casaldelsinfants.org\/es\/actualidad\/enya-y-el-teatre-lliure-cuando-la-cultura-es-tambien-un-primer-trabajo\/","url":"https:\/\/www.casaldelsinfants.org\/es\/actualidad\/enya-y-el-teatre-lliure-cuando-la-cultura-es-tambien-un-primer-trabajo\/","name":"Casal dels Infants acomodadores Teatre Lliure","isPartOf":{"@id":"https:\/\/www.casaldelsinfants.org\/es\/#website"},"datePublished":"2021-08-05T12:05:02+00:00","dateModified":"2022-08-17T09:16:56+00:00","description":"El Teatre Lliure est\u00e0 contractant com a acomodadores a joves del barri de la Mina participants del servei dDones del Casal dels Infants del Bes\u00f2s i la Mina, com l'Enya Batista.","breadcrumb":{"@id":"https:\/\/www.casaldelsinfants.org\/es\/actualidad\/enya-y-el-teatre-lliure-cuando-la-cultura-es-tambien-un-primer-trabajo\/#breadcrumb"},"inLanguage":"es","potentialAction":[{"@type":"ReadAction","target":["https:\/\/www.casaldelsinfants.org\/es\/actualidad\/enya-y-el-teatre-lliure-cuando-la-cultura-es-tambien-un-primer-trabajo\/"]}]},{"@type":"BreadcrumbList","@id":"https:\/\/www.casaldelsinfants.org\/es\/actualidad\/enya-y-el-teatre-lliure-cuando-la-cultura-es-tambien-un-primer-trabajo\/#breadcrumb","itemListElement":[{"@type":"ListItem","position":1,"name":"Inici","item":"https:\/\/www.casaldelsinfants.org\/es\/"},{"@type":"ListItem","position":2,"name":"Enya y el Teatre Lliure: cuando la cultura es tambi\u00e9n un primer trabajo"}]},{"@type":"WebSite","@id":"https:\/\/www.casaldelsinfants.org\/es\/#website","url":"https:\/\/www.casaldelsinfants.org\/es\/","name":"Casal dels Infants","description":"","publisher":{"@id":"https:\/\/www.casaldelsinfants.org\/es\/#organization"},"potentialAction":[{"@type":"SearchAction","target":{"@type":"EntryPoint","urlTemplate":"https:\/\/www.casaldelsinfants.org\/es\/?s={search_term_string}"},"query-input":{"@type":"PropertyValueSpecification","valueRequired":true,"valueName":"search_term_string"}}],"inLanguage":"es"},{"@type":"Organization","@id":"https:\/\/www.casaldelsinfants.org\/es\/#organization","name":"Casal dels Infants","url":"https:\/\/www.casaldelsinfants.org\/es\/","logo":{"@type":"ImageObject","inLanguage":"es","@id":"https:\/\/www.casaldelsinfants.org\/es\/#\/schema\/logo\/image\/","url":"https:\/\/www.casaldelsinfants.org\/wp-content\/uploads\/logo-mail.png","contentUrl":"https:\/\/www.casaldelsinfants.org\/wp-content\/uploads\/logo-mail.png","width":380,"height":158,"caption":"Casal dels Infants"},"image":{"@id":"https:\/\/www.casaldelsinfants.org\/es\/#\/schema\/logo\/image\/"},"sameAs":["https:\/\/www.facebook.com\/casalinfants","https:\/\/x.com\/casalinfants","https:\/\/www.youtube.com\/user\/CasaldelsInfants1","https:\/\/www.instagram.com\/casalinfants\/","https:\/\/www.linkedin.com\/company\/casaldelsinfants?trk=organization-update_share-update_actor-text"]},{"@type":"Person","@id":"https:\/\/www.casaldelsinfants.org\/es\/#\/schema\/person\/97707fc8c64900cf36891127dbf9fba8","name":"cdiAdmin","sameAs":["https:\/\/casaldelsinfants.org"]}]}},"publishpress_future_action":{"enabled":false,"date":"2026-05-08 17:18:07","action":"change-status","newStatus":"draft","terms":[],"taxonomy":"category","extraData":[]},"publishpress_future_workflow_manual_trigger":{"enabledWorkflows":[]},"_links":{"self":[{"href":"https:\/\/www.casaldelsinfants.org\/es\/wp-json\/wp\/v2\/posts\/4272","targetHints":{"allow":["GET"]}}],"collection":[{"href":"https:\/\/www.casaldelsinfants.org\/es\/wp-json\/wp\/v2\/posts"}],"about":[{"href":"https:\/\/www.casaldelsinfants.org\/es\/wp-json\/wp\/v2\/types\/post"}],"author":[{"embeddable":true,"href":"https:\/\/www.casaldelsinfants.org\/es\/wp-json\/wp\/v2\/users\/1"}],"replies":[{"embeddable":true,"href":"https:\/\/www.casaldelsinfants.org\/es\/wp-json\/wp\/v2\/comments?post=4272"}],"version-history":[{"count":1,"href":"https:\/\/www.casaldelsinfants.org\/es\/wp-json\/wp\/v2\/posts\/4272\/revisions"}],"predecessor-version":[{"id":6252,"href":"https:\/\/www.casaldelsinfants.org\/es\/wp-json\/wp\/v2\/posts\/4272\/revisions\/6252"}],"wp:attachment":[{"href":"https:\/\/www.casaldelsinfants.org\/es\/wp-json\/wp\/v2\/media?parent=4272"}],"wp:term":[{"taxonomy":"category","embeddable":true,"href":"https:\/\/www.casaldelsinfants.org\/es\/wp-json\/wp\/v2\/categories?post=4272"},{"taxonomy":"post_tag","embeddable":true,"href":"https:\/\/www.casaldelsinfants.org\/es\/wp-json\/wp\/v2\/tags?post=4272"},{"taxonomy":"seus","embeddable":true,"href":"https:\/\/www.casaldelsinfants.org\/es\/wp-json\/wp\/v2\/seus?post=4272"},{"taxonomy":"eixos","embeddable":true,"href":"https:\/\/www.casaldelsinfants.org\/es\/wp-json\/wp\/v2\/eixos?post=4272"}],"curies":[{"name":"wp","href":"https:\/\/api.w.org\/{rel}","templated":true}]}}