{"id":42762,"date":"2025-10-17T10:09:41","date_gmt":"2025-10-17T08:09:41","guid":{"rendered":"https:\/\/www.casaldelsinfants.org\/?p=42762"},"modified":"2025-10-17T10:09:41","modified_gmt":"2025-10-17T08:09:41","slug":"voluntariado-iniciodecurso2025","status":"publish","type":"post","link":"https:\/\/www.casaldelsinfants.org\/es\/actualidad\/voluntariado-iniciodecurso2025\/","title":{"rendered":"\u00a1Buscamos personas voluntarias este curso en el Casal!"},"content":{"rendered":"<p><iframe loading=\"lazy\" title=\"Hacer voluntariado en el Casal con amigas, y hacer de nuevas\" width=\"1080\" height=\"608\" src=\"https:\/\/www.youtube.com\/embed\/IyFgwOf_tEs?feature=oembed&#038;enablejsapi=1&#038;origin=https:\/\/www.casaldelsinfants.org\"  allow=\"accelerometer; autoplay; clipboard-write; encrypted-media; gyroscope; picture-in-picture; web-share\" referrerpolicy=\"strict-origin-when-cross-origin\" allowfullscreen><\/iframe><\/p>\n<p>&nbsp;<\/p>\n<p><span style=\"font-weight: 400;\">Este curso, <strong>buscamos personas voluntarias para formar parte del equipo del Casal dels Infants<\/strong> y dar apoyo en la actividad diaria de nuestros m\u00e1s de 50 servicios socioeducativos <a href=\"https:\/\/www.casaldelsinfants.org\/es\/donde-trabajamos\/\" target=\"_blank\" rel=\"noopener\">en los barrios y territorios donde actuamos<\/a> y donde acompa\u00f1amos ni\u00f1os, ni\u00f1as, j\u00f3venes y familias en situaci\u00f3n de riesgo de pobreza o exclusi\u00f3n social.\u00a0<\/span><\/p>\n<p style=\"text-align: center;\"><a href=\"https:\/\/www.casaldelsinfants.org\/es\/que-puedes-hacer-tu\/voluntariado\/\" target=\"_blank\" rel=\"noopener\"><img decoding=\"async\" class=\"alignnone wp-image-42803\" src=\"https:\/\/www.casaldelsinfants.org\/wp-content\/uploads\/4c76cae7-9ee5-d7ac-bb33-a7e51bf9ef43-png.webp\" alt=\"Bot\u00f3n &quot;HAZ VOLUNTARIADO&quot;\" width=\"300\" height=\"42\" \/><\/a><\/p>\n<p><span style=\"font-weight: 400;\">Como voluntario o voluntaria, dar\u00e1s apoyo al equipo educativo, facilitando el desarrollo de la actividad. Todo el mundo tiene mucho que contribuir en todo tipo de actividades: <strong>espacios de estudio y refuerzo educativo, actividades de ocio, espacios con familias y crianza, y de formaci\u00f3n e inserci\u00f3n laboral<\/strong>.\u00a0<\/span><\/p>\n<p><strong>Las personas voluntarias son imprescindibles para llevar a cabo nuestra acci\u00f3n social<\/strong>, y conseguir que m\u00e1s de 2.000 ni\u00f1os y ni\u00f1as en riesgo de exclusi\u00f3n social salgan adelante. Haciendo voluntariado, contribuir\u00e1s a reducir las desigualdades educativas, construir una sociedad m\u00e1s justa y garantizar los derechos de quien se encuentra m\u00e1s obst\u00e1culos, a la vez que empiezas un proceso de crecimiento personal y colectivo y conoces gente nueva.<\/p>\n<p>&nbsp;<\/p>\n<h2><b>\u00bfC\u00f3mo hacer voluntariado en el Casal?<\/b><\/h2>\n<p><span style=\"font-weight: 400;\">Para hacer voluntariado en el Casal durante el curso no se requiere de ninguna formaci\u00f3n o experiencia espec\u00edfica, solamente <strong>ser mayor de 18 a\u00f1os<\/strong> y tener ganas de participar en un proyecto que trabaja a favor de los derechos de los ni\u00f1os y ni\u00f1as y de las personas socialmente vulnerables. Es imprescindible contar con el <a href=\"https:\/\/web.gencat.cat\/ca\/situacions-de-vida\/justicia-seguretat\/certificat-delictes-naturalesa-sexual\/index.html\" target=\"_blank\" rel=\"noopener\">certificado de delitos de naturaleza sexual<\/a>, que acredita la falta de delitos de este tipo.\u00a0<\/span><\/p>\n<p><span style=\"font-weight: 400;\">El proceso para apuntarse es el siguiente:\u00a0<\/span><\/p>\n<ol>\n<li style=\"font-weight: 400;\" aria-level=\"1\"><span style=\"font-weight: 400;\"><strong>Charla informativa<\/strong>: a trav\u00e9s de <a href=\"https:\/\/web.gencat.cat\/ca\/situacions-de-vida\/justicia-seguretat\/certificat-delictes-naturalesa-sexual\/index.html\" target=\"_blank\" rel=\"noopener\">este formulario<\/a>, te tienes que apuntar a una sesi\u00f3n informativa donde el equipo de Voluntariado te explicar\u00e1 nuestra misi\u00f3n, valores y proyecto.\u00a0<\/span><\/li>\n<li style=\"font-weight: 400;\" aria-level=\"1\"><span style=\"font-weight: 400;\"><strong>Entrevista personal<\/strong>: para poderte conocer mejor, y saber de tus intereses, habilidades y objetivos.\u00a0<\/span><\/li>\n<li style=\"font-weight: 400;\" aria-level=\"1\"><span style=\"font-weight: 400;\"><strong>Inicio del voluntariado<\/strong>: \u00a1ya eres una m\u00e1s del equipo! Empieza a participar y formar parte de un equipo comprometido a crear una sociedad m\u00e1s justa. <\/span><\/li>\n<\/ol>\n<p>&nbsp;<\/p>\n<h2><b>De amigas a voluntarias en el Casal<\/b><\/h2>\n<p><strong>Sara<\/strong>, 20 a\u00f1os, y <strong>Laia<\/strong>, 21 a\u00f1os, amigas desde hace a\u00f1os, quer\u00edan aprovechar sus vacaciones para participar en alg\u00fan casal de verano y garantizar actividades durante los meses de vacaciones a ni\u00f1os y ni\u00f1as. As\u00ed, decidieron venir al Casal, <strong>a ra\u00edz de la recomendaci\u00f3n de su padre y su madre<\/strong>, respectivamente, que tambi\u00e9n hab\u00edan sido voluntarios en el Casal cuando eran m\u00e1s j\u00f3venes.<\/p>\n<p>Con solo un verano, ya tejieron v\u00ednculos con el equipo y los ni\u00f1os y ni\u00f1as, que no quer\u00edan dejar atr\u00e1s. De esta manera, decidieron seguir haciendo voluntariado durante el curso y hoy <strong>ya hace tres a\u00f1os que est\u00e1n vinculadas al Casal<\/strong>.<\/p>\n<p>Ambas son estudiantes (Sara estudia Biolog\u00eda y Laia Psicolog\u00eda) y <strong>dedican un rato de su tiempo libre a venir una tarde a la semana<\/strong> al Centro Abierto del Casal dels Infants del Raval. \u00abYo me lo paso muy bien. Me hace sentir muy bien porque siento que estoy haciendo una cosa que me gusta, y <strong>me gusta dedicar mi tiempo libre a esto, y adem\u00e1s siento que estoy pudiendo ayudar<\/strong>\u00ab, explica Sara.<\/p>\n<p>&nbsp;<\/p>\n<p><img decoding=\"async\" class=\"alignnone size-full wp-image-42755\" src=\"https:\/\/www.casaldelsinfants.org\/wp-content\/uploads\/1490624-scaled.webp\" alt=\"Rotllana COI Raval\" width=\"2560\" height=\"1525\" srcset=\"https:\/\/www.casaldelsinfants.org\/wp-content\/uploads\/1490624-scaled.webp 2560w, https:\/\/www.casaldelsinfants.org\/wp-content\/uploads\/1490624-1280x763.webp 1280w, https:\/\/www.casaldelsinfants.org\/wp-content\/uploads\/1490624-980x584.webp 980w, https:\/\/www.casaldelsinfants.org\/wp-content\/uploads\/1490624-480x286.webp 480w\" sizes=\"(min-width: 0px) and (max-width: 480px) 480px, (min-width: 481px) and (max-width: 980px) 980px, (min-width: 981px) and (max-width: 1280px) 1280px, (min-width: 1281px) 2560px, 100vw\" \/><\/p>\n<p><span style=\"font-weight: 400;\">Como voluntarias, <strong>su rol consiste en dar apoyo al equipo educativo y a la actividad que se desarrolla aquella tarde<\/strong>, como hacer los deberes, un rato de lectura, actividades en la pista o ir a la piscina. Antes de que lleguen los ni\u00f1os y ni\u00f1as, los y las voluntarias llegan un poco antes para preparar la merienda. \u00abEs un momento en que estamos solo los voluntarios, preparando la comida en la cocina o haciendo lo que haga falta, y me gusta mucho venir antes a prop\u00f3sito para verlos a todos\u00bb, dice Sara.\u00a0<\/span><\/p>\n<p>\u00abEs guay porque hay gente de muchas edades diferentes, de muchos trabajos diferentes, y <strong>es una buena oportunidad para conocer gente de muchos sitios<\/strong> y darte cuenta de que estamos aqu\u00ed por un mismo motivo\u00bb, a\u00f1ade Laia.<\/p>\n<p>Aparte de los v\u00ednculos con el equipo, voluntarios y ni\u00f1os y ni\u00f1as, su paso por el Casal tambi\u00e9n les ha servido para descubrir cosas sobre ellas mismas y dibujar con un poco m\u00e1s de claridad su futuro. Sara tiene claro que cuando acabe el grado de Biolog\u00eda estudiar\u00e1 el de Educaci\u00f3n Social. \u00abVeo las educadoras y pienso que yo tambi\u00e9n quiero trabajar de esto. Siento que estoy echando una mano a la gente que lo necesita. Ten\u00eda muy claro que quer\u00eda hacer Biolog\u00eda, pero <strong>gracias al Casal me ha cambiado la mentalidad y he descubierto mi vocaci\u00f3n<\/strong>\u00ab, asegura Sara. Laia tambi\u00e9n se suma: \u00abPoco a poco he ido viendo que me gusta mucho trabajar con ni\u00f1os y ni\u00f1as, y me lo estoy planteando a nivel profesional. <strong>Creo que las dos salimos con las ideas m\u00e1s claras sobre nuestro futuro<\/strong>\u00ab.<\/p>\n","protected":false},"excerpt":{"rendered":"<p>&nbsp; Este curso, buscamos personas voluntarias para formar parte del equipo del Casal dels Infants y dar apoyo en la actividad diaria de nuestros m\u00e1s de 50 servicios socioeducativos en los barrios y territorios donde actuamos y donde acompa\u00f1amos ni\u00f1os, ni\u00f1as, j\u00f3venes y familias en situaci\u00f3n de riesgo de pobreza o exclusi\u00f3n social.\u00a0 Como voluntario [&hellip;]<\/p>\n","protected":false},"author":9,"featured_media":0,"comment_status":"open","ping_status":"open","sticky":false,"template":"","format":"standard","meta":{"_acf_changed":false,"_et_pb_use_builder":"","_et_pb_old_content":"","_et_gb_content_width":"","inline_featured_image":false,"footnotes":""},"categories":[125],"tags":[],"seus":[],"eixos":[],"class_list":["post-42762","post","type-post","status-publish","format-standard","hentry","category-noticias"],"acf":[],"yoast_head":"<!-- This site is optimized with the Yoast SEO plugin v27.4 - https:\/\/yoast.com\/product\/yoast-seo-wordpress\/ -->\n<title>\u00a1Buscamos personas voluntarias este curso en el Casal! - Casal dels Infants<\/title>\n<meta name=\"description\" content=\"Buscamos personas voluntarias para formar parte del equipo del Casal dels Infants y dar apoyo en nuestra actividad diaria.\" \/>\n<meta name=\"robots\" content=\"index, follow, max-snippet:-1, max-image-preview:large, max-video-preview:-1\" \/>\n<link rel=\"canonical\" href=\"https:\/\/www.casaldelsinfants.org\/es\/actualidad\/voluntariado-iniciodecurso2025\/\" \/>\n<meta property=\"og:locale\" content=\"es_ES\" \/>\n<meta property=\"og:type\" content=\"article\" \/>\n<meta property=\"og:title\" content=\"\u00a1Buscamos personas voluntarias este curso en el Casal! - Casal dels Infants\" \/>\n<meta property=\"og:description\" content=\"Buscamos personas voluntarias para formar parte del equipo del Casal dels Infants y dar apoyo en nuestra actividad diaria.\" \/>\n<meta property=\"og:url\" content=\"https:\/\/www.casaldelsinfants.org\/es\/actualidad\/voluntariado-iniciodecurso2025\/\" \/>\n<meta property=\"og:site_name\" content=\"Casal dels Infants\" \/>\n<meta property=\"article:publisher\" content=\"https:\/\/www.facebook.com\/casalinfants\" \/>\n<meta property=\"article:published_time\" content=\"2025-10-17T08:09:41+00:00\" \/>\n<meta property=\"og:image\" content=\"https:\/\/www.casaldelsinfants.org\/wp-content\/uploads\/4c76cae7-9ee5-d7ac-bb33-a7e51bf9ef43-png.webp\" \/>\n<meta name=\"author\" content=\"julia\" \/>\n<meta name=\"twitter:card\" content=\"summary_large_image\" \/>\n<meta name=\"twitter:creator\" content=\"@casalinfants\" \/>\n<meta name=\"twitter:site\" content=\"@casalinfants\" \/>\n<meta name=\"twitter:label1\" content=\"Escrito por\" \/>\n\t<meta name=\"twitter:data1\" content=\"julia\" \/>\n\t<meta name=\"twitter:label2\" content=\"Tiempo de lectura\" \/>\n\t<meta name=\"twitter:data2\" content=\"5 minutos\" \/>\n<script type=\"application\/ld+json\" class=\"yoast-schema-graph\">{\"@context\":\"https:\\\/\\\/schema.org\",\"@graph\":[{\"@type\":\"Article\",\"@id\":\"https:\\\/\\\/www.casaldelsinfants.org\\\/es\\\/actualidad\\\/voluntariado-iniciodecurso2025\\\/#article\",\"isPartOf\":{\"@id\":\"https:\\\/\\\/www.casaldelsinfants.org\\\/es\\\/actualidad\\\/voluntariado-iniciodecurso2025\\\/\"},\"author\":{\"name\":\"julia\",\"@id\":\"https:\\\/\\\/www.casaldelsinfants.org\\\/es\\\/#\\\/schema\\\/person\\\/e870791b50f03fd60f872e1cd83910fc\"},\"headline\":\"\u00a1Buscamos personas voluntarias este curso en el Casal!\",\"datePublished\":\"2025-10-17T08:09:41+00:00\",\"mainEntityOfPage\":{\"@id\":\"https:\\\/\\\/www.casaldelsinfants.org\\\/es\\\/actualidad\\\/voluntariado-iniciodecurso2025\\\/\"},\"wordCount\":856,\"commentCount\":0,\"publisher\":{\"@id\":\"https:\\\/\\\/www.casaldelsinfants.org\\\/es\\\/#organization\"},\"image\":{\"@id\":\"https:\\\/\\\/www.casaldelsinfants.org\\\/es\\\/actualidad\\\/voluntariado-iniciodecurso2025\\\/#primaryimage\"},\"thumbnailUrl\":\"https:\\\/\\\/www.casaldelsinfants.org\\\/wp-content\\\/uploads\\\/4c76cae7-9ee5-d7ac-bb33-a7e51bf9ef43-png.webp\",\"articleSection\":[\"Noticia\"],\"inLanguage\":\"es\",\"potentialAction\":[{\"@type\":\"CommentAction\",\"name\":\"Comment\",\"target\":[\"https:\\\/\\\/www.casaldelsinfants.org\\\/es\\\/actualidad\\\/voluntariado-iniciodecurso2025\\\/#respond\"]}]},{\"@type\":\"WebPage\",\"@id\":\"https:\\\/\\\/www.casaldelsinfants.org\\\/es\\\/actualidad\\\/voluntariado-iniciodecurso2025\\\/\",\"url\":\"https:\\\/\\\/www.casaldelsinfants.org\\\/es\\\/actualidad\\\/voluntariado-iniciodecurso2025\\\/\",\"name\":\"\u00a1Buscamos personas voluntarias este curso en el Casal! - Casal dels Infants\",\"isPartOf\":{\"@id\":\"https:\\\/\\\/www.casaldelsinfants.org\\\/es\\\/#website\"},\"primaryImageOfPage\":{\"@id\":\"https:\\\/\\\/www.casaldelsinfants.org\\\/es\\\/actualidad\\\/voluntariado-iniciodecurso2025\\\/#primaryimage\"},\"image\":{\"@id\":\"https:\\\/\\\/www.casaldelsinfants.org\\\/es\\\/actualidad\\\/voluntariado-iniciodecurso2025\\\/#primaryimage\"},\"thumbnailUrl\":\"https:\\\/\\\/www.casaldelsinfants.org\\\/wp-content\\\/uploads\\\/4c76cae7-9ee5-d7ac-bb33-a7e51bf9ef43-png.webp\",\"datePublished\":\"2025-10-17T08:09:41+00:00\",\"description\":\"Buscamos personas voluntarias para formar parte del equipo del Casal dels Infants y dar apoyo en nuestra actividad diaria.\",\"breadcrumb\":{\"@id\":\"https:\\\/\\\/www.casaldelsinfants.org\\\/es\\\/actualidad\\\/voluntariado-iniciodecurso2025\\\/#breadcrumb\"},\"inLanguage\":\"es\",\"potentialAction\":[{\"@type\":\"ReadAction\",\"target\":[\"https:\\\/\\\/www.casaldelsinfants.org\\\/es\\\/actualidad\\\/voluntariado-iniciodecurso2025\\\/\"]}]},{\"@type\":\"ImageObject\",\"inLanguage\":\"es\",\"@id\":\"https:\\\/\\\/www.casaldelsinfants.org\\\/es\\\/actualidad\\\/voluntariado-iniciodecurso2025\\\/#primaryimage\",\"url\":\"https:\\\/\\\/www.casaldelsinfants.org\\\/wp-content\\\/uploads\\\/4c76cae7-9ee5-d7ac-bb33-a7e51bf9ef43-png.webp\",\"contentUrl\":\"https:\\\/\\\/www.casaldelsinfants.org\\\/wp-content\\\/uploads\\\/4c76cae7-9ee5-d7ac-bb33-a7e51bf9ef43-png.webp\"},{\"@type\":\"BreadcrumbList\",\"@id\":\"https:\\\/\\\/www.casaldelsinfants.org\\\/es\\\/actualidad\\\/voluntariado-iniciodecurso2025\\\/#breadcrumb\",\"itemListElement\":[{\"@type\":\"ListItem\",\"position\":1,\"name\":\"Inici\",\"item\":\"https:\\\/\\\/www.casaldelsinfants.org\\\/es\\\/\"},{\"@type\":\"ListItem\",\"position\":2,\"name\":\"\u00a1Buscamos personas voluntarias este curso en el Casal!\"}]},{\"@type\":\"WebSite\",\"@id\":\"https:\\\/\\\/www.casaldelsinfants.org\\\/es\\\/#website\",\"url\":\"https:\\\/\\\/www.casaldelsinfants.org\\\/es\\\/\",\"name\":\"Casal dels Infants\",\"description\":\"\",\"publisher\":{\"@id\":\"https:\\\/\\\/www.casaldelsinfants.org\\\/es\\\/#organization\"},\"potentialAction\":[{\"@type\":\"SearchAction\",\"target\":{\"@type\":\"EntryPoint\",\"urlTemplate\":\"https:\\\/\\\/www.casaldelsinfants.org\\\/es\\\/?s={search_term_string}\"},\"query-input\":{\"@type\":\"PropertyValueSpecification\",\"valueRequired\":true,\"valueName\":\"search_term_string\"}}],\"inLanguage\":\"es\"},{\"@type\":\"Organization\",\"@id\":\"https:\\\/\\\/www.casaldelsinfants.org\\\/es\\\/#organization\",\"name\":\"Casal dels Infants\",\"url\":\"https:\\\/\\\/www.casaldelsinfants.org\\\/es\\\/\",\"logo\":{\"@type\":\"ImageObject\",\"inLanguage\":\"es\",\"@id\":\"https:\\\/\\\/www.casaldelsinfants.org\\\/es\\\/#\\\/schema\\\/logo\\\/image\\\/\",\"url\":\"https:\\\/\\\/www.casaldelsinfants.org\\\/wp-content\\\/uploads\\\/logo-mail.png\",\"contentUrl\":\"https:\\\/\\\/www.casaldelsinfants.org\\\/wp-content\\\/uploads\\\/logo-mail.png\",\"width\":380,\"height\":158,\"caption\":\"Casal dels Infants\"},\"image\":{\"@id\":\"https:\\\/\\\/www.casaldelsinfants.org\\\/es\\\/#\\\/schema\\\/logo\\\/image\\\/\"},\"sameAs\":[\"https:\\\/\\\/www.facebook.com\\\/casalinfants\",\"https:\\\/\\\/x.com\\\/casalinfants\",\"https:\\\/\\\/www.youtube.com\\\/user\\\/CasaldelsInfants1\",\"https:\\\/\\\/www.instagram.com\\\/casalinfants\\\/\",\"https:\\\/\\\/www.linkedin.com\\\/company\\\/casaldelsinfants?trk=organization-update_share-update_actor-text\"]},{\"@type\":\"Person\",\"@id\":\"https:\\\/\\\/www.casaldelsinfants.org\\\/es\\\/#\\\/schema\\\/person\\\/e870791b50f03fd60f872e1cd83910fc\",\"name\":\"julia\"}]}<\/script>\n<!-- \/ Yoast SEO plugin. -->","yoast_head_json":{"title":"\u00a1Buscamos personas voluntarias este curso en el Casal! - Casal dels Infants","description":"Buscamos personas voluntarias para formar parte del equipo del Casal dels Infants y dar apoyo en nuestra actividad diaria.","robots":{"index":"index","follow":"follow","max-snippet":"max-snippet:-1","max-image-preview":"max-image-preview:large","max-video-preview":"max-video-preview:-1"},"canonical":"https:\/\/www.casaldelsinfants.org\/es\/actualidad\/voluntariado-iniciodecurso2025\/","og_locale":"es_ES","og_type":"article","og_title":"\u00a1Buscamos personas voluntarias este curso en el Casal! - Casal dels Infants","og_description":"Buscamos personas voluntarias para formar parte del equipo del Casal dels Infants y dar apoyo en nuestra actividad diaria.","og_url":"https:\/\/www.casaldelsinfants.org\/es\/actualidad\/voluntariado-iniciodecurso2025\/","og_site_name":"Casal dels Infants","article_publisher":"https:\/\/www.facebook.com\/casalinfants","article_published_time":"2025-10-17T08:09:41+00:00","og_image":[{"url":"https:\/\/www.casaldelsinfants.org\/wp-content\/uploads\/4c76cae7-9ee5-d7ac-bb33-a7e51bf9ef43-png.webp","type":"","width":"","height":""}],"author":"julia","twitter_card":"summary_large_image","twitter_creator":"@casalinfants","twitter_site":"@casalinfants","twitter_misc":{"Escrito por":"julia","Tiempo de lectura":"5 minutos"},"schema":{"@context":"https:\/\/schema.org","@graph":[{"@type":"Article","@id":"https:\/\/www.casaldelsinfants.org\/es\/actualidad\/voluntariado-iniciodecurso2025\/#article","isPartOf":{"@id":"https:\/\/www.casaldelsinfants.org\/es\/actualidad\/voluntariado-iniciodecurso2025\/"},"author":{"name":"julia","@id":"https:\/\/www.casaldelsinfants.org\/es\/#\/schema\/person\/e870791b50f03fd60f872e1cd83910fc"},"headline":"\u00a1Buscamos personas voluntarias este curso en el Casal!","datePublished":"2025-10-17T08:09:41+00:00","mainEntityOfPage":{"@id":"https:\/\/www.casaldelsinfants.org\/es\/actualidad\/voluntariado-iniciodecurso2025\/"},"wordCount":856,"commentCount":0,"publisher":{"@id":"https:\/\/www.casaldelsinfants.org\/es\/#organization"},"image":{"@id":"https:\/\/www.casaldelsinfants.org\/es\/actualidad\/voluntariado-iniciodecurso2025\/#primaryimage"},"thumbnailUrl":"https:\/\/www.casaldelsinfants.org\/wp-content\/uploads\/4c76cae7-9ee5-d7ac-bb33-a7e51bf9ef43-png.webp","articleSection":["Noticia"],"inLanguage":"es","potentialAction":[{"@type":"CommentAction","name":"Comment","target":["https:\/\/www.casaldelsinfants.org\/es\/actualidad\/voluntariado-iniciodecurso2025\/#respond"]}]},{"@type":"WebPage","@id":"https:\/\/www.casaldelsinfants.org\/es\/actualidad\/voluntariado-iniciodecurso2025\/","url":"https:\/\/www.casaldelsinfants.org\/es\/actualidad\/voluntariado-iniciodecurso2025\/","name":"\u00a1Buscamos personas voluntarias este curso en el Casal! - Casal dels Infants","isPartOf":{"@id":"https:\/\/www.casaldelsinfants.org\/es\/#website"},"primaryImageOfPage":{"@id":"https:\/\/www.casaldelsinfants.org\/es\/actualidad\/voluntariado-iniciodecurso2025\/#primaryimage"},"image":{"@id":"https:\/\/www.casaldelsinfants.org\/es\/actualidad\/voluntariado-iniciodecurso2025\/#primaryimage"},"thumbnailUrl":"https:\/\/www.casaldelsinfants.org\/wp-content\/uploads\/4c76cae7-9ee5-d7ac-bb33-a7e51bf9ef43-png.webp","datePublished":"2025-10-17T08:09:41+00:00","description":"Buscamos personas voluntarias para formar parte del equipo del Casal dels Infants y dar apoyo en nuestra actividad diaria.","breadcrumb":{"@id":"https:\/\/www.casaldelsinfants.org\/es\/actualidad\/voluntariado-iniciodecurso2025\/#breadcrumb"},"inLanguage":"es","potentialAction":[{"@type":"ReadAction","target":["https:\/\/www.casaldelsinfants.org\/es\/actualidad\/voluntariado-iniciodecurso2025\/"]}]},{"@type":"ImageObject","inLanguage":"es","@id":"https:\/\/www.casaldelsinfants.org\/es\/actualidad\/voluntariado-iniciodecurso2025\/#primaryimage","url":"https:\/\/www.casaldelsinfants.org\/wp-content\/uploads\/4c76cae7-9ee5-d7ac-bb33-a7e51bf9ef43-png.webp","contentUrl":"https:\/\/www.casaldelsinfants.org\/wp-content\/uploads\/4c76cae7-9ee5-d7ac-bb33-a7e51bf9ef43-png.webp"},{"@type":"BreadcrumbList","@id":"https:\/\/www.casaldelsinfants.org\/es\/actualidad\/voluntariado-iniciodecurso2025\/#breadcrumb","itemListElement":[{"@type":"ListItem","position":1,"name":"Inici","item":"https:\/\/www.casaldelsinfants.org\/es\/"},{"@type":"ListItem","position":2,"name":"\u00a1Buscamos personas voluntarias este curso en el Casal!"}]},{"@type":"WebSite","@id":"https:\/\/www.casaldelsinfants.org\/es\/#website","url":"https:\/\/www.casaldelsinfants.org\/es\/","name":"Casal dels Infants","description":"","publisher":{"@id":"https:\/\/www.casaldelsinfants.org\/es\/#organization"},"potentialAction":[{"@type":"SearchAction","target":{"@type":"EntryPoint","urlTemplate":"https:\/\/www.casaldelsinfants.org\/es\/?s={search_term_string}"},"query-input":{"@type":"PropertyValueSpecification","valueRequired":true,"valueName":"search_term_string"}}],"inLanguage":"es"},{"@type":"Organization","@id":"https:\/\/www.casaldelsinfants.org\/es\/#organization","name":"Casal dels Infants","url":"https:\/\/www.casaldelsinfants.org\/es\/","logo":{"@type":"ImageObject","inLanguage":"es","@id":"https:\/\/www.casaldelsinfants.org\/es\/#\/schema\/logo\/image\/","url":"https:\/\/www.casaldelsinfants.org\/wp-content\/uploads\/logo-mail.png","contentUrl":"https:\/\/www.casaldelsinfants.org\/wp-content\/uploads\/logo-mail.png","width":380,"height":158,"caption":"Casal dels Infants"},"image":{"@id":"https:\/\/www.casaldelsinfants.org\/es\/#\/schema\/logo\/image\/"},"sameAs":["https:\/\/www.facebook.com\/casalinfants","https:\/\/x.com\/casalinfants","https:\/\/www.youtube.com\/user\/CasaldelsInfants1","https:\/\/www.instagram.com\/casalinfants\/","https:\/\/www.linkedin.com\/company\/casaldelsinfants?trk=organization-update_share-update_actor-text"]},{"@type":"Person","@id":"https:\/\/www.casaldelsinfants.org\/es\/#\/schema\/person\/e870791b50f03fd60f872e1cd83910fc","name":"julia"}]}},"publishpress_future_action":{"enabled":false,"date":"2026-05-07 12:01:22","action":"change-status","newStatus":"draft","terms":[],"taxonomy":"category","extraData":[]},"publishpress_future_workflow_manual_trigger":{"enabledWorkflows":[]},"_links":{"self":[{"href":"https:\/\/www.casaldelsinfants.org\/es\/wp-json\/wp\/v2\/posts\/42762","targetHints":{"allow":["GET"]}}],"collection":[{"href":"https:\/\/www.casaldelsinfants.org\/es\/wp-json\/wp\/v2\/posts"}],"about":[{"href":"https:\/\/www.casaldelsinfants.org\/es\/wp-json\/wp\/v2\/types\/post"}],"author":[{"embeddable":true,"href":"https:\/\/www.casaldelsinfants.org\/es\/wp-json\/wp\/v2\/users\/9"}],"replies":[{"embeddable":true,"href":"https:\/\/www.casaldelsinfants.org\/es\/wp-json\/wp\/v2\/comments?post=42762"}],"version-history":[{"count":6,"href":"https:\/\/www.casaldelsinfants.org\/es\/wp-json\/wp\/v2\/posts\/42762\/revisions"}],"predecessor-version":[{"id":42807,"href":"https:\/\/www.casaldelsinfants.org\/es\/wp-json\/wp\/v2\/posts\/42762\/revisions\/42807"}],"wp:attachment":[{"href":"https:\/\/www.casaldelsinfants.org\/es\/wp-json\/wp\/v2\/media?parent=42762"}],"wp:term":[{"taxonomy":"category","embeddable":true,"href":"https:\/\/www.casaldelsinfants.org\/es\/wp-json\/wp\/v2\/categories?post=42762"},{"taxonomy":"post_tag","embeddable":true,"href":"https:\/\/www.casaldelsinfants.org\/es\/wp-json\/wp\/v2\/tags?post=42762"},{"taxonomy":"seus","embeddable":true,"href":"https:\/\/www.casaldelsinfants.org\/es\/wp-json\/wp\/v2\/seus?post=42762"},{"taxonomy":"eixos","embeddable":true,"href":"https:\/\/www.casaldelsinfants.org\/es\/wp-json\/wp\/v2\/eixos?post=42762"}],"curies":[{"name":"wp","href":"https:\/\/api.w.org\/{rel}","templated":true}]}}