{"id":4278,"date":"2021-07-21T15:18:17","date_gmt":"2021-07-21T13:18:17","guid":{"rendered":"https:\/\/casal.puntzero.cat\/noticies\/la-fundacio-guardiola-sala-inicia-una-collaboracio-amb-el-casal-dels-infants-en-la-seva\/"},"modified":"2023-04-04T13:03:45","modified_gmt":"2023-04-04T11:03:45","slug":"la-fundacio-guardiola-sala-inicia-una-collaboracio-amb-el-casal-dels-infants-en-la-seva","status":"publish","type":"post","link":"https:\/\/www.casaldelsinfants.org\/es\/actualidad\/fundacion-guardiola-inicia-colaboracion-casal-infants\/","title":{"rendered":"La Fundaci\u00f3 Guardiola Sala inicia una colaboraci\u00f3n con el Casal dels Infants en su primera acci\u00f3n social en Catalunya"},"content":{"rendered":"<p><span style=\"color: #000000;\">La <strong><u><a href=\"https:\/\/fundacioguardiolasala.com\/portada\/\">Fundaci\u00f3 Guardiola Sala<\/a><\/u><\/strong>, creada recientemente por los hermanos Francesca, Olga, Pep y Pere Guardiola Sala, ha realizado su primera acci\u00f3n de apoyo a una entidad social en Catalunya colaborando con las actividades de verano del Casal dels Infants. Concretamente, la fundaci\u00f3n ha financiado las plazas de casal de verano de ochenta y tres de ni\u00f1os y ni\u00f1as en situaci\u00f3n de vulnerabilidad durante dos semanas del mes de julio, garantiz\u00e1ndoles acceso a actividades l\u00fadicas y de refuerzo educativo durante las vacaciones, as\u00ed como un almuerzo saludable.<\/span><\/p>\n<p>De esta manera, la fundaci\u00f3n se suma a la campa\u00f1a \u00abNecesitamos un gran verano\u00bb del Casal dels Infants, que pretende movilizar a la ciudadan\u00eda para que los chicos y chicas que m\u00e1s est\u00e1n sufriendo los efectos de la crisis social provocada por la pandemia puedan disfrutar de unas vacaciones divertidas y con muchos aprendizajes. \u00abQueremos sumar esfuerzos para que estos ni\u00f1os y ni\u00f1as y sus familias tengan un gran verano. Porque se lo merecen y porque son quienes m\u00e1s lo necesitan\u00bb, valora Pep Guardiola.<\/p>\n<p class=\"destacat-noticia\">Pep Guardiola:\u00a0 \u00abQueremos sumar esfuerzos para que estos ni\u00f1os y ni\u00f1as y sus familias tengan un gran verano. Porque se lo merecen y porque son quienes m\u00e1s lo necesitan\u00bb<\/p>\n<div class=\"video-embed-field-responsive-video form-group\"><iframe loading=\"lazy\" src=\"https:\/\/www.youtube.com\/embed\/WnUUbFzG6co?autoplay=0&amp;start=0&amp;rel=0\" width=\"854\" height=\"480\" frameborder=\"0\" allowfullscreen=\"allowfullscreen\"><\/iframe><\/div>\n<p>La directora general del Casal dels Infants, Rosa Balaguer, se\u00f1ala la importancia de contar con el apoyo de iniciativas como la Fundaci\u00f3n Guardiola Sala, recalcando que la situaci\u00f3n de emergencia que ha afectado a muchos ni\u00f1os y ni\u00f1as durante la pandemia no ha terminado: \u00abTenemos que recordar que uno de cada tres ni\u00f1os y ni\u00f1as en Catalunya se encontraba en situaci\u00f3n de pobreza o exclusi\u00f3n social antes de la pandemia. Lamentablemente, ahora las desigualdades han crecido y tendr\u00e1n efectos a largo plazo, y nos tenemos que volcar con la infancia con m\u00e1s obst\u00e1culos para salir adelante. Garantizarles unas vacaciones divertidas y educativas en un espacio seguro es muy importante para su bienestar\u00bb.<\/p>\n<p class=\"verd\">Las actividades de verano del Casal dels Infants empezaron el 28 de junio y se alargar\u00e1n hasta la \u00faltima semana de agosto. Participar\u00e1n en ellas 1.600 ni\u00f1os, ni\u00f1as, adolescentes y j\u00f3venes en situaci\u00f3n de vulnerabilidad, y consistir\u00e1n en casales de verano, colonias, campamentos y campos de trabajo.<\/p>\n<p><strong>Visita al casal de verano<\/strong><\/p>\n<p>En el marco de esta colaboraci\u00f3n de la Fundaci\u00f3 Guardiola Sala, el viernes 2 de julio los hermanos Pep y Pere Guardiola visitaron el casal de verano del Casal dels Infants en el barrio del Raval, donde participaron en un taller sobre gesti\u00f3n sostenible del agua con una veintena de ni\u00f1os y ni\u00f1as de la asociaci\u00f3n.<\/p>\n<p><span style=\"color: #000000;\">La actividad, dinamizada por la empresa tecnol\u00f3gica Xylem, tuvo como objetivo sensibilizar sobre la importancia de preservar los recursos h\u00eddricos, y los ni\u00f1os y ni\u00f1as puedieron analizar muestras de agua de r\u00edos y lagos de Catalunya.<br \/>\n.<\/span><\/p>\n<figure class=\"align-center\" role=\"group\"><img decoding=\"async\" src=\"\/wp-content\/uploads\/fundacio-guardiola-casal-dels-infants-2-PETITA-1.webp\" alt=\"En Pep Guardiola i el seu germ\u00e0 Pere van visitar el Casal dels Infants del barri del Raval en nom de la Fundaci\u00f3 Guardiola Sala\" width=\"480\" height=\"360\" data-entity-type=\"file\" data-entity-uuid=\"56ebee7f-01b1-41c4-ab8e-5b6078dd1c3d\" data-image-style=\"large\" \/><\/figure>\n<p>Pep Guardiola y su hermano Pere visitaron el Casal dels Infants en el barrio del Raval en nombre de la Fundaci\u00f3 Guardiola Sala<\/p>\n<p><span style=\"color: #000000;\"><strong>Reflexionar sobre las desigualdades\u00a0en el\u00a0Pep Summer Camp<\/strong><\/span><\/p>\n<p>Finalmente, la Fundaci\u00f3 Guardiola Sala invit\u00f3 el martes 6 de julio a uno de los j\u00f3venes que participan en el Casal dels Infants, Tchacka Doumbia, para que dinamizara un taller para 90 chicos y chicas del Primer Pep Summer Camp, en Rialp. Tchacka naci\u00f3 en Mali y lleg\u00f3 solo a Catalunya tras un largo viaje cuando ten\u00eda 16 a\u00f1os, buscando un futuro mejor. Despu\u00e9s de vivir tutelado hasta los 18 a\u00f1os, empez\u00f3 a participar en el Servicio de Transici\u00f3n a la Autonom\u00eda del Casal dels Infants, que ofrece a j\u00f3venes sin vivienda estable vivir en un piso compartido y trazar un itinerario d eformaci\u00f3n e inserci\u00f3n social y laboral.<\/p>\n<figure class=\"align-center\" role=\"group\"><img decoding=\"async\" src=\"\/wp-content\/uploads\/inline-images\/Tchacka%20Doumbia%20Casal%20dels%20Infants%20Pep%20Summer%20Camp.jpeg\" alt=\"En Tchacka Doumbia, participant del Casal dels Infants, durant el seu taller al Pep Summer Camp\" width=\"480\" height=\"360\" data-entity-type=\"file\" data-entity-uuid=\"8b6abd7e-7007-4cd3-a704-0008c845c7e8\" data-image-style=\"large\" \/><figcaption>Tchacka Doumbia, participante del Casal dels Infants, durante su taller en el Pep Summer Camp<\/figcaption><\/figure>\n<p>El taller de Tchacka tiene por objetivo sensibilizar sobre las desigualdades sociales a partir de su experiencia en primera persona, abordando situaciones como el racismo y las graves dificultades para salir adelante que tienen muchos j\u00f3venes frente a muchos obst\u00e1culos para regularizar su situaci\u00f3n administrativa.<span style=\"color: #000000;\">.<\/span><\/p>\n<p class=\"destacat-noticia\">El taller de Tchacka tiene por objetivo sensibilizar sobre las desigualdades sociales a partir de su experiencia en primera persona<\/p>\n<p><span style=\"color: #000000;\">Esta actividad sigue en gran parte la metodolog\u00eda del programa \u00abLa escuela suma\u00bb del Casal dels Infants, que realiza talleres de sensibilizaci\u00f3n y acciones de aprendizaje y servicio relacionadas con las desigualdades sociales en el alumnado de escuelas e institutos de Barcelona y el \u00e1rea metropolitana. Los talleres los dinamizan j\u00f3venes que participan en el Casal dels Infants, como el propio Tchacka, compartiendo su experiencia de vida y haciendo reflexionar a los chicos y chicas a trav\u00e9s de din\u00e1micas que generan debate.<\/span><\/p>\n<blockquote><p>Tu tambi\u00e9n puedes garantizar un gran verano a 1.600 ni\u00f1os, ni\u00f1as y j\u00f3venes en situaci\u00f3n de vulnerabilidad.<\/p>\n<p>Haz un\u00a0<a href=\"https:\/\/www.casaldelsinfants.org\/es\/dona-ahora-verano\/\"><u>donativo<\/u><\/a><\/p>\n<p>Haz\u00a0<a href=\"https:\/\/www.casaldelsinfants.org\/es\/que-puedes-hacer-tu\/voluntariado\/\"><u>voluntariado<\/u><\/a><\/p><\/blockquote>\n","protected":false},"excerpt":{"rendered":"<p>La Fundaci\u00f3 Guardiola Sala, creada recientemente por los hermanos Francesca, Olga, Pep y Pere Guardiola Sala, ha realizado su primera acci\u00f3n de apoyo a una entidad social en Catalunya colaborando con las actividades de verano del Casal dels Infants. Concretamente, la fundaci\u00f3n ha financiado las plazas de casal de verano de ochenta y tres de [&hellip;]<\/p>\n","protected":false},"author":1,"featured_media":3051,"comment_status":"open","ping_status":"open","sticky":false,"template":"","format":"standard","meta":{"_acf_changed":false,"_et_pb_use_builder":"","_et_pb_old_content":"","_et_gb_content_width":"","inline_featured_image":false,"footnotes":""},"categories":[125],"tags":[],"seus":[],"eixos":[],"class_list":["post-4278","post","type-post","status-publish","format-standard","has-post-thumbnail","hentry","category-noticias"],"acf":[],"yoast_head":"<!-- This site is optimized with the Yoast SEO plugin v27.4 - https:\/\/yoast.com\/product\/yoast-seo-wordpress\/ -->\n<title>Casal dels Infants col\u00b7laboraci\u00f3 Fundaci\u00f3 Guardiola Sala<\/title>\n<meta name=\"description\" content=\"La Fundaci\u00f3 Guardiola Sala, creada recentment per Pep Guardiola i els seus germans, ha realitzat la seva primera acci\u00f3 social a Catalunya en suport al Casal dels Infants. La fundaci\u00f3 finan\u00e7ar\u00e0 les places de casal d\u2019estiu d\u2019una vuitantena d\u2019infants en situaci\u00f3 de vulnerabilitat durant dues setmanes del mes de juliol.\" \/>\n<meta name=\"robots\" content=\"index, follow, max-snippet:-1, max-image-preview:large, max-video-preview:-1\" \/>\n<link rel=\"canonical\" href=\"https:\/\/www.casaldelsinfants.org\/es\/actualidad\/fundacion-guardiola-inicia-colaboracion-casal-infants\/\" \/>\n<meta property=\"og:locale\" content=\"es_ES\" \/>\n<meta property=\"og:type\" content=\"article\" \/>\n<meta property=\"og:title\" content=\"Casal dels Infants col\u00b7laboraci\u00f3 Fundaci\u00f3 Guardiola Sala\" \/>\n<meta property=\"og:description\" content=\"La Fundaci\u00f3 Guardiola Sala, creada recentment per Pep Guardiola i els seus germans, ha realitzat la seva primera acci\u00f3 social a Catalunya en suport al Casal dels Infants. La fundaci\u00f3 finan\u00e7ar\u00e0 les places de casal d\u2019estiu d\u2019una vuitantena d\u2019infants en situaci\u00f3 de vulnerabilitat durant dues setmanes del mes de juliol.\" \/>\n<meta property=\"og:url\" content=\"https:\/\/www.casaldelsinfants.org\/es\/actualidad\/fundacion-guardiola-inicia-colaboracion-casal-infants\/\" \/>\n<meta property=\"og:site_name\" content=\"Casal dels Infants\" \/>\n<meta property=\"article:publisher\" content=\"https:\/\/www.facebook.com\/casalinfants\" \/>\n<meta property=\"article:published_time\" content=\"2021-07-21T13:18:17+00:00\" \/>\n<meta property=\"article:modified_time\" content=\"2023-04-04T11:03:45+00:00\" \/>\n<meta property=\"og:image\" content=\"https:\/\/www.casaldelsinfants.org\/wp-content\/uploads\/fundacio_guardiola_casal_dels_infants_1_petita.jpeg\" \/>\n\t<meta property=\"og:image:width\" content=\"480\" \/>\n\t<meta property=\"og:image:height\" content=\"360\" \/>\n\t<meta property=\"og:image:type\" content=\"image\/jpeg\" \/>\n<meta name=\"author\" content=\"cdiAdmin\" \/>\n<meta name=\"twitter:card\" content=\"summary_large_image\" \/>\n<meta name=\"twitter:creator\" content=\"@casalinfants\" \/>\n<meta name=\"twitter:site\" content=\"@casalinfants\" \/>\n<meta name=\"twitter:label1\" content=\"Escrito por\" \/>\n\t<meta name=\"twitter:data1\" content=\"cdiAdmin\" \/>\n\t<meta name=\"twitter:label2\" content=\"Tiempo de lectura\" \/>\n\t<meta name=\"twitter:data2\" content=\"5 minutos\" \/>\n<script type=\"application\/ld+json\" class=\"yoast-schema-graph\">{\"@context\":\"https:\\\/\\\/schema.org\",\"@graph\":[{\"@type\":\"Article\",\"@id\":\"https:\\\/\\\/www.casaldelsinfants.org\\\/es\\\/actualidad\\\/fundacion-guardiola-inicia-colaboracion-casal-infants\\\/#article\",\"isPartOf\":{\"@id\":\"https:\\\/\\\/www.casaldelsinfants.org\\\/es\\\/actualidad\\\/fundacion-guardiola-inicia-colaboracion-casal-infants\\\/\"},\"author\":{\"name\":\"cdiAdmin\",\"@id\":\"https:\\\/\\\/www.casaldelsinfants.org\\\/es\\\/#\\\/schema\\\/person\\\/97707fc8c64900cf36891127dbf9fba8\"},\"headline\":\"La Fundaci\u00f3 Guardiola Sala inicia una colaboraci\u00f3n con el Casal dels Infants en su primera acci\u00f3n social en Catalunya\",\"datePublished\":\"2021-07-21T13:18:17+00:00\",\"dateModified\":\"2023-04-04T11:03:45+00:00\",\"mainEntityOfPage\":{\"@id\":\"https:\\\/\\\/www.casaldelsinfants.org\\\/es\\\/actualidad\\\/fundacion-guardiola-inicia-colaboracion-casal-infants\\\/\"},\"wordCount\":863,\"commentCount\":0,\"publisher\":{\"@id\":\"https:\\\/\\\/www.casaldelsinfants.org\\\/es\\\/#organization\"},\"image\":{\"@id\":\"https:\\\/\\\/www.casaldelsinfants.org\\\/es\\\/actualidad\\\/fundacion-guardiola-inicia-colaboracion-casal-infants\\\/#primaryimage\"},\"thumbnailUrl\":\"https:\\\/\\\/www.casaldelsinfants.org\\\/wp-content\\\/uploads\\\/fundacio_guardiola_casal_dels_infants_1_petita.jpeg\",\"articleSection\":[\"Noticia\"],\"inLanguage\":\"es\",\"potentialAction\":[{\"@type\":\"CommentAction\",\"name\":\"Comment\",\"target\":[\"https:\\\/\\\/www.casaldelsinfants.org\\\/es\\\/actualidad\\\/fundacion-guardiola-inicia-colaboracion-casal-infants\\\/#respond\"]}]},{\"@type\":\"WebPage\",\"@id\":\"https:\\\/\\\/www.casaldelsinfants.org\\\/es\\\/actualidad\\\/fundacion-guardiola-inicia-colaboracion-casal-infants\\\/\",\"url\":\"https:\\\/\\\/www.casaldelsinfants.org\\\/es\\\/actualidad\\\/fundacion-guardiola-inicia-colaboracion-casal-infants\\\/\",\"name\":\"Casal dels Infants col\u00b7laboraci\u00f3 Fundaci\u00f3 Guardiola Sala\",\"isPartOf\":{\"@id\":\"https:\\\/\\\/www.casaldelsinfants.org\\\/es\\\/#website\"},\"primaryImageOfPage\":{\"@id\":\"https:\\\/\\\/www.casaldelsinfants.org\\\/es\\\/actualidad\\\/fundacion-guardiola-inicia-colaboracion-casal-infants\\\/#primaryimage\"},\"image\":{\"@id\":\"https:\\\/\\\/www.casaldelsinfants.org\\\/es\\\/actualidad\\\/fundacion-guardiola-inicia-colaboracion-casal-infants\\\/#primaryimage\"},\"thumbnailUrl\":\"https:\\\/\\\/www.casaldelsinfants.org\\\/wp-content\\\/uploads\\\/fundacio_guardiola_casal_dels_infants_1_petita.jpeg\",\"datePublished\":\"2021-07-21T13:18:17+00:00\",\"dateModified\":\"2023-04-04T11:03:45+00:00\",\"description\":\"La Fundaci\u00f3 Guardiola Sala, creada recentment per Pep Guardiola i els seus germans, ha realitzat la seva primera acci\u00f3 social a Catalunya en suport al Casal dels Infants. La fundaci\u00f3 finan\u00e7ar\u00e0 les places de casal d\u2019estiu d\u2019una vuitantena d\u2019infants en situaci\u00f3 de vulnerabilitat durant dues setmanes del mes de juliol.\",\"breadcrumb\":{\"@id\":\"https:\\\/\\\/www.casaldelsinfants.org\\\/es\\\/actualidad\\\/fundacion-guardiola-inicia-colaboracion-casal-infants\\\/#breadcrumb\"},\"inLanguage\":\"es\",\"potentialAction\":[{\"@type\":\"ReadAction\",\"target\":[\"https:\\\/\\\/www.casaldelsinfants.org\\\/es\\\/actualidad\\\/fundacion-guardiola-inicia-colaboracion-casal-infants\\\/\"]}]},{\"@type\":\"ImageObject\",\"inLanguage\":\"es\",\"@id\":\"https:\\\/\\\/www.casaldelsinfants.org\\\/es\\\/actualidad\\\/fundacion-guardiola-inicia-colaboracion-casal-infants\\\/#primaryimage\",\"url\":\"https:\\\/\\\/www.casaldelsinfants.org\\\/wp-content\\\/uploads\\\/fundacio_guardiola_casal_dels_infants_1_petita.jpeg\",\"contentUrl\":\"https:\\\/\\\/www.casaldelsinfants.org\\\/wp-content\\\/uploads\\\/fundacio_guardiola_casal_dels_infants_1_petita.jpeg\",\"width\":480,\"height\":360,\"caption\":\"La Fundaci\u00f3 Guardiola Sala inicia una col\u2022laboraci\u00f3 amb el Casal dels Infants en la seva primera acci\u00f3 social a Catalunya\"},{\"@type\":\"BreadcrumbList\",\"@id\":\"https:\\\/\\\/www.casaldelsinfants.org\\\/es\\\/actualidad\\\/fundacion-guardiola-inicia-colaboracion-casal-infants\\\/#breadcrumb\",\"itemListElement\":[{\"@type\":\"ListItem\",\"position\":1,\"name\":\"Inici\",\"item\":\"https:\\\/\\\/www.casaldelsinfants.org\\\/es\\\/\"},{\"@type\":\"ListItem\",\"position\":2,\"name\":\"La Fundaci\u00f3 Guardiola Sala inicia una colaboraci\u00f3n con el Casal dels Infants en su primera acci\u00f3n social en Catalunya\"}]},{\"@type\":\"WebSite\",\"@id\":\"https:\\\/\\\/www.casaldelsinfants.org\\\/es\\\/#website\",\"url\":\"https:\\\/\\\/www.casaldelsinfants.org\\\/es\\\/\",\"name\":\"Casal dels Infants\",\"description\":\"\",\"publisher\":{\"@id\":\"https:\\\/\\\/www.casaldelsinfants.org\\\/es\\\/#organization\"},\"potentialAction\":[{\"@type\":\"SearchAction\",\"target\":{\"@type\":\"EntryPoint\",\"urlTemplate\":\"https:\\\/\\\/www.casaldelsinfants.org\\\/es\\\/?s={search_term_string}\"},\"query-input\":{\"@type\":\"PropertyValueSpecification\",\"valueRequired\":true,\"valueName\":\"search_term_string\"}}],\"inLanguage\":\"es\"},{\"@type\":\"Organization\",\"@id\":\"https:\\\/\\\/www.casaldelsinfants.org\\\/es\\\/#organization\",\"name\":\"Casal dels Infants\",\"url\":\"https:\\\/\\\/www.casaldelsinfants.org\\\/es\\\/\",\"logo\":{\"@type\":\"ImageObject\",\"inLanguage\":\"es\",\"@id\":\"https:\\\/\\\/www.casaldelsinfants.org\\\/es\\\/#\\\/schema\\\/logo\\\/image\\\/\",\"url\":\"https:\\\/\\\/www.casaldelsinfants.org\\\/wp-content\\\/uploads\\\/logo-mail.png\",\"contentUrl\":\"https:\\\/\\\/www.casaldelsinfants.org\\\/wp-content\\\/uploads\\\/logo-mail.png\",\"width\":380,\"height\":158,\"caption\":\"Casal dels Infants\"},\"image\":{\"@id\":\"https:\\\/\\\/www.casaldelsinfants.org\\\/es\\\/#\\\/schema\\\/logo\\\/image\\\/\"},\"sameAs\":[\"https:\\\/\\\/www.facebook.com\\\/casalinfants\",\"https:\\\/\\\/x.com\\\/casalinfants\",\"https:\\\/\\\/www.youtube.com\\\/user\\\/CasaldelsInfants1\",\"https:\\\/\\\/www.instagram.com\\\/casalinfants\\\/\",\"https:\\\/\\\/www.linkedin.com\\\/company\\\/casaldelsinfants?trk=organization-update_share-update_actor-text\"]},{\"@type\":\"Person\",\"@id\":\"https:\\\/\\\/www.casaldelsinfants.org\\\/es\\\/#\\\/schema\\\/person\\\/97707fc8c64900cf36891127dbf9fba8\",\"name\":\"cdiAdmin\",\"sameAs\":[\"https:\\\/\\\/casaldelsinfants.org\"]}]}<\/script>\n<!-- \/ Yoast SEO plugin. -->","yoast_head_json":{"title":"Casal dels Infants col\u00b7laboraci\u00f3 Fundaci\u00f3 Guardiola Sala","description":"La Fundaci\u00f3 Guardiola Sala, creada recentment per Pep Guardiola i els seus germans, ha realitzat la seva primera acci\u00f3 social a Catalunya en suport al Casal dels Infants. La fundaci\u00f3 finan\u00e7ar\u00e0 les places de casal d\u2019estiu d\u2019una vuitantena d\u2019infants en situaci\u00f3 de vulnerabilitat durant dues setmanes del mes de juliol.","robots":{"index":"index","follow":"follow","max-snippet":"max-snippet:-1","max-image-preview":"max-image-preview:large","max-video-preview":"max-video-preview:-1"},"canonical":"https:\/\/www.casaldelsinfants.org\/es\/actualidad\/fundacion-guardiola-inicia-colaboracion-casal-infants\/","og_locale":"es_ES","og_type":"article","og_title":"Casal dels Infants col\u00b7laboraci\u00f3 Fundaci\u00f3 Guardiola Sala","og_description":"La Fundaci\u00f3 Guardiola Sala, creada recentment per Pep Guardiola i els seus germans, ha realitzat la seva primera acci\u00f3 social a Catalunya en suport al Casal dels Infants. La fundaci\u00f3 finan\u00e7ar\u00e0 les places de casal d\u2019estiu d\u2019una vuitantena d\u2019infants en situaci\u00f3 de vulnerabilitat durant dues setmanes del mes de juliol.","og_url":"https:\/\/www.casaldelsinfants.org\/es\/actualidad\/fundacion-guardiola-inicia-colaboracion-casal-infants\/","og_site_name":"Casal dels Infants","article_publisher":"https:\/\/www.facebook.com\/casalinfants","article_published_time":"2021-07-21T13:18:17+00:00","article_modified_time":"2023-04-04T11:03:45+00:00","og_image":[{"width":480,"height":360,"url":"https:\/\/www.casaldelsinfants.org\/wp-content\/uploads\/fundacio_guardiola_casal_dels_infants_1_petita.jpeg","type":"image\/jpeg"}],"author":"cdiAdmin","twitter_card":"summary_large_image","twitter_creator":"@casalinfants","twitter_site":"@casalinfants","twitter_misc":{"Escrito por":"cdiAdmin","Tiempo de lectura":"5 minutos"},"schema":{"@context":"https:\/\/schema.org","@graph":[{"@type":"Article","@id":"https:\/\/www.casaldelsinfants.org\/es\/actualidad\/fundacion-guardiola-inicia-colaboracion-casal-infants\/#article","isPartOf":{"@id":"https:\/\/www.casaldelsinfants.org\/es\/actualidad\/fundacion-guardiola-inicia-colaboracion-casal-infants\/"},"author":{"name":"cdiAdmin","@id":"https:\/\/www.casaldelsinfants.org\/es\/#\/schema\/person\/97707fc8c64900cf36891127dbf9fba8"},"headline":"La Fundaci\u00f3 Guardiola Sala inicia una colaboraci\u00f3n con el Casal dels Infants en su primera acci\u00f3n social en Catalunya","datePublished":"2021-07-21T13:18:17+00:00","dateModified":"2023-04-04T11:03:45+00:00","mainEntityOfPage":{"@id":"https:\/\/www.casaldelsinfants.org\/es\/actualidad\/fundacion-guardiola-inicia-colaboracion-casal-infants\/"},"wordCount":863,"commentCount":0,"publisher":{"@id":"https:\/\/www.casaldelsinfants.org\/es\/#organization"},"image":{"@id":"https:\/\/www.casaldelsinfants.org\/es\/actualidad\/fundacion-guardiola-inicia-colaboracion-casal-infants\/#primaryimage"},"thumbnailUrl":"https:\/\/www.casaldelsinfants.org\/wp-content\/uploads\/fundacio_guardiola_casal_dels_infants_1_petita.jpeg","articleSection":["Noticia"],"inLanguage":"es","potentialAction":[{"@type":"CommentAction","name":"Comment","target":["https:\/\/www.casaldelsinfants.org\/es\/actualidad\/fundacion-guardiola-inicia-colaboracion-casal-infants\/#respond"]}]},{"@type":"WebPage","@id":"https:\/\/www.casaldelsinfants.org\/es\/actualidad\/fundacion-guardiola-inicia-colaboracion-casal-infants\/","url":"https:\/\/www.casaldelsinfants.org\/es\/actualidad\/fundacion-guardiola-inicia-colaboracion-casal-infants\/","name":"Casal dels Infants col\u00b7laboraci\u00f3 Fundaci\u00f3 Guardiola Sala","isPartOf":{"@id":"https:\/\/www.casaldelsinfants.org\/es\/#website"},"primaryImageOfPage":{"@id":"https:\/\/www.casaldelsinfants.org\/es\/actualidad\/fundacion-guardiola-inicia-colaboracion-casal-infants\/#primaryimage"},"image":{"@id":"https:\/\/www.casaldelsinfants.org\/es\/actualidad\/fundacion-guardiola-inicia-colaboracion-casal-infants\/#primaryimage"},"thumbnailUrl":"https:\/\/www.casaldelsinfants.org\/wp-content\/uploads\/fundacio_guardiola_casal_dels_infants_1_petita.jpeg","datePublished":"2021-07-21T13:18:17+00:00","dateModified":"2023-04-04T11:03:45+00:00","description":"La Fundaci\u00f3 Guardiola Sala, creada recentment per Pep Guardiola i els seus germans, ha realitzat la seva primera acci\u00f3 social a Catalunya en suport al Casal dels Infants. La fundaci\u00f3 finan\u00e7ar\u00e0 les places de casal d\u2019estiu d\u2019una vuitantena d\u2019infants en situaci\u00f3 de vulnerabilitat durant dues setmanes del mes de juliol.","breadcrumb":{"@id":"https:\/\/www.casaldelsinfants.org\/es\/actualidad\/fundacion-guardiola-inicia-colaboracion-casal-infants\/#breadcrumb"},"inLanguage":"es","potentialAction":[{"@type":"ReadAction","target":["https:\/\/www.casaldelsinfants.org\/es\/actualidad\/fundacion-guardiola-inicia-colaboracion-casal-infants\/"]}]},{"@type":"ImageObject","inLanguage":"es","@id":"https:\/\/www.casaldelsinfants.org\/es\/actualidad\/fundacion-guardiola-inicia-colaboracion-casal-infants\/#primaryimage","url":"https:\/\/www.casaldelsinfants.org\/wp-content\/uploads\/fundacio_guardiola_casal_dels_infants_1_petita.jpeg","contentUrl":"https:\/\/www.casaldelsinfants.org\/wp-content\/uploads\/fundacio_guardiola_casal_dels_infants_1_petita.jpeg","width":480,"height":360,"caption":"La Fundaci\u00f3 Guardiola Sala inicia una col\u2022laboraci\u00f3 amb el Casal dels Infants en la seva primera acci\u00f3 social a Catalunya"},{"@type":"BreadcrumbList","@id":"https:\/\/www.casaldelsinfants.org\/es\/actualidad\/fundacion-guardiola-inicia-colaboracion-casal-infants\/#breadcrumb","itemListElement":[{"@type":"ListItem","position":1,"name":"Inici","item":"https:\/\/www.casaldelsinfants.org\/es\/"},{"@type":"ListItem","position":2,"name":"La Fundaci\u00f3 Guardiola Sala inicia una colaboraci\u00f3n con el Casal dels Infants en su primera acci\u00f3n social en Catalunya"}]},{"@type":"WebSite","@id":"https:\/\/www.casaldelsinfants.org\/es\/#website","url":"https:\/\/www.casaldelsinfants.org\/es\/","name":"Casal dels Infants","description":"","publisher":{"@id":"https:\/\/www.casaldelsinfants.org\/es\/#organization"},"potentialAction":[{"@type":"SearchAction","target":{"@type":"EntryPoint","urlTemplate":"https:\/\/www.casaldelsinfants.org\/es\/?s={search_term_string}"},"query-input":{"@type":"PropertyValueSpecification","valueRequired":true,"valueName":"search_term_string"}}],"inLanguage":"es"},{"@type":"Organization","@id":"https:\/\/www.casaldelsinfants.org\/es\/#organization","name":"Casal dels Infants","url":"https:\/\/www.casaldelsinfants.org\/es\/","logo":{"@type":"ImageObject","inLanguage":"es","@id":"https:\/\/www.casaldelsinfants.org\/es\/#\/schema\/logo\/image\/","url":"https:\/\/www.casaldelsinfants.org\/wp-content\/uploads\/logo-mail.png","contentUrl":"https:\/\/www.casaldelsinfants.org\/wp-content\/uploads\/logo-mail.png","width":380,"height":158,"caption":"Casal dels Infants"},"image":{"@id":"https:\/\/www.casaldelsinfants.org\/es\/#\/schema\/logo\/image\/"},"sameAs":["https:\/\/www.facebook.com\/casalinfants","https:\/\/x.com\/casalinfants","https:\/\/www.youtube.com\/user\/CasaldelsInfants1","https:\/\/www.instagram.com\/casalinfants\/","https:\/\/www.linkedin.com\/company\/casaldelsinfants?trk=organization-update_share-update_actor-text"]},{"@type":"Person","@id":"https:\/\/www.casaldelsinfants.org\/es\/#\/schema\/person\/97707fc8c64900cf36891127dbf9fba8","name":"cdiAdmin","sameAs":["https:\/\/casaldelsinfants.org"]}]}},"publishpress_future_action":{"enabled":false,"date":"2026-05-09 08:00:53","action":"change-status","newStatus":"draft","terms":[],"taxonomy":"category","extraData":[]},"publishpress_future_workflow_manual_trigger":{"enabledWorkflows":[]},"_links":{"self":[{"href":"https:\/\/www.casaldelsinfants.org\/es\/wp-json\/wp\/v2\/posts\/4278","targetHints":{"allow":["GET"]}}],"collection":[{"href":"https:\/\/www.casaldelsinfants.org\/es\/wp-json\/wp\/v2\/posts"}],"about":[{"href":"https:\/\/www.casaldelsinfants.org\/es\/wp-json\/wp\/v2\/types\/post"}],"author":[{"embeddable":true,"href":"https:\/\/www.casaldelsinfants.org\/es\/wp-json\/wp\/v2\/users\/1"}],"replies":[{"embeddable":true,"href":"https:\/\/www.casaldelsinfants.org\/es\/wp-json\/wp\/v2\/comments?post=4278"}],"version-history":[{"count":2,"href":"https:\/\/www.casaldelsinfants.org\/es\/wp-json\/wp\/v2\/posts\/4278\/revisions"}],"predecessor-version":[{"id":9567,"href":"https:\/\/www.casaldelsinfants.org\/es\/wp-json\/wp\/v2\/posts\/4278\/revisions\/9567"}],"wp:featuredmedia":[{"embeddable":true,"href":"https:\/\/www.casaldelsinfants.org\/es\/wp-json\/wp\/v2\/media\/3051"}],"wp:attachment":[{"href":"https:\/\/www.casaldelsinfants.org\/es\/wp-json\/wp\/v2\/media?parent=4278"}],"wp:term":[{"taxonomy":"category","embeddable":true,"href":"https:\/\/www.casaldelsinfants.org\/es\/wp-json\/wp\/v2\/categories?post=4278"},{"taxonomy":"post_tag","embeddable":true,"href":"https:\/\/www.casaldelsinfants.org\/es\/wp-json\/wp\/v2\/tags?post=4278"},{"taxonomy":"seus","embeddable":true,"href":"https:\/\/www.casaldelsinfants.org\/es\/wp-json\/wp\/v2\/seus?post=4278"},{"taxonomy":"eixos","embeddable":true,"href":"https:\/\/www.casaldelsinfants.org\/es\/wp-json\/wp\/v2\/eixos?post=4278"}],"curies":[{"name":"wp","href":"https:\/\/api.w.org\/{rel}","templated":true}]}}