{"id":4279,"date":"2021-07-16T08:15:17","date_gmt":"2021-07-16T06:15:17","guid":{"rendered":"https:\/\/casal.puntzero.cat\/noticies\/mig-milio-dinfants-catalunya-van-patir-risc-de-pobresa-o-exclusio-social-el-2020\/"},"modified":"2023-06-08T12:40:28","modified_gmt":"2023-06-08T10:40:28","slug":"mig-milio-dinfants-catalunya-van-patir-risc-de-pobresa-o-exclusio-social-el-2020","status":"publish","type":"post","link":"https:\/\/www.casaldelsinfants.org\/es\/actualidad\/ninos-cataluna-sufriran-riesgo-pobreza-2020\/","title":{"rendered":"Medio mill\u00f3n de ni\u00f1os y ni\u00f1as en Catalunya sufrieron riesgo de pobreza o exclusi\u00f3n social en 2020"},"content":{"rendered":"<p><span style=\"color:#000000;\">En Catalunya 496.000 ni\u00f1os y ni\u00f1as sufrieron\u00a0riesgo de pobreza o exclusi\u00f3n social<sup>1<\/sup>, 40.200 m\u00e1s que en 2019, seg\u00fan datos de la <a href=\"https:\/\/www.idescat.cat\/pub\/?id=ecv&amp;n=7705&amp;lang=es\"><u>Encuesta de condiciones de vida<\/u><\/a> publicadas por el Institut d&#8217;Estad\u00edstica de Catalunya.<\/span><\/p>\n<p><span style=\"color:#000000;\">El riesgo de pobreza y exclusi\u00f3n social empeor\u00f3 respecto al a\u00f1o anterior para el conjunto de la poblaci\u00f3n (del 23,6% al 26,3%), e iguala los peores registros de la anterior crisis econ\u00f3mica. La infancia, sin embargo, volvi\u00f3 a ser la franja de edad m\u00e1s afectada, pasando\u00a0del 32,8% al 35,9% en riesgo.<\/span><\/p>\n<p><span style=\"color:#000000;\">M\u00e1s all\u00e1 de los efectos de la crisis social provocada por la pandemia, la tendencia de crecimiento de las desigualdades es previa: en cuatro a\u00f1os hemos pasado de tener a uno de cada cuatro ni\u00f1os y ni\u00f1as en riego de pobreza a tener a uno de cada tres.<\/span><\/p>\n<p><span style=\"color:#000000;\">Otro dato preocupante y que venimos arrastrando es que las transferencias sociales de las administraciones p\u00fablicas no tienen suficiente impacto en el bienestar de la infancia. En el conjunto de la poblaci\u00f3n las transferencias reducen a la mitad el riesgo de pobreza (del 42,2% al 21,7%=, mientras que en los ni\u00f1os y ni\u00f1as s\u00f3lo lo reducen un 16% (del 39,8% al 33,4%).<\/span><\/p>\n<p><strong>Tener hijos multiplica el riesgo de pobreza<\/strong><\/p>\n<p><span style=\"color:#000000;\">Los hogares con hijos menores de 16 a\u00f1os tienen un 28% de riesgo de pobreza, el doble de los que no los tienen (14%). Si son hogares monoparentales, el riesgo se triplica con respecto a los que no tienen hijos o hijas (43,2%).<\/span><\/p>\n<p><span style=\"color:#000000;\">Los datos dimensionan una situaci\u00f3n de emergencia social que hoy todav\u00eda no ha terminado, y sobre la cual las entidades venimos alertando desde el inicio de la pandemia. Ante este contexto, es m\u00e1s necesario que nunca un incremento de la inversi\u00f3n p\u00fablica en el sistema de protecci\u00f3n a la infancia y la adolescencia.<\/span><\/p>\n<p><span style=\"color:#000000;\">Tambi\u00e9n hemos insistido en la necesidad de impulsar pol\u00edticas que garanticen una renta a las familias con m\u00e1s obst\u00e1culos para salir adelante, dado que prestaciones como la Renta Garantizada de Ciudadan\u00eda y el Ingreso M\u00ednimo Vital <a href=\"https:\/\/www.casaldelsinfants.org\/es\/actualidad\/mesa-redonda-ecas-ingreso-minimo-vital\/\"><u>no est\u00e1n teniendo suficiente impacto para combatir la exclusi\u00f3n social<\/u><\/a>.<\/span><\/p>\n<p><strong>El origen social y migratorio sigue siendo determinante<\/strong><\/p>\n<p><span style=\"color:#000000;\">La poblaci\u00f3n nacida fuera de Espa\u00f1a vuelve a llevarse el golpe m\u00e1s fuerte de la crisis econ\u00f3mica. El a\u00f1o pasado el 61,6% de la poblaci\u00f3n extranjera se encontr\u00f3 en riesgo de pobreza o exclusi\u00f3n social, mientras que en 2019 ocurri\u00f3 con el 53,3%.<\/span><\/p>\n<p><span style=\"color:#000000;\">Del mismo modo, la situaci\u00f3n de la poblaci\u00f3n con niveles de estudios bajos tambi\u00e9n empeor\u00f3 de forma significativa. Entre las personas que han obtenido la ESO y no tienen estudios superiores el riesgo de pobreza creci\u00f3 del 22% al 27,2% en 2020. Todo ello en un a\u00f1o en el que el confinamiento hizo crecer las desigualdades educativas, y muchos adolescentes y j\u00f3venes tuvieron m\u00e1s dificultades que nunca para seguir estudiando. En los \u00faltimos meses hemos reclamado incrementar los espacios de apoyo educativo fuera del horario lectivo, hacer frente al abandono prematuro de los estudios e impulsar un plan de choque contra el desempleo juvenil.<\/span><\/p>\n<p><span style=\"color:#000000;\">Finalmente debemos englobar todas estas cifras en un aumento generalizado de las desigualdades, seg\u00fan la encuesta. El a\u00f1o pasado el 20% de la poblaci\u00f3n con m\u00e1s ingresos era seis veces m\u00e1s rico que el 20% con menos ingresos.<\/span><\/p>\n<p><span style=\"color:#000000;\"><em><sub><sup>1<\/sup>\u00a0<\/sub>La tasa de pobreza o exclusi\u00f3n social (tasa AROPE) recoge la proporci\u00f3n de poblaci\u00f3n que se encuentra en riesgo de pobreza, o bien en situaci\u00f3n de privaci\u00f3n material severa, o bien que vive en hogares con una intensidad de trabajo muy baja.<\/em><\/span><\/p>\n<p>\u00a0<\/p>\n<blockquote>\n<p><strong>Ay\u00fadanos a seguir acompa\u00f1ando a 7.000 ni\u00f1os, ni\u00f1as, j\u00f3venes y familias en situaci\u00f3n de vulnerabilidad cada a\u00f1o y a defender sus derechos ante las administraciones p\u00fablicas.<\/strong><\/p>\n<p><u><a href=\"https:\/\/www.casaldelsinfants.org\/es\/dona-ahora-verano\/\"><strong>Haz un donativo<\/strong><\/a><\/u><\/p>\n<p><u><a href=\"https:\/\/www.casaldelsinfants.org\/es\/que-puedes-hacer-tu\/voluntariado\/\"><strong>Haz voluntariado<\/strong><\/a><\/u><\/p>\n<\/blockquote>\n","protected":false},"excerpt":{"rendered":"<p>En Catalunya 496.000 ni\u00f1os y ni\u00f1as sufrieron\u00a0riesgo de pobreza o exclusi\u00f3n social1, 40.200 m\u00e1s que en 2019, seg\u00fan datos de la Encuesta de condiciones de vida publicadas por el Institut d&#8217;Estad\u00edstica de Catalunya. El riesgo de pobreza y exclusi\u00f3n social empeor\u00f3 respecto al a\u00f1o anterior para el conjunto de la poblaci\u00f3n (del 23,6% al 26,3%), [&hellip;]<\/p>\n","protected":false},"author":1,"featured_media":3054,"comment_status":"open","ping_status":"open","sticky":false,"template":"","format":"standard","meta":{"_acf_changed":false,"_et_pb_use_builder":"","_et_pb_old_content":"","_et_gb_content_width":"","inline_featured_image":false,"footnotes":""},"categories":[125],"tags":[],"seus":[],"eixos":[],"class_list":["post-4279","post","type-post","status-publish","format-standard","has-post-thumbnail","hentry","category-noticias"],"acf":[],"yoast_head":"<!-- This site is optimized with the Yoast SEO plugin v27.4 - https:\/\/yoast.com\/product\/yoast-seo-wordpress\/ -->\n<title>Medio mill\u00f3n ni\u00f1os y ni\u00f1as pobreza exclusi\u00f3n social Catalunya<\/title>\n<meta name=\"description\" content=\"En Catalunya 496.000 ni\u00f1os y ni\u00f1as sufrieron\u00a0riesgo de pobreza o exclusi\u00f3n social, 40.200 m\u00e1s que en 2019, seg\u00fan datos de la Encuesta de condiciones de vida publicadas por el Institut d&#039;Estad\u00edstica de Catalunya.\" \/>\n<meta name=\"robots\" content=\"index, follow, max-snippet:-1, max-image-preview:large, max-video-preview:-1\" \/>\n<link rel=\"canonical\" href=\"https:\/\/www.casaldelsinfants.org\/es\/actualidad\/ninos-cataluna-sufriran-riesgo-pobreza-2020\/\" \/>\n<meta property=\"og:locale\" content=\"es_ES\" \/>\n<meta property=\"og:type\" content=\"article\" \/>\n<meta property=\"og:title\" content=\"Medio mill\u00f3n ni\u00f1os y ni\u00f1as pobreza exclusi\u00f3n social Catalunya\" \/>\n<meta property=\"og:description\" content=\"En Catalunya 496.000 ni\u00f1os y ni\u00f1as sufrieron\u00a0riesgo de pobreza o exclusi\u00f3n social, 40.200 m\u00e1s que en 2019, seg\u00fan datos de la Encuesta de condiciones de vida publicadas por el Institut d&#039;Estad\u00edstica de Catalunya.\" \/>\n<meta property=\"og:url\" content=\"https:\/\/www.casaldelsinfants.org\/es\/actualidad\/ninos-cataluna-sufriran-riesgo-pobreza-2020\/\" \/>\n<meta property=\"og:site_name\" content=\"Casal dels Infants\" \/>\n<meta property=\"article:publisher\" content=\"https:\/\/www.facebook.com\/casalinfants\" \/>\n<meta property=\"article:published_time\" content=\"2021-07-16T06:15:17+00:00\" \/>\n<meta property=\"article:modified_time\" content=\"2023-06-08T10:40:28+00:00\" \/>\n<meta property=\"og:image\" content=\"https:\/\/www.casaldelsinfants.org\/wp-content\/uploads\/foto_dades_idescat_0-1.jpg\" \/>\n\t<meta property=\"og:image:width\" content=\"485\" \/>\n\t<meta property=\"og:image:height\" content=\"324\" \/>\n\t<meta property=\"og:image:type\" content=\"image\/jpeg\" \/>\n<meta name=\"author\" content=\"cdiAdmin\" \/>\n<meta name=\"twitter:card\" content=\"summary_large_image\" \/>\n<meta name=\"twitter:creator\" content=\"@casalinfants\" \/>\n<meta name=\"twitter:site\" content=\"@casalinfants\" \/>\n<meta name=\"twitter:label1\" content=\"Escrito por\" \/>\n\t<meta name=\"twitter:data1\" content=\"cdiAdmin\" \/>\n\t<meta name=\"twitter:label2\" content=\"Tiempo de lectura\" \/>\n\t<meta name=\"twitter:data2\" content=\"4 minutos\" \/>\n<script type=\"application\/ld+json\" class=\"yoast-schema-graph\">{\"@context\":\"https:\\\/\\\/schema.org\",\"@graph\":[{\"@type\":\"Article\",\"@id\":\"https:\\\/\\\/www.casaldelsinfants.org\\\/es\\\/actualidad\\\/ninos-cataluna-sufriran-riesgo-pobreza-2020\\\/#article\",\"isPartOf\":{\"@id\":\"https:\\\/\\\/www.casaldelsinfants.org\\\/es\\\/actualidad\\\/ninos-cataluna-sufriran-riesgo-pobreza-2020\\\/\"},\"author\":{\"name\":\"cdiAdmin\",\"@id\":\"https:\\\/\\\/www.casaldelsinfants.org\\\/es\\\/#\\\/schema\\\/person\\\/97707fc8c64900cf36891127dbf9fba8\"},\"headline\":\"Medio mill\u00f3n de ni\u00f1os y ni\u00f1as en Catalunya sufrieron riesgo de pobreza o exclusi\u00f3n social en 2020\",\"datePublished\":\"2021-07-16T06:15:17+00:00\",\"dateModified\":\"2023-06-08T10:40:28+00:00\",\"mainEntityOfPage\":{\"@id\":\"https:\\\/\\\/www.casaldelsinfants.org\\\/es\\\/actualidad\\\/ninos-cataluna-sufriran-riesgo-pobreza-2020\\\/\"},\"wordCount\":673,\"commentCount\":0,\"publisher\":{\"@id\":\"https:\\\/\\\/www.casaldelsinfants.org\\\/es\\\/#organization\"},\"image\":{\"@id\":\"https:\\\/\\\/www.casaldelsinfants.org\\\/es\\\/actualidad\\\/ninos-cataluna-sufriran-riesgo-pobreza-2020\\\/#primaryimage\"},\"thumbnailUrl\":\"https:\\\/\\\/www.casaldelsinfants.org\\\/wp-content\\\/uploads\\\/foto_dades_idescat_0-1.jpg\",\"articleSection\":[\"Noticia\"],\"inLanguage\":\"es\",\"potentialAction\":[{\"@type\":\"CommentAction\",\"name\":\"Comment\",\"target\":[\"https:\\\/\\\/www.casaldelsinfants.org\\\/es\\\/actualidad\\\/ninos-cataluna-sufriran-riesgo-pobreza-2020\\\/#respond\"]}]},{\"@type\":\"WebPage\",\"@id\":\"https:\\\/\\\/www.casaldelsinfants.org\\\/es\\\/actualidad\\\/ninos-cataluna-sufriran-riesgo-pobreza-2020\\\/\",\"url\":\"https:\\\/\\\/www.casaldelsinfants.org\\\/es\\\/actualidad\\\/ninos-cataluna-sufriran-riesgo-pobreza-2020\\\/\",\"name\":\"Medio mill\u00f3n ni\u00f1os y ni\u00f1as pobreza exclusi\u00f3n social Catalunya\",\"isPartOf\":{\"@id\":\"https:\\\/\\\/www.casaldelsinfants.org\\\/es\\\/#website\"},\"primaryImageOfPage\":{\"@id\":\"https:\\\/\\\/www.casaldelsinfants.org\\\/es\\\/actualidad\\\/ninos-cataluna-sufriran-riesgo-pobreza-2020\\\/#primaryimage\"},\"image\":{\"@id\":\"https:\\\/\\\/www.casaldelsinfants.org\\\/es\\\/actualidad\\\/ninos-cataluna-sufriran-riesgo-pobreza-2020\\\/#primaryimage\"},\"thumbnailUrl\":\"https:\\\/\\\/www.casaldelsinfants.org\\\/wp-content\\\/uploads\\\/foto_dades_idescat_0-1.jpg\",\"datePublished\":\"2021-07-16T06:15:17+00:00\",\"dateModified\":\"2023-06-08T10:40:28+00:00\",\"description\":\"En Catalunya 496.000 ni\u00f1os y ni\u00f1as sufrieron\u00a0riesgo de pobreza o exclusi\u00f3n social, 40.200 m\u00e1s que en 2019, seg\u00fan datos de la Encuesta de condiciones de vida publicadas por el Institut d'Estad\u00edstica de Catalunya.\",\"breadcrumb\":{\"@id\":\"https:\\\/\\\/www.casaldelsinfants.org\\\/es\\\/actualidad\\\/ninos-cataluna-sufriran-riesgo-pobreza-2020\\\/#breadcrumb\"},\"inLanguage\":\"es\",\"potentialAction\":[{\"@type\":\"ReadAction\",\"target\":[\"https:\\\/\\\/www.casaldelsinfants.org\\\/es\\\/actualidad\\\/ninos-cataluna-sufriran-riesgo-pobreza-2020\\\/\"]}]},{\"@type\":\"ImageObject\",\"inLanguage\":\"es\",\"@id\":\"https:\\\/\\\/www.casaldelsinfants.org\\\/es\\\/actualidad\\\/ninos-cataluna-sufriran-riesgo-pobreza-2020\\\/#primaryimage\",\"url\":\"https:\\\/\\\/www.casaldelsinfants.org\\\/wp-content\\\/uploads\\\/foto_dades_idescat_0-1.jpg\",\"contentUrl\":\"https:\\\/\\\/www.casaldelsinfants.org\\\/wp-content\\\/uploads\\\/foto_dades_idescat_0-1.jpg\",\"width\":485,\"height\":324,\"caption\":\"Rotllana de nens al terra amb mascareta\"},{\"@type\":\"BreadcrumbList\",\"@id\":\"https:\\\/\\\/www.casaldelsinfants.org\\\/es\\\/actualidad\\\/ninos-cataluna-sufriran-riesgo-pobreza-2020\\\/#breadcrumb\",\"itemListElement\":[{\"@type\":\"ListItem\",\"position\":1,\"name\":\"Inici\",\"item\":\"https:\\\/\\\/www.casaldelsinfants.org\\\/es\\\/\"},{\"@type\":\"ListItem\",\"position\":2,\"name\":\"Medio mill\u00f3n de ni\u00f1os y ni\u00f1as en Catalunya sufrieron riesgo de pobreza o exclusi\u00f3n social en 2020\"}]},{\"@type\":\"WebSite\",\"@id\":\"https:\\\/\\\/www.casaldelsinfants.org\\\/es\\\/#website\",\"url\":\"https:\\\/\\\/www.casaldelsinfants.org\\\/es\\\/\",\"name\":\"Casal dels Infants\",\"description\":\"\",\"publisher\":{\"@id\":\"https:\\\/\\\/www.casaldelsinfants.org\\\/es\\\/#organization\"},\"potentialAction\":[{\"@type\":\"SearchAction\",\"target\":{\"@type\":\"EntryPoint\",\"urlTemplate\":\"https:\\\/\\\/www.casaldelsinfants.org\\\/es\\\/?s={search_term_string}\"},\"query-input\":{\"@type\":\"PropertyValueSpecification\",\"valueRequired\":true,\"valueName\":\"search_term_string\"}}],\"inLanguage\":\"es\"},{\"@type\":\"Organization\",\"@id\":\"https:\\\/\\\/www.casaldelsinfants.org\\\/es\\\/#organization\",\"name\":\"Casal dels Infants\",\"url\":\"https:\\\/\\\/www.casaldelsinfants.org\\\/es\\\/\",\"logo\":{\"@type\":\"ImageObject\",\"inLanguage\":\"es\",\"@id\":\"https:\\\/\\\/www.casaldelsinfants.org\\\/es\\\/#\\\/schema\\\/logo\\\/image\\\/\",\"url\":\"https:\\\/\\\/www.casaldelsinfants.org\\\/wp-content\\\/uploads\\\/logo-mail.png\",\"contentUrl\":\"https:\\\/\\\/www.casaldelsinfants.org\\\/wp-content\\\/uploads\\\/logo-mail.png\",\"width\":380,\"height\":158,\"caption\":\"Casal dels Infants\"},\"image\":{\"@id\":\"https:\\\/\\\/www.casaldelsinfants.org\\\/es\\\/#\\\/schema\\\/logo\\\/image\\\/\"},\"sameAs\":[\"https:\\\/\\\/www.facebook.com\\\/casalinfants\",\"https:\\\/\\\/x.com\\\/casalinfants\",\"https:\\\/\\\/www.youtube.com\\\/user\\\/CasaldelsInfants1\",\"https:\\\/\\\/www.instagram.com\\\/casalinfants\\\/\",\"https:\\\/\\\/www.linkedin.com\\\/company\\\/casaldelsinfants?trk=organization-update_share-update_actor-text\"]},{\"@type\":\"Person\",\"@id\":\"https:\\\/\\\/www.casaldelsinfants.org\\\/es\\\/#\\\/schema\\\/person\\\/97707fc8c64900cf36891127dbf9fba8\",\"name\":\"cdiAdmin\",\"sameAs\":[\"https:\\\/\\\/casaldelsinfants.org\"]}]}<\/script>\n<!-- \/ Yoast SEO plugin. -->","yoast_head_json":{"title":"Medio mill\u00f3n ni\u00f1os y ni\u00f1as pobreza exclusi\u00f3n social Catalunya","description":"En Catalunya 496.000 ni\u00f1os y ni\u00f1as sufrieron\u00a0riesgo de pobreza o exclusi\u00f3n social, 40.200 m\u00e1s que en 2019, seg\u00fan datos de la Encuesta de condiciones de vida publicadas por el Institut d'Estad\u00edstica de Catalunya.","robots":{"index":"index","follow":"follow","max-snippet":"max-snippet:-1","max-image-preview":"max-image-preview:large","max-video-preview":"max-video-preview:-1"},"canonical":"https:\/\/www.casaldelsinfants.org\/es\/actualidad\/ninos-cataluna-sufriran-riesgo-pobreza-2020\/","og_locale":"es_ES","og_type":"article","og_title":"Medio mill\u00f3n ni\u00f1os y ni\u00f1as pobreza exclusi\u00f3n social Catalunya","og_description":"En Catalunya 496.000 ni\u00f1os y ni\u00f1as sufrieron\u00a0riesgo de pobreza o exclusi\u00f3n social, 40.200 m\u00e1s que en 2019, seg\u00fan datos de la Encuesta de condiciones de vida publicadas por el Institut d'Estad\u00edstica de Catalunya.","og_url":"https:\/\/www.casaldelsinfants.org\/es\/actualidad\/ninos-cataluna-sufriran-riesgo-pobreza-2020\/","og_site_name":"Casal dels Infants","article_publisher":"https:\/\/www.facebook.com\/casalinfants","article_published_time":"2021-07-16T06:15:17+00:00","article_modified_time":"2023-06-08T10:40:28+00:00","og_image":[{"width":485,"height":324,"url":"https:\/\/www.casaldelsinfants.org\/wp-content\/uploads\/foto_dades_idescat_0-1.jpg","type":"image\/jpeg"}],"author":"cdiAdmin","twitter_card":"summary_large_image","twitter_creator":"@casalinfants","twitter_site":"@casalinfants","twitter_misc":{"Escrito por":"cdiAdmin","Tiempo de lectura":"4 minutos"},"schema":{"@context":"https:\/\/schema.org","@graph":[{"@type":"Article","@id":"https:\/\/www.casaldelsinfants.org\/es\/actualidad\/ninos-cataluna-sufriran-riesgo-pobreza-2020\/#article","isPartOf":{"@id":"https:\/\/www.casaldelsinfants.org\/es\/actualidad\/ninos-cataluna-sufriran-riesgo-pobreza-2020\/"},"author":{"name":"cdiAdmin","@id":"https:\/\/www.casaldelsinfants.org\/es\/#\/schema\/person\/97707fc8c64900cf36891127dbf9fba8"},"headline":"Medio mill\u00f3n de ni\u00f1os y ni\u00f1as en Catalunya sufrieron riesgo de pobreza o exclusi\u00f3n social en 2020","datePublished":"2021-07-16T06:15:17+00:00","dateModified":"2023-06-08T10:40:28+00:00","mainEntityOfPage":{"@id":"https:\/\/www.casaldelsinfants.org\/es\/actualidad\/ninos-cataluna-sufriran-riesgo-pobreza-2020\/"},"wordCount":673,"commentCount":0,"publisher":{"@id":"https:\/\/www.casaldelsinfants.org\/es\/#organization"},"image":{"@id":"https:\/\/www.casaldelsinfants.org\/es\/actualidad\/ninos-cataluna-sufriran-riesgo-pobreza-2020\/#primaryimage"},"thumbnailUrl":"https:\/\/www.casaldelsinfants.org\/wp-content\/uploads\/foto_dades_idescat_0-1.jpg","articleSection":["Noticia"],"inLanguage":"es","potentialAction":[{"@type":"CommentAction","name":"Comment","target":["https:\/\/www.casaldelsinfants.org\/es\/actualidad\/ninos-cataluna-sufriran-riesgo-pobreza-2020\/#respond"]}]},{"@type":"WebPage","@id":"https:\/\/www.casaldelsinfants.org\/es\/actualidad\/ninos-cataluna-sufriran-riesgo-pobreza-2020\/","url":"https:\/\/www.casaldelsinfants.org\/es\/actualidad\/ninos-cataluna-sufriran-riesgo-pobreza-2020\/","name":"Medio mill\u00f3n ni\u00f1os y ni\u00f1as pobreza exclusi\u00f3n social Catalunya","isPartOf":{"@id":"https:\/\/www.casaldelsinfants.org\/es\/#website"},"primaryImageOfPage":{"@id":"https:\/\/www.casaldelsinfants.org\/es\/actualidad\/ninos-cataluna-sufriran-riesgo-pobreza-2020\/#primaryimage"},"image":{"@id":"https:\/\/www.casaldelsinfants.org\/es\/actualidad\/ninos-cataluna-sufriran-riesgo-pobreza-2020\/#primaryimage"},"thumbnailUrl":"https:\/\/www.casaldelsinfants.org\/wp-content\/uploads\/foto_dades_idescat_0-1.jpg","datePublished":"2021-07-16T06:15:17+00:00","dateModified":"2023-06-08T10:40:28+00:00","description":"En Catalunya 496.000 ni\u00f1os y ni\u00f1as sufrieron\u00a0riesgo de pobreza o exclusi\u00f3n social, 40.200 m\u00e1s que en 2019, seg\u00fan datos de la Encuesta de condiciones de vida publicadas por el Institut d'Estad\u00edstica de Catalunya.","breadcrumb":{"@id":"https:\/\/www.casaldelsinfants.org\/es\/actualidad\/ninos-cataluna-sufriran-riesgo-pobreza-2020\/#breadcrumb"},"inLanguage":"es","potentialAction":[{"@type":"ReadAction","target":["https:\/\/www.casaldelsinfants.org\/es\/actualidad\/ninos-cataluna-sufriran-riesgo-pobreza-2020\/"]}]},{"@type":"ImageObject","inLanguage":"es","@id":"https:\/\/www.casaldelsinfants.org\/es\/actualidad\/ninos-cataluna-sufriran-riesgo-pobreza-2020\/#primaryimage","url":"https:\/\/www.casaldelsinfants.org\/wp-content\/uploads\/foto_dades_idescat_0-1.jpg","contentUrl":"https:\/\/www.casaldelsinfants.org\/wp-content\/uploads\/foto_dades_idescat_0-1.jpg","width":485,"height":324,"caption":"Rotllana de nens al terra amb mascareta"},{"@type":"BreadcrumbList","@id":"https:\/\/www.casaldelsinfants.org\/es\/actualidad\/ninos-cataluna-sufriran-riesgo-pobreza-2020\/#breadcrumb","itemListElement":[{"@type":"ListItem","position":1,"name":"Inici","item":"https:\/\/www.casaldelsinfants.org\/es\/"},{"@type":"ListItem","position":2,"name":"Medio mill\u00f3n de ni\u00f1os y ni\u00f1as en Catalunya sufrieron riesgo de pobreza o exclusi\u00f3n social en 2020"}]},{"@type":"WebSite","@id":"https:\/\/www.casaldelsinfants.org\/es\/#website","url":"https:\/\/www.casaldelsinfants.org\/es\/","name":"Casal dels Infants","description":"","publisher":{"@id":"https:\/\/www.casaldelsinfants.org\/es\/#organization"},"potentialAction":[{"@type":"SearchAction","target":{"@type":"EntryPoint","urlTemplate":"https:\/\/www.casaldelsinfants.org\/es\/?s={search_term_string}"},"query-input":{"@type":"PropertyValueSpecification","valueRequired":true,"valueName":"search_term_string"}}],"inLanguage":"es"},{"@type":"Organization","@id":"https:\/\/www.casaldelsinfants.org\/es\/#organization","name":"Casal dels Infants","url":"https:\/\/www.casaldelsinfants.org\/es\/","logo":{"@type":"ImageObject","inLanguage":"es","@id":"https:\/\/www.casaldelsinfants.org\/es\/#\/schema\/logo\/image\/","url":"https:\/\/www.casaldelsinfants.org\/wp-content\/uploads\/logo-mail.png","contentUrl":"https:\/\/www.casaldelsinfants.org\/wp-content\/uploads\/logo-mail.png","width":380,"height":158,"caption":"Casal dels Infants"},"image":{"@id":"https:\/\/www.casaldelsinfants.org\/es\/#\/schema\/logo\/image\/"},"sameAs":["https:\/\/www.facebook.com\/casalinfants","https:\/\/x.com\/casalinfants","https:\/\/www.youtube.com\/user\/CasaldelsInfants1","https:\/\/www.instagram.com\/casalinfants\/","https:\/\/www.linkedin.com\/company\/casaldelsinfants?trk=organization-update_share-update_actor-text"]},{"@type":"Person","@id":"https:\/\/www.casaldelsinfants.org\/es\/#\/schema\/person\/97707fc8c64900cf36891127dbf9fba8","name":"cdiAdmin","sameAs":["https:\/\/casaldelsinfants.org"]}]}},"publishpress_future_action":{"enabled":false,"date":"2026-05-08 17:06:35","action":"change-status","newStatus":"draft","terms":[],"taxonomy":"category","extraData":[]},"publishpress_future_workflow_manual_trigger":{"enabledWorkflows":[]},"_links":{"self":[{"href":"https:\/\/www.casaldelsinfants.org\/es\/wp-json\/wp\/v2\/posts\/4279","targetHints":{"allow":["GET"]}}],"collection":[{"href":"https:\/\/www.casaldelsinfants.org\/es\/wp-json\/wp\/v2\/posts"}],"about":[{"href":"https:\/\/www.casaldelsinfants.org\/es\/wp-json\/wp\/v2\/types\/post"}],"author":[{"embeddable":true,"href":"https:\/\/www.casaldelsinfants.org\/es\/wp-json\/wp\/v2\/users\/1"}],"replies":[{"embeddable":true,"href":"https:\/\/www.casaldelsinfants.org\/es\/wp-json\/wp\/v2\/comments?post=4279"}],"version-history":[{"count":1,"href":"https:\/\/www.casaldelsinfants.org\/es\/wp-json\/wp\/v2\/posts\/4279\/revisions"}],"predecessor-version":[{"id":6257,"href":"https:\/\/www.casaldelsinfants.org\/es\/wp-json\/wp\/v2\/posts\/4279\/revisions\/6257"}],"wp:featuredmedia":[{"embeddable":true,"href":"https:\/\/www.casaldelsinfants.org\/es\/wp-json\/wp\/v2\/media\/3054"}],"wp:attachment":[{"href":"https:\/\/www.casaldelsinfants.org\/es\/wp-json\/wp\/v2\/media?parent=4279"}],"wp:term":[{"taxonomy":"category","embeddable":true,"href":"https:\/\/www.casaldelsinfants.org\/es\/wp-json\/wp\/v2\/categories?post=4279"},{"taxonomy":"post_tag","embeddable":true,"href":"https:\/\/www.casaldelsinfants.org\/es\/wp-json\/wp\/v2\/tags?post=4279"},{"taxonomy":"seus","embeddable":true,"href":"https:\/\/www.casaldelsinfants.org\/es\/wp-json\/wp\/v2\/seus?post=4279"},{"taxonomy":"eixos","embeddable":true,"href":"https:\/\/www.casaldelsinfants.org\/es\/wp-json\/wp\/v2\/eixos?post=4279"}],"curies":[{"name":"wp","href":"https:\/\/api.w.org\/{rel}","templated":true}]}}