{"id":4280,"date":"2021-07-13T09:42:54","date_gmt":"2021-07-13T07:42:54","guid":{"rendered":"https:\/\/casal.puntzero.cat\/noticies\/fomentar-lhabit-de-la-lectura-en-els-infants\/"},"modified":"2023-11-23T12:29:57","modified_gmt":"2023-11-23T10:29:57","slug":"fomentar-lhabit-de-la-lectura-en-els-infants","status":"publish","type":"post","link":"https:\/\/www.casaldelsinfants.org\/es\/actualidad\/fomentar-lhabit-de-la-lectura-en-els-infants\/","title":{"rendered":"Fomentar el h\u00e1bito de la lectura en los ni\u00f1os y ni\u00f1as"},"content":{"rendered":"<p>&nbsp;<\/p>\n<p dir=\"ltr\"><span style=\"color: #000000;\">Aunque el verano nos permite realizar muchas actividades en el exterior y disfrutar del buen tiempo al aire libre, las vacaciones escolares son muy largas y inevitablemente nuestros hijos e hijas tambi\u00e9n pasar\u00e1n un mont\u00f3n de horas muertas en casa. Estos d\u00edas en los que los ni\u00f1os y ni\u00f1as disponen de muchas horas de ocio,\u00a0<strong>puede ser un buen momento para fomentar el h\u00e1bito de la lectura.\u00a0<\/strong><\/span><\/p>\n<p dir=\"ltr\"><span style=\"color: #000000;\"><strong>En el\u00a0Casal dels Infants hacemos un mont\u00f3n de actividades enfocadas a que los ni\u00f1os y ni\u00f1as disfruten de la lectura,\u00a0<\/strong>como os explic\u00e1bamos en<\/span> <u>esta noticia <\/u><span style=\"color: #000000;\">de nuestro bolet\u00edn.\u00a0<\/span><\/p>\n<p dir=\"ltr\"><span style=\"color: #000000;\">La lectura y la escritura nos aportan muchos beneficios, en este art\u00edculo os los contamos y os damos algunas ideas para\u00a0<strong>motivar a vuestros hijos e hijas a coger un libro y empezar a adquirir el maravilloso h\u00e1bito de la lectura.\u00a0<\/strong><\/span><\/p>\n<p dir=\"ltr\"><strong>Beneficios de la lectura<\/strong><\/p>\n<p><span style=\"color: #000000;\"><strong>Los beneficios de la lectura se reflejan en los ni\u00f1os y ni\u00f1as a la hora de estudiar y adquirir conocimientos.\u00a0<\/strong>La lectura les permite interpretar su entorno, investigar sobre sus intereses, ampliar sus aprendizajes y acceder a gran variedad de contenidos. Adem\u00e1s, leer les ayudar\u00e1 a conocer el mundo que les rodea y a conocerse a ellos mismos.\u00a0<\/span><\/p>\n<p><span style=\"color: #000000;\">Algunos\u00a0<strong>beneficios de fomentar el h\u00e1bito de la lectura en los ni\u00f1os y ni\u00f1as\u00a0<\/strong>son:\u00a0<\/span><\/p>\n<ul>\n<li><span style=\"color: #000000;\">Aumenta la agilidad mental<\/span><\/li>\n<li dir=\"ltr\" aria-level=\"1\">\n<p dir=\"ltr\" role=\"presentation\"><span style=\"color: #000000;\">Fomenta la base para la alfabetizaci\u00f3n\u00a0<\/span><\/p>\n<\/li>\n<li dir=\"ltr\" aria-level=\"1\">\n<p dir=\"ltr\" role=\"presentation\"><span style=\"color: #000000;\">Favorece el pensamiento reflexivo y cr\u00edtico<\/span><\/p>\n<\/li>\n<li dir=\"ltr\" aria-level=\"1\">\n<p dir=\"ltr\" role=\"presentation\"><span style=\"color: #000000;\">Mejora los resultados acad\u00e9micos en general\u00a0<\/span><\/p>\n<\/li>\n<li dir=\"ltr\" aria-level=\"1\">\n<p dir=\"ltr\" role=\"presentation\"><span style=\"color: #000000;\">Enriquece mucho su vocabulario<\/span><\/p>\n<\/li>\n<li dir=\"ltr\" aria-level=\"1\">\n<p dir=\"ltr\" role=\"presentation\"><span style=\"color: #000000;\">Despierta la curiosidad\u00a0<\/span><\/p>\n<\/li>\n<li dir=\"ltr\" aria-level=\"1\">\n<p dir=\"ltr\" role=\"presentation\"><span style=\"color: #000000;\">Mejora\u00a0la comprensi\u00f3n lectora<\/span><\/p>\n<\/li>\n<li dir=\"ltr\" aria-level=\"1\">\n<p dir=\"ltr\" role=\"presentation\"><span style=\"color: #000000;\">Mejora la expresi\u00f3n escrita y la ortograf\u00eda<\/span><\/p>\n<\/li>\n<li dir=\"ltr\" aria-level=\"1\">\n<p dir=\"ltr\" role=\"presentation\"><span style=\"color: #000000;\">Permite proyectar los propios miedos y conflictos\u00a0<\/span><\/p>\n<\/li>\n<li dir=\"ltr\" aria-level=\"1\">\n<p dir=\"ltr\" role=\"presentation\"><span style=\"color: #000000;\">Mejora la concentraci\u00f3n y la memoria\u00a0<\/span><\/p>\n<\/li>\n<li dir=\"ltr\" aria-level=\"1\">\n<p dir=\"ltr\" role=\"presentation\"><span style=\"color: #000000;\">Desarrolla las habilidades comunicativas\u00a0<\/span><\/p>\n<\/li>\n<li dir=\"ltr\" aria-level=\"1\">\n<p dir=\"ltr\" role=\"presentation\"><span style=\"color: #000000;\">Potencia la creatividad y la imaginaci\u00f3n\u00a0<\/span><\/p>\n<\/li>\n<\/ul>\n<p>&nbsp;<\/p>\n<p><img decoding=\"async\" class=\"align-center\" src=\"\/wp-content\/uploads\/inline-images\/casaldelsinfants.llibres%20i%20nens.jpg\" alt=\"nens llegint\" width=\"480\" height=\"339\" data-entity-type=\"file\" data-entity-uuid=\"1998f807-5d02-49a5-b989-461d804f91f3\" data-image-style=\"large\" \/><\/p>\n<p dir=\"ltr\"><span style=\"color: #000000;\">Adem\u00e1s, leer es tambi\u00e9n un <\/span><a href=\" https:\/\/psicologiaymente.com\/neurociencias\/beneficios-leer-libros-cerebro\" rel=\"nofollow\"><u>ejercicio muy beneficioso para nuestro cerebro<\/u><\/a><span style=\"color: #000000;\">.\u00a0<\/span><\/p>\n<p dir=\"ltr\"><span style=\"color: #000000;\">Es posible que, aun siendo conscientes de estos beneficios, muchos de vosotros os encontr\u00e9is con el problema de que vuestros hijos e hijas muestran muy poco inter\u00e9s por la lectura.\u00a0<\/span><\/p>\n<p dir=\"ltr\"><span style=\"color: #000000;\">Actualmente, con la infinidad de est\u00edmulos y las nuevas tecnolog\u00edas que tienen a su alcance,\u00a0<strong>los ni\u00f1os, ni\u00f1as y adolescentes leen cada vez menos y es dif\u00edcil alejarlos de las pantallas\u00a0<\/strong>(pr\u00f3ximamente compartiremos algunos consejos para ayudaros a regular el uso de las pantallas de vuestros hijos durante las vacaciones).\u00a0<\/span><\/p>\n<p><span style=\"color: #000000;\">No es tarea f\u00e1cil, pero a pesar de las dificultades no debemos darnos por vencidos, porque\u00a0nuestro papel como padres y madres para transmitir el amor por la lectura a nuestros hijos es muy importante.\u00a0<\/span><\/p>\n<p dir=\"ltr\"><strong>Acompa\u00f1arles\u00a0en el proceso de la lectura\u00a0<\/strong><\/p>\n<p><span style=\"color: #000000;\">Aprender a leer es un proceso mental que debe aprender a hacer el ni\u00f1o con nuestro acompa\u00f1amiento.Adquirir una buena lectura no es f\u00e1cil y para llegar a ser buenos lectores los ni\u00f1os y ni\u00f1as deben invertir muchas horas para mecanizar la lectura, coger agilidad y fluidez lectora, adquirir buena comprensi\u00f3n, hacer una buena entonaci\u00f3n&#8230;<\/span><\/p>\n<p><span style=\"color: #000000;\"><strong>Si queremos que nuestros hijos adquieran un h\u00e1bito lector, los padres y madres debemos acompa\u00f1arles en este proceso de aprendizaje\u00a0<\/strong>disfrutando de muchas horas de lectura compartida y, al mismo tiempo, haciendo posible que el ni\u00f1o\u00a0disponga de ratos de lectura individual (estresados como van con los deberes y los extraescolares, a veces no tienen tiempo para dedicar a la lectura).\u00a0<\/span><\/p>\n<p><span style=\"color: #000000;\">Los padres y madres somos modelos de comportamiento para nuestros hijos, por eso es importante que os vean leer y disfrutar de la lectura, que les transmit\u00e1is que leer es un placer y que la lectura sea un elemento habitual en vuestra vida familiar.\u00a0<\/span><\/p>\n<p><img decoding=\"async\" class=\"align-center\" src=\"\/wp-content\/uploads\/inline-images\/casaldelsinfants.lecturaparc_0.jpg\" alt=\"nens llegint al parc\" width=\"480\" height=\"320\" data-entity-type=\"file\" data-entity-uuid=\"020efdf1-4cde-4e99-a804-760e714d4a7d\" data-image-style=\"large\" \/><\/p>\n<p dir=\"ltr\"><span style=\"color: #000000;\">Id juntos a la biblioteca, comentad los libros que os est\u00e1is leyendo, aprovechad Sant Jordi y los cumplea\u00f1os para regalaros libros, y acordad un rato diario para leer, por ejemplo antes de ir a dormir.\u00a0<\/span><\/p>\n<p dir=\"ltr\"><strong>No os limit\u00e9is a los cuentos y las novelas<\/strong><\/p>\n<p dir=\"ltr\"><span style=\"color: #000000;\">Si quer\u00e9is que vuestros hijos no vean la lectura como un castigo, es importante\u00a0<strong>ofrecerles gran variedad de propuestas lectoras\u00a0<\/strong>para que las vayan probando y decidan qu\u00e9 se adapta m\u00e1s a sus intereses.\u00a0<\/span><\/p>\n<p dir=\"ltr\"><span style=\"color: #000000;\">Para enganchar a los adolescentes pod\u00e9is probar tanto con las novelas juveniles, donde encontramos<\/span> <a href=\"http:\/\/www.eltemplodelasmilpuertas.com\/catalogo-novedades\/\" rel=\"nofollow\"><u>propuestas interesantes para todos los gustos<\/u><\/a><span style=\"color: #000000;\">, como con los libros din\u00e1micos del estilo <\/span><a href=\"https:\/\/es.wikipedia.org\/wiki\/Elige_tu_propia_aventura\" rel=\"nofollow\"><u>\u00abElige\u00a0tu propia aventura\u00bb\u00a0<\/u><\/a>, <span style=\"color: #000000;\">que les permite escoger c\u00f3mo quieren que se desarrolle la historia.\u00a0<\/span><\/p>\n<p dir=\"ltr\"><span style=\"color: #000000;\">Pero si vuestros hijos e hijas se muestran poco receptivos a estas propuestas ten\u00e9is alternativas:\u00a0<\/span><\/p>\n<ul>\n<li dir=\"ltr\" aria-level=\"1\">\n<p dir=\"ltr\" role=\"presentation\"><span style=\"color: #000000;\"><strong>C\u00f3mics<\/strong>: La cantidad de texto del c\u00f3mic es reducida y el dibujo facilita la comprensi\u00f3n de la historia.\u00a0<\/span><\/p>\n<\/li>\n<li dir=\"ltr\" aria-level=\"1\">\n<p dir=\"ltr\" role=\"presentation\"><span style=\"color: #000000;\"><strong>Biograf\u00edas de personajes<\/strong>: Conocer la vida de alg\u00fan personaje famoso que admiren puede despertar su inter\u00e9s por la lectura.\u00a0<\/span><\/p>\n<\/li>\n<li dir=\"ltr\" aria-level=\"1\">\n<p dir=\"ltr\" role=\"presentation\"><span style=\"color: #000000;\"><strong>Noticias\u00a0d\u2019actualidad:<\/strong>\u00a0Pod\u00e9is proponerles que busquen una noticia sobre lo que quieran y que os la expliquen para comentarla.\u00a0<\/span><\/p>\n<\/li>\n<li dir=\"ltr\" aria-level=\"1\">\n<p dir=\"ltr\" role=\"presentation\"><span style=\"color: #000000;\"><strong>Poemas<\/strong>: Tras leer el poema podemos establecer una conversaci\u00f3n para interpretar el sentido que creemos que quiere transmitir el poeta.\u00a0<\/span><\/p>\n<\/li>\n<li dir=\"ltr\" aria-level=\"1\">\n<p dir=\"ltr\" role=\"presentation\"><span style=\"color: #000000;\"><strong>Entrevistas:<\/strong> Leyendo entrevistas de personajes que sean de su inter\u00e9s les animaremos a leer y les mostraremos el tipo de di\u00e1logo que se da en una entrevista.\u00a0<\/span><\/p>\n<\/li>\n<li dir=\"ltr\" aria-level=\"1\">\n<p dir=\"ltr\" role=\"presentation\"><span style=\"color: #000000;\"><strong>Revistas especializadas<\/strong>: En temas que puedan interesarles como m\u00fasica, deporte, moda, ciencia&#8230;\u00a0<\/span><\/p>\n<\/li>\n<\/ul>\n<p><img decoding=\"async\" class=\"align-center\" src=\"\/wp-content\/uploads\/inline-images\/casaldelsinfants.revstes.jpg\" alt=\"revistes\" width=\"480\" height=\"360\" data-entity-type=\"file\" data-entity-uuid=\"8fe77cb0-45d9-465b-8bd6-391ed6614f5b\" data-image-style=\"large\" \/><\/p>\n<p dir=\"ltr\"><strong>Jugar a ser escritores<\/strong><\/p>\n<p><span style=\"color: #000000;\">Otra actividad que pod\u00e9is proponer a vuestros hijos e hijas estas vacaciones es la de jugar a ser escritores. Que sean ellos quienes decidan de qu\u00e9 les apetece hablar, qu\u00e9 quieren explicar y que se inventen un relato. Dejadles libertad en el tema y en c\u00f3mo estructurarlo, en el g\u00e9nero que prefieren, si quieren ilustraciones&#8230;<\/span><\/p>\n<p><span style=\"color: #000000;\">Precisamente esto es lo que\u00a0<strong>han podido hacer los ni\u00f1os y ni\u00f1as del grupo de medianos del Casal dels Infants del barrio del Raval.\u00a0<\/strong>Han ideado, escrito e ilustrado 5 cuentos que se han publicado en la recopilaci\u00f3n\u00a0\u00a0\u00abUn cuento, una ilusi\u00f3n\u00bb en colaboraci\u00f3n con la editorial Stenella. Ha sido un proceso muy enriquecedor y emocionante que pod\u00e9is descubrir en <\/span><a href=\"https:\/\/www.casaldelsinfants.org\/actualitat\/conte-illusio-cinc-histories-nens-i-nenes-casal-dels-infants-i\/\" rel=\"nofollow\"><u>esta noticia de nuestro bolet\u00edn<\/u><\/a><span style=\"color: #000000;\">.\u00a0<\/span><\/p>\n<blockquote>\n<p dir=\"ltr\"><b id=\"docs-internal-guid-1280c56a-7fff-60c1-1ce7-53340fbba70c\">En el Casal dels Infants reivindicamos que\u00a0la lectura y la escritura son claves en la educaci\u00f3n y la inclusi\u00f3n social de todos lis ni\u00f1os, ni\u00f1as y j\u00f3venes, y deben estar al alcance de todos y todas.\u00a0<\/b><\/p>\n<p dir=\"ltr\"><b>\u00a1<a href=\"https:\/\/www.casaldelsinfants.org\/es\/dona-ahora-verano\/\" rel=\"nofollow\"><u>Ay\u00fadanos<\/u><\/a> a continuar garantizando el acceso a la cultura y la educaci\u00f3n e 4.000 ni\u00f1os, ni\u00f1as y j\u00f3venes en situaci\u00f3n de alto riesgo!<\/b><\/p>\n<p dir=\"ltr\">\n<\/blockquote>\n","protected":false},"excerpt":{"rendered":"<p>&nbsp; Aunque el verano nos permite realizar muchas actividades en el exterior y disfrutar del buen tiempo al aire libre, las vacaciones escolares son muy largas y inevitablemente nuestros hijos e hijas tambi\u00e9n pasar\u00e1n un mont\u00f3n de horas muertas en casa. Estos d\u00edas en los que los ni\u00f1os y ni\u00f1as disponen de muchas horas de [&hellip;]<\/p>\n","protected":false},"author":1,"featured_media":3057,"comment_status":"closed","ping_status":"closed","sticky":false,"template":"","format":"standard","meta":{"_acf_changed":false,"_et_pb_use_builder":"","_et_pb_old_content":"","_et_gb_content_width":"","inline_featured_image":false,"footnotes":""},"categories":[125],"tags":[],"seus":[],"eixos":[],"class_list":["post-4280","post","type-post","status-publish","format-standard","has-post-thumbnail","hentry","category-noticias"],"acf":[],"yoast_head":"<!-- This site is optimized with the Yoast SEO plugin v27.4 - https:\/\/yoast.com\/product\/yoast-seo-wordpress\/ -->\n<title>Noticia|Fomentar el h\u00e1bito de la lectura en los ni\u00f1os y ni\u00f1as<\/title>\n<meta name=\"description\" content=\"Las vacaciones pueden ser un buen momento para fomentar el h\u00e1bito de la lectura en los ni\u00f1os y ni\u00f1as. Te explicamos c\u00f3mo conseguirlo en este art\u00edculo.\" \/>\n<meta name=\"robots\" content=\"index, follow, max-snippet:-1, max-image-preview:large, max-video-preview:-1\" \/>\n<link rel=\"canonical\" href=\"https:\/\/www.casaldelsinfants.org\/es\/actualidad\/fomentar-lhabit-de-la-lectura-en-els-infants\/\" \/>\n<meta property=\"og:locale\" content=\"es_ES\" \/>\n<meta property=\"og:type\" content=\"article\" \/>\n<meta property=\"og:title\" content=\"Noticia|Fomentar el h\u00e1bito de la lectura en los ni\u00f1os y ni\u00f1as\" \/>\n<meta property=\"og:description\" content=\"Las vacaciones pueden ser un buen momento para fomentar el h\u00e1bito de la lectura en los ni\u00f1os y ni\u00f1as. Te explicamos c\u00f3mo conseguirlo en este art\u00edculo.\" \/>\n<meta property=\"og:url\" content=\"https:\/\/www.casaldelsinfants.org\/es\/actualidad\/fomentar-lhabit-de-la-lectura-en-els-infants\/\" \/>\n<meta property=\"og:site_name\" content=\"Casal dels Infants\" \/>\n<meta property=\"article:publisher\" content=\"https:\/\/www.facebook.com\/casalinfants\" \/>\n<meta property=\"article:published_time\" content=\"2021-07-13T07:42:54+00:00\" \/>\n<meta property=\"article:modified_time\" content=\"2023-11-23T10:29:57+00:00\" \/>\n<meta property=\"og:image\" content=\"https:\/\/www.casaldelsinfants.org\/wp-content\/uploads\/casaldelsinfants.lectura.jpg\" \/>\n\t<meta property=\"og:image:width\" content=\"640\" \/>\n\t<meta property=\"og:image:height\" content=\"427\" \/>\n\t<meta property=\"og:image:type\" content=\"image\/jpeg\" \/>\n<meta name=\"author\" content=\"cdiAdmin\" \/>\n<meta name=\"twitter:card\" content=\"summary_large_image\" \/>\n<meta name=\"twitter:creator\" content=\"@casalinfants\" \/>\n<meta name=\"twitter:site\" content=\"@casalinfants\" \/>\n<meta name=\"twitter:label1\" content=\"Escrito por\" \/>\n\t<meta name=\"twitter:data1\" content=\"cdiAdmin\" \/>\n\t<meta name=\"twitter:label2\" content=\"Tiempo de lectura\" \/>\n\t<meta name=\"twitter:data2\" content=\"6 minutos\" \/>\n<script type=\"application\/ld+json\" class=\"yoast-schema-graph\">{\"@context\":\"https:\\\/\\\/schema.org\",\"@graph\":[{\"@type\":\"Article\",\"@id\":\"https:\\\/\\\/www.casaldelsinfants.org\\\/es\\\/actualidad\\\/fomentar-lhabit-de-la-lectura-en-els-infants\\\/#article\",\"isPartOf\":{\"@id\":\"https:\\\/\\\/www.casaldelsinfants.org\\\/es\\\/actualidad\\\/fomentar-lhabit-de-la-lectura-en-els-infants\\\/\"},\"author\":{\"name\":\"cdiAdmin\",\"@id\":\"https:\\\/\\\/www.casaldelsinfants.org\\\/es\\\/#\\\/schema\\\/person\\\/97707fc8c64900cf36891127dbf9fba8\"},\"headline\":\"Fomentar el h\u00e1bito de la lectura en los ni\u00f1os y ni\u00f1as\",\"datePublished\":\"2021-07-13T07:42:54+00:00\",\"dateModified\":\"2023-11-23T10:29:57+00:00\",\"mainEntityOfPage\":{\"@id\":\"https:\\\/\\\/www.casaldelsinfants.org\\\/es\\\/actualidad\\\/fomentar-lhabit-de-la-lectura-en-els-infants\\\/\"},\"wordCount\":1112,\"publisher\":{\"@id\":\"https:\\\/\\\/www.casaldelsinfants.org\\\/es\\\/#organization\"},\"image\":{\"@id\":\"https:\\\/\\\/www.casaldelsinfants.org\\\/es\\\/actualidad\\\/fomentar-lhabit-de-la-lectura-en-els-infants\\\/#primaryimage\"},\"thumbnailUrl\":\"https:\\\/\\\/www.casaldelsinfants.org\\\/wp-content\\\/uploads\\\/casaldelsinfants.lectura.jpg\",\"articleSection\":[\"Noticia\"],\"inLanguage\":\"es\"},{\"@type\":\"WebPage\",\"@id\":\"https:\\\/\\\/www.casaldelsinfants.org\\\/es\\\/actualidad\\\/fomentar-lhabit-de-la-lectura-en-els-infants\\\/\",\"url\":\"https:\\\/\\\/www.casaldelsinfants.org\\\/es\\\/actualidad\\\/fomentar-lhabit-de-la-lectura-en-els-infants\\\/\",\"name\":\"Noticia|Fomentar el h\u00e1bito de la lectura en los ni\u00f1os y ni\u00f1as\",\"isPartOf\":{\"@id\":\"https:\\\/\\\/www.casaldelsinfants.org\\\/es\\\/#website\"},\"primaryImageOfPage\":{\"@id\":\"https:\\\/\\\/www.casaldelsinfants.org\\\/es\\\/actualidad\\\/fomentar-lhabit-de-la-lectura-en-els-infants\\\/#primaryimage\"},\"image\":{\"@id\":\"https:\\\/\\\/www.casaldelsinfants.org\\\/es\\\/actualidad\\\/fomentar-lhabit-de-la-lectura-en-els-infants\\\/#primaryimage\"},\"thumbnailUrl\":\"https:\\\/\\\/www.casaldelsinfants.org\\\/wp-content\\\/uploads\\\/casaldelsinfants.lectura.jpg\",\"datePublished\":\"2021-07-13T07:42:54+00:00\",\"dateModified\":\"2023-11-23T10:29:57+00:00\",\"description\":\"Las vacaciones pueden ser un buen momento para fomentar el h\u00e1bito de la lectura en los ni\u00f1os y ni\u00f1as. Te explicamos c\u00f3mo conseguirlo en este art\u00edculo.\",\"breadcrumb\":{\"@id\":\"https:\\\/\\\/www.casaldelsinfants.org\\\/es\\\/actualidad\\\/fomentar-lhabit-de-la-lectura-en-els-infants\\\/#breadcrumb\"},\"inLanguage\":\"es\",\"potentialAction\":[{\"@type\":\"ReadAction\",\"target\":[\"https:\\\/\\\/www.casaldelsinfants.org\\\/es\\\/actualidad\\\/fomentar-lhabit-de-la-lectura-en-els-infants\\\/\"]}]},{\"@type\":\"ImageObject\",\"inLanguage\":\"es\",\"@id\":\"https:\\\/\\\/www.casaldelsinfants.org\\\/es\\\/actualidad\\\/fomentar-lhabit-de-la-lectura-en-els-infants\\\/#primaryimage\",\"url\":\"https:\\\/\\\/www.casaldelsinfants.org\\\/wp-content\\\/uploads\\\/casaldelsinfants.lectura.jpg\",\"contentUrl\":\"https:\\\/\\\/www.casaldelsinfants.org\\\/wp-content\\\/uploads\\\/casaldelsinfants.lectura.jpg\",\"width\":640,\"height\":427,\"caption\":\"Fomentar l'h\u00e0bit de la lectura en els infants\"},{\"@type\":\"BreadcrumbList\",\"@id\":\"https:\\\/\\\/www.casaldelsinfants.org\\\/es\\\/actualidad\\\/fomentar-lhabit-de-la-lectura-en-els-infants\\\/#breadcrumb\",\"itemListElement\":[{\"@type\":\"ListItem\",\"position\":1,\"name\":\"Inici\",\"item\":\"https:\\\/\\\/www.casaldelsinfants.org\\\/es\\\/\"},{\"@type\":\"ListItem\",\"position\":2,\"name\":\"Fomentar el h\u00e1bito de la lectura en los ni\u00f1os y ni\u00f1as\"}]},{\"@type\":\"WebSite\",\"@id\":\"https:\\\/\\\/www.casaldelsinfants.org\\\/es\\\/#website\",\"url\":\"https:\\\/\\\/www.casaldelsinfants.org\\\/es\\\/\",\"name\":\"Casal dels Infants\",\"description\":\"\",\"publisher\":{\"@id\":\"https:\\\/\\\/www.casaldelsinfants.org\\\/es\\\/#organization\"},\"potentialAction\":[{\"@type\":\"SearchAction\",\"target\":{\"@type\":\"EntryPoint\",\"urlTemplate\":\"https:\\\/\\\/www.casaldelsinfants.org\\\/es\\\/?s={search_term_string}\"},\"query-input\":{\"@type\":\"PropertyValueSpecification\",\"valueRequired\":true,\"valueName\":\"search_term_string\"}}],\"inLanguage\":\"es\"},{\"@type\":\"Organization\",\"@id\":\"https:\\\/\\\/www.casaldelsinfants.org\\\/es\\\/#organization\",\"name\":\"Casal dels Infants\",\"url\":\"https:\\\/\\\/www.casaldelsinfants.org\\\/es\\\/\",\"logo\":{\"@type\":\"ImageObject\",\"inLanguage\":\"es\",\"@id\":\"https:\\\/\\\/www.casaldelsinfants.org\\\/es\\\/#\\\/schema\\\/logo\\\/image\\\/\",\"url\":\"https:\\\/\\\/www.casaldelsinfants.org\\\/wp-content\\\/uploads\\\/logo-mail.png\",\"contentUrl\":\"https:\\\/\\\/www.casaldelsinfants.org\\\/wp-content\\\/uploads\\\/logo-mail.png\",\"width\":380,\"height\":158,\"caption\":\"Casal dels Infants\"},\"image\":{\"@id\":\"https:\\\/\\\/www.casaldelsinfants.org\\\/es\\\/#\\\/schema\\\/logo\\\/image\\\/\"},\"sameAs\":[\"https:\\\/\\\/www.facebook.com\\\/casalinfants\",\"https:\\\/\\\/x.com\\\/casalinfants\",\"https:\\\/\\\/www.youtube.com\\\/user\\\/CasaldelsInfants1\",\"https:\\\/\\\/www.instagram.com\\\/casalinfants\\\/\",\"https:\\\/\\\/www.linkedin.com\\\/company\\\/casaldelsinfants?trk=organization-update_share-update_actor-text\"]},{\"@type\":\"Person\",\"@id\":\"https:\\\/\\\/www.casaldelsinfants.org\\\/es\\\/#\\\/schema\\\/person\\\/97707fc8c64900cf36891127dbf9fba8\",\"name\":\"cdiAdmin\",\"sameAs\":[\"https:\\\/\\\/casaldelsinfants.org\"]}]}<\/script>\n<!-- \/ Yoast SEO plugin. -->","yoast_head_json":{"title":"Noticia|Fomentar el h\u00e1bito de la lectura en los ni\u00f1os y ni\u00f1as","description":"Las vacaciones pueden ser un buen momento para fomentar el h\u00e1bito de la lectura en los ni\u00f1os y ni\u00f1as. Te explicamos c\u00f3mo conseguirlo en este art\u00edculo.","robots":{"index":"index","follow":"follow","max-snippet":"max-snippet:-1","max-image-preview":"max-image-preview:large","max-video-preview":"max-video-preview:-1"},"canonical":"https:\/\/www.casaldelsinfants.org\/es\/actualidad\/fomentar-lhabit-de-la-lectura-en-els-infants\/","og_locale":"es_ES","og_type":"article","og_title":"Noticia|Fomentar el h\u00e1bito de la lectura en los ni\u00f1os y ni\u00f1as","og_description":"Las vacaciones pueden ser un buen momento para fomentar el h\u00e1bito de la lectura en los ni\u00f1os y ni\u00f1as. Te explicamos c\u00f3mo conseguirlo en este art\u00edculo.","og_url":"https:\/\/www.casaldelsinfants.org\/es\/actualidad\/fomentar-lhabit-de-la-lectura-en-els-infants\/","og_site_name":"Casal dels Infants","article_publisher":"https:\/\/www.facebook.com\/casalinfants","article_published_time":"2021-07-13T07:42:54+00:00","article_modified_time":"2023-11-23T10:29:57+00:00","og_image":[{"width":640,"height":427,"url":"https:\/\/www.casaldelsinfants.org\/wp-content\/uploads\/casaldelsinfants.lectura.jpg","type":"image\/jpeg"}],"author":"cdiAdmin","twitter_card":"summary_large_image","twitter_creator":"@casalinfants","twitter_site":"@casalinfants","twitter_misc":{"Escrito por":"cdiAdmin","Tiempo de lectura":"6 minutos"},"schema":{"@context":"https:\/\/schema.org","@graph":[{"@type":"Article","@id":"https:\/\/www.casaldelsinfants.org\/es\/actualidad\/fomentar-lhabit-de-la-lectura-en-els-infants\/#article","isPartOf":{"@id":"https:\/\/www.casaldelsinfants.org\/es\/actualidad\/fomentar-lhabit-de-la-lectura-en-els-infants\/"},"author":{"name":"cdiAdmin","@id":"https:\/\/www.casaldelsinfants.org\/es\/#\/schema\/person\/97707fc8c64900cf36891127dbf9fba8"},"headline":"Fomentar el h\u00e1bito de la lectura en los ni\u00f1os y ni\u00f1as","datePublished":"2021-07-13T07:42:54+00:00","dateModified":"2023-11-23T10:29:57+00:00","mainEntityOfPage":{"@id":"https:\/\/www.casaldelsinfants.org\/es\/actualidad\/fomentar-lhabit-de-la-lectura-en-els-infants\/"},"wordCount":1112,"publisher":{"@id":"https:\/\/www.casaldelsinfants.org\/es\/#organization"},"image":{"@id":"https:\/\/www.casaldelsinfants.org\/es\/actualidad\/fomentar-lhabit-de-la-lectura-en-els-infants\/#primaryimage"},"thumbnailUrl":"https:\/\/www.casaldelsinfants.org\/wp-content\/uploads\/casaldelsinfants.lectura.jpg","articleSection":["Noticia"],"inLanguage":"es"},{"@type":"WebPage","@id":"https:\/\/www.casaldelsinfants.org\/es\/actualidad\/fomentar-lhabit-de-la-lectura-en-els-infants\/","url":"https:\/\/www.casaldelsinfants.org\/es\/actualidad\/fomentar-lhabit-de-la-lectura-en-els-infants\/","name":"Noticia|Fomentar el h\u00e1bito de la lectura en los ni\u00f1os y ni\u00f1as","isPartOf":{"@id":"https:\/\/www.casaldelsinfants.org\/es\/#website"},"primaryImageOfPage":{"@id":"https:\/\/www.casaldelsinfants.org\/es\/actualidad\/fomentar-lhabit-de-la-lectura-en-els-infants\/#primaryimage"},"image":{"@id":"https:\/\/www.casaldelsinfants.org\/es\/actualidad\/fomentar-lhabit-de-la-lectura-en-els-infants\/#primaryimage"},"thumbnailUrl":"https:\/\/www.casaldelsinfants.org\/wp-content\/uploads\/casaldelsinfants.lectura.jpg","datePublished":"2021-07-13T07:42:54+00:00","dateModified":"2023-11-23T10:29:57+00:00","description":"Las vacaciones pueden ser un buen momento para fomentar el h\u00e1bito de la lectura en los ni\u00f1os y ni\u00f1as. Te explicamos c\u00f3mo conseguirlo en este art\u00edculo.","breadcrumb":{"@id":"https:\/\/www.casaldelsinfants.org\/es\/actualidad\/fomentar-lhabit-de-la-lectura-en-els-infants\/#breadcrumb"},"inLanguage":"es","potentialAction":[{"@type":"ReadAction","target":["https:\/\/www.casaldelsinfants.org\/es\/actualidad\/fomentar-lhabit-de-la-lectura-en-els-infants\/"]}]},{"@type":"ImageObject","inLanguage":"es","@id":"https:\/\/www.casaldelsinfants.org\/es\/actualidad\/fomentar-lhabit-de-la-lectura-en-els-infants\/#primaryimage","url":"https:\/\/www.casaldelsinfants.org\/wp-content\/uploads\/casaldelsinfants.lectura.jpg","contentUrl":"https:\/\/www.casaldelsinfants.org\/wp-content\/uploads\/casaldelsinfants.lectura.jpg","width":640,"height":427,"caption":"Fomentar l'h\u00e0bit de la lectura en els infants"},{"@type":"BreadcrumbList","@id":"https:\/\/www.casaldelsinfants.org\/es\/actualidad\/fomentar-lhabit-de-la-lectura-en-els-infants\/#breadcrumb","itemListElement":[{"@type":"ListItem","position":1,"name":"Inici","item":"https:\/\/www.casaldelsinfants.org\/es\/"},{"@type":"ListItem","position":2,"name":"Fomentar el h\u00e1bito de la lectura en los ni\u00f1os y ni\u00f1as"}]},{"@type":"WebSite","@id":"https:\/\/www.casaldelsinfants.org\/es\/#website","url":"https:\/\/www.casaldelsinfants.org\/es\/","name":"Casal dels Infants","description":"","publisher":{"@id":"https:\/\/www.casaldelsinfants.org\/es\/#organization"},"potentialAction":[{"@type":"SearchAction","target":{"@type":"EntryPoint","urlTemplate":"https:\/\/www.casaldelsinfants.org\/es\/?s={search_term_string}"},"query-input":{"@type":"PropertyValueSpecification","valueRequired":true,"valueName":"search_term_string"}}],"inLanguage":"es"},{"@type":"Organization","@id":"https:\/\/www.casaldelsinfants.org\/es\/#organization","name":"Casal dels Infants","url":"https:\/\/www.casaldelsinfants.org\/es\/","logo":{"@type":"ImageObject","inLanguage":"es","@id":"https:\/\/www.casaldelsinfants.org\/es\/#\/schema\/logo\/image\/","url":"https:\/\/www.casaldelsinfants.org\/wp-content\/uploads\/logo-mail.png","contentUrl":"https:\/\/www.casaldelsinfants.org\/wp-content\/uploads\/logo-mail.png","width":380,"height":158,"caption":"Casal dels Infants"},"image":{"@id":"https:\/\/www.casaldelsinfants.org\/es\/#\/schema\/logo\/image\/"},"sameAs":["https:\/\/www.facebook.com\/casalinfants","https:\/\/x.com\/casalinfants","https:\/\/www.youtube.com\/user\/CasaldelsInfants1","https:\/\/www.instagram.com\/casalinfants\/","https:\/\/www.linkedin.com\/company\/casaldelsinfants?trk=organization-update_share-update_actor-text"]},{"@type":"Person","@id":"https:\/\/www.casaldelsinfants.org\/es\/#\/schema\/person\/97707fc8c64900cf36891127dbf9fba8","name":"cdiAdmin","sameAs":["https:\/\/casaldelsinfants.org"]}]}},"publishpress_future_action":{"enabled":false,"date":"2026-05-08 16:17:03","action":"change-status","newStatus":"draft","terms":[],"taxonomy":"category","extraData":[]},"publishpress_future_workflow_manual_trigger":{"enabledWorkflows":[]},"_links":{"self":[{"href":"https:\/\/www.casaldelsinfants.org\/es\/wp-json\/wp\/v2\/posts\/4280","targetHints":{"allow":["GET"]}}],"collection":[{"href":"https:\/\/www.casaldelsinfants.org\/es\/wp-json\/wp\/v2\/posts"}],"about":[{"href":"https:\/\/www.casaldelsinfants.org\/es\/wp-json\/wp\/v2\/types\/post"}],"author":[{"embeddable":true,"href":"https:\/\/www.casaldelsinfants.org\/es\/wp-json\/wp\/v2\/users\/1"}],"replies":[{"embeddable":true,"href":"https:\/\/www.casaldelsinfants.org\/es\/wp-json\/wp\/v2\/comments?post=4280"}],"version-history":[{"count":3,"href":"https:\/\/www.casaldelsinfants.org\/es\/wp-json\/wp\/v2\/posts\/4280\/revisions"}],"predecessor-version":[{"id":16107,"href":"https:\/\/www.casaldelsinfants.org\/es\/wp-json\/wp\/v2\/posts\/4280\/revisions\/16107"}],"wp:featuredmedia":[{"embeddable":true,"href":"https:\/\/www.casaldelsinfants.org\/es\/wp-json\/wp\/v2\/media\/3057"}],"wp:attachment":[{"href":"https:\/\/www.casaldelsinfants.org\/es\/wp-json\/wp\/v2\/media?parent=4280"}],"wp:term":[{"taxonomy":"category","embeddable":true,"href":"https:\/\/www.casaldelsinfants.org\/es\/wp-json\/wp\/v2\/categories?post=4280"},{"taxonomy":"post_tag","embeddable":true,"href":"https:\/\/www.casaldelsinfants.org\/es\/wp-json\/wp\/v2\/tags?post=4280"},{"taxonomy":"seus","embeddable":true,"href":"https:\/\/www.casaldelsinfants.org\/es\/wp-json\/wp\/v2\/seus?post=4280"},{"taxonomy":"eixos","embeddable":true,"href":"https:\/\/www.casaldelsinfants.org\/es\/wp-json\/wp\/v2\/eixos?post=4280"}],"curies":[{"name":"wp","href":"https:\/\/api.w.org\/{rel}","templated":true}]}}