{"id":4281,"date":"2021-06-30T08:18:46","date_gmt":"2021-06-30T06:18:46","guid":{"rendered":"https:\/\/casal.puntzero.cat\/noticies\/rai-eso-garantint-el-dret-lalimentacio-i-fomentant-lexit-educatiu\/"},"modified":"2022-08-17T11:17:10","modified_gmt":"2022-08-17T09:17:10","slug":"rai-eso-garantint-el-dret-lalimentacio-i-fomentant-lexit-educatiu","status":"publish","type":"post","link":"https:\/\/www.casaldelsinfants.org\/es\/actualidad\/rai-eso-garantizando-el-derecho-la-alimentacion-y-promoviendo-el-exito-educativo\/","title":{"rendered":"RAI-ESO: garantizando el derecho a la alimentaci\u00f3n y promoviendo el \u00e9xito educativo"},"content":{"rendered":"","protected":false},"excerpt":{"rendered":"<div class=\"video-embed-field-responsive-video form-group\"><iframe loading=\"lazy\" width=\"854\" height=\"480\" frameborder=\"0\" allowfullscreen=\"allowfullscreen\" src=\"https:\/\/www.youtube.com\/embed\/_IP6X33t4Ko?autoplay=0&amp;start=0&amp;rel=0\"><\/iframe>\n<\/div>\n<p class=\"text-align-center\">\u00a0<\/p>\n<p class=\"text-align-center\">Con la jornada compactada desde hace a\u00f1os, muchos institutos no cuentas con un servicio de comedor escolar, lo que vulnera el derecho a la alimentaci\u00f3n de muchos ni\u00f1os y ni\u00f1as en situaci\u00f3n de vulnerabilidad. Desde el Casal dels Infants incidimos en las instituciones para que esta situaci\u00f3n cambie, y al mismo tiempo actuamos para garantizar el almuerzo y un espacio socioeducativo al mediod\u00eda a quines m\u00e1s lo necesitan. El programa <a href=\"https:\/\/www.casaldelsinfants.org\/es\/noticias\/por-un-almuerzo-adecuado-y-con-contenido-socioeducativo-tambien-en-los-institutos\">Refuerzo de la Alimentaci\u00f3n en la Infancia -ESO (RAI-ESO)<\/a>\u00a0es una iniciativa de la Fundaci\u00f3n Probitas que desde el Casal llevamos a cabo en Salt y Santa Coloma de Gramenet. Chicos y chicas del Institut Terra Roja de Santa Coloma que forman parte del programa han creado este video, con el apoyo del equipo educativo, en el que explican qu\u00e9 es y qu\u00e9 les aporta el RAI-ESO.<\/p>\n","protected":false},"author":1,"featured_media":0,"comment_status":"open","ping_status":"open","sticky":false,"template":"","format":"standard","meta":{"_acf_changed":false,"_et_pb_use_builder":"","_et_pb_old_content":"","_et_gb_content_width":"","inline_featured_image":false,"footnotes":""},"categories":[105],"tags":[],"seus":[19],"eixos":[99],"class_list":["post-4281","post","type-post","status-publish","format-standard","hentry","category-reportaje","seus-santa-coloma-de-gramenet","eixos-infancia-y-adolescencia"],"acf":[],"yoast_head":"<!-- This site is optimized with the Yoast SEO plugin v27.4 - https:\/\/yoast.com\/product\/yoast-seo-wordpress\/ -->\n<title>RAI-ESO Santa Coloma de Gramenet<\/title>\n<meta name=\"description\" content=\"El programa RAI-ESO es una iniciativa de la Fundaci\u00f3n Probitas que llevamos a cabo en el Casal dels Infants en Salt y Santa Coloma de Gramenet, con el objetivo de garantizar el almuerzo y un espacio socioeducativo al mediod\u00eda a adolescentes en situaci\u00f3n de vulnerabilidad. \u00e9s una iniciativa de la Fundaci\u00f3 Probitas que tirem endavant al Casal dels Infants a Salt i a Santa Coloma de Gramenet, amb l&#039;objectiu de garantir l&#039;\u00e0pat del dinar i un espai socioeducatiu durant el migdia a nois i noies en situaci\u00f3 de vulnerabilitat.\" \/>\n<meta name=\"robots\" content=\"index, follow, max-snippet:-1, max-image-preview:large, max-video-preview:-1\" \/>\n<link rel=\"canonical\" href=\"https:\/\/www.casaldelsinfants.org\/es\/actualidad\/rai-eso-garantizando-el-derecho-la-alimentacion-y-promoviendo-el-exito-educativo\/\" \/>\n<meta property=\"og:locale\" content=\"es_ES\" \/>\n<meta property=\"og:type\" content=\"article\" \/>\n<meta property=\"og:title\" content=\"RAI-ESO Santa Coloma de Gramenet\" \/>\n<meta property=\"og:description\" content=\"El programa RAI-ESO es una iniciativa de la Fundaci\u00f3n Probitas que llevamos a cabo en el Casal dels Infants en Salt y Santa Coloma de Gramenet, con el objetivo de garantizar el almuerzo y un espacio socioeducativo al mediod\u00eda a adolescentes en situaci\u00f3n de vulnerabilidad. \u00e9s una iniciativa de la Fundaci\u00f3 Probitas que tirem endavant al Casal dels Infants a Salt i a Santa Coloma de Gramenet, amb l&#039;objectiu de garantir l&#039;\u00e0pat del dinar i un espai socioeducatiu durant el migdia a nois i noies en situaci\u00f3 de vulnerabilitat.\" \/>\n<meta property=\"og:url\" content=\"https:\/\/www.casaldelsinfants.org\/es\/actualidad\/rai-eso-garantizando-el-derecho-la-alimentacion-y-promoviendo-el-exito-educativo\/\" \/>\n<meta property=\"og:site_name\" content=\"Casal dels Infants\" \/>\n<meta property=\"article:publisher\" content=\"https:\/\/www.facebook.com\/casalinfants\" \/>\n<meta property=\"article:published_time\" content=\"2021-06-30T06:18:46+00:00\" \/>\n<meta property=\"article:modified_time\" content=\"2022-08-17T09:17:10+00:00\" \/>\n<meta name=\"author\" content=\"cdiAdmin\" \/>\n<meta name=\"twitter:card\" content=\"summary_large_image\" \/>\n<meta name=\"twitter:creator\" content=\"@casalinfants\" \/>\n<meta name=\"twitter:site\" content=\"@casalinfants\" \/>\n<meta name=\"twitter:label1\" content=\"Escrito por\" \/>\n\t<meta name=\"twitter:data1\" content=\"cdiAdmin\" \/>\n<script type=\"application\/ld+json\" class=\"yoast-schema-graph\">{\"@context\":\"https:\\\/\\\/schema.org\",\"@graph\":[{\"@type\":\"Article\",\"@id\":\"https:\\\/\\\/www.casaldelsinfants.org\\\/es\\\/actualidad\\\/rai-eso-garantizando-el-derecho-la-alimentacion-y-promoviendo-el-exito-educativo\\\/#article\",\"isPartOf\":{\"@id\":\"https:\\\/\\\/www.casaldelsinfants.org\\\/es\\\/actualidad\\\/rai-eso-garantizando-el-derecho-la-alimentacion-y-promoviendo-el-exito-educativo\\\/\"},\"author\":{\"name\":\"cdiAdmin\",\"@id\":\"https:\\\/\\\/www.casaldelsinfants.org\\\/es\\\/#\\\/schema\\\/person\\\/97707fc8c64900cf36891127dbf9fba8\"},\"headline\":\"RAI-ESO: garantizando el derecho a la alimentaci\u00f3n y promoviendo el \u00e9xito educativo\",\"datePublished\":\"2021-06-30T06:18:46+00:00\",\"dateModified\":\"2022-08-17T09:17:10+00:00\",\"mainEntityOfPage\":{\"@id\":\"https:\\\/\\\/www.casaldelsinfants.org\\\/es\\\/actualidad\\\/rai-eso-garantizando-el-derecho-la-alimentacion-y-promoviendo-el-exito-educativo\\\/\"},\"wordCount\":13,\"commentCount\":0,\"publisher\":{\"@id\":\"https:\\\/\\\/www.casaldelsinfants.org\\\/es\\\/#organization\"},\"articleSection\":[\"Reportaje\"],\"inLanguage\":\"es\",\"potentialAction\":[{\"@type\":\"CommentAction\",\"name\":\"Comment\",\"target\":[\"https:\\\/\\\/www.casaldelsinfants.org\\\/es\\\/actualidad\\\/rai-eso-garantizando-el-derecho-la-alimentacion-y-promoviendo-el-exito-educativo\\\/#respond\"]}]},{\"@type\":\"WebPage\",\"@id\":\"https:\\\/\\\/www.casaldelsinfants.org\\\/es\\\/actualidad\\\/rai-eso-garantizando-el-derecho-la-alimentacion-y-promoviendo-el-exito-educativo\\\/\",\"url\":\"https:\\\/\\\/www.casaldelsinfants.org\\\/es\\\/actualidad\\\/rai-eso-garantizando-el-derecho-la-alimentacion-y-promoviendo-el-exito-educativo\\\/\",\"name\":\"RAI-ESO Santa Coloma de Gramenet\",\"isPartOf\":{\"@id\":\"https:\\\/\\\/www.casaldelsinfants.org\\\/es\\\/#website\"},\"datePublished\":\"2021-06-30T06:18:46+00:00\",\"dateModified\":\"2022-08-17T09:17:10+00:00\",\"description\":\"El programa RAI-ESO es una iniciativa de la Fundaci\u00f3n Probitas que llevamos a cabo en el Casal dels Infants en Salt y Santa Coloma de Gramenet, con el objetivo de garantizar el almuerzo y un espacio socioeducativo al mediod\u00eda a adolescentes en situaci\u00f3n de vulnerabilidad. \u00e9s una iniciativa de la Fundaci\u00f3 Probitas que tirem endavant al Casal dels Infants a Salt i a Santa Coloma de Gramenet, amb l'objectiu de garantir l'\u00e0pat del dinar i un espai socioeducatiu durant el migdia a nois i noies en situaci\u00f3 de vulnerabilitat.\",\"breadcrumb\":{\"@id\":\"https:\\\/\\\/www.casaldelsinfants.org\\\/es\\\/actualidad\\\/rai-eso-garantizando-el-derecho-la-alimentacion-y-promoviendo-el-exito-educativo\\\/#breadcrumb\"},\"inLanguage\":\"es\",\"potentialAction\":[{\"@type\":\"ReadAction\",\"target\":[\"https:\\\/\\\/www.casaldelsinfants.org\\\/es\\\/actualidad\\\/rai-eso-garantizando-el-derecho-la-alimentacion-y-promoviendo-el-exito-educativo\\\/\"]}]},{\"@type\":\"BreadcrumbList\",\"@id\":\"https:\\\/\\\/www.casaldelsinfants.org\\\/es\\\/actualidad\\\/rai-eso-garantizando-el-derecho-la-alimentacion-y-promoviendo-el-exito-educativo\\\/#breadcrumb\",\"itemListElement\":[{\"@type\":\"ListItem\",\"position\":1,\"name\":\"Inici\",\"item\":\"https:\\\/\\\/www.casaldelsinfants.org\\\/es\\\/\"},{\"@type\":\"ListItem\",\"position\":2,\"name\":\"RAI-ESO: garantizando el derecho a la alimentaci\u00f3n y promoviendo el \u00e9xito educativo\"}]},{\"@type\":\"WebSite\",\"@id\":\"https:\\\/\\\/www.casaldelsinfants.org\\\/es\\\/#website\",\"url\":\"https:\\\/\\\/www.casaldelsinfants.org\\\/es\\\/\",\"name\":\"Casal dels Infants\",\"description\":\"\",\"publisher\":{\"@id\":\"https:\\\/\\\/www.casaldelsinfants.org\\\/es\\\/#organization\"},\"potentialAction\":[{\"@type\":\"SearchAction\",\"target\":{\"@type\":\"EntryPoint\",\"urlTemplate\":\"https:\\\/\\\/www.casaldelsinfants.org\\\/es\\\/?s={search_term_string}\"},\"query-input\":{\"@type\":\"PropertyValueSpecification\",\"valueRequired\":true,\"valueName\":\"search_term_string\"}}],\"inLanguage\":\"es\"},{\"@type\":\"Organization\",\"@id\":\"https:\\\/\\\/www.casaldelsinfants.org\\\/es\\\/#organization\",\"name\":\"Casal dels Infants\",\"url\":\"https:\\\/\\\/www.casaldelsinfants.org\\\/es\\\/\",\"logo\":{\"@type\":\"ImageObject\",\"inLanguage\":\"es\",\"@id\":\"https:\\\/\\\/www.casaldelsinfants.org\\\/es\\\/#\\\/schema\\\/logo\\\/image\\\/\",\"url\":\"https:\\\/\\\/www.casaldelsinfants.org\\\/wp-content\\\/uploads\\\/logo-mail.png\",\"contentUrl\":\"https:\\\/\\\/www.casaldelsinfants.org\\\/wp-content\\\/uploads\\\/logo-mail.png\",\"width\":380,\"height\":158,\"caption\":\"Casal dels Infants\"},\"image\":{\"@id\":\"https:\\\/\\\/www.casaldelsinfants.org\\\/es\\\/#\\\/schema\\\/logo\\\/image\\\/\"},\"sameAs\":[\"https:\\\/\\\/www.facebook.com\\\/casalinfants\",\"https:\\\/\\\/x.com\\\/casalinfants\",\"https:\\\/\\\/www.youtube.com\\\/user\\\/CasaldelsInfants1\",\"https:\\\/\\\/www.instagram.com\\\/casalinfants\\\/\",\"https:\\\/\\\/www.linkedin.com\\\/company\\\/casaldelsinfants?trk=organization-update_share-update_actor-text\"]},{\"@type\":\"Person\",\"@id\":\"https:\\\/\\\/www.casaldelsinfants.org\\\/es\\\/#\\\/schema\\\/person\\\/97707fc8c64900cf36891127dbf9fba8\",\"name\":\"cdiAdmin\",\"sameAs\":[\"https:\\\/\\\/casaldelsinfants.org\"]}]}<\/script>\n<!-- \/ Yoast SEO plugin. -->","yoast_head_json":{"title":"RAI-ESO Santa Coloma de Gramenet","description":"El programa RAI-ESO es una iniciativa de la Fundaci\u00f3n Probitas que llevamos a cabo en el Casal dels Infants en Salt y Santa Coloma de Gramenet, con el objetivo de garantizar el almuerzo y un espacio socioeducativo al mediod\u00eda a adolescentes en situaci\u00f3n de vulnerabilidad. \u00e9s una iniciativa de la Fundaci\u00f3 Probitas que tirem endavant al Casal dels Infants a Salt i a Santa Coloma de Gramenet, amb l'objectiu de garantir l'\u00e0pat del dinar i un espai socioeducatiu durant el migdia a nois i noies en situaci\u00f3 de vulnerabilitat.","robots":{"index":"index","follow":"follow","max-snippet":"max-snippet:-1","max-image-preview":"max-image-preview:large","max-video-preview":"max-video-preview:-1"},"canonical":"https:\/\/www.casaldelsinfants.org\/es\/actualidad\/rai-eso-garantizando-el-derecho-la-alimentacion-y-promoviendo-el-exito-educativo\/","og_locale":"es_ES","og_type":"article","og_title":"RAI-ESO Santa Coloma de Gramenet","og_description":"El programa RAI-ESO es una iniciativa de la Fundaci\u00f3n Probitas que llevamos a cabo en el Casal dels Infants en Salt y Santa Coloma de Gramenet, con el objetivo de garantizar el almuerzo y un espacio socioeducativo al mediod\u00eda a adolescentes en situaci\u00f3n de vulnerabilidad. \u00e9s una iniciativa de la Fundaci\u00f3 Probitas que tirem endavant al Casal dels Infants a Salt i a Santa Coloma de Gramenet, amb l'objectiu de garantir l'\u00e0pat del dinar i un espai socioeducatiu durant el migdia a nois i noies en situaci\u00f3 de vulnerabilitat.","og_url":"https:\/\/www.casaldelsinfants.org\/es\/actualidad\/rai-eso-garantizando-el-derecho-la-alimentacion-y-promoviendo-el-exito-educativo\/","og_site_name":"Casal dels Infants","article_publisher":"https:\/\/www.facebook.com\/casalinfants","article_published_time":"2021-06-30T06:18:46+00:00","article_modified_time":"2022-08-17T09:17:10+00:00","author":"cdiAdmin","twitter_card":"summary_large_image","twitter_creator":"@casalinfants","twitter_site":"@casalinfants","twitter_misc":{"Escrito por":"cdiAdmin"},"schema":{"@context":"https:\/\/schema.org","@graph":[{"@type":"Article","@id":"https:\/\/www.casaldelsinfants.org\/es\/actualidad\/rai-eso-garantizando-el-derecho-la-alimentacion-y-promoviendo-el-exito-educativo\/#article","isPartOf":{"@id":"https:\/\/www.casaldelsinfants.org\/es\/actualidad\/rai-eso-garantizando-el-derecho-la-alimentacion-y-promoviendo-el-exito-educativo\/"},"author":{"name":"cdiAdmin","@id":"https:\/\/www.casaldelsinfants.org\/es\/#\/schema\/person\/97707fc8c64900cf36891127dbf9fba8"},"headline":"RAI-ESO: garantizando el derecho a la alimentaci\u00f3n y promoviendo el \u00e9xito educativo","datePublished":"2021-06-30T06:18:46+00:00","dateModified":"2022-08-17T09:17:10+00:00","mainEntityOfPage":{"@id":"https:\/\/www.casaldelsinfants.org\/es\/actualidad\/rai-eso-garantizando-el-derecho-la-alimentacion-y-promoviendo-el-exito-educativo\/"},"wordCount":13,"commentCount":0,"publisher":{"@id":"https:\/\/www.casaldelsinfants.org\/es\/#organization"},"articleSection":["Reportaje"],"inLanguage":"es","potentialAction":[{"@type":"CommentAction","name":"Comment","target":["https:\/\/www.casaldelsinfants.org\/es\/actualidad\/rai-eso-garantizando-el-derecho-la-alimentacion-y-promoviendo-el-exito-educativo\/#respond"]}]},{"@type":"WebPage","@id":"https:\/\/www.casaldelsinfants.org\/es\/actualidad\/rai-eso-garantizando-el-derecho-la-alimentacion-y-promoviendo-el-exito-educativo\/","url":"https:\/\/www.casaldelsinfants.org\/es\/actualidad\/rai-eso-garantizando-el-derecho-la-alimentacion-y-promoviendo-el-exito-educativo\/","name":"RAI-ESO Santa Coloma de Gramenet","isPartOf":{"@id":"https:\/\/www.casaldelsinfants.org\/es\/#website"},"datePublished":"2021-06-30T06:18:46+00:00","dateModified":"2022-08-17T09:17:10+00:00","description":"El programa RAI-ESO es una iniciativa de la Fundaci\u00f3n Probitas que llevamos a cabo en el Casal dels Infants en Salt y Santa Coloma de Gramenet, con el objetivo de garantizar el almuerzo y un espacio socioeducativo al mediod\u00eda a adolescentes en situaci\u00f3n de vulnerabilidad. \u00e9s una iniciativa de la Fundaci\u00f3 Probitas que tirem endavant al Casal dels Infants a Salt i a Santa Coloma de Gramenet, amb l'objectiu de garantir l'\u00e0pat del dinar i un espai socioeducatiu durant el migdia a nois i noies en situaci\u00f3 de vulnerabilitat.","breadcrumb":{"@id":"https:\/\/www.casaldelsinfants.org\/es\/actualidad\/rai-eso-garantizando-el-derecho-la-alimentacion-y-promoviendo-el-exito-educativo\/#breadcrumb"},"inLanguage":"es","potentialAction":[{"@type":"ReadAction","target":["https:\/\/www.casaldelsinfants.org\/es\/actualidad\/rai-eso-garantizando-el-derecho-la-alimentacion-y-promoviendo-el-exito-educativo\/"]}]},{"@type":"BreadcrumbList","@id":"https:\/\/www.casaldelsinfants.org\/es\/actualidad\/rai-eso-garantizando-el-derecho-la-alimentacion-y-promoviendo-el-exito-educativo\/#breadcrumb","itemListElement":[{"@type":"ListItem","position":1,"name":"Inici","item":"https:\/\/www.casaldelsinfants.org\/es\/"},{"@type":"ListItem","position":2,"name":"RAI-ESO: garantizando el derecho a la alimentaci\u00f3n y promoviendo el \u00e9xito educativo"}]},{"@type":"WebSite","@id":"https:\/\/www.casaldelsinfants.org\/es\/#website","url":"https:\/\/www.casaldelsinfants.org\/es\/","name":"Casal dels Infants","description":"","publisher":{"@id":"https:\/\/www.casaldelsinfants.org\/es\/#organization"},"potentialAction":[{"@type":"SearchAction","target":{"@type":"EntryPoint","urlTemplate":"https:\/\/www.casaldelsinfants.org\/es\/?s={search_term_string}"},"query-input":{"@type":"PropertyValueSpecification","valueRequired":true,"valueName":"search_term_string"}}],"inLanguage":"es"},{"@type":"Organization","@id":"https:\/\/www.casaldelsinfants.org\/es\/#organization","name":"Casal dels Infants","url":"https:\/\/www.casaldelsinfants.org\/es\/","logo":{"@type":"ImageObject","inLanguage":"es","@id":"https:\/\/www.casaldelsinfants.org\/es\/#\/schema\/logo\/image\/","url":"https:\/\/www.casaldelsinfants.org\/wp-content\/uploads\/logo-mail.png","contentUrl":"https:\/\/www.casaldelsinfants.org\/wp-content\/uploads\/logo-mail.png","width":380,"height":158,"caption":"Casal dels Infants"},"image":{"@id":"https:\/\/www.casaldelsinfants.org\/es\/#\/schema\/logo\/image\/"},"sameAs":["https:\/\/www.facebook.com\/casalinfants","https:\/\/x.com\/casalinfants","https:\/\/www.youtube.com\/user\/CasaldelsInfants1","https:\/\/www.instagram.com\/casalinfants\/","https:\/\/www.linkedin.com\/company\/casaldelsinfants?trk=organization-update_share-update_actor-text"]},{"@type":"Person","@id":"https:\/\/www.casaldelsinfants.org\/es\/#\/schema\/person\/97707fc8c64900cf36891127dbf9fba8","name":"cdiAdmin","sameAs":["https:\/\/casaldelsinfants.org"]}]}},"publishpress_future_action":{"enabled":false,"date":"2026-05-08 02:07:35","action":"change-status","newStatus":"draft","terms":[],"taxonomy":"category","extraData":[]},"publishpress_future_workflow_manual_trigger":{"enabledWorkflows":[]},"_links":{"self":[{"href":"https:\/\/www.casaldelsinfants.org\/es\/wp-json\/wp\/v2\/posts\/4281","targetHints":{"allow":["GET"]}}],"collection":[{"href":"https:\/\/www.casaldelsinfants.org\/es\/wp-json\/wp\/v2\/posts"}],"about":[{"href":"https:\/\/www.casaldelsinfants.org\/es\/wp-json\/wp\/v2\/types\/post"}],"author":[{"embeddable":true,"href":"https:\/\/www.casaldelsinfants.org\/es\/wp-json\/wp\/v2\/users\/1"}],"replies":[{"embeddable":true,"href":"https:\/\/www.casaldelsinfants.org\/es\/wp-json\/wp\/v2\/comments?post=4281"}],"version-history":[{"count":1,"href":"https:\/\/www.casaldelsinfants.org\/es\/wp-json\/wp\/v2\/posts\/4281\/revisions"}],"predecessor-version":[{"id":6259,"href":"https:\/\/www.casaldelsinfants.org\/es\/wp-json\/wp\/v2\/posts\/4281\/revisions\/6259"}],"wp:attachment":[{"href":"https:\/\/www.casaldelsinfants.org\/es\/wp-json\/wp\/v2\/media?parent=4281"}],"wp:term":[{"taxonomy":"category","embeddable":true,"href":"https:\/\/www.casaldelsinfants.org\/es\/wp-json\/wp\/v2\/categories?post=4281"},{"taxonomy":"post_tag","embeddable":true,"href":"https:\/\/www.casaldelsinfants.org\/es\/wp-json\/wp\/v2\/tags?post=4281"},{"taxonomy":"seus","embeddable":true,"href":"https:\/\/www.casaldelsinfants.org\/es\/wp-json\/wp\/v2\/seus?post=4281"},{"taxonomy":"eixos","embeddable":true,"href":"https:\/\/www.casaldelsinfants.org\/es\/wp-json\/wp\/v2\/eixos?post=4281"}],"curies":[{"name":"wp","href":"https:\/\/api.w.org\/{rel}","templated":true}]}}