{"id":4283,"date":"2021-06-30T07:06:01","date_gmt":"2021-06-30T05:06:01","guid":{"rendered":"https:\/\/casal.puntzero.cat\/noticies\/teatre-forum-desmuntar-el-racisme\/"},"modified":"2022-08-17T11:17:11","modified_gmt":"2022-08-17T09:17:11","slug":"teatre-forum-desmuntar-el-racisme","status":"publish","type":"post","link":"https:\/\/www.casaldelsinfants.org\/es\/actualidad\/teatro-foro-para-desmontar-el-racismo\/","title":{"rendered":"Teatro foro para desmontar el racismo"},"content":{"rendered":"<p>Jueves 3 de junio. La tarde es sofocante\u00a0<span style=\"color:#000000;\">\u2014sobre todo para el grupito que viene de jugar a b\u00e1squet\u2014 y se respiran nervios. Nervios del cumplea\u00f1os de Mari, que cumple 20 y ha tra\u00eddo pastel. de selectividad a pocos d\u00edas vista. De curso que se acaba, verano que empieza y pandemia que empieza a acabarse, si seguimos haciendo las cosas bien. Y nervios, sobre todo, de \u00faltimo ensayo antes del estreno.<\/span><\/p>\n<p><span style=\"color:#000000;\">Al d\u00eda siguiente el grupo de teatro f\u00f3rum del Casal Jove la Betsaida volver\u00e1 a subir al escenario del Centre C\u00edvic la Salut de Badalona. Esta vez para recrear un racismo cercano. De la calle, de las aulas o de sus primeros trabajos. De lo que el otro d\u00eda me explic\u00f3 una amiga, de lo que ayer tuve que escuchar en el s\u00faper o de lo que no te imaginas que me acaba de pasar en el metro. Situaciones cotidianas con las que han creado el gui\u00f3n de una historia y sus personajes. Todo suficientemente potente para que en el escenario solo necesiten unos cubos de madera como atrezzo, hechos por el propio grupo en el taller de carpinter\u00eda del Casal Jove, y unos cuantos efectos sonoros que lanzar\u00e1 \u00cd\u00f1igo, educador del grupo.<\/span><\/p>\n<p>Antes de que empiece el ensayo nos sentamos un rato con Oumaima y Hizer, que parecen haber aparcado el nerviosismo. Como si ya supieran que al final todo habr\u00e1 ido bien, que la obra les acabar\u00e1 saliendo redonda y la gente del p\u00fablico se volcar\u00e1 substituyendo personajes y provocando giros de gui\u00f3n.<\/p>\n<p>Tambi\u00e9n ayuda la experiencia: Oumaima es de las veteras. Lleva en el grupo de teatro foro desde que se cre\u00f3, hace cuatro a\u00f1os. \u00abEmpec\u00e9 para probar, pero me gust\u00f3 porque era din\u00e1mico y hac\u00eda que nos conoci\u00e9ramos mejor entre nosotros\u00bb. Le gusta la idea de interaccionar con el p\u00fablico y encontrar soluciones para la vida real, pensar qu\u00e9 har\u00eda se si encontrara en una situaci\u00f3n determinada. \u00abAhora cuando salimos a la calle lo hacemos con mentalidad de no solo observar lo que vemos, sino de analizarlo\u00bb.<\/p>\n<p class=\"destacat-noticia\"><font color=\"#000000\">Oumaima, participante del Casal Jove la Betsaida:\u00a0<\/font><span style=\"color:#000000;\">\u00abAhora cuando salimos a la calle lo hacemos con mentalidad de no solo observar lo que vemos, sino de analizarlo\u00bb<\/span><\/p>\n<p>Hizer habla de la repercusi\u00f3n de \u00abTampoco es para tanto\u00bb como punto de inflexi\u00f3n. Una obra que el grupo cre\u00f3 a partir de vivencias de las chicas, relacionadas con el machismo. \u00abTodo surgi\u00f3 de lo que nos compartieron las compa\u00f1eras. La primera vez que la hicimos vinieron solo unas cuantas personas, pero despu\u00e9s ya nos empezaron a pedir que la represent\u00e1ramos, como nos pas\u00f3 con motivo del 8M\u00bb.<\/p>\n<p class=\"destacat-noticia\"><font color=\"#000000\">Hizer, participante del Casal Jove la Betsaida: \u00abLa primera vez que representamos\u00a0\u00abTampoco es para tanto\u00bb vinieron solo unas cuantas personas, pero despu\u00e9s ya nos empezaron a pedir que la represent\u00e1ramos, como nos pas\u00f3 con motivo del 8M\u00bb.<\/font><\/p>\n<p>Dinamiz\u00e1ndolo todo junto a \u00cd\u00f1igo est\u00e1 Alegr\u00eda. Ahora, en los \u00faltimos consejos durante el ensayo que acaba de empezar, y dentro de unas horas, haciendo de interlocutora con el p\u00fablico en el estreno que ya sabemos que ser\u00e1 un \u00e9xito. Como educadora impuls\u00f3 el proyecto que ya hab\u00eda empezado Laia, exeducadora del Casal. Su experiencia con el teatro foro ha hecho que lo haya convertido en una herramienta para trabajar con los y las j\u00f3venes muchas de las competencias y aspectos que se quieren reforzar desde el Casal Jove la Betsaida: contar con un espacio de relaci\u00f3n con los dem\u00e1s, el sentimiento de pertenencia al grupo, el pensamiento cr\u00edtico, la participaci\u00f3n comunitaria, la comuniaci\u00f3n&#8230;<\/p>\n<p><span style=\"color:#000000;\">Y si la obra acabar\u00e1 saliendo bien es porque habr\u00e1 calado en un chico que se sacudir\u00e1 la verg\u00fcenza, subir\u00e1 al escenario y se atrever\u00e1 a dar un vuelco a la actitud de una profesora pasiva con el acoso. En una chica que dir\u00e1 que no, que si a alguien no lo contratan porque no tiene la nacionalidad espa\u00f1ola, pese a estar calificado, las cosas no pueden quedar as\u00ed, que tocar\u00e1 hacer difusi\u00f3n y que la empresa rectifique. En gente de la Asociaci\u00f3n de Vecinos de Llefi\u00e0 que volver\u00e1 a estar entre el p\u00fablico despu\u00e9s de ayudar al grupo a entrar en la programaci\u00f3n del 8M del barrio. En miradas cr\u00edtitcas que volver\u00e1n hacia casa afiladas y en cabezas llenas de preguntas que tal vez encontrar\u00e1n respuestas en el pr\u00f3ximo foro.<\/span><\/p>\n","protected":false},"excerpt":{"rendered":"<div class=\"video-embed-field-responsive-video form-group\"><iframe loading=\"lazy\" width=\"854\" height=\"480\" frameborder=\"0\" allowfullscreen=\"allowfullscreen\" src=\"https:\/\/www.youtube.com\/embed\/ttr3Q_a2EZk?autoplay=0&amp;start=0&amp;rel=0\"><\/iframe>\n<\/div>\n<p class=\"text-align-center\">El grupo de teatro foro de nuestro Casal Jove la Betsaida de Badalona nos sigue haciendo reflexionar y nos invita a posicionarnos antes las desigualdades y discriminaciones. A partir de vivencias de su d\u00eda a d\u00eda, los y las j\u00f3venes crean historias para que el p\u00fablico acabe proponiendo cambios en el rol de los personajes y un desenlace alternativo. Tras una primera obra que escenificaba el machismo, ahora ponen el foco en los derechos de las personas racializadas con la obra \u00abNo soy racista, pero&#8230;\u00bb. El teatro, pues, pasa a ser un canal para iniciarse en el activismo social y pol\u00edtico, as\u00ed como una herramienta para el crecimiento personal a trav\u00e9s de la expresi\u00f3n y la confianza en el grupo.<\/p>\n","protected":false},"author":1,"featured_media":0,"comment_status":"open","ping_status":"open","sticky":false,"template":"","format":"standard","meta":{"_acf_changed":false,"_et_pb_use_builder":"","_et_pb_old_content":"","_et_gb_content_width":"","inline_featured_image":false,"footnotes":""},"categories":[12,105],"tags":[],"seus":[15],"eixos":[102],"class_list":["post-4283","post","type-post","status-publish","format-standard","hentry","category-noticies","category-reportaje","seus-badalona","eixos-jovenes"],"acf":[],"yoast_head":"<!-- This site is optimized with the Yoast SEO plugin v27.4 - https:\/\/yoast.com\/product\/yoast-seo-wordpress\/ -->\n<title>Teatro foro para desmontar el racismo<\/title>\n<meta name=\"description\" content=\"El grupo de teatro foro de nuestro Casal Jove la Betsaida de Badalona nos sigue haciendo reflexionar y nos invita a posicionarnos antes las desigualdades y discriminaciones. Ahora ponen el foco en los derechos de las personas racializadas con la obra &quot;No soy racista, pero...&quot;.\" \/>\n<meta name=\"robots\" content=\"index, follow, max-snippet:-1, max-image-preview:large, max-video-preview:-1\" \/>\n<link rel=\"canonical\" href=\"https:\/\/www.casaldelsinfants.org\/es\/actualidad\/teatro-foro-para-desmontar-el-racismo\/\" \/>\n<meta property=\"og:locale\" content=\"es_ES\" \/>\n<meta property=\"og:type\" content=\"article\" \/>\n<meta property=\"og:title\" content=\"Teatro foro para desmontar el racismo\" \/>\n<meta property=\"og:description\" content=\"El grupo de teatro foro de nuestro Casal Jove la Betsaida de Badalona nos sigue haciendo reflexionar y nos invita a posicionarnos antes las desigualdades y discriminaciones. Ahora ponen el foco en los derechos de las personas racializadas con la obra &quot;No soy racista, pero...&quot;.\" \/>\n<meta property=\"og:url\" content=\"https:\/\/www.casaldelsinfants.org\/es\/actualidad\/teatro-foro-para-desmontar-el-racismo\/\" \/>\n<meta property=\"og:site_name\" content=\"Casal dels Infants\" \/>\n<meta property=\"article:publisher\" content=\"https:\/\/www.facebook.com\/casalinfants\" \/>\n<meta property=\"article:published_time\" content=\"2021-06-30T05:06:01+00:00\" \/>\n<meta property=\"article:modified_time\" content=\"2022-08-17T09:17:11+00:00\" \/>\n<meta name=\"author\" content=\"cdiAdmin\" \/>\n<meta name=\"twitter:card\" content=\"summary_large_image\" \/>\n<meta name=\"twitter:creator\" content=\"@casalinfants\" \/>\n<meta name=\"twitter:site\" content=\"@casalinfants\" \/>\n<meta name=\"twitter:label1\" content=\"Escrito por\" \/>\n\t<meta name=\"twitter:data1\" content=\"cdiAdmin\" \/>\n\t<meta name=\"twitter:label2\" content=\"Tiempo de lectura\" \/>\n\t<meta name=\"twitter:data2\" content=\"4 minutos\" \/>\n<script type=\"application\/ld+json\" class=\"yoast-schema-graph\">{\"@context\":\"https:\\\/\\\/schema.org\",\"@graph\":[{\"@type\":\"Article\",\"@id\":\"https:\\\/\\\/www.casaldelsinfants.org\\\/es\\\/actualidad\\\/teatro-foro-para-desmontar-el-racismo\\\/#article\",\"isPartOf\":{\"@id\":\"https:\\\/\\\/www.casaldelsinfants.org\\\/es\\\/actualidad\\\/teatro-foro-para-desmontar-el-racismo\\\/\"},\"author\":{\"name\":\"cdiAdmin\",\"@id\":\"https:\\\/\\\/www.casaldelsinfants.org\\\/es\\\/#\\\/schema\\\/person\\\/97707fc8c64900cf36891127dbf9fba8\"},\"headline\":\"Teatro foro para desmontar el racismo\",\"datePublished\":\"2021-06-30T05:06:01+00:00\",\"dateModified\":\"2022-08-17T09:17:11+00:00\",\"mainEntityOfPage\":{\"@id\":\"https:\\\/\\\/www.casaldelsinfants.org\\\/es\\\/actualidad\\\/teatro-foro-para-desmontar-el-racismo\\\/\"},\"wordCount\":773,\"commentCount\":0,\"publisher\":{\"@id\":\"https:\\\/\\\/www.casaldelsinfants.org\\\/es\\\/#organization\"},\"articleSection\":[\"Not\u00edcia\",\"Reportaje\"],\"inLanguage\":\"es\",\"potentialAction\":[{\"@type\":\"CommentAction\",\"name\":\"Comment\",\"target\":[\"https:\\\/\\\/www.casaldelsinfants.org\\\/es\\\/actualidad\\\/teatro-foro-para-desmontar-el-racismo\\\/#respond\"]}]},{\"@type\":\"WebPage\",\"@id\":\"https:\\\/\\\/www.casaldelsinfants.org\\\/es\\\/actualidad\\\/teatro-foro-para-desmontar-el-racismo\\\/\",\"url\":\"https:\\\/\\\/www.casaldelsinfants.org\\\/es\\\/actualidad\\\/teatro-foro-para-desmontar-el-racismo\\\/\",\"name\":\"Teatro foro para desmontar el racismo\",\"isPartOf\":{\"@id\":\"https:\\\/\\\/www.casaldelsinfants.org\\\/es\\\/#website\"},\"datePublished\":\"2021-06-30T05:06:01+00:00\",\"dateModified\":\"2022-08-17T09:17:11+00:00\",\"description\":\"El grupo de teatro foro de nuestro Casal Jove la Betsaida de Badalona nos sigue haciendo reflexionar y nos invita a posicionarnos antes las desigualdades y discriminaciones. Ahora ponen el foco en los derechos de las personas racializadas con la obra \\\"No soy racista, pero...\\\".\",\"breadcrumb\":{\"@id\":\"https:\\\/\\\/www.casaldelsinfants.org\\\/es\\\/actualidad\\\/teatro-foro-para-desmontar-el-racismo\\\/#breadcrumb\"},\"inLanguage\":\"es\",\"potentialAction\":[{\"@type\":\"ReadAction\",\"target\":[\"https:\\\/\\\/www.casaldelsinfants.org\\\/es\\\/actualidad\\\/teatro-foro-para-desmontar-el-racismo\\\/\"]}]},{\"@type\":\"BreadcrumbList\",\"@id\":\"https:\\\/\\\/www.casaldelsinfants.org\\\/es\\\/actualidad\\\/teatro-foro-para-desmontar-el-racismo\\\/#breadcrumb\",\"itemListElement\":[{\"@type\":\"ListItem\",\"position\":1,\"name\":\"Inici\",\"item\":\"https:\\\/\\\/www.casaldelsinfants.org\\\/es\\\/\"},{\"@type\":\"ListItem\",\"position\":2,\"name\":\"Teatro foro para desmontar el racismo\"}]},{\"@type\":\"WebSite\",\"@id\":\"https:\\\/\\\/www.casaldelsinfants.org\\\/es\\\/#website\",\"url\":\"https:\\\/\\\/www.casaldelsinfants.org\\\/es\\\/\",\"name\":\"Casal dels Infants\",\"description\":\"\",\"publisher\":{\"@id\":\"https:\\\/\\\/www.casaldelsinfants.org\\\/es\\\/#organization\"},\"potentialAction\":[{\"@type\":\"SearchAction\",\"target\":{\"@type\":\"EntryPoint\",\"urlTemplate\":\"https:\\\/\\\/www.casaldelsinfants.org\\\/es\\\/?s={search_term_string}\"},\"query-input\":{\"@type\":\"PropertyValueSpecification\",\"valueRequired\":true,\"valueName\":\"search_term_string\"}}],\"inLanguage\":\"es\"},{\"@type\":\"Organization\",\"@id\":\"https:\\\/\\\/www.casaldelsinfants.org\\\/es\\\/#organization\",\"name\":\"Casal dels Infants\",\"url\":\"https:\\\/\\\/www.casaldelsinfants.org\\\/es\\\/\",\"logo\":{\"@type\":\"ImageObject\",\"inLanguage\":\"es\",\"@id\":\"https:\\\/\\\/www.casaldelsinfants.org\\\/es\\\/#\\\/schema\\\/logo\\\/image\\\/\",\"url\":\"https:\\\/\\\/www.casaldelsinfants.org\\\/wp-content\\\/uploads\\\/logo-mail.png\",\"contentUrl\":\"https:\\\/\\\/www.casaldelsinfants.org\\\/wp-content\\\/uploads\\\/logo-mail.png\",\"width\":380,\"height\":158,\"caption\":\"Casal dels Infants\"},\"image\":{\"@id\":\"https:\\\/\\\/www.casaldelsinfants.org\\\/es\\\/#\\\/schema\\\/logo\\\/image\\\/\"},\"sameAs\":[\"https:\\\/\\\/www.facebook.com\\\/casalinfants\",\"https:\\\/\\\/x.com\\\/casalinfants\",\"https:\\\/\\\/www.youtube.com\\\/user\\\/CasaldelsInfants1\",\"https:\\\/\\\/www.instagram.com\\\/casalinfants\\\/\",\"https:\\\/\\\/www.linkedin.com\\\/company\\\/casaldelsinfants?trk=organization-update_share-update_actor-text\"]},{\"@type\":\"Person\",\"@id\":\"https:\\\/\\\/www.casaldelsinfants.org\\\/es\\\/#\\\/schema\\\/person\\\/97707fc8c64900cf36891127dbf9fba8\",\"name\":\"cdiAdmin\",\"sameAs\":[\"https:\\\/\\\/casaldelsinfants.org\"]}]}<\/script>\n<!-- \/ Yoast SEO plugin. -->","yoast_head_json":{"title":"Teatro foro para desmontar el racismo","description":"El grupo de teatro foro de nuestro Casal Jove la Betsaida de Badalona nos sigue haciendo reflexionar y nos invita a posicionarnos antes las desigualdades y discriminaciones. Ahora ponen el foco en los derechos de las personas racializadas con la obra \"No soy racista, pero...\".","robots":{"index":"index","follow":"follow","max-snippet":"max-snippet:-1","max-image-preview":"max-image-preview:large","max-video-preview":"max-video-preview:-1"},"canonical":"https:\/\/www.casaldelsinfants.org\/es\/actualidad\/teatro-foro-para-desmontar-el-racismo\/","og_locale":"es_ES","og_type":"article","og_title":"Teatro foro para desmontar el racismo","og_description":"El grupo de teatro foro de nuestro Casal Jove la Betsaida de Badalona nos sigue haciendo reflexionar y nos invita a posicionarnos antes las desigualdades y discriminaciones. Ahora ponen el foco en los derechos de las personas racializadas con la obra \"No soy racista, pero...\".","og_url":"https:\/\/www.casaldelsinfants.org\/es\/actualidad\/teatro-foro-para-desmontar-el-racismo\/","og_site_name":"Casal dels Infants","article_publisher":"https:\/\/www.facebook.com\/casalinfants","article_published_time":"2021-06-30T05:06:01+00:00","article_modified_time":"2022-08-17T09:17:11+00:00","author":"cdiAdmin","twitter_card":"summary_large_image","twitter_creator":"@casalinfants","twitter_site":"@casalinfants","twitter_misc":{"Escrito por":"cdiAdmin","Tiempo de lectura":"4 minutos"},"schema":{"@context":"https:\/\/schema.org","@graph":[{"@type":"Article","@id":"https:\/\/www.casaldelsinfants.org\/es\/actualidad\/teatro-foro-para-desmontar-el-racismo\/#article","isPartOf":{"@id":"https:\/\/www.casaldelsinfants.org\/es\/actualidad\/teatro-foro-para-desmontar-el-racismo\/"},"author":{"name":"cdiAdmin","@id":"https:\/\/www.casaldelsinfants.org\/es\/#\/schema\/person\/97707fc8c64900cf36891127dbf9fba8"},"headline":"Teatro foro para desmontar el racismo","datePublished":"2021-06-30T05:06:01+00:00","dateModified":"2022-08-17T09:17:11+00:00","mainEntityOfPage":{"@id":"https:\/\/www.casaldelsinfants.org\/es\/actualidad\/teatro-foro-para-desmontar-el-racismo\/"},"wordCount":773,"commentCount":0,"publisher":{"@id":"https:\/\/www.casaldelsinfants.org\/es\/#organization"},"articleSection":["Not\u00edcia","Reportaje"],"inLanguage":"es","potentialAction":[{"@type":"CommentAction","name":"Comment","target":["https:\/\/www.casaldelsinfants.org\/es\/actualidad\/teatro-foro-para-desmontar-el-racismo\/#respond"]}]},{"@type":"WebPage","@id":"https:\/\/www.casaldelsinfants.org\/es\/actualidad\/teatro-foro-para-desmontar-el-racismo\/","url":"https:\/\/www.casaldelsinfants.org\/es\/actualidad\/teatro-foro-para-desmontar-el-racismo\/","name":"Teatro foro para desmontar el racismo","isPartOf":{"@id":"https:\/\/www.casaldelsinfants.org\/es\/#website"},"datePublished":"2021-06-30T05:06:01+00:00","dateModified":"2022-08-17T09:17:11+00:00","description":"El grupo de teatro foro de nuestro Casal Jove la Betsaida de Badalona nos sigue haciendo reflexionar y nos invita a posicionarnos antes las desigualdades y discriminaciones. Ahora ponen el foco en los derechos de las personas racializadas con la obra \"No soy racista, pero...\".","breadcrumb":{"@id":"https:\/\/www.casaldelsinfants.org\/es\/actualidad\/teatro-foro-para-desmontar-el-racismo\/#breadcrumb"},"inLanguage":"es","potentialAction":[{"@type":"ReadAction","target":["https:\/\/www.casaldelsinfants.org\/es\/actualidad\/teatro-foro-para-desmontar-el-racismo\/"]}]},{"@type":"BreadcrumbList","@id":"https:\/\/www.casaldelsinfants.org\/es\/actualidad\/teatro-foro-para-desmontar-el-racismo\/#breadcrumb","itemListElement":[{"@type":"ListItem","position":1,"name":"Inici","item":"https:\/\/www.casaldelsinfants.org\/es\/"},{"@type":"ListItem","position":2,"name":"Teatro foro para desmontar el racismo"}]},{"@type":"WebSite","@id":"https:\/\/www.casaldelsinfants.org\/es\/#website","url":"https:\/\/www.casaldelsinfants.org\/es\/","name":"Casal dels Infants","description":"","publisher":{"@id":"https:\/\/www.casaldelsinfants.org\/es\/#organization"},"potentialAction":[{"@type":"SearchAction","target":{"@type":"EntryPoint","urlTemplate":"https:\/\/www.casaldelsinfants.org\/es\/?s={search_term_string}"},"query-input":{"@type":"PropertyValueSpecification","valueRequired":true,"valueName":"search_term_string"}}],"inLanguage":"es"},{"@type":"Organization","@id":"https:\/\/www.casaldelsinfants.org\/es\/#organization","name":"Casal dels Infants","url":"https:\/\/www.casaldelsinfants.org\/es\/","logo":{"@type":"ImageObject","inLanguage":"es","@id":"https:\/\/www.casaldelsinfants.org\/es\/#\/schema\/logo\/image\/","url":"https:\/\/www.casaldelsinfants.org\/wp-content\/uploads\/logo-mail.png","contentUrl":"https:\/\/www.casaldelsinfants.org\/wp-content\/uploads\/logo-mail.png","width":380,"height":158,"caption":"Casal dels Infants"},"image":{"@id":"https:\/\/www.casaldelsinfants.org\/es\/#\/schema\/logo\/image\/"},"sameAs":["https:\/\/www.facebook.com\/casalinfants","https:\/\/x.com\/casalinfants","https:\/\/www.youtube.com\/user\/CasaldelsInfants1","https:\/\/www.instagram.com\/casalinfants\/","https:\/\/www.linkedin.com\/company\/casaldelsinfants?trk=organization-update_share-update_actor-text"]},{"@type":"Person","@id":"https:\/\/www.casaldelsinfants.org\/es\/#\/schema\/person\/97707fc8c64900cf36891127dbf9fba8","name":"cdiAdmin","sameAs":["https:\/\/casaldelsinfants.org"]}]}},"publishpress_future_action":{"enabled":false,"date":"2026-05-07 19:58:19","action":"change-status","newStatus":"draft","terms":[],"taxonomy":"category","extraData":[]},"publishpress_future_workflow_manual_trigger":{"enabledWorkflows":[]},"_links":{"self":[{"href":"https:\/\/www.casaldelsinfants.org\/es\/wp-json\/wp\/v2\/posts\/4283","targetHints":{"allow":["GET"]}}],"collection":[{"href":"https:\/\/www.casaldelsinfants.org\/es\/wp-json\/wp\/v2\/posts"}],"about":[{"href":"https:\/\/www.casaldelsinfants.org\/es\/wp-json\/wp\/v2\/types\/post"}],"author":[{"embeddable":true,"href":"https:\/\/www.casaldelsinfants.org\/es\/wp-json\/wp\/v2\/users\/1"}],"replies":[{"embeddable":true,"href":"https:\/\/www.casaldelsinfants.org\/es\/wp-json\/wp\/v2\/comments?post=4283"}],"version-history":[{"count":1,"href":"https:\/\/www.casaldelsinfants.org\/es\/wp-json\/wp\/v2\/posts\/4283\/revisions"}],"predecessor-version":[{"id":6260,"href":"https:\/\/www.casaldelsinfants.org\/es\/wp-json\/wp\/v2\/posts\/4283\/revisions\/6260"}],"wp:attachment":[{"href":"https:\/\/www.casaldelsinfants.org\/es\/wp-json\/wp\/v2\/media?parent=4283"}],"wp:term":[{"taxonomy":"category","embeddable":true,"href":"https:\/\/www.casaldelsinfants.org\/es\/wp-json\/wp\/v2\/categories?post=4283"},{"taxonomy":"post_tag","embeddable":true,"href":"https:\/\/www.casaldelsinfants.org\/es\/wp-json\/wp\/v2\/tags?post=4283"},{"taxonomy":"seus","embeddable":true,"href":"https:\/\/www.casaldelsinfants.org\/es\/wp-json\/wp\/v2\/seus?post=4283"},{"taxonomy":"eixos","embeddable":true,"href":"https:\/\/www.casaldelsinfants.org\/es\/wp-json\/wp\/v2\/eixos?post=4283"}],"curies":[{"name":"wp","href":"https:\/\/api.w.org\/{rel}","templated":true}]}}