{"id":4285,"date":"2021-06-29T15:48:43","date_gmt":"2021-06-29T13:48:43","guid":{"rendered":"https:\/\/casal.puntzero.cat\/noticies\/un-conte-una-illusio-cinc-histories-creades-nens-i-nenes-del-casal-dels-infants-i\/"},"modified":"2023-06-08T12:30:16","modified_gmt":"2023-06-08T10:30:16","slug":"un-conte-una-illusio-cinc-histories-creades-nens-i-nenes-del-casal-dels-infants-i","status":"publish","type":"post","link":"https:\/\/www.casaldelsinfants.org\/es\/actualidad\/cuento-ilusion-cinco-historias-creadas-ninos-casal-dels-infants\/","title":{"rendered":"\u201cUn cuento, una ilusi\u00f3n\u201d: cinco historias creadas por ni\u00f1os y ni\u00f1as del Casal dels Infants y publicadas por Editorial Stenella"},"content":{"rendered":"<p><span style=\"color:#000000;\">Escribir los cuentos ha sido un viaje largo y apasionante, guiados por su imaginaci\u00f3n y los consejos de Aguas Rodr\u00edguez, escritora, fundadora y CEO de la Editoral Stenella. A Aguas ya la conoc\u00edan, justamente de escucharle muchas otras historias que cada quince d\u00edas viene a explicarles al Casal, en el marco del proyecto Foment de la Lectura de la Associaci\u00f3 d\u2019Escriptors en Llengua Catalana (AELC). Hasta que un d\u00eda, tras muchos descubrimientos saltando de relato en relato, ella los dej\u00f3 sin palabras proponi\u00e9ndoles crear sus propios cuentos.<\/span><\/p>\n<p><span style=\"color:#000000;\">\u201cAl principio les coste creerse que s\u00ed, que ellos y ellas escribir\u00edan su propio cuento. Que lo podr\u00edan leer por la noche, llevarlo a la escuela y ense\u00f1arlo a las amigas\u2026\u201d explica Laia Comamala, su educadora. Despu\u00e9s lleg\u00f3 el v\u00e9rtigo de encontrarse frente a una hoja en blanco, como les pasa a muchos escritores y escritoras, pero con ilusi\u00f3n y constancia fueron encontrando las palabras para explicar sus historias. \u201cNos sorprendi\u00f3 su imaginaci\u00f3n para crear grandes historias, pese a su edad\u201d, comenta Laia.<\/span><\/p>\n<p class=\"destacat-noticia\"><span style=\"color:#000000;\">Laia Comamala (educadora): \u00a0\u201cNos sorprendi\u00f3 su imaginaci\u00f3n para crear grandes historias, pese a su edad\u201d<\/span><\/p>\n<p><span style=\"color:#000000;\">Este era el objetivo del proyecto, justamente: que los ni\u00f1os y ni\u00f1as tuvieran la oportunidad de expresarse a trav\u00e9s de la escritura y desde su realidad social. Que disfrutasen explicando qui\u00e9n son y qu\u00e9 les pasa por la cabeza, y que con todo ello reforzaran competencias para su desarrollo. Hacerse preguntas y crecer, en definitiva, a trav\u00e9s de la lectura y la escritura. \u201cHa sido un proceso muy positivo. Han descubierto que unos ten\u00edan habilidades para escribir, otros para dibujar, y ha sido muy interesante\u201d, explica Aguas. \u201cTamib\u00e9n se han tenido que documentar, consultando otros libros, y ayud\u00e1ndose mutuamente entre ellos y ellas. Hemos visto como algunos ni\u00f1os y ni\u00f1as que no se hab\u00edan relacionado entre s\u00ed han empezado a hacerlo en el momento de crear su cuento\u201d.<\/span><\/p>\n<p class=\"destacat-noticia\"><span style=\"color:#000000;\">Aguas Rodr\u00edguez, escritora, fundadora y\u00a0CEO de Editorial Stenella: \u00abHan descubierto que unos ten\u00edan habilidades para escribir, otros para dibujar, y ha sido muy interesante.Tambi\u00e9n se han tenido que documentar, consultando otros libros, y ayud\u00e1ndose mutuamente entre ellos y ellas\u00bb<\/span><\/p>\n<p><span style=\"color:#000000;\">Por el camino tambi\u00e9n han aprendido qu\u00e9 quiere decir editar y publicar un libro. Qu\u00e9 profesionales trabajan en el proceso, qui\u00e9n hace qu\u00e9, qu\u00e9 pasos se deben seguir\u2026 Tras redactar el cuento, lo pasaron a ordenador y eligieron cuales de las ilustraciones que hab\u00edan creado acompa\u00f1ar\u00edan mejor al texto.<\/span><\/p>\n<p><span style=\"color:#000000;\">Tener el libro entre manos, finalmente, les ilumina la cara de orgullo y alegr\u00eda. Tambi\u00e9n a Aguas y a Laia: \u201cPara nosotras tambi\u00e9n ha sido un proceso muy bonito y enriquecedor\u201d, dicen, con la mirada ya puesta en que el a\u00f1o que viene los ni\u00f1os y ni\u00f1as vuelvan a ser imaginativos y creen nuevos cuentos. De momento, pod\u00e9is encontrar \u201cUn cuento, una ilusi\u00f3n\u201d en las bibliotecas municipales de Barcelona, y tambi\u00e9n en versi\u00f3n digital en la web de la Editorial Stenella.<\/span><\/p>\n<p>\u00a0<\/p>\n<blockquote>\n<p>Los autores y autoras de los cuentos de \u201cUn cuento, una ilusi\u00f3n\u201d son: Brian Zambrano; \u00c1frica Cantera; Ayesha Siddiga; Marya Dib Dib; Selma Afadjame; Unai Montesinos Pons; Nor El Hayouni; Mara Hern\u00e1ndez; Jimena Claver\u00eda; Khadija El Hailoufi; Waies Uddin; Jonathan Covalu; Brenda Londo\u00f1o; Aida Raja Sultana; Saif Eddin Shahoud y Ayesha Fiaz.<\/p>\n<p>El libro ha sido posible gracias a la Editorial Stenella y a los donativos de personas particulares que han querido colaborar con el proyecto. Muchas gracias por hacerlo posible, as\u00ed como a Biblioteques de Barcelona por distribuir un ejemplar del libro en cada una de sus bibliotecas.\u00a0<\/p>\n<p>\u00a0<\/p>\n<div class=\"video-embed-field-responsive-video form-group\"><iframe loading=\"lazy\" width=\"854\" height=\"480\" frameborder=\"0\" allowfullscreen=\"allowfullscreen\" src=\"https:\/\/www.youtube.com\/embed\/HTvacX-V4Js?autoplay=0&amp;start=0&amp;rel=0\"><\/iframe>\n<\/div>\n<\/blockquote>\n","protected":false},"excerpt":{"rendered":"<div class=\"video-embed-field-responsive-video form-group\"><iframe loading=\"lazy\" width=\"854\" height=\"480\" frameborder=\"0\" allowfullscreen=\"allowfullscreen\" src=\"https:\/\/www.youtube.com\/embed\/G6kL43n10go?autoplay=0&amp;start=0&amp;rel=0\"><\/iframe>\n<\/div>\n<p class=\"text-align-center\">\u00a0<\/p>\n<p class=\"text-align-center\">Un meteorito que propaga una epidemia, una sirena perdida en tierra de humanos, el misterio de unos animales que se hacen gigantes, la entrada de un grupo de amigos y amigas a una casa terror\u00edfica y la aparici\u00f3n nocturna de unos duendes en medio del bosque. De aqu\u00ed parten los cinco cuentos que ni\u00f1os y ni\u00f1as del grupo de medianos del Centro Abierto del Casal dels Infants en el barrio del Raval, de entre 8 y 10 a\u00f1os, han ideado, escrito e ilustrado durante el curso. El resultado es el libro \u201cUn cuento, una ilusi\u00f3n\u201d, publicado por la Editorial Stenella como edici\u00f3n no venal, y encontrar\u00e9is un ejemplar en cada una de las 40 bibliotecas municipales de Barcelona.<\/p>\n","protected":false},"author":1,"featured_media":0,"comment_status":"open","ping_status":"open","sticky":false,"template":"","format":"standard","meta":{"_acf_changed":false,"_et_pb_use_builder":"","_et_pb_old_content":"","_et_gb_content_width":"","inline_featured_image":false,"footnotes":""},"categories":[105],"tags":[],"seus":[157],"eixos":[],"class_list":["post-4285","post","type-post","status-publish","format-standard","hentry","category-reportaje","seus-el-raval"],"acf":[],"yoast_head":"<!-- This site is optimized with the Yoast SEO plugin v27.4 - https:\/\/yoast.com\/product\/yoast-seo-wordpress\/ -->\n<title>Un cuento, una ilusi\u00f3n<\/title>\n<meta name=\"description\" content=\"&quot;Un cuento, una ilusi\u00f3n&quot; es un libro que recopila cinco cuentos creados por ni\u00f1os y ni\u00f1sa del grupo de medianos del Centro Abierto del Casal dels Infants en el barrio del Raval. Lo ha editado Editorial Stenella, y cada una de las 40 bibliotecas municipales de Barcelona cuenta con un ejemplar.\" \/>\n<meta name=\"robots\" content=\"index, follow, max-snippet:-1, max-image-preview:large, max-video-preview:-1\" \/>\n<link rel=\"canonical\" href=\"https:\/\/www.casaldelsinfants.org\/es\/actualidad\/cuento-ilusion-cinco-historias-creadas-ninos-casal-dels-infants\/\" \/>\n<meta property=\"og:locale\" content=\"es_ES\" \/>\n<meta property=\"og:type\" content=\"article\" \/>\n<meta property=\"og:title\" content=\"Un cuento, una ilusi\u00f3n\" \/>\n<meta property=\"og:description\" content=\"&quot;Un cuento, una ilusi\u00f3n&quot; es un libro que recopila cinco cuentos creados por ni\u00f1os y ni\u00f1sa del grupo de medianos del Centro Abierto del Casal dels Infants en el barrio del Raval. Lo ha editado Editorial Stenella, y cada una de las 40 bibliotecas municipales de Barcelona cuenta con un ejemplar.\" \/>\n<meta property=\"og:url\" content=\"https:\/\/www.casaldelsinfants.org\/es\/actualidad\/cuento-ilusion-cinco-historias-creadas-ninos-casal-dels-infants\/\" \/>\n<meta property=\"og:site_name\" content=\"Casal dels Infants\" \/>\n<meta property=\"article:publisher\" content=\"https:\/\/www.facebook.com\/casalinfants\" \/>\n<meta property=\"article:published_time\" content=\"2021-06-29T13:48:43+00:00\" \/>\n<meta property=\"article:modified_time\" content=\"2023-06-08T10:30:16+00:00\" \/>\n<meta name=\"author\" content=\"cdiAdmin\" \/>\n<meta name=\"twitter:card\" content=\"summary_large_image\" \/>\n<meta name=\"twitter:creator\" content=\"@casalinfants\" \/>\n<meta name=\"twitter:site\" content=\"@casalinfants\" \/>\n<meta name=\"twitter:label1\" content=\"Escrito por\" \/>\n\t<meta name=\"twitter:data1\" content=\"cdiAdmin\" \/>\n\t<meta name=\"twitter:label2\" content=\"Tiempo de lectura\" \/>\n\t<meta name=\"twitter:data2\" content=\"4 minutos\" \/>\n<script type=\"application\/ld+json\" class=\"yoast-schema-graph\">{\"@context\":\"https:\\\/\\\/schema.org\",\"@graph\":[{\"@type\":\"Article\",\"@id\":\"https:\\\/\\\/www.casaldelsinfants.org\\\/es\\\/actualidad\\\/cuento-ilusion-cinco-historias-creadas-ninos-casal-dels-infants\\\/#article\",\"isPartOf\":{\"@id\":\"https:\\\/\\\/www.casaldelsinfants.org\\\/es\\\/actualidad\\\/cuento-ilusion-cinco-historias-creadas-ninos-casal-dels-infants\\\/\"},\"author\":{\"name\":\"cdiAdmin\",\"@id\":\"https:\\\/\\\/www.casaldelsinfants.org\\\/es\\\/#\\\/schema\\\/person\\\/97707fc8c64900cf36891127dbf9fba8\"},\"headline\":\"\u201cUn cuento, una ilusi\u00f3n\u201d: cinco historias creadas por ni\u00f1os y ni\u00f1as del Casal dels Infants y publicadas por Editorial Stenella\",\"datePublished\":\"2021-06-29T13:48:43+00:00\",\"dateModified\":\"2023-06-08T10:30:16+00:00\",\"mainEntityOfPage\":{\"@id\":\"https:\\\/\\\/www.casaldelsinfants.org\\\/es\\\/actualidad\\\/cuento-ilusion-cinco-historias-creadas-ninos-casal-dels-infants\\\/\"},\"wordCount\":655,\"commentCount\":0,\"publisher\":{\"@id\":\"https:\\\/\\\/www.casaldelsinfants.org\\\/es\\\/#organization\"},\"articleSection\":[\"Reportaje\"],\"inLanguage\":\"es\",\"potentialAction\":[{\"@type\":\"CommentAction\",\"name\":\"Comment\",\"target\":[\"https:\\\/\\\/www.casaldelsinfants.org\\\/es\\\/actualidad\\\/cuento-ilusion-cinco-historias-creadas-ninos-casal-dels-infants\\\/#respond\"]}]},{\"@type\":\"WebPage\",\"@id\":\"https:\\\/\\\/www.casaldelsinfants.org\\\/es\\\/actualidad\\\/cuento-ilusion-cinco-historias-creadas-ninos-casal-dels-infants\\\/\",\"url\":\"https:\\\/\\\/www.casaldelsinfants.org\\\/es\\\/actualidad\\\/cuento-ilusion-cinco-historias-creadas-ninos-casal-dels-infants\\\/\",\"name\":\"Un cuento, una ilusi\u00f3n\",\"isPartOf\":{\"@id\":\"https:\\\/\\\/www.casaldelsinfants.org\\\/es\\\/#website\"},\"datePublished\":\"2021-06-29T13:48:43+00:00\",\"dateModified\":\"2023-06-08T10:30:16+00:00\",\"description\":\"\\\"Un cuento, una ilusi\u00f3n\\\" es un libro que recopila cinco cuentos creados por ni\u00f1os y ni\u00f1sa del grupo de medianos del Centro Abierto del Casal dels Infants en el barrio del Raval. Lo ha editado Editorial Stenella, y cada una de las 40 bibliotecas municipales de Barcelona cuenta con un ejemplar.\",\"breadcrumb\":{\"@id\":\"https:\\\/\\\/www.casaldelsinfants.org\\\/es\\\/actualidad\\\/cuento-ilusion-cinco-historias-creadas-ninos-casal-dels-infants\\\/#breadcrumb\"},\"inLanguage\":\"es\",\"potentialAction\":[{\"@type\":\"ReadAction\",\"target\":[\"https:\\\/\\\/www.casaldelsinfants.org\\\/es\\\/actualidad\\\/cuento-ilusion-cinco-historias-creadas-ninos-casal-dels-infants\\\/\"]}]},{\"@type\":\"BreadcrumbList\",\"@id\":\"https:\\\/\\\/www.casaldelsinfants.org\\\/es\\\/actualidad\\\/cuento-ilusion-cinco-historias-creadas-ninos-casal-dels-infants\\\/#breadcrumb\",\"itemListElement\":[{\"@type\":\"ListItem\",\"position\":1,\"name\":\"Inici\",\"item\":\"https:\\\/\\\/www.casaldelsinfants.org\\\/es\\\/\"},{\"@type\":\"ListItem\",\"position\":2,\"name\":\"\u201cUn cuento, una ilusi\u00f3n\u201d: cinco historias creadas por ni\u00f1os y ni\u00f1as del Casal dels Infants y publicadas por Editorial Stenella\"}]},{\"@type\":\"WebSite\",\"@id\":\"https:\\\/\\\/www.casaldelsinfants.org\\\/es\\\/#website\",\"url\":\"https:\\\/\\\/www.casaldelsinfants.org\\\/es\\\/\",\"name\":\"Casal dels Infants\",\"description\":\"\",\"publisher\":{\"@id\":\"https:\\\/\\\/www.casaldelsinfants.org\\\/es\\\/#organization\"},\"potentialAction\":[{\"@type\":\"SearchAction\",\"target\":{\"@type\":\"EntryPoint\",\"urlTemplate\":\"https:\\\/\\\/www.casaldelsinfants.org\\\/es\\\/?s={search_term_string}\"},\"query-input\":{\"@type\":\"PropertyValueSpecification\",\"valueRequired\":true,\"valueName\":\"search_term_string\"}}],\"inLanguage\":\"es\"},{\"@type\":\"Organization\",\"@id\":\"https:\\\/\\\/www.casaldelsinfants.org\\\/es\\\/#organization\",\"name\":\"Casal dels Infants\",\"url\":\"https:\\\/\\\/www.casaldelsinfants.org\\\/es\\\/\",\"logo\":{\"@type\":\"ImageObject\",\"inLanguage\":\"es\",\"@id\":\"https:\\\/\\\/www.casaldelsinfants.org\\\/es\\\/#\\\/schema\\\/logo\\\/image\\\/\",\"url\":\"https:\\\/\\\/www.casaldelsinfants.org\\\/wp-content\\\/uploads\\\/logo-mail.png\",\"contentUrl\":\"https:\\\/\\\/www.casaldelsinfants.org\\\/wp-content\\\/uploads\\\/logo-mail.png\",\"width\":380,\"height\":158,\"caption\":\"Casal dels Infants\"},\"image\":{\"@id\":\"https:\\\/\\\/www.casaldelsinfants.org\\\/es\\\/#\\\/schema\\\/logo\\\/image\\\/\"},\"sameAs\":[\"https:\\\/\\\/www.facebook.com\\\/casalinfants\",\"https:\\\/\\\/x.com\\\/casalinfants\",\"https:\\\/\\\/www.youtube.com\\\/user\\\/CasaldelsInfants1\",\"https:\\\/\\\/www.instagram.com\\\/casalinfants\\\/\",\"https:\\\/\\\/www.linkedin.com\\\/company\\\/casaldelsinfants?trk=organization-update_share-update_actor-text\"]},{\"@type\":\"Person\",\"@id\":\"https:\\\/\\\/www.casaldelsinfants.org\\\/es\\\/#\\\/schema\\\/person\\\/97707fc8c64900cf36891127dbf9fba8\",\"name\":\"cdiAdmin\",\"sameAs\":[\"https:\\\/\\\/casaldelsinfants.org\"]}]}<\/script>\n<!-- \/ Yoast SEO plugin. -->","yoast_head_json":{"title":"Un cuento, una ilusi\u00f3n","description":"\"Un cuento, una ilusi\u00f3n\" es un libro que recopila cinco cuentos creados por ni\u00f1os y ni\u00f1sa del grupo de medianos del Centro Abierto del Casal dels Infants en el barrio del Raval. Lo ha editado Editorial Stenella, y cada una de las 40 bibliotecas municipales de Barcelona cuenta con un ejemplar.","robots":{"index":"index","follow":"follow","max-snippet":"max-snippet:-1","max-image-preview":"max-image-preview:large","max-video-preview":"max-video-preview:-1"},"canonical":"https:\/\/www.casaldelsinfants.org\/es\/actualidad\/cuento-ilusion-cinco-historias-creadas-ninos-casal-dels-infants\/","og_locale":"es_ES","og_type":"article","og_title":"Un cuento, una ilusi\u00f3n","og_description":"\"Un cuento, una ilusi\u00f3n\" es un libro que recopila cinco cuentos creados por ni\u00f1os y ni\u00f1sa del grupo de medianos del Centro Abierto del Casal dels Infants en el barrio del Raval. Lo ha editado Editorial Stenella, y cada una de las 40 bibliotecas municipales de Barcelona cuenta con un ejemplar.","og_url":"https:\/\/www.casaldelsinfants.org\/es\/actualidad\/cuento-ilusion-cinco-historias-creadas-ninos-casal-dels-infants\/","og_site_name":"Casal dels Infants","article_publisher":"https:\/\/www.facebook.com\/casalinfants","article_published_time":"2021-06-29T13:48:43+00:00","article_modified_time":"2023-06-08T10:30:16+00:00","author":"cdiAdmin","twitter_card":"summary_large_image","twitter_creator":"@casalinfants","twitter_site":"@casalinfants","twitter_misc":{"Escrito por":"cdiAdmin","Tiempo de lectura":"4 minutos"},"schema":{"@context":"https:\/\/schema.org","@graph":[{"@type":"Article","@id":"https:\/\/www.casaldelsinfants.org\/es\/actualidad\/cuento-ilusion-cinco-historias-creadas-ninos-casal-dels-infants\/#article","isPartOf":{"@id":"https:\/\/www.casaldelsinfants.org\/es\/actualidad\/cuento-ilusion-cinco-historias-creadas-ninos-casal-dels-infants\/"},"author":{"name":"cdiAdmin","@id":"https:\/\/www.casaldelsinfants.org\/es\/#\/schema\/person\/97707fc8c64900cf36891127dbf9fba8"},"headline":"\u201cUn cuento, una ilusi\u00f3n\u201d: cinco historias creadas por ni\u00f1os y ni\u00f1as del Casal dels Infants y publicadas por Editorial Stenella","datePublished":"2021-06-29T13:48:43+00:00","dateModified":"2023-06-08T10:30:16+00:00","mainEntityOfPage":{"@id":"https:\/\/www.casaldelsinfants.org\/es\/actualidad\/cuento-ilusion-cinco-historias-creadas-ninos-casal-dels-infants\/"},"wordCount":655,"commentCount":0,"publisher":{"@id":"https:\/\/www.casaldelsinfants.org\/es\/#organization"},"articleSection":["Reportaje"],"inLanguage":"es","potentialAction":[{"@type":"CommentAction","name":"Comment","target":["https:\/\/www.casaldelsinfants.org\/es\/actualidad\/cuento-ilusion-cinco-historias-creadas-ninos-casal-dels-infants\/#respond"]}]},{"@type":"WebPage","@id":"https:\/\/www.casaldelsinfants.org\/es\/actualidad\/cuento-ilusion-cinco-historias-creadas-ninos-casal-dels-infants\/","url":"https:\/\/www.casaldelsinfants.org\/es\/actualidad\/cuento-ilusion-cinco-historias-creadas-ninos-casal-dels-infants\/","name":"Un cuento, una ilusi\u00f3n","isPartOf":{"@id":"https:\/\/www.casaldelsinfants.org\/es\/#website"},"datePublished":"2021-06-29T13:48:43+00:00","dateModified":"2023-06-08T10:30:16+00:00","description":"\"Un cuento, una ilusi\u00f3n\" es un libro que recopila cinco cuentos creados por ni\u00f1os y ni\u00f1sa del grupo de medianos del Centro Abierto del Casal dels Infants en el barrio del Raval. Lo ha editado Editorial Stenella, y cada una de las 40 bibliotecas municipales de Barcelona cuenta con un ejemplar.","breadcrumb":{"@id":"https:\/\/www.casaldelsinfants.org\/es\/actualidad\/cuento-ilusion-cinco-historias-creadas-ninos-casal-dels-infants\/#breadcrumb"},"inLanguage":"es","potentialAction":[{"@type":"ReadAction","target":["https:\/\/www.casaldelsinfants.org\/es\/actualidad\/cuento-ilusion-cinco-historias-creadas-ninos-casal-dels-infants\/"]}]},{"@type":"BreadcrumbList","@id":"https:\/\/www.casaldelsinfants.org\/es\/actualidad\/cuento-ilusion-cinco-historias-creadas-ninos-casal-dels-infants\/#breadcrumb","itemListElement":[{"@type":"ListItem","position":1,"name":"Inici","item":"https:\/\/www.casaldelsinfants.org\/es\/"},{"@type":"ListItem","position":2,"name":"\u201cUn cuento, una ilusi\u00f3n\u201d: cinco historias creadas por ni\u00f1os y ni\u00f1as del Casal dels Infants y publicadas por Editorial Stenella"}]},{"@type":"WebSite","@id":"https:\/\/www.casaldelsinfants.org\/es\/#website","url":"https:\/\/www.casaldelsinfants.org\/es\/","name":"Casal dels Infants","description":"","publisher":{"@id":"https:\/\/www.casaldelsinfants.org\/es\/#organization"},"potentialAction":[{"@type":"SearchAction","target":{"@type":"EntryPoint","urlTemplate":"https:\/\/www.casaldelsinfants.org\/es\/?s={search_term_string}"},"query-input":{"@type":"PropertyValueSpecification","valueRequired":true,"valueName":"search_term_string"}}],"inLanguage":"es"},{"@type":"Organization","@id":"https:\/\/www.casaldelsinfants.org\/es\/#organization","name":"Casal dels Infants","url":"https:\/\/www.casaldelsinfants.org\/es\/","logo":{"@type":"ImageObject","inLanguage":"es","@id":"https:\/\/www.casaldelsinfants.org\/es\/#\/schema\/logo\/image\/","url":"https:\/\/www.casaldelsinfants.org\/wp-content\/uploads\/logo-mail.png","contentUrl":"https:\/\/www.casaldelsinfants.org\/wp-content\/uploads\/logo-mail.png","width":380,"height":158,"caption":"Casal dels Infants"},"image":{"@id":"https:\/\/www.casaldelsinfants.org\/es\/#\/schema\/logo\/image\/"},"sameAs":["https:\/\/www.facebook.com\/casalinfants","https:\/\/x.com\/casalinfants","https:\/\/www.youtube.com\/user\/CasaldelsInfants1","https:\/\/www.instagram.com\/casalinfants\/","https:\/\/www.linkedin.com\/company\/casaldelsinfants?trk=organization-update_share-update_actor-text"]},{"@type":"Person","@id":"https:\/\/www.casaldelsinfants.org\/es\/#\/schema\/person\/97707fc8c64900cf36891127dbf9fba8","name":"cdiAdmin","sameAs":["https:\/\/casaldelsinfants.org"]}]}},"publishpress_future_action":{"enabled":false,"date":"2026-05-08 16:23:53","action":"change-status","newStatus":"draft","terms":[],"taxonomy":"category","extraData":[]},"publishpress_future_workflow_manual_trigger":{"enabledWorkflows":[]},"_links":{"self":[{"href":"https:\/\/www.casaldelsinfants.org\/es\/wp-json\/wp\/v2\/posts\/4285","targetHints":{"allow":["GET"]}}],"collection":[{"href":"https:\/\/www.casaldelsinfants.org\/es\/wp-json\/wp\/v2\/posts"}],"about":[{"href":"https:\/\/www.casaldelsinfants.org\/es\/wp-json\/wp\/v2\/types\/post"}],"author":[{"embeddable":true,"href":"https:\/\/www.casaldelsinfants.org\/es\/wp-json\/wp\/v2\/users\/1"}],"replies":[{"embeddable":true,"href":"https:\/\/www.casaldelsinfants.org\/es\/wp-json\/wp\/v2\/comments?post=4285"}],"version-history":[{"count":1,"href":"https:\/\/www.casaldelsinfants.org\/es\/wp-json\/wp\/v2\/posts\/4285\/revisions"}],"predecessor-version":[{"id":6261,"href":"https:\/\/www.casaldelsinfants.org\/es\/wp-json\/wp\/v2\/posts\/4285\/revisions\/6261"}],"wp:attachment":[{"href":"https:\/\/www.casaldelsinfants.org\/es\/wp-json\/wp\/v2\/media?parent=4285"}],"wp:term":[{"taxonomy":"category","embeddable":true,"href":"https:\/\/www.casaldelsinfants.org\/es\/wp-json\/wp\/v2\/categories?post=4285"},{"taxonomy":"post_tag","embeddable":true,"href":"https:\/\/www.casaldelsinfants.org\/es\/wp-json\/wp\/v2\/tags?post=4285"},{"taxonomy":"seus","embeddable":true,"href":"https:\/\/www.casaldelsinfants.org\/es\/wp-json\/wp\/v2\/seus?post=4285"},{"taxonomy":"eixos","embeddable":true,"href":"https:\/\/www.casaldelsinfants.org\/es\/wp-json\/wp\/v2\/eixos?post=4285"}],"curies":[{"name":"wp","href":"https:\/\/api.w.org\/{rel}","templated":true}]}}