{"id":4287,"date":"2021-06-28T13:55:46","date_gmt":"2021-06-28T11:55:46","guid":{"rendered":"https:\/\/casal.puntzero.cat\/noticies\/un-gran-estiu-qui-mes-el-necessita-ens-ajudes-fer-ho-possible\/"},"modified":"2022-08-17T11:17:13","modified_gmt":"2022-08-17T09:17:13","slug":"un-gran-estiu-qui-mes-el-necessita-ens-ajudes-fer-ho-possible","status":"publish","type":"post","link":"https:\/\/www.casaldelsinfants.org\/es\/actualidad\/un-gran-verano-para-quien-mas-lo-necesita-nos-ayudas-hacerlo-posible\/","title":{"rendered":"Un gran verano para quien m\u00e1s lo necesita: \u00bfnos ayudas a hacerlo posible?"},"content":{"rendered":"<p>En el Casal dels Infants hemos empezado las actividades de verano, con las que garantizaremos espacios de ocio eduactivo gratuitos a 1.600 ni\u00f1os, ni\u00f1as, adolescentes y j\u00f3venes hasta el 27 de agosto. Este a\u00f1o hemos ampliado nuestra oferta de actividades con respecto a veranos anteriores, y para hacerlo posible hemos lanzado un llamado a la ciudadan\u00eda, bajo el lema\u00bbNecesitamos un gran verano\u00bb, para conseguir donativos que garanticen este acompa\u00f1amiento.<\/p>\n<p><span style=\"color:#000000;\">Rosa Balaguer, directora general de la entidad, ha valorado la necesidad de que todo el mundo que pueda colabore a hacer posibles unas vacaciones en las que ning\u00fan ni\u00f1o o ni\u00f1a se quede atr\u00e1s: \u00abEn el \u00faltimo a\u00f1o muchas familias han perdido su fuente de ingresos y se han encontrado en una situaci\u00f3n de vulnerabilidad l\u00edmite. Sus hijos e hijas han sido los primeros en sufrir las consecuencias, y ahora es clave que puedan vivir un gran verano para desconectar, reforzar lo que han aprendido en la escuela, disfrutar y coger aire\u00bb.<\/span><\/p>\n<p class=\"destacat-noticia\"><span style=\"color:#000000;\">Rosa Balaguer:\u00a0\u00abEn el \u00faltimo a\u00f1o muchas familias han perdido su fuente de ingresos y se han encontrado en una situaci\u00f3n de vulnerabilidad l\u00edmite. Sus hijos e hijas han sido los primeros en sufrir las consecuencias, y ahora es clave que puedan vivir un gran verano para desconectar, reforzar lo que han aprendido en la escuela, disfrutar y coger aire\u00bb.<\/span><\/p>\n<p><span style=\"color:#000000;\">Las actividades consisten en casales de verano, colonias, campamentos para adolescentes y campos de trabajo para j\u00f3venes mayores de 16 a\u00f1os. Se trata de chicos y chicas que mayoritariamente ya participaban en los distintos servicios que ofrecemos durante el curso, en los barrios\u00a0del Raval y\u00a0el Bes\u00f2s i el Maresme (Barcelona); Llefi\u00e0 y\u00a0Sant Roc (Badalona); Santa Rosa, Raval y\u00a0Fondo (Santa Coloma de Gramenet); la Mina y\u00a0el Bes\u00f2s (Sant Adri\u00e0 de Bes\u00f2s) y\u00a0el municipio de Salt.<\/span><\/p>\n<p><span style=\"color:#000000;\">A modo de ejemplo, un donativo de 50 euros garantizar\u00e1 que un ni\u00f1o o ni\u00f1a cuente con un kit de material educativo durante todo el verano mientras realiza actividades en el Casal dels Infants. Con una aportaci\u00f3n de 120 euros, realizar\u00e1 una semana de casal de verano con el almuerzo incluido, y con 300 podr\u00e1 ir de colonias durante cinco d\u00edas. Los donativos se pueden hacer <\/span><a href=\"https:\/\/www.casaldelsinfants.org\/es\/dona-ahora-verano\/\"><u>aqu\u00ed<\/u><\/a><span style=\"color:#000000;\">.<\/span><\/p>\n<p><strong>Un nuevo casal de verano y un segundo campo de trabajo<\/strong><\/p>\n<p><span style=\"color:#000000;\">En cuanto a la ampliaci\u00f3n de las actividades, por un lado ofrecemos por primera vez un casal de verano en el barrio del Sant Crist de Badalona, en las instalaciones de la escuela Llongueras, donde participar\u00e1n 40 ni\u00f1os y ni\u00f1as en julio.<\/span><\/p>\n<p><span style=\"color:#000000;\">Por otro lado, tambi\u00e9n ser\u00e1 la primera edici\u00f3n de un nuevo campo de trabajo para j\u00f3venes en el pueblo d&#8217;Escal\u00f3, en el Pallars Sobir\u00e0, en colaboraci\u00f3n con el ayuntamiento de la Guingueta d&#8217;\u00c0neu. Los hicos y chicas ayudar\u00e1n a la brigada municipal en tareas de adecuaci\u00f3n de espacios, principalmente caminos, como el del acceso al monasterio rom\u00e1nico de Santa Pere del Burgal.<\/span><\/p>\n<p>Este campo de trabajo se suma al que ya organizamos desde hace a\u00f1os en el pueblo de Tavascan del municipio de Lladorre, tambi\u00e9n en el Pallars Sobir\u00e0. La colaboraci\u00f3n con la brigada municipal consistir\u00e1 en este caso en limpiar bosques y caminos, as\u00ed como otras tareas comunitarias. En Tavascan tambi\u00e9n haremos campamentos con adolescentes, que juntamente\u00a0con los y las j\u00f3venes del campo de trabajo acampar\u00e1n en el camping Bordes de Graus.<\/p>\n<p><span style=\"color:#000000;\">Tanto en los campamentos como en los campos de trabajo, ocho j\u00f3venes mayores de edad participantes del Casal har\u00e1n de voluntarios y voluntarias, asumiendo tareas de log\u00edstica y de apoyo a los educadores y educadoras.<\/span><\/p>\n<p><strong>Descubrimientos, refuerzo escolar y cobertura de la alimentaci\u00f3n<\/strong><\/p>\n<p>Nuestras actividades de verano permitir\u00e1n a los chicos y chicas salir de su entorno urbano y disfrutar de experiencia que habitualmente no tienen a su alcance. \u00abCada a\u00f1o nos encontramos con j\u00f3venes que por primera vez duermen en una tienda de campa\u00f1a o se ba\u00f1an en el r\u00edo. Es un descubrimiento que les queda marcado\u00bb, explica Rosa Balaguer. Todo ello tendr\u00e1 lugar en una veintena de municipios de 12 comarcas catalanas.<\/p>\n<p class=\"destacat-noticia\"><span style=\"color:#000000;\">Rosa Balaguer: \u201cCada a\u00f1o nos encontramos con j\u00f3venes que por primera vez duermen en una tienda de campa\u00f1a o se ba\u00f1an en el r\u00edo. Es un descubrimiento que les queda marcado\u00bb<\/span><\/p>\n<p>Otro de nuestros ejes de trabajo ser\u00e1 garantizar espacios de refuerzo educativo a los chicos y chicas, para que empiecen el pr\u00f3ximo curso escolar con garant\u00edas de \u00e9xito. \u00abDurante el confinamiento, las desigualdades educativas crecieron. Muchos padres y madres no ten\u00edan suficientes competencias para ayudar a sus hijos e hijas con las tareas de la escuela, a lo que tambi\u00e9n debemos sumar los efectos de la brecha digital. Por todo ello, este curso hemos intensificado el refuerzo educativo, y tambi\u00e9n lo haremos durante el verano\u00bb, a\u00f1ade la directora de la entidad. En esta l\u00ednea, el servicio CatEstiu, que ofrecemos en el barrio del Raval de Barcelona, se centrar\u00e1 en el refuerzo de la lengua catalana y otras competencias instrumentales b\u00e1sicas, durante el mes de julio.<\/p>\n<p><span style=\"color:#000000;\">Finalmente, contribuiremos a garantizar una alimentaci\u00f3n adecuada a los ni\u00f1os, ni\u00f1as, j\u00f3venes y adolescentes. En el casal de verano les ofreceremos el almuerzo, y cuando est\u00e9n de colonias, campamentos o campos de trabajo recibir\u00e1n las tres comidas del d\u00eda. As\u00ed mismo, tambi\u00e9n mantendremos activas prestaciones de emergencia para garantizar la cobertura de las necesidades b\u00e1sicas a las familias en una situaci\u00f3n de vulnerabilidad m\u00e1s grave, como venimos haciendo desde el inicio de la pandemia.<\/span><\/p>\n","protected":false},"excerpt":{"rendered":"<p>En el Casal dels Infants hemos empezado las actividades de verano, con las que garantizaremos espacios de ocio eduactivo gratuitos a 1.600 ni\u00f1os, ni\u00f1as, adolescentes y j\u00f3venes hasta el 27 de agosto. Este a\u00f1o hemos ampliado nuestra oferta de actividades con respecto a veranos anteriores, y para hacerlo posible hemos lanzado un llamado a la [&hellip;]<\/p>\n","protected":false},"author":1,"featured_media":3063,"comment_status":"open","ping_status":"open","sticky":false,"template":"","format":"standard","meta":{"_acf_changed":false,"_et_pb_use_builder":"","_et_pb_old_content":"","_et_gb_content_width":"","inline_featured_image":false,"footnotes":""},"categories":[105],"tags":[],"seus":[],"eixos":[],"class_list":["post-4287","post","type-post","status-publish","format-standard","has-post-thumbnail","hentry","category-reportaje"],"acf":[],"yoast_head":"<!-- This site is optimized with the Yoast SEO plugin v27.4 - https:\/\/yoast.com\/product\/yoast-seo-wordpress\/ -->\n<title>Un gran verano para quien m\u00e1s lo necesita: \u00bfnos ayudas a hacerlo posible? - Casal dels Infants<\/title>\n<meta name=\"robots\" content=\"index, follow, max-snippet:-1, max-image-preview:large, max-video-preview:-1\" \/>\n<link rel=\"canonical\" href=\"https:\/\/www.casaldelsinfants.org\/es\/actualidad\/un-gran-verano-para-quien-mas-lo-necesita-nos-ayudas-hacerlo-posible\/\" \/>\n<meta property=\"og:locale\" content=\"es_ES\" \/>\n<meta property=\"og:type\" content=\"article\" \/>\n<meta property=\"og:title\" content=\"Un gran verano para quien m\u00e1s lo necesita: \u00bfnos ayudas a hacerlo posible? - Casal dels Infants\" \/>\n<meta property=\"og:description\" content=\"En el Casal dels Infants hemos empezado las actividades de verano, con las que garantizaremos espacios de ocio eduactivo gratuitos a 1.600 ni\u00f1os, ni\u00f1as, adolescentes y j\u00f3venes hasta el 27 de agosto. Este a\u00f1o hemos ampliado nuestra oferta de actividades con respecto a veranos anteriores, y para hacerlo posible hemos lanzado un llamado a la [&hellip;]\" \/>\n<meta property=\"og:url\" content=\"https:\/\/www.casaldelsinfants.org\/es\/actualidad\/un-gran-verano-para-quien-mas-lo-necesita-nos-ayudas-hacerlo-posible\/\" \/>\n<meta property=\"og:site_name\" content=\"Casal dels Infants\" \/>\n<meta property=\"article:publisher\" content=\"https:\/\/www.facebook.com\/casalinfants\" \/>\n<meta property=\"article:published_time\" content=\"2021-06-28T11:55:46+00:00\" \/>\n<meta property=\"article:modified_time\" content=\"2022-08-17T09:17:13+00:00\" \/>\n<meta property=\"og:image\" content=\"https:\/\/www.casaldelsinfants.org\/wp-content\/uploads\/casal_destiu_casal_dels_infants_7.jpg\" \/>\n\t<meta property=\"og:image:width\" content=\"735\" \/>\n\t<meta property=\"og:image:height\" content=\"482\" \/>\n\t<meta property=\"og:image:type\" content=\"image\/jpeg\" \/>\n<meta name=\"author\" content=\"cdiAdmin\" \/>\n<meta name=\"twitter:card\" content=\"summary_large_image\" \/>\n<meta name=\"twitter:creator\" content=\"@casalinfants\" \/>\n<meta name=\"twitter:site\" content=\"@casalinfants\" \/>\n<meta name=\"twitter:label1\" content=\"Escrito por\" \/>\n\t<meta name=\"twitter:data1\" content=\"cdiAdmin\" \/>\n\t<meta name=\"twitter:label2\" content=\"Tiempo de lectura\" \/>\n\t<meta name=\"twitter:data2\" content=\"5 minutos\" \/>\n<script type=\"application\/ld+json\" class=\"yoast-schema-graph\">{\"@context\":\"https:\\\/\\\/schema.org\",\"@graph\":[{\"@type\":\"Article\",\"@id\":\"https:\\\/\\\/www.casaldelsinfants.org\\\/es\\\/actualidad\\\/un-gran-verano-para-quien-mas-lo-necesita-nos-ayudas-hacerlo-posible\\\/#article\",\"isPartOf\":{\"@id\":\"https:\\\/\\\/www.casaldelsinfants.org\\\/es\\\/actualidad\\\/un-gran-verano-para-quien-mas-lo-necesita-nos-ayudas-hacerlo-posible\\\/\"},\"author\":{\"name\":\"cdiAdmin\",\"@id\":\"https:\\\/\\\/www.casaldelsinfants.org\\\/es\\\/#\\\/schema\\\/person\\\/97707fc8c64900cf36891127dbf9fba8\"},\"headline\":\"Un gran verano para quien m\u00e1s lo necesita: \u00bfnos ayudas a hacerlo posible?\",\"datePublished\":\"2021-06-28T11:55:46+00:00\",\"dateModified\":\"2022-08-17T09:17:13+00:00\",\"mainEntityOfPage\":{\"@id\":\"https:\\\/\\\/www.casaldelsinfants.org\\\/es\\\/actualidad\\\/un-gran-verano-para-quien-mas-lo-necesita-nos-ayudas-hacerlo-posible\\\/\"},\"wordCount\":984,\"commentCount\":0,\"publisher\":{\"@id\":\"https:\\\/\\\/www.casaldelsinfants.org\\\/es\\\/#organization\"},\"image\":{\"@id\":\"https:\\\/\\\/www.casaldelsinfants.org\\\/es\\\/actualidad\\\/un-gran-verano-para-quien-mas-lo-necesita-nos-ayudas-hacerlo-posible\\\/#primaryimage\"},\"thumbnailUrl\":\"https:\\\/\\\/www.casaldelsinfants.org\\\/wp-content\\\/uploads\\\/casal_destiu_casal_dels_infants_7.jpg\",\"articleSection\":[\"Reportaje\"],\"inLanguage\":\"es\",\"potentialAction\":[{\"@type\":\"CommentAction\",\"name\":\"Comment\",\"target\":[\"https:\\\/\\\/www.casaldelsinfants.org\\\/es\\\/actualidad\\\/un-gran-verano-para-quien-mas-lo-necesita-nos-ayudas-hacerlo-posible\\\/#respond\"]}]},{\"@type\":\"WebPage\",\"@id\":\"https:\\\/\\\/www.casaldelsinfants.org\\\/es\\\/actualidad\\\/un-gran-verano-para-quien-mas-lo-necesita-nos-ayudas-hacerlo-posible\\\/\",\"url\":\"https:\\\/\\\/www.casaldelsinfants.org\\\/es\\\/actualidad\\\/un-gran-verano-para-quien-mas-lo-necesita-nos-ayudas-hacerlo-posible\\\/\",\"name\":\"Un gran verano para quien m\u00e1s lo necesita: \u00bfnos ayudas a hacerlo posible? - Casal dels Infants\",\"isPartOf\":{\"@id\":\"https:\\\/\\\/www.casaldelsinfants.org\\\/es\\\/#website\"},\"primaryImageOfPage\":{\"@id\":\"https:\\\/\\\/www.casaldelsinfants.org\\\/es\\\/actualidad\\\/un-gran-verano-para-quien-mas-lo-necesita-nos-ayudas-hacerlo-posible\\\/#primaryimage\"},\"image\":{\"@id\":\"https:\\\/\\\/www.casaldelsinfants.org\\\/es\\\/actualidad\\\/un-gran-verano-para-quien-mas-lo-necesita-nos-ayudas-hacerlo-posible\\\/#primaryimage\"},\"thumbnailUrl\":\"https:\\\/\\\/www.casaldelsinfants.org\\\/wp-content\\\/uploads\\\/casal_destiu_casal_dels_infants_7.jpg\",\"datePublished\":\"2021-06-28T11:55:46+00:00\",\"dateModified\":\"2022-08-17T09:17:13+00:00\",\"breadcrumb\":{\"@id\":\"https:\\\/\\\/www.casaldelsinfants.org\\\/es\\\/actualidad\\\/un-gran-verano-para-quien-mas-lo-necesita-nos-ayudas-hacerlo-posible\\\/#breadcrumb\"},\"inLanguage\":\"es\",\"potentialAction\":[{\"@type\":\"ReadAction\",\"target\":[\"https:\\\/\\\/www.casaldelsinfants.org\\\/es\\\/actualidad\\\/un-gran-verano-para-quien-mas-lo-necesita-nos-ayudas-hacerlo-posible\\\/\"]}]},{\"@type\":\"ImageObject\",\"inLanguage\":\"es\",\"@id\":\"https:\\\/\\\/www.casaldelsinfants.org\\\/es\\\/actualidad\\\/un-gran-verano-para-quien-mas-lo-necesita-nos-ayudas-hacerlo-posible\\\/#primaryimage\",\"url\":\"https:\\\/\\\/www.casaldelsinfants.org\\\/wp-content\\\/uploads\\\/casal_destiu_casal_dels_infants_7.jpg\",\"contentUrl\":\"https:\\\/\\\/www.casaldelsinfants.org\\\/wp-content\\\/uploads\\\/casal_destiu_casal_dels_infants_7.jpg\",\"width\":735,\"height\":482,\"caption\":\"Campanya Estiu\"},{\"@type\":\"BreadcrumbList\",\"@id\":\"https:\\\/\\\/www.casaldelsinfants.org\\\/es\\\/actualidad\\\/un-gran-verano-para-quien-mas-lo-necesita-nos-ayudas-hacerlo-posible\\\/#breadcrumb\",\"itemListElement\":[{\"@type\":\"ListItem\",\"position\":1,\"name\":\"Inici\",\"item\":\"https:\\\/\\\/www.casaldelsinfants.org\\\/es\\\/\"},{\"@type\":\"ListItem\",\"position\":2,\"name\":\"Un gran verano para quien m\u00e1s lo necesita: \u00bfnos ayudas a hacerlo posible?\"}]},{\"@type\":\"WebSite\",\"@id\":\"https:\\\/\\\/www.casaldelsinfants.org\\\/es\\\/#website\",\"url\":\"https:\\\/\\\/www.casaldelsinfants.org\\\/es\\\/\",\"name\":\"Casal dels Infants\",\"description\":\"\",\"publisher\":{\"@id\":\"https:\\\/\\\/www.casaldelsinfants.org\\\/es\\\/#organization\"},\"potentialAction\":[{\"@type\":\"SearchAction\",\"target\":{\"@type\":\"EntryPoint\",\"urlTemplate\":\"https:\\\/\\\/www.casaldelsinfants.org\\\/es\\\/?s={search_term_string}\"},\"query-input\":{\"@type\":\"PropertyValueSpecification\",\"valueRequired\":true,\"valueName\":\"search_term_string\"}}],\"inLanguage\":\"es\"},{\"@type\":\"Organization\",\"@id\":\"https:\\\/\\\/www.casaldelsinfants.org\\\/es\\\/#organization\",\"name\":\"Casal dels Infants\",\"url\":\"https:\\\/\\\/www.casaldelsinfants.org\\\/es\\\/\",\"logo\":{\"@type\":\"ImageObject\",\"inLanguage\":\"es\",\"@id\":\"https:\\\/\\\/www.casaldelsinfants.org\\\/es\\\/#\\\/schema\\\/logo\\\/image\\\/\",\"url\":\"https:\\\/\\\/www.casaldelsinfants.org\\\/wp-content\\\/uploads\\\/logo-mail.png\",\"contentUrl\":\"https:\\\/\\\/www.casaldelsinfants.org\\\/wp-content\\\/uploads\\\/logo-mail.png\",\"width\":380,\"height\":158,\"caption\":\"Casal dels Infants\"},\"image\":{\"@id\":\"https:\\\/\\\/www.casaldelsinfants.org\\\/es\\\/#\\\/schema\\\/logo\\\/image\\\/\"},\"sameAs\":[\"https:\\\/\\\/www.facebook.com\\\/casalinfants\",\"https:\\\/\\\/x.com\\\/casalinfants\",\"https:\\\/\\\/www.youtube.com\\\/user\\\/CasaldelsInfants1\",\"https:\\\/\\\/www.instagram.com\\\/casalinfants\\\/\",\"https:\\\/\\\/www.linkedin.com\\\/company\\\/casaldelsinfants?trk=organization-update_share-update_actor-text\"]},{\"@type\":\"Person\",\"@id\":\"https:\\\/\\\/www.casaldelsinfants.org\\\/es\\\/#\\\/schema\\\/person\\\/97707fc8c64900cf36891127dbf9fba8\",\"name\":\"cdiAdmin\",\"sameAs\":[\"https:\\\/\\\/casaldelsinfants.org\"]}]}<\/script>\n<!-- \/ Yoast SEO plugin. -->","yoast_head_json":{"title":"Un gran verano para quien m\u00e1s lo necesita: \u00bfnos ayudas a hacerlo posible? - Casal dels Infants","robots":{"index":"index","follow":"follow","max-snippet":"max-snippet:-1","max-image-preview":"max-image-preview:large","max-video-preview":"max-video-preview:-1"},"canonical":"https:\/\/www.casaldelsinfants.org\/es\/actualidad\/un-gran-verano-para-quien-mas-lo-necesita-nos-ayudas-hacerlo-posible\/","og_locale":"es_ES","og_type":"article","og_title":"Un gran verano para quien m\u00e1s lo necesita: \u00bfnos ayudas a hacerlo posible? - Casal dels Infants","og_description":"En el Casal dels Infants hemos empezado las actividades de verano, con las que garantizaremos espacios de ocio eduactivo gratuitos a 1.600 ni\u00f1os, ni\u00f1as, adolescentes y j\u00f3venes hasta el 27 de agosto. Este a\u00f1o hemos ampliado nuestra oferta de actividades con respecto a veranos anteriores, y para hacerlo posible hemos lanzado un llamado a la [&hellip;]","og_url":"https:\/\/www.casaldelsinfants.org\/es\/actualidad\/un-gran-verano-para-quien-mas-lo-necesita-nos-ayudas-hacerlo-posible\/","og_site_name":"Casal dels Infants","article_publisher":"https:\/\/www.facebook.com\/casalinfants","article_published_time":"2021-06-28T11:55:46+00:00","article_modified_time":"2022-08-17T09:17:13+00:00","og_image":[{"width":735,"height":482,"url":"https:\/\/www.casaldelsinfants.org\/wp-content\/uploads\/casal_destiu_casal_dels_infants_7.jpg","type":"image\/jpeg"}],"author":"cdiAdmin","twitter_card":"summary_large_image","twitter_creator":"@casalinfants","twitter_site":"@casalinfants","twitter_misc":{"Escrito por":"cdiAdmin","Tiempo de lectura":"5 minutos"},"schema":{"@context":"https:\/\/schema.org","@graph":[{"@type":"Article","@id":"https:\/\/www.casaldelsinfants.org\/es\/actualidad\/un-gran-verano-para-quien-mas-lo-necesita-nos-ayudas-hacerlo-posible\/#article","isPartOf":{"@id":"https:\/\/www.casaldelsinfants.org\/es\/actualidad\/un-gran-verano-para-quien-mas-lo-necesita-nos-ayudas-hacerlo-posible\/"},"author":{"name":"cdiAdmin","@id":"https:\/\/www.casaldelsinfants.org\/es\/#\/schema\/person\/97707fc8c64900cf36891127dbf9fba8"},"headline":"Un gran verano para quien m\u00e1s lo necesita: \u00bfnos ayudas a hacerlo posible?","datePublished":"2021-06-28T11:55:46+00:00","dateModified":"2022-08-17T09:17:13+00:00","mainEntityOfPage":{"@id":"https:\/\/www.casaldelsinfants.org\/es\/actualidad\/un-gran-verano-para-quien-mas-lo-necesita-nos-ayudas-hacerlo-posible\/"},"wordCount":984,"commentCount":0,"publisher":{"@id":"https:\/\/www.casaldelsinfants.org\/es\/#organization"},"image":{"@id":"https:\/\/www.casaldelsinfants.org\/es\/actualidad\/un-gran-verano-para-quien-mas-lo-necesita-nos-ayudas-hacerlo-posible\/#primaryimage"},"thumbnailUrl":"https:\/\/www.casaldelsinfants.org\/wp-content\/uploads\/casal_destiu_casal_dels_infants_7.jpg","articleSection":["Reportaje"],"inLanguage":"es","potentialAction":[{"@type":"CommentAction","name":"Comment","target":["https:\/\/www.casaldelsinfants.org\/es\/actualidad\/un-gran-verano-para-quien-mas-lo-necesita-nos-ayudas-hacerlo-posible\/#respond"]}]},{"@type":"WebPage","@id":"https:\/\/www.casaldelsinfants.org\/es\/actualidad\/un-gran-verano-para-quien-mas-lo-necesita-nos-ayudas-hacerlo-posible\/","url":"https:\/\/www.casaldelsinfants.org\/es\/actualidad\/un-gran-verano-para-quien-mas-lo-necesita-nos-ayudas-hacerlo-posible\/","name":"Un gran verano para quien m\u00e1s lo necesita: \u00bfnos ayudas a hacerlo posible? - Casal dels Infants","isPartOf":{"@id":"https:\/\/www.casaldelsinfants.org\/es\/#website"},"primaryImageOfPage":{"@id":"https:\/\/www.casaldelsinfants.org\/es\/actualidad\/un-gran-verano-para-quien-mas-lo-necesita-nos-ayudas-hacerlo-posible\/#primaryimage"},"image":{"@id":"https:\/\/www.casaldelsinfants.org\/es\/actualidad\/un-gran-verano-para-quien-mas-lo-necesita-nos-ayudas-hacerlo-posible\/#primaryimage"},"thumbnailUrl":"https:\/\/www.casaldelsinfants.org\/wp-content\/uploads\/casal_destiu_casal_dels_infants_7.jpg","datePublished":"2021-06-28T11:55:46+00:00","dateModified":"2022-08-17T09:17:13+00:00","breadcrumb":{"@id":"https:\/\/www.casaldelsinfants.org\/es\/actualidad\/un-gran-verano-para-quien-mas-lo-necesita-nos-ayudas-hacerlo-posible\/#breadcrumb"},"inLanguage":"es","potentialAction":[{"@type":"ReadAction","target":["https:\/\/www.casaldelsinfants.org\/es\/actualidad\/un-gran-verano-para-quien-mas-lo-necesita-nos-ayudas-hacerlo-posible\/"]}]},{"@type":"ImageObject","inLanguage":"es","@id":"https:\/\/www.casaldelsinfants.org\/es\/actualidad\/un-gran-verano-para-quien-mas-lo-necesita-nos-ayudas-hacerlo-posible\/#primaryimage","url":"https:\/\/www.casaldelsinfants.org\/wp-content\/uploads\/casal_destiu_casal_dels_infants_7.jpg","contentUrl":"https:\/\/www.casaldelsinfants.org\/wp-content\/uploads\/casal_destiu_casal_dels_infants_7.jpg","width":735,"height":482,"caption":"Campanya Estiu"},{"@type":"BreadcrumbList","@id":"https:\/\/www.casaldelsinfants.org\/es\/actualidad\/un-gran-verano-para-quien-mas-lo-necesita-nos-ayudas-hacerlo-posible\/#breadcrumb","itemListElement":[{"@type":"ListItem","position":1,"name":"Inici","item":"https:\/\/www.casaldelsinfants.org\/es\/"},{"@type":"ListItem","position":2,"name":"Un gran verano para quien m\u00e1s lo necesita: \u00bfnos ayudas a hacerlo posible?"}]},{"@type":"WebSite","@id":"https:\/\/www.casaldelsinfants.org\/es\/#website","url":"https:\/\/www.casaldelsinfants.org\/es\/","name":"Casal dels Infants","description":"","publisher":{"@id":"https:\/\/www.casaldelsinfants.org\/es\/#organization"},"potentialAction":[{"@type":"SearchAction","target":{"@type":"EntryPoint","urlTemplate":"https:\/\/www.casaldelsinfants.org\/es\/?s={search_term_string}"},"query-input":{"@type":"PropertyValueSpecification","valueRequired":true,"valueName":"search_term_string"}}],"inLanguage":"es"},{"@type":"Organization","@id":"https:\/\/www.casaldelsinfants.org\/es\/#organization","name":"Casal dels Infants","url":"https:\/\/www.casaldelsinfants.org\/es\/","logo":{"@type":"ImageObject","inLanguage":"es","@id":"https:\/\/www.casaldelsinfants.org\/es\/#\/schema\/logo\/image\/","url":"https:\/\/www.casaldelsinfants.org\/wp-content\/uploads\/logo-mail.png","contentUrl":"https:\/\/www.casaldelsinfants.org\/wp-content\/uploads\/logo-mail.png","width":380,"height":158,"caption":"Casal dels Infants"},"image":{"@id":"https:\/\/www.casaldelsinfants.org\/es\/#\/schema\/logo\/image\/"},"sameAs":["https:\/\/www.facebook.com\/casalinfants","https:\/\/x.com\/casalinfants","https:\/\/www.youtube.com\/user\/CasaldelsInfants1","https:\/\/www.instagram.com\/casalinfants\/","https:\/\/www.linkedin.com\/company\/casaldelsinfants?trk=organization-update_share-update_actor-text"]},{"@type":"Person","@id":"https:\/\/www.casaldelsinfants.org\/es\/#\/schema\/person\/97707fc8c64900cf36891127dbf9fba8","name":"cdiAdmin","sameAs":["https:\/\/casaldelsinfants.org"]}]}},"publishpress_future_action":{"enabled":false,"date":"2026-05-07 13:08:06","action":"change-status","newStatus":"draft","terms":[],"taxonomy":"category","extraData":[]},"publishpress_future_workflow_manual_trigger":{"enabledWorkflows":[]},"_links":{"self":[{"href":"https:\/\/www.casaldelsinfants.org\/es\/wp-json\/wp\/v2\/posts\/4287","targetHints":{"allow":["GET"]}}],"collection":[{"href":"https:\/\/www.casaldelsinfants.org\/es\/wp-json\/wp\/v2\/posts"}],"about":[{"href":"https:\/\/www.casaldelsinfants.org\/es\/wp-json\/wp\/v2\/types\/post"}],"author":[{"embeddable":true,"href":"https:\/\/www.casaldelsinfants.org\/es\/wp-json\/wp\/v2\/users\/1"}],"replies":[{"embeddable":true,"href":"https:\/\/www.casaldelsinfants.org\/es\/wp-json\/wp\/v2\/comments?post=4287"}],"version-history":[{"count":1,"href":"https:\/\/www.casaldelsinfants.org\/es\/wp-json\/wp\/v2\/posts\/4287\/revisions"}],"predecessor-version":[{"id":6262,"href":"https:\/\/www.casaldelsinfants.org\/es\/wp-json\/wp\/v2\/posts\/4287\/revisions\/6262"}],"wp:featuredmedia":[{"embeddable":true,"href":"https:\/\/www.casaldelsinfants.org\/es\/wp-json\/wp\/v2\/media\/3063"}],"wp:attachment":[{"href":"https:\/\/www.casaldelsinfants.org\/es\/wp-json\/wp\/v2\/media?parent=4287"}],"wp:term":[{"taxonomy":"category","embeddable":true,"href":"https:\/\/www.casaldelsinfants.org\/es\/wp-json\/wp\/v2\/categories?post=4287"},{"taxonomy":"post_tag","embeddable":true,"href":"https:\/\/www.casaldelsinfants.org\/es\/wp-json\/wp\/v2\/tags?post=4287"},{"taxonomy":"seus","embeddable":true,"href":"https:\/\/www.casaldelsinfants.org\/es\/wp-json\/wp\/v2\/seus?post=4287"},{"taxonomy":"eixos","embeddable":true,"href":"https:\/\/www.casaldelsinfants.org\/es\/wp-json\/wp\/v2\/eixos?post=4287"}],"curies":[{"name":"wp","href":"https:\/\/api.w.org\/{rel}","templated":true}]}}